{"id":343123,"date":"2023-04-25T00:00:00","date_gmt":"2023-04-24T22:00:00","guid":{"rendered":"https:\/\/www.fiarebancaetica.coop\/inauguracion-de-la-planta-asomada-solar\/"},"modified":"2024-02-21T14:46:06","modified_gmt":"2024-02-21T13:46:06","slug":"inauguracion-de-la-planta-asomada-solar","status":"publish","type":"post","link":"https:\/\/www.fiarebancaetica.coop\/gl\/inauguracion-de-la-planta-asomada-solar\/","title":{"rendered":"Inauguraci\u00f3n de la planta Asomada Solar"},"content":{"rendered":"\n\n<div class=\"wp-block-bancaetica-blocks-blocks-block-49\">\n    <div class=\"container-block-49\">\n\n        <div class=\"header-section \">\n                            <h1 class=\"section-title\"> Etica e cooperativa <\/h1>\n                                            <\/div>\n\n        \n        <div class=\"block-background\" style=\"background-image: url('https:\/\/www.fiarebancaetica.coop\/app\/uploads\/sites\/2\/2023\/12\/inauguracion-de-planta-asomada-solar.jpg')\">\n                            <div class=\"tile\">\n                    <h1 class=\"image-title\"> Inauguraci\u00f3n de la planta Asomada Solar <\/h1>\n                <\/div>             <!-- end .tile -->\n            <div class=\"bottom-content\">\n                            <\/div> <!-- end .button-content -->\n        <\/div> <!-- end .block-background -->\n    <\/div> <!-- end .container -->\n<\/div> <!-- end wp-block-bancaetica-blocks-blocks-block-06 -->\n\n\n<div class=\"wrapper-crispybacon-class wrapper-crispybacon-class-boxed \">\n    <p>\n\t<a href=\"#ca\">Catal\u00e0<\/a><\/p>\n<p>\n\tAnte la situaci\u00f3n actual de cambio clim\u00e1tico, Som Energia es una de las entidades que apuesta claramente por un cambio de modelo energ\u00e9tico a trav\u00e9s de la comercializaci\u00f3n y producci\u00f3n de energ\u00eda verde.<\/p>\n<p>\n\tA principios de a\u00f1o <a href=\"https:\/\/blog.somenergia.coop\/som-energia\/generacion-renovable\/2023\/01\/la-planta-dasomada-solar-a-cartagena-murcia-ja-esta-en-funcionament\/#\">pusieron en funcionamiento<\/a> la planta fotovoltaica Asomada Solar, con una producci\u00f3n de energ\u00eda equivalente al uso anual de electricidad de cerca de 2.500 hogares (6.700 MWh\/a\u00f1o estimados). Esta planta, <strong>situada en Cartagena (Murcia)<\/strong>, se ha podido financiar gracias a la colaboraci\u00f3n de Fiare Banca Etica.<\/p>\n<p>\n\tPara celebrar la puesta en marcha de Asomada Solar,<strong> el pr\u00f3ximo s\u00e1bado 3 de junio<\/strong>, tenemos previsto realizar un acto de inauguraci\u00f3n y visita a la planta, que hemos organizado conjuntamente con Som Energia.<\/p>\n<p>\n\tSer\u00e1 un espacio para conocer t\u00e9cnicamente c\u00f3mo funciona la planta y qu\u00e9 aporta una instalaci\u00f3n de este tipo y tambi\u00e9n un momento de encuentro entre las bases sociales de estas dos entidades cooperativas que comparten una filosof\u00eda en com\u00fan en relaci\u00f3n con la gesti\u00f3n de la gobernanza y la construcci\u00f3n de ciudadan\u00eda activa. El programa provisional es el siguiente:<\/p>\n<h2>\n\tPrograma (provisional)<\/h2>\n<p>\n\t<strong>10.30h<\/strong> Punto de encuentro y desayuno<br \/>\n\t<strong>11.15h <\/strong>Salida hacia la planta solar<br \/>\n\t<strong>11.30h <\/strong>Bienvenida e inicio inauguraci\u00f3n<br \/>\n\t<strong>12.00h<\/strong> Visita guiada a la planta<br \/>\n\t<strong>13.00h<\/strong> Foto de familia y colocaci\u00f3n cartel<br \/>\n\t<strong>14.00h <\/strong>Almuerzo en restaurante de Cartagena<br \/>\n\t<strong>17.00h<\/strong> Paseo por el foro y teatro romano<br \/>\n\t<strong>18.30h<\/strong> Despedida y cierre<\/p>\n<p>\n\t<strong><a href=\"https:\/\/docs.google.com\/forms\/d\/1SCYro541-ZhqF-9cV0pNvn4M1pRy5FV_iTqGl8gCcw4\/edit?ts=6447cd39\">Inscr\u00edbete en la inauguraci\u00f3n de Asomada Solar<\/a><\/strong><\/p>\n<p>\n\tA medida que avancen las inscripciones iremos concretando m\u00e1s detalles de cada actividad. Las plazas para comer o visitar la planta son limitadas y hay tiempo para<strong> inscribirse hasta el pr\u00f3ximo 15 de mayo<\/strong>. \u00a1S\u00famate!<\/p>\n<p>\n\t<img decoding=\"async\" alt=\"\" src=\"http:\/\/www.fiarebancaetica.coop\/app\/uploads\/sites\/2\/2023\/12\/Portada-de-Facebook-marca-personal-chica-influencer-conferencia-verde-beige-marron.jpg\" style=\"width: 500px; height: 282px;\" \/><\/p>\n<h1>\n\t<a id=\"ca\" name=\"ca\"><\/a>Inauguraci\u00f3 de la planta Asomada Solar<\/h1>\n<p>\n\tDavant la situaci\u00f3 actual de canvi clim\u00e0tic, Som Energia \u00e9s una de les entitats que aposta clarament per una canvi de model energ\u00e8tic a trav\u00e9s de la comercialitzaci\u00f3 i producci\u00f3 d\u2019energia verda.<\/p>\n<p>\n\tA principis d\u2019any es&nbsp;<a href=\"https:\/\/blog.somenergia.coop\/som-energia\/generacion-renovable\/2023\/01\/la-planta-dasomada-solar-a-cartagena-murcia-ja-esta-en-funcionament\/\">va posar en funcionament<\/a> la planta fotovoltaica Asomada Solar, amb una producci\u00f3 d\u2019energia equivalent a l\u2019\u00fas anual d\u2019electricitat de prop de 2.500 llars (6.700 MWh\/any estimats). Aquesta planta, situada a Cartagena (Murcia), s\u2019ha pogut financiar gr\u00e0cies no nom\u00e9s a Som Energia, sin\u00f3 tamb\u00e9 a la col\u00b7laboraci\u00f3 amb el banc cooperatiu Fiare Banca \u00c8tica.<\/p>\n<p>\n\tPer celebrar la posada en marxa d\u2019Asomada Solar, <strong>el proper dissabte 3 de juny,<\/strong> celebrarem un acte d\u2019inauguraci\u00f3 i visita a la planta, que hem organitzat conjuntament entre Som Energia i Fiare Banca Etica. Ser\u00e0 un espai per con\u00e8ixer t\u00e8cnicament com funciona i qu\u00e8 aporta una instal\u00b7laci\u00f3 d\u2019aquest tipus i tamb\u00e9 un espai de trobada entre les bases socials d\u2019aquestes dues entitats cooperatives que comparteixen una filosofia en com\u00fa en la relaci\u00f3 a la gesti\u00f3 de la governan\u00e7a i la construcci\u00f3 de ciutadania activa.<\/p>\n<h2>\n\tEl programa provisional \u00e9s el seg\u00fcent:<\/h2>\n<p>\n\t<strong>10.30h<\/strong> Punt de trobada i esmorzar<br \/>\n\t<strong>11.15h<\/strong> Sortida cap a la planta solar<br \/>\n\t<strong>11.30h<\/strong> Benvinguda i inici inauguraci\u00f3<br \/>\n\t<strong>12.00h<\/strong> Visita guiada a la planta<br \/>\n\t<strong>13.00h <\/strong>Foto de fam\u00edlia i col\u00b7locaci\u00f3 cartell<br \/>\n\t<strong>14.00h<\/strong> Dinar a restaurant de Cartagena<br \/>\n\t<strong>17.00h <\/strong>Passeig pel f\u00f2rum i teatre rom\u00e0<br \/>\n\t<strong>18.30h <\/strong>Despedida i tancament<\/p>\n<p>\n\t<strong><a href=\"https:\/\/docs.google.com\/forms\/d\/1SCYro541-ZhqF-9cV0pNvn4M1pRy5FV_iTqGl8gCcw4\/edit?ts=6447cd39\">Inscriu-te a la inauguraci\u00f3 d\u2019Asomada Solar<\/a><\/strong><\/p>\n<p>\n\tA mesura que avancin les inscripcions concretarem m\u00e9s detalls de cada activitat. Les places per dinar o per visitar la planta s\u00f3n limitades i hi ha temps per<strong> inscriure\u2019s fins al proper 15 de maig.<\/strong><\/p>\n<\/div>","protected":false},"excerpt":{"rendered":"<p>\n\tAnte la situaci\u00f3n actual de cambio clim\u00e1tico Som Energia es una de las entidades que apuesta claramente por un cambio de modelo energ\u00e9tico a trav\u00e9s de la comercializaci\u00f3n y producci\u00f3n de energ\u00eda verde.<\/p>\n","protected":false},"author":2,"featured_media":330426,"comment_status":"open","ping_status":"closed","sticky":false,"template":"","format":"standard","meta":{"_acf_changed":false,"footnotes":""},"categories":[11664],"tags":[],"coauthors":[],"class_list":["post-343123","post","type-post","status-publish","format-standard","has-post-thumbnail","hentry","category-historias-de-impacto-positivo"],"acf":[],"yoast_head":"<!-- This site is optimized with the Yoast SEO plugin v26.9 - https:\/\/yoast.com\/product\/yoast-seo-wordpress\/ -->\n<title>Inauguraci\u00f3n de la planta Asomada Solar - Fiare Banca Etica<\/title>\n<meta name=\"robots\" content=\"index, follow, max-snippet:-1, max-image-preview:large, max-video-preview:-1\" \/>\n<link rel=\"canonical\" href=\"https:\/\/www.fiarebancaetica.coop\/gl\/inauguracion-de-la-planta-asomada-solar\/\" \/>\n<meta property=\"og:locale\" content=\"gl_ES\" \/>\n<meta property=\"og:type\" content=\"article\" \/>\n<meta property=\"og:title\" content=\"Inauguraci\u00f3n de la planta Asomada Solar - Fiare Banca Etica\" \/>\n<meta property=\"og:description\" content=\"Ante la situaci\u00f3n actual de cambio clim\u00e1tico Som Energia es una de las entidades que apuesta claramente por un cambio de modelo energ\u00e9tico a trav\u00e9s de la comercializaci\u00f3n y producci\u00f3n de energ\u00eda verde.\" \/>\n<meta property=\"og:url\" content=\"https:\/\/www.fiarebancaetica.coop\/gl\/inauguracion-de-la-planta-asomada-solar\/\" \/>\n<meta property=\"og:site_name\" content=\"Fiare Banca Etica\" \/>\n<meta property=\"article:published_time\" content=\"2023-04-24T22:00:00+00:00\" \/>\n<meta property=\"article:modified_time\" content=\"2024-02-21T13:46:06+00:00\" \/>\n<meta property=\"og:image\" content=\"https:\/\/www.fiarebancaetica.coop\/app\/uploads\/sites\/2\/2023\/12\/inauguracion-de-planta-asomada-solar.jpg\" \/>\n\t<meta property=\"og:image:width\" content=\"540\" \/>\n\t<meta property=\"og:image:height\" content=\"240\" \/>\n\t<meta property=\"og:image:type\" content=\"image\/jpeg\" \/>\n<meta name=\"author\" content=\"crispyadmin0\" \/>\n<meta name=\"twitter:card\" content=\"summary_large_image\" \/>\n<script type=\"application\/ld+json\" class=\"yoast-schema-graph\">{\"@context\":\"https:\/\/schema.org\",\"@graph\":[{\"@type\":\"Article\",\"@id\":\"https:\/\/www.fiarebancaetica.coop\/gl\/inauguracion-de-la-planta-asomada-solar\/#article\",\"isPartOf\":{\"@id\":\"https:\/\/www.fiarebancaetica.coop\/gl\/inauguracion-de-la-planta-asomada-solar\/\"},\"author\":{\"name\":\"crispyadmin0\",\"@id\":\"https:\/\/www.fiarebancaetica.coop\/gl\/#\/schema\/person\/579841e89c804b5db05d9141bd9b8272\"},\"headline\":\"Inauguraci\u00f3n de la planta Asomada Solar\",\"datePublished\":\"2023-04-24T22:00:00+00:00\",\"dateModified\":\"2024-02-21T13:46:06+00:00\",\"mainEntityOfPage\":{\"@id\":\"https:\/\/www.fiarebancaetica.coop\/gl\/inauguracion-de-la-planta-asomada-solar\/\"},\"wordCount\":604,\"commentCount\":0,\"image\":{\"@id\":\"https:\/\/www.fiarebancaetica.coop\/gl\/inauguracion-de-la-planta-asomada-solar\/#primaryimage\"},\"thumbnailUrl\":\"https:\/\/www.fiarebancaetica.coop\/app\/uploads\/sites\/2\/2023\/12\/inauguracion-de-planta-asomada-solar.jpg\",\"articleSection\":[\"Historias de impacto positivo\"],\"inLanguage\":\"gl-ES\",\"potentialAction\":[{\"@type\":\"CommentAction\",\"name\":\"Comment\",\"target\":[\"https:\/\/www.fiarebancaetica.coop\/gl\/inauguracion-de-la-planta-asomada-solar\/#respond\"]}]},{\"@type\":\"WebPage\",\"@id\":\"https:\/\/www.fiarebancaetica.coop\/gl\/inauguracion-de-la-planta-asomada-solar\/\",\"url\":\"https:\/\/www.fiarebancaetica.coop\/gl\/inauguracion-de-la-planta-asomada-solar\/\",\"name\":\"Inauguraci\u00f3n de la planta Asomada Solar - Fiare Banca Etica\",\"isPartOf\":{\"@id\":\"https:\/\/www.fiarebancaetica.coop\/gl\/#website\"},\"primaryImageOfPage\":{\"@id\":\"https:\/\/www.fiarebancaetica.coop\/gl\/inauguracion-de-la-planta-asomada-solar\/#primaryimage\"},\"image\":{\"@id\":\"https:\/\/www.fiarebancaetica.coop\/gl\/inauguracion-de-la-planta-asomada-solar\/#primaryimage\"},\"thumbnailUrl\":\"https:\/\/www.fiarebancaetica.coop\/app\/uploads\/sites\/2\/2023\/12\/inauguracion-de-planta-asomada-solar.jpg\",\"datePublished\":\"2023-04-24T22:00:00+00:00\",\"dateModified\":\"2024-02-21T13:46:06+00:00\",\"author\":{\"@id\":\"https:\/\/www.fiarebancaetica.coop\/gl\/#\/schema\/person\/579841e89c804b5db05d9141bd9b8272\"},\"breadcrumb\":{\"@id\":\"https:\/\/www.fiarebancaetica.coop\/gl\/inauguracion-de-la-planta-asomada-solar\/#breadcrumb\"},\"inLanguage\":\"gl-ES\",\"potentialAction\":[{\"@type\":\"ReadAction\",\"target\":[\"https:\/\/www.fiarebancaetica.coop\/gl\/inauguracion-de-la-planta-asomada-solar\/\"]}]},{\"@type\":\"ImageObject\",\"inLanguage\":\"gl-ES\",\"@id\":\"https:\/\/www.fiarebancaetica.coop\/gl\/inauguracion-de-la-planta-asomada-solar\/#primaryimage\",\"url\":\"https:\/\/www.fiarebancaetica.coop\/app\/uploads\/sites\/2\/2023\/12\/inauguracion-de-planta-asomada-solar.jpg\",\"contentUrl\":\"https:\/\/www.fiarebancaetica.coop\/app\/uploads\/sites\/2\/2023\/12\/inauguracion-de-planta-asomada-solar.jpg\",\"width\":540,\"height\":240},{\"@type\":\"BreadcrumbList\",\"@id\":\"https:\/\/www.fiarebancaetica.coop\/gl\/inauguracion-de-la-planta-asomada-solar\/#breadcrumb\",\"itemListElement\":[{\"@type\":\"ListItem\",\"position\":1,\"name\":\"Home\",\"item\":\"https:\/\/www.fiarebancaetica.coop\/gl\/\"},{\"@type\":\"ListItem\",\"position\":2,\"name\":\"Inauguraci\u00f3n de la planta Asomada Solar\"}]},{\"@type\":\"WebSite\",\"@id\":\"https:\/\/www.fiarebancaetica.coop\/gl\/#website\",\"url\":\"https:\/\/www.fiarebancaetica.coop\/gl\/\",\"name\":\"Fiare Banca Etica\",\"description\":\"\",\"potentialAction\":[{\"@type\":\"SearchAction\",\"target\":{\"@type\":\"EntryPoint\",\"urlTemplate\":\"https:\/\/www.fiarebancaetica.coop\/gl\/?s={search_term_string}\"},\"query-input\":{\"@type\":\"PropertyValueSpecification\",\"valueRequired\":true,\"valueName\":\"search_term_string\"}}],\"inLanguage\":\"gl-ES\"},{\"@type\":\"Person\",\"@id\":\"https:\/\/www.fiarebancaetica.coop\/gl\/#\/schema\/person\/579841e89c804b5db05d9141bd9b8272\",\"name\":\"crispyadmin0\",\"image\":{\"@type\":\"ImageObject\",\"inLanguage\":\"gl-ES\",\"@id\":\"https:\/\/www.fiarebancaetica.coop\/gl\/#\/schema\/person\/image\/5f3a6b7786f32f4c35bd2b1a5a4698ea\",\"url\":\"https:\/\/secure.gravatar.com\/avatar\/4d2cfb499d497b6d49da659fab7404b243a87fe8e40d2cf97a1cae48f677f5b2?s=96&d=mm&r=g\",\"contentUrl\":\"https:\/\/secure.gravatar.com\/avatar\/4d2cfb499d497b6d49da659fab7404b243a87fe8e40d2cf97a1cae48f677f5b2?s=96&d=mm&r=g\",\"caption\":\"crispyadmin0\"},\"sameAs\":[\"crispyadmin0\"]}]}<\/script>\n<!-- \/ Yoast SEO plugin. -->","yoast_head_json":{"title":"Inauguraci\u00f3n de la planta Asomada Solar - Fiare Banca Etica","robots":{"index":"index","follow":"follow","max-snippet":"max-snippet:-1","max-image-preview":"max-image-preview:large","max-video-preview":"max-video-preview:-1"},"canonical":"https:\/\/www.fiarebancaetica.coop\/gl\/inauguracion-de-la-planta-asomada-solar\/","og_locale":"gl_ES","og_type":"article","og_title":"Inauguraci\u00f3n de la planta Asomada Solar - Fiare Banca Etica","og_description":"Ante la situaci\u00f3n actual de cambio clim\u00e1tico Som Energia es una de las entidades que apuesta claramente por un cambio de modelo energ\u00e9tico a trav\u00e9s de la comercializaci\u00f3n y producci\u00f3n de energ\u00eda verde.","og_url":"https:\/\/www.fiarebancaetica.coop\/gl\/inauguracion-de-la-planta-asomada-solar\/","og_site_name":"Fiare Banca Etica","article_published_time":"2023-04-24T22:00:00+00:00","article_modified_time":"2024-02-21T13:46:06+00:00","og_image":[{"width":540,"height":240,"url":"https:\/\/www.fiarebancaetica.coop\/app\/uploads\/sites\/2\/2023\/12\/inauguracion-de-planta-asomada-solar.jpg","type":"image\/jpeg"}],"author":"crispyadmin0","twitter_card":"summary_large_image","schema":{"@context":"https:\/\/schema.org","@graph":[{"@type":"Article","@id":"https:\/\/www.fiarebancaetica.coop\/gl\/inauguracion-de-la-planta-asomada-solar\/#article","isPartOf":{"@id":"https:\/\/www.fiarebancaetica.coop\/gl\/inauguracion-de-la-planta-asomada-solar\/"},"author":{"name":"crispyadmin0","@id":"https:\/\/www.fiarebancaetica.coop\/gl\/#\/schema\/person\/579841e89c804b5db05d9141bd9b8272"},"headline":"Inauguraci\u00f3n de la planta Asomada Solar","datePublished":"2023-04-24T22:00:00+00:00","dateModified":"2024-02-21T13:46:06+00:00","mainEntityOfPage":{"@id":"https:\/\/www.fiarebancaetica.coop\/gl\/inauguracion-de-la-planta-asomada-solar\/"},"wordCount":604,"commentCount":0,"image":{"@id":"https:\/\/www.fiarebancaetica.coop\/gl\/inauguracion-de-la-planta-asomada-solar\/#primaryimage"},"thumbnailUrl":"https:\/\/www.fiarebancaetica.coop\/app\/uploads\/sites\/2\/2023\/12\/inauguracion-de-planta-asomada-solar.jpg","articleSection":["Historias de impacto positivo"],"inLanguage":"gl-ES","potentialAction":[{"@type":"CommentAction","name":"Comment","target":["https:\/\/www.fiarebancaetica.coop\/gl\/inauguracion-de-la-planta-asomada-solar\/#respond"]}]},{"@type":"WebPage","@id":"https:\/\/www.fiarebancaetica.coop\/gl\/inauguracion-de-la-planta-asomada-solar\/","url":"https:\/\/www.fiarebancaetica.coop\/gl\/inauguracion-de-la-planta-asomada-solar\/","name":"Inauguraci\u00f3n de la planta Asomada Solar - Fiare Banca Etica","isPartOf":{"@id":"https:\/\/www.fiarebancaetica.coop\/gl\/#website"},"primaryImageOfPage":{"@id":"https:\/\/www.fiarebancaetica.coop\/gl\/inauguracion-de-la-planta-asomada-solar\/#primaryimage"},"image":{"@id":"https:\/\/www.fiarebancaetica.coop\/gl\/inauguracion-de-la-planta-asomada-solar\/#primaryimage"},"thumbnailUrl":"https:\/\/www.fiarebancaetica.coop\/app\/uploads\/sites\/2\/2023\/12\/inauguracion-de-planta-asomada-solar.jpg","datePublished":"2023-04-24T22:00:00+00:00","dateModified":"2024-02-21T13:46:06+00:00","author":{"@id":"https:\/\/www.fiarebancaetica.coop\/gl\/#\/schema\/person\/579841e89c804b5db05d9141bd9b8272"},"breadcrumb":{"@id":"https:\/\/www.fiarebancaetica.coop\/gl\/inauguracion-de-la-planta-asomada-solar\/#breadcrumb"},"inLanguage":"gl-ES","potentialAction":[{"@type":"ReadAction","target":["https:\/\/www.fiarebancaetica.coop\/gl\/inauguracion-de-la-planta-asomada-solar\/"]}]},{"@type":"ImageObject","inLanguage":"gl-ES","@id":"https:\/\/www.fiarebancaetica.coop\/gl\/inauguracion-de-la-planta-asomada-solar\/#primaryimage","url":"https:\/\/www.fiarebancaetica.coop\/app\/uploads\/sites\/2\/2023\/12\/inauguracion-de-planta-asomada-solar.jpg","contentUrl":"https:\/\/www.fiarebancaetica.coop\/app\/uploads\/sites\/2\/2023\/12\/inauguracion-de-planta-asomada-solar.jpg","width":540,"height":240},{"@type":"BreadcrumbList","@id":"https:\/\/www.fiarebancaetica.coop\/gl\/inauguracion-de-la-planta-asomada-solar\/#breadcrumb","itemListElement":[{"@type":"ListItem","position":1,"name":"Home","item":"https:\/\/www.fiarebancaetica.coop\/gl\/"},{"@type":"ListItem","position":2,"name":"Inauguraci\u00f3n de la planta Asomada Solar"}]},{"@type":"WebSite","@id":"https:\/\/www.fiarebancaetica.coop\/gl\/#website","url":"https:\/\/www.fiarebancaetica.coop\/gl\/","name":"Fiare Banca Etica","description":"","potentialAction":[{"@type":"SearchAction","target":{"@type":"EntryPoint","urlTemplate":"https:\/\/www.fiarebancaetica.coop\/gl\/?s={search_term_string}"},"query-input":{"@type":"PropertyValueSpecification","valueRequired":true,"valueName":"search_term_string"}}],"inLanguage":"gl-ES"},{"@type":"Person","@id":"https:\/\/www.fiarebancaetica.coop\/gl\/#\/schema\/person\/579841e89c804b5db05d9141bd9b8272","name":"crispyadmin0","image":{"@type":"ImageObject","inLanguage":"gl-ES","@id":"https:\/\/www.fiarebancaetica.coop\/gl\/#\/schema\/person\/image\/5f3a6b7786f32f4c35bd2b1a5a4698ea","url":"https:\/\/secure.gravatar.com\/avatar\/4d2cfb499d497b6d49da659fab7404b243a87fe8e40d2cf97a1cae48f677f5b2?s=96&d=mm&r=g","contentUrl":"https:\/\/secure.gravatar.com\/avatar\/4d2cfb499d497b6d49da659fab7404b243a87fe8e40d2cf97a1cae48f677f5b2?s=96&d=mm&r=g","caption":"crispyadmin0"},"sameAs":["crispyadmin0"]}]}},"_links":{"self":[{"href":"https:\/\/www.fiarebancaetica.coop\/gl\/wp-json\/wp\/v2\/posts\/343123","targetHints":{"allow":["GET"]}}],"collection":[{"href":"https:\/\/www.fiarebancaetica.coop\/gl\/wp-json\/wp\/v2\/posts"}],"about":[{"href":"https:\/\/www.fiarebancaetica.coop\/gl\/wp-json\/wp\/v2\/types\/post"}],"author":[{"embeddable":true,"href":"https:\/\/www.fiarebancaetica.coop\/gl\/wp-json\/wp\/v2\/users\/2"}],"replies":[{"embeddable":true,"href":"https:\/\/www.fiarebancaetica.coop\/gl\/wp-json\/wp\/v2\/comments?post=343123"}],"version-history":[{"count":1,"href":"https:\/\/www.fiarebancaetica.coop\/gl\/wp-json\/wp\/v2\/posts\/343123\/revisions"}],"predecessor-version":[{"id":355416,"href":"https:\/\/www.fiarebancaetica.coop\/gl\/wp-json\/wp\/v2\/posts\/343123\/revisions\/355416"}],"wp:featuredmedia":[{"embeddable":true,"href":"https:\/\/www.fiarebancaetica.coop\/gl\/wp-json\/wp\/v2\/media\/330426"}],"wp:attachment":[{"href":"https:\/\/www.fiarebancaetica.coop\/gl\/wp-json\/wp\/v2\/media?parent=343123"}],"wp:term":[{"taxonomy":"category","embeddable":true,"href":"https:\/\/www.fiarebancaetica.coop\/gl\/wp-json\/wp\/v2\/categories?post=343123"},{"taxonomy":"post_tag","embeddable":true,"href":"https:\/\/www.fiarebancaetica.coop\/gl\/wp-json\/wp\/v2\/tags?post=343123"},{"taxonomy":"author","embeddable":true,"href":"https:\/\/www.fiarebancaetica.coop\/gl\/wp-json\/wp\/v2\/coauthors?post=343123"}],"curies":[{"name":"wp","href":"https:\/\/api.w.org\/{rel}","templated":true}]}}