{"id":343168,"date":"2023-04-12T00:00:00","date_gmt":"2023-04-11T22:00:00","guid":{"rendered":"https:\/\/www.fiarebancaetica.coop\/asamblea-2023-en-sevilla\/"},"modified":"2024-02-21T14:48:37","modified_gmt":"2024-02-21T13:48:37","slug":"asamblea-2023-en-sevilla","status":"publish","type":"post","link":"https:\/\/www.fiarebancaetica.coop\/gl\/asamblea-2023-en-sevilla\/","title":{"rendered":"Asamblea 2023 en Sevilla"},"content":{"rendered":"\n\n<div class=\"wp-block-bancaetica-blocks-blocks-block-49\">\n    <div class=\"container-block-49\">\n\n        <div class=\"header-section \">\n                            <h1 class=\"section-title\"> Etica e cooperativa <\/h1>\n                                            <\/div>\n\n        \n        <div class=\"block-background\" style=\"background-image: url('https:\/\/www.fiarebancaetica.coop\/app\/uploads\/sites\/2\/2023\/12\/asamblea-2023-en-sevilla.jpg')\">\n                            <div class=\"tile\">\n                    <h1 class=\"image-title\"> Asamblea 2023 en Sevilla <\/h1>\n                <\/div>             <!-- end .tile -->\n            <div class=\"bottom-content\">\n                            <\/div> <!-- end .button-content -->\n        <\/div> <!-- end .block-background -->\n    <\/div> <!-- end .container -->\n<\/div> <!-- end wp-block-bancaetica-blocks-blocks-block-06 -->\n\n\n<div class=\"wrapper-crispybacon-class wrapper-crispybacon-class-boxed \">\n    <p>\n\t<br \/>\n\tQueda bien poco para la Asamblea de este a\u00f1o, que se celebrar\u00e1 en<strong> formato online <\/strong>y presencialmente en <strong>Sevilla y Brescia<\/strong>. En esta edici\u00f3n participar\u00e1 la presidenta directamente desde nuestra sede de Sevilla.<br \/>\n\tPara esta ocasi\u00f3n hemos preparado un <strong>programa intenso<\/strong> donde podr\u00e1s conocer de cerca los detalles de funcionamiento del banco, a muchas personas socias, participar en din\u00e1micas grupales, visitar proyectos financiados y conocer la bonita ciudad de Sevilla.<br \/>\n\t<br \/>\n\tTe adelantamos un resumen sobre la<strong> agenda <\/strong>preparada en el entorno de la asamblea en Sevilla:<\/p>\n<p>\n\t<strong>Viernes 19 de mayo:<\/strong><\/p>\n<ul>\n\t<li>\n\t\t18:30h &#8211; Conferencia de Juan Torres- catedr\u00e1tico de Econom\u00eda de la Universidad de Sevilla.<\/li>\n<\/ul>\n<p>\n\t<strong>S\u00e1bado 20 de mayo:<\/strong><\/p>\n<ul>\n\t<li>\n\t\t10:00h- Asamblea de Personas Socias (registro desde las 9h). De 13:00h a 14:30h din\u00e1micas participativas y comida.<\/li>\n\t<li>\n\t\t18h- visita Bioalverde (proyecto financiado).<\/li>\n\t<li>\n\t\t22h- visita cultural a los Alc\u00e1zares reales de Sevilla.<\/li>\n<\/ul>\n<p>\n\t<strong>Domingo 21 de mayo:<\/strong><\/p>\n<ul>\n\t<li>\n\t\t11h- visita cultural por Sevilla<\/li>\n<\/ul>\n<p>\n\tPara facilitar la organizaci\u00f3n y la log\u00edstica en relaci\u00f3n a la participaci\u00f3n en la asamblea de manera presencial, hay que <a href=\"https:\/\/docs.google.com\/forms\/d\/e\/1FAIpQLSfmqwFAdwTv4VaHg0tWvLlO--pAcraUa27l2r3T5PbGef9vDQ\/closedform\">rellenar este formulario de asistencia<\/a>, antes del 30 de abril. Posteriormente ponte en contacto con <a href=\"mailto:agasch@fiarebancaetica.coop\">agasch@fiarebancaetica.coop<\/a><br \/>\n\tPara quien no pueda asistir a la asamblea de manera presencial, tambi\u00e9n estar\u00e1 la opci\u00f3n en streaming para el seguimiento de esta. Informaremos pr\u00f3ximamente v\u00eda correo electr\u00f3nico.<br \/>\n\t\u00a1Te esperamos!<\/p>\n<p>\n\t<br \/>\n\t<a href=\"https:\/\/www.fiarebancaetica.coop\/sites\/fiarebancaetica.com\/files\/documenti\/programa-asamblea-2023.pdf\"><strong>Desc\u00e1rgate el programa<\/strong><\/a><\/p>\n<p>\n\t<strong><img decoding=\"async\" alt=\"\" src=\"http:\/\/www.fiarebancaetica.coop\/app\/uploads\/sites\/2\/2023\/12\/programa-asamblea-scaled.jpg\" style=\"width: 500px;\" \/><\/strong><\/p>\n<h2>\n\tPr\u00f3ximos encuentros online. \u00a1Res\u00e9rvate la fecha!<\/h2>\n<p>\n\t26\/4\/23 &#8211; Presentaci\u00f3n y debate con las personas candidatas al Comit\u00e9 \u00c9tico, a las 17h30h.<\/p>\n<p>\n\t11\/05\/23 &#8211; Presentaci\u00f3n del Balance 2022, a las 18h30h. Las personas socias recibir\u00e1n un email con los datos para su conexi\u00f3n.&nbsp;<\/p>\n<p>\n\t&nbsp;<\/p>\n<h2>\n\tPasos hacia la asamblea<\/h2>\n<p>\n\tEn la <a href=\"https:\/\/partecipazione.bancaetica.it\/es\/meetings\/30\/\">web de participaci\u00f3n<\/a> ya puedes consultar toda la informaci\u00f3n y documentos de la asamblea y tambi\u00e9n las instrucciones para participar en las modalidades posibles:<\/p>\n<ol>\n\t<li>\n\t\t<strong>En persona &#8211; <\/strong>en Sevilla o Brescia<\/li>\n\t<li>\n\t\t<strong>A distancia <\/strong>&#8211; online &#8211; con registro previo obligatorio<\/li>\n\t<li>\n\t\tMediante <strong>delegaci\u00f3n de voto.<\/strong><\/li>\n<\/ol>\n<p>\n\tPara m\u00e1s informaci\u00f3n ponte en contacto con tu <a href=\"https:\/\/www.fiarebancaetica.coop\/git\">GIT de referencia<\/a><\/p>\n<h2>\n\tImpacto cero<\/h2>\n<p>\n\tSe pone en marcha el proyecto \u00b7Asamblea de impacto cero\u201d con el que Banca Etica quiere iniciar su camino hacia la neutralidad clim\u00e1tica, partiendo del momento m\u00e1s importante de su vida asociativa: la asamblea de personas socias.<br \/>\n\t<a href=\"https:\/\/partecipazione.bancaetica.it\/es\/blog\/hacia-una-asamblea-de-impacto-cero\/\">Descubre m\u00e1s aqu\u00ed<\/a><\/p>\n<h2>\n\tDescuento renfe<\/h2>\n<p>\n\tPara promover los viajes en tren hemos conseguido un descuento del 5% con RENFE. Aqu\u00ed encontrar\u00e9is el <a href=\"https:\/\/www.fiarebancaetica.coop\/sites\/fiarebancaetica.com\/files\/documenti\/hoja-autorizacion-renfe.pdf\">documento para conseguirlo<\/a>.<br \/>\n\t&nbsp;<\/p>\n<\/div>","protected":false},"excerpt":{"rendered":"<p>\n\tQueda bien poco para la Asamblea de este a\u00f1o, que se celebrar\u00e1 en formato online y presencialmente en Sevilla y Brescia.<\/p>\n","protected":false},"author":2,"featured_media":330408,"comment_status":"open","ping_status":"closed","sticky":false,"template":"","format":"standard","meta":{"_acf_changed":false,"footnotes":""},"categories":[11645],"tags":[],"coauthors":[],"class_list":["post-343168","post","type-post","status-publish","format-standard","has-post-thumbnail","hentry","category-finanzas-eticas"],"acf":[],"yoast_head":"<!-- This site is optimized with the Yoast SEO plugin v26.9 - https:\/\/yoast.com\/product\/yoast-seo-wordpress\/ -->\n<title>Asamblea 2023 en Sevilla - Fiare Banca Etica<\/title>\n<meta name=\"robots\" content=\"index, follow, max-snippet:-1, max-image-preview:large, max-video-preview:-1\" \/>\n<link rel=\"canonical\" href=\"https:\/\/www.fiarebancaetica.coop\/gl\/asamblea-2023-en-sevilla\/\" \/>\n<meta property=\"og:locale\" content=\"gl_ES\" \/>\n<meta property=\"og:type\" content=\"article\" \/>\n<meta property=\"og:title\" content=\"Asamblea 2023 en Sevilla - Fiare Banca Etica\" \/>\n<meta property=\"og:description\" content=\"Queda bien poco para la Asamblea de este a\u00f1o, que se celebrar\u00e1 en formato online y presencialmente en Sevilla y Brescia.\" \/>\n<meta property=\"og:url\" content=\"https:\/\/www.fiarebancaetica.coop\/gl\/asamblea-2023-en-sevilla\/\" \/>\n<meta property=\"og:site_name\" content=\"Fiare Banca Etica\" \/>\n<meta property=\"article:published_time\" content=\"2023-04-11T22:00:00+00:00\" \/>\n<meta property=\"article:modified_time\" content=\"2024-02-21T13:48:37+00:00\" \/>\n<meta property=\"og:image\" content=\"https:\/\/www.fiarebancaetica.coop\/app\/uploads\/sites\/2\/2023\/12\/asamblea-2023-en-sevilla.jpg\" \/>\n\t<meta property=\"og:image:width\" content=\"600\" \/>\n\t<meta property=\"og:image:height\" content=\"300\" \/>\n\t<meta property=\"og:image:type\" content=\"image\/jpeg\" \/>\n<meta name=\"author\" content=\"crispyadmin0\" \/>\n<meta name=\"twitter:card\" content=\"summary_large_image\" \/>\n<script type=\"application\/ld+json\" class=\"yoast-schema-graph\">{\"@context\":\"https:\/\/schema.org\",\"@graph\":[{\"@type\":\"Article\",\"@id\":\"https:\/\/www.fiarebancaetica.coop\/gl\/asamblea-2023-en-sevilla\/#article\",\"isPartOf\":{\"@id\":\"https:\/\/www.fiarebancaetica.coop\/gl\/asamblea-2023-en-sevilla\/\"},\"author\":{\"name\":\"crispyadmin0\",\"@id\":\"https:\/\/www.fiarebancaetica.coop\/gl\/#\/schema\/person\/579841e89c804b5db05d9141bd9b8272\"},\"headline\":\"Asamblea 2023 en Sevilla\",\"datePublished\":\"2023-04-11T22:00:00+00:00\",\"dateModified\":\"2024-02-21T13:48:37+00:00\",\"mainEntityOfPage\":{\"@id\":\"https:\/\/www.fiarebancaetica.coop\/gl\/asamblea-2023-en-sevilla\/\"},\"wordCount\":421,\"commentCount\":0,\"image\":{\"@id\":\"https:\/\/www.fiarebancaetica.coop\/gl\/asamblea-2023-en-sevilla\/#primaryimage\"},\"thumbnailUrl\":\"https:\/\/www.fiarebancaetica.coop\/app\/uploads\/sites\/2\/2023\/12\/asamblea-2023-en-sevilla.jpg\",\"articleSection\":[\"Finanzas \u00c9ticas\"],\"inLanguage\":\"gl-ES\",\"potentialAction\":[{\"@type\":\"CommentAction\",\"name\":\"Comment\",\"target\":[\"https:\/\/www.fiarebancaetica.coop\/gl\/asamblea-2023-en-sevilla\/#respond\"]}]},{\"@type\":\"WebPage\",\"@id\":\"https:\/\/www.fiarebancaetica.coop\/gl\/asamblea-2023-en-sevilla\/\",\"url\":\"https:\/\/www.fiarebancaetica.coop\/gl\/asamblea-2023-en-sevilla\/\",\"name\":\"Asamblea 2023 en Sevilla - Fiare Banca Etica\",\"isPartOf\":{\"@id\":\"https:\/\/www.fiarebancaetica.coop\/gl\/#website\"},\"primaryImageOfPage\":{\"@id\":\"https:\/\/www.fiarebancaetica.coop\/gl\/asamblea-2023-en-sevilla\/#primaryimage\"},\"image\":{\"@id\":\"https:\/\/www.fiarebancaetica.coop\/gl\/asamblea-2023-en-sevilla\/#primaryimage\"},\"thumbnailUrl\":\"https:\/\/www.fiarebancaetica.coop\/app\/uploads\/sites\/2\/2023\/12\/asamblea-2023-en-sevilla.jpg\",\"datePublished\":\"2023-04-11T22:00:00+00:00\",\"dateModified\":\"2024-02-21T13:48:37+00:00\",\"author\":{\"@id\":\"https:\/\/www.fiarebancaetica.coop\/gl\/#\/schema\/person\/579841e89c804b5db05d9141bd9b8272\"},\"breadcrumb\":{\"@id\":\"https:\/\/www.fiarebancaetica.coop\/gl\/asamblea-2023-en-sevilla\/#breadcrumb\"},\"inLanguage\":\"gl-ES\",\"potentialAction\":[{\"@type\":\"ReadAction\",\"target\":[\"https:\/\/www.fiarebancaetica.coop\/gl\/asamblea-2023-en-sevilla\/\"]}]},{\"@type\":\"ImageObject\",\"inLanguage\":\"gl-ES\",\"@id\":\"https:\/\/www.fiarebancaetica.coop\/gl\/asamblea-2023-en-sevilla\/#primaryimage\",\"url\":\"https:\/\/www.fiarebancaetica.coop\/app\/uploads\/sites\/2\/2023\/12\/asamblea-2023-en-sevilla.jpg\",\"contentUrl\":\"https:\/\/www.fiarebancaetica.coop\/app\/uploads\/sites\/2\/2023\/12\/asamblea-2023-en-sevilla.jpg\",\"width\":600,\"height\":300},{\"@type\":\"BreadcrumbList\",\"@id\":\"https:\/\/www.fiarebancaetica.coop\/gl\/asamblea-2023-en-sevilla\/#breadcrumb\",\"itemListElement\":[{\"@type\":\"ListItem\",\"position\":1,\"name\":\"Home\",\"item\":\"https:\/\/www.fiarebancaetica.coop\/gl\/\"},{\"@type\":\"ListItem\",\"position\":2,\"name\":\"Asamblea 2023 en Sevilla\"}]},{\"@type\":\"WebSite\",\"@id\":\"https:\/\/www.fiarebancaetica.coop\/gl\/#website\",\"url\":\"https:\/\/www.fiarebancaetica.coop\/gl\/\",\"name\":\"Fiare Banca Etica\",\"description\":\"\",\"potentialAction\":[{\"@type\":\"SearchAction\",\"target\":{\"@type\":\"EntryPoint\",\"urlTemplate\":\"https:\/\/www.fiarebancaetica.coop\/gl\/?s={search_term_string}\"},\"query-input\":{\"@type\":\"PropertyValueSpecification\",\"valueRequired\":true,\"valueName\":\"search_term_string\"}}],\"inLanguage\":\"gl-ES\"},{\"@type\":\"Person\",\"@id\":\"https:\/\/www.fiarebancaetica.coop\/gl\/#\/schema\/person\/579841e89c804b5db05d9141bd9b8272\",\"name\":\"crispyadmin0\",\"image\":{\"@type\":\"ImageObject\",\"inLanguage\":\"gl-ES\",\"@id\":\"https:\/\/www.fiarebancaetica.coop\/gl\/#\/schema\/person\/image\/5f3a6b7786f32f4c35bd2b1a5a4698ea\",\"url\":\"https:\/\/secure.gravatar.com\/avatar\/4d2cfb499d497b6d49da659fab7404b243a87fe8e40d2cf97a1cae48f677f5b2?s=96&d=mm&r=g\",\"contentUrl\":\"https:\/\/secure.gravatar.com\/avatar\/4d2cfb499d497b6d49da659fab7404b243a87fe8e40d2cf97a1cae48f677f5b2?s=96&d=mm&r=g\",\"caption\":\"crispyadmin0\"},\"sameAs\":[\"crispyadmin0\"]}]}<\/script>\n<!-- \/ Yoast SEO plugin. -->","yoast_head_json":{"title":"Asamblea 2023 en Sevilla - Fiare Banca Etica","robots":{"index":"index","follow":"follow","max-snippet":"max-snippet:-1","max-image-preview":"max-image-preview:large","max-video-preview":"max-video-preview:-1"},"canonical":"https:\/\/www.fiarebancaetica.coop\/gl\/asamblea-2023-en-sevilla\/","og_locale":"gl_ES","og_type":"article","og_title":"Asamblea 2023 en Sevilla - Fiare Banca Etica","og_description":"Queda bien poco para la Asamblea de este a\u00f1o, que se celebrar\u00e1 en formato online y presencialmente en Sevilla y Brescia.","og_url":"https:\/\/www.fiarebancaetica.coop\/gl\/asamblea-2023-en-sevilla\/","og_site_name":"Fiare Banca Etica","article_published_time":"2023-04-11T22:00:00+00:00","article_modified_time":"2024-02-21T13:48:37+00:00","og_image":[{"width":600,"height":300,"url":"https:\/\/www.fiarebancaetica.coop\/app\/uploads\/sites\/2\/2023\/12\/asamblea-2023-en-sevilla.jpg","type":"image\/jpeg"}],"author":"crispyadmin0","twitter_card":"summary_large_image","schema":{"@context":"https:\/\/schema.org","@graph":[{"@type":"Article","@id":"https:\/\/www.fiarebancaetica.coop\/gl\/asamblea-2023-en-sevilla\/#article","isPartOf":{"@id":"https:\/\/www.fiarebancaetica.coop\/gl\/asamblea-2023-en-sevilla\/"},"author":{"name":"crispyadmin0","@id":"https:\/\/www.fiarebancaetica.coop\/gl\/#\/schema\/person\/579841e89c804b5db05d9141bd9b8272"},"headline":"Asamblea 2023 en Sevilla","datePublished":"2023-04-11T22:00:00+00:00","dateModified":"2024-02-21T13:48:37+00:00","mainEntityOfPage":{"@id":"https:\/\/www.fiarebancaetica.coop\/gl\/asamblea-2023-en-sevilla\/"},"wordCount":421,"commentCount":0,"image":{"@id":"https:\/\/www.fiarebancaetica.coop\/gl\/asamblea-2023-en-sevilla\/#primaryimage"},"thumbnailUrl":"https:\/\/www.fiarebancaetica.coop\/app\/uploads\/sites\/2\/2023\/12\/asamblea-2023-en-sevilla.jpg","articleSection":["Finanzas \u00c9ticas"],"inLanguage":"gl-ES","potentialAction":[{"@type":"CommentAction","name":"Comment","target":["https:\/\/www.fiarebancaetica.coop\/gl\/asamblea-2023-en-sevilla\/#respond"]}]},{"@type":"WebPage","@id":"https:\/\/www.fiarebancaetica.coop\/gl\/asamblea-2023-en-sevilla\/","url":"https:\/\/www.fiarebancaetica.coop\/gl\/asamblea-2023-en-sevilla\/","name":"Asamblea 2023 en Sevilla - Fiare Banca Etica","isPartOf":{"@id":"https:\/\/www.fiarebancaetica.coop\/gl\/#website"},"primaryImageOfPage":{"@id":"https:\/\/www.fiarebancaetica.coop\/gl\/asamblea-2023-en-sevilla\/#primaryimage"},"image":{"@id":"https:\/\/www.fiarebancaetica.coop\/gl\/asamblea-2023-en-sevilla\/#primaryimage"},"thumbnailUrl":"https:\/\/www.fiarebancaetica.coop\/app\/uploads\/sites\/2\/2023\/12\/asamblea-2023-en-sevilla.jpg","datePublished":"2023-04-11T22:00:00+00:00","dateModified":"2024-02-21T13:48:37+00:00","author":{"@id":"https:\/\/www.fiarebancaetica.coop\/gl\/#\/schema\/person\/579841e89c804b5db05d9141bd9b8272"},"breadcrumb":{"@id":"https:\/\/www.fiarebancaetica.coop\/gl\/asamblea-2023-en-sevilla\/#breadcrumb"},"inLanguage":"gl-ES","potentialAction":[{"@type":"ReadAction","target":["https:\/\/www.fiarebancaetica.coop\/gl\/asamblea-2023-en-sevilla\/"]}]},{"@type":"ImageObject","inLanguage":"gl-ES","@id":"https:\/\/www.fiarebancaetica.coop\/gl\/asamblea-2023-en-sevilla\/#primaryimage","url":"https:\/\/www.fiarebancaetica.coop\/app\/uploads\/sites\/2\/2023\/12\/asamblea-2023-en-sevilla.jpg","contentUrl":"https:\/\/www.fiarebancaetica.coop\/app\/uploads\/sites\/2\/2023\/12\/asamblea-2023-en-sevilla.jpg","width":600,"height":300},{"@type":"BreadcrumbList","@id":"https:\/\/www.fiarebancaetica.coop\/gl\/asamblea-2023-en-sevilla\/#breadcrumb","itemListElement":[{"@type":"ListItem","position":1,"name":"Home","item":"https:\/\/www.fiarebancaetica.coop\/gl\/"},{"@type":"ListItem","position":2,"name":"Asamblea 2023 en Sevilla"}]},{"@type":"WebSite","@id":"https:\/\/www.fiarebancaetica.coop\/gl\/#website","url":"https:\/\/www.fiarebancaetica.coop\/gl\/","name":"Fiare Banca Etica","description":"","potentialAction":[{"@type":"SearchAction","target":{"@type":"EntryPoint","urlTemplate":"https:\/\/www.fiarebancaetica.coop\/gl\/?s={search_term_string}"},"query-input":{"@type":"PropertyValueSpecification","valueRequired":true,"valueName":"search_term_string"}}],"inLanguage":"gl-ES"},{"@type":"Person","@id":"https:\/\/www.fiarebancaetica.coop\/gl\/#\/schema\/person\/579841e89c804b5db05d9141bd9b8272","name":"crispyadmin0","image":{"@type":"ImageObject","inLanguage":"gl-ES","@id":"https:\/\/www.fiarebancaetica.coop\/gl\/#\/schema\/person\/image\/5f3a6b7786f32f4c35bd2b1a5a4698ea","url":"https:\/\/secure.gravatar.com\/avatar\/4d2cfb499d497b6d49da659fab7404b243a87fe8e40d2cf97a1cae48f677f5b2?s=96&d=mm&r=g","contentUrl":"https:\/\/secure.gravatar.com\/avatar\/4d2cfb499d497b6d49da659fab7404b243a87fe8e40d2cf97a1cae48f677f5b2?s=96&d=mm&r=g","caption":"crispyadmin0"},"sameAs":["crispyadmin0"]}]}},"_links":{"self":[{"href":"https:\/\/www.fiarebancaetica.coop\/gl\/wp-json\/wp\/v2\/posts\/343168","targetHints":{"allow":["GET"]}}],"collection":[{"href":"https:\/\/www.fiarebancaetica.coop\/gl\/wp-json\/wp\/v2\/posts"}],"about":[{"href":"https:\/\/www.fiarebancaetica.coop\/gl\/wp-json\/wp\/v2\/types\/post"}],"author":[{"embeddable":true,"href":"https:\/\/www.fiarebancaetica.coop\/gl\/wp-json\/wp\/v2\/users\/2"}],"replies":[{"embeddable":true,"href":"https:\/\/www.fiarebancaetica.coop\/gl\/wp-json\/wp\/v2\/comments?post=343168"}],"version-history":[{"count":2,"href":"https:\/\/www.fiarebancaetica.coop\/gl\/wp-json\/wp\/v2\/posts\/343168\/revisions"}],"predecessor-version":[{"id":355404,"href":"https:\/\/www.fiarebancaetica.coop\/gl\/wp-json\/wp\/v2\/posts\/343168\/revisions\/355404"}],"wp:featuredmedia":[{"embeddable":true,"href":"https:\/\/www.fiarebancaetica.coop\/gl\/wp-json\/wp\/v2\/media\/330408"}],"wp:attachment":[{"href":"https:\/\/www.fiarebancaetica.coop\/gl\/wp-json\/wp\/v2\/media?parent=343168"}],"wp:term":[{"taxonomy":"category","embeddable":true,"href":"https:\/\/www.fiarebancaetica.coop\/gl\/wp-json\/wp\/v2\/categories?post=343168"},{"taxonomy":"post_tag","embeddable":true,"href":"https:\/\/www.fiarebancaetica.coop\/gl\/wp-json\/wp\/v2\/tags?post=343168"},{"taxonomy":"author","embeddable":true,"href":"https:\/\/www.fiarebancaetica.coop\/gl\/wp-json\/wp\/v2\/coauthors?post=343168"}],"curies":[{"name":"wp","href":"https:\/\/api.w.org\/{rel}","templated":true}]}}