{"id":343189,"date":"2023-03-14T00:00:00","date_gmt":"2023-03-13T23:00:00","guid":{"rendered":"https:\/\/www.fiarebancaetica.coop\/en-la-actualidad-siento-que-estoy-mas-arropado-gracias-a-la-fundacion-railes\/"},"modified":"2024-02-21T14:48:53","modified_gmt":"2024-02-21T13:48:53","slug":"en-la-actualidad-siento-que-estoy-mas-arropado-gracias-a-la-fundacion-railes","status":"publish","type":"post","link":"https:\/\/www.fiarebancaetica.coop\/gl\/en-la-actualidad-siento-que-estoy-mas-arropado-gracias-a-la-fundacion-railes\/","title":{"rendered":"En la actualidad siento que estoy m\u00e1s arropado gracias a la Fundaci\u00f3n Ra\u00edles"},"content":{"rendered":"\n\n<div class=\"wp-block-bancaetica-blocks-blocks-block-49\">\n    <div class=\"container-block-49\">\n\n        <div class=\"header-section \">\n                            <h1 class=\"section-title\"> Etica e cooperativa <\/h1>\n                                            <\/div>\n\n        \n        <div class=\"block-background\" style=\"background-image: url('https:\/\/www.fiarebancaetica.coop\/app\/uploads\/sites\/2\/2023\/12\/entrevista-fundacion-railes.jpg')\">\n                            <div class=\"tile\">\n                    <h1 class=\"image-title\"> En la actualidad siento que estoy m\u00e1s arropado gracias a la Fundaci\u00f3n Ra\u00edles <\/h1>\n                <\/div>             <!-- end .tile -->\n            <div class=\"bottom-content\">\n                            <\/div> <!-- end .button-content -->\n        <\/div> <!-- end .block-background -->\n    <\/div> <!-- end .container -->\n<\/div> <!-- end wp-block-bancaetica-blocks-blocks-block-06 -->\n\n\n<div class=\"wrapper-crispybacon-class wrapper-crispybacon-class-boxed \">\n    <p>\n\t\u00c1ngel es un hombre con discapacidad intelectual que trabaja en <a href=\"http:\/\/funcarma.com\/\">Funcarma<\/a>, Centro Especial de Empleo de la <a href=\"https:\/\/fundacionrailes.org\/\">Fundaci\u00f3n Ra\u00edles<\/a>. Tambi\u00e9n es usuario de varios servicios de la Fundaci\u00f3n y hoy le preguntamos sobre su trabajo, su vida y su tiempo libre.<\/p>\n<h2>\n\t\u00bfPodr\u00edas presentarte y contarnos algo de ti?<\/h2>\n<p>\n\tSoy \u00c1ngel Recio, vivo aqu\u00ed, en las viviendas de la Fundaci\u00f3n Ra\u00edles. Tengo 31 a\u00f1os, me gusta bailar, cantar, estar con los amigos\u2026 Soy simp\u00e1tico, buena persona y ayudo a quienes necesitan cualquier cosa.<\/p>\n<p>\n\t<img decoding=\"async\" alt=\"\" src=\"http:\/\/www.fiarebancaetica.coop\/app\/uploads\/sites\/2\/2023\/12\/MG_9970-scaled.jpg\" style=\"width: 500px; height: 333px;\" \/><\/p>\n<h2>\n\t\u00bfVas a clases o te gusta alg\u00fan baile en particular?<\/h2>\n<p>\n\tBailaba zumba en un sitio aqu\u00ed en Vallecas. As\u00ed estuve un tiempo y luego tuve que dejarlo por los horarios de trabajo. Y s\u00ed que es verdad que me gusta bailar, cantar y disfrutar. Estoy m\u00e1s alegre y m\u00e1s activo con la m\u00fasica, me encanta.<\/p>\n<h2>\n\tS\u00e9 que hace poco te apuntaste al grupo de voluntariado de Fundaci\u00f3n Railes \u00bfEn qu\u00e9 tipo de cosas ayudas?<\/h2>\n<p>\n\tPues ayudo en los problemas de los dem\u00e1s. Sabes que si tienes un problema pues cuenta conmigo que te puedo ayudar. Y si necesitas alg\u00fan favor, si puedo, te lo hago.<\/p>\n<h2>\n\t\u00bfCu\u00e1ndo conociste la Fundaci\u00f3n Ra\u00edles?&nbsp;<\/h2>\n<p>\n\tLa conoc\u00ed a trav\u00e9s de un programa que se llama Junco (Programa financiado por la Comunidad de Madrid para j\u00f3venes de entre 16 y 18 a\u00f1os que se encuentran en centros de protecci\u00f3n de menores y que necesitan desarrollar un proceso de inserci\u00f3n laboral). Gracias a eso me ayudaron y en el a\u00f1o 2010 me llamaron para trabajar. Primero estuve de cuidador y de limpieza y luego me cambiaron a manipulados. Luego, poco a poco pues conoc\u00ed a la gente de la Fundaci\u00f3n y a mis compa\u00f1eros. Est\u00e1 bien, muy bien y estoy muy contento.<\/p>\n<h2>\n\t<img decoding=\"async\" alt=\"\" src=\"http:\/\/www.fiarebancaetica.coop\/app\/uploads\/sites\/2\/2023\/12\/IMG_9940-scaled.jpg\" style=\"width: 500px; height: 333px;\" \/><\/h2>\n<h2>\n\t\u00bfCu\u00e1les son tus funciones y tu trabajo en Funcarma?<\/h2>\n<p>\n\tPues yo trabajo en manipulado, soy operario de manipulaci\u00f3n cosm\u00e9tica o farmacia. Hacemos transpales, ponemos fajas, plastificamos, guardamos cajas, contamos sobres tambi\u00e9n, retractilamos y m\u00e1s cosas.<\/p>\n<h2>\n\t\u00bfQu\u00e9 es lo que m\u00e1s y lo que menos te gusta de tu trabajo?<\/h2>\n<p>\n\tBueno, el tema de la calidad. No es un trabajo que me gustara al principio, pero acab\u00f3 gust\u00e1ndome. Tenemos que revisar que todos los pl\u00e1sticos est\u00e9n bien, que no haya agujeros ni nada, que no haya ninguna rotura, nada raro. Y la parte que m\u00e1s me gusta del trabajo es porta lentes o guardar botes.&nbsp;<\/p>\n<h2>\n\t\u00bfC\u00f3mo es la experiencia viviendo en un piso de la fundaci\u00f3n?<\/h2>\n<p>\n\tPues muy bien, es muy grande y est\u00e1 situado en Vallecas. Somos un equipo tanto usuarios como de profesionales muy majos y la verdad que est\u00e1 bien.<\/p>\n<p>\n\t<img decoding=\"async\" alt=\"\" src=\"http:\/\/www.fiarebancaetica.coop\/app\/uploads\/sites\/2\/2023\/12\/IMG_0016-scaled.jpg\" style=\"width: 500px; height: 333px;\" \/><\/p>\n<h2>\n\t\u00bfC\u00f3mo surge lo de que te vengas a vivir aqu\u00ed?<\/h2>\n<p>\n\tBueno, debido a que&nbsp; he tenido bastantes problemas en la vida me ayudaron desde la Fundaci\u00f3n. Antiguamente viv\u00eda en habitaciones. Mi madre no pod\u00eda atenderme, mi padre muri\u00f3 en 2010 y mi hermano est\u00e1 en una familia de acogida. Entonces yo pues estaba buscando alojamiento y me ayud\u00f3 mi jefe en ese momento del Centro Especial de Empleo. Me dijo que hab\u00eda un piso tutelado y que me ayudar\u00eda para que no pagase nada\u2026 porque en aquel momento yo me gastaba siempre todo el dinero y mis ahorros. Y la verdad que ahora bien y estoy muy contento, la verdad.<\/p>\n<h2>\n\t\u00bfQu\u00e9 es lo que m\u00e1s te gusta de vivir aqu\u00ed?<\/h2>\n<p>\n\tPues convivir con los compa\u00f1eros, estar bien, re\u00edrnos, hablar, preparar la cena, ayudarnos los unos a los otros, salir de vez en cuando y el ocio tambi\u00e9n.<\/p>\n<h2>\n\t\u00bfEn qu\u00e9 actividades participas del programa Ocio Compartido?<\/h2>\n<p>\n\tPues un poco de todo, no s\u00e9. Somos un grupo majo la verdad, entre 30 y 40 a\u00f1os, j\u00f3venes m\u00e1s o menos. Y los planes pues, organizan los monitores y la coordinadora.&nbsp;<\/p>\n<h2>\n\t\u00bfC\u00f3mo ha cambiado tu vida desde que est\u00e1s en la Fundaci\u00f3n?<\/h2>\n<p>\n\tPues han cambiado muchas cosas.&nbsp;He pasado mucho en la vida y siento que en la actualidad estoy m\u00e1s arropado gracias a la Fundaci\u00f3n. Estoy s\u00faper contento por los monitores que me ayudan a controlar el dinero, con los compa\u00f1eros me llevo muy bien en el trabajo\u2026&nbsp; Por todo ello me siento afortunado.<\/p>\n<\/div>","protected":false},"excerpt":{"rendered":"<p>\n\t\u00c1ngel es un hombre con discapacidad intelectual que trabaja en Funcarma Centro Especial de Empleo de la Fundaci\u00f3n Ra\u00edles. Tambi\u00e9n es usuario de varios servicios de la Fundaci\u00f3n y hoy le preguntamos sobre su trabajo, su vida y su tiempo libre.<\/p>\n","protected":false},"author":2,"featured_media":330378,"comment_status":"open","ping_status":"closed","sticky":false,"template":"","format":"standard","meta":{"_acf_changed":false,"footnotes":""},"categories":[11664],"tags":[11904],"coauthors":[2891],"class_list":["post-343189","post","type-post","status-publish","format-standard","has-post-thumbnail","hentry","category-historias-de-impacto-positivo","tag-realidades-financiadas-gl"],"acf":[],"yoast_head":"<!-- This site is optimized with the Yoast SEO plugin v26.9 - https:\/\/yoast.com\/product\/yoast-seo-wordpress\/ -->\n<title>En la actualidad siento que estoy m\u00e1s arropado gracias a la Fundaci\u00f3n Ra\u00edles - Fiare Banca Etica<\/title>\n<meta name=\"robots\" content=\"index, follow, max-snippet:-1, max-image-preview:large, max-video-preview:-1\" \/>\n<link rel=\"canonical\" href=\"https:\/\/www.fiarebancaetica.coop\/gl\/en-la-actualidad-siento-que-estoy-mas-arropado-gracias-a-la-fundacion-railes\/\" \/>\n<meta property=\"og:locale\" content=\"gl_ES\" \/>\n<meta property=\"og:type\" content=\"article\" \/>\n<meta property=\"og:title\" content=\"En la actualidad siento que estoy m\u00e1s arropado gracias a la Fundaci\u00f3n Ra\u00edles - Fiare Banca Etica\" \/>\n<meta property=\"og:description\" content=\"\u00c1ngel es un hombre con discapacidad intelectual que trabaja en Funcarma Centro Especial de Empleo de la Fundaci\u00f3n Ra\u00edles. Tambi\u00e9n es usuario de varios servicios de la Fundaci\u00f3n y hoy le preguntamos sobre su trabajo, su vida y su tiempo libre.\" \/>\n<meta property=\"og:url\" content=\"https:\/\/www.fiarebancaetica.coop\/gl\/en-la-actualidad-siento-que-estoy-mas-arropado-gracias-a-la-fundacion-railes\/\" \/>\n<meta property=\"og:site_name\" content=\"Fiare Banca Etica\" \/>\n<meta property=\"article:published_time\" content=\"2023-03-13T23:00:00+00:00\" \/>\n<meta property=\"article:modified_time\" content=\"2024-02-21T13:48:53+00:00\" \/>\n<meta property=\"og:image\" content=\"https:\/\/www.fiarebancaetica.coop\/app\/uploads\/sites\/2\/2023\/12\/entrevista-fundacion-railes.jpg\" \/>\n\t<meta property=\"og:image:width\" content=\"580\" \/>\n\t<meta property=\"og:image:height\" content=\"250\" \/>\n\t<meta property=\"og:image:type\" content=\"image\/jpeg\" \/>\n<meta name=\"author\" content=\"crispyadmin0\" \/>\n<meta name=\"twitter:card\" content=\"summary_large_image\" \/>\n<script type=\"application\/ld+json\" class=\"yoast-schema-graph\">{\"@context\":\"https:\/\/schema.org\",\"@graph\":[{\"@type\":\"Article\",\"@id\":\"https:\/\/www.fiarebancaetica.coop\/gl\/en-la-actualidad-siento-que-estoy-mas-arropado-gracias-a-la-fundacion-railes\/#article\",\"isPartOf\":{\"@id\":\"https:\/\/www.fiarebancaetica.coop\/gl\/en-la-actualidad-siento-que-estoy-mas-arropado-gracias-a-la-fundacion-railes\/\"},\"author\":{\"name\":\"crispyadmin0\",\"@id\":\"https:\/\/www.fiarebancaetica.coop\/gl\/#\/schema\/person\/579841e89c804b5db05d9141bd9b8272\"},\"headline\":\"En la actualidad siento que estoy m\u00e1s arropado gracias a la Fundaci\u00f3n Ra\u00edles\",\"datePublished\":\"2023-03-13T23:00:00+00:00\",\"dateModified\":\"2024-02-21T13:48:53+00:00\",\"mainEntityOfPage\":{\"@id\":\"https:\/\/www.fiarebancaetica.coop\/gl\/en-la-actualidad-siento-que-estoy-mas-arropado-gracias-a-la-fundacion-railes\/\"},\"wordCount\":754,\"commentCount\":0,\"image\":{\"@id\":\"https:\/\/www.fiarebancaetica.coop\/gl\/en-la-actualidad-siento-que-estoy-mas-arropado-gracias-a-la-fundacion-railes\/#primaryimage\"},\"thumbnailUrl\":\"https:\/\/www.fiarebancaetica.coop\/app\/uploads\/sites\/2\/2023\/12\/entrevista-fundacion-railes.jpg\",\"keywords\":[\"Realidades financiadas\"],\"articleSection\":[\"Historias de impacto positivo\"],\"inLanguage\":\"gl-ES\",\"potentialAction\":[{\"@type\":\"CommentAction\",\"name\":\"Comment\",\"target\":[\"https:\/\/www.fiarebancaetica.coop\/gl\/en-la-actualidad-siento-que-estoy-mas-arropado-gracias-a-la-fundacion-railes\/#respond\"]}]},{\"@type\":\"WebPage\",\"@id\":\"https:\/\/www.fiarebancaetica.coop\/gl\/en-la-actualidad-siento-que-estoy-mas-arropado-gracias-a-la-fundacion-railes\/\",\"url\":\"https:\/\/www.fiarebancaetica.coop\/gl\/en-la-actualidad-siento-que-estoy-mas-arropado-gracias-a-la-fundacion-railes\/\",\"name\":\"En la actualidad siento que estoy m\u00e1s arropado gracias a la Fundaci\u00f3n Ra\u00edles - Fiare Banca Etica\",\"isPartOf\":{\"@id\":\"https:\/\/www.fiarebancaetica.coop\/gl\/#website\"},\"primaryImageOfPage\":{\"@id\":\"https:\/\/www.fiarebancaetica.coop\/gl\/en-la-actualidad-siento-que-estoy-mas-arropado-gracias-a-la-fundacion-railes\/#primaryimage\"},\"image\":{\"@id\":\"https:\/\/www.fiarebancaetica.coop\/gl\/en-la-actualidad-siento-que-estoy-mas-arropado-gracias-a-la-fundacion-railes\/#primaryimage\"},\"thumbnailUrl\":\"https:\/\/www.fiarebancaetica.coop\/app\/uploads\/sites\/2\/2023\/12\/entrevista-fundacion-railes.jpg\",\"datePublished\":\"2023-03-13T23:00:00+00:00\",\"dateModified\":\"2024-02-21T13:48:53+00:00\",\"author\":{\"@id\":\"https:\/\/www.fiarebancaetica.coop\/gl\/#\/schema\/person\/579841e89c804b5db05d9141bd9b8272\"},\"breadcrumb\":{\"@id\":\"https:\/\/www.fiarebancaetica.coop\/gl\/en-la-actualidad-siento-que-estoy-mas-arropado-gracias-a-la-fundacion-railes\/#breadcrumb\"},\"inLanguage\":\"gl-ES\",\"potentialAction\":[{\"@type\":\"ReadAction\",\"target\":[\"https:\/\/www.fiarebancaetica.coop\/gl\/en-la-actualidad-siento-que-estoy-mas-arropado-gracias-a-la-fundacion-railes\/\"]}]},{\"@type\":\"ImageObject\",\"inLanguage\":\"gl-ES\",\"@id\":\"https:\/\/www.fiarebancaetica.coop\/gl\/en-la-actualidad-siento-que-estoy-mas-arropado-gracias-a-la-fundacion-railes\/#primaryimage\",\"url\":\"https:\/\/www.fiarebancaetica.coop\/app\/uploads\/sites\/2\/2023\/12\/entrevista-fundacion-railes.jpg\",\"contentUrl\":\"https:\/\/www.fiarebancaetica.coop\/app\/uploads\/sites\/2\/2023\/12\/entrevista-fundacion-railes.jpg\",\"width\":580,\"height\":250},{\"@type\":\"BreadcrumbList\",\"@id\":\"https:\/\/www.fiarebancaetica.coop\/gl\/en-la-actualidad-siento-que-estoy-mas-arropado-gracias-a-la-fundacion-railes\/#breadcrumb\",\"itemListElement\":[{\"@type\":\"ListItem\",\"position\":1,\"name\":\"Home\",\"item\":\"https:\/\/www.fiarebancaetica.coop\/gl\/\"},{\"@type\":\"ListItem\",\"position\":2,\"name\":\"En la actualidad siento que estoy m\u00e1s arropado gracias a la Fundaci\u00f3n Ra\u00edles\"}]},{\"@type\":\"WebSite\",\"@id\":\"https:\/\/www.fiarebancaetica.coop\/gl\/#website\",\"url\":\"https:\/\/www.fiarebancaetica.coop\/gl\/\",\"name\":\"Fiare Banca Etica\",\"description\":\"\",\"potentialAction\":[{\"@type\":\"SearchAction\",\"target\":{\"@type\":\"EntryPoint\",\"urlTemplate\":\"https:\/\/www.fiarebancaetica.coop\/gl\/?s={search_term_string}\"},\"query-input\":{\"@type\":\"PropertyValueSpecification\",\"valueRequired\":true,\"valueName\":\"search_term_string\"}}],\"inLanguage\":\"gl-ES\"},{\"@type\":\"Person\",\"@id\":\"https:\/\/www.fiarebancaetica.coop\/gl\/#\/schema\/person\/579841e89c804b5db05d9141bd9b8272\",\"name\":\"crispyadmin0\",\"image\":{\"@type\":\"ImageObject\",\"inLanguage\":\"gl-ES\",\"@id\":\"https:\/\/www.fiarebancaetica.coop\/gl\/#\/schema\/person\/image\/5f3a6b7786f32f4c35bd2b1a5a4698ea\",\"url\":\"https:\/\/secure.gravatar.com\/avatar\/4d2cfb499d497b6d49da659fab7404b243a87fe8e40d2cf97a1cae48f677f5b2?s=96&d=mm&r=g\",\"contentUrl\":\"https:\/\/secure.gravatar.com\/avatar\/4d2cfb499d497b6d49da659fab7404b243a87fe8e40d2cf97a1cae48f677f5b2?s=96&d=mm&r=g\",\"caption\":\"crispyadmin0\"},\"sameAs\":[\"crispyadmin0\"]}]}<\/script>\n<!-- \/ Yoast SEO plugin. -->","yoast_head_json":{"title":"En la actualidad siento que estoy m\u00e1s arropado gracias a la Fundaci\u00f3n Ra\u00edles - Fiare Banca Etica","robots":{"index":"index","follow":"follow","max-snippet":"max-snippet:-1","max-image-preview":"max-image-preview:large","max-video-preview":"max-video-preview:-1"},"canonical":"https:\/\/www.fiarebancaetica.coop\/gl\/en-la-actualidad-siento-que-estoy-mas-arropado-gracias-a-la-fundacion-railes\/","og_locale":"gl_ES","og_type":"article","og_title":"En la actualidad siento que estoy m\u00e1s arropado gracias a la Fundaci\u00f3n Ra\u00edles - Fiare Banca Etica","og_description":"\u00c1ngel es un hombre con discapacidad intelectual que trabaja en Funcarma Centro Especial de Empleo de la Fundaci\u00f3n Ra\u00edles. Tambi\u00e9n es usuario de varios servicios de la Fundaci\u00f3n y hoy le preguntamos sobre su trabajo, su vida y su tiempo libre.","og_url":"https:\/\/www.fiarebancaetica.coop\/gl\/en-la-actualidad-siento-que-estoy-mas-arropado-gracias-a-la-fundacion-railes\/","og_site_name":"Fiare Banca Etica","article_published_time":"2023-03-13T23:00:00+00:00","article_modified_time":"2024-02-21T13:48:53+00:00","og_image":[{"width":580,"height":250,"url":"https:\/\/www.fiarebancaetica.coop\/app\/uploads\/sites\/2\/2023\/12\/entrevista-fundacion-railes.jpg","type":"image\/jpeg"}],"author":"crispyadmin0","twitter_card":"summary_large_image","schema":{"@context":"https:\/\/schema.org","@graph":[{"@type":"Article","@id":"https:\/\/www.fiarebancaetica.coop\/gl\/en-la-actualidad-siento-que-estoy-mas-arropado-gracias-a-la-fundacion-railes\/#article","isPartOf":{"@id":"https:\/\/www.fiarebancaetica.coop\/gl\/en-la-actualidad-siento-que-estoy-mas-arropado-gracias-a-la-fundacion-railes\/"},"author":{"name":"crispyadmin0","@id":"https:\/\/www.fiarebancaetica.coop\/gl\/#\/schema\/person\/579841e89c804b5db05d9141bd9b8272"},"headline":"En la actualidad siento que estoy m\u00e1s arropado gracias a la Fundaci\u00f3n Ra\u00edles","datePublished":"2023-03-13T23:00:00+00:00","dateModified":"2024-02-21T13:48:53+00:00","mainEntityOfPage":{"@id":"https:\/\/www.fiarebancaetica.coop\/gl\/en-la-actualidad-siento-que-estoy-mas-arropado-gracias-a-la-fundacion-railes\/"},"wordCount":754,"commentCount":0,"image":{"@id":"https:\/\/www.fiarebancaetica.coop\/gl\/en-la-actualidad-siento-que-estoy-mas-arropado-gracias-a-la-fundacion-railes\/#primaryimage"},"thumbnailUrl":"https:\/\/www.fiarebancaetica.coop\/app\/uploads\/sites\/2\/2023\/12\/entrevista-fundacion-railes.jpg","keywords":["Realidades financiadas"],"articleSection":["Historias de impacto positivo"],"inLanguage":"gl-ES","potentialAction":[{"@type":"CommentAction","name":"Comment","target":["https:\/\/www.fiarebancaetica.coop\/gl\/en-la-actualidad-siento-que-estoy-mas-arropado-gracias-a-la-fundacion-railes\/#respond"]}]},{"@type":"WebPage","@id":"https:\/\/www.fiarebancaetica.coop\/gl\/en-la-actualidad-siento-que-estoy-mas-arropado-gracias-a-la-fundacion-railes\/","url":"https:\/\/www.fiarebancaetica.coop\/gl\/en-la-actualidad-siento-que-estoy-mas-arropado-gracias-a-la-fundacion-railes\/","name":"En la actualidad siento que estoy m\u00e1s arropado gracias a la Fundaci\u00f3n Ra\u00edles - Fiare Banca Etica","isPartOf":{"@id":"https:\/\/www.fiarebancaetica.coop\/gl\/#website"},"primaryImageOfPage":{"@id":"https:\/\/www.fiarebancaetica.coop\/gl\/en-la-actualidad-siento-que-estoy-mas-arropado-gracias-a-la-fundacion-railes\/#primaryimage"},"image":{"@id":"https:\/\/www.fiarebancaetica.coop\/gl\/en-la-actualidad-siento-que-estoy-mas-arropado-gracias-a-la-fundacion-railes\/#primaryimage"},"thumbnailUrl":"https:\/\/www.fiarebancaetica.coop\/app\/uploads\/sites\/2\/2023\/12\/entrevista-fundacion-railes.jpg","datePublished":"2023-03-13T23:00:00+00:00","dateModified":"2024-02-21T13:48:53+00:00","author":{"@id":"https:\/\/www.fiarebancaetica.coop\/gl\/#\/schema\/person\/579841e89c804b5db05d9141bd9b8272"},"breadcrumb":{"@id":"https:\/\/www.fiarebancaetica.coop\/gl\/en-la-actualidad-siento-que-estoy-mas-arropado-gracias-a-la-fundacion-railes\/#breadcrumb"},"inLanguage":"gl-ES","potentialAction":[{"@type":"ReadAction","target":["https:\/\/www.fiarebancaetica.coop\/gl\/en-la-actualidad-siento-que-estoy-mas-arropado-gracias-a-la-fundacion-railes\/"]}]},{"@type":"ImageObject","inLanguage":"gl-ES","@id":"https:\/\/www.fiarebancaetica.coop\/gl\/en-la-actualidad-siento-que-estoy-mas-arropado-gracias-a-la-fundacion-railes\/#primaryimage","url":"https:\/\/www.fiarebancaetica.coop\/app\/uploads\/sites\/2\/2023\/12\/entrevista-fundacion-railes.jpg","contentUrl":"https:\/\/www.fiarebancaetica.coop\/app\/uploads\/sites\/2\/2023\/12\/entrevista-fundacion-railes.jpg","width":580,"height":250},{"@type":"BreadcrumbList","@id":"https:\/\/www.fiarebancaetica.coop\/gl\/en-la-actualidad-siento-que-estoy-mas-arropado-gracias-a-la-fundacion-railes\/#breadcrumb","itemListElement":[{"@type":"ListItem","position":1,"name":"Home","item":"https:\/\/www.fiarebancaetica.coop\/gl\/"},{"@type":"ListItem","position":2,"name":"En la actualidad siento que estoy m\u00e1s arropado gracias a la Fundaci\u00f3n Ra\u00edles"}]},{"@type":"WebSite","@id":"https:\/\/www.fiarebancaetica.coop\/gl\/#website","url":"https:\/\/www.fiarebancaetica.coop\/gl\/","name":"Fiare Banca Etica","description":"","potentialAction":[{"@type":"SearchAction","target":{"@type":"EntryPoint","urlTemplate":"https:\/\/www.fiarebancaetica.coop\/gl\/?s={search_term_string}"},"query-input":{"@type":"PropertyValueSpecification","valueRequired":true,"valueName":"search_term_string"}}],"inLanguage":"gl-ES"},{"@type":"Person","@id":"https:\/\/www.fiarebancaetica.coop\/gl\/#\/schema\/person\/579841e89c804b5db05d9141bd9b8272","name":"crispyadmin0","image":{"@type":"ImageObject","inLanguage":"gl-ES","@id":"https:\/\/www.fiarebancaetica.coop\/gl\/#\/schema\/person\/image\/5f3a6b7786f32f4c35bd2b1a5a4698ea","url":"https:\/\/secure.gravatar.com\/avatar\/4d2cfb499d497b6d49da659fab7404b243a87fe8e40d2cf97a1cae48f677f5b2?s=96&d=mm&r=g","contentUrl":"https:\/\/secure.gravatar.com\/avatar\/4d2cfb499d497b6d49da659fab7404b243a87fe8e40d2cf97a1cae48f677f5b2?s=96&d=mm&r=g","caption":"crispyadmin0"},"sameAs":["crispyadmin0"]}]}},"_links":{"self":[{"href":"https:\/\/www.fiarebancaetica.coop\/gl\/wp-json\/wp\/v2\/posts\/343189","targetHints":{"allow":["GET"]}}],"collection":[{"href":"https:\/\/www.fiarebancaetica.coop\/gl\/wp-json\/wp\/v2\/posts"}],"about":[{"href":"https:\/\/www.fiarebancaetica.coop\/gl\/wp-json\/wp\/v2\/types\/post"}],"author":[{"embeddable":true,"href":"https:\/\/www.fiarebancaetica.coop\/gl\/wp-json\/wp\/v2\/users\/2"}],"replies":[{"embeddable":true,"href":"https:\/\/www.fiarebancaetica.coop\/gl\/wp-json\/wp\/v2\/comments?post=343189"}],"version-history":[{"count":2,"href":"https:\/\/www.fiarebancaetica.coop\/gl\/wp-json\/wp\/v2\/posts\/343189\/revisions"}],"predecessor-version":[{"id":355384,"href":"https:\/\/www.fiarebancaetica.coop\/gl\/wp-json\/wp\/v2\/posts\/343189\/revisions\/355384"}],"wp:featuredmedia":[{"embeddable":true,"href":"https:\/\/www.fiarebancaetica.coop\/gl\/wp-json\/wp\/v2\/media\/330378"}],"wp:attachment":[{"href":"https:\/\/www.fiarebancaetica.coop\/gl\/wp-json\/wp\/v2\/media?parent=343189"}],"wp:term":[{"taxonomy":"category","embeddable":true,"href":"https:\/\/www.fiarebancaetica.coop\/gl\/wp-json\/wp\/v2\/categories?post=343189"},{"taxonomy":"post_tag","embeddable":true,"href":"https:\/\/www.fiarebancaetica.coop\/gl\/wp-json\/wp\/v2\/tags?post=343189"},{"taxonomy":"author","embeddable":true,"href":"https:\/\/www.fiarebancaetica.coop\/gl\/wp-json\/wp\/v2\/coauthors?post=343189"}],"curies":[{"name":"wp","href":"https:\/\/api.w.org\/{rel}","templated":true}]}}