{"id":343193,"date":"2023-03-08T00:00:00","date_gmt":"2023-03-07T23:00:00","guid":{"rendered":"https:\/\/www.fiarebancaetica.coop\/8m-el-motor-de-las-finanzas-eticas-para-desbloquear-el-ascensor-social\/"},"modified":"2024-02-21T14:48:56","modified_gmt":"2024-02-21T13:48:56","slug":"8m-el-motor-de-las-finanzas-eticas-para-desbloquear-el-ascensor-social","status":"publish","type":"post","link":"https:\/\/www.fiarebancaetica.coop\/gl\/8m-el-motor-de-las-finanzas-eticas-para-desbloquear-el-ascensor-social\/","title":{"rendered":"8M: El motor de las finanzas \u00e9ticas para desbloquear el ascensor social"},"content":{"rendered":"\n\n<div class=\"wp-block-bancaetica-blocks-blocks-block-49\">\n    <div class=\"container-block-49\">\n\n        <div class=\"header-section \">\n                            <h1 class=\"section-title\"> Etica e cooperativa <\/h1>\n                                            <\/div>\n\n        \n        <div class=\"block-background\" style=\"background-image: url('https:\/\/www.fiarebancaetica.coop\/app\/uploads\/sites\/2\/2023\/12\/8m-el-motor-de-las-finanzas-eticas-para-desbloquear-el-ascensor-social.jpg')\">\n                            <div class=\"tile\">\n                    <h1 class=\"image-title\"> 8M: El motor de las finanzas \u00e9ticas para desbloquear el ascensor social <\/h1>\n                <\/div>             <!-- end .tile -->\n            <div class=\"bottom-content\">\n                            <\/div> <!-- end .button-content -->\n        <\/div> <!-- end .block-background -->\n    <\/div> <!-- end .container -->\n<\/div> <!-- end wp-block-bancaetica-blocks-blocks-block-06 -->\n\n\n<div class=\"wrapper-crispybacon-class wrapper-crispybacon-class-boxed \">\n    <p>\n\t<a href=\"#ca\">Catal\u00e0<\/a>&nbsp; <a href=\"#eu\">Euskera<\/a> <a href=\"#ga\">Galego<\/a><\/p>\n<p>\n\t<em><strong>Por Anna Fasano, presidenta de Banca Etica<\/strong><\/em><\/p>\n<p>\n\t<strong>El ascensor social est\u00e1 bloqueado para muchas personas, especialmente las mujeres.<\/strong> En el mejor de los casos, funciona tan mal que necesita, si no se reemplaza, un reinicio inmediato. Por ello, hoy, 8 de marzo, D\u00eda Internacional de la Mujer, en el que tambi\u00e9n celebramos el vig\u00e9simo cuarto aniversario de Banca Etica, nos urge devolver la fluidez a esa din\u00e1mica virtuosa que ha permitido a las generaciones pasadas aspirar a mejorar su trabajo, ingresos y condiciones de vida. Condiciones en comparaci\u00f3n con las generaciones anteriores.<\/p>\n<p>\n\tLa <strong>ralentizaci\u00f3n del ascensor socia<\/strong>l afecta ahora no s\u00f3lo a unas pocas personas de algunos grupos &#8220;menos afortunados&#8221;, sino por desgracia a la mayor\u00eda de la ciudadan\u00eda de muchos pa\u00edses. El <strong>grave aumento de la desigualdad y un empobrecimiento general <\/strong>lastran el desarrollo colectivo, limitando la visi\u00f3n del futuro.<\/p>\n<p>\n\tNo es casualidad que el bloqueo del ascensor social tenga un <strong>fuerte impacto en la sociedad y se perciba transversalmente<\/strong>: la OCDE ya lo se\u00f1al\u00f3 en 2018, se\u00f1alando que podr\u00edan pasar al menos cinco generaciones para que los ni\u00f1os nacidos en familias de bajos ingresos alcancen el medio de ingresos. Espa\u00f1a tiene una mayor desigualdad porque dispone de menos pol\u00edticas redistributivas. Mientras que la Uni\u00f3n Europea tiene una media de reducci\u00f3n de la desigualdad por transferencias sociales del 40,2%, <a href=\"https:\/\/www.lamarea.com\/2022\/11\/07\/las-herencias-la-principal-averia-del-ascensor-social\/\">nuestro pa\u00eds se sit\u00faa en el 31,9%<\/a><br \/>\n\t<br \/>\n\tComo Grupo Banca Etica, con el deseo de contrarrestar tales distorsiones, adoptamos <strong>pol\u00edticas financieras y crediticias que tienen como objetivo apoyar las empresas de mujeres y la inclusi\u00f3n social y de g\u00e9nero <\/strong>y, todos los a\u00f1os, preparamos un estudio sobre la inclusi\u00f3n financiera sabiendo muy bien que cualquier la penalizaci\u00f3n de las mujeres en estos frentes afecta a toda la sociedad en la que se produce.<\/p>\n<h2>\n\tNocivo para las mujeres y para la sociedad<\/h2>\n<p>\n\tPor ejemplo, un estudio del <strong>Instituto Europeo para la Igualdad de G\u00e9nero <\/strong>(EIGE, 2017) sostiene que las desigualdades de g\u00e9nero en t\u00e9rminos de participaci\u00f3n activa en el mercado laboral y remuneraci\u00f3n privar\u00edan a la UE de un aumento de entre 3,5 y 6 millones de puestos de trabajo en 2050 y un mejora del PIB per c\u00e1pita de entre el 0,8% y el 5,5% entre 2030 y 2050. <strong>Las mujeres son tambi\u00e9n las que han sufrido los impactos econ\u00f3micos m\u00e1s duros durante la pandemia<\/strong>, en t\u00e9rminos de carga de funciones de cuidado y reducci\u00f3n de empleo e ingresos, perdiendo un total de 800 mil millones de d\u00f3lares en ingresos en el mundo en 2020 (Oxfam, 2022).<br \/>\n\t<br \/>\n\tUna estad\u00edstica reciente de la Comisi\u00f3n Europea atribuye <strong>un diferencial medio del 13% en los salarios a favor de los hombres sobre las mujeres <\/strong>en los Estados de la UE. Y aunque otras fuentes de datos -por ejemplo para Italia y Espa\u00f1a, pa\u00edses en los que el Grupo Banca Etica apuesta por mitigar determinados fen\u00f3menos- revelan porcentajes de disparidades en la retribuci\u00f3n incluso superiores a los mencionados anteriormente, es importante entender que estos ingresos las brechas son solo uno de los hilos que mueven el ascensor social (acceso a la educaci\u00f3n y formaci\u00f3n, acceso a la salud, acceso a la vivienda\u2026). Y entre estos, uno de los m\u00e1s potentes es sin duda el del acceso a los recursos financieros: Banca Etica practica en la actualidad un reparto sustancialmente equitativo de la distribuci\u00f3n del cr\u00e9dito desembolsado, representando las mujeres algo m\u00e1s del 43% de los clientes y recibir m\u00e1s del 45% de la nueva financiaci\u00f3n desembolsada (Informe de Impacto 2022).<br \/>\n\t<br \/>\n\tLa interrupci\u00f3n de la &#8220;funci\u00f3n de servicio p\u00fablico&#8221; de la movilidad social e intergeneracional forma parte de una distorsi\u00f3n generalizada que, a nivel global, ha permitido que el 1% m\u00e1s rico de las personas, en t\u00e9rminos de activos, se beneficie del 38% de la riqueza excedente entre 1995 y 2021, frente al m\u00edsero 2,3% del super\u00e1vit que se destin\u00f3 a la mitad m\u00e1s pobre de la poblaci\u00f3n mundial. Sin olvidar que en nuestro pa\u00eds m\u00e1s de <a href=\"https:\/\/www.newtral.es\/tasa-pobreza-espana\/20221017\/\">13 millones de personas viven bajo el umbral de la pobreza<\/a>, 380.000 ciudadanos m\u00e1s que el a\u00f1o anterior. C\u00e1ritas (que investiga la <strong>&#8220;pobreza heredada&#8221; <\/strong>en su informe sobre la pobreza de 2022) recuerda que \u00ab el abanico de la movilidad ascendente es muy corta y parece funcionar principalmente para quienes provienen de familias de clase media y alta; para aquellos que se encuentran en las posiciones m\u00e1s desfavorecidas en la escala social, hay pocas posibilidades de acceder a los niveles superiores (de ah\u00ed las expresiones &#8220;suelos pegajosos y techos pegajosos&#8221;).<\/p>\n<h2>\n\tLa responsabilidad de los bancos y el apalancamiento del cr\u00e9dito y las finanzas \u00e9ticas<\/h2>\n<p>\n\tPara reactivar el ascensor social, tanto en Espa\u00f1a como en Italia y en otros pa\u00edses, se necesitan decisiones valientes en el uso de los recursos tanto p\u00fablicos como privados. Se necesitan pol\u00edticas p\u00fablicas, comenzando por inversiones en educaci\u00f3n y la creaci\u00f3n de empleos dignos; pero hay mucho, mucho, que los bancos tambi\u00e9n pueden hacer, especialmente cuando hay una buena sinergia entre los sectores p\u00fablico y privado. El cr\u00e9dito es una herramienta formidable para la inclusi\u00f3n social y el progreso de las comunidades. Siempre que se desmienta en la pr\u00e1ctica el clich\u00e9 generalizado seg\u00fan el cual \u201clos bancos s\u00f3lo prestan dinero a quien ya lo tiene\u201d.<br \/>\n\t<br \/>\n\tHacer <strong>finanzas \u00e9ticas<\/strong> significa realmente poder <strong>facilitar el acceso al cr\u00e9dito incluso a aquellas personas y empresas que a\u00fan no parten de una situaci\u00f3n c\u00f3moda<\/strong>. Significa invertir en proyectos, mirar a las personas que lo forman y a su impacto social y ambiental y no solo a las cifras presupuestarias. Gracias al ahorro prestado,&nbsp; apoyamos proyectos liderados por mujeres, financiamos a personas valientes que se unen a una cooperativa y salvan a la empresa para la que trabajan de la quiebra (compra de los trabajadores); podemos financiar entidades del tercer sector, econom\u00eda social y solidaria, apoyar a j\u00f3venes que tienen buenas ideas pero pocos recursos, etc. Con los fondos de garant\u00eda para microcr\u00e9ditos, a trav\u00e9s de nuestros socios\/as y a trav\u00e9s de nuestra Fundaci\u00f3n, podemos transformar en realidad los proyectos de econom\u00eda solidaria que quieren hacerse grandes.<br \/>\n\t<br \/>\n\t<strong>El acceso al cr\u00e9dito es un instrumento de la democracia econ\u00f3mica<\/strong>, si es otorgado por las entidades bancarias con transparencia y evaluando su impacto en el bienestar del planeta y de las personas, puede ser una verdadera herramienta de empoderamiento.<br \/>\n\t<br \/>\n\t<strong>Tambi\u00e9n hoy, 8 de marzo, queremos seguir promoviendo que el ascensor social vuelva a la normalidad.<\/strong><\/p>\n<p>\n\t<a id=\"ca\" name=\"ca\"><\/a>________________________________________________________________<\/p>\n<h2>\n\tEl motor de las finances \u00e8tiques per a desbloquejar l&#8217;ascensor social&nbsp;<\/h2>\n<p>\n\t<strong>L&#8217;ascensor social est\u00e0 bloquejat per a moltes persones, especialment les dones. <\/strong>En el millor dels casos, funciona tan malament que necessita, si no es reempla\u00e7a, un reinici immediat. Per aix\u00f2, avui, 8 de mar\u00e7, Dia Internacional de la Dona, en el qual tamb\u00e9 celebrem el vint-i-quatr\u00e8 aniversari de Banca Etica, ens urgeix retornar la flu\u00efdesa a aquesta din\u00e0mica virtuosa que ha perm\u00e8s a les generacions passades aspirar a millorar el seu treball, ingressos i condicions de vida. Condicions en comparaci\u00f3 amb les generacions anteriors. L&#8217;alentiment de l&#8217;ascensor social afecta ara no sols a unes poques persones d&#8217;alguns grups &#8220;menys afortunats&#8221;, sin\u00f3 per desgr\u00e0cia a la majoria de la ciutadania de molts pa\u00efsos. El greu augment de la desigualtat i un empobriment general llastren el desenvolupament col\u00b7lectiu, limitant la visi\u00f3 del futur.<br \/>\n\t<br \/>\n\tNo \u00e9s casualitat que el bloqueig de l&#8217;ascensor social tingui un fort impacte en la societat i es percebi transversalment: l&#8217;OCDE ja ho va assenyalar en 2018, assenyalant que podrien passar almenys cinc generacions perqu\u00e8 els nens nascuts en fam\u00edlies de baixos ingressos aconsegueixin el mitj\u00e0 d&#8217;ingressos.<br \/>\n\t<br \/>\n\tEspanya t\u00e9 una major desigualtat perqu\u00e8 disposa de menys pol\u00edtiques redistributives. Mentre que la Uni\u00f3 Europea t\u00e9 una mitjana de reducci\u00f3 de la desigualtat per transfer\u00e8ncies socials del 40,2%, el nostre pa\u00eds se sit\u00faa en el 31,9%.<br \/>\n\t<br \/>\n\tCom a Grup Banca Etica, amb el desig de contrarrestar tals distorsions, adoptem pol\u00edtiques financeres i credit\u00edcies que tenen com a objectiu donar suport a les empreses liderades per dones i la inclusi\u00f3 social i de g\u00e8nere i, tots els anys, preparem un estudi sobre la inclusi\u00f3 financera sabent molt b\u00e9 que la penalitzaci\u00f3 de les dones en aquests fronts afecta a tota la societat en la qual es produeix.<\/p>\n<h2>\n\tNociu per a les dones i per a la societat<\/h2>\n<p>\n\tPer exemple, un estudi de l&#8217;Institut Europeu per a la Igualtat de G\u00e8nere (EIGE, 2017) sost\u00e9 que les desigualtats de g\u00e8nere en termes de participaci\u00f3 activa en el mercat laboral i remuneraci\u00f3 privarien a la UE d&#8217;un augment d&#8217;entre 3,5 i 6 milions de llocs de treball en 2050 i una millora del PIB per c\u00e0pita d&#8217;entre el 0,8% i el 5,5% entre 2030 i 2050. Les dones s\u00f3n tamb\u00e9 les que han sofert els impactes econ\u00f2mics m\u00e9s durs durant la pand\u00e8mia, en termes de c\u00e0rrega de funcions de cura i reducci\u00f3 d&#8217;ocupaci\u00f3 i ingressos, perdent un total de 800 mil milions de d\u00f2lars en ingressos en el m\u00f3n en 2020 (Oxfam, 2022).<br \/>\n\t<br \/>\n\tUna estad\u00edstica recent de la Comissi\u00f3 Europea atribueix un diferencial mitj\u00e0 del 13% en els salaris a favor dels homes sobre les dones en els Estats de la UE. I encara que altres fonts de dades -per exemple per a It\u00e0lia i Espanya, pa\u00efsos en els quals el Grup Banca Etica aposta per mitigar determinats fen\u00f2mens- revelen percentatges de disparitats en la retribuci\u00f3 fins i tot superiors als esmentats anteriorment, \u00e9s important entendre que aquests ingressos les bretxes s\u00f3n nom\u00e9s un dels fils que mouen l&#8217;ascensor social (acc\u00e9s a l&#8217;educaci\u00f3 i formaci\u00f3, acc\u00e9s a la salut, acc\u00e9s a l&#8217;habitatge\u2026). I entre aquests, un dels m\u00e9s potents \u00e9s sens dubte el de l&#8217;acc\u00e9s als recursos financers: Banca Etica practica en l&#8217;actualitat un repartiment substancialment equitatiu de la distribuci\u00f3 del cr\u00e8dit desemborsat, representant les dones una mica m\u00e9s del 43% dels clients i rebre m\u00e9s del 45% del nou finan\u00e7ament desemborsat (Informe d&#8217;Impacte 2022).<br \/>\n\t<br \/>\n\tLa interrupci\u00f3 de la &#8220;funci\u00f3 de servei p\u00fablic&#8221; de la mobilitat social i intergeneracional forma part d&#8217;una distorsi\u00f3 generalitzada que, a nivell global, ha perm\u00e8s que l&#8217;1% m\u00e9s ric de les persones, en termes d&#8217;actius, es benefici\u00ef del 38% de la riquesa excedent entre 1995 i 2021, enfront del miserable 2,3% del super\u00e0vit que es va destinar a la meitat m\u00e9s pobra de la poblaci\u00f3 mundial. Sense oblidar que al nostre pa\u00eds m\u00e9s de 13 milions de persones viuen sota el llindar de la pobresa en 2021, 380.000 ciutadans m\u00e9s que en 2020. C\u00e0ritas (que investiga la &#8220;pobresa heretada&#8221; en el seu informe sobre la pobresa de 2022) recorda que \u00ab el ventall de la mobilitat ascendent \u00e9s molt curta i sembla funcionar principalment per als qui provenen de fam\u00edlies de classe mitjana i alta; per a aquells que es troben en les posicions m\u00e9s desfavorides en l&#8217;escala social, hi ha poques possibilitats d&#8217;accedir als nivells superiors (d&#8217;aqu\u00ed les expressions &#8220;s\u00f2ls enganxosos i sostres enganxosos&#8221;).<\/p>\n<h2>\n\tLa responsabilitat dels bancs i el palanquejament del cr\u00e8dit i les finances \u00e8tiques<\/h2>\n<p>\n\tPer a reactivar l&#8217;ascensor social, tant a Espanya com a It\u00e0lia i en altres pa\u00efsos, es necessiten decisions valentes en l&#8217;\u00fas dels recursos tant p\u00fablics com privats. Es necessiten pol\u00edtiques p\u00fabliques, comen\u00e7ant per inversions en educaci\u00f3 i la creaci\u00f3 d&#8217;ocupacions dignes; per\u00f2 hi ha molt, molt, que els bancs tamb\u00e9 poden fer, especialment quan hi ha una bona sinergia entre els sectors p\u00fablic i privat. El cr\u00e8dit \u00e9s una eina formidable per a la inclusi\u00f3 social i el progr\u00e9s de les comunitats. Sempre que es desmenteixi en la pr\u00e0ctica el clix\u00e9 generalitzat segons el qual \u201cels bancs nom\u00e9s presten diners a qui ja ho t\u00e9\u201d.<br \/>\n\t<br \/>\n\tFer finances \u00e8tiques significa realment poder facilitar l&#8217;acc\u00e9s al cr\u00e8dit fins i tot a aquelles persones i empreses que encara no parteixen d&#8217;una situaci\u00f3 c\u00f2moda. Significa invertir en projectes, mirar a les persones que els conformen i al seu impacte social i ambiental i no sols a les xifres pressupost\u00e0ries. Gr\u00e0cies a l&#8217;estalvi prestat, donem suport a projectes liderats per dones, financem a persones valentes que s&#8217;uneixen a una cooperativa i salven a l&#8217;empresa per a la qual treballen de la fallida (compra per part de les persones treballadores); podem finan\u00e7ar entitats del tercer sector, economia social i solid\u00e0ria, fer costat a joves que tenen bones idees per\u00f2 pocs recursos, etc. Amb els fons de garantia per a microcr\u00e8dits, a trav\u00e9s dels nostres socis\/as i a trav\u00e9s de la nostra Fundaci\u00f3, podem transformar en realitat els projectes d&#8217;economia solid\u00e0ria que volen fer-se grans.<br \/>\n\t<br \/>\n\tL&#8217;acc\u00e9s al cr\u00e8dit \u00e9s un instrument de la democr\u00e0cia econ\u00f2mica, si \u00e9s atorgat per les entitats banc\u00e0ries amb transpar\u00e8ncia i avaluant el seu impacte en el benestar del planeta i de les persones, pot ser una veritable eina d&#8217;apoderament.<br \/>\n\t<br \/>\n\t<strong>Tamb\u00e9 avui, 8 de mar\u00e7, volem continuar promovent que l&#8217;ascensor social torni a la normalitat.<\/strong><\/p>\n<p>\n\t<strong><a id=\"eu\" name=\"eu\"><\/a>________________________________________________<\/strong><\/p>\n<h1>\n\tFINANTZA ETIKOEN MOTORRA IGOGAILU SOZIALA DESBLOKEATZEKO<\/h1>\n<p>\n\tIgogailu soziala blokeatuta dago pertsona askorentzat, bereziki emakumeentzat. Kasurik onenean, hain gaizki dabil, ezen, ordezten ez bada, berehala berrabiarazi behar baita. Horregatik, gaur, martxoaren 8an, Emakumearen Nazioarteko Egunean, Banca Etica erakundearen hogeigarren urteurrena ere ospatzen dugun honetan, arintasuna itzuli behar diogu aurreko belaunaldiei lana, diru-sarrerak eta bizi-baldintzak hobetzeko aukera eman dien dinamika bertutetsu horri. Baldintzak aurreko belaunaldiekin alderatuta. Igogailu sozialaren moteltzeak, orain, &#8220;zorte txikieneko&#8221; taldeetako pertsona gutxi batzuei ez ezik, herrialde askotako herritar gehienei ere eragiten die zoritxarrez. Desberdinkeriaren hazkunde larriak eta pobretze orokorrak garapen kolektiboa oztopatzen dute, bai eta etorkizuneko ikuspegia mugatzen ere.<br \/>\n\t<br \/>\n\tEz da kasualitatea igogailu sozialaren blokeoak eragin handia izatea gizartean, eta hori zeharka sumatzen da: ELGAk 2018an adierazi zuen hori, eta azpimarratu zuen gutxienez bost belaunaldi igaro daitezkeela diru\u2011sarrera txikiko familietan jaiotako haurrak diru-sarrera ertainetara iristeko. Espainiak desberdinkeria handiagoa du, birbanaketa-politika gutxiago dituelako. Europar Batasunak, batez bestean, % 40,2 murriztu du gizarte-transferentzien desberdinkeria; Espainian, berriz, ehunekoa % 31,9koa da.<br \/>\n\t<br \/>\n\tBanca Etica taldean, distortsio horiei aurre egiteko asmoz, finantza- eta kreditu-politikak ezartzen ditugu, emakumeen enpresen eta gizarte- eta genero- inklusioaren alde egiteko. Urtero, azterketa bat prestatzen dugu finantza-inklusioari buruz, oso ondo jakinda fronte horietako emakumeen penalizazioak gizarte osoari eragiten diola.<\/p>\n<h2>\n\tKaltegarria emakumeentzat eta gizartearentzat<\/h2>\n<p>\n\tAdibidez, Europako Genero Berdintasunerako Institutuak (EIGE, 2017) egindako azterlan baten arabera, genero-desberdinkeriek, lan-merkatuan aktiboki parte hartzeari eta ordainsariei dagokienez, EBri 3,5 eta 6&nbsp;milioi lanpostu arteko igoera eragotziko liokete 2050ean, eta, halaber, per capita BPGd %&nbsp;0,8 eta % 5,5 bitartean hobetzea galaraziko lukete 2030 eta 2050 artean. Era berean, emakumeek jasan dituzte inpaktu ekonomiko gogorrenak pandemian, zainketa-funtzioez arduratzeari eta enplegua eta diru-sarrerak murrizteari dagokienez, eta, 2020an, guztira 800 mila milioi dolarreko diru-sarrerak galdu dituzte munduan (Oxfam, 2022).<br \/>\n\t<br \/>\n\tEuropako Batzordeak duela gutxi egindako estatistika baten arabera, EBko estatuetan, gizonen soldatak emakumeenak baino % 13 handiagoak dira batez bestean. Eta beste datu-iturri batzuetan&nbsp; \u2014adibidez, Italia eta Espainian, non Banca Etica taldeak zenbait fenomeno arintzearen aldeko apustua egiten baitu\u2014 ordainsarien arteko desberdintasunaren ehunekoak arestian aipatutakoak baino handiagoak badira ere, ulertu behar da diru-sarreren arrakala horiek igogailu soziala mugitzen duten harietako bat baino ez direla (hezkuntzarako eta prestakuntzarako sarbidea, osasunerako sarbidea, etxebizitzarako sarbidea\u2026). Eta horien artean indartsuenetako bat finantza-baliabideetarako sarbidea da, zalantzarik gabe: gaur egun, Banca Etica taldeak nahiko modu parekatuan banatzen du ordaindutako kreditua; emakumeak bezeroen %&nbsp;43 baino zertxobait gehiago dira, eta ordaindutako finantzaketa berriaren % 45 baino gehiago jasotzen dute (2022ko Inpaktu Txostena).<br \/>\n\t<br \/>\n\tGizartearen eta belaunaldien arteko mugikortasunaren &#8220;zerbitzu publikoaren funtzioa&#8221; etetea distortsio orokor baten parte da, eta, horren eraginez, mundu-mailan, pertsona aberatsenen % 1ek, aktiboei dagokienez, etekina atera diote 1995 eta 2021 artean soberan zegoen aberastasunaren %&nbsp;38ri; aldiz, superabitaren % 2,3 eman zitzaion munduko biztanleriaren erdi pobreenari. Ez da ahaztu behar gure herrialdean 13 milioi pertsona baino gehiago bizi direla pobrezia-atalasearen azpitik 2021ean, 2020an baino 380.000 herritar gehiago. Caritasek (&#8220;oinordetzan hartutako pobrezia&#8221; aztertu du pobreziari buruzko 2022ko txostenean) honako hau gogorarazten du: &#8220;gora mugitzeko aukera gutxi daude, eta nagusiki erdi- eta goi-mailako klaseko familietatik datozenentzat funtzionatzen duela ematen du; gizarte-eskalan egoera ahulenean daudenentzat aukera gutxi dago goiko mailetara iristeko (horregatik dira &#8220;lurzoru itsaskorrak eta sabai itsaskorrak&#8221;).<\/p>\n<h2>\n\tBankuen erantzukizuna eta kredituaren eta finantza etikoen palanka-efektua<\/h2>\n<p>\n\tIgogailu soziala berraktibatzeko Espainian, Italian eta beste herrialde batzuetan, erabaki ausartak behar dira baliabide publiko zein pribatuen erabileran. Politika publikoak behar dira, hezkuntzako inbertsioetatik eta enplegu duinak sortzetik hasita, baina bankuek ere ekintza asko egin ditzakete, batez ere sektore publikoaren eta pribatuaren artean sinergia ona dagoenean. Kreditua tresna bikaina da gizarte-inklusiorako eta komunitateek aurrera egiteko. Betiere praktikan klixe orokortu bat ezeztatzen bada: \u201cbankuek dirua uzten diete soilik dirua dutenei\u201d.<br \/>\n\t<br \/>\n\tFinantza etikoak egiteak krediturako sarbidea erraztea esan nahi du, baita egoera erosotik abiatzen ez diren pertsona eta enpresei ere. Proiektuetan inbertitzea esan nahi du, horiek osatzen dituzten pertsonei eta haien gizarte- eta ingurumen-inpaktuari begiratzea, eta ez soilik aurrekontu-zifrei. Utzitako aurrezpen horri esker, emakumeek gidatutako proiektuak babesten ditugu; kooperatiba batean elkartzen diren eta enpresa porrotetik ateratzen duten pertsona ausartak finantzatzen ditugu (langileen erosketa); hirugarren sektoreko erakundeak, ekonomia soziala eta solidarioa, ideia onak eta baliabide gutxi dituzten gazteak, eta abar finantza ditzakegu&#8230; Mikrokredituetarako berme-funtsekin, gure bazkideen eta gure fundazioaren bidez, handitzeko bidean dauden ekonomia solidarioko proiektuak egia bihur ditzakegu.<br \/>\n\t<br \/>\n\tKrediturako sarbidea demokrazia ekonomikoaren tresna bat da, banku-erakundeek gardentasunez ematen badute eta planetaren eta pertsonen ongizatean duen inpaktua ebaluatzen bada, benetako ahalduntze\u2011tresna izan daiteke.<br \/>\n\t<br \/>\n\t<strong>Gaur, martxoak 8, igogailu soziala normaltasunera itzul dadin sustatzen jarraitu nahi dugu.<\/strong><\/p>\n<p>\n\t<strong><a id=\"ga\" name=\"ga\"><\/a>____________________________________________<\/strong><\/p>\n<h1>\n\tO MOTOR DAS FINANZAS \u00c9TICAS PARA DESBLOQUEAR O ASCENSOR SOCIAL<\/h1>\n<p>\n\tO ascensor social est\u00e1 bloqueado para moitas persoas, especialmente mulleres. No mellor dos casos, funciona tan mal que precisa, se non se substit\u00fae, un reinicio inmediato. Por iso, hoxe, 8 de marzo, D\u00eda Internacional da Muller, no que tam\u00e9n celebramos o vix\u00e9simo cuarto aniversario de Banca Etica, urxe devolver fluidez a esa din\u00e1mica virtuosa que permitiu \u00e1s xeraci\u00f3ns pasadas aspirar a mellorar o seu traballo, ingresos e condici\u00f3ns de vida. Condici\u00f3ns en comparaci\u00f3n coas xeraci\u00f3ns anteriores. A desaceleraci\u00f3n do ascensor social afecta agora non s\u00f3 a unhas poucas persoas dalg\u00fans grupos \u00abmenos afortunados\u00bb, sen\u00f3n, por desgraza, \u00e1 maior\u00eda da cidadan\u00eda de moitos pa\u00edses. O grave aumento da desigualdade e un empobrecemento xeral lastran o desenvolvemento colectivo, limitando a visi\u00f3n do futuro.<br \/>\n\t<br \/>\n\tNon \u00e9 casualidade que o bloqueo do ascensor social te\u00f1a un forte impacto na sociedade e se perciba transversalmente: a OCDE xa o sinalou en 2018, cando indicou que poder\u00edan pasar cando menos cinco xeraci\u00f3ns para que as nenas e nenos nacidos en familias de baixos ingresos atinxan a media de ingresos. Espa\u00f1a ten unha desigualdade maior porque disp\u00f3n de menos pol\u00edticas redistributivas. Mentres que a Uni\u00f3n Europea ten unha media de reduci\u00f3n da desigualdade por transferencias sociais do 40,2&nbsp;%, o noso pa\u00eds sit\u00faase no 31,9&nbsp;%.<br \/>\n\t<br \/>\n\tComo Grupo Banca Etica, co desexo de contrarrestar semellantes distorsi\u00f3ns, adoptamos pol\u00edticas financeiras e crediticias que te\u00f1en como obxectivo apoiar as empresas de mulleres e a inclusi\u00f3n social e de x\u00e9nero e, todos os anos, preparamos un estudo sobre a inclusi\u00f3n financeira sabendo moi ben que calquera penalizaci\u00f3n das mulleres nestes eidos afecta a toda a sociedade na que se produce.<\/p>\n<h2>\n\tNocivo para as mulleres e para a sociedade<\/h2>\n<p>\n\tPor exemplo, un estudo do Instituto Europeo para a Igualdade de X\u00e9nero (EIGE, 2017) sost\u00e9n que as desigualdades de x\u00e9nero en termos de participaci\u00f3n activa no mercado laboral e remuneraci\u00f3n privar\u00edan \u00e1 UE dun aumento de entre 3,5 e 6 mill\u00f3ns de postos de traballo en 2050 e unha mellora do PIB per c\u00e1pita de entre o 0,8&nbsp;% e o 5,5&nbsp;% entre 2030 e 2050. As mulleres son tam\u00e9n as que sufriron os impactos econ\u00f3micos m\u00e1is duros durante a pandemia, en termos de carga de funci\u00f3ns de coidado e reduci\u00f3n de emprego e ingresos, perdendo un total de 800.000 mill\u00f3ns de d\u00f3lares en ingresos no mundo en 2020 (Oxfam, 2022).<br \/>\n\t<br \/>\n\tUnha estat\u00edstica recente da Comisi\u00f3n Europea atrib\u00fae un diferencial medio do 13&nbsp;% nos salarios a favor dos homes sobre as mulleres nos estados da UE. E, malia outras fontes de datos (por exemplo, para Italia e Espa\u00f1a, pa\u00edses nos que o Grupo Banca Etica aposta por mitigar determinados fen\u00f3menos) revelar porcentaxes de disparidades na retribuci\u00f3n mesmo superiores \u00e1s mencionadas anteriormente, c\u00f3mpre entender que estas diferenzas nos ingresos son s\u00f3 un dos f\u00edos que moven o ascensor social (acceso a educaci\u00f3n e formaci\u00f3n, acceso a sa\u00fade, acceso a vivenda\u2026). Entre eles, un dos m\u00e1is potentes \u00e9 sen d\u00fabida o do acceso aos recursos financeiros: Banca Etica practica na actualidade unha repartici\u00f3n substancialmente equitativa da distribuci\u00f3n do cr\u00e9dito desembolsado, representando as mulleres algo m\u00e1is do 43&nbsp;% da clientela e recibindo m\u00e1is do 45&nbsp;% do novo financiamento desembolsado (Informe de impacto, 2022).<br \/>\n\t<br \/>\n\tA interrupci\u00f3n da \u00abfunci\u00f3n de servizo p\u00fablico\u00bb da mobilidade social e interxeracional forma parte dunha distorsi\u00f3n xeneralizada que, a escala mundial, permitiu que o 1&nbsp;% m\u00e1is rico das persoas, en termos de activos, se beneficie do 38&nbsp;% da riqueza excedente entre 1995 e 2021, fronte a un mesqui\u00f1o 2,3&nbsp;% do super\u00e1vit que se destinou \u00e1 metade m\u00e1is pobre da poboaci\u00f3n mundial. Sen esquecer que no noso pa\u00eds m\u00e1is de 13 mill\u00f3ns de persoas viv\u00edan baixo o limiar da pobreza en 2021, 380.000 cidad\u00e1s e cidad\u00e1ns m\u00e1is ca en 2020. C\u00e1ritas (que investiga a \u00abpobreza herdada\u00bb no seu informe sobre a pobreza de 2022) lembra que \u00abo abano da mobilidade ascendente \u00e9 moi curta e semella funcionar principalmente para as persoas que prove\u00f1en de familias de clase media e alta; para aquelas que est\u00e1n nas posici\u00f3ns m\u00e1is desfavorecidas na escala social, hai poucas posibilidades de acceder aos niveis superiores (de a\u00ed as expresi\u00f3ns \u201cchans pega\u00f1entos\u201d e \u201cteitos pega\u00f1entos\u201d)\u00bb.<\/p>\n<h2>\n\tA responsabilidade dos bancos e o apancamento do cr\u00e9dito e as finanzas \u00e9ticas<\/h2>\n<p>\n\tPara reactivar o ascensor social, tanto en Espa\u00f1a como en Italia e noutros pa\u00edses, prec\u00edsanse decisi\u00f3ns valentes no uso dos recursos p\u00fablicos e privados. C\u00f3mpren pol\u00edticas p\u00fablicas, a comezar por investimentos en educaci\u00f3n e a creaci\u00f3n de empregos dignos; pero hai moito, moito, que os bancos tam\u00e9n poden facer, especialmente cando existe unha boa sinerx\u00eda entre os sectores p\u00fablico e privado. O cr\u00e9dito \u00e9 unha ferramenta formidable para a inclusi\u00f3n social e o progreso das comunidades. Sempre que se desminta na pr\u00e1ctica o clix\u00e9 xeneralizado segundo o que \u00abos bancos s\u00f3 prestan di\u00f1eiro a quen xa o ten\u00bb.<br \/>\n\t<br \/>\n\tFacer finanzas \u00e9ticas significa realmente poder facilitar o acceso ao cr\u00e9dito mesmo a aquelas persoas e empresas que a\u00ednda non parten dunha situaci\u00f3n c\u00f3moda. Significa investir en proxectos, ver as persoas que os forman e o seu impacto social e ambiental, e non s\u00f3 as cifras orzamentarias. Grazas ao aforro prestado, apoiamos proxectos liderados por mulleres, financiamos persoas valentes que se unen a unha cooperativa e salvan a empresa para a que traballan da quebra (compra das persoas traballadoras); podemos financiar entidades do terceiro sector e a econom\u00eda social e solidaria, avogamos por mozas e mozos que te\u00f1en boas ideas pero poucos recursos etc. Cos fondos de garant\u00eda para microcr\u00e9ditos, a trav\u00e9s das nosas persoas socias e da nosa Fundaci\u00f3n, somos quen de transformar en realidade os proxectos de econom\u00eda solidaria que queren medrar.<br \/>\n\t<br \/>\n\tO acceso ao cr\u00e9dito \u00e9 un instrumento da democracia econ\u00f3mica. De ser outorgado polas entidades bancarias con transparencia e avaliando o seu impacto no benestar do planeta e das persoas, pode ser unha verdadeira ferramenta de apoderamento.<br \/>\n\t<br \/>\n\t<strong>Tam\u00e9n hoxe, 8 de marzo, queremos seguir promovendo que o ascensor social volva \u00e1 normalidade.<\/strong><\/p>\n<\/div>","protected":false},"excerpt":{"rendered":"<p>\n\tEl ascensor social est\u00e1 bloqueado para muchas personas, especialmente las mujeres. En el mejor de los casos, funciona tan mal que necesita, si no se reemplaza, un reinicio inmediato<\/p>\n","protected":false},"author":2,"featured_media":330366,"comment_status":"open","ping_status":"closed","sticky":false,"template":"","format":"standard","meta":{"_acf_changed":false,"footnotes":""},"categories":[11645],"tags":[],"coauthors":[],"class_list":["post-343193","post","type-post","status-publish","format-standard","has-post-thumbnail","hentry","category-finanzas-eticas"],"acf":[],"yoast_head":"<!-- This site is optimized with the Yoast SEO plugin v26.9 - https:\/\/yoast.com\/product\/yoast-seo-wordpress\/ -->\n<title>8M: El motor de las finanzas \u00e9ticas para desbloquear el ascensor social - Fiare Banca Etica<\/title>\n<meta name=\"robots\" content=\"index, follow, max-snippet:-1, max-image-preview:large, max-video-preview:-1\" \/>\n<link rel=\"canonical\" href=\"https:\/\/www.fiarebancaetica.coop\/gl\/8m-el-motor-de-las-finanzas-eticas-para-desbloquear-el-ascensor-social\/\" \/>\n<meta property=\"og:locale\" content=\"gl_ES\" \/>\n<meta property=\"og:type\" content=\"article\" \/>\n<meta property=\"og:title\" content=\"8M: El motor de las finanzas \u00e9ticas para desbloquear el ascensor social - Fiare Banca Etica\" \/>\n<meta property=\"og:description\" content=\"El ascensor social est\u00e1 bloqueado para muchas personas, especialmente las mujeres. En el mejor de los casos, funciona tan mal que necesita, si no se reemplaza, un reinicio inmediato\" \/>\n<meta property=\"og:url\" content=\"https:\/\/www.fiarebancaetica.coop\/gl\/8m-el-motor-de-las-finanzas-eticas-para-desbloquear-el-ascensor-social\/\" \/>\n<meta property=\"og:site_name\" content=\"Fiare Banca Etica\" \/>\n<meta property=\"article:published_time\" content=\"2023-03-07T23:00:00+00:00\" \/>\n<meta property=\"article:modified_time\" content=\"2024-02-21T13:48:56+00:00\" \/>\n<meta property=\"og:image\" content=\"https:\/\/www.fiarebancaetica.coop\/app\/uploads\/sites\/2\/2023\/12\/8m-el-motor-de-las-finanzas-eticas-para-desbloquear-el-ascensor-social.jpg\" \/>\n\t<meta property=\"og:image:width\" content=\"680\" \/>\n\t<meta property=\"og:image:height\" content=\"300\" \/>\n\t<meta property=\"og:image:type\" content=\"image\/jpeg\" \/>\n<meta name=\"author\" content=\"crispyadmin0\" \/>\n<meta name=\"twitter:card\" content=\"summary_large_image\" \/>\n<script type=\"application\/ld+json\" class=\"yoast-schema-graph\">{\"@context\":\"https:\/\/schema.org\",\"@graph\":[{\"@type\":\"Article\",\"@id\":\"https:\/\/www.fiarebancaetica.coop\/gl\/8m-el-motor-de-las-finanzas-eticas-para-desbloquear-el-ascensor-social\/#article\",\"isPartOf\":{\"@id\":\"https:\/\/www.fiarebancaetica.coop\/gl\/8m-el-motor-de-las-finanzas-eticas-para-desbloquear-el-ascensor-social\/\"},\"author\":{\"name\":\"crispyadmin0\",\"@id\":\"https:\/\/www.fiarebancaetica.coop\/gl\/#\/schema\/person\/579841e89c804b5db05d9141bd9b8272\"},\"headline\":\"8M: El motor de las finanzas \u00e9ticas para desbloquear el ascensor social\",\"datePublished\":\"2023-03-07T23:00:00+00:00\",\"dateModified\":\"2024-02-21T13:48:56+00:00\",\"mainEntityOfPage\":{\"@id\":\"https:\/\/www.fiarebancaetica.coop\/gl\/8m-el-motor-de-las-finanzas-eticas-para-desbloquear-el-ascensor-social\/\"},\"wordCount\":4066,\"commentCount\":0,\"image\":{\"@id\":\"https:\/\/www.fiarebancaetica.coop\/gl\/8m-el-motor-de-las-finanzas-eticas-para-desbloquear-el-ascensor-social\/#primaryimage\"},\"thumbnailUrl\":\"https:\/\/www.fiarebancaetica.coop\/app\/uploads\/sites\/2\/2023\/12\/8m-el-motor-de-las-finanzas-eticas-para-desbloquear-el-ascensor-social.jpg\",\"articleSection\":[\"Finanzas \u00c9ticas\"],\"inLanguage\":\"gl-ES\",\"potentialAction\":[{\"@type\":\"CommentAction\",\"name\":\"Comment\",\"target\":[\"https:\/\/www.fiarebancaetica.coop\/gl\/8m-el-motor-de-las-finanzas-eticas-para-desbloquear-el-ascensor-social\/#respond\"]}]},{\"@type\":\"WebPage\",\"@id\":\"https:\/\/www.fiarebancaetica.coop\/gl\/8m-el-motor-de-las-finanzas-eticas-para-desbloquear-el-ascensor-social\/\",\"url\":\"https:\/\/www.fiarebancaetica.coop\/gl\/8m-el-motor-de-las-finanzas-eticas-para-desbloquear-el-ascensor-social\/\",\"name\":\"8M: El motor de las finanzas \u00e9ticas para desbloquear el ascensor social - Fiare Banca Etica\",\"isPartOf\":{\"@id\":\"https:\/\/www.fiarebancaetica.coop\/gl\/#website\"},\"primaryImageOfPage\":{\"@id\":\"https:\/\/www.fiarebancaetica.coop\/gl\/8m-el-motor-de-las-finanzas-eticas-para-desbloquear-el-ascensor-social\/#primaryimage\"},\"image\":{\"@id\":\"https:\/\/www.fiarebancaetica.coop\/gl\/8m-el-motor-de-las-finanzas-eticas-para-desbloquear-el-ascensor-social\/#primaryimage\"},\"thumbnailUrl\":\"https:\/\/www.fiarebancaetica.coop\/app\/uploads\/sites\/2\/2023\/12\/8m-el-motor-de-las-finanzas-eticas-para-desbloquear-el-ascensor-social.jpg\",\"datePublished\":\"2023-03-07T23:00:00+00:00\",\"dateModified\":\"2024-02-21T13:48:56+00:00\",\"author\":{\"@id\":\"https:\/\/www.fiarebancaetica.coop\/gl\/#\/schema\/person\/579841e89c804b5db05d9141bd9b8272\"},\"breadcrumb\":{\"@id\":\"https:\/\/www.fiarebancaetica.coop\/gl\/8m-el-motor-de-las-finanzas-eticas-para-desbloquear-el-ascensor-social\/#breadcrumb\"},\"inLanguage\":\"gl-ES\",\"potentialAction\":[{\"@type\":\"ReadAction\",\"target\":[\"https:\/\/www.fiarebancaetica.coop\/gl\/8m-el-motor-de-las-finanzas-eticas-para-desbloquear-el-ascensor-social\/\"]}]},{\"@type\":\"ImageObject\",\"inLanguage\":\"gl-ES\",\"@id\":\"https:\/\/www.fiarebancaetica.coop\/gl\/8m-el-motor-de-las-finanzas-eticas-para-desbloquear-el-ascensor-social\/#primaryimage\",\"url\":\"https:\/\/www.fiarebancaetica.coop\/app\/uploads\/sites\/2\/2023\/12\/8m-el-motor-de-las-finanzas-eticas-para-desbloquear-el-ascensor-social.jpg\",\"contentUrl\":\"https:\/\/www.fiarebancaetica.coop\/app\/uploads\/sites\/2\/2023\/12\/8m-el-motor-de-las-finanzas-eticas-para-desbloquear-el-ascensor-social.jpg\",\"width\":680,\"height\":300},{\"@type\":\"BreadcrumbList\",\"@id\":\"https:\/\/www.fiarebancaetica.coop\/gl\/8m-el-motor-de-las-finanzas-eticas-para-desbloquear-el-ascensor-social\/#breadcrumb\",\"itemListElement\":[{\"@type\":\"ListItem\",\"position\":1,\"name\":\"Home\",\"item\":\"https:\/\/www.fiarebancaetica.coop\/gl\/\"},{\"@type\":\"ListItem\",\"position\":2,\"name\":\"8M: El motor de las finanzas \u00e9ticas para desbloquear el ascensor social\"}]},{\"@type\":\"WebSite\",\"@id\":\"https:\/\/www.fiarebancaetica.coop\/gl\/#website\",\"url\":\"https:\/\/www.fiarebancaetica.coop\/gl\/\",\"name\":\"Fiare Banca Etica\",\"description\":\"\",\"potentialAction\":[{\"@type\":\"SearchAction\",\"target\":{\"@type\":\"EntryPoint\",\"urlTemplate\":\"https:\/\/www.fiarebancaetica.coop\/gl\/?s={search_term_string}\"},\"query-input\":{\"@type\":\"PropertyValueSpecification\",\"valueRequired\":true,\"valueName\":\"search_term_string\"}}],\"inLanguage\":\"gl-ES\"},{\"@type\":\"Person\",\"@id\":\"https:\/\/www.fiarebancaetica.coop\/gl\/#\/schema\/person\/579841e89c804b5db05d9141bd9b8272\",\"name\":\"crispyadmin0\",\"image\":{\"@type\":\"ImageObject\",\"inLanguage\":\"gl-ES\",\"@id\":\"https:\/\/www.fiarebancaetica.coop\/gl\/#\/schema\/person\/image\/5f3a6b7786f32f4c35bd2b1a5a4698ea\",\"url\":\"https:\/\/secure.gravatar.com\/avatar\/4d2cfb499d497b6d49da659fab7404b243a87fe8e40d2cf97a1cae48f677f5b2?s=96&d=mm&r=g\",\"contentUrl\":\"https:\/\/secure.gravatar.com\/avatar\/4d2cfb499d497b6d49da659fab7404b243a87fe8e40d2cf97a1cae48f677f5b2?s=96&d=mm&r=g\",\"caption\":\"crispyadmin0\"},\"sameAs\":[\"crispyadmin0\"]}]}<\/script>\n<!-- \/ Yoast SEO plugin. -->","yoast_head_json":{"title":"8M: El motor de las finanzas \u00e9ticas para desbloquear el ascensor social - Fiare Banca Etica","robots":{"index":"index","follow":"follow","max-snippet":"max-snippet:-1","max-image-preview":"max-image-preview:large","max-video-preview":"max-video-preview:-1"},"canonical":"https:\/\/www.fiarebancaetica.coop\/gl\/8m-el-motor-de-las-finanzas-eticas-para-desbloquear-el-ascensor-social\/","og_locale":"gl_ES","og_type":"article","og_title":"8M: El motor de las finanzas \u00e9ticas para desbloquear el ascensor social - Fiare Banca Etica","og_description":"El ascensor social est\u00e1 bloqueado para muchas personas, especialmente las mujeres. En el mejor de los casos, funciona tan mal que necesita, si no se reemplaza, un reinicio inmediato","og_url":"https:\/\/www.fiarebancaetica.coop\/gl\/8m-el-motor-de-las-finanzas-eticas-para-desbloquear-el-ascensor-social\/","og_site_name":"Fiare Banca Etica","article_published_time":"2023-03-07T23:00:00+00:00","article_modified_time":"2024-02-21T13:48:56+00:00","og_image":[{"width":680,"height":300,"url":"https:\/\/www.fiarebancaetica.coop\/app\/uploads\/sites\/2\/2023\/12\/8m-el-motor-de-las-finanzas-eticas-para-desbloquear-el-ascensor-social.jpg","type":"image\/jpeg"}],"author":"crispyadmin0","twitter_card":"summary_large_image","schema":{"@context":"https:\/\/schema.org","@graph":[{"@type":"Article","@id":"https:\/\/www.fiarebancaetica.coop\/gl\/8m-el-motor-de-las-finanzas-eticas-para-desbloquear-el-ascensor-social\/#article","isPartOf":{"@id":"https:\/\/www.fiarebancaetica.coop\/gl\/8m-el-motor-de-las-finanzas-eticas-para-desbloquear-el-ascensor-social\/"},"author":{"name":"crispyadmin0","@id":"https:\/\/www.fiarebancaetica.coop\/gl\/#\/schema\/person\/579841e89c804b5db05d9141bd9b8272"},"headline":"8M: El motor de las finanzas \u00e9ticas para desbloquear el ascensor social","datePublished":"2023-03-07T23:00:00+00:00","dateModified":"2024-02-21T13:48:56+00:00","mainEntityOfPage":{"@id":"https:\/\/www.fiarebancaetica.coop\/gl\/8m-el-motor-de-las-finanzas-eticas-para-desbloquear-el-ascensor-social\/"},"wordCount":4066,"commentCount":0,"image":{"@id":"https:\/\/www.fiarebancaetica.coop\/gl\/8m-el-motor-de-las-finanzas-eticas-para-desbloquear-el-ascensor-social\/#primaryimage"},"thumbnailUrl":"https:\/\/www.fiarebancaetica.coop\/app\/uploads\/sites\/2\/2023\/12\/8m-el-motor-de-las-finanzas-eticas-para-desbloquear-el-ascensor-social.jpg","articleSection":["Finanzas \u00c9ticas"],"inLanguage":"gl-ES","potentialAction":[{"@type":"CommentAction","name":"Comment","target":["https:\/\/www.fiarebancaetica.coop\/gl\/8m-el-motor-de-las-finanzas-eticas-para-desbloquear-el-ascensor-social\/#respond"]}]},{"@type":"WebPage","@id":"https:\/\/www.fiarebancaetica.coop\/gl\/8m-el-motor-de-las-finanzas-eticas-para-desbloquear-el-ascensor-social\/","url":"https:\/\/www.fiarebancaetica.coop\/gl\/8m-el-motor-de-las-finanzas-eticas-para-desbloquear-el-ascensor-social\/","name":"8M: El motor de las finanzas \u00e9ticas para desbloquear el ascensor social - Fiare Banca Etica","isPartOf":{"@id":"https:\/\/www.fiarebancaetica.coop\/gl\/#website"},"primaryImageOfPage":{"@id":"https:\/\/www.fiarebancaetica.coop\/gl\/8m-el-motor-de-las-finanzas-eticas-para-desbloquear-el-ascensor-social\/#primaryimage"},"image":{"@id":"https:\/\/www.fiarebancaetica.coop\/gl\/8m-el-motor-de-las-finanzas-eticas-para-desbloquear-el-ascensor-social\/#primaryimage"},"thumbnailUrl":"https:\/\/www.fiarebancaetica.coop\/app\/uploads\/sites\/2\/2023\/12\/8m-el-motor-de-las-finanzas-eticas-para-desbloquear-el-ascensor-social.jpg","datePublished":"2023-03-07T23:00:00+00:00","dateModified":"2024-02-21T13:48:56+00:00","author":{"@id":"https:\/\/www.fiarebancaetica.coop\/gl\/#\/schema\/person\/579841e89c804b5db05d9141bd9b8272"},"breadcrumb":{"@id":"https:\/\/www.fiarebancaetica.coop\/gl\/8m-el-motor-de-las-finanzas-eticas-para-desbloquear-el-ascensor-social\/#breadcrumb"},"inLanguage":"gl-ES","potentialAction":[{"@type":"ReadAction","target":["https:\/\/www.fiarebancaetica.coop\/gl\/8m-el-motor-de-las-finanzas-eticas-para-desbloquear-el-ascensor-social\/"]}]},{"@type":"ImageObject","inLanguage":"gl-ES","@id":"https:\/\/www.fiarebancaetica.coop\/gl\/8m-el-motor-de-las-finanzas-eticas-para-desbloquear-el-ascensor-social\/#primaryimage","url":"https:\/\/www.fiarebancaetica.coop\/app\/uploads\/sites\/2\/2023\/12\/8m-el-motor-de-las-finanzas-eticas-para-desbloquear-el-ascensor-social.jpg","contentUrl":"https:\/\/www.fiarebancaetica.coop\/app\/uploads\/sites\/2\/2023\/12\/8m-el-motor-de-las-finanzas-eticas-para-desbloquear-el-ascensor-social.jpg","width":680,"height":300},{"@type":"BreadcrumbList","@id":"https:\/\/www.fiarebancaetica.coop\/gl\/8m-el-motor-de-las-finanzas-eticas-para-desbloquear-el-ascensor-social\/#breadcrumb","itemListElement":[{"@type":"ListItem","position":1,"name":"Home","item":"https:\/\/www.fiarebancaetica.coop\/gl\/"},{"@type":"ListItem","position":2,"name":"8M: El motor de las finanzas \u00e9ticas para desbloquear el ascensor social"}]},{"@type":"WebSite","@id":"https:\/\/www.fiarebancaetica.coop\/gl\/#website","url":"https:\/\/www.fiarebancaetica.coop\/gl\/","name":"Fiare Banca Etica","description":"","potentialAction":[{"@type":"SearchAction","target":{"@type":"EntryPoint","urlTemplate":"https:\/\/www.fiarebancaetica.coop\/gl\/?s={search_term_string}"},"query-input":{"@type":"PropertyValueSpecification","valueRequired":true,"valueName":"search_term_string"}}],"inLanguage":"gl-ES"},{"@type":"Person","@id":"https:\/\/www.fiarebancaetica.coop\/gl\/#\/schema\/person\/579841e89c804b5db05d9141bd9b8272","name":"crispyadmin0","image":{"@type":"ImageObject","inLanguage":"gl-ES","@id":"https:\/\/www.fiarebancaetica.coop\/gl\/#\/schema\/person\/image\/5f3a6b7786f32f4c35bd2b1a5a4698ea","url":"https:\/\/secure.gravatar.com\/avatar\/4d2cfb499d497b6d49da659fab7404b243a87fe8e40d2cf97a1cae48f677f5b2?s=96&d=mm&r=g","contentUrl":"https:\/\/secure.gravatar.com\/avatar\/4d2cfb499d497b6d49da659fab7404b243a87fe8e40d2cf97a1cae48f677f5b2?s=96&d=mm&r=g","caption":"crispyadmin0"},"sameAs":["crispyadmin0"]}]}},"_links":{"self":[{"href":"https:\/\/www.fiarebancaetica.coop\/gl\/wp-json\/wp\/v2\/posts\/343193","targetHints":{"allow":["GET"]}}],"collection":[{"href":"https:\/\/www.fiarebancaetica.coop\/gl\/wp-json\/wp\/v2\/posts"}],"about":[{"href":"https:\/\/www.fiarebancaetica.coop\/gl\/wp-json\/wp\/v2\/types\/post"}],"author":[{"embeddable":true,"href":"https:\/\/www.fiarebancaetica.coop\/gl\/wp-json\/wp\/v2\/users\/2"}],"replies":[{"embeddable":true,"href":"https:\/\/www.fiarebancaetica.coop\/gl\/wp-json\/wp\/v2\/comments?post=343193"}],"version-history":[{"count":1,"href":"https:\/\/www.fiarebancaetica.coop\/gl\/wp-json\/wp\/v2\/posts\/343193\/revisions"}],"predecessor-version":[{"id":355374,"href":"https:\/\/www.fiarebancaetica.coop\/gl\/wp-json\/wp\/v2\/posts\/343193\/revisions\/355374"}],"wp:featuredmedia":[{"embeddable":true,"href":"https:\/\/www.fiarebancaetica.coop\/gl\/wp-json\/wp\/v2\/media\/330366"}],"wp:attachment":[{"href":"https:\/\/www.fiarebancaetica.coop\/gl\/wp-json\/wp\/v2\/media?parent=343193"}],"wp:term":[{"taxonomy":"category","embeddable":true,"href":"https:\/\/www.fiarebancaetica.coop\/gl\/wp-json\/wp\/v2\/categories?post=343193"},{"taxonomy":"post_tag","embeddable":true,"href":"https:\/\/www.fiarebancaetica.coop\/gl\/wp-json\/wp\/v2\/tags?post=343193"},{"taxonomy":"author","embeddable":true,"href":"https:\/\/www.fiarebancaetica.coop\/gl\/wp-json\/wp\/v2\/coauthors?post=343193"}],"curies":[{"name":"wp","href":"https:\/\/api.w.org\/{rel}","templated":true}]}}