{"id":343231,"date":"2023-02-03T08:45:39","date_gmt":"2023-02-03T07:45:39","guid":{"rendered":"https:\/\/www.fiarebancaetica.coop\/se-inicia-el-proceso-electoral-para-la-renovacion-del-comite-etico\/"},"modified":"2024-02-21T14:49:33","modified_gmt":"2024-02-21T13:49:33","slug":"se-inicia-el-proceso-electoral-para-la-renovacion-del-comite-etico","status":"publish","type":"post","link":"https:\/\/www.fiarebancaetica.coop\/gl\/se-inicia-el-proceso-electoral-para-la-renovacion-del-comite-etico\/","title":{"rendered":"Se inicia el proceso electoral para la renovaci\u00f3n del Comit\u00e9 \u00c9tico"},"content":{"rendered":"\n\n<div class=\"wp-block-bancaetica-blocks-blocks-block-49\">\n    <div class=\"container-block-49\">\n\n        <div class=\"header-section \">\n                            <h1 class=\"section-title\"> Etica e cooperativa <\/h1>\n                                            <\/div>\n\n        \n        <div class=\"block-background\" style=\"background-image: url('https:\/\/www.fiarebancaetica.coop\/app\/uploads\/sites\/2\/2023\/12\/Foto_CDA_2-1.jpeg')\">\n                            <div class=\"tile\">\n                    <h1 class=\"image-title\"> Se inicia el proceso electoral para la renovaci\u00f3n del Comit\u00e9 \u00c9tico <\/h1>\n                <\/div>             <!-- end .tile -->\n            <div class=\"bottom-content\">\n                            <\/div> <!-- end .button-content -->\n        <\/div> <!-- end .block-background -->\n    <\/div> <!-- end .container -->\n<\/div> <!-- end wp-block-bancaetica-blocks-blocks-block-06 -->\n\n\n<div class=\"wrapper-crispybacon-class wrapper-crispybacon-class-boxed \">\n    <p><span style=\"color:#000000\">El <strong>Consejo de Administraci&oacute;n<\/strong> de Banca Etica pone en marcha el<strong> proceso electoral para la <a href=\"https:\/\/partecipazione.bancaetica.it\/es\/meetings\/30\/\">renovaci&oacute;n del Comit&eacute; &Eacute;tico<\/a><\/strong>, que se realizar&aacute; en<strong> la Asamblea de personas socias de 20 de mayo de 2023, en Brescia, Sevilla y en streaming.&nbsp;<\/strong><\/span><\/p>\n\n<p><span style=\"color:#000000\">A continuaci&oacute;n el texto integral de la carta dirigida a las personas socias.&nbsp;<\/span><\/p>\n\n<p>&nbsp;<\/p>\n\n<p>&nbsp;<\/p>\n\n<p><span style=\"color:#000000\">Estimada socia, estimado socio,&nbsp;<\/span><\/p>\n\n<p><span style=\"color:#000000\">Como ya sabes se ha iniciado el proceso para la renovaci&oacute;n de nuestro Comit&eacute; &Eacute;tico, que se elegir&aacute; en la <a href=\"http:\/\/partecipazione.bancaetica.it\/es\/meetings\/30\/\">pr&oacute;xima asamblea<\/a> de mayo.<\/span><\/p>\n\n<p><span style=\"color:#000000\">El Comit&eacute; &Eacute;tico es un instrumento importante para Banca Etica: un &oacute;rgano social&nbsp; de debate sobre temas importantes para el banco, para su estrategia, para&nbsp; sus valores y para su futuro.<\/span><\/p>\n\n<p>&nbsp;<\/p>\n\n<p><span style=\"color:#000000\">En tiempos dif&iacute;ciles, de policrisis y de grandes cambios, Banca Etica se encuentra con el hecho de que debe hacer frente a nuevos desaf&iacute;os, con nuevos proyectos, afrontando las distintas y nuevas situaciones desde otras perspectivas y no como lo ha hecho hasta ahora;&nbsp; conflictos sin precedentes entre la humanidad y la naturaleza, revoluci&oacute;n digital o problemas ecol&oacute;gicos, son el pan de cada d&iacute;a. Las finanzas contin&uacute;an moliendo todo lo que encuentran, multiplicando riqueza y pobreza a alt&iacute;sima velocidad. Banca Etica debe continuar poniendo en el centro unas finanzas populares, transparentes y mutualistas.&nbsp;<\/span><\/p>\n\n<p><span style=\"color:#000000\">Por ello un organismo como el Comit&eacute; &Eacute;tico, actuando de manera colegiada y aval&aacute;ndose por ello de las capacidades de cada uno de sus componentes, puede ser de gran ayuda, anticipando reflexiones, ayudando en la resoluci&oacute;n de conflictos y reflexionando sobre el futuro.&nbsp;<\/span><\/p>\n\n<p><span style=\"color:#000000\">En ese contexto, teniendo presente la creciente complejidad y pluralidad de sujetos y proyectos del Grupo Banca Etica, resulta necesario un di&aacute;logo activo entre el Comit&eacute; &Eacute;tico, el Consejo de Administraci&oacute;n y la Asamblea, en coherencia con las estrategias y las prioridades del banco; las relaciones y el trabajo en equipo son una gran riqueza!<\/span><\/p>\n\n<p><span style=\"color:#000000\">El Consejo de Administraci&oacute;n, de acuerdo con las indicaciones estatutarias, pretende proponer en la pr&oacute;xima asamblea elegir un Comit&eacute; de 5 personas, con la idea de que con este n&uacute;mero, se permita una gesti&oacute;n m&aacute;s &aacute;gil del organismo colegiado y una mejor coordinaci&oacute;n con los otros &oacute;rganos sociales y estructuras del banco. Las personas elegidas para el Comit&eacute; &Eacute;tico, no podemos olvidarlo, ejercitan su rol de manera gratuita: es importante facilitar su trabajo en todo lo posible.&nbsp;<\/span><\/p>\n\n<p><span style=\"color:#000000\">A vosotras personas socias y a todos los Portadores de Valor os corresponde la importante tarea de seleccionar las personas que nos ayudar&aacute;n en este camino los pr&oacute;ximos 3 a&ntilde;os, permaneciendo en el cargo hasta mayo del 2026.&nbsp;<\/span><\/p>\n\n<p>&nbsp;<\/p>\n\n<p><span style=\"color:#000000\">Para finalizar agradecemos a los miembros vigente del Comit&eacute; &Eacute;tico por el trabajo desarrollado y que continuar&aacute;n realizando hasta al final de su mandato. Gracias de verdad!<\/span><\/p>\n\n<p><span style=\"color:#000000\">Nos vemos en la asamblea, en presencia en Brescia, en Sevilla, y online.&nbsp;<\/span><\/p>\n\n<p>&nbsp;<\/p>\n\n<p><span style=\"color:#000000\"><em>El Consejo de Administraci&oacute;n de Banca Etica. <\/em><\/span><\/p>\n\n<p>&nbsp;<\/p>\n<\/div>","protected":false},"excerpt":{"rendered":"<p>&nbsp;<\/p>\n<p>&nbsp;<\/p>\n","protected":false},"author":1,"featured_media":336894,"comment_status":"open","ping_status":"closed","sticky":false,"template":"","format":"standard","meta":{"_acf_changed":false,"footnotes":""},"categories":[11641],"tags":[],"coauthors":[],"class_list":["post-343231","post","type-post","status-publish","format-standard","has-post-thumbnail","hentry","category-etica-e-cooperativa"],"acf":[],"yoast_head":"<!-- This site is optimized with the Yoast SEO plugin v26.9 - https:\/\/yoast.com\/product\/yoast-seo-wordpress\/ -->\n<title>Se inicia el proceso electoral para la renovaci\u00f3n del Comit\u00e9 \u00c9tico - Fiare Banca Etica<\/title>\n<meta name=\"robots\" content=\"index, follow, max-snippet:-1, max-image-preview:large, max-video-preview:-1\" \/>\n<link rel=\"canonical\" href=\"https:\/\/www.fiarebancaetica.coop\/gl\/se-inicia-el-proceso-electoral-para-la-renovacion-del-comite-etico\/\" \/>\n<meta property=\"og:locale\" content=\"gl_ES\" \/>\n<meta property=\"og:type\" content=\"article\" \/>\n<meta property=\"og:title\" content=\"Se inicia el proceso electoral para la renovaci\u00f3n del Comit\u00e9 \u00c9tico - Fiare Banca Etica\" \/>\n<meta property=\"og:description\" content=\"&nbsp; &nbsp;\" \/>\n<meta property=\"og:url\" content=\"https:\/\/www.fiarebancaetica.coop\/gl\/se-inicia-el-proceso-electoral-para-la-renovacion-del-comite-etico\/\" \/>\n<meta property=\"og:site_name\" content=\"Fiare Banca Etica\" \/>\n<meta property=\"article:published_time\" content=\"2023-02-03T07:45:39+00:00\" \/>\n<meta property=\"article:modified_time\" content=\"2024-02-21T13:49:33+00:00\" \/>\n<meta property=\"og:image\" content=\"https:\/\/www.fiarebancaetica.coop\/app\/uploads\/sites\/2\/2023\/12\/Foto_CDA_2-1.jpeg\" \/>\n\t<meta property=\"og:image:width\" content=\"2449\" \/>\n\t<meta property=\"og:image:height\" content=\"1632\" \/>\n\t<meta property=\"og:image:type\" content=\"image\/jpeg\" \/>\n<meta name=\"author\" content=\"DINOVA ES PF SOCIO\" \/>\n<meta name=\"twitter:card\" content=\"summary_large_image\" \/>\n<script type=\"application\/ld+json\" class=\"yoast-schema-graph\">{\"@context\":\"https:\/\/schema.org\",\"@graph\":[{\"@type\":\"Article\",\"@id\":\"https:\/\/www.fiarebancaetica.coop\/gl\/se-inicia-el-proceso-electoral-para-la-renovacion-del-comite-etico\/#article\",\"isPartOf\":{\"@id\":\"https:\/\/www.fiarebancaetica.coop\/gl\/se-inicia-el-proceso-electoral-para-la-renovacion-del-comite-etico\/\"},\"author\":{\"name\":\"DINOVA ES PF SOCIO\",\"@id\":\"https:\/\/www.fiarebancaetica.coop\/gl\/#\/schema\/person\/ace3bdacff4456335cf9d9d0f5b2da36\"},\"headline\":\"Se inicia el proceso electoral para la renovaci\u00f3n del Comit\u00e9 \u00c9tico\",\"datePublished\":\"2023-02-03T07:45:39+00:00\",\"dateModified\":\"2024-02-21T13:49:33+00:00\",\"mainEntityOfPage\":{\"@id\":\"https:\/\/www.fiarebancaetica.coop\/gl\/se-inicia-el-proceso-electoral-para-la-renovacion-del-comite-etico\/\"},\"wordCount\":563,\"commentCount\":0,\"image\":{\"@id\":\"https:\/\/www.fiarebancaetica.coop\/gl\/se-inicia-el-proceso-electoral-para-la-renovacion-del-comite-etico\/#primaryimage\"},\"thumbnailUrl\":\"https:\/\/www.fiarebancaetica.coop\/app\/uploads\/sites\/2\/2023\/12\/Foto_CDA_2-1.jpeg\",\"articleSection\":[\"\u00c9tica e cooperativa\"],\"inLanguage\":\"gl-ES\",\"potentialAction\":[{\"@type\":\"CommentAction\",\"name\":\"Comment\",\"target\":[\"https:\/\/www.fiarebancaetica.coop\/gl\/se-inicia-el-proceso-electoral-para-la-renovacion-del-comite-etico\/#respond\"]}]},{\"@type\":\"WebPage\",\"@id\":\"https:\/\/www.fiarebancaetica.coop\/gl\/se-inicia-el-proceso-electoral-para-la-renovacion-del-comite-etico\/\",\"url\":\"https:\/\/www.fiarebancaetica.coop\/gl\/se-inicia-el-proceso-electoral-para-la-renovacion-del-comite-etico\/\",\"name\":\"Se inicia el proceso electoral para la renovaci\u00f3n del Comit\u00e9 \u00c9tico - Fiare Banca Etica\",\"isPartOf\":{\"@id\":\"https:\/\/www.fiarebancaetica.coop\/gl\/#website\"},\"primaryImageOfPage\":{\"@id\":\"https:\/\/www.fiarebancaetica.coop\/gl\/se-inicia-el-proceso-electoral-para-la-renovacion-del-comite-etico\/#primaryimage\"},\"image\":{\"@id\":\"https:\/\/www.fiarebancaetica.coop\/gl\/se-inicia-el-proceso-electoral-para-la-renovacion-del-comite-etico\/#primaryimage\"},\"thumbnailUrl\":\"https:\/\/www.fiarebancaetica.coop\/app\/uploads\/sites\/2\/2023\/12\/Foto_CDA_2-1.jpeg\",\"datePublished\":\"2023-02-03T07:45:39+00:00\",\"dateModified\":\"2024-02-21T13:49:33+00:00\",\"author\":{\"@id\":\"https:\/\/www.fiarebancaetica.coop\/gl\/#\/schema\/person\/ace3bdacff4456335cf9d9d0f5b2da36\"},\"breadcrumb\":{\"@id\":\"https:\/\/www.fiarebancaetica.coop\/gl\/se-inicia-el-proceso-electoral-para-la-renovacion-del-comite-etico\/#breadcrumb\"},\"inLanguage\":\"gl-ES\",\"potentialAction\":[{\"@type\":\"ReadAction\",\"target\":[\"https:\/\/www.fiarebancaetica.coop\/gl\/se-inicia-el-proceso-electoral-para-la-renovacion-del-comite-etico\/\"]}]},{\"@type\":\"ImageObject\",\"inLanguage\":\"gl-ES\",\"@id\":\"https:\/\/www.fiarebancaetica.coop\/gl\/se-inicia-el-proceso-electoral-para-la-renovacion-del-comite-etico\/#primaryimage\",\"url\":\"https:\/\/www.fiarebancaetica.coop\/app\/uploads\/sites\/2\/2023\/12\/Foto_CDA_2-1.jpeg\",\"contentUrl\":\"https:\/\/www.fiarebancaetica.coop\/app\/uploads\/sites\/2\/2023\/12\/Foto_CDA_2-1.jpeg\",\"width\":2449,\"height\":1632},{\"@type\":\"BreadcrumbList\",\"@id\":\"https:\/\/www.fiarebancaetica.coop\/gl\/se-inicia-el-proceso-electoral-para-la-renovacion-del-comite-etico\/#breadcrumb\",\"itemListElement\":[{\"@type\":\"ListItem\",\"position\":1,\"name\":\"Home\",\"item\":\"https:\/\/www.fiarebancaetica.coop\/gl\/\"},{\"@type\":\"ListItem\",\"position\":2,\"name\":\"Se inicia el proceso electoral para la renovaci\u00f3n del Comit\u00e9 \u00c9tico\"}]},{\"@type\":\"WebSite\",\"@id\":\"https:\/\/www.fiarebancaetica.coop\/gl\/#website\",\"url\":\"https:\/\/www.fiarebancaetica.coop\/gl\/\",\"name\":\"Fiare Banca Etica\",\"description\":\"\",\"potentialAction\":[{\"@type\":\"SearchAction\",\"target\":{\"@type\":\"EntryPoint\",\"urlTemplate\":\"https:\/\/www.fiarebancaetica.coop\/gl\/?s={search_term_string}\"},\"query-input\":{\"@type\":\"PropertyValueSpecification\",\"valueRequired\":true,\"valueName\":\"search_term_string\"}}],\"inLanguage\":\"gl-ES\"},{\"@type\":\"Person\",\"@id\":\"https:\/\/www.fiarebancaetica.coop\/gl\/#\/schema\/person\/ace3bdacff4456335cf9d9d0f5b2da36\",\"name\":\"DINOVA ES PF SOCIO\",\"image\":{\"@type\":\"ImageObject\",\"inLanguage\":\"gl-ES\",\"@id\":\"https:\/\/www.fiarebancaetica.coop\/gl\/#\/schema\/person\/image\/d840c429252bc61049c4e64c1994d981\",\"url\":\"https:\/\/secure.gravatar.com\/avatar\/1ff124ae11584284b1a9b4fd44081c816c4e8746a16f7ea5c348c48fe02e7fce?s=96&d=mm&r=g\",\"contentUrl\":\"https:\/\/secure.gravatar.com\/avatar\/1ff124ae11584284b1a9b4fd44081c816c4e8746a16f7ea5c348c48fe02e7fce?s=96&d=mm&r=g\",\"caption\":\"DINOVA ES PF SOCIO\"},\"sameAs\":[\"https:\/\/wwwcoll.bancaetica.it\/wp\"]}]}<\/script>\n<!-- \/ Yoast SEO plugin. -->","yoast_head_json":{"title":"Se inicia el proceso electoral para la renovaci\u00f3n del Comit\u00e9 \u00c9tico - Fiare Banca Etica","robots":{"index":"index","follow":"follow","max-snippet":"max-snippet:-1","max-image-preview":"max-image-preview:large","max-video-preview":"max-video-preview:-1"},"canonical":"https:\/\/www.fiarebancaetica.coop\/gl\/se-inicia-el-proceso-electoral-para-la-renovacion-del-comite-etico\/","og_locale":"gl_ES","og_type":"article","og_title":"Se inicia el proceso electoral para la renovaci\u00f3n del Comit\u00e9 \u00c9tico - Fiare Banca Etica","og_description":"&nbsp; &nbsp;","og_url":"https:\/\/www.fiarebancaetica.coop\/gl\/se-inicia-el-proceso-electoral-para-la-renovacion-del-comite-etico\/","og_site_name":"Fiare Banca Etica","article_published_time":"2023-02-03T07:45:39+00:00","article_modified_time":"2024-02-21T13:49:33+00:00","og_image":[{"width":2449,"height":1632,"url":"https:\/\/www.fiarebancaetica.coop\/app\/uploads\/sites\/2\/2023\/12\/Foto_CDA_2-1.jpeg","type":"image\/jpeg"}],"author":"DINOVA ES PF SOCIO","twitter_card":"summary_large_image","schema":{"@context":"https:\/\/schema.org","@graph":[{"@type":"Article","@id":"https:\/\/www.fiarebancaetica.coop\/gl\/se-inicia-el-proceso-electoral-para-la-renovacion-del-comite-etico\/#article","isPartOf":{"@id":"https:\/\/www.fiarebancaetica.coop\/gl\/se-inicia-el-proceso-electoral-para-la-renovacion-del-comite-etico\/"},"author":{"name":"DINOVA ES PF SOCIO","@id":"https:\/\/www.fiarebancaetica.coop\/gl\/#\/schema\/person\/ace3bdacff4456335cf9d9d0f5b2da36"},"headline":"Se inicia el proceso electoral para la renovaci\u00f3n del Comit\u00e9 \u00c9tico","datePublished":"2023-02-03T07:45:39+00:00","dateModified":"2024-02-21T13:49:33+00:00","mainEntityOfPage":{"@id":"https:\/\/www.fiarebancaetica.coop\/gl\/se-inicia-el-proceso-electoral-para-la-renovacion-del-comite-etico\/"},"wordCount":563,"commentCount":0,"image":{"@id":"https:\/\/www.fiarebancaetica.coop\/gl\/se-inicia-el-proceso-electoral-para-la-renovacion-del-comite-etico\/#primaryimage"},"thumbnailUrl":"https:\/\/www.fiarebancaetica.coop\/app\/uploads\/sites\/2\/2023\/12\/Foto_CDA_2-1.jpeg","articleSection":["\u00c9tica e cooperativa"],"inLanguage":"gl-ES","potentialAction":[{"@type":"CommentAction","name":"Comment","target":["https:\/\/www.fiarebancaetica.coop\/gl\/se-inicia-el-proceso-electoral-para-la-renovacion-del-comite-etico\/#respond"]}]},{"@type":"WebPage","@id":"https:\/\/www.fiarebancaetica.coop\/gl\/se-inicia-el-proceso-electoral-para-la-renovacion-del-comite-etico\/","url":"https:\/\/www.fiarebancaetica.coop\/gl\/se-inicia-el-proceso-electoral-para-la-renovacion-del-comite-etico\/","name":"Se inicia el proceso electoral para la renovaci\u00f3n del Comit\u00e9 \u00c9tico - Fiare Banca Etica","isPartOf":{"@id":"https:\/\/www.fiarebancaetica.coop\/gl\/#website"},"primaryImageOfPage":{"@id":"https:\/\/www.fiarebancaetica.coop\/gl\/se-inicia-el-proceso-electoral-para-la-renovacion-del-comite-etico\/#primaryimage"},"image":{"@id":"https:\/\/www.fiarebancaetica.coop\/gl\/se-inicia-el-proceso-electoral-para-la-renovacion-del-comite-etico\/#primaryimage"},"thumbnailUrl":"https:\/\/www.fiarebancaetica.coop\/app\/uploads\/sites\/2\/2023\/12\/Foto_CDA_2-1.jpeg","datePublished":"2023-02-03T07:45:39+00:00","dateModified":"2024-02-21T13:49:33+00:00","author":{"@id":"https:\/\/www.fiarebancaetica.coop\/gl\/#\/schema\/person\/ace3bdacff4456335cf9d9d0f5b2da36"},"breadcrumb":{"@id":"https:\/\/www.fiarebancaetica.coop\/gl\/se-inicia-el-proceso-electoral-para-la-renovacion-del-comite-etico\/#breadcrumb"},"inLanguage":"gl-ES","potentialAction":[{"@type":"ReadAction","target":["https:\/\/www.fiarebancaetica.coop\/gl\/se-inicia-el-proceso-electoral-para-la-renovacion-del-comite-etico\/"]}]},{"@type":"ImageObject","inLanguage":"gl-ES","@id":"https:\/\/www.fiarebancaetica.coop\/gl\/se-inicia-el-proceso-electoral-para-la-renovacion-del-comite-etico\/#primaryimage","url":"https:\/\/www.fiarebancaetica.coop\/app\/uploads\/sites\/2\/2023\/12\/Foto_CDA_2-1.jpeg","contentUrl":"https:\/\/www.fiarebancaetica.coop\/app\/uploads\/sites\/2\/2023\/12\/Foto_CDA_2-1.jpeg","width":2449,"height":1632},{"@type":"BreadcrumbList","@id":"https:\/\/www.fiarebancaetica.coop\/gl\/se-inicia-el-proceso-electoral-para-la-renovacion-del-comite-etico\/#breadcrumb","itemListElement":[{"@type":"ListItem","position":1,"name":"Home","item":"https:\/\/www.fiarebancaetica.coop\/gl\/"},{"@type":"ListItem","position":2,"name":"Se inicia el proceso electoral para la renovaci\u00f3n del Comit\u00e9 \u00c9tico"}]},{"@type":"WebSite","@id":"https:\/\/www.fiarebancaetica.coop\/gl\/#website","url":"https:\/\/www.fiarebancaetica.coop\/gl\/","name":"Fiare Banca Etica","description":"","potentialAction":[{"@type":"SearchAction","target":{"@type":"EntryPoint","urlTemplate":"https:\/\/www.fiarebancaetica.coop\/gl\/?s={search_term_string}"},"query-input":{"@type":"PropertyValueSpecification","valueRequired":true,"valueName":"search_term_string"}}],"inLanguage":"gl-ES"},{"@type":"Person","@id":"https:\/\/www.fiarebancaetica.coop\/gl\/#\/schema\/person\/ace3bdacff4456335cf9d9d0f5b2da36","name":"DINOVA ES PF SOCIO","image":{"@type":"ImageObject","inLanguage":"gl-ES","@id":"https:\/\/www.fiarebancaetica.coop\/gl\/#\/schema\/person\/image\/d840c429252bc61049c4e64c1994d981","url":"https:\/\/secure.gravatar.com\/avatar\/1ff124ae11584284b1a9b4fd44081c816c4e8746a16f7ea5c348c48fe02e7fce?s=96&d=mm&r=g","contentUrl":"https:\/\/secure.gravatar.com\/avatar\/1ff124ae11584284b1a9b4fd44081c816c4e8746a16f7ea5c348c48fe02e7fce?s=96&d=mm&r=g","caption":"DINOVA ES PF SOCIO"},"sameAs":["https:\/\/wwwcoll.bancaetica.it\/wp"]}]}},"_links":{"self":[{"href":"https:\/\/www.fiarebancaetica.coop\/gl\/wp-json\/wp\/v2\/posts\/343231","targetHints":{"allow":["GET"]}}],"collection":[{"href":"https:\/\/www.fiarebancaetica.coop\/gl\/wp-json\/wp\/v2\/posts"}],"about":[{"href":"https:\/\/www.fiarebancaetica.coop\/gl\/wp-json\/wp\/v2\/types\/post"}],"author":[{"embeddable":true,"href":"https:\/\/www.fiarebancaetica.coop\/gl\/wp-json\/wp\/v2\/users\/1"}],"replies":[{"embeddable":true,"href":"https:\/\/www.fiarebancaetica.coop\/gl\/wp-json\/wp\/v2\/comments?post=343231"}],"version-history":[{"count":2,"href":"https:\/\/www.fiarebancaetica.coop\/gl\/wp-json\/wp\/v2\/posts\/343231\/revisions"}],"predecessor-version":[{"id":355670,"href":"https:\/\/www.fiarebancaetica.coop\/gl\/wp-json\/wp\/v2\/posts\/343231\/revisions\/355670"}],"wp:featuredmedia":[{"embeddable":true,"href":"https:\/\/www.fiarebancaetica.coop\/gl\/wp-json\/wp\/v2\/media\/336894"}],"wp:attachment":[{"href":"https:\/\/www.fiarebancaetica.coop\/gl\/wp-json\/wp\/v2\/media?parent=343231"}],"wp:term":[{"taxonomy":"category","embeddable":true,"href":"https:\/\/www.fiarebancaetica.coop\/gl\/wp-json\/wp\/v2\/categories?post=343231"},{"taxonomy":"post_tag","embeddable":true,"href":"https:\/\/www.fiarebancaetica.coop\/gl\/wp-json\/wp\/v2\/tags?post=343231"},{"taxonomy":"author","embeddable":true,"href":"https:\/\/www.fiarebancaetica.coop\/gl\/wp-json\/wp\/v2\/coauthors?post=343231"}],"curies":[{"name":"wp","href":"https:\/\/api.w.org\/{rel}","templated":true}]}}