{"id":343312,"date":"2022-11-15T00:00:00","date_gmt":"2022-11-14T23:00:00","guid":{"rendered":"https:\/\/www.fiarebancaetica.coop\/fondo-calala-trabajando-por-los-derechos-de-las-mujeres\/"},"modified":"2024-02-21T14:53:35","modified_gmt":"2024-02-21T13:53:35","slug":"fondo-calala-trabajando-por-los-derechos-de-las-mujeres","status":"publish","type":"post","link":"https:\/\/www.fiarebancaetica.coop\/gl\/fondo-calala-trabajando-por-los-derechos-de-las-mujeres\/","title":{"rendered":"Fondo Calala, trabajando por los derechos de las mujeres"},"content":{"rendered":"\n\n<div class=\"wp-block-bancaetica-blocks-blocks-block-49\">\n    <div class=\"container-block-49\">\n\n        <div class=\"header-section \">\n                            <h1 class=\"section-title\"> Etica e cooperativa <\/h1>\n                                            <\/div>\n\n        \n        <div class=\"block-background\" style=\"background-image: url('https:\/\/www.fiarebancaetica.coop\/app\/uploads\/sites\/2\/2023\/12\/fondo-calala-activismo-migrante.jpg')\">\n                            <div class=\"tile\">\n                    <h1 class=\"image-title\"> Fondo Calala, trabajando por los derechos de las mujeres <\/h1>\n                <\/div>             <!-- end .tile -->\n            <div class=\"bottom-content\">\n                            <\/div> <!-- end .button-content -->\n        <\/div> <!-- end .block-background -->\n    <\/div> <!-- end .container -->\n<\/div> <!-- end wp-block-bancaetica-blocks-blocks-block-06 -->\n\n\n<div class=\"wrapper-crispybacon-class wrapper-crispybacon-class-boxed \">\n    <p>\n\tEl fondo Calala, creado en Barcelona en 2009, se dedica a movilizar recursos y recaudar fondos para fortalecer a grupos de base, redes y organizaciones que trabajan por los derechos femeninos. Hablamos con Mar\u00eda Palomares Arenas, directora de <a href=\"https:\/\/calala.org\/\">Calala<\/a>. Una iniciativa impulsada por <a href=\"https:\/\/labcoop.coop\/\">LabCoop<\/a>.&nbsp;<\/p>\n<h2>\n\t\u00bfDe donde surge la iniciativa?<\/h2>\n<p>\n\tCalala nace en Centroam\u00e9rica, de la mano de mujeres feministas del estado espa\u00f1ol que tienen un fuerte v\u00ednculo con la regi\u00f3n. La idea en su origen era hacer llegar los fondos de la cooperaci\u00f3n espa\u00f1ola a las organizaciones de mujeres de base centroamericanas. Calala surge dentro de la Red Internacional de Fondo de Mujeres, Prospera, y es el Fondo Centroamericano de Mujeres quien nos da los 30.000 euros necesarios para crear una fundaci\u00f3n.<\/p>\n<p>\n\tEnseguida, cuando empezaromos a operar, decidimos que adem\u00e1s de financiar grupos a Centream\u00e9rica, quer\u00edamos apoyar a las organizaciones de mujeres migrantes latinoamericanas que estaban surgiendo y haciendo un trabajo fant\u00e1stico por todo el estado espa\u00f1ol. As\u00ed que empezamos a financiar aqu\u00ed tambi\u00e9n.<\/p>\n<p>\n\tEl 2016 decidimos enfocarnos al financiar organizaciones que defienden los derechos sexuales y reproductivos, porque vimos que est\u00e1bamos viviendo un retroceso en derechos de las mujeres por el ataque de organizaciones anti-derechos. Unos ataques que no han hecho m\u00e1s que crecer desde entonces, y no tanto solo contra los derechos de las mujeres, sino contra los Derechos Humanos y las democracias en general.<\/p>\n<h2>\n\t\u00bfQu\u00e9 entidades form\u00e1is parte?<\/h2>\n<p>\n\tCalala es una fundaci\u00f3n y no tenemos entidades asociadas. Eso s\u00ed, sentimos que las organizaciones a quienes damos son parte activa de nuestra entidad, y tenemos una relaci\u00f3n muy estrecha con ellas.<\/p>\n<p>\n\tEn 2021 apoyamos a 69 organizaciones de mujeres de Centroam\u00e9rica, el Estado espa\u00f1ol y Europa. Entregamos 1.900.000 euros en donaciones, que fueron a parar a organizaciones de mujeres, otros fondos de mujeres de Europa y a activistas a nivel individual que necesitaban apoyo para estar viviendo ataques.<\/p>\n<h2>\n\t\u00bfC\u00f3mo identific\u00e1is los proyectos que reciben el donativo?<\/h2>\n<p>\n\tTenemos diferentes maneras de identificar y seleccionar las organizaciones que apoyamos. Por ejemplo, para apoyar a las organizaciones de mujeres migrantes del Estado espa\u00f1ol, invitamos a participar a unas 40 organizaciones de todo el Estado espa\u00f1ol en una convocatoria, de manera participativa, entre estos 40 grupos, se seleccionaron 24 que finalmente recibieron financiaci\u00f3n. Una vez seleccionados tenemos el compromiso de continuar apoy\u00e1ndolos por tres a\u00f1os m\u00e1s.<\/p>\n<h2>\n\t\u00bfNos podr\u00edas explicar alg\u00fan proyecto en concreto?<\/h2>\n<p>\n\tEl 2020, con el apoyo de entidades feministas de la econom\u00eda social y solidaria, creamos el Fondo Dalia, un fondo para apoyar de estructura a cooperativas y otras entidades de la econom\u00eda social feministas. En la primera convocatoria financiamos 19 organizaciones, entre las cuales hab\u00eda cooperativas del sector de las curas y la limpieza creadas por mujeres migrantes, proyectos de educaci\u00f3n para personas adultas (mujeres en su mayor\u00eda) y espacios de crianza, cooperativas de mujeres programadoras, cooperativas de abogadas, cooperativas que atienen a mujeres que viven m\u00faltiples violencias&#8230; Un abanico muy amplio de entidades, con quienes ahora estamos intentando crear un espacio de colaboraci\u00f3n para encontrar sinergias entre todas.<\/p>\n<p>\n\tPor ejemplo, ha salido una idea de colaboraci\u00f3n entre las cooperativas de cura y limpieza y cooperativas de programadoras para desarrollar una aplicaci\u00f3n m\u00f3vil que ayude a contratar los servicios de las empleadas del hogar, teniendo cuenta sus condiciones de trabajo e intentando fomentar una contrataci\u00f3n justa.<\/p>\n<h2>\n\t\u00bfCu\u00e1l es el perfil de donante?<\/h2>\n<p>\n\tCalala tiene una financiaci\u00f3n 50% p\u00fablico y 50% privado. La financiaci\u00f3n p\u00fablica procede principalmente de las agencias de cooperaci\u00f3n descentralizadas, como por ejemplo la Agencia Catalana de Cooperaci\u00f3n y la agencia vasca.<\/p>\n<p>\n\tLa financiaci\u00f3n privada proviene en su mayor\u00eda de fundaciones internacionales que apuestan por proyectos de justicia social y con mirada de g\u00e9nero.<\/p>\n<p>\n\tDentro de este 50% de financiaci\u00f3n privada tenemos un 3% que proviene de personas que nos donan su dinero y que conf\u00edan en nuestra entidad. Principalmente son mujeres feministas activistas de Barcelona, Madrid y Euskadi. Pero tambi\u00e9n recibimos donaciones de hombres (un 15% de nuestros donantes individuales son hombres). Sabemos que podemos hacer crecer esta comunidad que nos apoya, y ahora mismo estamos invirtiendo para llegar a m\u00e1s gente y contar con m\u00e1s donantes individuales.<\/p>\n<h2>\n\t\u00bfQu\u00e9 le ped\u00eds a la sociedad civil?<\/h2>\n<p>\n\tPensamos que una parte de la solidaridad viene para poner nuestros recursos econ\u00f3micos al servicio de proyectos por la justicia social y el cambio de sistema. Las movilizaciones en la calle, los proyectos educativos, los medios de comunicaci\u00f3n alternativos son imprescindibles para ir juntas hacia otro mundo. Y para hacer todo esto hacen falta recursos. Nosotros nos enfocamos al conseguir estos recursos, y es esto el que pedimos a la gente, dinero para tener poder para vivir la vida que queremos vivir.<\/p>\n<h2>\n\t\u00bfC\u00f3mo puede colaborar alguien interesado en el proyecto?<\/h2>\n<p>\n\tLa principal colaboraci\u00f3n con Calala pasa por la donaci\u00f3n. Pero tambi\u00e9n canalizamos otro tipo de recursos, como por ejemplo formaci\u00f3n, abrir puertas para hacer incidencia, espacios de encuentros&#8230; Nuestro trabajo es muy especializado, la busca de recursos y la entrega de donaciones. Nosotros no hacemos atenci\u00f3n a mujeres. Pero si la gente que sabe de contabilidad, formulaci\u00f3n de proyectos, gesti\u00f3n por procesos nos quiere ayudar, son muy bienvenidos.<\/p>\n<h2>\n\tEste noviembre hab\u00e9is participado en Tejiendo territorios a Bilbao. \u00bfQu\u00e9 es este encuentro?<\/h2>\n<p>\n\tEl encuentro de Bilbao fue un espacio maravilloso donde, despu\u00e9s de muchos a\u00f1os, nos pudimos encontrar las organizaciones que apoyamos en el Estado espa\u00f1ol y las de Centroam\u00e9rica. Nos encontramosunas 60 mujeres, principalmente mujeres latinoamericanas, que hablamos de la situaci\u00f3n en Am\u00e9rica Latina y a Europa y los v\u00ednculos que nos unen. Los discursos antirracistas y decolonials tuvimos mucho protagonismo, pero tambi\u00e9n hablamos de apoyo mutuo para afrontar los tiempos tan dif\u00edciles que estamos viviendo y, por supuesto festejamos estar juntas y formar parte de una misma comunidad.<\/p>\n<p>\n\t<a href=\"https:\/\/calala.org\">https:\/\/calala.org<\/a><\/p>\n<p>\n\t<img decoding=\"async\" alt=\"\" src=\"http:\/\/www.fiarebancaetica.coop\/app\/uploads\/sites\/2\/2023\/12\/Mujeres-fondo-dalia-2-scaled.jpg\" style=\"width: 500px;\" \/><\/p>\n<h1>\n\t<br \/>\n\t<span>Fons Calala, treballant pels drets de les dones<\/span><\/h1>\n<p>\n\tEl fons Calala, creat a Barcelona en 2009, es dedica a mobilitzar recursos i recaptar fons per a enfortir a grups de base, xarxes i organitzacions que treballen pels drets femenins. Parlem amb Mar\u00eda Palomares Arenas, directora de <a href=\"https:\/\/calala.org\/\"><strong>Calala<\/strong><\/a>.&nbsp;Una iniciativa impulsada por LabCoop.&nbsp;<\/p>\n<h2>\n\tD&#8217;on sorgeix la iniciativa?<\/h2>\n<p>\n\tCalala neix a Centream\u00e8rica, de la m\u00e0 de dones feministes de l&#8217;estat espanyol que tenen un fort vincle amb la regi\u00f3. La idea en el seu origen era fer arribar els fons de la cooperaci\u00f3 espanyola a les organitzacions de dones de base centreamericanes. Calala sorgeix dins de la Red Internacional de Fons de Dones, Prospera, i \u00e9s el Fondo Centroamericano de Mujeres qui ens dona els 30.000 euros necessaris per crear una fundaci\u00f3.<\/p>\n<p>\n\tDe seguida, quan van comen\u00e7ar a operar, vam decidir que a m\u00e9s de finan\u00e7ar grups a Centream\u00e9rica, vol\u00edem donar suport a les organitzacions de dones migrants llatinoamericanes que estaven sorgint i fent una feina fant\u00e0stica per tot l&#8217;estat espanyol. Aix\u00ed que vam comen\u00e7ar a finan\u00e7ar aqu\u00ed tamb\u00e9.<\/p>\n<p>\n\tEl 2016 vam decidir enfocar-nos en finan\u00e7ar organitzacions que defensen els drets sexuals i reproductius, perqu\u00e8 vam veure que est\u00e0vem vivint un retroc\u00e9s en drets de les dones per l&#8217;atac d&#8217;organitzacions anti-drets. Uns atacs que no han fet m\u00e9s que cr\u00e9ixer des de llavors, i no tant sols contra els drets de les dones, sin\u00f3 contra els Drets Humans i les democr\u00e0cies en general.<\/p>\n<h2>\n\tQuines entitats hi formeu part?<\/h2>\n<p>\n\tCalala \u00e9s una fundaci\u00f3 i no tenim entitats associades. Aix\u00f2 s\u00ed, sentim que les organitzacions a qui donem s\u00f3n part activa de la nostra entitat, i tenim una relaci\u00f3 molt estreta amb elles.&nbsp;<\/p>\n<p>\n\tEn 2021 vam donar suport a 69 organitzacions de dones de Centream\u00e8rica, l&#8217;Estat espanyol i Europa. Vam entregar 1.900.000 euros en donacions, que van anar a parar a organitzacions de dones, altres fons de dones d&#8217;Europa i a activistes a nivell individual que necessitaven suport per estar vivint atacs.<\/p>\n<h2>\n\tCom identifiqueu els projectes que reben el donatiu?<\/h2>\n<p>\n\tTenim diferents maneres de identificar i seleccionar les organitzacions que donem suport. Per exemple, per donar suport a les organitzacions de dones migrants de l&#8217;Estat espanyol, vam convidar a participar a unes 40 organitzacions de tot l&#8217;Estat espanyol en una convocat\u00f2ria, de manera participativa, entre aquests 40 grups, es van seleccionar-ne 24 que finalment van rebre finan\u00e7ament. Una vegada seleccionats tenim el comprom\u00eds de continuar donant-los suport per tres anys m\u00e9s.<\/p>\n<p>\n\t<img decoding=\"async\" alt=\"\" src=\"http:\/\/www.fiarebancaetica.coop\/app\/uploads\/sites\/2\/2023\/12\/Foto-4-retocada.jpg\" style=\"width: 500px; height: 265px;\" \/><\/p>\n<h2>\n\tEns podries explicar algun projecte en concret?<\/h2>\n<p>\n\tEl 2020, amb el suport d&#8217;entitats feministes de l&#8217;economia social i solid\u00e0ria, vam crear el Fondo Dalia, un fons per donar suport d&#8217;estructura a cooperatives i altres entitats de l&#8217;economia social feministes. En la primera convocat\u00f2ria vam finan\u00e7ar 19 organitzacions, entre les quals hi havia cooperatives del sector de les cures i la neteja creades per dones migrants, projectes d&#8217;educaci\u00f3 per a persones adultes (dones en la seva majoria) i espais de crian\u00e7a, cooperatives de dones programadores, cooperatives d&#8217;advocades, cooperatives que atenen a dones que viuen m\u00faltiples viol\u00e8ncies&#8230; Un ventall molt ampli d&#8217;entitats, amb qui ara estem intentant crear un espai de col\u00b7laboraci\u00f3 per trobar sinergies entre totes.<\/p>\n<p>\n\tPer exemple, ha sortit una idea de col\u00b7laboraci\u00f3 entre les cooperatives de cura i neteja i cooperatives de programadores per desenvolupar una aplicaci\u00f3 m\u00f2bil que ajudi a contractar els serveis de les empleades de la llar, tenint en compta les seves condicions de treball i intentant fomentar una contractaci\u00f3 justa.<\/p>\n<h2>\n\tQui s\u00f3n els perfils de donants?<\/h2>\n<p>\n\tCalala t\u00e9 un finan\u00e7ament 50% p\u00fablic i 50% privat. El finan\u00e7ament p\u00fablic procedeix principalment de les ag\u00e8ncies de cooperaci\u00f3 descentralitzades, com ara l&#8217;Ag\u00e8ncia Catalana de Cooperaci\u00f3 i l&#8217;ag\u00e8ncia basca.<\/p>\n<p>\n\tEl finan\u00e7ament privat prov\u00e9 en la seva majoria de fundacions internacionals que aposten per projectes de just\u00edcia social i amb mirada de g\u00e8nere.<\/p>\n<p>\n\tDins d&#8217;aquest 50% de finan\u00e7ament privat tenim un 3% que prov\u00e9 de persones que ens donen els seus diners i que confien en la nostra entitat. Principalment s\u00f3n dones feministes activistes de Barcelona, Madrid i Euskadi. Per\u00f2 tamb\u00e9 rebem donacions de homes (com un 15% dels nostres donants individuals s\u00f3n homes). Sabem que podem fer cr\u00e9ixer aquesta comunitat que ens dona suport, i ara mateix estem invertint per tal d&#8217;arribar a m\u00e9s gent i comptar amb m\u00e9s donants individuals.<\/p>\n<h2>\n\tQu\u00e8 li demaneu a la societat civil entorn al recolzament d&#8217;aquest tipus d&#8217;iniciativa?<\/h2>\n<p>\n\tNosaltres pensem que una part de la solidaritat ve per posar els nostres recursos econ\u00f2mics al servei de projectes per la just\u00edcia social i el canvi de sistema. Les mobilitzacions al carrer, els projectes educatius, els mitjans de comunicaci\u00f3 alternatius s\u00f3n imprescindibles per anar juntes cap a un altre m\u00f3n. I per fer tot aix\u00f2 calen recursos. Nosaltres ens enfoquem en aconseguir aquests recursos, i \u00e9s aix\u00f2 el que demanem a la gent, diners per tenir poder per viure la vida que volem viure.<\/p>\n<h2>\n\tCom pot col\u00b7laborar alg\u00fa interessat en el projecte?<\/h2>\n<p>\n\tLa principal col\u00b7laboraci\u00f3 amb Calala passa per la donaci\u00f3. Per\u00f2 tamb\u00e9 canalitzem altre tipus de recursos, com ara formaci\u00f3, obrir portes per fer incid\u00e8ncia, espais de trobades&#8230; La nostra feina \u00e9s molt especialitzada, la cerca de recursos i l&#8217;entrega de donacions. Nosaltres no fem atenci\u00f3 a dones. Per\u00f2 si la gent que sap de comptabilitat, formulaci\u00f3 de projectes, gesti\u00f3 per processos ens vol ajudar, s\u00f3n molt benvinguts.<\/p>\n<h2>\n\tAquest novembre heu participat en Teixint territoris a Bilbao. Qu\u00e8 \u00e9s aquesta trobada?<\/h2>\n<p>\n\tLa trobada de Bilbao va ser un espai meravell\u00f3s on, despr\u00e9s de molts anys, ens vam poder trobar les organitzacions que donem suport a l&#8217;Estat espanyol i les de Centream\u00e8rica. Ens vam trobar all\u00e0 unes 60 dones, principalment dones llatinoamericanes, que vam parlar de la situaci\u00f3 a Am\u00e8rica Llatina i a Europa i els lligams que ens uneixen. Els discursos antiracistes i decolonials vam tenir molt protagonisme, per\u00f2 tamb\u00e9 vam parlar de suport mutu per afrontar els temps tan dif\u00edcils que estem vivint i, per descomptat vam festejar estar juntes i formar part d&#8217;una mateixa comunitat.<\/p>\n<p>\n\t<a href=\"https:\/\/calala.org\/\"><strong>https:\/\/calala.org<\/strong><\/a><\/p>\n<\/div>","protected":false},"excerpt":{"rendered":"<p>\n\tEl fons Calala, creat a Barcelona en 2009, es dedica a mobilitzar recursos i recaptar fons per a enfortir a grups de base, xarxes i organitzacions que treballen pels drets femenins. Parlem amb Mar\u00eda Palomares Arenas<\/p>\n","protected":false},"author":2,"featured_media":330245,"comment_status":"open","ping_status":"closed","sticky":false,"template":"","format":"standard","meta":{"_acf_changed":false,"footnotes":""},"categories":[11645],"tags":[],"coauthors":[],"class_list":["post-343312","post","type-post","status-publish","format-standard","has-post-thumbnail","hentry","category-finanzas-eticas"],"acf":[],"yoast_head":"<!-- This site is optimized with the Yoast SEO plugin v26.9 - https:\/\/yoast.com\/product\/yoast-seo-wordpress\/ -->\n<title>Fondo Calala, trabajando por los derechos de las mujeres - Fiare Banca Etica<\/title>\n<meta name=\"robots\" content=\"index, follow, max-snippet:-1, max-image-preview:large, max-video-preview:-1\" \/>\n<link rel=\"canonical\" href=\"https:\/\/www.fiarebancaetica.coop\/gl\/fondo-calala-trabajando-por-los-derechos-de-las-mujeres\/\" \/>\n<meta property=\"og:locale\" content=\"gl_ES\" \/>\n<meta property=\"og:type\" content=\"article\" \/>\n<meta property=\"og:title\" content=\"Fondo Calala, trabajando por los derechos de las mujeres - Fiare Banca Etica\" \/>\n<meta property=\"og:description\" content=\"El fons Calala, creat a Barcelona en 2009, es dedica a mobilitzar recursos i recaptar fons per a enfortir a grups de base, xarxes i organitzacions que treballen pels drets femenins. Parlem amb Mar\u00eda Palomares Arenas\" \/>\n<meta property=\"og:url\" content=\"https:\/\/www.fiarebancaetica.coop\/gl\/fondo-calala-trabajando-por-los-derechos-de-las-mujeres\/\" \/>\n<meta property=\"og:site_name\" content=\"Fiare Banca Etica\" \/>\n<meta property=\"article:published_time\" content=\"2022-11-14T23:00:00+00:00\" \/>\n<meta property=\"article:modified_time\" content=\"2024-02-21T13:53:35+00:00\" \/>\n<meta property=\"og:image\" content=\"https:\/\/www.fiarebancaetica.coop\/app\/uploads\/sites\/2\/2023\/12\/fondo-calala-activismo-migrante.jpg\" \/>\n\t<meta property=\"og:image:width\" content=\"580\" \/>\n\t<meta property=\"og:image:height\" content=\"250\" \/>\n\t<meta property=\"og:image:type\" content=\"image\/jpeg\" \/>\n<meta name=\"author\" content=\"crispyadmin0\" \/>\n<meta name=\"twitter:card\" content=\"summary_large_image\" \/>\n<script type=\"application\/ld+json\" class=\"yoast-schema-graph\">{\"@context\":\"https:\/\/schema.org\",\"@graph\":[{\"@type\":\"Article\",\"@id\":\"https:\/\/www.fiarebancaetica.coop\/gl\/fondo-calala-trabajando-por-los-derechos-de-las-mujeres\/#article\",\"isPartOf\":{\"@id\":\"https:\/\/www.fiarebancaetica.coop\/gl\/fondo-calala-trabajando-por-los-derechos-de-las-mujeres\/\"},\"author\":{\"name\":\"crispyadmin0\",\"@id\":\"https:\/\/www.fiarebancaetica.coop\/gl\/#\/schema\/person\/579841e89c804b5db05d9141bd9b8272\"},\"headline\":\"Fondo Calala, trabajando por los derechos de las mujeres\",\"datePublished\":\"2022-11-14T23:00:00+00:00\",\"dateModified\":\"2024-02-21T13:53:35+00:00\",\"mainEntityOfPage\":{\"@id\":\"https:\/\/www.fiarebancaetica.coop\/gl\/fondo-calala-trabajando-por-los-derechos-de-las-mujeres\/\"},\"wordCount\":2087,\"commentCount\":0,\"image\":{\"@id\":\"https:\/\/www.fiarebancaetica.coop\/gl\/fondo-calala-trabajando-por-los-derechos-de-las-mujeres\/#primaryimage\"},\"thumbnailUrl\":\"https:\/\/www.fiarebancaetica.coop\/app\/uploads\/sites\/2\/2023\/12\/fondo-calala-activismo-migrante.jpg\",\"articleSection\":[\"Finanzas \u00c9ticas\"],\"inLanguage\":\"gl-ES\",\"potentialAction\":[{\"@type\":\"CommentAction\",\"name\":\"Comment\",\"target\":[\"https:\/\/www.fiarebancaetica.coop\/gl\/fondo-calala-trabajando-por-los-derechos-de-las-mujeres\/#respond\"]}]},{\"@type\":\"WebPage\",\"@id\":\"https:\/\/www.fiarebancaetica.coop\/gl\/fondo-calala-trabajando-por-los-derechos-de-las-mujeres\/\",\"url\":\"https:\/\/www.fiarebancaetica.coop\/gl\/fondo-calala-trabajando-por-los-derechos-de-las-mujeres\/\",\"name\":\"Fondo Calala, trabajando por los derechos de las mujeres - Fiare Banca Etica\",\"isPartOf\":{\"@id\":\"https:\/\/www.fiarebancaetica.coop\/gl\/#website\"},\"primaryImageOfPage\":{\"@id\":\"https:\/\/www.fiarebancaetica.coop\/gl\/fondo-calala-trabajando-por-los-derechos-de-las-mujeres\/#primaryimage\"},\"image\":{\"@id\":\"https:\/\/www.fiarebancaetica.coop\/gl\/fondo-calala-trabajando-por-los-derechos-de-las-mujeres\/#primaryimage\"},\"thumbnailUrl\":\"https:\/\/www.fiarebancaetica.coop\/app\/uploads\/sites\/2\/2023\/12\/fondo-calala-activismo-migrante.jpg\",\"datePublished\":\"2022-11-14T23:00:00+00:00\",\"dateModified\":\"2024-02-21T13:53:35+00:00\",\"author\":{\"@id\":\"https:\/\/www.fiarebancaetica.coop\/gl\/#\/schema\/person\/579841e89c804b5db05d9141bd9b8272\"},\"breadcrumb\":{\"@id\":\"https:\/\/www.fiarebancaetica.coop\/gl\/fondo-calala-trabajando-por-los-derechos-de-las-mujeres\/#breadcrumb\"},\"inLanguage\":\"gl-ES\",\"potentialAction\":[{\"@type\":\"ReadAction\",\"target\":[\"https:\/\/www.fiarebancaetica.coop\/gl\/fondo-calala-trabajando-por-los-derechos-de-las-mujeres\/\"]}]},{\"@type\":\"ImageObject\",\"inLanguage\":\"gl-ES\",\"@id\":\"https:\/\/www.fiarebancaetica.coop\/gl\/fondo-calala-trabajando-por-los-derechos-de-las-mujeres\/#primaryimage\",\"url\":\"https:\/\/www.fiarebancaetica.coop\/app\/uploads\/sites\/2\/2023\/12\/fondo-calala-activismo-migrante.jpg\",\"contentUrl\":\"https:\/\/www.fiarebancaetica.coop\/app\/uploads\/sites\/2\/2023\/12\/fondo-calala-activismo-migrante.jpg\",\"width\":580,\"height\":250},{\"@type\":\"BreadcrumbList\",\"@id\":\"https:\/\/www.fiarebancaetica.coop\/gl\/fondo-calala-trabajando-por-los-derechos-de-las-mujeres\/#breadcrumb\",\"itemListElement\":[{\"@type\":\"ListItem\",\"position\":1,\"name\":\"Home\",\"item\":\"https:\/\/www.fiarebancaetica.coop\/gl\/\"},{\"@type\":\"ListItem\",\"position\":2,\"name\":\"Fondo Calala, trabajando por los derechos de las mujeres\"}]},{\"@type\":\"WebSite\",\"@id\":\"https:\/\/www.fiarebancaetica.coop\/gl\/#website\",\"url\":\"https:\/\/www.fiarebancaetica.coop\/gl\/\",\"name\":\"Fiare Banca Etica\",\"description\":\"\",\"potentialAction\":[{\"@type\":\"SearchAction\",\"target\":{\"@type\":\"EntryPoint\",\"urlTemplate\":\"https:\/\/www.fiarebancaetica.coop\/gl\/?s={search_term_string}\"},\"query-input\":{\"@type\":\"PropertyValueSpecification\",\"valueRequired\":true,\"valueName\":\"search_term_string\"}}],\"inLanguage\":\"gl-ES\"},{\"@type\":\"Person\",\"@id\":\"https:\/\/www.fiarebancaetica.coop\/gl\/#\/schema\/person\/579841e89c804b5db05d9141bd9b8272\",\"name\":\"crispyadmin0\",\"image\":{\"@type\":\"ImageObject\",\"inLanguage\":\"gl-ES\",\"@id\":\"https:\/\/www.fiarebancaetica.coop\/gl\/#\/schema\/person\/image\/5f3a6b7786f32f4c35bd2b1a5a4698ea\",\"url\":\"https:\/\/secure.gravatar.com\/avatar\/4d2cfb499d497b6d49da659fab7404b243a87fe8e40d2cf97a1cae48f677f5b2?s=96&d=mm&r=g\",\"contentUrl\":\"https:\/\/secure.gravatar.com\/avatar\/4d2cfb499d497b6d49da659fab7404b243a87fe8e40d2cf97a1cae48f677f5b2?s=96&d=mm&r=g\",\"caption\":\"crispyadmin0\"},\"sameAs\":[\"crispyadmin0\"]}]}<\/script>\n<!-- \/ Yoast SEO plugin. -->","yoast_head_json":{"title":"Fondo Calala, trabajando por los derechos de las mujeres - Fiare Banca Etica","robots":{"index":"index","follow":"follow","max-snippet":"max-snippet:-1","max-image-preview":"max-image-preview:large","max-video-preview":"max-video-preview:-1"},"canonical":"https:\/\/www.fiarebancaetica.coop\/gl\/fondo-calala-trabajando-por-los-derechos-de-las-mujeres\/","og_locale":"gl_ES","og_type":"article","og_title":"Fondo Calala, trabajando por los derechos de las mujeres - Fiare Banca Etica","og_description":"El fons Calala, creat a Barcelona en 2009, es dedica a mobilitzar recursos i recaptar fons per a enfortir a grups de base, xarxes i organitzacions que treballen pels drets femenins. Parlem amb Mar\u00eda Palomares Arenas","og_url":"https:\/\/www.fiarebancaetica.coop\/gl\/fondo-calala-trabajando-por-los-derechos-de-las-mujeres\/","og_site_name":"Fiare Banca Etica","article_published_time":"2022-11-14T23:00:00+00:00","article_modified_time":"2024-02-21T13:53:35+00:00","og_image":[{"width":580,"height":250,"url":"https:\/\/www.fiarebancaetica.coop\/app\/uploads\/sites\/2\/2023\/12\/fondo-calala-activismo-migrante.jpg","type":"image\/jpeg"}],"author":"crispyadmin0","twitter_card":"summary_large_image","schema":{"@context":"https:\/\/schema.org","@graph":[{"@type":"Article","@id":"https:\/\/www.fiarebancaetica.coop\/gl\/fondo-calala-trabajando-por-los-derechos-de-las-mujeres\/#article","isPartOf":{"@id":"https:\/\/www.fiarebancaetica.coop\/gl\/fondo-calala-trabajando-por-los-derechos-de-las-mujeres\/"},"author":{"name":"crispyadmin0","@id":"https:\/\/www.fiarebancaetica.coop\/gl\/#\/schema\/person\/579841e89c804b5db05d9141bd9b8272"},"headline":"Fondo Calala, trabajando por los derechos de las mujeres","datePublished":"2022-11-14T23:00:00+00:00","dateModified":"2024-02-21T13:53:35+00:00","mainEntityOfPage":{"@id":"https:\/\/www.fiarebancaetica.coop\/gl\/fondo-calala-trabajando-por-los-derechos-de-las-mujeres\/"},"wordCount":2087,"commentCount":0,"image":{"@id":"https:\/\/www.fiarebancaetica.coop\/gl\/fondo-calala-trabajando-por-los-derechos-de-las-mujeres\/#primaryimage"},"thumbnailUrl":"https:\/\/www.fiarebancaetica.coop\/app\/uploads\/sites\/2\/2023\/12\/fondo-calala-activismo-migrante.jpg","articleSection":["Finanzas \u00c9ticas"],"inLanguage":"gl-ES","potentialAction":[{"@type":"CommentAction","name":"Comment","target":["https:\/\/www.fiarebancaetica.coop\/gl\/fondo-calala-trabajando-por-los-derechos-de-las-mujeres\/#respond"]}]},{"@type":"WebPage","@id":"https:\/\/www.fiarebancaetica.coop\/gl\/fondo-calala-trabajando-por-los-derechos-de-las-mujeres\/","url":"https:\/\/www.fiarebancaetica.coop\/gl\/fondo-calala-trabajando-por-los-derechos-de-las-mujeres\/","name":"Fondo Calala, trabajando por los derechos de las mujeres - Fiare Banca Etica","isPartOf":{"@id":"https:\/\/www.fiarebancaetica.coop\/gl\/#website"},"primaryImageOfPage":{"@id":"https:\/\/www.fiarebancaetica.coop\/gl\/fondo-calala-trabajando-por-los-derechos-de-las-mujeres\/#primaryimage"},"image":{"@id":"https:\/\/www.fiarebancaetica.coop\/gl\/fondo-calala-trabajando-por-los-derechos-de-las-mujeres\/#primaryimage"},"thumbnailUrl":"https:\/\/www.fiarebancaetica.coop\/app\/uploads\/sites\/2\/2023\/12\/fondo-calala-activismo-migrante.jpg","datePublished":"2022-11-14T23:00:00+00:00","dateModified":"2024-02-21T13:53:35+00:00","author":{"@id":"https:\/\/www.fiarebancaetica.coop\/gl\/#\/schema\/person\/579841e89c804b5db05d9141bd9b8272"},"breadcrumb":{"@id":"https:\/\/www.fiarebancaetica.coop\/gl\/fondo-calala-trabajando-por-los-derechos-de-las-mujeres\/#breadcrumb"},"inLanguage":"gl-ES","potentialAction":[{"@type":"ReadAction","target":["https:\/\/www.fiarebancaetica.coop\/gl\/fondo-calala-trabajando-por-los-derechos-de-las-mujeres\/"]}]},{"@type":"ImageObject","inLanguage":"gl-ES","@id":"https:\/\/www.fiarebancaetica.coop\/gl\/fondo-calala-trabajando-por-los-derechos-de-las-mujeres\/#primaryimage","url":"https:\/\/www.fiarebancaetica.coop\/app\/uploads\/sites\/2\/2023\/12\/fondo-calala-activismo-migrante.jpg","contentUrl":"https:\/\/www.fiarebancaetica.coop\/app\/uploads\/sites\/2\/2023\/12\/fondo-calala-activismo-migrante.jpg","width":580,"height":250},{"@type":"BreadcrumbList","@id":"https:\/\/www.fiarebancaetica.coop\/gl\/fondo-calala-trabajando-por-los-derechos-de-las-mujeres\/#breadcrumb","itemListElement":[{"@type":"ListItem","position":1,"name":"Home","item":"https:\/\/www.fiarebancaetica.coop\/gl\/"},{"@type":"ListItem","position":2,"name":"Fondo Calala, trabajando por los derechos de las mujeres"}]},{"@type":"WebSite","@id":"https:\/\/www.fiarebancaetica.coop\/gl\/#website","url":"https:\/\/www.fiarebancaetica.coop\/gl\/","name":"Fiare Banca Etica","description":"","potentialAction":[{"@type":"SearchAction","target":{"@type":"EntryPoint","urlTemplate":"https:\/\/www.fiarebancaetica.coop\/gl\/?s={search_term_string}"},"query-input":{"@type":"PropertyValueSpecification","valueRequired":true,"valueName":"search_term_string"}}],"inLanguage":"gl-ES"},{"@type":"Person","@id":"https:\/\/www.fiarebancaetica.coop\/gl\/#\/schema\/person\/579841e89c804b5db05d9141bd9b8272","name":"crispyadmin0","image":{"@type":"ImageObject","inLanguage":"gl-ES","@id":"https:\/\/www.fiarebancaetica.coop\/gl\/#\/schema\/person\/image\/5f3a6b7786f32f4c35bd2b1a5a4698ea","url":"https:\/\/secure.gravatar.com\/avatar\/4d2cfb499d497b6d49da659fab7404b243a87fe8e40d2cf97a1cae48f677f5b2?s=96&d=mm&r=g","contentUrl":"https:\/\/secure.gravatar.com\/avatar\/4d2cfb499d497b6d49da659fab7404b243a87fe8e40d2cf97a1cae48f677f5b2?s=96&d=mm&r=g","caption":"crispyadmin0"},"sameAs":["crispyadmin0"]}]}},"_links":{"self":[{"href":"https:\/\/www.fiarebancaetica.coop\/gl\/wp-json\/wp\/v2\/posts\/343312","targetHints":{"allow":["GET"]}}],"collection":[{"href":"https:\/\/www.fiarebancaetica.coop\/gl\/wp-json\/wp\/v2\/posts"}],"about":[{"href":"https:\/\/www.fiarebancaetica.coop\/gl\/wp-json\/wp\/v2\/types\/post"}],"author":[{"embeddable":true,"href":"https:\/\/www.fiarebancaetica.coop\/gl\/wp-json\/wp\/v2\/users\/2"}],"replies":[{"embeddable":true,"href":"https:\/\/www.fiarebancaetica.coop\/gl\/wp-json\/wp\/v2\/comments?post=343312"}],"version-history":[{"count":1,"href":"https:\/\/www.fiarebancaetica.coop\/gl\/wp-json\/wp\/v2\/posts\/343312\/revisions"}],"predecessor-version":[{"id":355292,"href":"https:\/\/www.fiarebancaetica.coop\/gl\/wp-json\/wp\/v2\/posts\/343312\/revisions\/355292"}],"wp:featuredmedia":[{"embeddable":true,"href":"https:\/\/www.fiarebancaetica.coop\/gl\/wp-json\/wp\/v2\/media\/330245"}],"wp:attachment":[{"href":"https:\/\/www.fiarebancaetica.coop\/gl\/wp-json\/wp\/v2\/media?parent=343312"}],"wp:term":[{"taxonomy":"category","embeddable":true,"href":"https:\/\/www.fiarebancaetica.coop\/gl\/wp-json\/wp\/v2\/categories?post=343312"},{"taxonomy":"post_tag","embeddable":true,"href":"https:\/\/www.fiarebancaetica.coop\/gl\/wp-json\/wp\/v2\/tags?post=343312"},{"taxonomy":"author","embeddable":true,"href":"https:\/\/www.fiarebancaetica.coop\/gl\/wp-json\/wp\/v2\/coauthors?post=343312"}],"curies":[{"name":"wp","href":"https:\/\/api.w.org\/{rel}","templated":true}]}}