{"id":343315,"date":"2022-11-09T00:00:00","date_gmt":"2022-11-08T23:00:00","guid":{"rendered":"https:\/\/www.fiarebancaetica.coop\/banca-etica-se-suma-a-la-cop27-sobre-el-clima-con-la-gabv\/"},"modified":"2024-02-21T14:53:39","modified_gmt":"2024-02-21T13:53:39","slug":"banca-etica-se-suma-a-la-cop27-sobre-el-clima-con-la-gabv","status":"publish","type":"post","link":"https:\/\/www.fiarebancaetica.coop\/gl\/banca-etica-se-suma-a-la-cop27-sobre-el-clima-con-la-gabv\/","title":{"rendered":"Banca Etica se suma a la Cop27 sobre el clima con la GABV"},"content":{"rendered":"\n\n<div class=\"wp-block-bancaetica-blocks-blocks-block-49\">\n    <div class=\"container-block-49\">\n\n        <div class=\"header-section \">\n                            <h1 class=\"section-title\"> Etica e cooperativa <\/h1>\n                                            <\/div>\n\n        \n        <div class=\"block-background\" style=\"background-image: url('https:\/\/www.fiarebancaetica.coop\/app\/uploads\/sites\/2\/2023\/12\/finanzas-eticas-y-banca-etica-se-suman-cop27-sobre-el-clima-gabv.jpg')\">\n                            <div class=\"tile\">\n                    <h1 class=\"image-title\"> Banca Etica se suma a la Cop27 sobre el clima con la GABV <\/h1>\n                <\/div>             <!-- end .tile -->\n            <div class=\"bottom-content\">\n                            <\/div> <!-- end .button-content -->\n        <\/div> <!-- end .block-background -->\n    <\/div> <!-- end .container -->\n<\/div> <!-- end wp-block-bancaetica-blocks-blocks-block-06 -->\n\n\n<div class=\"wrapper-crispybacon-class wrapper-crispybacon-class-boxed \">\n    <p>\n\tLa voz de las finanzas \u00e9ticas y tambi\u00e9n la de Banca Etica, se escuchar\u00e1 en la <strong><a href=\"https:\/\/unfccc.int\/es\/cop27\">vig\u00e9sima s\u00e9ptima &#8220;conferencia de las partes<\/a>&#8220;<\/strong> (Cop27, 7-17 noviembre) convocada en Sharm El Sheikh, Egipto, para <strong>debatir sobre el futuro del planeta, la econom\u00eda y los pueblos <\/strong>que lo habitan, <strong>ante el avance del cambio clim\u00e1tico<\/strong> ya evidente en todas las latitudes.<\/p>\n<p>\n\tBanca Etica, pertenece a la <strong>Alianza Global para la Banca de Valores<\/strong> (<a href=\"https:\/\/www.gabv.org\/\">GABV<\/a>), una organizaci\u00f3n internacional que re\u00fane a unos setenta <strong>&#8220;bancos con&nbsp; valores<\/strong>&#8221; en el mundo y fue admitida como observador en la conversaci\u00f3n entre las principales instituciones gubernamentales del planeta de esta Cop27 con el objetivo de definir un camino compartido para asegurar un futuro de desarrollo sostenible.<\/p>\n<p>\n\tLa GABV, cuyos bancos miembros operan para 60 millones de clientes en 40 pa\u00edses de Asia, \u00c1frica, Am\u00e9rica Latina, Am\u00e9rica del Norte y Europa y gestionan activos por m\u00e1s de 210.000 millones de d\u00f3lares, celebrar\u00e1 el<strong> \u201cD\u00eda de la Banca con Valores\u201d <\/strong>en Dhaka el 10 de noviembre de 2022 con el fin de <strong>reafirmar el papel crucial que los bancos deben desempe\u00f1ar<\/strong>, de manera responsable, para abordar las causas profundas del cambio clim\u00e1tico.<\/p>\n<h2>\n\tEn Europa, la financiaci\u00f3n del gas y la nuclear se considerar\u00e1 verde<\/h2>\n<p>\n\tLos temas centrales de esta cumbre ser\u00e1n la <strong>seguridad alimentaria, las energ\u00edas renovables<\/strong> y, por supuesto, el <strong>calentamiento global<\/strong> con sus catastr\u00f3ficas consecuencias clim\u00e1ticas.&nbsp; La comunidad internacional llega a la cita con un retraso grav\u00edsimo y sin las inversiones necesarias para frenar el cambio clim\u00e1tico.<\/p>\n<p>\n\tEn los primeros seis a\u00f1os desde la firma del Acuerdo de Par\u00eds sobre el clima, que esperaba poder contener el aumento de la temperatura hasta los 1,5 grados cent\u00edgrados,<strong> los grandes bancos han incumplido sus compromisos inyectando otros 4.600 millones de d\u00f3lares a la energ\u00eda f\u00f3sil e hipotecando el futuro colectivo<\/strong> a trav\u00e9s de nuevos proyectos de centrales t\u00e9rmicas de carb\u00f3n, exploraci\u00f3n y extracci\u00f3n de hidrocarburos. Por lo que la credibilidad del papel del Banco Mundial se cuestiona hoy m\u00e1s que nunca.<\/p>\n<p>\n\tA un a\u00f1o de la COP26 de 2021 en Glasgow, los recortes reales de emisiones de gases de efecto invernadero prometidos por los participantes en la cumbre del sector p\u00fablico y privado, incluidos los operadores econ\u00f3micos y financieros, podr\u00edan permitir que los term\u00f3metros dejen de funcionar tras un salto de 2,4 \u00b0C en 2030, en el mejor de los casos.<\/p>\n<p>\n\tHace unos d\u00edas la organizaci\u00f3n meteorol\u00f3gica mundial decret\u00f3 que en los \u00faltimos 30 a\u00f1os las temperaturas medias en Europa han crecido m\u00e1s del doble de la media del planeta (0,5 en lugar de 0,2).<\/p>\n<h2>\n\tEl desaf\u00edo de la transici\u00f3n ecol\u00f3gica para los negocios y las finanzas<\/h2>\n<p>\n\tPor lo tanto, la GABV <strong>insta al sector financiero a cumplir sus compromisos durante el &#8220;D\u00eda de la Banca con Valores&#8221; en la COP27<\/strong> y <strong>denuncia que muchos operadores en Escocia que se hab\u00edan comprometido con la descarbonizaci\u00f3n contin\u00faan financiando combustibles f\u00f3siles<\/strong> y nuevas exploraciones para encontrar petr\u00f3leo, gas y carb\u00f3n.<\/p>\n<p>\n\tAdem\u00e1s la GABV se\u00f1ala que varios bancos que se han unido a Glasgow Financial Alliance for Net Zero (GFANZ) se est\u00e1n retirando por temor a ser demandados por no cumplir con los objetivos clim\u00e1ticos, mientras que un informe de Finance Watch estima que 60 de los bancos m\u00e1s grandes del mundo todav\u00eda est\u00e1n expuestos por cerca de $ 1,35 billones a actividades relacionadas con los combustibles f\u00f3siles.<\/p>\n<p>\n\tY as\u00ed, por todo lo anterior, es <strong>fundamental que la banca y las finanzas convencionales<\/strong>, adem\u00e1s de evitar cualquier pr\u00e1ctica de greenwashing -un tema crucial-, <strong>act\u00faen de inmediato asumiendo su responsabilidad con las consecuencias de sus negocios en los ecosistemas y las personas<\/strong>, como recuerda el director ejecutivo de la GABV, Martin Rohner<\/p>\n<p>\n\t&#8220;<strong>El sector financiero nunca es neutral: los bancos y las compa\u00f1\u00edas de seguros toman decisiones<\/strong> sobre lo que financian y en qu\u00e9 invierten, y estas decisiones tienen un importante impacto en la forma de nuestro futuro colectivo. En los \u00faltimos a\u00f1os, hemos visto un aumento en la ret\u00f3rica de los grandes bancos sobre su prop\u00f3sito social y sus objetivos ambientales. Ahora bien, estas grandes palabras deben estar respaldadas por compromisos y acciones reales\u00bb.<\/p>\n<p>\n\tAnte este escenario, en el que las promesas verdes del sector industrial muchas veces se quedan en el papel, hay que asumir la responsabilidad proveniente del mundo financiero, invitado a verse inmediatamente contaminado por un modelo financiero y bancario eficiente y rentable, que excluya inversiones en cadenas de suministro enemigas del medio ambiente, y apoye actividades de bajo impacto clim\u00e1tico y capaces de promover los derechos de las personas.<\/p>\n<p>\n\tEsta es, de hecho, la \u00fanica alternativa posible a un negocio como siempre que persigue un desarrollo orientado solo por los beneficios y es incapaz de reducir las emisiones de gases de efecto invernadero. Ante esto, la presencia de Global Alliance for Banking on Values \u200b\u200ben la COP27 adquiere un valor muy alto, mostrando c\u00f3mo se puede frenar el cambio clim\u00e1tico gracias al cambio en las finanzas globales.<\/p>\n<p>\n\t&nbsp;<\/p>\n<p>\n\t<em>Foto de <a href=\"https:\/\/unsplash.com\/es\/fotos\/r7zjJ63kAPU\">Austin Schmid en Unsplash<\/a><\/em><\/p>\n<\/div>","protected":false},"excerpt":{"rendered":"<p>\n\tLa voz de las finanzas \u00e9ticas, y tambi\u00e9n la de Banca Etica, se escuchar\u00e1 en la vig\u00e9sima s\u00e9ptima &#8220;conferencia de las partes&#8221; (Cop27, 7-17 noviembre) convocada en Sharm El Sheikh, Egipto, para discutir sobre el futuro del planeta, la econom\u00eda y los pueblos que lo habitan, ante el avance del cambio clim\u00e1tico ya evidente en todas las latitudes.<\/p>\n","protected":false},"author":2,"featured_media":330233,"comment_status":"open","ping_status":"closed","sticky":false,"template":"","format":"standard","meta":{"_acf_changed":false,"footnotes":""},"categories":[11645],"tags":[],"coauthors":[],"class_list":["post-343315","post","type-post","status-publish","format-standard","has-post-thumbnail","hentry","category-finanzas-eticas"],"acf":[],"yoast_head":"<!-- This site is optimized with the Yoast SEO plugin v26.9 - https:\/\/yoast.com\/product\/yoast-seo-wordpress\/ -->\n<title>Banca Etica se suma a la Cop27 sobre el clima con la GABV - Fiare Banca Etica<\/title>\n<meta name=\"robots\" content=\"index, follow, max-snippet:-1, max-image-preview:large, max-video-preview:-1\" \/>\n<link rel=\"canonical\" href=\"https:\/\/www.fiarebancaetica.coop\/gl\/banca-etica-se-suma-a-la-cop27-sobre-el-clima-con-la-gabv\/\" \/>\n<meta property=\"og:locale\" content=\"gl_ES\" \/>\n<meta property=\"og:type\" content=\"article\" \/>\n<meta property=\"og:title\" content=\"Banca Etica se suma a la Cop27 sobre el clima con la GABV - Fiare Banca Etica\" \/>\n<meta property=\"og:description\" content=\"La voz de las finanzas \u00e9ticas, y tambi\u00e9n la de Banca Etica, se escuchar\u00e1 en la vig\u00e9sima s\u00e9ptima &quot;conferencia de las partes&quot; (Cop27, 7-17 noviembre) convocada en Sharm El Sheikh, Egipto, para discutir sobre el futuro del planeta, la econom\u00eda y los pueblos que lo habitan, ante el avance del cambio clim\u00e1tico ya evidente en todas las latitudes.\" \/>\n<meta property=\"og:url\" content=\"https:\/\/www.fiarebancaetica.coop\/gl\/banca-etica-se-suma-a-la-cop27-sobre-el-clima-con-la-gabv\/\" \/>\n<meta property=\"og:site_name\" content=\"Fiare Banca Etica\" \/>\n<meta property=\"article:published_time\" content=\"2022-11-08T23:00:00+00:00\" \/>\n<meta property=\"article:modified_time\" content=\"2024-02-21T13:53:39+00:00\" \/>\n<meta property=\"og:image\" content=\"https:\/\/www.fiarebancaetica.coop\/app\/uploads\/sites\/2\/2023\/12\/finanzas-eticas-y-banca-etica-se-suman-cop27-sobre-el-clima-gabv.jpg\" \/>\n\t<meta property=\"og:image:width\" content=\"580\" \/>\n\t<meta property=\"og:image:height\" content=\"250\" \/>\n\t<meta property=\"og:image:type\" content=\"image\/jpeg\" \/>\n<meta name=\"author\" content=\"crispyadmin0\" \/>\n<meta name=\"twitter:card\" content=\"summary_large_image\" \/>\n<script type=\"application\/ld+json\" class=\"yoast-schema-graph\">{\"@context\":\"https:\/\/schema.org\",\"@graph\":[{\"@type\":\"Article\",\"@id\":\"https:\/\/www.fiarebancaetica.coop\/gl\/banca-etica-se-suma-a-la-cop27-sobre-el-clima-con-la-gabv\/#article\",\"isPartOf\":{\"@id\":\"https:\/\/www.fiarebancaetica.coop\/gl\/banca-etica-se-suma-a-la-cop27-sobre-el-clima-con-la-gabv\/\"},\"author\":{\"name\":\"crispyadmin0\",\"@id\":\"https:\/\/www.fiarebancaetica.coop\/gl\/#\/schema\/person\/579841e89c804b5db05d9141bd9b8272\"},\"headline\":\"Banca Etica se suma a la Cop27 sobre el clima con la GABV\",\"datePublished\":\"2022-11-08T23:00:00+00:00\",\"dateModified\":\"2024-02-21T13:53:39+00:00\",\"mainEntityOfPage\":{\"@id\":\"https:\/\/www.fiarebancaetica.coop\/gl\/banca-etica-se-suma-a-la-cop27-sobre-el-clima-con-la-gabv\/\"},\"wordCount\":897,\"commentCount\":0,\"image\":{\"@id\":\"https:\/\/www.fiarebancaetica.coop\/gl\/banca-etica-se-suma-a-la-cop27-sobre-el-clima-con-la-gabv\/#primaryimage\"},\"thumbnailUrl\":\"https:\/\/www.fiarebancaetica.coop\/app\/uploads\/sites\/2\/2023\/12\/finanzas-eticas-y-banca-etica-se-suman-cop27-sobre-el-clima-gabv.jpg\",\"articleSection\":[\"Finanzas \u00c9ticas\"],\"inLanguage\":\"gl-ES\",\"potentialAction\":[{\"@type\":\"CommentAction\",\"name\":\"Comment\",\"target\":[\"https:\/\/www.fiarebancaetica.coop\/gl\/banca-etica-se-suma-a-la-cop27-sobre-el-clima-con-la-gabv\/#respond\"]}]},{\"@type\":\"WebPage\",\"@id\":\"https:\/\/www.fiarebancaetica.coop\/gl\/banca-etica-se-suma-a-la-cop27-sobre-el-clima-con-la-gabv\/\",\"url\":\"https:\/\/www.fiarebancaetica.coop\/gl\/banca-etica-se-suma-a-la-cop27-sobre-el-clima-con-la-gabv\/\",\"name\":\"Banca Etica se suma a la Cop27 sobre el clima con la GABV - Fiare Banca Etica\",\"isPartOf\":{\"@id\":\"https:\/\/www.fiarebancaetica.coop\/gl\/#website\"},\"primaryImageOfPage\":{\"@id\":\"https:\/\/www.fiarebancaetica.coop\/gl\/banca-etica-se-suma-a-la-cop27-sobre-el-clima-con-la-gabv\/#primaryimage\"},\"image\":{\"@id\":\"https:\/\/www.fiarebancaetica.coop\/gl\/banca-etica-se-suma-a-la-cop27-sobre-el-clima-con-la-gabv\/#primaryimage\"},\"thumbnailUrl\":\"https:\/\/www.fiarebancaetica.coop\/app\/uploads\/sites\/2\/2023\/12\/finanzas-eticas-y-banca-etica-se-suman-cop27-sobre-el-clima-gabv.jpg\",\"datePublished\":\"2022-11-08T23:00:00+00:00\",\"dateModified\":\"2024-02-21T13:53:39+00:00\",\"author\":{\"@id\":\"https:\/\/www.fiarebancaetica.coop\/gl\/#\/schema\/person\/579841e89c804b5db05d9141bd9b8272\"},\"breadcrumb\":{\"@id\":\"https:\/\/www.fiarebancaetica.coop\/gl\/banca-etica-se-suma-a-la-cop27-sobre-el-clima-con-la-gabv\/#breadcrumb\"},\"inLanguage\":\"gl-ES\",\"potentialAction\":[{\"@type\":\"ReadAction\",\"target\":[\"https:\/\/www.fiarebancaetica.coop\/gl\/banca-etica-se-suma-a-la-cop27-sobre-el-clima-con-la-gabv\/\"]}]},{\"@type\":\"ImageObject\",\"inLanguage\":\"gl-ES\",\"@id\":\"https:\/\/www.fiarebancaetica.coop\/gl\/banca-etica-se-suma-a-la-cop27-sobre-el-clima-con-la-gabv\/#primaryimage\",\"url\":\"https:\/\/www.fiarebancaetica.coop\/app\/uploads\/sites\/2\/2023\/12\/finanzas-eticas-y-banca-etica-se-suman-cop27-sobre-el-clima-gabv.jpg\",\"contentUrl\":\"https:\/\/www.fiarebancaetica.coop\/app\/uploads\/sites\/2\/2023\/12\/finanzas-eticas-y-banca-etica-se-suman-cop27-sobre-el-clima-gabv.jpg\",\"width\":580,\"height\":250},{\"@type\":\"BreadcrumbList\",\"@id\":\"https:\/\/www.fiarebancaetica.coop\/gl\/banca-etica-se-suma-a-la-cop27-sobre-el-clima-con-la-gabv\/#breadcrumb\",\"itemListElement\":[{\"@type\":\"ListItem\",\"position\":1,\"name\":\"Home\",\"item\":\"https:\/\/www.fiarebancaetica.coop\/gl\/\"},{\"@type\":\"ListItem\",\"position\":2,\"name\":\"Banca Etica se suma a la Cop27 sobre el clima con la GABV\"}]},{\"@type\":\"WebSite\",\"@id\":\"https:\/\/www.fiarebancaetica.coop\/gl\/#website\",\"url\":\"https:\/\/www.fiarebancaetica.coop\/gl\/\",\"name\":\"Fiare Banca Etica\",\"description\":\"\",\"potentialAction\":[{\"@type\":\"SearchAction\",\"target\":{\"@type\":\"EntryPoint\",\"urlTemplate\":\"https:\/\/www.fiarebancaetica.coop\/gl\/?s={search_term_string}\"},\"query-input\":{\"@type\":\"PropertyValueSpecification\",\"valueRequired\":true,\"valueName\":\"search_term_string\"}}],\"inLanguage\":\"gl-ES\"},{\"@type\":\"Person\",\"@id\":\"https:\/\/www.fiarebancaetica.coop\/gl\/#\/schema\/person\/579841e89c804b5db05d9141bd9b8272\",\"name\":\"crispyadmin0\",\"image\":{\"@type\":\"ImageObject\",\"inLanguage\":\"gl-ES\",\"@id\":\"https:\/\/www.fiarebancaetica.coop\/gl\/#\/schema\/person\/image\/5f3a6b7786f32f4c35bd2b1a5a4698ea\",\"url\":\"https:\/\/secure.gravatar.com\/avatar\/4d2cfb499d497b6d49da659fab7404b243a87fe8e40d2cf97a1cae48f677f5b2?s=96&d=mm&r=g\",\"contentUrl\":\"https:\/\/secure.gravatar.com\/avatar\/4d2cfb499d497b6d49da659fab7404b243a87fe8e40d2cf97a1cae48f677f5b2?s=96&d=mm&r=g\",\"caption\":\"crispyadmin0\"},\"sameAs\":[\"crispyadmin0\"]}]}<\/script>\n<!-- \/ Yoast SEO plugin. -->","yoast_head_json":{"title":"Banca Etica se suma a la Cop27 sobre el clima con la GABV - Fiare Banca Etica","robots":{"index":"index","follow":"follow","max-snippet":"max-snippet:-1","max-image-preview":"max-image-preview:large","max-video-preview":"max-video-preview:-1"},"canonical":"https:\/\/www.fiarebancaetica.coop\/gl\/banca-etica-se-suma-a-la-cop27-sobre-el-clima-con-la-gabv\/","og_locale":"gl_ES","og_type":"article","og_title":"Banca Etica se suma a la Cop27 sobre el clima con la GABV - Fiare Banca Etica","og_description":"La voz de las finanzas \u00e9ticas, y tambi\u00e9n la de Banca Etica, se escuchar\u00e1 en la vig\u00e9sima s\u00e9ptima \"conferencia de las partes\" (Cop27, 7-17 noviembre) convocada en Sharm El Sheikh, Egipto, para discutir sobre el futuro del planeta, la econom\u00eda y los pueblos que lo habitan, ante el avance del cambio clim\u00e1tico ya evidente en todas las latitudes.","og_url":"https:\/\/www.fiarebancaetica.coop\/gl\/banca-etica-se-suma-a-la-cop27-sobre-el-clima-con-la-gabv\/","og_site_name":"Fiare Banca Etica","article_published_time":"2022-11-08T23:00:00+00:00","article_modified_time":"2024-02-21T13:53:39+00:00","og_image":[{"width":580,"height":250,"url":"https:\/\/www.fiarebancaetica.coop\/app\/uploads\/sites\/2\/2023\/12\/finanzas-eticas-y-banca-etica-se-suman-cop27-sobre-el-clima-gabv.jpg","type":"image\/jpeg"}],"author":"crispyadmin0","twitter_card":"summary_large_image","schema":{"@context":"https:\/\/schema.org","@graph":[{"@type":"Article","@id":"https:\/\/www.fiarebancaetica.coop\/gl\/banca-etica-se-suma-a-la-cop27-sobre-el-clima-con-la-gabv\/#article","isPartOf":{"@id":"https:\/\/www.fiarebancaetica.coop\/gl\/banca-etica-se-suma-a-la-cop27-sobre-el-clima-con-la-gabv\/"},"author":{"name":"crispyadmin0","@id":"https:\/\/www.fiarebancaetica.coop\/gl\/#\/schema\/person\/579841e89c804b5db05d9141bd9b8272"},"headline":"Banca Etica se suma a la Cop27 sobre el clima con la GABV","datePublished":"2022-11-08T23:00:00+00:00","dateModified":"2024-02-21T13:53:39+00:00","mainEntityOfPage":{"@id":"https:\/\/www.fiarebancaetica.coop\/gl\/banca-etica-se-suma-a-la-cop27-sobre-el-clima-con-la-gabv\/"},"wordCount":897,"commentCount":0,"image":{"@id":"https:\/\/www.fiarebancaetica.coop\/gl\/banca-etica-se-suma-a-la-cop27-sobre-el-clima-con-la-gabv\/#primaryimage"},"thumbnailUrl":"https:\/\/www.fiarebancaetica.coop\/app\/uploads\/sites\/2\/2023\/12\/finanzas-eticas-y-banca-etica-se-suman-cop27-sobre-el-clima-gabv.jpg","articleSection":["Finanzas \u00c9ticas"],"inLanguage":"gl-ES","potentialAction":[{"@type":"CommentAction","name":"Comment","target":["https:\/\/www.fiarebancaetica.coop\/gl\/banca-etica-se-suma-a-la-cop27-sobre-el-clima-con-la-gabv\/#respond"]}]},{"@type":"WebPage","@id":"https:\/\/www.fiarebancaetica.coop\/gl\/banca-etica-se-suma-a-la-cop27-sobre-el-clima-con-la-gabv\/","url":"https:\/\/www.fiarebancaetica.coop\/gl\/banca-etica-se-suma-a-la-cop27-sobre-el-clima-con-la-gabv\/","name":"Banca Etica se suma a la Cop27 sobre el clima con la GABV - Fiare Banca Etica","isPartOf":{"@id":"https:\/\/www.fiarebancaetica.coop\/gl\/#website"},"primaryImageOfPage":{"@id":"https:\/\/www.fiarebancaetica.coop\/gl\/banca-etica-se-suma-a-la-cop27-sobre-el-clima-con-la-gabv\/#primaryimage"},"image":{"@id":"https:\/\/www.fiarebancaetica.coop\/gl\/banca-etica-se-suma-a-la-cop27-sobre-el-clima-con-la-gabv\/#primaryimage"},"thumbnailUrl":"https:\/\/www.fiarebancaetica.coop\/app\/uploads\/sites\/2\/2023\/12\/finanzas-eticas-y-banca-etica-se-suman-cop27-sobre-el-clima-gabv.jpg","datePublished":"2022-11-08T23:00:00+00:00","dateModified":"2024-02-21T13:53:39+00:00","author":{"@id":"https:\/\/www.fiarebancaetica.coop\/gl\/#\/schema\/person\/579841e89c804b5db05d9141bd9b8272"},"breadcrumb":{"@id":"https:\/\/www.fiarebancaetica.coop\/gl\/banca-etica-se-suma-a-la-cop27-sobre-el-clima-con-la-gabv\/#breadcrumb"},"inLanguage":"gl-ES","potentialAction":[{"@type":"ReadAction","target":["https:\/\/www.fiarebancaetica.coop\/gl\/banca-etica-se-suma-a-la-cop27-sobre-el-clima-con-la-gabv\/"]}]},{"@type":"ImageObject","inLanguage":"gl-ES","@id":"https:\/\/www.fiarebancaetica.coop\/gl\/banca-etica-se-suma-a-la-cop27-sobre-el-clima-con-la-gabv\/#primaryimage","url":"https:\/\/www.fiarebancaetica.coop\/app\/uploads\/sites\/2\/2023\/12\/finanzas-eticas-y-banca-etica-se-suman-cop27-sobre-el-clima-gabv.jpg","contentUrl":"https:\/\/www.fiarebancaetica.coop\/app\/uploads\/sites\/2\/2023\/12\/finanzas-eticas-y-banca-etica-se-suman-cop27-sobre-el-clima-gabv.jpg","width":580,"height":250},{"@type":"BreadcrumbList","@id":"https:\/\/www.fiarebancaetica.coop\/gl\/banca-etica-se-suma-a-la-cop27-sobre-el-clima-con-la-gabv\/#breadcrumb","itemListElement":[{"@type":"ListItem","position":1,"name":"Home","item":"https:\/\/www.fiarebancaetica.coop\/gl\/"},{"@type":"ListItem","position":2,"name":"Banca Etica se suma a la Cop27 sobre el clima con la GABV"}]},{"@type":"WebSite","@id":"https:\/\/www.fiarebancaetica.coop\/gl\/#website","url":"https:\/\/www.fiarebancaetica.coop\/gl\/","name":"Fiare Banca Etica","description":"","potentialAction":[{"@type":"SearchAction","target":{"@type":"EntryPoint","urlTemplate":"https:\/\/www.fiarebancaetica.coop\/gl\/?s={search_term_string}"},"query-input":{"@type":"PropertyValueSpecification","valueRequired":true,"valueName":"search_term_string"}}],"inLanguage":"gl-ES"},{"@type":"Person","@id":"https:\/\/www.fiarebancaetica.coop\/gl\/#\/schema\/person\/579841e89c804b5db05d9141bd9b8272","name":"crispyadmin0","image":{"@type":"ImageObject","inLanguage":"gl-ES","@id":"https:\/\/www.fiarebancaetica.coop\/gl\/#\/schema\/person\/image\/5f3a6b7786f32f4c35bd2b1a5a4698ea","url":"https:\/\/secure.gravatar.com\/avatar\/4d2cfb499d497b6d49da659fab7404b243a87fe8e40d2cf97a1cae48f677f5b2?s=96&d=mm&r=g","contentUrl":"https:\/\/secure.gravatar.com\/avatar\/4d2cfb499d497b6d49da659fab7404b243a87fe8e40d2cf97a1cae48f677f5b2?s=96&d=mm&r=g","caption":"crispyadmin0"},"sameAs":["crispyadmin0"]}]}},"_links":{"self":[{"href":"https:\/\/www.fiarebancaetica.coop\/gl\/wp-json\/wp\/v2\/posts\/343315","targetHints":{"allow":["GET"]}}],"collection":[{"href":"https:\/\/www.fiarebancaetica.coop\/gl\/wp-json\/wp\/v2\/posts"}],"about":[{"href":"https:\/\/www.fiarebancaetica.coop\/gl\/wp-json\/wp\/v2\/types\/post"}],"author":[{"embeddable":true,"href":"https:\/\/www.fiarebancaetica.coop\/gl\/wp-json\/wp\/v2\/users\/2"}],"replies":[{"embeddable":true,"href":"https:\/\/www.fiarebancaetica.coop\/gl\/wp-json\/wp\/v2\/comments?post=343315"}],"version-history":[{"count":2,"href":"https:\/\/www.fiarebancaetica.coop\/gl\/wp-json\/wp\/v2\/posts\/343315\/revisions"}],"predecessor-version":[{"id":355284,"href":"https:\/\/www.fiarebancaetica.coop\/gl\/wp-json\/wp\/v2\/posts\/343315\/revisions\/355284"}],"wp:featuredmedia":[{"embeddable":true,"href":"https:\/\/www.fiarebancaetica.coop\/gl\/wp-json\/wp\/v2\/media\/330233"}],"wp:attachment":[{"href":"https:\/\/www.fiarebancaetica.coop\/gl\/wp-json\/wp\/v2\/media?parent=343315"}],"wp:term":[{"taxonomy":"category","embeddable":true,"href":"https:\/\/www.fiarebancaetica.coop\/gl\/wp-json\/wp\/v2\/categories?post=343315"},{"taxonomy":"post_tag","embeddable":true,"href":"https:\/\/www.fiarebancaetica.coop\/gl\/wp-json\/wp\/v2\/tags?post=343315"},{"taxonomy":"author","embeddable":true,"href":"https:\/\/www.fiarebancaetica.coop\/gl\/wp-json\/wp\/v2\/coauthors?post=343315"}],"curies":[{"name":"wp","href":"https:\/\/api.w.org\/{rel}","templated":true}]}}