{"id":343340,"date":"2022-09-23T00:00:00","date_gmt":"2022-09-22T22:00:00","guid":{"rendered":"https:\/\/www.fiarebancaetica.coop\/a-traves-de-la-arquitectura-protegemos-el-medio-ambiente\/"},"modified":"2024-02-21T14:53:59","modified_gmt":"2024-02-21T13:53:59","slug":"a-traves-de-la-arquitectura-protegemos-el-medio-ambiente","status":"publish","type":"post","link":"https:\/\/www.fiarebancaetica.coop\/gl\/a-traves-de-la-arquitectura-protegemos-el-medio-ambiente\/","title":{"rendered":"&#8220;A trav\u00e9s de la arquitectura protegemos el medio ambiente&#8221;"},"content":{"rendered":"\n\n<div class=\"wp-block-bancaetica-blocks-blocks-block-49\">\n    <div class=\"container-block-49\">\n\n        <div class=\"header-section \">\n                            <h1 class=\"section-title\"> Finanzas \u00c9ticas <\/h1>\n                                            <\/div>\n\n                    <hr style=\"height:1px\" \/>\n        \n        <div class=\"block-background\" style=\"background-image: url('')\">\n                        <!-- end .tile -->\n            <div class=\"bottom-content\">\n                            <\/div> <!-- end .button-content -->\n        <\/div> <!-- end .block-background -->\n    <\/div> <!-- end .container -->\n<\/div> <!-- end wp-block-bancaetica-blocks-blocks-block-06 -->\n\n\n<div class=\"wrapper-crispybacon-class wrapper-crispybacon-class-boxed \">\n    <p>\n\t<em><strong>Entrevistamos a I\u00f1aki Alonso, director de <a href=\"https:\/\/satt.es\/\">sAtt<\/a>, sobre la contribuci\u00f3n de la arquitectura a la lucha contra el cambio clim\u00e1tico, los edificios ecol\u00f3gicos y mucho m\u00e1s.<\/strong><\/em><\/p>\n<h2>\n\t\u00bfC\u00f3mo y cu\u00e1ndo nace el sAtt?<\/h2>\n<p>\n\tsAtt nace en el a\u00f1o 2021. Despu\u00e9s de acabar la carrera en el a\u00f1o 98, me tropec\u00e9 con alg\u00fan libro como &#8220;Los l\u00edmites del crecimiento&#8221; y entonces me plante\u00e9 empezar con un proyecto de arquitectura que tuviera en cuenta los valores sociales y ambientales. Los primeros a\u00f1os estuvieron dedicados a la investigaci\u00f3n y al desarrollo de proyectos de viviendas unifamiliares para clientes muy concienciados.<br \/>\n\t<br \/>\n\tPosteriormente empezamos a hacer tambi\u00e9n proyectos para otros usos, oficinas, centros culturales, y retail. Y en los \u00faltimos a\u00f1os <strong>hemos decidido dedicarnos a proyectos de vivienda colectiva en entornos urbanos,<span>&nbsp;<\/span>lo que denominamos cohousing, viviendas colaborativa y ecol\u00f3gica<\/strong>. Tambi\u00e9n seguimos haciendo oficinas corporativas para clientes de empresa, (<a href=\"https:\/\/satt.es\/portfolio_page\/oficina-ecologica-fiare-banca-etica-en-barcelona\/\">como las de Fiare<\/a><a href=\"http:\/\/satt.es\/portfolio_page\/oficina-ecologica-fiare-banca-etica-en-barcelona\/\">&nbsp;Banca Etica<\/a>) y ONGs que tambi\u00e9n est\u00e1n muy concienciados.&nbsp;<\/p>\n<h2>\n\t\u00bfDe qu\u00e9 manera un\u00eds arquitectura e innovaci\u00f3n con energ\u00edas renovables?<\/h2>\n<p>\n\t<strong>La energ\u00eda est\u00e1 muy presente en cada proyecto de arquitectura. <\/strong>Lo primero que buscamos es que el edificio gaste lo m\u00ednimo posible y eso lo hacemos a trav\u00e9s de estrategias Passivhaus y dise\u00f1o bioclim\u00e1tico. Pero otro aspecto muy importante es la incorporaci\u00f3n de energ\u00edas renovables. Hemos trabajado con fotovoltaica, con biomasa, con Geotermia y con aerotermia. Desde 2017 nuestros proyectos en zonas urbanas son <strong>100 \u00d7 100 el\u00e9ctricos, 100 \u00d7 100 energ\u00edas renovables<\/strong>. De esta manera conseguimos edificios electrificados que no emiten ni 1 g de CO2 por lo tanto no contribuyen a empeorar el cambio clim\u00e1tico.<\/p>\n<h2>\n\t\u00bfC\u00f3mo contribu\u00eds a luchar contra los efectos del cambio clim\u00e1tico?<\/h2>\n<p>\n\tEn primer lugar, haciendo que los edificios no gasten pr\u00e1cticamente energ\u00eda, es decir, llevando el decrecimiento al m\u00e1ximo en el consumo de energ\u00eda de un edificio. En segundo lugar convirtiendo al edificio en productor de energ\u00eda. Nuestros edificios son prosumidores, es decir consumidores y productores de energ\u00eda renovables, buscando un balance neto.<\/p>\n<h2>\n\t\u00bfCu\u00e1les son los proyectos de los que os sent\u00eds m\u00e1s orgullosos?<\/h2>\n<p>\n\tEn vivienda, <strong><a href=\"https:\/\/www.fiarebancaetica.coop\/gl\/node\/28287\">EntrePatios<\/a>, es nuestro buque insignia<\/strong>. En este proyecto de vivienda colectiva, en derecho de uso, financiado por Fiare, hemos incorporado el 90 % de nuestros valores. Ha sido construida en madera, con dise\u00f1o pasivo, con 32 kW de energ\u00eda renovables, con reciclaje de agua y Co2 nulo. Es decir, hemos calculado toda la huella de carbono del proceso de construcci\u00f3n, compens\u00e1ndola con diferentes programas, consiguiendo un edificio 100 % descarbonizado.<\/p>\n<h2>\n\tS\u00ed, &#8220;Entrepatios&#8221;, es el primera cohousing en Madrid con caracter\u00edsticas ecol\u00f3gicas muy interesantes. \u00bfNos puedes explicar m\u00e1s de este edificio?<\/h2>\n<p>\n\tEsta iniciativa se debe a que&nbsp; un grupo de personas, hace m\u00e1s de 15 a\u00f1os, se puso a pensar como pod\u00edan ser otros modelos de vivienda en Madrid. Al final se cre\u00f3 una comunidad de personas que configuran 17 viviendas y que se lanz\u00f3 a comprar un solar y desarrollar un proyecto de forma participativa. El edificio ha sido dise\u00f1ado a trav\u00e9s de unos talleres de participaci\u00f3n donde toda la comunidad ha podido ir decidiendo la relaci\u00f3n entre lo privado y lo com\u00fan.<br \/>\n\t<br \/>\n\tEl edificio lleva funcionando dos a\u00f1os y se est\u00e1 comportando perfectamente frente a las inclemencias de olas de fr\u00edo y olas de calor, que hemos tenido en estos dos a\u00f1os. Adem\u00e1s de soportar muy bien las inclemencias de la factura energ\u00e9tica. <strong>A trav\u00e9s de este edificio construimos otra relaci\u00f3n con la energ\u00eda, otra relaci\u00f3n con el agua, con los alimentos a trav\u00e9s del grupo de consumo, o con la movilidad<\/strong> a trav\u00e9s del gran parking de bicis.<br \/>\n\t<br \/>\n\tEl edificio se convierte en un en una herramienta para realmente transformar la vida en todos sus aspectos construir una cultura de cuidados y ser m\u00e1s resilente frente a un futuro complejo e incierto por el cambio clim\u00e1tico y el agotamiento de recursos f\u00f3siles.<\/p>\n<h2>\n\tSatt cuenta ya con m\u00e1s de 20 a\u00f1os de experiencia. \u00bfC\u00f3mo ha evolucionado el sector en estos a\u00f1os?<\/h2>\n<p>\n\tHan evolucionado mucho todos estos conceptos. Hace 15 o 20 a\u00f1os era ir como a predicar en el desierto. Ahora mismo ya te escuchan bancos, promotores y pol\u00edticos. <strong>Hay mucho inter\u00e9s en desarrollar estos proyectos aunque todav\u00eda no est\u00e1n implementadas la suficientes herramientas <\/strong>para darle un buen impulso. Necesitamos apoyo financiero, subvenciones, fiscalidad verde&#8230; Y las herramientas cl\u00e1sicas para impulsar cualquier sector que es innovador e incipiente&nbsp;<\/p>\n<h2>\n\t\u00bfDe qu\u00e9 premisas part\u00eds al dise\u00f1ar un nuevo edificio?<\/h2>\n<p>\n\tHay <strong>dos aspectos que son fundamentales<\/strong>, el <strong>an\u00e1lisis del lugar<\/strong> y el <strong>entendimiento de las personas <\/strong>que van a visitar el edificio. De estos dos criterios sale el 80 % del edificio.<\/p>\n<p>\n\t<a href=\"https:\/\/satt.es\/\"><strong>https:\/\/satt.es\/<\/strong><\/a><\/p>\n<\/div>","protected":false},"excerpt":{"rendered":"<p>\n\tEntrevistamos a I\u00f1aki Alonso, CEO de sAtt.<\/p>\n","protected":false},"author":2,"featured_media":330203,"comment_status":"open","ping_status":"closed","sticky":false,"template":"","format":"standard","meta":{"_acf_changed":false,"footnotes":""},"categories":[11645],"tags":[],"coauthors":[],"class_list":["post-343340","post","type-post","status-publish","format-standard","has-post-thumbnail","hentry","category-finanzas-eticas"],"acf":[],"yoast_head":"<!-- This site is optimized with the Yoast SEO plugin v26.9 - https:\/\/yoast.com\/product\/yoast-seo-wordpress\/ -->\n<title>&quot;A trav\u00e9s de la arquitectura protegemos el medio ambiente&quot; - Fiare Banca Etica<\/title>\n<meta name=\"robots\" content=\"index, follow, max-snippet:-1, max-image-preview:large, max-video-preview:-1\" \/>\n<link rel=\"canonical\" href=\"https:\/\/www.fiarebancaetica.coop\/gl\/a-traves-de-la-arquitectura-protegemos-el-medio-ambiente\/\" \/>\n<meta property=\"og:locale\" content=\"gl_ES\" \/>\n<meta property=\"og:type\" content=\"article\" \/>\n<meta property=\"og:title\" content=\"&quot;A trav\u00e9s de la arquitectura protegemos el medio ambiente&quot; - Fiare Banca Etica\" \/>\n<meta property=\"og:description\" content=\"Entrevistamos a I\u00f1aki Alonso, CEO de sAtt.\" \/>\n<meta property=\"og:url\" content=\"https:\/\/www.fiarebancaetica.coop\/gl\/a-traves-de-la-arquitectura-protegemos-el-medio-ambiente\/\" \/>\n<meta property=\"og:site_name\" content=\"Fiare Banca Etica\" \/>\n<meta property=\"article:published_time\" content=\"2022-09-22T22:00:00+00:00\" \/>\n<meta property=\"article:modified_time\" content=\"2024-02-21T13:53:59+00:00\" \/>\n<meta property=\"og:image\" content=\"https:\/\/www.fiarebancaetica.coop\/app\/uploads\/sites\/2\/2023\/12\/traves-de-arquitectura-protegemos-el-medio-ambiente.png\" \/>\n\t<meta property=\"og:image:width\" content=\"540\" \/>\n\t<meta property=\"og:image:height\" content=\"250\" \/>\n\t<meta property=\"og:image:type\" content=\"image\/png\" \/>\n<meta name=\"author\" content=\"crispyadmin0\" \/>\n<meta name=\"twitter:card\" content=\"summary_large_image\" \/>\n<script type=\"application\/ld+json\" class=\"yoast-schema-graph\">{\"@context\":\"https:\/\/schema.org\",\"@graph\":[{\"@type\":\"Article\",\"@id\":\"https:\/\/www.fiarebancaetica.coop\/gl\/a-traves-de-la-arquitectura-protegemos-el-medio-ambiente\/#article\",\"isPartOf\":{\"@id\":\"https:\/\/www.fiarebancaetica.coop\/gl\/a-traves-de-la-arquitectura-protegemos-el-medio-ambiente\/\"},\"author\":{\"name\":\"crispyadmin0\",\"@id\":\"https:\/\/www.fiarebancaetica.coop\/gl\/#\/schema\/person\/579841e89c804b5db05d9141bd9b8272\"},\"headline\":\"&#8220;A trav\u00e9s de la arquitectura protegemos el medio ambiente&#8221;\",\"datePublished\":\"2022-09-22T22:00:00+00:00\",\"dateModified\":\"2024-02-21T13:53:59+00:00\",\"mainEntityOfPage\":{\"@id\":\"https:\/\/www.fiarebancaetica.coop\/gl\/a-traves-de-la-arquitectura-protegemos-el-medio-ambiente\/\"},\"wordCount\":841,\"commentCount\":0,\"image\":{\"@id\":\"https:\/\/www.fiarebancaetica.coop\/gl\/a-traves-de-la-arquitectura-protegemos-el-medio-ambiente\/#primaryimage\"},\"thumbnailUrl\":\"https:\/\/www.fiarebancaetica.coop\/app\/uploads\/sites\/2\/2023\/12\/traves-de-arquitectura-protegemos-el-medio-ambiente.png\",\"articleSection\":[\"Finanzas \u00c9ticas\"],\"inLanguage\":\"gl-ES\",\"potentialAction\":[{\"@type\":\"CommentAction\",\"name\":\"Comment\",\"target\":[\"https:\/\/www.fiarebancaetica.coop\/gl\/a-traves-de-la-arquitectura-protegemos-el-medio-ambiente\/#respond\"]}]},{\"@type\":\"WebPage\",\"@id\":\"https:\/\/www.fiarebancaetica.coop\/gl\/a-traves-de-la-arquitectura-protegemos-el-medio-ambiente\/\",\"url\":\"https:\/\/www.fiarebancaetica.coop\/gl\/a-traves-de-la-arquitectura-protegemos-el-medio-ambiente\/\",\"name\":\"\\\"A trav\u00e9s de la arquitectura protegemos el medio ambiente\\\" - Fiare Banca Etica\",\"isPartOf\":{\"@id\":\"https:\/\/www.fiarebancaetica.coop\/gl\/#website\"},\"primaryImageOfPage\":{\"@id\":\"https:\/\/www.fiarebancaetica.coop\/gl\/a-traves-de-la-arquitectura-protegemos-el-medio-ambiente\/#primaryimage\"},\"image\":{\"@id\":\"https:\/\/www.fiarebancaetica.coop\/gl\/a-traves-de-la-arquitectura-protegemos-el-medio-ambiente\/#primaryimage\"},\"thumbnailUrl\":\"https:\/\/www.fiarebancaetica.coop\/app\/uploads\/sites\/2\/2023\/12\/traves-de-arquitectura-protegemos-el-medio-ambiente.png\",\"datePublished\":\"2022-09-22T22:00:00+00:00\",\"dateModified\":\"2024-02-21T13:53:59+00:00\",\"author\":{\"@id\":\"https:\/\/www.fiarebancaetica.coop\/gl\/#\/schema\/person\/579841e89c804b5db05d9141bd9b8272\"},\"breadcrumb\":{\"@id\":\"https:\/\/www.fiarebancaetica.coop\/gl\/a-traves-de-la-arquitectura-protegemos-el-medio-ambiente\/#breadcrumb\"},\"inLanguage\":\"gl-ES\",\"potentialAction\":[{\"@type\":\"ReadAction\",\"target\":[\"https:\/\/www.fiarebancaetica.coop\/gl\/a-traves-de-la-arquitectura-protegemos-el-medio-ambiente\/\"]}]},{\"@type\":\"ImageObject\",\"inLanguage\":\"gl-ES\",\"@id\":\"https:\/\/www.fiarebancaetica.coop\/gl\/a-traves-de-la-arquitectura-protegemos-el-medio-ambiente\/#primaryimage\",\"url\":\"https:\/\/www.fiarebancaetica.coop\/app\/uploads\/sites\/2\/2023\/12\/traves-de-arquitectura-protegemos-el-medio-ambiente.png\",\"contentUrl\":\"https:\/\/www.fiarebancaetica.coop\/app\/uploads\/sites\/2\/2023\/12\/traves-de-arquitectura-protegemos-el-medio-ambiente.png\",\"width\":540,\"height\":250},{\"@type\":\"BreadcrumbList\",\"@id\":\"https:\/\/www.fiarebancaetica.coop\/gl\/a-traves-de-la-arquitectura-protegemos-el-medio-ambiente\/#breadcrumb\",\"itemListElement\":[{\"@type\":\"ListItem\",\"position\":1,\"name\":\"Home\",\"item\":\"https:\/\/www.fiarebancaetica.coop\/gl\/\"},{\"@type\":\"ListItem\",\"position\":2,\"name\":\"&#8220;A trav\u00e9s de la arquitectura protegemos el medio ambiente&#8221;\"}]},{\"@type\":\"WebSite\",\"@id\":\"https:\/\/www.fiarebancaetica.coop\/gl\/#website\",\"url\":\"https:\/\/www.fiarebancaetica.coop\/gl\/\",\"name\":\"Fiare Banca Etica\",\"description\":\"\",\"potentialAction\":[{\"@type\":\"SearchAction\",\"target\":{\"@type\":\"EntryPoint\",\"urlTemplate\":\"https:\/\/www.fiarebancaetica.coop\/gl\/?s={search_term_string}\"},\"query-input\":{\"@type\":\"PropertyValueSpecification\",\"valueRequired\":true,\"valueName\":\"search_term_string\"}}],\"inLanguage\":\"gl-ES\"},{\"@type\":\"Person\",\"@id\":\"https:\/\/www.fiarebancaetica.coop\/gl\/#\/schema\/person\/579841e89c804b5db05d9141bd9b8272\",\"name\":\"crispyadmin0\",\"image\":{\"@type\":\"ImageObject\",\"inLanguage\":\"gl-ES\",\"@id\":\"https:\/\/www.fiarebancaetica.coop\/gl\/#\/schema\/person\/image\/5f3a6b7786f32f4c35bd2b1a5a4698ea\",\"url\":\"https:\/\/secure.gravatar.com\/avatar\/4d2cfb499d497b6d49da659fab7404b243a87fe8e40d2cf97a1cae48f677f5b2?s=96&d=mm&r=g\",\"contentUrl\":\"https:\/\/secure.gravatar.com\/avatar\/4d2cfb499d497b6d49da659fab7404b243a87fe8e40d2cf97a1cae48f677f5b2?s=96&d=mm&r=g\",\"caption\":\"crispyadmin0\"},\"sameAs\":[\"crispyadmin0\"]}]}<\/script>\n<!-- \/ Yoast SEO plugin. -->","yoast_head_json":{"title":"\"A trav\u00e9s de la arquitectura protegemos el medio ambiente\" - Fiare Banca Etica","robots":{"index":"index","follow":"follow","max-snippet":"max-snippet:-1","max-image-preview":"max-image-preview:large","max-video-preview":"max-video-preview:-1"},"canonical":"https:\/\/www.fiarebancaetica.coop\/gl\/a-traves-de-la-arquitectura-protegemos-el-medio-ambiente\/","og_locale":"gl_ES","og_type":"article","og_title":"\"A trav\u00e9s de la arquitectura protegemos el medio ambiente\" - Fiare Banca Etica","og_description":"Entrevistamos a I\u00f1aki Alonso, CEO de sAtt.","og_url":"https:\/\/www.fiarebancaetica.coop\/gl\/a-traves-de-la-arquitectura-protegemos-el-medio-ambiente\/","og_site_name":"Fiare Banca Etica","article_published_time":"2022-09-22T22:00:00+00:00","article_modified_time":"2024-02-21T13:53:59+00:00","og_image":[{"width":540,"height":250,"url":"https:\/\/www.fiarebancaetica.coop\/app\/uploads\/sites\/2\/2023\/12\/traves-de-arquitectura-protegemos-el-medio-ambiente.png","type":"image\/png"}],"author":"crispyadmin0","twitter_card":"summary_large_image","schema":{"@context":"https:\/\/schema.org","@graph":[{"@type":"Article","@id":"https:\/\/www.fiarebancaetica.coop\/gl\/a-traves-de-la-arquitectura-protegemos-el-medio-ambiente\/#article","isPartOf":{"@id":"https:\/\/www.fiarebancaetica.coop\/gl\/a-traves-de-la-arquitectura-protegemos-el-medio-ambiente\/"},"author":{"name":"crispyadmin0","@id":"https:\/\/www.fiarebancaetica.coop\/gl\/#\/schema\/person\/579841e89c804b5db05d9141bd9b8272"},"headline":"&#8220;A trav\u00e9s de la arquitectura protegemos el medio ambiente&#8221;","datePublished":"2022-09-22T22:00:00+00:00","dateModified":"2024-02-21T13:53:59+00:00","mainEntityOfPage":{"@id":"https:\/\/www.fiarebancaetica.coop\/gl\/a-traves-de-la-arquitectura-protegemos-el-medio-ambiente\/"},"wordCount":841,"commentCount":0,"image":{"@id":"https:\/\/www.fiarebancaetica.coop\/gl\/a-traves-de-la-arquitectura-protegemos-el-medio-ambiente\/#primaryimage"},"thumbnailUrl":"https:\/\/www.fiarebancaetica.coop\/app\/uploads\/sites\/2\/2023\/12\/traves-de-arquitectura-protegemos-el-medio-ambiente.png","articleSection":["Finanzas \u00c9ticas"],"inLanguage":"gl-ES","potentialAction":[{"@type":"CommentAction","name":"Comment","target":["https:\/\/www.fiarebancaetica.coop\/gl\/a-traves-de-la-arquitectura-protegemos-el-medio-ambiente\/#respond"]}]},{"@type":"WebPage","@id":"https:\/\/www.fiarebancaetica.coop\/gl\/a-traves-de-la-arquitectura-protegemos-el-medio-ambiente\/","url":"https:\/\/www.fiarebancaetica.coop\/gl\/a-traves-de-la-arquitectura-protegemos-el-medio-ambiente\/","name":"\"A trav\u00e9s de la arquitectura protegemos el medio ambiente\" - Fiare Banca Etica","isPartOf":{"@id":"https:\/\/www.fiarebancaetica.coop\/gl\/#website"},"primaryImageOfPage":{"@id":"https:\/\/www.fiarebancaetica.coop\/gl\/a-traves-de-la-arquitectura-protegemos-el-medio-ambiente\/#primaryimage"},"image":{"@id":"https:\/\/www.fiarebancaetica.coop\/gl\/a-traves-de-la-arquitectura-protegemos-el-medio-ambiente\/#primaryimage"},"thumbnailUrl":"https:\/\/www.fiarebancaetica.coop\/app\/uploads\/sites\/2\/2023\/12\/traves-de-arquitectura-protegemos-el-medio-ambiente.png","datePublished":"2022-09-22T22:00:00+00:00","dateModified":"2024-02-21T13:53:59+00:00","author":{"@id":"https:\/\/www.fiarebancaetica.coop\/gl\/#\/schema\/person\/579841e89c804b5db05d9141bd9b8272"},"breadcrumb":{"@id":"https:\/\/www.fiarebancaetica.coop\/gl\/a-traves-de-la-arquitectura-protegemos-el-medio-ambiente\/#breadcrumb"},"inLanguage":"gl-ES","potentialAction":[{"@type":"ReadAction","target":["https:\/\/www.fiarebancaetica.coop\/gl\/a-traves-de-la-arquitectura-protegemos-el-medio-ambiente\/"]}]},{"@type":"ImageObject","inLanguage":"gl-ES","@id":"https:\/\/www.fiarebancaetica.coop\/gl\/a-traves-de-la-arquitectura-protegemos-el-medio-ambiente\/#primaryimage","url":"https:\/\/www.fiarebancaetica.coop\/app\/uploads\/sites\/2\/2023\/12\/traves-de-arquitectura-protegemos-el-medio-ambiente.png","contentUrl":"https:\/\/www.fiarebancaetica.coop\/app\/uploads\/sites\/2\/2023\/12\/traves-de-arquitectura-protegemos-el-medio-ambiente.png","width":540,"height":250},{"@type":"BreadcrumbList","@id":"https:\/\/www.fiarebancaetica.coop\/gl\/a-traves-de-la-arquitectura-protegemos-el-medio-ambiente\/#breadcrumb","itemListElement":[{"@type":"ListItem","position":1,"name":"Home","item":"https:\/\/www.fiarebancaetica.coop\/gl\/"},{"@type":"ListItem","position":2,"name":"&#8220;A trav\u00e9s de la arquitectura protegemos el medio ambiente&#8221;"}]},{"@type":"WebSite","@id":"https:\/\/www.fiarebancaetica.coop\/gl\/#website","url":"https:\/\/www.fiarebancaetica.coop\/gl\/","name":"Fiare Banca Etica","description":"","potentialAction":[{"@type":"SearchAction","target":{"@type":"EntryPoint","urlTemplate":"https:\/\/www.fiarebancaetica.coop\/gl\/?s={search_term_string}"},"query-input":{"@type":"PropertyValueSpecification","valueRequired":true,"valueName":"search_term_string"}}],"inLanguage":"gl-ES"},{"@type":"Person","@id":"https:\/\/www.fiarebancaetica.coop\/gl\/#\/schema\/person\/579841e89c804b5db05d9141bd9b8272","name":"crispyadmin0","image":{"@type":"ImageObject","inLanguage":"gl-ES","@id":"https:\/\/www.fiarebancaetica.coop\/gl\/#\/schema\/person\/image\/5f3a6b7786f32f4c35bd2b1a5a4698ea","url":"https:\/\/secure.gravatar.com\/avatar\/4d2cfb499d497b6d49da659fab7404b243a87fe8e40d2cf97a1cae48f677f5b2?s=96&d=mm&r=g","contentUrl":"https:\/\/secure.gravatar.com\/avatar\/4d2cfb499d497b6d49da659fab7404b243a87fe8e40d2cf97a1cae48f677f5b2?s=96&d=mm&r=g","caption":"crispyadmin0"},"sameAs":["crispyadmin0"]}]}},"_links":{"self":[{"href":"https:\/\/www.fiarebancaetica.coop\/gl\/wp-json\/wp\/v2\/posts\/343340","targetHints":{"allow":["GET"]}}],"collection":[{"href":"https:\/\/www.fiarebancaetica.coop\/gl\/wp-json\/wp\/v2\/posts"}],"about":[{"href":"https:\/\/www.fiarebancaetica.coop\/gl\/wp-json\/wp\/v2\/types\/post"}],"author":[{"embeddable":true,"href":"https:\/\/www.fiarebancaetica.coop\/gl\/wp-json\/wp\/v2\/users\/2"}],"replies":[{"embeddable":true,"href":"https:\/\/www.fiarebancaetica.coop\/gl\/wp-json\/wp\/v2\/comments?post=343340"}],"version-history":[{"count":1,"href":"https:\/\/www.fiarebancaetica.coop\/gl\/wp-json\/wp\/v2\/posts\/343340\/revisions"}],"predecessor-version":[{"id":355262,"href":"https:\/\/www.fiarebancaetica.coop\/gl\/wp-json\/wp\/v2\/posts\/343340\/revisions\/355262"}],"wp:featuredmedia":[{"embeddable":true,"href":"https:\/\/www.fiarebancaetica.coop\/gl\/wp-json\/wp\/v2\/media\/330203"}],"wp:attachment":[{"href":"https:\/\/www.fiarebancaetica.coop\/gl\/wp-json\/wp\/v2\/media?parent=343340"}],"wp:term":[{"taxonomy":"category","embeddable":true,"href":"https:\/\/www.fiarebancaetica.coop\/gl\/wp-json\/wp\/v2\/categories?post=343340"},{"taxonomy":"post_tag","embeddable":true,"href":"https:\/\/www.fiarebancaetica.coop\/gl\/wp-json\/wp\/v2\/tags?post=343340"},{"taxonomy":"author","embeddable":true,"href":"https:\/\/www.fiarebancaetica.coop\/gl\/wp-json\/wp\/v2\/coauthors?post=343340"}],"curies":[{"name":"wp","href":"https:\/\/api.w.org\/{rel}","templated":true}]}}