{"id":343361,"date":"2022-08-24T00:00:00","date_gmt":"2022-08-23T22:00:00","guid":{"rendered":"https:\/\/www.fiarebancaetica.coop\/cada-vez-somos-mas-los-que-apostamos-por-un-cambio-de-modelo-en-la-movilidad\/"},"modified":"2024-05-28T15:35:13","modified_gmt":"2024-05-28T13:35:13","slug":"som-mobilitat","status":"publish","type":"post","link":"https:\/\/www.fiarebancaetica.coop\/gl\/som-mobilitat\/","title":{"rendered":"&#8220;Cada vez somos m\u00e1s los que  apostamos por un cambio de modelo en la movilidad &#8220;"},"content":{"rendered":"\n\n<div class=\"wp-block-bancaetica-blocks-blocks-block-49\">\n    <div class=\"container-block-49\">\n\n        <div class=\"header-section \">\n                            <h1 class=\"section-title\"> Historias de impacto positivo <\/h1>\n                                            <\/div>\n\n                    <hr style=\"height:1px\" \/>\n        \n        <div class=\"block-background\" style=\"background-image: url('')\">\n                        <!-- end .tile -->\n            <div class=\"bottom-content\">\n                            <\/div> <!-- end .button-content -->\n        <\/div> <!-- end .block-background -->\n    <\/div> <!-- end .container -->\n<\/div> <!-- end wp-block-bancaetica-blocks-blocks-block-06 -->\n\n\n<div class=\"wrapper-crispybacon-class wrapper-crispybacon-class-boxed \">\n    \n<p><a href=\"#ca\"><strong>Catal\u00e0<\/strong><\/a><\/p>\n<p><em><strong>Entrevista a Som Mobilitat, proyecto financiado que promueve un nuevo modelo m\u00e1s sostenible y ecol\u00f3gico<\/strong><\/em><\/p>\n<h2>\n\t\u00bfQu\u00e9 es lo que os impuls\u00f3 a crear un proyecto para promover la movilidad el\u00e9ctrica?<\/h2>\n<p><a href=\"http:\/\/www.sommobilitat.coop\">Som Mobilitat<\/a> somos una cooperativa de consumidores y usuarios nacida el 2016 con el <strong>objetivo de transformar el modelo de movilidad actual basado en el uso del veh\u00edculo privado de combusti\u00f3n por uno de m\u00e1s sostenible <\/strong>y respetuoso con el medio ambiente y la salud de las personas. Inspirados con otros proyectos como la cooperativa Somos Energ\u00eda, los y las socias de la cooperativa nos unimos para promover la creaci\u00f3n de comunidades con servicios de movilidad el\u00e9ctrica compartida que, bajo un mismo paraguas tecnol\u00f3gico, configuren una red de carsharing en todo Catalu\u00f1a.<\/p>\n<h2>\n\t\u00bfQu\u00e9 ofrece exactamente Som Mobilitat?<\/h2>\n<p>La cooperativa <strong>ofrece servicios de movilidad el\u00e9ctrica compartida <\/strong>a trav\u00e9s de una app a particulares y organizaciones p\u00fablicas y privadas para ayudar a hacer la transici\u00f3n hacia un modelo de movilidad +sostenible que priorice los desplazamientos a pie, en bicicleta y transporte p\u00fablico.<\/p>\n<p>El servicio, que se ofrece en <strong>m\u00e1s de 25 municipios<\/strong>, se puede contratar en diferentes formatos y tarifas: alquiler por horas o por d\u00edas, para largas temporadas, para comunidades cerradas o veh\u00edculos reservados durante d\u00edas o franjas horarias concretas.<\/p>\n<h2>\n\t\u00bfCu\u00e1les son los retos actuales del proyecto?<\/h2>\n<p>Nuestro objetivo antes de acabar el a\u00f1o es <strong>conseguir tener 100 coches el\u00e9ctricos compartidos<\/strong> en servicio, sumar m\u00e1s socios y usuarios y ampliar el n\u00famero de municipios de la red de carsharing el\u00e9ctrico en Catalu\u00f1a. Esta es nuestra manera de contribuir a paliar los efectos de la crisis clim\u00e1tica:<\/p>\n<h2>\n\t\u00bfCrees que las personas est\u00e1n cambiando su consumo hacia uno m\u00e1s sostenible y responsable?<\/h2>\n<p><strong>Cada vez somos m\u00e1s personas, organizaciones y administraciones locales las que estamos apostando por un cambio de modelo<\/strong> en la movilidad en el que desplazarse en coche privado sea cada vez menos frecuente.<\/p>\n<p><strong>Cualquier cambio de h\u00e1bito de consumo requiere de tiempo y convencimiento<\/strong>. Esto lo vemos en muchos de los usuarios del carsharing el\u00e9ctrico de Som Movilidad: liberarte de la dependencia de tu coche particular no es f\u00e1cil ni se hace de un d\u00eda para el otro. Requiere de una reflexi\u00f3n profunda sobre qu\u00e9 necesidades de movilidad tienes y c\u00f3mo te lo montar\u00e1s una vez te hayas deshecho de \u00e9l. Pero entonces pruebas el servicio, y ves que funciona, y que adem\u00e1s utilizas el coche para hacer menos trayectos que antes, y vas m\u00e1s a pie, o en bici, o coges el bus\u2026 sabes que es bueno para ti y tambi\u00e9n para tu entorno y algo hace un clic dentro de ti.<\/p>\n<h2>\n\t\u00bfQu\u00e9 os impuls\u00f3 a Som Mobilitat a elegir Fiare Banca Etica?<\/h2>\n<p>Som Mobilitat somos cooperativa de consumo sin \u00e1nimo de lucro y nos gusta, por un lado, <strong>que nuestro consumo interno tambi\u00e9n sea responsable<\/strong> y, por la otra, poder intercooperar con proyectos que tengan por objetivo la transformaci\u00f3n social, econ\u00f3mica y ambiental.<\/p>\n<p><img decoding=\"async\" alt=\"\" src=\"http:\/\/www.fiarebancaetica.coop\/app\/uploads\/sites\/2\/2023\/12\/Som-Mobilitat-16-scaled.jpg\" style=\"width: 500px;\" \/><\/p>\n<h2>\n\t\u00bfQu\u00e9 importancia tiene para Som Mobilitat que su banco comparta los mismos valores?<\/h2>\n<p>Toda. <strong>Es una manera m\u00e1s de poner en pr\u00e1ctica los valores que promovemos<\/strong> d\u00eda a d\u00eda, de recuperar el valor social del dinero y es tambi\u00e9n una manera de fortalecer y seguir haciendo crecer la econom\u00eda social y solidaria (en este caso desde el \u00e1mbito de las finanzas).<\/p>\n<p><img decoding=\"async\" alt=\"\" src=\"http:\/\/www.fiarebancaetica.coop\/app\/uploads\/sites\/2\/2023\/12\/Som-Mobilitat-21-scaled.jpg\" style=\"width: 500px; height: 346px;\" \/><br \/>\n\t__________________________________________________________<\/p>\n<h2>\n\t<a id=\"ca\" name=\"ca\"><\/a><\/h2>\n<h2>\n\tQu\u00e8 \u00e9s el que us va impulsar a crear un projecte per a promoure la mobilitat el\u00e8ctrica?<\/h2>\n<p><a href=\"http:\/\/www.sommobilitat.coop\">Som Mobilitat <\/a>som una cooperativa de consumidors i usuaris nascuda el 2016 amb <strong>l\u2019objectiu de transformar el model de mobilitat actual basat en l\u2019\u00fas del vehicle privat de combusti\u00f3 per un de m\u00e9s sostenible <\/strong>i respectu\u00f3s amb el medi ambient i la salut de les persones. Inspirats amb altres projectes com la cooperativa Som Energia, els i les s\u00f2cies de la cooperativa ens unim per promoure la creaci\u00f3 de comunitats amb serveis de mobilitat el\u00e8ctrica compartida que, sota un mateix paraig\u00fces tecnol\u00f2gic, configurin una xarxa de carsharing a tot Catalunya.<\/p>\n<h2>\n\tQu\u00e8 ofereix exactament Som Mobilitat?<\/h2>\n<p>La cooperativa ofereix <strong>serveis de mobilitat el\u00e8ctrica compartida a trav\u00e9s d\u2019una app<\/strong> a particulars i organitzacions p\u00fabliques i privades per ajudar a fer la transici\u00f3 cap a un model de mobilitat +sostenible que prioritzi els despla\u00e7aments a peu, en bicicleta i transport p\u00fablic.<\/p>\n<p>El servei, que <strong>s\u2019ofereix a m\u00e9s de 25 municipis<\/strong>, es pot contractar en diferents formats i tarifes: lloguer per hores o per dies, per a llargues temporades, per a comunitats tancades o vehicles reservats durant dies o franges hor\u00e0ries concretes.<\/p>\n<h2>\n\tQuins s\u00f3n els reptes actuals del projecte?<\/h2>\n<p>El nostre objectiu abans d\u2019acabar l\u2019any \u00e9s aconseguir <strong>tenir 100 cotxes el\u00e8ctrics compartits en servei<\/strong>, sumar m\u00e9s socis i usuaris i ampliar el nombre de municipis de la xarxa de carsharing el\u00e8ctric a Catalunya. Aquesta \u00e9s la nostra manera de contribuir a pal\u00b7liar els efectes de la crisi clim\u00e0tica:<\/p>\n<h2>\n\tCreus que les persones estan canviant el seu consum cap a un m\u00e9s sostenible i responsable?<\/h2>\n<p>Cada vegada som m\u00e9s persones, organitzacions i administracions locals les que estem apostant per un canvi de model en la mobilitat en el que despla\u00e7ar-se en cotxe privat sigui cada cop menys freq\u00fcent.<\/p>\n<p><strong>Qualsevol canvi d\u2019h\u00e0bit de consum requereix de temps i convenciment<\/strong>. Aix\u00f2 ho veiem en molts dels usuaris del carsharing el\u00e8ctric de Som Mobilitat: alliberar-te de la depend\u00e8ncia del teu cotxe particular no \u00e9s f\u00e0cil ni es fa d\u2019un dia per l\u2019altre. Requereix d\u2019una reflexi\u00f3 profunda sobre quines necessitats de mobilitat tens i com t\u2019ho muntar\u00e0s una vegada te n\u2019hagis desfet. Per\u00f2 llavors proves el servei, i veus que funciona, i que a m\u00e9s utilitzes el cotxe per fer menys trajectes que abans, i vas m\u00e9s a peu, o en bici, o agafes el bus\u2026 saps que \u00e9s bo per tu i tamb\u00e9 per al teu entorn i alguna cosa fa un clic dins teu.<\/p>\n<h2>\n\tQu\u00e8 us va impulsar a Som Mobilitat a triar Fiare Banca Etica?<\/h2>\n<p>Som Mobilitat som cooperativa de consum sense \u00e0nim de lucre i ens agrada, per una banda, que <strong>el nostre consum intern tamb\u00e9 sigui responsable<\/strong> i, per l\u2019altra, poder intercooperar amb projectes que tinguin per objectiu la transformaci\u00f3 social, econ\u00f2mica i ambiental.<\/p>\n<h2>\n\tQuina import\u00e0ncia t\u00e9 per a Som Mobilitat que el seu banc comparteixi els mateixos valors?<\/h2>\n<p>Tota. \u00c9s una manera m\u00e9s de posar en pr\u00e0ctica els valors que promovem dia a dia, d<strong>e recuperar el valor social dels diners i \u00e9s tamb\u00e9 una manera d\u2019enfortir i seguir fent cr\u00e9ixer l\u2019economia social i solid\u00e0ria<\/strong> (en aquest cas des de l\u2019\u00e0mbit de les finances).<\/p>\n<p><a href=\"http:\/\/www.sommobilitat.coop\">www.sommobilitat.coop<\/a><\/p>\n<p><img decoding=\"async\" alt=\"\" src=\"http:\/\/www.fiarebancaetica.coop\/app\/uploads\/sites\/2\/2023\/12\/Som-Mobilitat-15-scaled.jpg\" style=\"width: 500px;\" \/><\/p>\n\n<\/div>","protected":false},"excerpt":{"rendered":"<p>Som Mobilitat somos una cooperativa de consumidores y usuarios nacida el 2016 con el objetivo de transformar el modelo de movilidad actual basado en el uso del veh\u00edculo privado de combusti\u00f3n por uno de m\u00e1s sostenible y respetuoso con el medio ambiente y la salud de las personas.<\/p>\n","protected":false},"author":2,"featured_media":330167,"comment_status":"open","ping_status":"closed","sticky":false,"template":"","format":"standard","meta":{"_acf_changed":false,"footnotes":""},"categories":[11664],"tags":[],"coauthors":[],"class_list":["post-343361","post","type-post","status-publish","format-standard","has-post-thumbnail","hentry","category-historias-de-impacto-positivo"],"acf":[],"yoast_head":"<!-- This site is optimized with the Yoast SEO plugin v26.9 - https:\/\/yoast.com\/product\/yoast-seo-wordpress\/ -->\n<title>&quot;Cada vez somos m\u00e1s los que apostamos por un cambio de modelo en la movilidad &quot; - Fiare Banca Etica<\/title>\n<meta name=\"robots\" content=\"index, follow, max-snippet:-1, max-image-preview:large, max-video-preview:-1\" \/>\n<link rel=\"canonical\" href=\"https:\/\/www.fiarebancaetica.coop\/gl\/som-mobilitat\/\" \/>\n<meta property=\"og:locale\" content=\"gl_ES\" \/>\n<meta property=\"og:type\" content=\"article\" \/>\n<meta property=\"og:title\" content=\"&quot;Cada vez somos m\u00e1s los que apostamos por un cambio de modelo en la movilidad &quot; - Fiare Banca Etica\" \/>\n<meta property=\"og:description\" content=\"Som Mobilitat somos una cooperativa de consumidores y usuarios nacida el 2016 con el objetivo de transformar el modelo de movilidad actual basado en el uso del veh\u00edculo privado de combusti\u00f3n por uno de m\u00e1s sostenible y respetuoso con el medio ambiente y la salud de las personas.\" \/>\n<meta property=\"og:url\" content=\"https:\/\/www.fiarebancaetica.coop\/gl\/som-mobilitat\/\" \/>\n<meta property=\"og:site_name\" content=\"Fiare Banca Etica\" \/>\n<meta property=\"article:published_time\" content=\"2022-08-23T22:00:00+00:00\" \/>\n<meta property=\"article:modified_time\" content=\"2024-05-28T13:35:13+00:00\" \/>\n<meta property=\"og:image\" content=\"https:\/\/www.fiarebancaetica.coop\/app\/uploads\/sites\/2\/2023\/12\/cada-vez-somos-mas-los-que-apostamos-por-un-cambio-de-modelo-en-movilidad.jpg\" \/>\n\t<meta property=\"og:image:width\" content=\"540\" \/>\n\t<meta property=\"og:image:height\" content=\"250\" \/>\n\t<meta property=\"og:image:type\" content=\"image\/jpeg\" \/>\n<meta name=\"author\" content=\"crispyadmin0\" \/>\n<meta name=\"twitter:card\" content=\"summary_large_image\" \/>\n<script type=\"application\/ld+json\" class=\"yoast-schema-graph\">{\"@context\":\"https:\/\/schema.org\",\"@graph\":[{\"@type\":\"Article\",\"@id\":\"https:\/\/www.fiarebancaetica.coop\/gl\/som-mobilitat\/#article\",\"isPartOf\":{\"@id\":\"https:\/\/www.fiarebancaetica.coop\/gl\/som-mobilitat\/\"},\"author\":{\"name\":\"crispyadmin0\",\"@id\":\"https:\/\/www.fiarebancaetica.coop\/gl\/#\/schema\/person\/579841e89c804b5db05d9141bd9b8272\"},\"headline\":\"&#8220;Cada vez somos m\u00e1s los que apostamos por un cambio de modelo en la movilidad &#8220;\",\"datePublished\":\"2022-08-23T22:00:00+00:00\",\"dateModified\":\"2024-05-28T13:35:13+00:00\",\"mainEntityOfPage\":{\"@id\":\"https:\/\/www.fiarebancaetica.coop\/gl\/som-mobilitat\/\"},\"wordCount\":1190,\"commentCount\":0,\"image\":{\"@id\":\"https:\/\/www.fiarebancaetica.coop\/gl\/som-mobilitat\/#primaryimage\"},\"thumbnailUrl\":\"https:\/\/www.fiarebancaetica.coop\/app\/uploads\/sites\/2\/2023\/12\/cada-vez-somos-mas-los-que-apostamos-por-un-cambio-de-modelo-en-movilidad.jpg\",\"articleSection\":[\"Historias de impacto positivo\"],\"inLanguage\":\"gl-ES\",\"potentialAction\":[{\"@type\":\"CommentAction\",\"name\":\"Comment\",\"target\":[\"https:\/\/www.fiarebancaetica.coop\/gl\/som-mobilitat\/#respond\"]}]},{\"@type\":\"WebPage\",\"@id\":\"https:\/\/www.fiarebancaetica.coop\/gl\/som-mobilitat\/\",\"url\":\"https:\/\/www.fiarebancaetica.coop\/gl\/som-mobilitat\/\",\"name\":\"\\\"Cada vez somos m\u00e1s los que apostamos por un cambio de modelo en la movilidad \\\" - Fiare Banca Etica\",\"isPartOf\":{\"@id\":\"https:\/\/www.fiarebancaetica.coop\/gl\/#website\"},\"primaryImageOfPage\":{\"@id\":\"https:\/\/www.fiarebancaetica.coop\/gl\/som-mobilitat\/#primaryimage\"},\"image\":{\"@id\":\"https:\/\/www.fiarebancaetica.coop\/gl\/som-mobilitat\/#primaryimage\"},\"thumbnailUrl\":\"https:\/\/www.fiarebancaetica.coop\/app\/uploads\/sites\/2\/2023\/12\/cada-vez-somos-mas-los-que-apostamos-por-un-cambio-de-modelo-en-movilidad.jpg\",\"datePublished\":\"2022-08-23T22:00:00+00:00\",\"dateModified\":\"2024-05-28T13:35:13+00:00\",\"author\":{\"@id\":\"https:\/\/www.fiarebancaetica.coop\/gl\/#\/schema\/person\/579841e89c804b5db05d9141bd9b8272\"},\"breadcrumb\":{\"@id\":\"https:\/\/www.fiarebancaetica.coop\/gl\/som-mobilitat\/#breadcrumb\"},\"inLanguage\":\"gl-ES\",\"potentialAction\":[{\"@type\":\"ReadAction\",\"target\":[\"https:\/\/www.fiarebancaetica.coop\/gl\/som-mobilitat\/\"]}]},{\"@type\":\"ImageObject\",\"inLanguage\":\"gl-ES\",\"@id\":\"https:\/\/www.fiarebancaetica.coop\/gl\/som-mobilitat\/#primaryimage\",\"url\":\"https:\/\/www.fiarebancaetica.coop\/app\/uploads\/sites\/2\/2023\/12\/cada-vez-somos-mas-los-que-apostamos-por-un-cambio-de-modelo-en-movilidad.jpg\",\"contentUrl\":\"https:\/\/www.fiarebancaetica.coop\/app\/uploads\/sites\/2\/2023\/12\/cada-vez-somos-mas-los-que-apostamos-por-un-cambio-de-modelo-en-movilidad.jpg\",\"width\":540,\"height\":250},{\"@type\":\"BreadcrumbList\",\"@id\":\"https:\/\/www.fiarebancaetica.coop\/gl\/som-mobilitat\/#breadcrumb\",\"itemListElement\":[{\"@type\":\"ListItem\",\"position\":1,\"name\":\"Home\",\"item\":\"https:\/\/www.fiarebancaetica.coop\/gl\/\"},{\"@type\":\"ListItem\",\"position\":2,\"name\":\"&#8220;Cada vez somos m\u00e1s los que apostamos por un cambio de modelo en la movilidad &#8220;\"}]},{\"@type\":\"WebSite\",\"@id\":\"https:\/\/www.fiarebancaetica.coop\/gl\/#website\",\"url\":\"https:\/\/www.fiarebancaetica.coop\/gl\/\",\"name\":\"Fiare Banca Etica\",\"description\":\"\",\"potentialAction\":[{\"@type\":\"SearchAction\",\"target\":{\"@type\":\"EntryPoint\",\"urlTemplate\":\"https:\/\/www.fiarebancaetica.coop\/gl\/?s={search_term_string}\"},\"query-input\":{\"@type\":\"PropertyValueSpecification\",\"valueRequired\":true,\"valueName\":\"search_term_string\"}}],\"inLanguage\":\"gl-ES\"},{\"@type\":\"Person\",\"@id\":\"https:\/\/www.fiarebancaetica.coop\/gl\/#\/schema\/person\/579841e89c804b5db05d9141bd9b8272\",\"name\":\"crispyadmin0\",\"image\":{\"@type\":\"ImageObject\",\"inLanguage\":\"gl-ES\",\"@id\":\"https:\/\/www.fiarebancaetica.coop\/gl\/#\/schema\/person\/image\/5f3a6b7786f32f4c35bd2b1a5a4698ea\",\"url\":\"https:\/\/secure.gravatar.com\/avatar\/4d2cfb499d497b6d49da659fab7404b243a87fe8e40d2cf97a1cae48f677f5b2?s=96&d=mm&r=g\",\"contentUrl\":\"https:\/\/secure.gravatar.com\/avatar\/4d2cfb499d497b6d49da659fab7404b243a87fe8e40d2cf97a1cae48f677f5b2?s=96&d=mm&r=g\",\"caption\":\"crispyadmin0\"},\"sameAs\":[\"crispyadmin0\"]}]}<\/script>\n<!-- \/ Yoast SEO plugin. -->","yoast_head_json":{"title":"\"Cada vez somos m\u00e1s los que apostamos por un cambio de modelo en la movilidad \" - Fiare Banca Etica","robots":{"index":"index","follow":"follow","max-snippet":"max-snippet:-1","max-image-preview":"max-image-preview:large","max-video-preview":"max-video-preview:-1"},"canonical":"https:\/\/www.fiarebancaetica.coop\/gl\/som-mobilitat\/","og_locale":"gl_ES","og_type":"article","og_title":"\"Cada vez somos m\u00e1s los que apostamos por un cambio de modelo en la movilidad \" - Fiare Banca Etica","og_description":"Som Mobilitat somos una cooperativa de consumidores y usuarios nacida el 2016 con el objetivo de transformar el modelo de movilidad actual basado en el uso del veh\u00edculo privado de combusti\u00f3n por uno de m\u00e1s sostenible y respetuoso con el medio ambiente y la salud de las personas.","og_url":"https:\/\/www.fiarebancaetica.coop\/gl\/som-mobilitat\/","og_site_name":"Fiare Banca Etica","article_published_time":"2022-08-23T22:00:00+00:00","article_modified_time":"2024-05-28T13:35:13+00:00","og_image":[{"width":540,"height":250,"url":"https:\/\/www.fiarebancaetica.coop\/app\/uploads\/sites\/2\/2023\/12\/cada-vez-somos-mas-los-que-apostamos-por-un-cambio-de-modelo-en-movilidad.jpg","type":"image\/jpeg"}],"author":"crispyadmin0","twitter_card":"summary_large_image","schema":{"@context":"https:\/\/schema.org","@graph":[{"@type":"Article","@id":"https:\/\/www.fiarebancaetica.coop\/gl\/som-mobilitat\/#article","isPartOf":{"@id":"https:\/\/www.fiarebancaetica.coop\/gl\/som-mobilitat\/"},"author":{"name":"crispyadmin0","@id":"https:\/\/www.fiarebancaetica.coop\/gl\/#\/schema\/person\/579841e89c804b5db05d9141bd9b8272"},"headline":"&#8220;Cada vez somos m\u00e1s los que apostamos por un cambio de modelo en la movilidad &#8220;","datePublished":"2022-08-23T22:00:00+00:00","dateModified":"2024-05-28T13:35:13+00:00","mainEntityOfPage":{"@id":"https:\/\/www.fiarebancaetica.coop\/gl\/som-mobilitat\/"},"wordCount":1190,"commentCount":0,"image":{"@id":"https:\/\/www.fiarebancaetica.coop\/gl\/som-mobilitat\/#primaryimage"},"thumbnailUrl":"https:\/\/www.fiarebancaetica.coop\/app\/uploads\/sites\/2\/2023\/12\/cada-vez-somos-mas-los-que-apostamos-por-un-cambio-de-modelo-en-movilidad.jpg","articleSection":["Historias de impacto positivo"],"inLanguage":"gl-ES","potentialAction":[{"@type":"CommentAction","name":"Comment","target":["https:\/\/www.fiarebancaetica.coop\/gl\/som-mobilitat\/#respond"]}]},{"@type":"WebPage","@id":"https:\/\/www.fiarebancaetica.coop\/gl\/som-mobilitat\/","url":"https:\/\/www.fiarebancaetica.coop\/gl\/som-mobilitat\/","name":"\"Cada vez somos m\u00e1s los que apostamos por un cambio de modelo en la movilidad \" - Fiare Banca Etica","isPartOf":{"@id":"https:\/\/www.fiarebancaetica.coop\/gl\/#website"},"primaryImageOfPage":{"@id":"https:\/\/www.fiarebancaetica.coop\/gl\/som-mobilitat\/#primaryimage"},"image":{"@id":"https:\/\/www.fiarebancaetica.coop\/gl\/som-mobilitat\/#primaryimage"},"thumbnailUrl":"https:\/\/www.fiarebancaetica.coop\/app\/uploads\/sites\/2\/2023\/12\/cada-vez-somos-mas-los-que-apostamos-por-un-cambio-de-modelo-en-movilidad.jpg","datePublished":"2022-08-23T22:00:00+00:00","dateModified":"2024-05-28T13:35:13+00:00","author":{"@id":"https:\/\/www.fiarebancaetica.coop\/gl\/#\/schema\/person\/579841e89c804b5db05d9141bd9b8272"},"breadcrumb":{"@id":"https:\/\/www.fiarebancaetica.coop\/gl\/som-mobilitat\/#breadcrumb"},"inLanguage":"gl-ES","potentialAction":[{"@type":"ReadAction","target":["https:\/\/www.fiarebancaetica.coop\/gl\/som-mobilitat\/"]}]},{"@type":"ImageObject","inLanguage":"gl-ES","@id":"https:\/\/www.fiarebancaetica.coop\/gl\/som-mobilitat\/#primaryimage","url":"https:\/\/www.fiarebancaetica.coop\/app\/uploads\/sites\/2\/2023\/12\/cada-vez-somos-mas-los-que-apostamos-por-un-cambio-de-modelo-en-movilidad.jpg","contentUrl":"https:\/\/www.fiarebancaetica.coop\/app\/uploads\/sites\/2\/2023\/12\/cada-vez-somos-mas-los-que-apostamos-por-un-cambio-de-modelo-en-movilidad.jpg","width":540,"height":250},{"@type":"BreadcrumbList","@id":"https:\/\/www.fiarebancaetica.coop\/gl\/som-mobilitat\/#breadcrumb","itemListElement":[{"@type":"ListItem","position":1,"name":"Home","item":"https:\/\/www.fiarebancaetica.coop\/gl\/"},{"@type":"ListItem","position":2,"name":"&#8220;Cada vez somos m\u00e1s los que apostamos por un cambio de modelo en la movilidad &#8220;"}]},{"@type":"WebSite","@id":"https:\/\/www.fiarebancaetica.coop\/gl\/#website","url":"https:\/\/www.fiarebancaetica.coop\/gl\/","name":"Fiare Banca Etica","description":"","potentialAction":[{"@type":"SearchAction","target":{"@type":"EntryPoint","urlTemplate":"https:\/\/www.fiarebancaetica.coop\/gl\/?s={search_term_string}"},"query-input":{"@type":"PropertyValueSpecification","valueRequired":true,"valueName":"search_term_string"}}],"inLanguage":"gl-ES"},{"@type":"Person","@id":"https:\/\/www.fiarebancaetica.coop\/gl\/#\/schema\/person\/579841e89c804b5db05d9141bd9b8272","name":"crispyadmin0","image":{"@type":"ImageObject","inLanguage":"gl-ES","@id":"https:\/\/www.fiarebancaetica.coop\/gl\/#\/schema\/person\/image\/5f3a6b7786f32f4c35bd2b1a5a4698ea","url":"https:\/\/secure.gravatar.com\/avatar\/4d2cfb499d497b6d49da659fab7404b243a87fe8e40d2cf97a1cae48f677f5b2?s=96&d=mm&r=g","contentUrl":"https:\/\/secure.gravatar.com\/avatar\/4d2cfb499d497b6d49da659fab7404b243a87fe8e40d2cf97a1cae48f677f5b2?s=96&d=mm&r=g","caption":"crispyadmin0"},"sameAs":["crispyadmin0"]}]}},"_links":{"self":[{"href":"https:\/\/www.fiarebancaetica.coop\/gl\/wp-json\/wp\/v2\/posts\/343361","targetHints":{"allow":["GET"]}}],"collection":[{"href":"https:\/\/www.fiarebancaetica.coop\/gl\/wp-json\/wp\/v2\/posts"}],"about":[{"href":"https:\/\/www.fiarebancaetica.coop\/gl\/wp-json\/wp\/v2\/types\/post"}],"author":[{"embeddable":true,"href":"https:\/\/www.fiarebancaetica.coop\/gl\/wp-json\/wp\/v2\/users\/2"}],"replies":[{"embeddable":true,"href":"https:\/\/www.fiarebancaetica.coop\/gl\/wp-json\/wp\/v2\/comments?post=343361"}],"version-history":[{"count":2,"href":"https:\/\/www.fiarebancaetica.coop\/gl\/wp-json\/wp\/v2\/posts\/343361\/revisions"}],"predecessor-version":[{"id":375615,"href":"https:\/\/www.fiarebancaetica.coop\/gl\/wp-json\/wp\/v2\/posts\/343361\/revisions\/375615"}],"wp:featuredmedia":[{"embeddable":true,"href":"https:\/\/www.fiarebancaetica.coop\/gl\/wp-json\/wp\/v2\/media\/330167"}],"wp:attachment":[{"href":"https:\/\/www.fiarebancaetica.coop\/gl\/wp-json\/wp\/v2\/media?parent=343361"}],"wp:term":[{"taxonomy":"category","embeddable":true,"href":"https:\/\/www.fiarebancaetica.coop\/gl\/wp-json\/wp\/v2\/categories?post=343361"},{"taxonomy":"post_tag","embeddable":true,"href":"https:\/\/www.fiarebancaetica.coop\/gl\/wp-json\/wp\/v2\/tags?post=343361"},{"taxonomy":"author","embeddable":true,"href":"https:\/\/www.fiarebancaetica.coop\/gl\/wp-json\/wp\/v2\/coauthors?post=343361"}],"curies":[{"name":"wp","href":"https:\/\/api.w.org\/{rel}","templated":true}]}}