{"id":343385,"date":"2022-07-08T00:00:00","date_gmt":"2022-07-07T22:00:00","guid":{"rendered":"https:\/\/www.fiarebancaetica.coop\/o-cooperativismo-xera-persoas-responsables-conscientes-e-comprometidas-coa-empresa\/"},"modified":"2024-02-21T14:56:45","modified_gmt":"2024-02-21T13:56:45","slug":"o-cooperativismo-xera-persoas-responsables-conscientes-e-comprometidas-coa-empresa","status":"publish","type":"post","link":"https:\/\/www.fiarebancaetica.coop\/gl\/o-cooperativismo-xera-persoas-responsables-conscientes-e-comprometidas-coa-empresa\/","title":{"rendered":"\u00abO cooperativismo xera persoas responsables, conscientes e comprometidas coa empresa\u00bb"},"content":{"rendered":"\n\n<div class=\"wp-block-bancaetica-blocks-blocks-block-49\">\n    <div class=\"container-block-49\">\n\n        <div class=\"header-section \">\n                            <h1 class=\"section-title\"> Etica e cooperativa <\/h1>\n                                            <\/div>\n\n        \n        <div class=\"block-background\" style=\"background-image: url('https:\/\/www.fiarebancaetica.coop\/app\/uploads\/sites\/2\/2023\/12\/o-cooperativismo-xera-persoas-responsables-conscientes-comprometidas-coa-empresa.jpg')\">\n                            <div class=\"tile\">\n                    <h1 class=\"image-title\"> \u00abO cooperativismo xera persoas responsables, conscientes e comprometidas coa empresa\u00bb <\/h1>\n                <\/div>             <!-- end .tile -->\n            <div class=\"bottom-content\">\n                            <\/div> <!-- end .button-content -->\n        <\/div> <!-- end .block-background -->\n    <\/div> <!-- end .container -->\n<\/div> <!-- end wp-block-bancaetica-blocks-blocks-block-06 -->\n\n\n<div class=\"wrapper-crispybacon-class wrapper-crispybacon-class-boxed \">\n    <p><em><strong>Entrevista a Ana Aguirre, presidenta das Xuventudes na&nbsp;&nbsp;<\/strong><\/em><em><strong><a href=\"https:\/\/www.ica.coop\/es\">Alianza Mundial de Cooperativas<\/a><\/strong><\/em><\/p>\n<h2>\n\tComo descubriches o cooperativismo?<\/h2>\n<p>Descubr\u00edn o cooperativismo como movemento e filosof\u00eda durante a carreira. Estudei na primeira promoci\u00f3n do grao de liderado emprendedor e innovaci\u00f3n (<a href=\"http:\/\/travellinguniversity.com\">LEINN<\/a>) de eMondragon. Despois fun entrando neste mundo grazas \u00e1s grandes conversas sobre principios, gobernanza, transformaci\u00f3n, co meu pai, membro da cooperativa Mondrag\u00f3n.<\/p>\n<h2>\n\tEn que foi fundamental o cooperativismo na construci\u00f3n da t\u00faa traxectoria laboral?<\/h2>\n<p>Creamos <a href=\"http:\/\/tzbz.coop\/es\/language\/\">Tazebaez<\/a>, a nosa cooperativa, ao comezo do grao. As\u00ed que a maior parte da mi\u00f1a actividade laboral foi nunha cooperativa de traballo asociado.<br \/>\n\tAs persoas cofundadoras do proxecto cremos no modelo cooperativo e eliximos todos os d\u00edas ser cooperativistas, facemos pedagox\u00eda, fomentamos os espazos de participaci\u00f3n\u2026 Ademais compromet\u00e9monos co movemento a nivel internacional, creando a rede de cooperativistas novas de Europa en 2015, canda persoas de 15 pa\u00edses, e sendo parte do comit\u00e9 de xuventude da ACI desde 2017.<\/p>\n<h2>\n\tCal \u00e9 a situaci\u00f3n do cooperativismo a nivel mundial?<\/h2>\n<p>O cooperativismo a nivel mundial perc\u00edbese como un movemento residual, como un \u00abbo intento de alternativa\u00bb. Por\u00e9n, segundo a Alianza Cooperativa Internacional, 1 de cada 10 empregos a nivel mundial son cooperativos. O 12&nbsp;% da poboaci\u00f3n mundial \u00e9 parte dunha das 3 mill\u00f3ns de cooperativas que suman un total de 1 bill\u00f3n de membros.<br \/>\n\tAdemais, hai unha percepci\u00f3n, err\u00f3nea moitas veces, de que as cooperativas son empresas sen \u00e1nimo de lucro ou que son empresas non-sustentables. Segundo o World Cooperative Monitor, as 300 empresas cooperativas e mutualistas mais importantes suman un volume de negocio de 2,14 bill\u00f3ns de d\u00f3lares.<\/p>\n<h2>\n\tCales son as vantaxes?<\/h2>\n<p>Para min, as vantaxes do cooperativismo van m\u00e1is al\u00f3 das \u00abdoadas de percibir\u00bb. Claro que agora, coas crises, dem\u00f3strase que son m\u00e1is resilientes, m\u00e1is responsables, m\u00e1is capaces de manter o emprego. Tam\u00e9n sen crises se demostra que son un actor sen igual para a distribuci\u00f3n da riqueza e o fomento da igualdade social.<br \/>\n\tEmporiso, hai factores que talvez pasan m\u00e1is desapercibidos \u00e1 ollada externa, como pode ser o apoderamento das persoas a trav\u00e9s da participaci\u00f3n e a propiedade, o exercicio da responsabilidade, o acceso ao co\u00f1ecemento e a involucraci\u00f3n no d\u00eda a d\u00eda da empresa na que traballan, tomando con responsabilidade e conciencia decisi\u00f3ns coherentes cos seus principios.<br \/>\n\tO sistema de propiedade compartida e xesti\u00f3n participativa xera persoas responsables, humanas, conscientes e comprometidas coa empresa como ferramenta de transformaci\u00f3n social. Creo que decote estas caracter\u00edsticas pasan desapercibidas.<\/p>\n<h2>\n\tComo se incorpora a xuventude a este modelo?<\/h2>\n<p>A captaci\u00f3n de talento \u00e9 un reto claro para os pr\u00f3ximos anos, mais non s\u00f3 para o modelo cooperativo. A transici\u00f3n xeracional \u00e9 un tema candente en moit\u00edsimos foros empresariais e sociais. E o cooperativismo non \u00e9 unha excepci\u00f3n a isto.<br \/>\n\tPor\u00e9n, moitos estudos demostran que a xuventude se achega ao mundo empresarial cuns principios moi marcados de impacto social e ambiental, de participaci\u00f3n e de toma de responsabilidade. As\u00ed que, na mi\u00f1a opini\u00f3n, o modelo cooperativo deber\u00eda ser m\u00e1is capaz de transmitir todo o potencial que ten en relaci\u00f3n con estes valores, porque \u00e9 coherente e traballa no d\u00eda a d\u00eda con eles.<\/p>\n<h2>\n\tQue retos ten o cooperativismo para fomentar a incorporaci\u00f3n da mocidade ao mundo do traballo?<\/h2>\n<p>Non somos o mellor movemento a nivel de marketing, mais fixemos bos traballos para entender a mocidade dentro do movemento, por exemplo este de Coops4Dev.<br \/>\n\tCon todo, a realidade \u00e9 que de momento precisamos mellorar non s\u00f3 na participaci\u00f3n do talento, que non vai mal, sen\u00f3n tam\u00e9n na participaci\u00f3n das persoas novas nos foros de traballo e decisi\u00f3n do movemento.<\/p>\n<h2>\n\tHai apoio p\u00fablico abondo para facer desta forma de traballo un modelo m\u00e1is grande?<\/h2>\n<p>A resposta a isto seguro que sempre \u00e9 non. Sempre se pode m\u00e1is. Sempre se pode avogar, apostar, apoiar e dar m\u00e1is axuda a un sector que \u00e9 o modelo do ben colectivo en formato estrutural.<br \/>\n\tPara a mocidade, que \u00e9 o meu campo no caso da ACI, non hai apoio abondo ao cooperativismo novo. Hai estruturas que poder\u00edan apoiar moito, que na s\u00faa forma son positivas, mais penso que de momento o apoio p\u00fablico ao cooperativismo, sobre todo \u00e1 xuventude, poder\u00eda mellorar un mont\u00f3n.<br \/>\n\t<br \/>\n\tA trav\u00e9s da creaci\u00f3n de fondos de apoio \u00e1 educaci\u00f3n cooperativa e emprendedora, a trav\u00e9s do fomento do entendemento da econom\u00eda social, non como un sector sen\u00f3n como unha necesidade para a supervivencia do planeta e a mellora social. As cooperativas son negocios e empresas que, malia seren privadas, son de propiedade compartida e intrinsecamente presentan un modelo de devoluci\u00f3n \u00e1 sociedade por medio do reparto que as fai responsabilidade social, pero no d\u00eda a d\u00eda. Non facemos responsabilidade social, somos responsabilidade social. E, por suposto, apoios a programas de xuventude neste eido sempre ve\u00f1en ben.<\/p>\n<h2>\n\tE a respecto da muller, cal \u00e9 o nivel de presenza e visibilidade deste colectivo no cooperativismo?<\/h2>\n<p>Coma en todos os colectivos, hai un gran cami\u00f1o que percorrer. No caso das cooperativas, \u00e9 un cami\u00f1o que ten ademais que ser responsabilidade de todas as persoas, porque como socias das nosas propias entidades temos que ser activistas.<br \/>\n\tNos \u00faltimos anos, d\u00e9ronse pasos cara adiante na presenza de mulleres en postos directivos, na estrutura internacional do movemento cooperativo, no traballo\u2026 mais queda moito por percorrer. Non estamos exentos deste reto.<\/p>\n<h2>\n\tProp\u00f3sitos para os vindeiros 10 anos\u2026<\/h2>\n<p>Visibilizar a actividade que xa realizamos. Ser quen de comunicar para captar e de entender a transformaci\u00f3n social que est\u00e1 a suceder en moit\u00edsimos sectores e como isto vai afectar ao movemento e \u00e1 identidade cooperativa. E ser proactivas, non reactivas, na transformaci\u00f3n continua do modelo.<\/p>\n<p><a href=\"https:\/\/www.ica.coop\/es\"><strong>https:\/\/www.ica.coop\/es<\/strong><\/a><\/p>\n<\/div>","protected":false},"excerpt":{"rendered":"<p>Entrevista a Ana Aguirre, presidenta das Xuventudes na&nbsp; Alianza Mundial de Cooperativas<\/p>\n","protected":false},"author":2,"featured_media":330130,"comment_status":"open","ping_status":"closed","sticky":false,"template":"","format":"standard","meta":{"_acf_changed":false,"footnotes":""},"categories":[11645],"tags":[],"coauthors":[],"class_list":["post-343385","post","type-post","status-publish","format-standard","has-post-thumbnail","hentry","category-finanzas-eticas"],"acf":[],"yoast_head":"<!-- This site is optimized with the Yoast SEO plugin v26.9 - https:\/\/yoast.com\/product\/yoast-seo-wordpress\/ -->\n<title>\u00abO cooperativismo xera persoas responsables, conscientes e comprometidas coa empresa\u00bb - Fiare Banca Etica<\/title>\n<meta name=\"robots\" content=\"index, follow, max-snippet:-1, max-image-preview:large, max-video-preview:-1\" \/>\n<link rel=\"canonical\" href=\"https:\/\/www.fiarebancaetica.coop\/gl\/o-cooperativismo-xera-persoas-responsables-conscientes-e-comprometidas-coa-empresa\/\" \/>\n<meta property=\"og:locale\" content=\"gl_ES\" \/>\n<meta property=\"og:type\" content=\"article\" \/>\n<meta property=\"og:title\" content=\"\u00abO cooperativismo xera persoas responsables, conscientes e comprometidas coa empresa\u00bb - Fiare Banca Etica\" \/>\n<meta property=\"og:description\" content=\"Entrevista a Ana Aguirre, presidenta das Xuventudes na&nbsp; Alianza Mundial de Cooperativas\" \/>\n<meta property=\"og:url\" content=\"https:\/\/www.fiarebancaetica.coop\/gl\/o-cooperativismo-xera-persoas-responsables-conscientes-e-comprometidas-coa-empresa\/\" \/>\n<meta property=\"og:site_name\" content=\"Fiare Banca Etica\" \/>\n<meta property=\"article:published_time\" content=\"2022-07-07T22:00:00+00:00\" \/>\n<meta property=\"article:modified_time\" content=\"2024-02-21T13:56:45+00:00\" \/>\n<meta property=\"og:image\" content=\"https:\/\/www.fiarebancaetica.coop\/app\/uploads\/sites\/2\/2023\/12\/o-cooperativismo-xera-persoas-responsables-conscientes-comprometidas-coa-empresa.jpg\" \/>\n\t<meta property=\"og:image:width\" content=\"540\" \/>\n\t<meta property=\"og:image:height\" content=\"250\" \/>\n\t<meta property=\"og:image:type\" content=\"image\/jpeg\" \/>\n<meta name=\"author\" content=\"crispyadmin0\" \/>\n<meta name=\"twitter:card\" content=\"summary_large_image\" \/>\n<script type=\"application\/ld+json\" class=\"yoast-schema-graph\">{\"@context\":\"https:\/\/schema.org\",\"@graph\":[{\"@type\":\"Article\",\"@id\":\"https:\/\/www.fiarebancaetica.coop\/gl\/o-cooperativismo-xera-persoas-responsables-conscientes-e-comprometidas-coa-empresa\/#article\",\"isPartOf\":{\"@id\":\"https:\/\/www.fiarebancaetica.coop\/gl\/o-cooperativismo-xera-persoas-responsables-conscientes-e-comprometidas-coa-empresa\/\"},\"author\":{\"name\":\"crispyadmin0\",\"@id\":\"https:\/\/www.fiarebancaetica.coop\/gl\/#\/schema\/person\/579841e89c804b5db05d9141bd9b8272\"},\"headline\":\"\u00abO cooperativismo xera persoas responsables, conscientes e comprometidas coa empresa\u00bb\",\"datePublished\":\"2022-07-07T22:00:00+00:00\",\"dateModified\":\"2024-02-21T13:56:45+00:00\",\"mainEntityOfPage\":{\"@id\":\"https:\/\/www.fiarebancaetica.coop\/gl\/o-cooperativismo-xera-persoas-responsables-conscientes-e-comprometidas-coa-empresa\/\"},\"wordCount\":1002,\"commentCount\":0,\"image\":{\"@id\":\"https:\/\/www.fiarebancaetica.coop\/gl\/o-cooperativismo-xera-persoas-responsables-conscientes-e-comprometidas-coa-empresa\/#primaryimage\"},\"thumbnailUrl\":\"https:\/\/www.fiarebancaetica.coop\/app\/uploads\/sites\/2\/2023\/12\/o-cooperativismo-xera-persoas-responsables-conscientes-comprometidas-coa-empresa.jpg\",\"articleSection\":[\"Finanzas \u00c9ticas\"],\"inLanguage\":\"gl-ES\",\"potentialAction\":[{\"@type\":\"CommentAction\",\"name\":\"Comment\",\"target\":[\"https:\/\/www.fiarebancaetica.coop\/gl\/o-cooperativismo-xera-persoas-responsables-conscientes-e-comprometidas-coa-empresa\/#respond\"]}]},{\"@type\":\"WebPage\",\"@id\":\"https:\/\/www.fiarebancaetica.coop\/gl\/o-cooperativismo-xera-persoas-responsables-conscientes-e-comprometidas-coa-empresa\/\",\"url\":\"https:\/\/www.fiarebancaetica.coop\/gl\/o-cooperativismo-xera-persoas-responsables-conscientes-e-comprometidas-coa-empresa\/\",\"name\":\"\u00abO cooperativismo xera persoas responsables, conscientes e comprometidas coa empresa\u00bb - Fiare Banca Etica\",\"isPartOf\":{\"@id\":\"https:\/\/www.fiarebancaetica.coop\/gl\/#website\"},\"primaryImageOfPage\":{\"@id\":\"https:\/\/www.fiarebancaetica.coop\/gl\/o-cooperativismo-xera-persoas-responsables-conscientes-e-comprometidas-coa-empresa\/#primaryimage\"},\"image\":{\"@id\":\"https:\/\/www.fiarebancaetica.coop\/gl\/o-cooperativismo-xera-persoas-responsables-conscientes-e-comprometidas-coa-empresa\/#primaryimage\"},\"thumbnailUrl\":\"https:\/\/www.fiarebancaetica.coop\/app\/uploads\/sites\/2\/2023\/12\/o-cooperativismo-xera-persoas-responsables-conscientes-comprometidas-coa-empresa.jpg\",\"datePublished\":\"2022-07-07T22:00:00+00:00\",\"dateModified\":\"2024-02-21T13:56:45+00:00\",\"author\":{\"@id\":\"https:\/\/www.fiarebancaetica.coop\/gl\/#\/schema\/person\/579841e89c804b5db05d9141bd9b8272\"},\"breadcrumb\":{\"@id\":\"https:\/\/www.fiarebancaetica.coop\/gl\/o-cooperativismo-xera-persoas-responsables-conscientes-e-comprometidas-coa-empresa\/#breadcrumb\"},\"inLanguage\":\"gl-ES\",\"potentialAction\":[{\"@type\":\"ReadAction\",\"target\":[\"https:\/\/www.fiarebancaetica.coop\/gl\/o-cooperativismo-xera-persoas-responsables-conscientes-e-comprometidas-coa-empresa\/\"]}]},{\"@type\":\"ImageObject\",\"inLanguage\":\"gl-ES\",\"@id\":\"https:\/\/www.fiarebancaetica.coop\/gl\/o-cooperativismo-xera-persoas-responsables-conscientes-e-comprometidas-coa-empresa\/#primaryimage\",\"url\":\"https:\/\/www.fiarebancaetica.coop\/app\/uploads\/sites\/2\/2023\/12\/o-cooperativismo-xera-persoas-responsables-conscientes-comprometidas-coa-empresa.jpg\",\"contentUrl\":\"https:\/\/www.fiarebancaetica.coop\/app\/uploads\/sites\/2\/2023\/12\/o-cooperativismo-xera-persoas-responsables-conscientes-comprometidas-coa-empresa.jpg\",\"width\":540,\"height\":250},{\"@type\":\"BreadcrumbList\",\"@id\":\"https:\/\/www.fiarebancaetica.coop\/gl\/o-cooperativismo-xera-persoas-responsables-conscientes-e-comprometidas-coa-empresa\/#breadcrumb\",\"itemListElement\":[{\"@type\":\"ListItem\",\"position\":1,\"name\":\"Home\",\"item\":\"https:\/\/www.fiarebancaetica.coop\/gl\/\"},{\"@type\":\"ListItem\",\"position\":2,\"name\":\"\u00abO cooperativismo xera persoas responsables, conscientes e comprometidas coa empresa\u00bb\"}]},{\"@type\":\"WebSite\",\"@id\":\"https:\/\/www.fiarebancaetica.coop\/gl\/#website\",\"url\":\"https:\/\/www.fiarebancaetica.coop\/gl\/\",\"name\":\"Fiare Banca Etica\",\"description\":\"\",\"potentialAction\":[{\"@type\":\"SearchAction\",\"target\":{\"@type\":\"EntryPoint\",\"urlTemplate\":\"https:\/\/www.fiarebancaetica.coop\/gl\/?s={search_term_string}\"},\"query-input\":{\"@type\":\"PropertyValueSpecification\",\"valueRequired\":true,\"valueName\":\"search_term_string\"}}],\"inLanguage\":\"gl-ES\"},{\"@type\":\"Person\",\"@id\":\"https:\/\/www.fiarebancaetica.coop\/gl\/#\/schema\/person\/579841e89c804b5db05d9141bd9b8272\",\"name\":\"crispyadmin0\",\"image\":{\"@type\":\"ImageObject\",\"inLanguage\":\"gl-ES\",\"@id\":\"https:\/\/www.fiarebancaetica.coop\/gl\/#\/schema\/person\/image\/5f3a6b7786f32f4c35bd2b1a5a4698ea\",\"url\":\"https:\/\/secure.gravatar.com\/avatar\/4d2cfb499d497b6d49da659fab7404b243a87fe8e40d2cf97a1cae48f677f5b2?s=96&d=mm&r=g\",\"contentUrl\":\"https:\/\/secure.gravatar.com\/avatar\/4d2cfb499d497b6d49da659fab7404b243a87fe8e40d2cf97a1cae48f677f5b2?s=96&d=mm&r=g\",\"caption\":\"crispyadmin0\"},\"sameAs\":[\"crispyadmin0\"]}]}<\/script>\n<!-- \/ Yoast SEO plugin. -->","yoast_head_json":{"title":"\u00abO cooperativismo xera persoas responsables, conscientes e comprometidas coa empresa\u00bb - Fiare Banca Etica","robots":{"index":"index","follow":"follow","max-snippet":"max-snippet:-1","max-image-preview":"max-image-preview:large","max-video-preview":"max-video-preview:-1"},"canonical":"https:\/\/www.fiarebancaetica.coop\/gl\/o-cooperativismo-xera-persoas-responsables-conscientes-e-comprometidas-coa-empresa\/","og_locale":"gl_ES","og_type":"article","og_title":"\u00abO cooperativismo xera persoas responsables, conscientes e comprometidas coa empresa\u00bb - Fiare Banca Etica","og_description":"Entrevista a Ana Aguirre, presidenta das Xuventudes na&nbsp; Alianza Mundial de Cooperativas","og_url":"https:\/\/www.fiarebancaetica.coop\/gl\/o-cooperativismo-xera-persoas-responsables-conscientes-e-comprometidas-coa-empresa\/","og_site_name":"Fiare Banca Etica","article_published_time":"2022-07-07T22:00:00+00:00","article_modified_time":"2024-02-21T13:56:45+00:00","og_image":[{"width":540,"height":250,"url":"https:\/\/www.fiarebancaetica.coop\/app\/uploads\/sites\/2\/2023\/12\/o-cooperativismo-xera-persoas-responsables-conscientes-comprometidas-coa-empresa.jpg","type":"image\/jpeg"}],"author":"crispyadmin0","twitter_card":"summary_large_image","schema":{"@context":"https:\/\/schema.org","@graph":[{"@type":"Article","@id":"https:\/\/www.fiarebancaetica.coop\/gl\/o-cooperativismo-xera-persoas-responsables-conscientes-e-comprometidas-coa-empresa\/#article","isPartOf":{"@id":"https:\/\/www.fiarebancaetica.coop\/gl\/o-cooperativismo-xera-persoas-responsables-conscientes-e-comprometidas-coa-empresa\/"},"author":{"name":"crispyadmin0","@id":"https:\/\/www.fiarebancaetica.coop\/gl\/#\/schema\/person\/579841e89c804b5db05d9141bd9b8272"},"headline":"\u00abO cooperativismo xera persoas responsables, conscientes e comprometidas coa empresa\u00bb","datePublished":"2022-07-07T22:00:00+00:00","dateModified":"2024-02-21T13:56:45+00:00","mainEntityOfPage":{"@id":"https:\/\/www.fiarebancaetica.coop\/gl\/o-cooperativismo-xera-persoas-responsables-conscientes-e-comprometidas-coa-empresa\/"},"wordCount":1002,"commentCount":0,"image":{"@id":"https:\/\/www.fiarebancaetica.coop\/gl\/o-cooperativismo-xera-persoas-responsables-conscientes-e-comprometidas-coa-empresa\/#primaryimage"},"thumbnailUrl":"https:\/\/www.fiarebancaetica.coop\/app\/uploads\/sites\/2\/2023\/12\/o-cooperativismo-xera-persoas-responsables-conscientes-comprometidas-coa-empresa.jpg","articleSection":["Finanzas \u00c9ticas"],"inLanguage":"gl-ES","potentialAction":[{"@type":"CommentAction","name":"Comment","target":["https:\/\/www.fiarebancaetica.coop\/gl\/o-cooperativismo-xera-persoas-responsables-conscientes-e-comprometidas-coa-empresa\/#respond"]}]},{"@type":"WebPage","@id":"https:\/\/www.fiarebancaetica.coop\/gl\/o-cooperativismo-xera-persoas-responsables-conscientes-e-comprometidas-coa-empresa\/","url":"https:\/\/www.fiarebancaetica.coop\/gl\/o-cooperativismo-xera-persoas-responsables-conscientes-e-comprometidas-coa-empresa\/","name":"\u00abO cooperativismo xera persoas responsables, conscientes e comprometidas coa empresa\u00bb - Fiare Banca Etica","isPartOf":{"@id":"https:\/\/www.fiarebancaetica.coop\/gl\/#website"},"primaryImageOfPage":{"@id":"https:\/\/www.fiarebancaetica.coop\/gl\/o-cooperativismo-xera-persoas-responsables-conscientes-e-comprometidas-coa-empresa\/#primaryimage"},"image":{"@id":"https:\/\/www.fiarebancaetica.coop\/gl\/o-cooperativismo-xera-persoas-responsables-conscientes-e-comprometidas-coa-empresa\/#primaryimage"},"thumbnailUrl":"https:\/\/www.fiarebancaetica.coop\/app\/uploads\/sites\/2\/2023\/12\/o-cooperativismo-xera-persoas-responsables-conscientes-comprometidas-coa-empresa.jpg","datePublished":"2022-07-07T22:00:00+00:00","dateModified":"2024-02-21T13:56:45+00:00","author":{"@id":"https:\/\/www.fiarebancaetica.coop\/gl\/#\/schema\/person\/579841e89c804b5db05d9141bd9b8272"},"breadcrumb":{"@id":"https:\/\/www.fiarebancaetica.coop\/gl\/o-cooperativismo-xera-persoas-responsables-conscientes-e-comprometidas-coa-empresa\/#breadcrumb"},"inLanguage":"gl-ES","potentialAction":[{"@type":"ReadAction","target":["https:\/\/www.fiarebancaetica.coop\/gl\/o-cooperativismo-xera-persoas-responsables-conscientes-e-comprometidas-coa-empresa\/"]}]},{"@type":"ImageObject","inLanguage":"gl-ES","@id":"https:\/\/www.fiarebancaetica.coop\/gl\/o-cooperativismo-xera-persoas-responsables-conscientes-e-comprometidas-coa-empresa\/#primaryimage","url":"https:\/\/www.fiarebancaetica.coop\/app\/uploads\/sites\/2\/2023\/12\/o-cooperativismo-xera-persoas-responsables-conscientes-comprometidas-coa-empresa.jpg","contentUrl":"https:\/\/www.fiarebancaetica.coop\/app\/uploads\/sites\/2\/2023\/12\/o-cooperativismo-xera-persoas-responsables-conscientes-comprometidas-coa-empresa.jpg","width":540,"height":250},{"@type":"BreadcrumbList","@id":"https:\/\/www.fiarebancaetica.coop\/gl\/o-cooperativismo-xera-persoas-responsables-conscientes-e-comprometidas-coa-empresa\/#breadcrumb","itemListElement":[{"@type":"ListItem","position":1,"name":"Home","item":"https:\/\/www.fiarebancaetica.coop\/gl\/"},{"@type":"ListItem","position":2,"name":"\u00abO cooperativismo xera persoas responsables, conscientes e comprometidas coa empresa\u00bb"}]},{"@type":"WebSite","@id":"https:\/\/www.fiarebancaetica.coop\/gl\/#website","url":"https:\/\/www.fiarebancaetica.coop\/gl\/","name":"Fiare Banca Etica","description":"","potentialAction":[{"@type":"SearchAction","target":{"@type":"EntryPoint","urlTemplate":"https:\/\/www.fiarebancaetica.coop\/gl\/?s={search_term_string}"},"query-input":{"@type":"PropertyValueSpecification","valueRequired":true,"valueName":"search_term_string"}}],"inLanguage":"gl-ES"},{"@type":"Person","@id":"https:\/\/www.fiarebancaetica.coop\/gl\/#\/schema\/person\/579841e89c804b5db05d9141bd9b8272","name":"crispyadmin0","image":{"@type":"ImageObject","inLanguage":"gl-ES","@id":"https:\/\/www.fiarebancaetica.coop\/gl\/#\/schema\/person\/image\/5f3a6b7786f32f4c35bd2b1a5a4698ea","url":"https:\/\/secure.gravatar.com\/avatar\/4d2cfb499d497b6d49da659fab7404b243a87fe8e40d2cf97a1cae48f677f5b2?s=96&d=mm&r=g","contentUrl":"https:\/\/secure.gravatar.com\/avatar\/4d2cfb499d497b6d49da659fab7404b243a87fe8e40d2cf97a1cae48f677f5b2?s=96&d=mm&r=g","caption":"crispyadmin0"},"sameAs":["crispyadmin0"]}]}},"_links":{"self":[{"href":"https:\/\/www.fiarebancaetica.coop\/gl\/wp-json\/wp\/v2\/posts\/343385","targetHints":{"allow":["GET"]}}],"collection":[{"href":"https:\/\/www.fiarebancaetica.coop\/gl\/wp-json\/wp\/v2\/posts"}],"about":[{"href":"https:\/\/www.fiarebancaetica.coop\/gl\/wp-json\/wp\/v2\/types\/post"}],"author":[{"embeddable":true,"href":"https:\/\/www.fiarebancaetica.coop\/gl\/wp-json\/wp\/v2\/users\/2"}],"replies":[{"embeddable":true,"href":"https:\/\/www.fiarebancaetica.coop\/gl\/wp-json\/wp\/v2\/comments?post=343385"}],"version-history":[{"count":2,"href":"https:\/\/www.fiarebancaetica.coop\/gl\/wp-json\/wp\/v2\/posts\/343385\/revisions"}],"predecessor-version":[{"id":355210,"href":"https:\/\/www.fiarebancaetica.coop\/gl\/wp-json\/wp\/v2\/posts\/343385\/revisions\/355210"}],"wp:featuredmedia":[{"embeddable":true,"href":"https:\/\/www.fiarebancaetica.coop\/gl\/wp-json\/wp\/v2\/media\/330130"}],"wp:attachment":[{"href":"https:\/\/www.fiarebancaetica.coop\/gl\/wp-json\/wp\/v2\/media?parent=343385"}],"wp:term":[{"taxonomy":"category","embeddable":true,"href":"https:\/\/www.fiarebancaetica.coop\/gl\/wp-json\/wp\/v2\/categories?post=343385"},{"taxonomy":"post_tag","embeddable":true,"href":"https:\/\/www.fiarebancaetica.coop\/gl\/wp-json\/wp\/v2\/tags?post=343385"},{"taxonomy":"author","embeddable":true,"href":"https:\/\/www.fiarebancaetica.coop\/gl\/wp-json\/wp\/v2\/coauthors?post=343385"}],"curies":[{"name":"wp","href":"https:\/\/api.w.org\/{rel}","templated":true}]}}