{"id":343406,"date":"2022-06-29T00:00:00","date_gmt":"2022-06-28T22:00:00","guid":{"rendered":"https:\/\/www.fiarebancaetica.coop\/nuestro-apoyo-en-la-denuncia-de-la-vulneracion-de-derechos-humanos-en-la-frontera\/"},"modified":"2024-02-21T14:56:54","modified_gmt":"2024-02-21T13:56:54","slug":"nuestro-apoyo-en-la-denuncia-de-la-vulneracion-de-derechos-humanos-en-la-frontera","status":"publish","type":"post","link":"https:\/\/www.fiarebancaetica.coop\/gl\/nuestro-apoyo-en-la-denuncia-de-la-vulneracion-de-derechos-humanos-en-la-frontera\/","title":{"rendered":"Nuestro apoyo en la denuncia de la vulneraci\u00f3n de derechos humanos en la frontera"},"content":{"rendered":"\n\n<div class=\"wp-block-bancaetica-blocks-blocks-block-49\">\n    <div class=\"container-block-49\">\n\n        <div class=\"header-section \">\n                            <h1 class=\"section-title\"> Etica e cooperativa <\/h1>\n                                            <\/div>\n\n        \n        <div class=\"block-background\" style=\"background-image: url('https:\/\/www.fiarebancaetica.coop\/app\/uploads\/sites\/2\/2023\/12\/nuestro-apoyo-en-denuncia-de-vulneracion-de-derechos-humanos-sistematica-de-ddhh-en-frontera.jpg')\">\n                            <div class=\"tile\">\n                    <h1 class=\"image-title\"> Nuestro apoyo en la denuncia de la vulneraci\u00f3n de derechos humanos en la frontera <\/h1>\n                <\/div>             <!-- end .tile -->\n            <div class=\"bottom-content\">\n                            <\/div> <!-- end .button-content -->\n        <\/div> <!-- end .block-background -->\n    <\/div> <!-- end .container -->\n<\/div> <!-- end wp-block-bancaetica-blocks-blocks-block-06 -->\n\n\n<div class=\"wrapper-crispybacon-class wrapper-crispybacon-class-boxed \">\n    <p>Fiare Banca Etica es una entidad regida por los <strong>valores de la cooperaci\u00f3n, la comunidad y la acogida de colectivos <\/strong>con m\u00e1s dificultades para acceder al cr\u00e9dito. Nuestro <a href=\"https:\/\/www.fiarebancaetica.coop\/sites\/fiarebancaetica.com\/files\/documenti\/informe-impacto-2022.pdf\">Informe de Impacto<\/a> destaca cada a\u00f1o los resultados de nuestras acciones y las entidades con las que trabajamos para la acogida y acompa\u00f1amiento entre otros, de personas migrantes.<\/p>\n<p>En este momento de constante dificultad para este colectivo, queremos mostrar nuestra solidaridad hacia todas las personas que en alg\u00fan momento deciden emprender este dif\u00edcil camino.<\/p>\n<p>En el marco de la masacre de Melilla del pasado domingo noche, Fiare Banca Etica se adhiere<strong>&nbsp;al comunicado de la Coordinadora estatal de ONGS,<\/strong> con el fin de denunciar la masacre de personas migrantes que est\u00e1n buscando una vida mejor. Pedimos una investigaci\u00f3n independiente sobre el suceso y la reparaci\u00f3n a las v\u00edctimas. A continuaci\u00f3n un extracto del comunicado:&nbsp;<\/p>\n<p>La <strong>masacre ocurrida en Melilla<\/strong>, por la cual han perdido la vida al menos, 37 personas, es consecuencia de una pol\u00edtica que externaliza y militariza las fronteras, niega los derechos humanos y ataca a quienes buscan refugio. Es el resultado de la necropol\u00edtica que rige en la frontera Sur.<br \/>\n\t<br \/>\n\tHace tiempo que venimos <strong>denunciando las pol\u00edticas migratorias de la \u201cEuropa fortaleza\u201d<\/strong>, los acuerdos con pa\u00edses que no respetan los derechos humanos y el desv\u00edo de los fondos de cooperaci\u00f3n para el control migratorio. Tales pr\u00e1cticas deben finalizar de manera inmediata.<\/p>\n<p>La celebraci\u00f3n de la cumbre de la OTAN en Madrid nos hace dar la voz de alerta: Espa\u00f1a quiere solicitar que la migraci\u00f3n sea contemplada como una \u201camenaza h\u00edbrida\u201d. La intenci\u00f3n de militarizar a\u00fan m\u00e1s las fronteras supondr\u00e1 graves consecuencias sobre la vida de las personas que huyen de conflictos, violencia y miseria.<\/p>\n<p><strong>Exigimos una investigaci\u00f3n independiente<\/strong>, a ambos lados de la frontera, que <strong>depure responsabilidades y garantice verdad, justicia y reparaci\u00f3n para las personas que han perdido la vida y sus familias.<\/strong><\/p>\n<p>Clica aqu\u00ed para leer el <a href=\"https:\/\/coordinadoraongd.org\/2022\/06\/denunciamos-el-ejercicio-sistematico-de-la-violencia-en-las-fronteras\/\">comunicado completo<\/a>.&nbsp;<\/p>\n<p>&nbsp;<\/p>\n<\/div>","protected":false},"excerpt":{"rendered":"<p>https:\/\/coordinadoraongd.org\/2022\/06\/denunciamos-el-ejercicio-sistematico-de-la-violencia-en-las-fronteras\/<\/p>\n","protected":false},"author":2,"featured_media":330106,"comment_status":"open","ping_status":"closed","sticky":false,"template":"","format":"standard","meta":{"_acf_changed":false,"footnotes":""},"categories":[11645],"tags":[],"coauthors":[],"class_list":["post-343406","post","type-post","status-publish","format-standard","has-post-thumbnail","hentry","category-finanzas-eticas"],"acf":[],"yoast_head":"<!-- This site is optimized with the Yoast SEO plugin v26.9 - https:\/\/yoast.com\/product\/yoast-seo-wordpress\/ -->\n<title>Nuestro apoyo en la denuncia de la vulneraci\u00f3n de derechos humanos en la frontera - Fiare Banca Etica<\/title>\n<meta name=\"robots\" content=\"index, follow, max-snippet:-1, max-image-preview:large, max-video-preview:-1\" \/>\n<link rel=\"canonical\" href=\"https:\/\/www.fiarebancaetica.coop\/gl\/nuestro-apoyo-en-la-denuncia-de-la-vulneracion-de-derechos-humanos-en-la-frontera\/\" \/>\n<meta property=\"og:locale\" content=\"gl_ES\" \/>\n<meta property=\"og:type\" content=\"article\" \/>\n<meta property=\"og:title\" content=\"Nuestro apoyo en la denuncia de la vulneraci\u00f3n de derechos humanos en la frontera - Fiare Banca Etica\" \/>\n<meta property=\"og:description\" content=\"https:\/\/coordinadoraongd.org\/2022\/06\/denunciamos-el-ejercicio-sistematico-de-la-violencia-en-las-fronteras\/\" \/>\n<meta property=\"og:url\" content=\"https:\/\/www.fiarebancaetica.coop\/gl\/nuestro-apoyo-en-la-denuncia-de-la-vulneracion-de-derechos-humanos-en-la-frontera\/\" \/>\n<meta property=\"og:site_name\" content=\"Fiare Banca Etica\" \/>\n<meta property=\"article:published_time\" content=\"2022-06-28T22:00:00+00:00\" \/>\n<meta property=\"article:modified_time\" content=\"2024-02-21T13:56:54+00:00\" \/>\n<meta property=\"og:image\" content=\"https:\/\/www.fiarebancaetica.coop\/app\/uploads\/sites\/2\/2023\/12\/nuestro-apoyo-en-denuncia-de-vulneracion-de-derechos-humanos-sistematica-de-ddhh-en-frontera.jpg\" \/>\n\t<meta property=\"og:image:width\" content=\"540\" \/>\n\t<meta property=\"og:image:height\" content=\"189\" \/>\n\t<meta property=\"og:image:type\" content=\"image\/jpeg\" \/>\n<meta name=\"author\" content=\"crispyadmin0\" \/>\n<meta name=\"twitter:card\" content=\"summary_large_image\" \/>\n<script type=\"application\/ld+json\" class=\"yoast-schema-graph\">{\"@context\":\"https:\/\/schema.org\",\"@graph\":[{\"@type\":\"Article\",\"@id\":\"https:\/\/www.fiarebancaetica.coop\/gl\/nuestro-apoyo-en-la-denuncia-de-la-vulneracion-de-derechos-humanos-en-la-frontera\/#article\",\"isPartOf\":{\"@id\":\"https:\/\/www.fiarebancaetica.coop\/gl\/nuestro-apoyo-en-la-denuncia-de-la-vulneracion-de-derechos-humanos-en-la-frontera\/\"},\"author\":{\"name\":\"crispyadmin0\",\"@id\":\"https:\/\/www.fiarebancaetica.coop\/gl\/#\/schema\/person\/579841e89c804b5db05d9141bd9b8272\"},\"headline\":\"Nuestro apoyo en la denuncia de la vulneraci\u00f3n de derechos humanos en la frontera\",\"datePublished\":\"2022-06-28T22:00:00+00:00\",\"dateModified\":\"2024-02-21T13:56:54+00:00\",\"mainEntityOfPage\":{\"@id\":\"https:\/\/www.fiarebancaetica.coop\/gl\/nuestro-apoyo-en-la-denuncia-de-la-vulneracion-de-derechos-humanos-en-la-frontera\/\"},\"wordCount\":368,\"commentCount\":0,\"image\":{\"@id\":\"https:\/\/www.fiarebancaetica.coop\/gl\/nuestro-apoyo-en-la-denuncia-de-la-vulneracion-de-derechos-humanos-en-la-frontera\/#primaryimage\"},\"thumbnailUrl\":\"https:\/\/www.fiarebancaetica.coop\/app\/uploads\/sites\/2\/2023\/12\/nuestro-apoyo-en-denuncia-de-vulneracion-de-derechos-humanos-sistematica-de-ddhh-en-frontera.jpg\",\"articleSection\":[\"Finanzas \u00c9ticas\"],\"inLanguage\":\"gl-ES\",\"potentialAction\":[{\"@type\":\"CommentAction\",\"name\":\"Comment\",\"target\":[\"https:\/\/www.fiarebancaetica.coop\/gl\/nuestro-apoyo-en-la-denuncia-de-la-vulneracion-de-derechos-humanos-en-la-frontera\/#respond\"]}]},{\"@type\":\"WebPage\",\"@id\":\"https:\/\/www.fiarebancaetica.coop\/gl\/nuestro-apoyo-en-la-denuncia-de-la-vulneracion-de-derechos-humanos-en-la-frontera\/\",\"url\":\"https:\/\/www.fiarebancaetica.coop\/gl\/nuestro-apoyo-en-la-denuncia-de-la-vulneracion-de-derechos-humanos-en-la-frontera\/\",\"name\":\"Nuestro apoyo en la denuncia de la vulneraci\u00f3n de derechos humanos en la frontera - Fiare Banca Etica\",\"isPartOf\":{\"@id\":\"https:\/\/www.fiarebancaetica.coop\/gl\/#website\"},\"primaryImageOfPage\":{\"@id\":\"https:\/\/www.fiarebancaetica.coop\/gl\/nuestro-apoyo-en-la-denuncia-de-la-vulneracion-de-derechos-humanos-en-la-frontera\/#primaryimage\"},\"image\":{\"@id\":\"https:\/\/www.fiarebancaetica.coop\/gl\/nuestro-apoyo-en-la-denuncia-de-la-vulneracion-de-derechos-humanos-en-la-frontera\/#primaryimage\"},\"thumbnailUrl\":\"https:\/\/www.fiarebancaetica.coop\/app\/uploads\/sites\/2\/2023\/12\/nuestro-apoyo-en-denuncia-de-vulneracion-de-derechos-humanos-sistematica-de-ddhh-en-frontera.jpg\",\"datePublished\":\"2022-06-28T22:00:00+00:00\",\"dateModified\":\"2024-02-21T13:56:54+00:00\",\"author\":{\"@id\":\"https:\/\/www.fiarebancaetica.coop\/gl\/#\/schema\/person\/579841e89c804b5db05d9141bd9b8272\"},\"breadcrumb\":{\"@id\":\"https:\/\/www.fiarebancaetica.coop\/gl\/nuestro-apoyo-en-la-denuncia-de-la-vulneracion-de-derechos-humanos-en-la-frontera\/#breadcrumb\"},\"inLanguage\":\"gl-ES\",\"potentialAction\":[{\"@type\":\"ReadAction\",\"target\":[\"https:\/\/www.fiarebancaetica.coop\/gl\/nuestro-apoyo-en-la-denuncia-de-la-vulneracion-de-derechos-humanos-en-la-frontera\/\"]}]},{\"@type\":\"ImageObject\",\"inLanguage\":\"gl-ES\",\"@id\":\"https:\/\/www.fiarebancaetica.coop\/gl\/nuestro-apoyo-en-la-denuncia-de-la-vulneracion-de-derechos-humanos-en-la-frontera\/#primaryimage\",\"url\":\"https:\/\/www.fiarebancaetica.coop\/app\/uploads\/sites\/2\/2023\/12\/nuestro-apoyo-en-denuncia-de-vulneracion-de-derechos-humanos-sistematica-de-ddhh-en-frontera.jpg\",\"contentUrl\":\"https:\/\/www.fiarebancaetica.coop\/app\/uploads\/sites\/2\/2023\/12\/nuestro-apoyo-en-denuncia-de-vulneracion-de-derechos-humanos-sistematica-de-ddhh-en-frontera.jpg\",\"width\":540,\"height\":189},{\"@type\":\"BreadcrumbList\",\"@id\":\"https:\/\/www.fiarebancaetica.coop\/gl\/nuestro-apoyo-en-la-denuncia-de-la-vulneracion-de-derechos-humanos-en-la-frontera\/#breadcrumb\",\"itemListElement\":[{\"@type\":\"ListItem\",\"position\":1,\"name\":\"Home\",\"item\":\"https:\/\/www.fiarebancaetica.coop\/gl\/\"},{\"@type\":\"ListItem\",\"position\":2,\"name\":\"Nuestro apoyo en la denuncia de la vulneraci\u00f3n de derechos humanos en la frontera\"}]},{\"@type\":\"WebSite\",\"@id\":\"https:\/\/www.fiarebancaetica.coop\/gl\/#website\",\"url\":\"https:\/\/www.fiarebancaetica.coop\/gl\/\",\"name\":\"Fiare Banca Etica\",\"description\":\"\",\"potentialAction\":[{\"@type\":\"SearchAction\",\"target\":{\"@type\":\"EntryPoint\",\"urlTemplate\":\"https:\/\/www.fiarebancaetica.coop\/gl\/?s={search_term_string}\"},\"query-input\":{\"@type\":\"PropertyValueSpecification\",\"valueRequired\":true,\"valueName\":\"search_term_string\"}}],\"inLanguage\":\"gl-ES\"},{\"@type\":\"Person\",\"@id\":\"https:\/\/www.fiarebancaetica.coop\/gl\/#\/schema\/person\/579841e89c804b5db05d9141bd9b8272\",\"name\":\"crispyadmin0\",\"image\":{\"@type\":\"ImageObject\",\"inLanguage\":\"gl-ES\",\"@id\":\"https:\/\/www.fiarebancaetica.coop\/gl\/#\/schema\/person\/image\/5f3a6b7786f32f4c35bd2b1a5a4698ea\",\"url\":\"https:\/\/secure.gravatar.com\/avatar\/4d2cfb499d497b6d49da659fab7404b243a87fe8e40d2cf97a1cae48f677f5b2?s=96&d=mm&r=g\",\"contentUrl\":\"https:\/\/secure.gravatar.com\/avatar\/4d2cfb499d497b6d49da659fab7404b243a87fe8e40d2cf97a1cae48f677f5b2?s=96&d=mm&r=g\",\"caption\":\"crispyadmin0\"},\"sameAs\":[\"crispyadmin0\"]}]}<\/script>\n<!-- \/ Yoast SEO plugin. -->","yoast_head_json":{"title":"Nuestro apoyo en la denuncia de la vulneraci\u00f3n de derechos humanos en la frontera - Fiare Banca Etica","robots":{"index":"index","follow":"follow","max-snippet":"max-snippet:-1","max-image-preview":"max-image-preview:large","max-video-preview":"max-video-preview:-1"},"canonical":"https:\/\/www.fiarebancaetica.coop\/gl\/nuestro-apoyo-en-la-denuncia-de-la-vulneracion-de-derechos-humanos-en-la-frontera\/","og_locale":"gl_ES","og_type":"article","og_title":"Nuestro apoyo en la denuncia de la vulneraci\u00f3n de derechos humanos en la frontera - Fiare Banca Etica","og_description":"https:\/\/coordinadoraongd.org\/2022\/06\/denunciamos-el-ejercicio-sistematico-de-la-violencia-en-las-fronteras\/","og_url":"https:\/\/www.fiarebancaetica.coop\/gl\/nuestro-apoyo-en-la-denuncia-de-la-vulneracion-de-derechos-humanos-en-la-frontera\/","og_site_name":"Fiare Banca Etica","article_published_time":"2022-06-28T22:00:00+00:00","article_modified_time":"2024-02-21T13:56:54+00:00","og_image":[{"width":540,"height":189,"url":"https:\/\/www.fiarebancaetica.coop\/app\/uploads\/sites\/2\/2023\/12\/nuestro-apoyo-en-denuncia-de-vulneracion-de-derechos-humanos-sistematica-de-ddhh-en-frontera.jpg","type":"image\/jpeg"}],"author":"crispyadmin0","twitter_card":"summary_large_image","schema":{"@context":"https:\/\/schema.org","@graph":[{"@type":"Article","@id":"https:\/\/www.fiarebancaetica.coop\/gl\/nuestro-apoyo-en-la-denuncia-de-la-vulneracion-de-derechos-humanos-en-la-frontera\/#article","isPartOf":{"@id":"https:\/\/www.fiarebancaetica.coop\/gl\/nuestro-apoyo-en-la-denuncia-de-la-vulneracion-de-derechos-humanos-en-la-frontera\/"},"author":{"name":"crispyadmin0","@id":"https:\/\/www.fiarebancaetica.coop\/gl\/#\/schema\/person\/579841e89c804b5db05d9141bd9b8272"},"headline":"Nuestro apoyo en la denuncia de la vulneraci\u00f3n de derechos humanos en la frontera","datePublished":"2022-06-28T22:00:00+00:00","dateModified":"2024-02-21T13:56:54+00:00","mainEntityOfPage":{"@id":"https:\/\/www.fiarebancaetica.coop\/gl\/nuestro-apoyo-en-la-denuncia-de-la-vulneracion-de-derechos-humanos-en-la-frontera\/"},"wordCount":368,"commentCount":0,"image":{"@id":"https:\/\/www.fiarebancaetica.coop\/gl\/nuestro-apoyo-en-la-denuncia-de-la-vulneracion-de-derechos-humanos-en-la-frontera\/#primaryimage"},"thumbnailUrl":"https:\/\/www.fiarebancaetica.coop\/app\/uploads\/sites\/2\/2023\/12\/nuestro-apoyo-en-denuncia-de-vulneracion-de-derechos-humanos-sistematica-de-ddhh-en-frontera.jpg","articleSection":["Finanzas \u00c9ticas"],"inLanguage":"gl-ES","potentialAction":[{"@type":"CommentAction","name":"Comment","target":["https:\/\/www.fiarebancaetica.coop\/gl\/nuestro-apoyo-en-la-denuncia-de-la-vulneracion-de-derechos-humanos-en-la-frontera\/#respond"]}]},{"@type":"WebPage","@id":"https:\/\/www.fiarebancaetica.coop\/gl\/nuestro-apoyo-en-la-denuncia-de-la-vulneracion-de-derechos-humanos-en-la-frontera\/","url":"https:\/\/www.fiarebancaetica.coop\/gl\/nuestro-apoyo-en-la-denuncia-de-la-vulneracion-de-derechos-humanos-en-la-frontera\/","name":"Nuestro apoyo en la denuncia de la vulneraci\u00f3n de derechos humanos en la frontera - Fiare Banca Etica","isPartOf":{"@id":"https:\/\/www.fiarebancaetica.coop\/gl\/#website"},"primaryImageOfPage":{"@id":"https:\/\/www.fiarebancaetica.coop\/gl\/nuestro-apoyo-en-la-denuncia-de-la-vulneracion-de-derechos-humanos-en-la-frontera\/#primaryimage"},"image":{"@id":"https:\/\/www.fiarebancaetica.coop\/gl\/nuestro-apoyo-en-la-denuncia-de-la-vulneracion-de-derechos-humanos-en-la-frontera\/#primaryimage"},"thumbnailUrl":"https:\/\/www.fiarebancaetica.coop\/app\/uploads\/sites\/2\/2023\/12\/nuestro-apoyo-en-denuncia-de-vulneracion-de-derechos-humanos-sistematica-de-ddhh-en-frontera.jpg","datePublished":"2022-06-28T22:00:00+00:00","dateModified":"2024-02-21T13:56:54+00:00","author":{"@id":"https:\/\/www.fiarebancaetica.coop\/gl\/#\/schema\/person\/579841e89c804b5db05d9141bd9b8272"},"breadcrumb":{"@id":"https:\/\/www.fiarebancaetica.coop\/gl\/nuestro-apoyo-en-la-denuncia-de-la-vulneracion-de-derechos-humanos-en-la-frontera\/#breadcrumb"},"inLanguage":"gl-ES","potentialAction":[{"@type":"ReadAction","target":["https:\/\/www.fiarebancaetica.coop\/gl\/nuestro-apoyo-en-la-denuncia-de-la-vulneracion-de-derechos-humanos-en-la-frontera\/"]}]},{"@type":"ImageObject","inLanguage":"gl-ES","@id":"https:\/\/www.fiarebancaetica.coop\/gl\/nuestro-apoyo-en-la-denuncia-de-la-vulneracion-de-derechos-humanos-en-la-frontera\/#primaryimage","url":"https:\/\/www.fiarebancaetica.coop\/app\/uploads\/sites\/2\/2023\/12\/nuestro-apoyo-en-denuncia-de-vulneracion-de-derechos-humanos-sistematica-de-ddhh-en-frontera.jpg","contentUrl":"https:\/\/www.fiarebancaetica.coop\/app\/uploads\/sites\/2\/2023\/12\/nuestro-apoyo-en-denuncia-de-vulneracion-de-derechos-humanos-sistematica-de-ddhh-en-frontera.jpg","width":540,"height":189},{"@type":"BreadcrumbList","@id":"https:\/\/www.fiarebancaetica.coop\/gl\/nuestro-apoyo-en-la-denuncia-de-la-vulneracion-de-derechos-humanos-en-la-frontera\/#breadcrumb","itemListElement":[{"@type":"ListItem","position":1,"name":"Home","item":"https:\/\/www.fiarebancaetica.coop\/gl\/"},{"@type":"ListItem","position":2,"name":"Nuestro apoyo en la denuncia de la vulneraci\u00f3n de derechos humanos en la frontera"}]},{"@type":"WebSite","@id":"https:\/\/www.fiarebancaetica.coop\/gl\/#website","url":"https:\/\/www.fiarebancaetica.coop\/gl\/","name":"Fiare Banca Etica","description":"","potentialAction":[{"@type":"SearchAction","target":{"@type":"EntryPoint","urlTemplate":"https:\/\/www.fiarebancaetica.coop\/gl\/?s={search_term_string}"},"query-input":{"@type":"PropertyValueSpecification","valueRequired":true,"valueName":"search_term_string"}}],"inLanguage":"gl-ES"},{"@type":"Person","@id":"https:\/\/www.fiarebancaetica.coop\/gl\/#\/schema\/person\/579841e89c804b5db05d9141bd9b8272","name":"crispyadmin0","image":{"@type":"ImageObject","inLanguage":"gl-ES","@id":"https:\/\/www.fiarebancaetica.coop\/gl\/#\/schema\/person\/image\/5f3a6b7786f32f4c35bd2b1a5a4698ea","url":"https:\/\/secure.gravatar.com\/avatar\/4d2cfb499d497b6d49da659fab7404b243a87fe8e40d2cf97a1cae48f677f5b2?s=96&d=mm&r=g","contentUrl":"https:\/\/secure.gravatar.com\/avatar\/4d2cfb499d497b6d49da659fab7404b243a87fe8e40d2cf97a1cae48f677f5b2?s=96&d=mm&r=g","caption":"crispyadmin0"},"sameAs":["crispyadmin0"]}]}},"_links":{"self":[{"href":"https:\/\/www.fiarebancaetica.coop\/gl\/wp-json\/wp\/v2\/posts\/343406","targetHints":{"allow":["GET"]}}],"collection":[{"href":"https:\/\/www.fiarebancaetica.coop\/gl\/wp-json\/wp\/v2\/posts"}],"about":[{"href":"https:\/\/www.fiarebancaetica.coop\/gl\/wp-json\/wp\/v2\/types\/post"}],"author":[{"embeddable":true,"href":"https:\/\/www.fiarebancaetica.coop\/gl\/wp-json\/wp\/v2\/users\/2"}],"replies":[{"embeddable":true,"href":"https:\/\/www.fiarebancaetica.coop\/gl\/wp-json\/wp\/v2\/comments?post=343406"}],"version-history":[{"count":2,"href":"https:\/\/www.fiarebancaetica.coop\/gl\/wp-json\/wp\/v2\/posts\/343406\/revisions"}],"predecessor-version":[{"id":355194,"href":"https:\/\/www.fiarebancaetica.coop\/gl\/wp-json\/wp\/v2\/posts\/343406\/revisions\/355194"}],"wp:featuredmedia":[{"embeddable":true,"href":"https:\/\/www.fiarebancaetica.coop\/gl\/wp-json\/wp\/v2\/media\/330106"}],"wp:attachment":[{"href":"https:\/\/www.fiarebancaetica.coop\/gl\/wp-json\/wp\/v2\/media?parent=343406"}],"wp:term":[{"taxonomy":"category","embeddable":true,"href":"https:\/\/www.fiarebancaetica.coop\/gl\/wp-json\/wp\/v2\/categories?post=343406"},{"taxonomy":"post_tag","embeddable":true,"href":"https:\/\/www.fiarebancaetica.coop\/gl\/wp-json\/wp\/v2\/tags?post=343406"},{"taxonomy":"author","embeddable":true,"href":"https:\/\/www.fiarebancaetica.coop\/gl\/wp-json\/wp\/v2\/coauthors?post=343406"}],"curies":[{"name":"wp","href":"https:\/\/api.w.org\/{rel}","templated":true}]}}