{"id":343441,"date":"2022-05-25T00:00:00","date_gmt":"2022-05-24T22:00:00","guid":{"rendered":"https:\/\/www.fiarebancaetica.coop\/apoyando-la-transicion-energetica-de-los-centros-educativos-fuhem\/"},"modified":"2024-02-21T14:57:23","modified_gmt":"2024-02-21T13:57:23","slug":"apoyando-la-transicion-energetica-de-los-centros-educativos-fuhem","status":"publish","type":"post","link":"https:\/\/www.fiarebancaetica.coop\/gl\/apoyando-la-transicion-energetica-de-los-centros-educativos-fuhem\/","title":{"rendered":"Apoyando la transici\u00f3n energ\u00e9tica de los centros educativos Fuhem"},"content":{"rendered":"\n\n<div class=\"wp-block-bancaetica-blocks-blocks-block-49\">\n    <div class=\"container-block-49\">\n\n        <div class=\"header-section \">\n                            <h1 class=\"section-title\"> Etica e cooperativa <\/h1>\n                                            <\/div>\n\n        \n        <div class=\"block-background\" style=\"background-image: url('https:\/\/www.fiarebancaetica.coop\/app\/uploads\/sites\/2\/2023\/12\/apoyando-transicion-energetica-de-los-centros-educativos-fuhem.jpg')\">\n                            <div class=\"tile\">\n                    <h1 class=\"image-title\"> Apoyando la transici\u00f3n energ\u00e9tica de los centros educativos Fuhem <\/h1>\n                <\/div>             <!-- end .tile -->\n            <div class=\"bottom-content\">\n                            <\/div> <!-- end .button-content -->\n        <\/div> <!-- end .block-background -->\n    <\/div> <!-- end .container -->\n<\/div> <!-- end wp-block-bancaetica-blocks-blocks-block-06 -->\n\n\n<div class=\"wrapper-crispybacon-class wrapper-crispybacon-class-boxed \">\n    <p><a href=\"#ca\">Catal\u00e0<\/a>&nbsp; &nbsp;<a href=\"#eu\">Euskera<\/a>&nbsp; &nbsp;<a href=\"#ga\">Galego<\/a><\/p>\n<p>&nbsp;<\/p>\n<p><strong>La transici\u00f3n energ\u00e9tica est\u00e1 en marcha<\/strong>, no solo en los hogares y por parte de los particulares sino que cada vez m\u00e1s, las entidades, equipamientos p\u00fablicos, sedes de empresas&nbsp; y est\u00e1n dando el paso a la instalaci\u00f3n de placas fotovoltaicas para cubrir sus necesidades energ\u00e9ticas.<\/p>\n<p>Este es el caso de <a href=\"https:\/\/www.fuhem.es\/\">FUHEM<\/a>, una fundaci\u00f3n que trabaja desde hace varias d\u00e9cadas dedicada a la formaci\u00f3n de ni\u00f1os\/as y j\u00f3venes, as\u00ed como a contribuir al debate entre necesidades sociales y respuestas educativas.<\/p>\n<p><strong>Fuhem ha contado con nuestro apoyo financiero para la instalaci\u00f3n de placas solares en su sede de Madrid<\/strong>, en un proyecto conjunto con <a href=\"http:\/\/ecooo.es\/\">Ecooo<\/a> y que ha contado con el apoyo del ICO.<\/p>\n<h2>\n\tCentros m\u00e1s sostenibles<\/h2>\n<p>Dentro del plan de mejora de las infraestructuras de sus centros escolares, Fuhem est\u00e1 realizando instalaciones fotovoltaicas sobre las cubiertas de los distintos edificios de sus colegios, con el fin de aprovechar la energ\u00eda solar. Este proyecto permitir\u00e1 <strong>reducir la factura el\u00e9ctrica<\/strong> y que los colegios consuman una mayor cantidad de energ\u00eda limpia, <strong>reduciendo sus emisiones de CO2<\/strong>. Una vez est\u00e9 en funcionamiento la nueva instalaci\u00f3n, los centros superar\u00e1n entre el 60-90% de autoconsumo energ\u00e9tico, al tiempo que, de forma global, dejar\u00e1n de emitir unos 77.000 kilogramos de CO2 cada a\u00f1o.<\/p>\n<p>Las instalaciones fotovoltaicas se realizar\u00e1n a lo largo de 2022. En este proceso de transformaci\u00f3n est\u00e1n<strong> implicadas dos entidades de la econom\u00eda social<\/strong>. Por un lado, la responsable de la <strong>instalaci\u00f3n es Ecooo<\/strong>, una cooperativa que fomenta la transici\u00f3n energ\u00e9tica desde la participaci\u00f3n y empoderamiento ciudadano.<br \/>\n\t<br \/>\n\tPor otro lado est\u00e1 <a href=\"https:\/\/lighthumanity.org\/\"><strong>Light Humanity<\/strong><\/a>, una empresa que trabaja en distintos pa\u00edses con el objetivo de garantizar el acceso universal a una energ\u00eda limpia y asequible, que desarrolla programas educativos en torno a la energ\u00eda que se trasladar\u00e1n a nuestras comunidades escolares.<\/p>\n<p>Junto al equipo principal de la instalaci\u00f3n de <strong><a href=\"https:\/\/ecooo.es\/\">Ecooo<\/a><\/strong>, trabajar\u00e1n personas de <strong><a href=\"http:\/\/haz-solar.org\/\">Haz Solar<\/a>, una empresa social dedicada a la realizaci\u00f3n de instalaciones fotovoltaicas<\/strong> que forma a personas en riesgo de sufrir exclusi\u00f3n social. Adem\u00e1s de las tareas de apoyo en la fase de instalaci\u00f3n, este equipo se encargar\u00e1 de las labores posteriores de mantenimiento y seguimiento.<\/p>\n<p>Foto de <a href=\"https:\/\/unsplash.com\/es\/@giorgiotrovato\">Giorgio Trovato<\/a><\/p>\n<p><a id=\"ca\" name=\"ca\"><\/a>______________________________________________________________________<\/p>\n<h1>\n\tDonant suport a la transici\u00f3 energ\u00e8tica dels centres educatius Fuhem<\/h1>\n<p>La transici\u00f3 energ\u00e8tica est\u00e0 en marxa, no nom\u00e8s en les llars i per part dels particulars sin\u00f3 que cada vegada m\u00e9s, les entitats, equipaments p\u00fablics i seus d&#8217;empreses estan fent el pas a la instal\u00b7laci\u00f3 de plaques fotovoltaiques per a cobrir les seves necessitats energ\u00e8tiques.<\/p>\n<p>Aquest \u00e9s el cas de FUHEM, una fundaci\u00f3 que treballa des de fa diverses d\u00e8cades en la formaci\u00f3 de nens\/as i joves, aix\u00ed com a contribuir al debat entre necessitats socials i respostes educatives.<\/p>\n<p>Fuhem ha comptat amb el nostre suport financer per a la instal\u00b7laci\u00f3 de plaques solars en la seva seu de Madrid, en un projecte conjunt amb Ecooo i que ha comptat amb el suport de l&#8217;ICO.<\/p>\n<h2>\n\tCentres m\u00e9s sostenibles<\/h2>\n<p>Dins del pla de millora de les infraestructures dels seus centres escolars, Fuhem est\u00e0 realitzant instal\u00b7lacions fotovoltaiques sobre les cobertes dels diferents edificis dels seus col\u00b7legis, amb la finalitat d&#8217;aprofitar l&#8217;energia solar. Aquest projecte permetr\u00e0 reduir la factura el\u00e8ctrica i que els col\u00b7legis consumeixin una major quantitat d&#8217;energia neta, reduint les seves emissions de CO\u2082. Una vegada estigui en funcionament la nova instal\u00b7laci\u00f3, els centres superaran entre el 60-90% d&#8217;autoconsum energ\u00e8tic, al mateix temps que, de manera global, deixaran d&#8217;emetre uns 77.000 quilograms de CO\u2082 cada any.<\/p>\n<p>Les instal\u00b7lacions fotovoltaiques es realitzaran al llarg de 2022. En aquest proc\u00e9s de transformaci\u00f3 estan implicades dues entitats de l&#8217;economia social. D&#8217;una banda, la responsable de la instal\u00b7laci\u00f3 \u00e9s Ecooo, una cooperativa que fomenta la transici\u00f3 energ\u00e8tica des de la participaci\u00f3 i apoderament ciutad\u00e0. D&#8217;altra banda est\u00e0 Light Humanity, una empresa que treballa en diferents pa\u00efsos amb l&#8217;objectiu de garantir l&#8217;acc\u00e9s universal a una energia neta i assequible, que desenvolupa programes educatius entorn de l&#8217;energia que es traslladaran a les nostres comunitats escolars.<\/p>\n<p>Al costat de l&#8217;equip principal de la instal\u00b7laci\u00f3 de Ecooo, treballaran persones de Haz Solar, una empresa social dedicada a la realitzaci\u00f3 d&#8217;instal\u00b7lacions fotovoltaiques que forma a persones en risc d\u2019exclusi\u00f3 social. A m\u00e9s de les tasques de suport en la fase d&#8217;instal\u00b7laci\u00f3, aquest equip s&#8217;encarregar\u00e0 de les tasques posteriors de manteniment i seguiment.<\/p>\n<p>______________________________________________________________________<\/p>\n<h1>\n\t<a id=\"eu\" name=\"eu\"><\/a>FUHEM ikastetxeen energia-trantsizioa laguntzen<\/h1>\n<p>&nbsp;<br \/>\n\tEnergia-trantsizioa abian dago, ez etxeetan edota pertsonen aldetik soilik. Gero eta erakunde, ekipamendu publiko, enpresen egoitza eta abar gehiago ari dira plaka fotovoltaikoak instalatzen beren energia-beharrak asetzeko.<br \/>\n\t<br \/>\n\tHori da FUHEMen kasua. FUHEMek hainbat hamarkada daramatza umeen eta gazteen heziketan lanean, bai eta gizarte-beharren eta hezkuntza-erantzunen arteko eztabaidan laguntzen ere.<br \/>\n\t<br \/>\n\tFUHEMek gure laguntza finantzarioa izan du eguzki-panelak Madrilgo egoitzan instalatzeko Ecooo enpresarekin elkarlanean egindako proiektu batean, eta ICOren laguntza izan du.<\/p>\n<h2>\n\tIkastetxe jasangarriagoak<\/h2>\n<p>Ikastetxeen azpiegiturak hobetzeko planaren barruan, FUHEM panel fotovoltaikoak instalatzen ari da bere ikastetxeen eraikinen estalkien gainean, eguzki-energia erabiltzeko. Proiektu horrek elektrizitatearen faktura gutxitzea ahalbidetuko du, bai eta ikastetxeek energia garbi gehiago kontsumitzea ere, eta beraz, beren CO2 isurpenak murriztea. Instalazio berria martxan jarri ondoren, ikastetxeek %&nbsp;60 eta %&nbsp;90 arteko energia\u2011autokontsumoa izango dute, eta guztira urtero 77.000 kilogramo CO2 gutxiago isuriko dute.<br \/>\n\t<br \/>\n\tInstalazio fotovoltaikoak 2022an zehar egingo dira. Eraldaketa-prozesu horretan ekonomia sozialaren bi erakundek hartzen dute parte. Alde batetik, Ecooo da instalazioaren arduraduna. Ecooo energia\u2011trantsizioa parte\u2011hartzetik eta herritarren ahalduntzetik bultzatzen duen kooperatiba da.<br \/>\n\t<br \/>\n\tBeste aldetik Light Humanity dago. Hainbat herrialdetan lan egiten du, eta bere helburua energia garbia eta eskuragarria modu unibertsalean eskuratzeko aukera bermatzea da. Horretarako energiari buruzko hezkuntza\u2011programak egiten ditu, gure ikastetxeetara iristeko.<\/p>\n<p>Haz Solar ekimenean pertsonek Ecooo-ren instalazio-talde nagusiarekin batera egingo dute lan. Instalazio fotovoltaikoetan jarduten den enpresa soziala da, eta gizarte-bazterketa jasateko arriskuan dauden pertsonak trebatzen ditu. Instalazio-fasean laguntzeko zereginekin batera, talde hori ondorengo mantentze- eta jarraipen\u2011lanez arduratuko da.<\/p>\n<p>___________________________________________________________<\/p>\n<h1>\n\t<a id=\"ga\" name=\"ga\"><\/a>Apoiando a transici\u00f3n enerx\u00e9tica dos centros educativos Fuhem<\/h1>\n<p>A transici\u00f3n enerx\u00e9tica est\u00e1 en marcha, non s\u00f3 nos fogares e por parte dos particulares, sen\u00f3n que, cada vez m\u00e1is, as entidades, equipamentos p\u00fablicos, sedes de empresas est\u00e1n a dar o paso \u00e1 instalaci\u00f3n de placas fotovoltaicas para cubrir as s\u00faas necesidades enerx\u00e9ticas.<br \/>\n\tEste \u00e9 o caso de FUHEM, unha fundaci\u00f3n que traballa desde hai varias d\u00e9cadas na formaci\u00f3n de nenas\/os e mozas\/os e na contribuci\u00f3n ao debate entre necesidades sociais e respostas educativas.<br \/>\n\tFuhem contou co noso apoio financeiro para a instalaci\u00f3n de placas solares na s\u00faa sede de Madrid, nun proxecto conxunto con Ecooo que tam\u00e9n recibiu o apoio do ICO.<\/p>\n<h2>\n\tCentros m\u00e1is sustentables<\/h2>\n<p>Dentro do plan de mellora das infraestruturas dos seus centros escolares, Fuhem est\u00e1 a realizar instalaci\u00f3ns fotovoltaicas sobre as cubertas dos distintos edificios dos seus colexios, co fin de aproveitar a enerx\u00eda solar. Este proxecto ha permitir reducir a factura el\u00e9ctrica e que os colexios consuman unha maior cantidade de enerx\u00eda limpa, reducindo as s\u00faas emisi\u00f3ns de CO2. Unha vez estea en funcionamento a nova instalaci\u00f3n, os centros superar\u00e1n entre o 60 e o 90&nbsp;% de autoconsumo enerx\u00e9tico, ao mesmo tempo que, de forma global, deixar\u00e1n de emitir uns 77.000 quilogramos de CO2 cada ano.<br \/>\n\t<br \/>\n\tAs instalaci\u00f3ns fotovoltaicas realizaranse ao longo de 2022. Neste proceso de transformaci\u00f3n est\u00e1n implicadas d\u00faas entidades da econom\u00eda social. Dunha banda, a responsable da instalaci\u00f3n \u00e9 Ecooo, unha cooperativa que fomenta a transici\u00f3n enerx\u00e9tica desde a participaci\u00f3n e o apoderamento cidad\u00e1n.<br \/>\n\t<br \/>\n\tDoutra, est\u00e1 Light Humanity, unha empresa que traballa en distintos pa\u00edses co obxectivo de garantir o acceso universal a unha enerx\u00eda limpa e accesible, e que desenvolve programas educativos arredor da enerx\u00eda que se trasladar\u00e1n \u00e1s nosas comunidades escolares.<br \/>\n\t<br \/>\n\tCanda o equipo principal da instalaci\u00f3n de Ecooo traballar\u00e1n persoas de Haz Solar, unha empresa social dedicada \u00e1 realizaci\u00f3n de instalaci\u00f3ns fotovoltaicas&nbsp;que forma a persoas en risco de sufrir exclusi\u00f3n social. Ademais das tarefas de apoio na fase de instalaci\u00f3n, este equipo encargarase dos labores posteriores de mantemento e seguimento.<\/p>\n<\/div>","protected":false},"excerpt":{"rendered":"<p>La transici\u00f3n energ\u00e9tica est\u00e1 en marcha, no solo en los hogares y por parte de los particulares sino que cada vez m\u00e1s, las entidades, equipamientos p\u00fablicos y sedes de empresas est\u00e1n dando el paso a la instalaci\u00f3n de placas fotovoltaicas para cubrir sus necesidades energ\u00e9ticas.<\/p>\n","protected":false},"author":2,"featured_media":330069,"comment_status":"open","ping_status":"closed","sticky":false,"template":"","format":"standard","meta":{"_acf_changed":false,"footnotes":""},"categories":[11664],"tags":[11904],"coauthors":[2891],"class_list":["post-343441","post","type-post","status-publish","format-standard","has-post-thumbnail","hentry","category-historias-de-impacto-positivo","tag-realidades-financiadas-gl"],"acf":[],"yoast_head":"<!-- This site is optimized with the Yoast SEO plugin v26.9 - https:\/\/yoast.com\/product\/yoast-seo-wordpress\/ -->\n<title>Apoyando la transici\u00f3n energ\u00e9tica de los centros educativos Fuhem - Fiare Banca Etica<\/title>\n<meta name=\"robots\" content=\"index, follow, max-snippet:-1, max-image-preview:large, max-video-preview:-1\" \/>\n<link rel=\"canonical\" href=\"https:\/\/www.fiarebancaetica.coop\/gl\/apoyando-la-transicion-energetica-de-los-centros-educativos-fuhem\/\" \/>\n<meta property=\"og:locale\" content=\"gl_ES\" \/>\n<meta property=\"og:type\" content=\"article\" \/>\n<meta property=\"og:title\" content=\"Apoyando la transici\u00f3n energ\u00e9tica de los centros educativos Fuhem - Fiare Banca Etica\" \/>\n<meta property=\"og:description\" content=\"La transici\u00f3n energ\u00e9tica est\u00e1 en marcha, no solo en los hogares y por parte de los particulares sino que cada vez m\u00e1s, las entidades, equipamientos p\u00fablicos y sedes de empresas est\u00e1n dando el paso a la instalaci\u00f3n de placas fotovoltaicas para cubrir sus necesidades energ\u00e9ticas.\" \/>\n<meta property=\"og:url\" content=\"https:\/\/www.fiarebancaetica.coop\/gl\/apoyando-la-transicion-energetica-de-los-centros-educativos-fuhem\/\" \/>\n<meta property=\"og:site_name\" content=\"Fiare Banca Etica\" \/>\n<meta property=\"article:published_time\" content=\"2022-05-24T22:00:00+00:00\" \/>\n<meta property=\"article:modified_time\" content=\"2024-02-21T13:57:23+00:00\" \/>\n<meta property=\"og:image\" content=\"https:\/\/www.fiarebancaetica.coop\/app\/uploads\/sites\/2\/2023\/12\/apoyando-transicion-energetica-de-los-centros-educativos-fuhem.jpg\" \/>\n\t<meta property=\"og:image:width\" content=\"540\" \/>\n\t<meta property=\"og:image:height\" content=\"250\" \/>\n\t<meta property=\"og:image:type\" content=\"image\/jpeg\" \/>\n<meta name=\"author\" content=\"crispyadmin0\" \/>\n<meta name=\"twitter:card\" content=\"summary_large_image\" \/>\n<script type=\"application\/ld+json\" class=\"yoast-schema-graph\">{\"@context\":\"https:\/\/schema.org\",\"@graph\":[{\"@type\":\"Article\",\"@id\":\"https:\/\/www.fiarebancaetica.coop\/gl\/apoyando-la-transicion-energetica-de-los-centros-educativos-fuhem\/#article\",\"isPartOf\":{\"@id\":\"https:\/\/www.fiarebancaetica.coop\/gl\/apoyando-la-transicion-energetica-de-los-centros-educativos-fuhem\/\"},\"author\":{\"name\":\"crispyadmin0\",\"@id\":\"https:\/\/www.fiarebancaetica.coop\/gl\/#\/schema\/person\/579841e89c804b5db05d9141bd9b8272\"},\"headline\":\"Apoyando la transici\u00f3n energ\u00e9tica de los centros educativos Fuhem\",\"datePublished\":\"2022-05-24T22:00:00+00:00\",\"dateModified\":\"2024-02-21T13:57:23+00:00\",\"mainEntityOfPage\":{\"@id\":\"https:\/\/www.fiarebancaetica.coop\/gl\/apoyando-la-transicion-energetica-de-los-centros-educativos-fuhem\/\"},\"wordCount\":1438,\"commentCount\":0,\"image\":{\"@id\":\"https:\/\/www.fiarebancaetica.coop\/gl\/apoyando-la-transicion-energetica-de-los-centros-educativos-fuhem\/#primaryimage\"},\"thumbnailUrl\":\"https:\/\/www.fiarebancaetica.coop\/app\/uploads\/sites\/2\/2023\/12\/apoyando-transicion-energetica-de-los-centros-educativos-fuhem.jpg\",\"keywords\":[\"Realidades financiadas\"],\"articleSection\":[\"Historias de impacto positivo\"],\"inLanguage\":\"gl-ES\",\"potentialAction\":[{\"@type\":\"CommentAction\",\"name\":\"Comment\",\"target\":[\"https:\/\/www.fiarebancaetica.coop\/gl\/apoyando-la-transicion-energetica-de-los-centros-educativos-fuhem\/#respond\"]}]},{\"@type\":\"WebPage\",\"@id\":\"https:\/\/www.fiarebancaetica.coop\/gl\/apoyando-la-transicion-energetica-de-los-centros-educativos-fuhem\/\",\"url\":\"https:\/\/www.fiarebancaetica.coop\/gl\/apoyando-la-transicion-energetica-de-los-centros-educativos-fuhem\/\",\"name\":\"Apoyando la transici\u00f3n energ\u00e9tica de los centros educativos Fuhem - Fiare Banca Etica\",\"isPartOf\":{\"@id\":\"https:\/\/www.fiarebancaetica.coop\/gl\/#website\"},\"primaryImageOfPage\":{\"@id\":\"https:\/\/www.fiarebancaetica.coop\/gl\/apoyando-la-transicion-energetica-de-los-centros-educativos-fuhem\/#primaryimage\"},\"image\":{\"@id\":\"https:\/\/www.fiarebancaetica.coop\/gl\/apoyando-la-transicion-energetica-de-los-centros-educativos-fuhem\/#primaryimage\"},\"thumbnailUrl\":\"https:\/\/www.fiarebancaetica.coop\/app\/uploads\/sites\/2\/2023\/12\/apoyando-transicion-energetica-de-los-centros-educativos-fuhem.jpg\",\"datePublished\":\"2022-05-24T22:00:00+00:00\",\"dateModified\":\"2024-02-21T13:57:23+00:00\",\"author\":{\"@id\":\"https:\/\/www.fiarebancaetica.coop\/gl\/#\/schema\/person\/579841e89c804b5db05d9141bd9b8272\"},\"breadcrumb\":{\"@id\":\"https:\/\/www.fiarebancaetica.coop\/gl\/apoyando-la-transicion-energetica-de-los-centros-educativos-fuhem\/#breadcrumb\"},\"inLanguage\":\"gl-ES\",\"potentialAction\":[{\"@type\":\"ReadAction\",\"target\":[\"https:\/\/www.fiarebancaetica.coop\/gl\/apoyando-la-transicion-energetica-de-los-centros-educativos-fuhem\/\"]}]},{\"@type\":\"ImageObject\",\"inLanguage\":\"gl-ES\",\"@id\":\"https:\/\/www.fiarebancaetica.coop\/gl\/apoyando-la-transicion-energetica-de-los-centros-educativos-fuhem\/#primaryimage\",\"url\":\"https:\/\/www.fiarebancaetica.coop\/app\/uploads\/sites\/2\/2023\/12\/apoyando-transicion-energetica-de-los-centros-educativos-fuhem.jpg\",\"contentUrl\":\"https:\/\/www.fiarebancaetica.coop\/app\/uploads\/sites\/2\/2023\/12\/apoyando-transicion-energetica-de-los-centros-educativos-fuhem.jpg\",\"width\":540,\"height\":250},{\"@type\":\"BreadcrumbList\",\"@id\":\"https:\/\/www.fiarebancaetica.coop\/gl\/apoyando-la-transicion-energetica-de-los-centros-educativos-fuhem\/#breadcrumb\",\"itemListElement\":[{\"@type\":\"ListItem\",\"position\":1,\"name\":\"Home\",\"item\":\"https:\/\/www.fiarebancaetica.coop\/gl\/\"},{\"@type\":\"ListItem\",\"position\":2,\"name\":\"Apoyando la transici\u00f3n energ\u00e9tica de los centros educativos Fuhem\"}]},{\"@type\":\"WebSite\",\"@id\":\"https:\/\/www.fiarebancaetica.coop\/gl\/#website\",\"url\":\"https:\/\/www.fiarebancaetica.coop\/gl\/\",\"name\":\"Fiare Banca Etica\",\"description\":\"\",\"potentialAction\":[{\"@type\":\"SearchAction\",\"target\":{\"@type\":\"EntryPoint\",\"urlTemplate\":\"https:\/\/www.fiarebancaetica.coop\/gl\/?s={search_term_string}\"},\"query-input\":{\"@type\":\"PropertyValueSpecification\",\"valueRequired\":true,\"valueName\":\"search_term_string\"}}],\"inLanguage\":\"gl-ES\"},{\"@type\":\"Person\",\"@id\":\"https:\/\/www.fiarebancaetica.coop\/gl\/#\/schema\/person\/579841e89c804b5db05d9141bd9b8272\",\"name\":\"crispyadmin0\",\"image\":{\"@type\":\"ImageObject\",\"inLanguage\":\"gl-ES\",\"@id\":\"https:\/\/www.fiarebancaetica.coop\/gl\/#\/schema\/person\/image\/5f3a6b7786f32f4c35bd2b1a5a4698ea\",\"url\":\"https:\/\/secure.gravatar.com\/avatar\/4d2cfb499d497b6d49da659fab7404b243a87fe8e40d2cf97a1cae48f677f5b2?s=96&d=mm&r=g\",\"contentUrl\":\"https:\/\/secure.gravatar.com\/avatar\/4d2cfb499d497b6d49da659fab7404b243a87fe8e40d2cf97a1cae48f677f5b2?s=96&d=mm&r=g\",\"caption\":\"crispyadmin0\"},\"sameAs\":[\"crispyadmin0\"]}]}<\/script>\n<!-- \/ Yoast SEO plugin. -->","yoast_head_json":{"title":"Apoyando la transici\u00f3n energ\u00e9tica de los centros educativos Fuhem - Fiare Banca Etica","robots":{"index":"index","follow":"follow","max-snippet":"max-snippet:-1","max-image-preview":"max-image-preview:large","max-video-preview":"max-video-preview:-1"},"canonical":"https:\/\/www.fiarebancaetica.coop\/gl\/apoyando-la-transicion-energetica-de-los-centros-educativos-fuhem\/","og_locale":"gl_ES","og_type":"article","og_title":"Apoyando la transici\u00f3n energ\u00e9tica de los centros educativos Fuhem - Fiare Banca Etica","og_description":"La transici\u00f3n energ\u00e9tica est\u00e1 en marcha, no solo en los hogares y por parte de los particulares sino que cada vez m\u00e1s, las entidades, equipamientos p\u00fablicos y sedes de empresas est\u00e1n dando el paso a la instalaci\u00f3n de placas fotovoltaicas para cubrir sus necesidades energ\u00e9ticas.","og_url":"https:\/\/www.fiarebancaetica.coop\/gl\/apoyando-la-transicion-energetica-de-los-centros-educativos-fuhem\/","og_site_name":"Fiare Banca Etica","article_published_time":"2022-05-24T22:00:00+00:00","article_modified_time":"2024-02-21T13:57:23+00:00","og_image":[{"width":540,"height":250,"url":"https:\/\/www.fiarebancaetica.coop\/app\/uploads\/sites\/2\/2023\/12\/apoyando-transicion-energetica-de-los-centros-educativos-fuhem.jpg","type":"image\/jpeg"}],"author":"crispyadmin0","twitter_card":"summary_large_image","schema":{"@context":"https:\/\/schema.org","@graph":[{"@type":"Article","@id":"https:\/\/www.fiarebancaetica.coop\/gl\/apoyando-la-transicion-energetica-de-los-centros-educativos-fuhem\/#article","isPartOf":{"@id":"https:\/\/www.fiarebancaetica.coop\/gl\/apoyando-la-transicion-energetica-de-los-centros-educativos-fuhem\/"},"author":{"name":"crispyadmin0","@id":"https:\/\/www.fiarebancaetica.coop\/gl\/#\/schema\/person\/579841e89c804b5db05d9141bd9b8272"},"headline":"Apoyando la transici\u00f3n energ\u00e9tica de los centros educativos Fuhem","datePublished":"2022-05-24T22:00:00+00:00","dateModified":"2024-02-21T13:57:23+00:00","mainEntityOfPage":{"@id":"https:\/\/www.fiarebancaetica.coop\/gl\/apoyando-la-transicion-energetica-de-los-centros-educativos-fuhem\/"},"wordCount":1438,"commentCount":0,"image":{"@id":"https:\/\/www.fiarebancaetica.coop\/gl\/apoyando-la-transicion-energetica-de-los-centros-educativos-fuhem\/#primaryimage"},"thumbnailUrl":"https:\/\/www.fiarebancaetica.coop\/app\/uploads\/sites\/2\/2023\/12\/apoyando-transicion-energetica-de-los-centros-educativos-fuhem.jpg","keywords":["Realidades financiadas"],"articleSection":["Historias de impacto positivo"],"inLanguage":"gl-ES","potentialAction":[{"@type":"CommentAction","name":"Comment","target":["https:\/\/www.fiarebancaetica.coop\/gl\/apoyando-la-transicion-energetica-de-los-centros-educativos-fuhem\/#respond"]}]},{"@type":"WebPage","@id":"https:\/\/www.fiarebancaetica.coop\/gl\/apoyando-la-transicion-energetica-de-los-centros-educativos-fuhem\/","url":"https:\/\/www.fiarebancaetica.coop\/gl\/apoyando-la-transicion-energetica-de-los-centros-educativos-fuhem\/","name":"Apoyando la transici\u00f3n energ\u00e9tica de los centros educativos Fuhem - Fiare Banca Etica","isPartOf":{"@id":"https:\/\/www.fiarebancaetica.coop\/gl\/#website"},"primaryImageOfPage":{"@id":"https:\/\/www.fiarebancaetica.coop\/gl\/apoyando-la-transicion-energetica-de-los-centros-educativos-fuhem\/#primaryimage"},"image":{"@id":"https:\/\/www.fiarebancaetica.coop\/gl\/apoyando-la-transicion-energetica-de-los-centros-educativos-fuhem\/#primaryimage"},"thumbnailUrl":"https:\/\/www.fiarebancaetica.coop\/app\/uploads\/sites\/2\/2023\/12\/apoyando-transicion-energetica-de-los-centros-educativos-fuhem.jpg","datePublished":"2022-05-24T22:00:00+00:00","dateModified":"2024-02-21T13:57:23+00:00","author":{"@id":"https:\/\/www.fiarebancaetica.coop\/gl\/#\/schema\/person\/579841e89c804b5db05d9141bd9b8272"},"breadcrumb":{"@id":"https:\/\/www.fiarebancaetica.coop\/gl\/apoyando-la-transicion-energetica-de-los-centros-educativos-fuhem\/#breadcrumb"},"inLanguage":"gl-ES","potentialAction":[{"@type":"ReadAction","target":["https:\/\/www.fiarebancaetica.coop\/gl\/apoyando-la-transicion-energetica-de-los-centros-educativos-fuhem\/"]}]},{"@type":"ImageObject","inLanguage":"gl-ES","@id":"https:\/\/www.fiarebancaetica.coop\/gl\/apoyando-la-transicion-energetica-de-los-centros-educativos-fuhem\/#primaryimage","url":"https:\/\/www.fiarebancaetica.coop\/app\/uploads\/sites\/2\/2023\/12\/apoyando-transicion-energetica-de-los-centros-educativos-fuhem.jpg","contentUrl":"https:\/\/www.fiarebancaetica.coop\/app\/uploads\/sites\/2\/2023\/12\/apoyando-transicion-energetica-de-los-centros-educativos-fuhem.jpg","width":540,"height":250},{"@type":"BreadcrumbList","@id":"https:\/\/www.fiarebancaetica.coop\/gl\/apoyando-la-transicion-energetica-de-los-centros-educativos-fuhem\/#breadcrumb","itemListElement":[{"@type":"ListItem","position":1,"name":"Home","item":"https:\/\/www.fiarebancaetica.coop\/gl\/"},{"@type":"ListItem","position":2,"name":"Apoyando la transici\u00f3n energ\u00e9tica de los centros educativos Fuhem"}]},{"@type":"WebSite","@id":"https:\/\/www.fiarebancaetica.coop\/gl\/#website","url":"https:\/\/www.fiarebancaetica.coop\/gl\/","name":"Fiare Banca Etica","description":"","potentialAction":[{"@type":"SearchAction","target":{"@type":"EntryPoint","urlTemplate":"https:\/\/www.fiarebancaetica.coop\/gl\/?s={search_term_string}"},"query-input":{"@type":"PropertyValueSpecification","valueRequired":true,"valueName":"search_term_string"}}],"inLanguage":"gl-ES"},{"@type":"Person","@id":"https:\/\/www.fiarebancaetica.coop\/gl\/#\/schema\/person\/579841e89c804b5db05d9141bd9b8272","name":"crispyadmin0","image":{"@type":"ImageObject","inLanguage":"gl-ES","@id":"https:\/\/www.fiarebancaetica.coop\/gl\/#\/schema\/person\/image\/5f3a6b7786f32f4c35bd2b1a5a4698ea","url":"https:\/\/secure.gravatar.com\/avatar\/4d2cfb499d497b6d49da659fab7404b243a87fe8e40d2cf97a1cae48f677f5b2?s=96&d=mm&r=g","contentUrl":"https:\/\/secure.gravatar.com\/avatar\/4d2cfb499d497b6d49da659fab7404b243a87fe8e40d2cf97a1cae48f677f5b2?s=96&d=mm&r=g","caption":"crispyadmin0"},"sameAs":["crispyadmin0"]}]}},"_links":{"self":[{"href":"https:\/\/www.fiarebancaetica.coop\/gl\/wp-json\/wp\/v2\/posts\/343441","targetHints":{"allow":["GET"]}}],"collection":[{"href":"https:\/\/www.fiarebancaetica.coop\/gl\/wp-json\/wp\/v2\/posts"}],"about":[{"href":"https:\/\/www.fiarebancaetica.coop\/gl\/wp-json\/wp\/v2\/types\/post"}],"author":[{"embeddable":true,"href":"https:\/\/www.fiarebancaetica.coop\/gl\/wp-json\/wp\/v2\/users\/2"}],"replies":[{"embeddable":true,"href":"https:\/\/www.fiarebancaetica.coop\/gl\/wp-json\/wp\/v2\/comments?post=343441"}],"version-history":[{"count":2,"href":"https:\/\/www.fiarebancaetica.coop\/gl\/wp-json\/wp\/v2\/posts\/343441\/revisions"}],"predecessor-version":[{"id":355168,"href":"https:\/\/www.fiarebancaetica.coop\/gl\/wp-json\/wp\/v2\/posts\/343441\/revisions\/355168"}],"wp:featuredmedia":[{"embeddable":true,"href":"https:\/\/www.fiarebancaetica.coop\/gl\/wp-json\/wp\/v2\/media\/330069"}],"wp:attachment":[{"href":"https:\/\/www.fiarebancaetica.coop\/gl\/wp-json\/wp\/v2\/media?parent=343441"}],"wp:term":[{"taxonomy":"category","embeddable":true,"href":"https:\/\/www.fiarebancaetica.coop\/gl\/wp-json\/wp\/v2\/categories?post=343441"},{"taxonomy":"post_tag","embeddable":true,"href":"https:\/\/www.fiarebancaetica.coop\/gl\/wp-json\/wp\/v2\/tags?post=343441"},{"taxonomy":"author","embeddable":true,"href":"https:\/\/www.fiarebancaetica.coop\/gl\/wp-json\/wp\/v2\/coauthors?post=343441"}],"curies":[{"name":"wp","href":"https:\/\/api.w.org\/{rel}","templated":true}]}}