{"id":343469,"date":"2022-05-05T00:00:00","date_gmt":"2022-05-04T22:00:00","guid":{"rendered":"https:\/\/www.fiarebancaetica.coop\/comienza-el-registro-para-la-asamblea-de-personas-socias\/"},"modified":"2024-02-21T15:02:04","modified_gmt":"2024-02-21T14:02:04","slug":"comienza-el-registro-para-la-asamblea-de-personas-socias","status":"publish","type":"post","link":"https:\/\/www.fiarebancaetica.coop\/gl\/comienza-el-registro-para-la-asamblea-de-personas-socias\/","title":{"rendered":"Comienza el registro para la Asamblea de personas socias"},"content":{"rendered":"\n\n<div class=\"wp-block-bancaetica-blocks-blocks-block-49\">\n    <div class=\"container-block-49\">\n\n        <div class=\"header-section \">\n                            <h1 class=\"section-title\"> Etica e cooperativa <\/h1>\n                                            <\/div>\n\n        \n        <div class=\"block-background\" style=\"background-image: url('https:\/\/www.fiarebancaetica.coop\/app\/uploads\/sites\/2\/2023\/12\/comienza-el-registro-para-asamblea-de-personas-socias.jpg')\">\n                            <div class=\"tile\">\n                    <h1 class=\"image-title\"> Comienza el registro para la Asamblea de personas socias <\/h1>\n                <\/div>             <!-- end .tile -->\n            <div class=\"bottom-content\">\n                            <\/div> <!-- end .button-content -->\n        <\/div> <!-- end .block-background -->\n    <\/div> <!-- end .container -->\n<\/div> <!-- end wp-block-bancaetica-blocks-blocks-block-06 -->\n\n\n<div class=\"wrapper-crispybacon-class wrapper-crispybacon-class-boxed \">\n    <p>Desde hoy y hasta el 12 de mayo las personas socias puedenregistrarse para participar y votar en la asamblea general de Fiare Banca Etica, que tendr\u00e1 lugar de manera presencial en Valladolid y Bolonia y online.<\/p>\n<p>Descubre el <a href=\"https:\/\/assemblea.bancaetica.it\/Registration\"><strong>orden del d\u00eda y los documentos relacionados&gt;<\/strong><\/a><\/p>\n<p>&nbsp;<\/p>\n<p><iframe loading=\"lazy\" allow=\"autoplay; clipboard-write; encrypted-media; picture-in-picture; web-share\" allowfullscreen=\"true\" frameborder=\"0\" height=\"476\" scrolling=\"no\" src=\"https:\/\/www.facebook.com\/plugins\/video.php?height=476&amp;href=https%3A%2F%2Fwww.facebook.com%2FFiareBancaEtica%2Fvideos%2F1012638336034000%2F&amp;show_text=false&amp;width=476&amp;t=0\" style=\"border:none;overflow:hidden\" width=\"476\"><\/iframe><\/p>\n<h1>\n\t\u00bfQu\u00e9 necesitas para registrarte y votar en l\u00ednea?<\/h1>\n<ul>\n\t<li>\n\t\ttu n\u00famero de socio\/a (NDG\/CAG)&nbsp;<\/li>\n\t<li>\n\t\tdocumento de identidad v\u00e1lido<\/li>\n\t<li>\n\t\tn\u00famero de tel\u00e9fono m\u00f3vil<\/li>\n\t<li>\n\t\tdirecci\u00f3n de correo electr\u00f3nico personal<\/li>\n<\/ul>\n<p><a href=\"http:\/\/assemblea.bancaetica.it\/Registration\"><strong>Inicia el registro<\/strong><\/a><\/p>\n<p>Es necesario registrarse para participar y votar en l\u00ednea desde hoy 5 de mayo hasta el 12 de mayo. Adem\u00e1s, permite seguir, <a href=\"https:\/\/assemblea.bancaetica.it\/Registration\">en presencia o por streaming,<\/a> la asamblea el 14 de mayo.<\/p>\n<p>Para votar en l\u00ednea despu\u00e9s del 12 de mayo, es necesario conectarse a la <a href=\"https:\/\/assemblea.bancaetica.it\/Registration\">transmisi\u00f3n en vivo de la asamblea<\/a> y votar en la votaci\u00f3n presencial.<\/p>\n<p><strong>Delegaci\u00f3n de voto<\/strong><br \/>\n\tSi quieres otorgar tu representaci\u00f3n, tienes a disposici\u00f3n el <a href=\"https:\/\/partecipazione.bancaetica.it\/media\/files\/assemblea-28\/ES_modulo_DELEGA_ASS_maggio_2022.pdf\">modelo de delegaci\u00f3n y autocertificaci\u00f3n <\/a>elaborado por el banco.<\/p>\n<p>Las personas y organizaciones miembros que est\u00e9n inscritas en el registro al 31 de enero de 2022 tienen derecho a voto. Si compraste las acciones despu\u00e9s de esa fecha,&nbsp; puedes registrarte y seguir la asamblea, pero sin poder votar.<\/p>\n<h1>\n\t\u00bfNecesitas ayuda para inscribirte en la asamblea?<\/h1>\n<p>Puedes encontrarnos en el 672293585 o escribirnos un email a <a href=\"mailto:agasch@fiarebancaetica.coop\">agasch@fiarebancaetica.coop.<\/a><\/p>\n<h1>\n\tUn fin de semana de ocio y participaci\u00f3n<\/h1>\n<p>Despu\u00e9s de dos a\u00f1os podremos intercambiar opiniones y encontrarnos durante la asamblea. Para esta ocasi\u00f3n, el GIT de Valladolid y Bolonia&nbsp; han preparado dos ricos y variados programas para hacer a\u00fan m\u00e1s emocionante el regreso a la presencialidad.<\/p>\n<p>Podr\u00e1s vivir plenamente la asamblea y celebrar el regreso en presencia entre visitas culturales, m\u00fasica en directo y exposiciones los d\u00edas 13, 14 y 15 de mayo.<\/p>\n<p>Javier Mena, coordinador del GIT de Castila y Le\u00f3n, nos anima a acudir a Valladolid a participar en la asamblea en <a href=\"https:\/\/partecipazione.bancaetica.it\/es\/blog\/non-ce-due-senza-tre-fiare-va-20-22\/\"><strong>este art\u00edculo.<\/strong><\/a><\/p>\n<p>Descubre el <a href=\"https:\/\/mcusercontent.com\/13459f6dbebde92a38aefa2f9\/files\/a459bb24-177c-4333-3dbc-1a4ba621d07c\/Programa_cultural_Asamblea_Valladolid_22.pdf\"><strong>programa de Valladolid&gt;<\/strong><\/a><br \/>\n\t<strong><a href=\"https:\/\/partecipazione.bancaetica.it\/es\/blog\/essere-e-fare-comunita-lassemblea-e-alle-porte-fermati-a-bologna-per-lintero-fine-settimana\/\">\u00bfQu\u00e9 se har\u00e1 en Bolonia?&gt;<\/a><\/strong><\/p>\n<\/div>","protected":false},"excerpt":{"rendered":"<p>Desde hoy y hasta el 12 de mayo las personas socias puedenregistrarse para participar y votar en la asamblea general de Fiare Banca Etica, que tendr\u00e1 lugar de manera presencial en Valladolid y Bolonia y online.<\/p>\n","protected":false},"author":2,"featured_media":330051,"comment_status":"open","ping_status":"closed","sticky":false,"template":"","format":"standard","meta":{"_acf_changed":false,"footnotes":""},"categories":[11645],"tags":[],"coauthors":[],"class_list":["post-343469","post","type-post","status-publish","format-standard","has-post-thumbnail","hentry","category-finanzas-eticas"],"acf":[],"yoast_head":"<!-- This site is optimized with the Yoast SEO plugin v26.9 - https:\/\/yoast.com\/product\/yoast-seo-wordpress\/ -->\n<title>Comienza el registro para la Asamblea de personas socias - Fiare Banca Etica<\/title>\n<meta name=\"robots\" content=\"index, follow, max-snippet:-1, max-image-preview:large, max-video-preview:-1\" \/>\n<link rel=\"canonical\" href=\"https:\/\/www.fiarebancaetica.coop\/gl\/comienza-el-registro-para-la-asamblea-de-personas-socias\/\" \/>\n<meta property=\"og:locale\" content=\"gl_ES\" \/>\n<meta property=\"og:type\" content=\"article\" \/>\n<meta property=\"og:title\" content=\"Comienza el registro para la Asamblea de personas socias - Fiare Banca Etica\" \/>\n<meta property=\"og:description\" content=\"Desde hoy y hasta el 12 de mayo las personas socias puedenregistrarse para participar y votar en la asamblea general de Fiare Banca Etica, que tendr\u00e1 lugar de manera presencial en Valladolid y Bolonia y online.\" \/>\n<meta property=\"og:url\" content=\"https:\/\/www.fiarebancaetica.coop\/gl\/comienza-el-registro-para-la-asamblea-de-personas-socias\/\" \/>\n<meta property=\"og:site_name\" content=\"Fiare Banca Etica\" \/>\n<meta property=\"article:published_time\" content=\"2022-05-04T22:00:00+00:00\" \/>\n<meta property=\"article:modified_time\" content=\"2024-02-21T14:02:04+00:00\" \/>\n<meta property=\"og:image\" content=\"https:\/\/www.fiarebancaetica.coop\/app\/uploads\/sites\/2\/2023\/12\/comienza-el-registro-para-asamblea-de-personas-socias.jpg\" \/>\n\t<meta property=\"og:image:width\" content=\"700\" \/>\n\t<meta property=\"og:image:height\" content=\"275\" \/>\n\t<meta property=\"og:image:type\" content=\"image\/jpeg\" \/>\n<meta name=\"author\" content=\"crispyadmin0\" \/>\n<meta name=\"twitter:card\" content=\"summary_large_image\" \/>\n<script type=\"application\/ld+json\" class=\"yoast-schema-graph\">{\"@context\":\"https:\/\/schema.org\",\"@graph\":[{\"@type\":\"Article\",\"@id\":\"https:\/\/www.fiarebancaetica.coop\/gl\/comienza-el-registro-para-la-asamblea-de-personas-socias\/#article\",\"isPartOf\":{\"@id\":\"https:\/\/www.fiarebancaetica.coop\/gl\/comienza-el-registro-para-la-asamblea-de-personas-socias\/\"},\"author\":{\"name\":\"crispyadmin0\",\"@id\":\"https:\/\/www.fiarebancaetica.coop\/gl\/#\/schema\/person\/579841e89c804b5db05d9141bd9b8272\"},\"headline\":\"Comienza el registro para la Asamblea de personas socias\",\"datePublished\":\"2022-05-04T22:00:00+00:00\",\"dateModified\":\"2024-02-21T14:02:04+00:00\",\"mainEntityOfPage\":{\"@id\":\"https:\/\/www.fiarebancaetica.coop\/gl\/comienza-el-registro-para-la-asamblea-de-personas-socias\/\"},\"wordCount\":359,\"commentCount\":0,\"image\":{\"@id\":\"https:\/\/www.fiarebancaetica.coop\/gl\/comienza-el-registro-para-la-asamblea-de-personas-socias\/#primaryimage\"},\"thumbnailUrl\":\"https:\/\/www.fiarebancaetica.coop\/app\/uploads\/sites\/2\/2023\/12\/comienza-el-registro-para-asamblea-de-personas-socias.jpg\",\"articleSection\":[\"Finanzas \u00c9ticas\"],\"inLanguage\":\"gl-ES\",\"potentialAction\":[{\"@type\":\"CommentAction\",\"name\":\"Comment\",\"target\":[\"https:\/\/www.fiarebancaetica.coop\/gl\/comienza-el-registro-para-la-asamblea-de-personas-socias\/#respond\"]}]},{\"@type\":\"WebPage\",\"@id\":\"https:\/\/www.fiarebancaetica.coop\/gl\/comienza-el-registro-para-la-asamblea-de-personas-socias\/\",\"url\":\"https:\/\/www.fiarebancaetica.coop\/gl\/comienza-el-registro-para-la-asamblea-de-personas-socias\/\",\"name\":\"Comienza el registro para la Asamblea de personas socias - Fiare Banca Etica\",\"isPartOf\":{\"@id\":\"https:\/\/www.fiarebancaetica.coop\/gl\/#website\"},\"primaryImageOfPage\":{\"@id\":\"https:\/\/www.fiarebancaetica.coop\/gl\/comienza-el-registro-para-la-asamblea-de-personas-socias\/#primaryimage\"},\"image\":{\"@id\":\"https:\/\/www.fiarebancaetica.coop\/gl\/comienza-el-registro-para-la-asamblea-de-personas-socias\/#primaryimage\"},\"thumbnailUrl\":\"https:\/\/www.fiarebancaetica.coop\/app\/uploads\/sites\/2\/2023\/12\/comienza-el-registro-para-asamblea-de-personas-socias.jpg\",\"datePublished\":\"2022-05-04T22:00:00+00:00\",\"dateModified\":\"2024-02-21T14:02:04+00:00\",\"author\":{\"@id\":\"https:\/\/www.fiarebancaetica.coop\/gl\/#\/schema\/person\/579841e89c804b5db05d9141bd9b8272\"},\"breadcrumb\":{\"@id\":\"https:\/\/www.fiarebancaetica.coop\/gl\/comienza-el-registro-para-la-asamblea-de-personas-socias\/#breadcrumb\"},\"inLanguage\":\"gl-ES\",\"potentialAction\":[{\"@type\":\"ReadAction\",\"target\":[\"https:\/\/www.fiarebancaetica.coop\/gl\/comienza-el-registro-para-la-asamblea-de-personas-socias\/\"]}]},{\"@type\":\"ImageObject\",\"inLanguage\":\"gl-ES\",\"@id\":\"https:\/\/www.fiarebancaetica.coop\/gl\/comienza-el-registro-para-la-asamblea-de-personas-socias\/#primaryimage\",\"url\":\"https:\/\/www.fiarebancaetica.coop\/app\/uploads\/sites\/2\/2023\/12\/comienza-el-registro-para-asamblea-de-personas-socias.jpg\",\"contentUrl\":\"https:\/\/www.fiarebancaetica.coop\/app\/uploads\/sites\/2\/2023\/12\/comienza-el-registro-para-asamblea-de-personas-socias.jpg\",\"width\":700,\"height\":275},{\"@type\":\"BreadcrumbList\",\"@id\":\"https:\/\/www.fiarebancaetica.coop\/gl\/comienza-el-registro-para-la-asamblea-de-personas-socias\/#breadcrumb\",\"itemListElement\":[{\"@type\":\"ListItem\",\"position\":1,\"name\":\"Home\",\"item\":\"https:\/\/www.fiarebancaetica.coop\/gl\/\"},{\"@type\":\"ListItem\",\"position\":2,\"name\":\"Comienza el registro para la Asamblea de personas socias\"}]},{\"@type\":\"WebSite\",\"@id\":\"https:\/\/www.fiarebancaetica.coop\/gl\/#website\",\"url\":\"https:\/\/www.fiarebancaetica.coop\/gl\/\",\"name\":\"Fiare Banca Etica\",\"description\":\"\",\"potentialAction\":[{\"@type\":\"SearchAction\",\"target\":{\"@type\":\"EntryPoint\",\"urlTemplate\":\"https:\/\/www.fiarebancaetica.coop\/gl\/?s={search_term_string}\"},\"query-input\":{\"@type\":\"PropertyValueSpecification\",\"valueRequired\":true,\"valueName\":\"search_term_string\"}}],\"inLanguage\":\"gl-ES\"},{\"@type\":\"Person\",\"@id\":\"https:\/\/www.fiarebancaetica.coop\/gl\/#\/schema\/person\/579841e89c804b5db05d9141bd9b8272\",\"name\":\"crispyadmin0\",\"image\":{\"@type\":\"ImageObject\",\"inLanguage\":\"gl-ES\",\"@id\":\"https:\/\/www.fiarebancaetica.coop\/gl\/#\/schema\/person\/image\/5f3a6b7786f32f4c35bd2b1a5a4698ea\",\"url\":\"https:\/\/secure.gravatar.com\/avatar\/4d2cfb499d497b6d49da659fab7404b243a87fe8e40d2cf97a1cae48f677f5b2?s=96&d=mm&r=g\",\"contentUrl\":\"https:\/\/secure.gravatar.com\/avatar\/4d2cfb499d497b6d49da659fab7404b243a87fe8e40d2cf97a1cae48f677f5b2?s=96&d=mm&r=g\",\"caption\":\"crispyadmin0\"},\"sameAs\":[\"crispyadmin0\"]}]}<\/script>\n<!-- \/ Yoast SEO plugin. -->","yoast_head_json":{"title":"Comienza el registro para la Asamblea de personas socias - Fiare Banca Etica","robots":{"index":"index","follow":"follow","max-snippet":"max-snippet:-1","max-image-preview":"max-image-preview:large","max-video-preview":"max-video-preview:-1"},"canonical":"https:\/\/www.fiarebancaetica.coop\/gl\/comienza-el-registro-para-la-asamblea-de-personas-socias\/","og_locale":"gl_ES","og_type":"article","og_title":"Comienza el registro para la Asamblea de personas socias - Fiare Banca Etica","og_description":"Desde hoy y hasta el 12 de mayo las personas socias puedenregistrarse para participar y votar en la asamblea general de Fiare Banca Etica, que tendr\u00e1 lugar de manera presencial en Valladolid y Bolonia y online.","og_url":"https:\/\/www.fiarebancaetica.coop\/gl\/comienza-el-registro-para-la-asamblea-de-personas-socias\/","og_site_name":"Fiare Banca Etica","article_published_time":"2022-05-04T22:00:00+00:00","article_modified_time":"2024-02-21T14:02:04+00:00","og_image":[{"width":700,"height":275,"url":"https:\/\/www.fiarebancaetica.coop\/app\/uploads\/sites\/2\/2023\/12\/comienza-el-registro-para-asamblea-de-personas-socias.jpg","type":"image\/jpeg"}],"author":"crispyadmin0","twitter_card":"summary_large_image","schema":{"@context":"https:\/\/schema.org","@graph":[{"@type":"Article","@id":"https:\/\/www.fiarebancaetica.coop\/gl\/comienza-el-registro-para-la-asamblea-de-personas-socias\/#article","isPartOf":{"@id":"https:\/\/www.fiarebancaetica.coop\/gl\/comienza-el-registro-para-la-asamblea-de-personas-socias\/"},"author":{"name":"crispyadmin0","@id":"https:\/\/www.fiarebancaetica.coop\/gl\/#\/schema\/person\/579841e89c804b5db05d9141bd9b8272"},"headline":"Comienza el registro para la Asamblea de personas socias","datePublished":"2022-05-04T22:00:00+00:00","dateModified":"2024-02-21T14:02:04+00:00","mainEntityOfPage":{"@id":"https:\/\/www.fiarebancaetica.coop\/gl\/comienza-el-registro-para-la-asamblea-de-personas-socias\/"},"wordCount":359,"commentCount":0,"image":{"@id":"https:\/\/www.fiarebancaetica.coop\/gl\/comienza-el-registro-para-la-asamblea-de-personas-socias\/#primaryimage"},"thumbnailUrl":"https:\/\/www.fiarebancaetica.coop\/app\/uploads\/sites\/2\/2023\/12\/comienza-el-registro-para-asamblea-de-personas-socias.jpg","articleSection":["Finanzas \u00c9ticas"],"inLanguage":"gl-ES","potentialAction":[{"@type":"CommentAction","name":"Comment","target":["https:\/\/www.fiarebancaetica.coop\/gl\/comienza-el-registro-para-la-asamblea-de-personas-socias\/#respond"]}]},{"@type":"WebPage","@id":"https:\/\/www.fiarebancaetica.coop\/gl\/comienza-el-registro-para-la-asamblea-de-personas-socias\/","url":"https:\/\/www.fiarebancaetica.coop\/gl\/comienza-el-registro-para-la-asamblea-de-personas-socias\/","name":"Comienza el registro para la Asamblea de personas socias - Fiare Banca Etica","isPartOf":{"@id":"https:\/\/www.fiarebancaetica.coop\/gl\/#website"},"primaryImageOfPage":{"@id":"https:\/\/www.fiarebancaetica.coop\/gl\/comienza-el-registro-para-la-asamblea-de-personas-socias\/#primaryimage"},"image":{"@id":"https:\/\/www.fiarebancaetica.coop\/gl\/comienza-el-registro-para-la-asamblea-de-personas-socias\/#primaryimage"},"thumbnailUrl":"https:\/\/www.fiarebancaetica.coop\/app\/uploads\/sites\/2\/2023\/12\/comienza-el-registro-para-asamblea-de-personas-socias.jpg","datePublished":"2022-05-04T22:00:00+00:00","dateModified":"2024-02-21T14:02:04+00:00","author":{"@id":"https:\/\/www.fiarebancaetica.coop\/gl\/#\/schema\/person\/579841e89c804b5db05d9141bd9b8272"},"breadcrumb":{"@id":"https:\/\/www.fiarebancaetica.coop\/gl\/comienza-el-registro-para-la-asamblea-de-personas-socias\/#breadcrumb"},"inLanguage":"gl-ES","potentialAction":[{"@type":"ReadAction","target":["https:\/\/www.fiarebancaetica.coop\/gl\/comienza-el-registro-para-la-asamblea-de-personas-socias\/"]}]},{"@type":"ImageObject","inLanguage":"gl-ES","@id":"https:\/\/www.fiarebancaetica.coop\/gl\/comienza-el-registro-para-la-asamblea-de-personas-socias\/#primaryimage","url":"https:\/\/www.fiarebancaetica.coop\/app\/uploads\/sites\/2\/2023\/12\/comienza-el-registro-para-asamblea-de-personas-socias.jpg","contentUrl":"https:\/\/www.fiarebancaetica.coop\/app\/uploads\/sites\/2\/2023\/12\/comienza-el-registro-para-asamblea-de-personas-socias.jpg","width":700,"height":275},{"@type":"BreadcrumbList","@id":"https:\/\/www.fiarebancaetica.coop\/gl\/comienza-el-registro-para-la-asamblea-de-personas-socias\/#breadcrumb","itemListElement":[{"@type":"ListItem","position":1,"name":"Home","item":"https:\/\/www.fiarebancaetica.coop\/gl\/"},{"@type":"ListItem","position":2,"name":"Comienza el registro para la Asamblea de personas socias"}]},{"@type":"WebSite","@id":"https:\/\/www.fiarebancaetica.coop\/gl\/#website","url":"https:\/\/www.fiarebancaetica.coop\/gl\/","name":"Fiare Banca Etica","description":"","potentialAction":[{"@type":"SearchAction","target":{"@type":"EntryPoint","urlTemplate":"https:\/\/www.fiarebancaetica.coop\/gl\/?s={search_term_string}"},"query-input":{"@type":"PropertyValueSpecification","valueRequired":true,"valueName":"search_term_string"}}],"inLanguage":"gl-ES"},{"@type":"Person","@id":"https:\/\/www.fiarebancaetica.coop\/gl\/#\/schema\/person\/579841e89c804b5db05d9141bd9b8272","name":"crispyadmin0","image":{"@type":"ImageObject","inLanguage":"gl-ES","@id":"https:\/\/www.fiarebancaetica.coop\/gl\/#\/schema\/person\/image\/5f3a6b7786f32f4c35bd2b1a5a4698ea","url":"https:\/\/secure.gravatar.com\/avatar\/4d2cfb499d497b6d49da659fab7404b243a87fe8e40d2cf97a1cae48f677f5b2?s=96&d=mm&r=g","contentUrl":"https:\/\/secure.gravatar.com\/avatar\/4d2cfb499d497b6d49da659fab7404b243a87fe8e40d2cf97a1cae48f677f5b2?s=96&d=mm&r=g","caption":"crispyadmin0"},"sameAs":["crispyadmin0"]}]}},"_links":{"self":[{"href":"https:\/\/www.fiarebancaetica.coop\/gl\/wp-json\/wp\/v2\/posts\/343469","targetHints":{"allow":["GET"]}}],"collection":[{"href":"https:\/\/www.fiarebancaetica.coop\/gl\/wp-json\/wp\/v2\/posts"}],"about":[{"href":"https:\/\/www.fiarebancaetica.coop\/gl\/wp-json\/wp\/v2\/types\/post"}],"author":[{"embeddable":true,"href":"https:\/\/www.fiarebancaetica.coop\/gl\/wp-json\/wp\/v2\/users\/2"}],"replies":[{"embeddable":true,"href":"https:\/\/www.fiarebancaetica.coop\/gl\/wp-json\/wp\/v2\/comments?post=343469"}],"version-history":[{"count":2,"href":"https:\/\/www.fiarebancaetica.coop\/gl\/wp-json\/wp\/v2\/posts\/343469\/revisions"}],"predecessor-version":[{"id":355154,"href":"https:\/\/www.fiarebancaetica.coop\/gl\/wp-json\/wp\/v2\/posts\/343469\/revisions\/355154"}],"wp:featuredmedia":[{"embeddable":true,"href":"https:\/\/www.fiarebancaetica.coop\/gl\/wp-json\/wp\/v2\/media\/330051"}],"wp:attachment":[{"href":"https:\/\/www.fiarebancaetica.coop\/gl\/wp-json\/wp\/v2\/media?parent=343469"}],"wp:term":[{"taxonomy":"category","embeddable":true,"href":"https:\/\/www.fiarebancaetica.coop\/gl\/wp-json\/wp\/v2\/categories?post=343469"},{"taxonomy":"post_tag","embeddable":true,"href":"https:\/\/www.fiarebancaetica.coop\/gl\/wp-json\/wp\/v2\/tags?post=343469"},{"taxonomy":"author","embeddable":true,"href":"https:\/\/www.fiarebancaetica.coop\/gl\/wp-json\/wp\/v2\/coauthors?post=343469"}],"curies":[{"name":"wp","href":"https:\/\/api.w.org\/{rel}","templated":true}]}}