{"id":343483,"date":"2022-04-26T00:00:00","date_gmt":"2022-04-25T22:00:00","guid":{"rendered":"https:\/\/www.fiarebancaetica.coop\/cultivando-empleo-iniciativa-para-luchar-contra-la-despoblacion\/"},"modified":"2024-02-21T15:02:16","modified_gmt":"2024-02-21T14:02:16","slug":"cultivando-empleo-iniciativa-para-luchar-contra-la-despoblacion","status":"publish","type":"post","link":"https:\/\/www.fiarebancaetica.coop\/gl\/cultivando-empleo-iniciativa-para-luchar-contra-la-despoblacion\/","title":{"rendered":"`Cultivando empleo\u201d, iniciativa para luchar contra la despoblaci\u00f3n"},"content":{"rendered":"\n\n<div class=\"wp-block-bancaetica-blocks-blocks-block-49\">\n    <div class=\"container-block-49\">\n\n        <div class=\"header-section \">\n                            <h1 class=\"section-title\"> Etica e cooperativa <\/h1>\n                                            <\/div>\n\n        \n        <div class=\"block-background\" style=\"background-image: url('https:\/\/www.fiarebancaetica.coop\/app\/uploads\/sites\/2\/2023\/12\/cultivando-empleo-iniciativa-para-luchar-contra-despoblacion-en-extremadura.jpg')\">\n                            <div class=\"tile\">\n                    <h1 class=\"image-title\"> `Cultivando empleo\u201d, iniciativa para luchar contra la despoblaci\u00f3n <\/h1>\n                <\/div>             <!-- end .tile -->\n            <div class=\"bottom-content\">\n                            <\/div> <!-- end .button-content -->\n        <\/div> <!-- end .block-background -->\n    <\/div> <!-- end .container -->\n<\/div> <!-- end wp-block-bancaetica-blocks-blocks-block-06 -->\n\n\n<div class=\"wrapper-crispybacon-class wrapper-crispybacon-class-boxed \">\n    <p>La creaci\u00f3n de empresas y proyectos en los municipios peque\u00f1os son una gran herramienta para<strong> luchar contra la despoblaci\u00f3n en la Espa\u00f1a vaciada<\/strong>. En este sentido &#8220;Cultivando empleo&#8221;, una iniciativa situada en la localidad Cabeza de Vaca (Badajoz),&nbsp; es un gran <strong>paso adelante por el reto demogr\u00e1fico<\/strong>.<\/p>\n<p>Este proyecto, apoyado financieramente por Fiare Banca Etica y cuya actividad productiva principal es la<strong> producci\u00f3n de setas gourmet<\/strong>, es un claro ejemplo de <strong>econom\u00eda circular arraigada al territorio<\/strong>. El objetivo es permitir tener un proyecto de vida en su pueblo a los trabajadores\/as, siendo esto uno de los mayores exponentes de la lucha contra la despoblaci\u00f3n.<\/p>\n<p><img decoding=\"async\" alt=\"\" src=\"https:\/\/www.fiarebancaetica.coop\/sites\/fiarebancaetica.com\/files\/web\/FPQWP-tWYAg4JQD.jfif\" style=\"width: 500px;\" \/><\/p>\n<h1>\n\tIntegraci\u00f3n Sociolaboral<\/h1>\n<p>Uno de los objetivos principales de la iniciativa ha sido procurar la<strong> integraci\u00f3n sociolaboral de personas con dificultades <\/strong>para su inserci\u00f3n laboral, mediante la colaboraci\u00f3n entre las administraciones p\u00fablicas y la empresa privada. Inicialmente, el proyecto contratar\u00e1 10 empleados, con la posibilidad de establecer nuevas iniciativas que fijen empleo en la zona.<br \/>\n\t<br \/>\n\tLa Asociaci\u00f3n Cultivando Empleo por la igualdad, promotora de la iniciativa, es una entidad sin \u00e1nimo de lucro cuya finalidad es<strong> atender a los colectivos de mayor vulnerabilidad social en el territorio<\/strong>. Trabaja para la inclusi\u00f3n social y laboral de parados de larga duraci\u00f3n, perceptores de rentas m\u00ednimas de inserci\u00f3n, personas que hayan agotado su prestaci\u00f3n, v\u00edctimas de violencia de g\u00e9nero, discapacitados, familias monoparentales, etc.<\/p>\n<h1>\n\tSinergia p\u00fablico-privada<\/h1>\n<p>\u201cCultivando empleo\u201d es un proyecto de econom\u00eda social, de car\u00e1cter p\u00fablico-privado, cuya actividad productiva principal ser\u00e1 la producci\u00f3n de setas de alto valor culinario. Para el desarrollo de este proyecto el ayuntamiento de Cabeza la Vaca, cede las instalaciones para el cultivo y procesamiento del producto; mientras que la empresa, ser\u00e1 la encargada de la organizaci\u00f3n, log\u00edstica y contrataci\u00f3n de trabajadores. En concreto, el ayuntamiento facilita la infraestructura necesaria para el desarrollo de la actividad, consistente en la cesi\u00f3n de dos naves industriales adaptadas a esta iniciativa y un invernadero, dotado y equipado para una producci\u00f3n inicial, estimada en unos 7.000 kilos de producto a la semana.<\/p>\n<\/div>","protected":false},"excerpt":{"rendered":"<p>La creaci\u00f3n de empresas y proyectos en los municipios peque\u00f1os son una gran herramienta para luchar contra la despoblaci\u00f3n en la Espa\u00f1a vaciada. En este sentido &#8220;Cultivando empleo&#8221;, una iniciativa situada en la localidad Cabeza de Vaca (Badajoz),&nbsp; es un gran paso adelante por el reto demogr\u00e1fico.<\/p>\n","protected":false},"author":2,"featured_media":330045,"comment_status":"open","ping_status":"closed","sticky":false,"template":"","format":"standard","meta":{"_acf_changed":false,"footnotes":""},"categories":[11664],"tags":[11904],"coauthors":[2891],"class_list":["post-343483","post","type-post","status-publish","format-standard","has-post-thumbnail","hentry","category-historias-de-impacto-positivo","tag-realidades-financiadas-gl"],"acf":[],"yoast_head":"<!-- This site is optimized with the Yoast SEO plugin v26.9 - https:\/\/yoast.com\/product\/yoast-seo-wordpress\/ -->\n<title>`Cultivando empleo\u201d, iniciativa para luchar contra la despoblaci\u00f3n - Fiare Banca Etica<\/title>\n<meta name=\"robots\" content=\"index, follow, max-snippet:-1, max-image-preview:large, max-video-preview:-1\" \/>\n<link rel=\"canonical\" href=\"https:\/\/www.fiarebancaetica.coop\/gl\/cultivando-empleo-iniciativa-para-luchar-contra-la-despoblacion\/\" \/>\n<meta property=\"og:locale\" content=\"gl_ES\" \/>\n<meta property=\"og:type\" content=\"article\" \/>\n<meta property=\"og:title\" content=\"`Cultivando empleo\u201d, iniciativa para luchar contra la despoblaci\u00f3n - Fiare Banca Etica\" \/>\n<meta property=\"og:description\" content=\"La creaci\u00f3n de empresas y proyectos en los municipios peque\u00f1os son una gran herramienta para luchar contra la despoblaci\u00f3n en la Espa\u00f1a vaciada. En este sentido &quot;Cultivando empleo&quot;, una iniciativa situada en la localidad Cabeza de Vaca (Badajoz),&nbsp; es un gran paso adelante por el reto demogr\u00e1fico.\" \/>\n<meta property=\"og:url\" content=\"https:\/\/www.fiarebancaetica.coop\/gl\/cultivando-empleo-iniciativa-para-luchar-contra-la-despoblacion\/\" \/>\n<meta property=\"og:site_name\" content=\"Fiare Banca Etica\" \/>\n<meta property=\"article:published_time\" content=\"2022-04-25T22:00:00+00:00\" \/>\n<meta property=\"article:modified_time\" content=\"2024-02-21T14:02:16+00:00\" \/>\n<meta property=\"og:image\" content=\"https:\/\/www.fiarebancaetica.coop\/app\/uploads\/sites\/2\/2023\/12\/cultivando-empleo-iniciativa-para-luchar-contra-despoblacion-en-extremadura.jpg\" \/>\n\t<meta property=\"og:image:width\" content=\"540\" \/>\n\t<meta property=\"og:image:height\" content=\"300\" \/>\n\t<meta property=\"og:image:type\" content=\"image\/jpeg\" \/>\n<meta name=\"author\" content=\"crispyadmin0\" \/>\n<meta name=\"twitter:card\" content=\"summary_large_image\" \/>\n<script type=\"application\/ld+json\" class=\"yoast-schema-graph\">{\"@context\":\"https:\/\/schema.org\",\"@graph\":[{\"@type\":\"Article\",\"@id\":\"https:\/\/www.fiarebancaetica.coop\/gl\/cultivando-empleo-iniciativa-para-luchar-contra-la-despoblacion\/#article\",\"isPartOf\":{\"@id\":\"https:\/\/www.fiarebancaetica.coop\/gl\/cultivando-empleo-iniciativa-para-luchar-contra-la-despoblacion\/\"},\"author\":{\"name\":\"crispyadmin0\",\"@id\":\"https:\/\/www.fiarebancaetica.coop\/gl\/#\/schema\/person\/579841e89c804b5db05d9141bd9b8272\"},\"headline\":\"`Cultivando empleo\u201d, iniciativa para luchar contra la despoblaci\u00f3n\",\"datePublished\":\"2022-04-25T22:00:00+00:00\",\"dateModified\":\"2024-02-21T14:02:16+00:00\",\"mainEntityOfPage\":{\"@id\":\"https:\/\/www.fiarebancaetica.coop\/gl\/cultivando-empleo-iniciativa-para-luchar-contra-la-despoblacion\/\"},\"wordCount\":372,\"commentCount\":0,\"image\":{\"@id\":\"https:\/\/www.fiarebancaetica.coop\/gl\/cultivando-empleo-iniciativa-para-luchar-contra-la-despoblacion\/#primaryimage\"},\"thumbnailUrl\":\"https:\/\/www.fiarebancaetica.coop\/app\/uploads\/sites\/2\/2023\/12\/cultivando-empleo-iniciativa-para-luchar-contra-despoblacion-en-extremadura.jpg\",\"keywords\":[\"Realidades financiadas\"],\"articleSection\":[\"Historias de impacto positivo\"],\"inLanguage\":\"gl-ES\",\"potentialAction\":[{\"@type\":\"CommentAction\",\"name\":\"Comment\",\"target\":[\"https:\/\/www.fiarebancaetica.coop\/gl\/cultivando-empleo-iniciativa-para-luchar-contra-la-despoblacion\/#respond\"]}]},{\"@type\":\"WebPage\",\"@id\":\"https:\/\/www.fiarebancaetica.coop\/gl\/cultivando-empleo-iniciativa-para-luchar-contra-la-despoblacion\/\",\"url\":\"https:\/\/www.fiarebancaetica.coop\/gl\/cultivando-empleo-iniciativa-para-luchar-contra-la-despoblacion\/\",\"name\":\"`Cultivando empleo\u201d, iniciativa para luchar contra la despoblaci\u00f3n - Fiare Banca Etica\",\"isPartOf\":{\"@id\":\"https:\/\/www.fiarebancaetica.coop\/gl\/#website\"},\"primaryImageOfPage\":{\"@id\":\"https:\/\/www.fiarebancaetica.coop\/gl\/cultivando-empleo-iniciativa-para-luchar-contra-la-despoblacion\/#primaryimage\"},\"image\":{\"@id\":\"https:\/\/www.fiarebancaetica.coop\/gl\/cultivando-empleo-iniciativa-para-luchar-contra-la-despoblacion\/#primaryimage\"},\"thumbnailUrl\":\"https:\/\/www.fiarebancaetica.coop\/app\/uploads\/sites\/2\/2023\/12\/cultivando-empleo-iniciativa-para-luchar-contra-despoblacion-en-extremadura.jpg\",\"datePublished\":\"2022-04-25T22:00:00+00:00\",\"dateModified\":\"2024-02-21T14:02:16+00:00\",\"author\":{\"@id\":\"https:\/\/www.fiarebancaetica.coop\/gl\/#\/schema\/person\/579841e89c804b5db05d9141bd9b8272\"},\"breadcrumb\":{\"@id\":\"https:\/\/www.fiarebancaetica.coop\/gl\/cultivando-empleo-iniciativa-para-luchar-contra-la-despoblacion\/#breadcrumb\"},\"inLanguage\":\"gl-ES\",\"potentialAction\":[{\"@type\":\"ReadAction\",\"target\":[\"https:\/\/www.fiarebancaetica.coop\/gl\/cultivando-empleo-iniciativa-para-luchar-contra-la-despoblacion\/\"]}]},{\"@type\":\"ImageObject\",\"inLanguage\":\"gl-ES\",\"@id\":\"https:\/\/www.fiarebancaetica.coop\/gl\/cultivando-empleo-iniciativa-para-luchar-contra-la-despoblacion\/#primaryimage\",\"url\":\"https:\/\/www.fiarebancaetica.coop\/app\/uploads\/sites\/2\/2023\/12\/cultivando-empleo-iniciativa-para-luchar-contra-despoblacion-en-extremadura.jpg\",\"contentUrl\":\"https:\/\/www.fiarebancaetica.coop\/app\/uploads\/sites\/2\/2023\/12\/cultivando-empleo-iniciativa-para-luchar-contra-despoblacion-en-extremadura.jpg\",\"width\":540,\"height\":300},{\"@type\":\"BreadcrumbList\",\"@id\":\"https:\/\/www.fiarebancaetica.coop\/gl\/cultivando-empleo-iniciativa-para-luchar-contra-la-despoblacion\/#breadcrumb\",\"itemListElement\":[{\"@type\":\"ListItem\",\"position\":1,\"name\":\"Home\",\"item\":\"https:\/\/www.fiarebancaetica.coop\/gl\/\"},{\"@type\":\"ListItem\",\"position\":2,\"name\":\"`Cultivando empleo\u201d, iniciativa para luchar contra la despoblaci\u00f3n\"}]},{\"@type\":\"WebSite\",\"@id\":\"https:\/\/www.fiarebancaetica.coop\/gl\/#website\",\"url\":\"https:\/\/www.fiarebancaetica.coop\/gl\/\",\"name\":\"Fiare Banca Etica\",\"description\":\"\",\"potentialAction\":[{\"@type\":\"SearchAction\",\"target\":{\"@type\":\"EntryPoint\",\"urlTemplate\":\"https:\/\/www.fiarebancaetica.coop\/gl\/?s={search_term_string}\"},\"query-input\":{\"@type\":\"PropertyValueSpecification\",\"valueRequired\":true,\"valueName\":\"search_term_string\"}}],\"inLanguage\":\"gl-ES\"},{\"@type\":\"Person\",\"@id\":\"https:\/\/www.fiarebancaetica.coop\/gl\/#\/schema\/person\/579841e89c804b5db05d9141bd9b8272\",\"name\":\"crispyadmin0\",\"image\":{\"@type\":\"ImageObject\",\"inLanguage\":\"gl-ES\",\"@id\":\"https:\/\/www.fiarebancaetica.coop\/gl\/#\/schema\/person\/image\/5f3a6b7786f32f4c35bd2b1a5a4698ea\",\"url\":\"https:\/\/secure.gravatar.com\/avatar\/4d2cfb499d497b6d49da659fab7404b243a87fe8e40d2cf97a1cae48f677f5b2?s=96&d=mm&r=g\",\"contentUrl\":\"https:\/\/secure.gravatar.com\/avatar\/4d2cfb499d497b6d49da659fab7404b243a87fe8e40d2cf97a1cae48f677f5b2?s=96&d=mm&r=g\",\"caption\":\"crispyadmin0\"},\"sameAs\":[\"crispyadmin0\"]}]}<\/script>\n<!-- \/ Yoast SEO plugin. -->","yoast_head_json":{"title":"`Cultivando empleo\u201d, iniciativa para luchar contra la despoblaci\u00f3n - Fiare Banca Etica","robots":{"index":"index","follow":"follow","max-snippet":"max-snippet:-1","max-image-preview":"max-image-preview:large","max-video-preview":"max-video-preview:-1"},"canonical":"https:\/\/www.fiarebancaetica.coop\/gl\/cultivando-empleo-iniciativa-para-luchar-contra-la-despoblacion\/","og_locale":"gl_ES","og_type":"article","og_title":"`Cultivando empleo\u201d, iniciativa para luchar contra la despoblaci\u00f3n - Fiare Banca Etica","og_description":"La creaci\u00f3n de empresas y proyectos en los municipios peque\u00f1os son una gran herramienta para luchar contra la despoblaci\u00f3n en la Espa\u00f1a vaciada. En este sentido \"Cultivando empleo\", una iniciativa situada en la localidad Cabeza de Vaca (Badajoz),&nbsp; es un gran paso adelante por el reto demogr\u00e1fico.","og_url":"https:\/\/www.fiarebancaetica.coop\/gl\/cultivando-empleo-iniciativa-para-luchar-contra-la-despoblacion\/","og_site_name":"Fiare Banca Etica","article_published_time":"2022-04-25T22:00:00+00:00","article_modified_time":"2024-02-21T14:02:16+00:00","og_image":[{"width":540,"height":300,"url":"https:\/\/www.fiarebancaetica.coop\/app\/uploads\/sites\/2\/2023\/12\/cultivando-empleo-iniciativa-para-luchar-contra-despoblacion-en-extremadura.jpg","type":"image\/jpeg"}],"author":"crispyadmin0","twitter_card":"summary_large_image","schema":{"@context":"https:\/\/schema.org","@graph":[{"@type":"Article","@id":"https:\/\/www.fiarebancaetica.coop\/gl\/cultivando-empleo-iniciativa-para-luchar-contra-la-despoblacion\/#article","isPartOf":{"@id":"https:\/\/www.fiarebancaetica.coop\/gl\/cultivando-empleo-iniciativa-para-luchar-contra-la-despoblacion\/"},"author":{"name":"crispyadmin0","@id":"https:\/\/www.fiarebancaetica.coop\/gl\/#\/schema\/person\/579841e89c804b5db05d9141bd9b8272"},"headline":"`Cultivando empleo\u201d, iniciativa para luchar contra la despoblaci\u00f3n","datePublished":"2022-04-25T22:00:00+00:00","dateModified":"2024-02-21T14:02:16+00:00","mainEntityOfPage":{"@id":"https:\/\/www.fiarebancaetica.coop\/gl\/cultivando-empleo-iniciativa-para-luchar-contra-la-despoblacion\/"},"wordCount":372,"commentCount":0,"image":{"@id":"https:\/\/www.fiarebancaetica.coop\/gl\/cultivando-empleo-iniciativa-para-luchar-contra-la-despoblacion\/#primaryimage"},"thumbnailUrl":"https:\/\/www.fiarebancaetica.coop\/app\/uploads\/sites\/2\/2023\/12\/cultivando-empleo-iniciativa-para-luchar-contra-despoblacion-en-extremadura.jpg","keywords":["Realidades financiadas"],"articleSection":["Historias de impacto positivo"],"inLanguage":"gl-ES","potentialAction":[{"@type":"CommentAction","name":"Comment","target":["https:\/\/www.fiarebancaetica.coop\/gl\/cultivando-empleo-iniciativa-para-luchar-contra-la-despoblacion\/#respond"]}]},{"@type":"WebPage","@id":"https:\/\/www.fiarebancaetica.coop\/gl\/cultivando-empleo-iniciativa-para-luchar-contra-la-despoblacion\/","url":"https:\/\/www.fiarebancaetica.coop\/gl\/cultivando-empleo-iniciativa-para-luchar-contra-la-despoblacion\/","name":"`Cultivando empleo\u201d, iniciativa para luchar contra la despoblaci\u00f3n - Fiare Banca Etica","isPartOf":{"@id":"https:\/\/www.fiarebancaetica.coop\/gl\/#website"},"primaryImageOfPage":{"@id":"https:\/\/www.fiarebancaetica.coop\/gl\/cultivando-empleo-iniciativa-para-luchar-contra-la-despoblacion\/#primaryimage"},"image":{"@id":"https:\/\/www.fiarebancaetica.coop\/gl\/cultivando-empleo-iniciativa-para-luchar-contra-la-despoblacion\/#primaryimage"},"thumbnailUrl":"https:\/\/www.fiarebancaetica.coop\/app\/uploads\/sites\/2\/2023\/12\/cultivando-empleo-iniciativa-para-luchar-contra-despoblacion-en-extremadura.jpg","datePublished":"2022-04-25T22:00:00+00:00","dateModified":"2024-02-21T14:02:16+00:00","author":{"@id":"https:\/\/www.fiarebancaetica.coop\/gl\/#\/schema\/person\/579841e89c804b5db05d9141bd9b8272"},"breadcrumb":{"@id":"https:\/\/www.fiarebancaetica.coop\/gl\/cultivando-empleo-iniciativa-para-luchar-contra-la-despoblacion\/#breadcrumb"},"inLanguage":"gl-ES","potentialAction":[{"@type":"ReadAction","target":["https:\/\/www.fiarebancaetica.coop\/gl\/cultivando-empleo-iniciativa-para-luchar-contra-la-despoblacion\/"]}]},{"@type":"ImageObject","inLanguage":"gl-ES","@id":"https:\/\/www.fiarebancaetica.coop\/gl\/cultivando-empleo-iniciativa-para-luchar-contra-la-despoblacion\/#primaryimage","url":"https:\/\/www.fiarebancaetica.coop\/app\/uploads\/sites\/2\/2023\/12\/cultivando-empleo-iniciativa-para-luchar-contra-despoblacion-en-extremadura.jpg","contentUrl":"https:\/\/www.fiarebancaetica.coop\/app\/uploads\/sites\/2\/2023\/12\/cultivando-empleo-iniciativa-para-luchar-contra-despoblacion-en-extremadura.jpg","width":540,"height":300},{"@type":"BreadcrumbList","@id":"https:\/\/www.fiarebancaetica.coop\/gl\/cultivando-empleo-iniciativa-para-luchar-contra-la-despoblacion\/#breadcrumb","itemListElement":[{"@type":"ListItem","position":1,"name":"Home","item":"https:\/\/www.fiarebancaetica.coop\/gl\/"},{"@type":"ListItem","position":2,"name":"`Cultivando empleo\u201d, iniciativa para luchar contra la despoblaci\u00f3n"}]},{"@type":"WebSite","@id":"https:\/\/www.fiarebancaetica.coop\/gl\/#website","url":"https:\/\/www.fiarebancaetica.coop\/gl\/","name":"Fiare Banca Etica","description":"","potentialAction":[{"@type":"SearchAction","target":{"@type":"EntryPoint","urlTemplate":"https:\/\/www.fiarebancaetica.coop\/gl\/?s={search_term_string}"},"query-input":{"@type":"PropertyValueSpecification","valueRequired":true,"valueName":"search_term_string"}}],"inLanguage":"gl-ES"},{"@type":"Person","@id":"https:\/\/www.fiarebancaetica.coop\/gl\/#\/schema\/person\/579841e89c804b5db05d9141bd9b8272","name":"crispyadmin0","image":{"@type":"ImageObject","inLanguage":"gl-ES","@id":"https:\/\/www.fiarebancaetica.coop\/gl\/#\/schema\/person\/image\/5f3a6b7786f32f4c35bd2b1a5a4698ea","url":"https:\/\/secure.gravatar.com\/avatar\/4d2cfb499d497b6d49da659fab7404b243a87fe8e40d2cf97a1cae48f677f5b2?s=96&d=mm&r=g","contentUrl":"https:\/\/secure.gravatar.com\/avatar\/4d2cfb499d497b6d49da659fab7404b243a87fe8e40d2cf97a1cae48f677f5b2?s=96&d=mm&r=g","caption":"crispyadmin0"},"sameAs":["crispyadmin0"]}]}},"_links":{"self":[{"href":"https:\/\/www.fiarebancaetica.coop\/gl\/wp-json\/wp\/v2\/posts\/343483","targetHints":{"allow":["GET"]}}],"collection":[{"href":"https:\/\/www.fiarebancaetica.coop\/gl\/wp-json\/wp\/v2\/posts"}],"about":[{"href":"https:\/\/www.fiarebancaetica.coop\/gl\/wp-json\/wp\/v2\/types\/post"}],"author":[{"embeddable":true,"href":"https:\/\/www.fiarebancaetica.coop\/gl\/wp-json\/wp\/v2\/users\/2"}],"replies":[{"embeddable":true,"href":"https:\/\/www.fiarebancaetica.coop\/gl\/wp-json\/wp\/v2\/comments?post=343483"}],"version-history":[{"count":2,"href":"https:\/\/www.fiarebancaetica.coop\/gl\/wp-json\/wp\/v2\/posts\/343483\/revisions"}],"predecessor-version":[{"id":355152,"href":"https:\/\/www.fiarebancaetica.coop\/gl\/wp-json\/wp\/v2\/posts\/343483\/revisions\/355152"}],"wp:featuredmedia":[{"embeddable":true,"href":"https:\/\/www.fiarebancaetica.coop\/gl\/wp-json\/wp\/v2\/media\/330045"}],"wp:attachment":[{"href":"https:\/\/www.fiarebancaetica.coop\/gl\/wp-json\/wp\/v2\/media?parent=343483"}],"wp:term":[{"taxonomy":"category","embeddable":true,"href":"https:\/\/www.fiarebancaetica.coop\/gl\/wp-json\/wp\/v2\/categories?post=343483"},{"taxonomy":"post_tag","embeddable":true,"href":"https:\/\/www.fiarebancaetica.coop\/gl\/wp-json\/wp\/v2\/tags?post=343483"},{"taxonomy":"author","embeddable":true,"href":"https:\/\/www.fiarebancaetica.coop\/gl\/wp-json\/wp\/v2\/coauthors?post=343483"}],"curies":[{"name":"wp","href":"https:\/\/api.w.org\/{rel}","templated":true}]}}