{"id":343691,"date":"2021-12-15T00:00:00","date_gmt":"2021-12-14T23:00:00","guid":{"rendered":"https:\/\/www.fiarebancaetica.coop\/si-tengo-un-hogar-en-piazza-grande\/"},"modified":"2024-02-21T15:05:52","modified_gmt":"2024-02-21T14:05:52","slug":"si-tengo-un-hogar-en-piazza-grande","status":"publish","type":"post","link":"https:\/\/www.fiarebancaetica.coop\/gl\/si-tengo-un-hogar-en-piazza-grande\/","title":{"rendered":"S\u00ed, tengo un hogar, en Piazza Grande"},"content":{"rendered":"\n\n<div class=\"wp-block-bancaetica-blocks-blocks-block-49\">\n    <div class=\"container-block-49\">\n\n        <div class=\"header-section \">\n                            <h1 class=\"section-title\"> Etica e cooperativa <\/h1>\n                                            <\/div>\n\n        \n        <div class=\"block-background\" style=\"background-image: url('https:\/\/www.fiarebancaetica.coop\/app\/uploads\/sites\/2\/2023\/12\/si-tengo-techo-en-piazza-grande.jpeg')\">\n                            <div class=\"tile\">\n                    <h1 class=\"image-title\"> S\u00ed, tengo un hogar, en Piazza Grande <\/h1>\n                <\/div>             <!-- end .tile -->\n            <div class=\"bottom-content\">\n                            <\/div> <!-- end .button-content -->\n        <\/div> <!-- end .block-background -->\n    <\/div> <!-- end .container -->\n<\/div> <!-- end wp-block-bancaetica-blocks-blocks-block-06 -->\n\n\n<div class=\"wrapper-crispybacon-class wrapper-crispybacon-class-boxed \">\n    <p><strong><em>Por Corrado Fontana, periodista de Valori.it<\/em><\/strong><\/p>\n<p>\u00abLos &#8220;laboratorios de comunidad&#8221; van dirigidos a todas las personas que vive en una cierta zona, con una invitaci\u00f3n especial a las&nbsp;personas sin hogar. Para nosotros\/as es fundamental<strong> promover este encuentro entre indiv\u00edduos al margen de toda distinci\u00f3n por su estatus social<\/strong>. Porque, de otra manera, se corre el riesgo de caer en una relaci\u00f3n entre quien ayuda y quien recibe la ayuda, entre quien tiene necesidad y quien no. Por el contrario, es necesario crear espacios en los que <strong>encontrarse en igualdad de condiciones<\/strong>\u00bb. Explica Carlo Salmaso, presidente de la cooperativa social&nbsp;<strong><a href=\"http:\/\/www.piazzagrande.it\/\">Piazza Grande<\/a><\/strong>&nbsp;de Bolonia, que lleva m\u00e1s de veinte a\u00f1os trabajando en la lucha contra la&nbsp;pobreza&nbsp;y la marginaci\u00f3n, promoviendo programas de&nbsp;reinserci\u00f3n social&nbsp;y&nbsp;laboral&nbsp;de personas sin techo. Y Salmaso contin\u00faa: \u00abDurante la pandemia, los &#8220;laboratorios sociales&#8221; han sido un lugar en el que las personas mayores\u2013y tambi\u00e9n personas sin techo\u2013 se han encontrado con personas j\u00f3venes y han aprendido competencias que les han ayudado a hacerse la firma digital, por ejemplo. Son espacios de ayuda rec\u00edproca&nbsp;en los que se desarrollan diferentes actividades, desde el teatro al yoga o las clases de ingl\u00e9s. En ellos, la diferencia ya no es qui\u00e9n tiene un techo y qui\u00e9n no, sino qui\u00e9n habla ingl\u00e9s y qui\u00e9n no. Es importante superar el hecho de que las personas con y sin techo se vean las unas a las otras exclusivamente por esta caracter\u00edstica\u00bb.<\/p>\n<p><img decoding=\"async\" alt=\"\" src=\"http:\/\/www.fiarebancaetica.coop\/app\/uploads\/sites\/2\/2023\/12\/inserimento_lavorativo_piazzagrande-scaled.jpeg\" style=\"width: 500px;\" \/><\/p>\n<h4>\n\t<em>Inserci\u00f3n laboral &#8211; aprender a arreglar bicicletas<\/em><\/h4>\n<p>Y as\u00ed, este relato de una de las iniciativas puestas en marcha en los meses pasados transpira el esp\u00edritu que marca la estrategia de esta organizaci\u00f3n ya consolidada en el panorama de esta metr\u00f3polis y que trabaja con empresas como la multiservicios Leroy Merlin. Piazza Grande se ha convertido con el tiempo en mucho m\u00e1s que eso. Hoy es tanto una <strong>asociaci\u00f3n<\/strong> (la ONG Amici di Piazza Grande) como <strong>una cooperativa llena de profesionales&nbsp;<\/strong>(asistentes sociales,psic\u00f3logos\/as educadores\/as&#8230;) con <strong>un centenar de personas empleadas<\/strong> (el 30% en condiciones de vulnerabilidad), entre las que tambi\u00e9n hay varias personas sin techo. La <strong>asociaci\u00f3n<\/strong> se ocupa de la parte de<strong> voluntariado<\/strong>, mientras que la<strong> cooperativa<\/strong>&nbsp;se dedica a desarrollar <strong>servicios socioeducativos y proyectos de inserci\u00f3n laboral.<\/strong><\/p>\n<p>Consciente de los diferentes aspectos de la econom\u00eda circular, Piazza Grande gestiona <strong>un mercadillo en el que recupera mobiliario <\/strong>para amueblar los apartamentos destinados a personas en dificultad y revende el mobiliario restante. Tambi\u00e9n combate la cultura de los residuos con Leonarda, un espacio de recuperaci\u00f3n, reciclaje y venta de ropa vintage y libros reciclados. Y esto no es todo. Tambi\u00e9n gestiona un centenar de apartamentos. Una parte de ellos est\u00e1 dedicada a la acogida de&nbsp;solicitantes de asilo&nbsp;y a familias en transici\u00f3n de vivienda, a veces en espera de una vivienda social, mientras que la mayor parte de las viviendas pertenece al programa&nbsp;<strong>Housing first &#8211; La vivienda primero<\/strong>, en el que las personas sin techo <strong>tienen acceso a alojamiento y acompa\u00f1amiento<\/strong> a lo largo de un proceso.<\/p>\n<p><img decoding=\"async\" alt=\"\" src=\"http:\/\/www.fiarebancaetica.coop\/app\/uploads\/sites\/2\/2023\/12\/mercato-piazza-grande-scaled.jpeg\" style=\"width: 500px;\" \/><\/p>\n<h4>\n\t<em>El mercado de Piazza Grande<\/em><\/h4>\n<p>\u00ab<strong>La vivienda es un instrumento para hacer que las personas se sientan mejor<\/strong> y para permitirles adquirir el ejercicio de la ciudadan\u00eda y que sean capaces de contribuir a la convivencia y al bienestar colectivo. Las personas que entran en nuestras casas \u2013 explica Salmaso \u2013 firman un pacto de vivienda que prev\u00e9 <strong>tres reglas<\/strong>: el respeto de las <strong>normas <\/strong>de convivencia social, la aceptaci\u00f3n de una <strong>visita domiciliaria peri\u00f3dica<\/strong> y el compromiso a <strong>pagar una contribuci\u00f3n<\/strong>. El modelo siempre es el del intercambio. El aspecto m\u00e1s dif\u00edcil es el de conseguir cr\u00e9dito para las personas sin techo\u00bb.<\/p>\n<p>Un cr\u00e9dito que Piazza Grande recibe desde hace varios a\u00f1os gracias a su colaboraci\u00f3n con Banca Etica, la cual, concluye Salmaso, \u00abes un referente para quienes intentan construir una sociedad mejor . Tambi\u00e9n porque as\u00ed como a otros bancos les cuesta comprender nuestros datos del Balance, no marcados por el rendimiento ni la amortizaci\u00f3n de la inversi\u00f3n, con ellos el di\u00e1logo siempre es muy f\u00e1cil. Banca Etica es fundamental para activar toda otra serie de proyectos\u00bb. Estas palabras denotan una sinton\u00eda, confirmada plenamente por Fabio Faina, responsable de la filial de Bolonia: \u00abPiazza Grande \u2013afirma\u2013 es una de las experiencias m\u00e1s bellas, aut\u00e9nticas y motivadas de cooperaci\u00f3n social del territorio bolo\u00f1\u00e9s. Estamos muy orgullosos\/as de que sea socia de Banca Etica y de contribuir a hacer posible su misi\u00f3n con nuestra actividad financiera\u00bb.<\/p>\n<p><strong><a href=\"http:\/\/www.piazzagrande.it\">www.piazzagrande.it<\/a><\/strong><\/p>\n<p><br \/>\n\tFoto de Luca Gallo&nbsp;<\/p>\n<\/div>","protected":false},"excerpt":{"rendered":"<p>\u00abLos &#8220;laboratorios de comunidad&#8221; van dirigidos a todas las personas que vive en una cierta zona, con una invitaci\u00f3n especial a las personas sin techo. Para nosotros\/as es fundamental promover este encuentro entre indiv\u00edduos al margen toda distinci\u00f3n de su estatus social&#8221;<\/p>\n","protected":false},"author":2,"featured_media":329883,"comment_status":"open","ping_status":"closed","sticky":false,"template":"","format":"standard","meta":{"_acf_changed":false,"footnotes":""},"categories":[11645],"tags":[],"coauthors":[],"class_list":["post-343691","post","type-post","status-publish","format-standard","has-post-thumbnail","hentry","category-finanzas-eticas"],"acf":[],"yoast_head":"<!-- This site is optimized with the Yoast SEO plugin v26.9 - https:\/\/yoast.com\/product\/yoast-seo-wordpress\/ -->\n<title>S\u00ed, tengo un hogar, en Piazza Grande - Fiare Banca Etica<\/title>\n<meta name=\"robots\" content=\"index, follow, max-snippet:-1, max-image-preview:large, max-video-preview:-1\" \/>\n<link rel=\"canonical\" href=\"https:\/\/www.fiarebancaetica.coop\/gl\/si-tengo-un-hogar-en-piazza-grande\/\" \/>\n<meta property=\"og:locale\" content=\"gl_ES\" \/>\n<meta property=\"og:type\" content=\"article\" \/>\n<meta property=\"og:title\" content=\"S\u00ed, tengo un hogar, en Piazza Grande - Fiare Banca Etica\" \/>\n<meta property=\"og:description\" content=\"\u00abLos &quot;laboratorios de comunidad&quot; van dirigidos a todas las personas que vive en una cierta zona, con una invitaci\u00f3n especial a las personas sin techo. Para nosotros\/as es fundamental promover este encuentro entre indiv\u00edduos al margen toda distinci\u00f3n de su estatus social&quot;\" \/>\n<meta property=\"og:url\" content=\"https:\/\/www.fiarebancaetica.coop\/gl\/si-tengo-un-hogar-en-piazza-grande\/\" \/>\n<meta property=\"og:site_name\" content=\"Fiare Banca Etica\" \/>\n<meta property=\"article:published_time\" content=\"2021-12-14T23:00:00+00:00\" \/>\n<meta property=\"article:modified_time\" content=\"2024-02-21T14:05:52+00:00\" \/>\n<meta property=\"og:image\" content=\"https:\/\/www.fiarebancaetica.coop\/app\/uploads\/sites\/2\/2023\/12\/si-tengo-techo-en-piazza-grande.jpeg\" \/>\n\t<meta property=\"og:image:width\" content=\"540\" \/>\n\t<meta property=\"og:image:height\" content=\"189\" \/>\n\t<meta property=\"og:image:type\" content=\"image\/jpeg\" \/>\n<meta name=\"author\" content=\"crispyadmin0\" \/>\n<meta name=\"twitter:card\" content=\"summary_large_image\" \/>\n<script type=\"application\/ld+json\" class=\"yoast-schema-graph\">{\"@context\":\"https:\/\/schema.org\",\"@graph\":[{\"@type\":\"Article\",\"@id\":\"https:\/\/www.fiarebancaetica.coop\/gl\/si-tengo-un-hogar-en-piazza-grande\/#article\",\"isPartOf\":{\"@id\":\"https:\/\/www.fiarebancaetica.coop\/gl\/si-tengo-un-hogar-en-piazza-grande\/\"},\"author\":{\"name\":\"crispyadmin0\",\"@id\":\"https:\/\/www.fiarebancaetica.coop\/gl\/#\/schema\/person\/579841e89c804b5db05d9141bd9b8272\"},\"headline\":\"S\u00ed, tengo un hogar, en Piazza Grande\",\"datePublished\":\"2021-12-14T23:00:00+00:00\",\"dateModified\":\"2024-02-21T14:05:52+00:00\",\"mainEntityOfPage\":{\"@id\":\"https:\/\/www.fiarebancaetica.coop\/gl\/si-tengo-un-hogar-en-piazza-grande\/\"},\"wordCount\":826,\"commentCount\":0,\"image\":{\"@id\":\"https:\/\/www.fiarebancaetica.coop\/gl\/si-tengo-un-hogar-en-piazza-grande\/#primaryimage\"},\"thumbnailUrl\":\"https:\/\/www.fiarebancaetica.coop\/app\/uploads\/sites\/2\/2023\/12\/si-tengo-techo-en-piazza-grande.jpeg\",\"articleSection\":[\"Finanzas \u00c9ticas\"],\"inLanguage\":\"gl-ES\",\"potentialAction\":[{\"@type\":\"CommentAction\",\"name\":\"Comment\",\"target\":[\"https:\/\/www.fiarebancaetica.coop\/gl\/si-tengo-un-hogar-en-piazza-grande\/#respond\"]}]},{\"@type\":\"WebPage\",\"@id\":\"https:\/\/www.fiarebancaetica.coop\/gl\/si-tengo-un-hogar-en-piazza-grande\/\",\"url\":\"https:\/\/www.fiarebancaetica.coop\/gl\/si-tengo-un-hogar-en-piazza-grande\/\",\"name\":\"S\u00ed, tengo un hogar, en Piazza Grande - Fiare Banca Etica\",\"isPartOf\":{\"@id\":\"https:\/\/www.fiarebancaetica.coop\/gl\/#website\"},\"primaryImageOfPage\":{\"@id\":\"https:\/\/www.fiarebancaetica.coop\/gl\/si-tengo-un-hogar-en-piazza-grande\/#primaryimage\"},\"image\":{\"@id\":\"https:\/\/www.fiarebancaetica.coop\/gl\/si-tengo-un-hogar-en-piazza-grande\/#primaryimage\"},\"thumbnailUrl\":\"https:\/\/www.fiarebancaetica.coop\/app\/uploads\/sites\/2\/2023\/12\/si-tengo-techo-en-piazza-grande.jpeg\",\"datePublished\":\"2021-12-14T23:00:00+00:00\",\"dateModified\":\"2024-02-21T14:05:52+00:00\",\"author\":{\"@id\":\"https:\/\/www.fiarebancaetica.coop\/gl\/#\/schema\/person\/579841e89c804b5db05d9141bd9b8272\"},\"breadcrumb\":{\"@id\":\"https:\/\/www.fiarebancaetica.coop\/gl\/si-tengo-un-hogar-en-piazza-grande\/#breadcrumb\"},\"inLanguage\":\"gl-ES\",\"potentialAction\":[{\"@type\":\"ReadAction\",\"target\":[\"https:\/\/www.fiarebancaetica.coop\/gl\/si-tengo-un-hogar-en-piazza-grande\/\"]}]},{\"@type\":\"ImageObject\",\"inLanguage\":\"gl-ES\",\"@id\":\"https:\/\/www.fiarebancaetica.coop\/gl\/si-tengo-un-hogar-en-piazza-grande\/#primaryimage\",\"url\":\"https:\/\/www.fiarebancaetica.coop\/app\/uploads\/sites\/2\/2023\/12\/si-tengo-techo-en-piazza-grande.jpeg\",\"contentUrl\":\"https:\/\/www.fiarebancaetica.coop\/app\/uploads\/sites\/2\/2023\/12\/si-tengo-techo-en-piazza-grande.jpeg\",\"width\":540,\"height\":189},{\"@type\":\"BreadcrumbList\",\"@id\":\"https:\/\/www.fiarebancaetica.coop\/gl\/si-tengo-un-hogar-en-piazza-grande\/#breadcrumb\",\"itemListElement\":[{\"@type\":\"ListItem\",\"position\":1,\"name\":\"Home\",\"item\":\"https:\/\/www.fiarebancaetica.coop\/gl\/\"},{\"@type\":\"ListItem\",\"position\":2,\"name\":\"S\u00ed, tengo un hogar, en Piazza Grande\"}]},{\"@type\":\"WebSite\",\"@id\":\"https:\/\/www.fiarebancaetica.coop\/gl\/#website\",\"url\":\"https:\/\/www.fiarebancaetica.coop\/gl\/\",\"name\":\"Fiare Banca Etica\",\"description\":\"\",\"potentialAction\":[{\"@type\":\"SearchAction\",\"target\":{\"@type\":\"EntryPoint\",\"urlTemplate\":\"https:\/\/www.fiarebancaetica.coop\/gl\/?s={search_term_string}\"},\"query-input\":{\"@type\":\"PropertyValueSpecification\",\"valueRequired\":true,\"valueName\":\"search_term_string\"}}],\"inLanguage\":\"gl-ES\"},{\"@type\":\"Person\",\"@id\":\"https:\/\/www.fiarebancaetica.coop\/gl\/#\/schema\/person\/579841e89c804b5db05d9141bd9b8272\",\"name\":\"crispyadmin0\",\"image\":{\"@type\":\"ImageObject\",\"inLanguage\":\"gl-ES\",\"@id\":\"https:\/\/www.fiarebancaetica.coop\/gl\/#\/schema\/person\/image\/5f3a6b7786f32f4c35bd2b1a5a4698ea\",\"url\":\"https:\/\/secure.gravatar.com\/avatar\/4d2cfb499d497b6d49da659fab7404b243a87fe8e40d2cf97a1cae48f677f5b2?s=96&d=mm&r=g\",\"contentUrl\":\"https:\/\/secure.gravatar.com\/avatar\/4d2cfb499d497b6d49da659fab7404b243a87fe8e40d2cf97a1cae48f677f5b2?s=96&d=mm&r=g\",\"caption\":\"crispyadmin0\"},\"sameAs\":[\"crispyadmin0\"]}]}<\/script>\n<!-- \/ Yoast SEO plugin. -->","yoast_head_json":{"title":"S\u00ed, tengo un hogar, en Piazza Grande - Fiare Banca Etica","robots":{"index":"index","follow":"follow","max-snippet":"max-snippet:-1","max-image-preview":"max-image-preview:large","max-video-preview":"max-video-preview:-1"},"canonical":"https:\/\/www.fiarebancaetica.coop\/gl\/si-tengo-un-hogar-en-piazza-grande\/","og_locale":"gl_ES","og_type":"article","og_title":"S\u00ed, tengo un hogar, en Piazza Grande - Fiare Banca Etica","og_description":"\u00abLos \"laboratorios de comunidad\" van dirigidos a todas las personas que vive en una cierta zona, con una invitaci\u00f3n especial a las personas sin techo. Para nosotros\/as es fundamental promover este encuentro entre indiv\u00edduos al margen toda distinci\u00f3n de su estatus social\"","og_url":"https:\/\/www.fiarebancaetica.coop\/gl\/si-tengo-un-hogar-en-piazza-grande\/","og_site_name":"Fiare Banca Etica","article_published_time":"2021-12-14T23:00:00+00:00","article_modified_time":"2024-02-21T14:05:52+00:00","og_image":[{"width":540,"height":189,"url":"https:\/\/www.fiarebancaetica.coop\/app\/uploads\/sites\/2\/2023\/12\/si-tengo-techo-en-piazza-grande.jpeg","type":"image\/jpeg"}],"author":"crispyadmin0","twitter_card":"summary_large_image","schema":{"@context":"https:\/\/schema.org","@graph":[{"@type":"Article","@id":"https:\/\/www.fiarebancaetica.coop\/gl\/si-tengo-un-hogar-en-piazza-grande\/#article","isPartOf":{"@id":"https:\/\/www.fiarebancaetica.coop\/gl\/si-tengo-un-hogar-en-piazza-grande\/"},"author":{"name":"crispyadmin0","@id":"https:\/\/www.fiarebancaetica.coop\/gl\/#\/schema\/person\/579841e89c804b5db05d9141bd9b8272"},"headline":"S\u00ed, tengo un hogar, en Piazza Grande","datePublished":"2021-12-14T23:00:00+00:00","dateModified":"2024-02-21T14:05:52+00:00","mainEntityOfPage":{"@id":"https:\/\/www.fiarebancaetica.coop\/gl\/si-tengo-un-hogar-en-piazza-grande\/"},"wordCount":826,"commentCount":0,"image":{"@id":"https:\/\/www.fiarebancaetica.coop\/gl\/si-tengo-un-hogar-en-piazza-grande\/#primaryimage"},"thumbnailUrl":"https:\/\/www.fiarebancaetica.coop\/app\/uploads\/sites\/2\/2023\/12\/si-tengo-techo-en-piazza-grande.jpeg","articleSection":["Finanzas \u00c9ticas"],"inLanguage":"gl-ES","potentialAction":[{"@type":"CommentAction","name":"Comment","target":["https:\/\/www.fiarebancaetica.coop\/gl\/si-tengo-un-hogar-en-piazza-grande\/#respond"]}]},{"@type":"WebPage","@id":"https:\/\/www.fiarebancaetica.coop\/gl\/si-tengo-un-hogar-en-piazza-grande\/","url":"https:\/\/www.fiarebancaetica.coop\/gl\/si-tengo-un-hogar-en-piazza-grande\/","name":"S\u00ed, tengo un hogar, en Piazza Grande - Fiare Banca Etica","isPartOf":{"@id":"https:\/\/www.fiarebancaetica.coop\/gl\/#website"},"primaryImageOfPage":{"@id":"https:\/\/www.fiarebancaetica.coop\/gl\/si-tengo-un-hogar-en-piazza-grande\/#primaryimage"},"image":{"@id":"https:\/\/www.fiarebancaetica.coop\/gl\/si-tengo-un-hogar-en-piazza-grande\/#primaryimage"},"thumbnailUrl":"https:\/\/www.fiarebancaetica.coop\/app\/uploads\/sites\/2\/2023\/12\/si-tengo-techo-en-piazza-grande.jpeg","datePublished":"2021-12-14T23:00:00+00:00","dateModified":"2024-02-21T14:05:52+00:00","author":{"@id":"https:\/\/www.fiarebancaetica.coop\/gl\/#\/schema\/person\/579841e89c804b5db05d9141bd9b8272"},"breadcrumb":{"@id":"https:\/\/www.fiarebancaetica.coop\/gl\/si-tengo-un-hogar-en-piazza-grande\/#breadcrumb"},"inLanguage":"gl-ES","potentialAction":[{"@type":"ReadAction","target":["https:\/\/www.fiarebancaetica.coop\/gl\/si-tengo-un-hogar-en-piazza-grande\/"]}]},{"@type":"ImageObject","inLanguage":"gl-ES","@id":"https:\/\/www.fiarebancaetica.coop\/gl\/si-tengo-un-hogar-en-piazza-grande\/#primaryimage","url":"https:\/\/www.fiarebancaetica.coop\/app\/uploads\/sites\/2\/2023\/12\/si-tengo-techo-en-piazza-grande.jpeg","contentUrl":"https:\/\/www.fiarebancaetica.coop\/app\/uploads\/sites\/2\/2023\/12\/si-tengo-techo-en-piazza-grande.jpeg","width":540,"height":189},{"@type":"BreadcrumbList","@id":"https:\/\/www.fiarebancaetica.coop\/gl\/si-tengo-un-hogar-en-piazza-grande\/#breadcrumb","itemListElement":[{"@type":"ListItem","position":1,"name":"Home","item":"https:\/\/www.fiarebancaetica.coop\/gl\/"},{"@type":"ListItem","position":2,"name":"S\u00ed, tengo un hogar, en Piazza Grande"}]},{"@type":"WebSite","@id":"https:\/\/www.fiarebancaetica.coop\/gl\/#website","url":"https:\/\/www.fiarebancaetica.coop\/gl\/","name":"Fiare Banca Etica","description":"","potentialAction":[{"@type":"SearchAction","target":{"@type":"EntryPoint","urlTemplate":"https:\/\/www.fiarebancaetica.coop\/gl\/?s={search_term_string}"},"query-input":{"@type":"PropertyValueSpecification","valueRequired":true,"valueName":"search_term_string"}}],"inLanguage":"gl-ES"},{"@type":"Person","@id":"https:\/\/www.fiarebancaetica.coop\/gl\/#\/schema\/person\/579841e89c804b5db05d9141bd9b8272","name":"crispyadmin0","image":{"@type":"ImageObject","inLanguage":"gl-ES","@id":"https:\/\/www.fiarebancaetica.coop\/gl\/#\/schema\/person\/image\/5f3a6b7786f32f4c35bd2b1a5a4698ea","url":"https:\/\/secure.gravatar.com\/avatar\/4d2cfb499d497b6d49da659fab7404b243a87fe8e40d2cf97a1cae48f677f5b2?s=96&d=mm&r=g","contentUrl":"https:\/\/secure.gravatar.com\/avatar\/4d2cfb499d497b6d49da659fab7404b243a87fe8e40d2cf97a1cae48f677f5b2?s=96&d=mm&r=g","caption":"crispyadmin0"},"sameAs":["crispyadmin0"]}]}},"_links":{"self":[{"href":"https:\/\/www.fiarebancaetica.coop\/gl\/wp-json\/wp\/v2\/posts\/343691","targetHints":{"allow":["GET"]}}],"collection":[{"href":"https:\/\/www.fiarebancaetica.coop\/gl\/wp-json\/wp\/v2\/posts"}],"about":[{"href":"https:\/\/www.fiarebancaetica.coop\/gl\/wp-json\/wp\/v2\/types\/post"}],"author":[{"embeddable":true,"href":"https:\/\/www.fiarebancaetica.coop\/gl\/wp-json\/wp\/v2\/users\/2"}],"replies":[{"embeddable":true,"href":"https:\/\/www.fiarebancaetica.coop\/gl\/wp-json\/wp\/v2\/comments?post=343691"}],"version-history":[{"count":1,"href":"https:\/\/www.fiarebancaetica.coop\/gl\/wp-json\/wp\/v2\/posts\/343691\/revisions"}],"predecessor-version":[{"id":355042,"href":"https:\/\/www.fiarebancaetica.coop\/gl\/wp-json\/wp\/v2\/posts\/343691\/revisions\/355042"}],"wp:featuredmedia":[{"embeddable":true,"href":"https:\/\/www.fiarebancaetica.coop\/gl\/wp-json\/wp\/v2\/media\/329883"}],"wp:attachment":[{"href":"https:\/\/www.fiarebancaetica.coop\/gl\/wp-json\/wp\/v2\/media?parent=343691"}],"wp:term":[{"taxonomy":"category","embeddable":true,"href":"https:\/\/www.fiarebancaetica.coop\/gl\/wp-json\/wp\/v2\/categories?post=343691"},{"taxonomy":"post_tag","embeddable":true,"href":"https:\/\/www.fiarebancaetica.coop\/gl\/wp-json\/wp\/v2\/tags?post=343691"},{"taxonomy":"author","embeddable":true,"href":"https:\/\/www.fiarebancaetica.coop\/gl\/wp-json\/wp\/v2\/coauthors?post=343691"}],"curies":[{"name":"wp","href":"https:\/\/api.w.org\/{rel}","templated":true}]}}