{"id":343862,"date":"2021-07-01T00:00:00","date_gmt":"2021-06-30T22:00:00","guid":{"rendered":"https:\/\/www.fiarebancaetica.coop\/el-cooperativismo-siempre-ha-sabido-conjugar-el-interes-colectivo-y-el-individual\/"},"modified":"2024-02-21T15:10:36","modified_gmt":"2024-02-21T14:10:36","slug":"el-cooperativismo-siempre-ha-sabido-conjugar-el-interes-colectivo-y-el-individual","status":"publish","type":"post","link":"https:\/\/www.fiarebancaetica.coop\/gl\/el-cooperativismo-siempre-ha-sabido-conjugar-el-interes-colectivo-y-el-individual\/","title":{"rendered":"El cooperativismo siempre ha sabido conjugar el inter\u00e9s colectivo y el individual"},"content":{"rendered":"\n\n<div class=\"wp-block-bancaetica-blocks-blocks-block-49\">\n    <div class=\"container-block-49\">\n\n        <div class=\"header-section \">\n                            <h1 class=\"section-title\"> Etica e cooperativa <\/h1>\n                                            <\/div>\n\n        \n        <div class=\"block-background\" style=\"background-image: url('https:\/\/www.fiarebancaetica.coop\/app\/uploads\/sites\/2\/2023\/12\/el-cooperativismo-siempre-ha-sabido-conjugar-el-interes-colectivo-y-el-individual.jpg')\">\n                            <div class=\"tile\">\n                    <h1 class=\"image-title\"> El cooperativismo siempre ha sabido conjugar el inter\u00e9s colectivo y el individual <\/h1>\n                <\/div>             <!-- end .tile -->\n            <div class=\"bottom-content\">\n                            <\/div> <!-- end .button-content -->\n        <\/div> <!-- end .block-background -->\n    <\/div> <!-- end .container -->\n<\/div> <!-- end wp-block-bancaetica-blocks-blocks-block-06 -->\n\n\n<div class=\"wrapper-crispybacon-class wrapper-crispybacon-class-boxed \">\n    <p><a href=\"#ca\">Catal\u00e0<\/a>&nbsp;<a href=\"#eu\">Euskera<\/a><\/p>\n<p>Entrevistamos a <strong>Joseba Polanco, actual director de <a href=\"https:\/\/cooperativa70.coop\/\">Cooperativa 70<\/a>&nbsp;<\/strong>y exdirector de la <a href=\"https:\/\/www.cooperativescatalunya.coop\/index.php\/ca\/\">Confederaci\u00f3n de Cooperativas de Catalu\u00f1a<\/a>, por el D\u00eda Internacional de las Cooperativas.<\/p>\n<h2>\n\t\u00bfC\u00f3mo empezaste en este \u00e1mbito de trabajo?<\/h2>\n<p>Empec\u00e9 en el cooperativismo en la cooperativa de trabajo asociado Eraginkor, S. Coop. Ltda. En 1985 cuando, tras finalizar el primer posgrado sobre cooperativismo que se realiz\u00f3 en la Universidad de Deusto, se impuls\u00f3 la creaci\u00f3n de una cooperativa para crear cooperativas y nos agrupamos cuatro personas de diferentes formaciones acad\u00e9micas.<\/p>\n<h2>\n\t\u00bfC\u00f3mo ha evolucionado este sector a lo largo de los a\u00f1os?<\/h2>\n<p>En Catalu\u00f1a, a lo largo de la historia y cuando no ha sido perseguido, podemos afirmar que el cooperativismo, se ha imbricado en la sociedad por el car\u00e1cter humanista que tiene la realizaci\u00f3n de una actividad econ\u00f3mica focalizada en las personas.<br \/>\n\t<br \/>\n\t<strong>Las cooperativas<\/strong>, como personas jur\u00eddicas formadas por personas, <strong>nacen con la voluntad de satisfacer alguna necesidad<\/strong>. A menudo esta necesidad es la semilla inicial que sirve para poner en marcha un proyecto de producto o servicio arraigado, con unos objetivos que evolucionan a lo largo del tiempo en coherencia con el instinto de supervivencia que tienen todas las personas, tambi\u00e9n las jur\u00eddicas.<\/p>\n<p>Ahora bien, el<strong> cooperativismo no siempre se ha sabido comunicar con la sociedad con suficiente fluidez<\/strong> y esto ha provocado ciclos evolutivos vinculados a la evoluci\u00f3n de la econom\u00eda con un comportamiento antic\u00edclico. A mayor crisis econ\u00f3mica m\u00e1s creaci\u00f3n de cooperativas y en el sentido contrario cuando la econom\u00eda evoluciona positivamente. Desgraciadamente no hemos conseguido todav\u00eda un crecimiento en base a las propias din\u00e1micas end\u00f3genas. Quiz\u00e1s en los \u00faltimos cinco a\u00f1os esto ha cambiado un poco y la evoluci\u00f3n del cooperativismo va m\u00e1s en paralelo a la evoluci\u00f3n de la econom\u00eda a la vez que <strong>se ha conseguido que m\u00e1s personas<\/strong>, desde diferentes \u00e1mbitos, <strong>se acerquen al cooperativismo<\/strong>.<\/p>\n<h2>\n\tEn el contexto actual de crisis sanitaria mundial, \u00bfc\u00f3mo est\u00e1 aguantando el sector del cooperativismo?<\/h2>\n<p>Vemos que la crisis sanitaria ha impactado de manera diferenciada a las empresas seg\u00fan el sector de actividad y, como que el cooperativismo es un reflejo de la econom\u00eda, nos encontramos impactos diferenciados. Sin embargo podemos afirmar que la crisis sanitaria impacta sobre una sociedad que ya estaba en una ola donde la precariedad laboral y social, los bajos salarios, la dificultad para acceder a la vivienda, la dificultad de los j\u00f3venes para acceder al mercado laboral, etc. era una realidad. La pandemia ha impactado sobre una sociedad en la que<strong> los niveles de desigualdad se han agrandado a lo largo de los \u00faltimos 10-12 a\u00f1os.<\/strong><\/p>\n<p>Las consecuencias econ\u00f3micas reales de la pandemia las desconocemos porque a\u00fan no se ha terminado y cuando finalice tendremos que ver si logramos la normalidad en el mismo punto que est\u00e1bamos antes de la pandemia o en un inferior. No podemos olvidar que, al margen de las din\u00e1micas econ\u00f3micas en el que est\u00e1bamos inmersos, se ha acelerado la implantaci\u00f3n de nuevas din\u00e1micas como la evoluci\u00f3n tecnol\u00f3gica, las necesidades derivadas del cambio clim\u00e1tico y las din\u00e1micas geo-estrat\u00e9gicas que impactar\u00e1n muy r\u00e1pidamente en el econom\u00eda. La salida econ\u00f3mica ser\u00e1 m\u00e1s acelerada en unas sociedades que en otras y esto tendr\u00e1 consecuencias econ\u00f3micas. Habr\u00e1 una importante incorporaci\u00f3n de la tecnolog\u00eda tanto a los procesos productivos como en la vida cotidiana lo que volver\u00e1 a impactar en el empleo y generar\u00e1 conflicto generacional. En un contexto a largo plazo con una Administraci\u00f3n P\u00fablica endeudada y limitada para intervenir en la econom\u00eda.<\/p>\n<p>Es evidente que el <strong>cooperativismo es una herramienta que puede jugar un papel muy importante en este escenario<\/strong>. Ahora bien, para implementar muchas soluciones se necesitan unos ciertos niveles de capital inicial y aqu\u00ed las cooperativas existentes, que pueden tener estos niveles de capital, pueden ser un compa\u00f1ero para muchas experiencias nuevas. <strong>De los principios cooperativos es probablemente la intercooperaci\u00f3n el que mejor debemos conjugar en estos momentos <\/strong>porque hay proyectos que se han de formular nuevamente, en paralelo con proyectos mucho m\u00e1s adaptados a los nuevos tiempos, pero sin la experiencia acumulada necesaria para sobrevivir .<\/p>\n<h2>\n\tPor parte de las Administraciones p\u00fablicas, \u00bfse est\u00e1n haciendo pol\u00edticas de apoyo para promover el sector? \u00bfCu\u00e1les son los retos?<\/h2>\n<p>El papel de las Administraciones p\u00fablicas debe ir mucho m\u00e1s lejos que hacer las pol\u00edticas de apoyo que se est\u00e1n haciendo desde el Gobierno o desde algunos Ayuntamientos. <strong>Es necesario que desde los diferentes departamentos del Gobierno y las diferentes administraciones p\u00fablicas tengan el convencimiento de que el cooperativismo es un compa\u00f1ero para resolver muchas de las necesidades que tienen<\/strong>, es un compa\u00f1ero de confianza en todas las responsabilidades que tienen y que a menudo son gestionadas desde el \u00e1mbito privado.<br \/>\n\t<br \/>\n\tLas Administraciones P\u00fablicas deben tener una visi\u00f3n integral del cooperativismo no solo como un sujeto de apoyo sino fundamentalmente <strong>como un proveedor de confianza<\/strong> que le puede apoyar para resolver muchas de las obligaciones que la sociedad ha puesto en manos de las Administraciones P\u00fablicas.<\/p>\n<h2>\n\t\u00bfQu\u00e9 puede aportar el cooperativismo en medio de una cultura que ha cultivado en exceso el individualismo?<\/h2>\n<p><strong>El cooperativismo siempre ha sabido conjugar el inter\u00e9s colectivo y el inter\u00e9s individual.<\/strong> Esto supone que los principios cooperativos, los cuales deben trabajar permanentemente por las cooperativas, son tambi\u00e9n una fuente de educaci\u00f3n en la convivencia democr\u00e1tica que las cooperativas extienden a las personas socias y en la sociedad.<\/p>\n<p><a id=\"ca\" name=\"ca\"><\/a>______________________________________________<\/p>\n<h1>\n\tEl cooperativisme sempre ha sabut conjugar l\u2019inter\u00e8s col\u2022lectiu i l\u2019inter\u00e8s individual<\/h1>\n<p><strong><em>Entrevistem a Joseba Polanco- actual director de <a href=\"https:\/\/cooperativa70.coop\/\">Cooperativa 70<\/a>&nbsp;i exdirector de la <a href=\"https:\/\/www.cooperativescatalunya.coop\/index.php\/ca\/\">Confederaci\u00f3 de Cooperatives de Catalunya<\/a> pel Dia Internacional de las Cooperativas.<\/em><\/strong><\/p>\n<h2>\n\tCom vas comen\u00e7ar en aquest \u00e0mbit de treball?<\/h2>\n<p>Vaig comen\u00e7ar en el cooperativisme a la cooperativa de treball associat Eraginkor, S. Coop. Ltda.&nbsp; L\u2019any 1985 quan, despr\u00e9s de finalitzar el primer postgrau sobre cooperativisme que es va realitzar a la Universitat de Deusto, es va impulsar la creaci\u00f3 d\u2019una cooperativa per crear cooperatives i ens vam agrupar quatre persones de diferents formacions acad\u00e8miques.<\/p>\n<h2>\n\tCom ha evolucionat aquest sector al llarg dels anys?<\/h2>\n<p>A Catalunya, al llarg de la hist\u00f2ria i quan no ha estat perseguit, podem afirmar que el cooperativisme, s\u2019ha imbricat a la societat pel car\u00e0cter humanista que t\u00e9 la realitzaci\u00f3 d\u2019una activitat econ\u00f2mica focalitzada en les persones.<br \/>\n\t<br \/>\n\tLes cooperatives, com a persones jur\u00eddiques formades per persones, neixen amb la voluntat de satisfer alguna necessitat. Sovint aquesta necessitat \u00e9s la llavor inicial que serveix per engegar un projecte de producte o servei arrelat, amb uns objectius que evolucionen al llarg del temps en coher\u00e8ncia amb l\u2019instint de superviv\u00e8ncia que tenen totes les persones, tamb\u00e9 les jur\u00eddiques.<\/p>\n<p>Ara b\u00e9 el cooperativisme no sempre s\u2019ha sabut comunicar amb la societat amb prou flu\u00efdesa i aix\u00f2 ha provocat cicles evolutius vinculats a l\u2019evoluci\u00f3 de l\u2019economia amb un comportament antic\u00edclic. A major crisi econ\u00f2mica m\u00e9s creaci\u00f3 de cooperatives i en el sentit contrari quan l\u2019economia evoluciona positivament. Malauradament no hem aconseguit encara un creixement sobre la base de les pr\u00f2pies din\u00e0miques end\u00f2genes. Potser en els \u00faltims cinc anys aix\u00f2 ha canviat una mica i l\u2019evoluci\u00f3 del cooperativisme va m\u00e9s en paral\u2022lel a l\u2019evoluci\u00f3 de l\u2019economia alhora que s\u2019ha aconseguit que m\u00e9s persones, des de diferents \u00e0mbits, s\u2019apropin al cooperativisme.<\/p>\n<h2>\n\tEn el context actual de crisi sanit\u00e0ria mundial, com est\u00e0 aguantant el sector del cooperativisme?<\/h2>\n<p>Veiem que la crisi sanit\u00e0ria ha impactat de manera diferenciada a les empreses segons el sector d\u2019activitat i, com que el cooperativisme \u00e9s un reflex de l\u2019economia, ens trobem impactes diferenciats. Tanmateix podem afirmar que la crisi sanit\u00e0ria impacta sobre una societat que ja estava en una onada on la precarietat laboral i social, els baixos salaris, la dificultat per accedir a l\u2019habitatge, la dificultat del jovent per accedir al mercat laboral, etc. era una realitat. La pand\u00e8mia ha impactat sobre una societat en qu\u00e8 els nivells de desigualtat s\u2019han fet molt grans al llarg dels \u00faltims 10-12 anys.<\/p>\n<p>Les conseq\u00fc\u00e8ncies econ\u00f2miques reals de la pand\u00e8mia les desconeixem perqu\u00e8 encara no s\u2019ha acabat i quan finalitzi haurem de veure si assolim la normalitat en el mateix punt que est\u00e0vem abans de la pand\u00e8mia o en un inferior. No podem oblidar que, al marge de les din\u00e0miques econ\u00f2miques en qu\u00e8 est\u00e0vem immersos, s\u2019ha accelerat la implantaci\u00f3 de noves din\u00e0miques com l\u2019evoluci\u00f3 tecnol\u00f2gica, les necessitats derivades del canvi clim\u00e0tic i les din\u00e0miques geo-estrat\u00e8giques que impactaran molt r\u00e0pidament en l\u2019economia. La sortida econ\u00f2mica ser\u00e0 m\u00e9s accelerada en unes societats que en unes altres i aix\u00f2 tindr\u00e0 conseq\u00fc\u00e8ncies econ\u00f2miques. Hi haur\u00e0 una important incorporaci\u00f3 de la tecnologia tant als processos productius com a la vida quotidiana la qual cosa tornar\u00e0 a impactar en l\u2019ocupaci\u00f3 i generar\u00e0 conflicte generacional. En un context a llarg termini amb una Administraci\u00f3 P\u00fablica endeutada i limitada per intervenir en l\u2019economia.<\/p>\n<p>\u00c9s evident que el cooperativisme \u00e9s una eina que pot jugar un paper molt important en aquest escenari. Ara b\u00e9, per implementar moltes solucions es necessiten uns certs nivells de capital inicial i aqu\u00ed les cooperatives existents, que poden tenir aquests nivells de capital, poden ser un company per a moltes experi\u00e8ncies noves. Dels principis cooperatius \u00e9s probablement la intercooperaci\u00f3 el que millor hem de conjugar en aquests moments perqu\u00e8 hi ha projectes que s\u2019han de formular novament, en paral\u2022lel amb projectes molt m\u00e9s adaptats als nous temps, per\u00f2 sense l\u2019experi\u00e8ncia acumulada necess\u00e0ria per sobreviure.<\/p>\n<h2>\n\tPer part de les Administracions p\u00fabliques, s&#8217;estan fent pol\u00edtiques de suport per a promoure el sector? quins s\u00f3n els reptes?<\/h2>\n<p>El paper de les Administracions p\u00fabliques ha d\u2019anar molt m\u00e9s lluny que fer les pol\u00edtiques de suport que s\u2019estan fent des del Govern o des d\u2019alguns Ajuntaments perqu\u00e8 l\u2019Administraci\u00f3 P\u00fablica t\u00e9 diferents nivells. \u00c9s necessari que des dels diferents departaments del Govern i les diferents administracions p\u00fabliques tinguin el convenciment que el cooperativisme \u00e9s un company per resoldre moltes de les necessitats que tenen, \u00e9s un company de confian\u00e7a en totes les responsabilitats que tenen i que sovint s\u00f3n gestionades des de l\u2019\u00e0mbit privat.<br \/>\n\tLes Administracions P\u00fabliques han de tenir una visi\u00f3 integral del cooperativisme no nom\u00e9s com un subjecte de suport sin\u00f3 fonamentalment com un prove\u00efdor de confian\u00e7a que li pot donar suport per resoldre moltes de les obligacions que la societat ha posat en mans de les Administracions P\u00fabliques.<\/p>\n<h2>\n\tQu\u00e8 pot aportar el cooperativisme enmig d\u2019una cultura que ha cultivat en exc\u00e9s l\u2019individualisme?<\/h2>\n<p>El cooperativisme sempre ha sabut conjugar l\u2019inter\u00e8s col\u2022lectiu i l\u2019inter\u00e8s individual. Aix\u00f2 suposa que els principis cooperatius, els&nbsp; quals s\u2019han de treballar permanentment per les cooperatives, s\u00f3n tamb\u00e9 una font d\u2019educaci\u00f3 en la conviv\u00e8ncia democr\u00e0tica que les cooperatives estenen a les persones s\u00f2cies i a la societat.<\/p>\n<p><a id=\"eu\" name=\"eu\"><\/a>______________________________________________________________<\/p>\n<h1>\n\tKooperatibismoak beti uztartu ditu interes kolektiboa eta banakakoa<\/h1>\n<p><strong><em>Elkarrizketa Joseba Polancori (<a href=\"https:\/\/cooperativa70.coop\/\">Cooperativa 70en <\/a>egungo zuzendaria eta <a href=\"https:\/\/www.cooperativescatalunya.coop\/index.php\/ca\/\">Kataluniako Kooperatiben Konfederazioko<\/a> zuzendari ohia). Kooperatiben Nazioarteko Eguna.<\/em><\/strong><\/p>\n<h2>\n\tNola hasi zinen lan-esparru honetan?<\/h2>\n<p>Kooperatibismoan hasi nintzen Eraginkor S. Coop. Ltda. lan elkartuko kooperatiban, 1985ean; izan ere, Deustun kooperatibismoari buruz egin zen lehenengo graduondokoa bukatu ostean, kooperatiba baten sorrera sustatu zen kooperatibak sortzeko xedearekin, eta prestakuntza akademiko desberdina geneukan lau pertsona elkartu ginen.<\/p>\n<h2>\n\tNola aldatu da sektore hau urteetan zehar?<\/h2>\n<p>Katalunian, historian zehar eta jazarria izan ez denean, baieztatu ahal dugu kooperatibismoa gizartean txertatu dela, pertsonak ardatz dituen jarduera ekonomikoa egiteak duen izaera humanistagatik.<br \/>\n\tKooperatibak, pertsonak fisikoez osatutako pertsona juridiko gisa, behar bat asetzeko beharretik jaiotzen dira. Sarritan, behar hori produktu edo zerbitzu sustraituko proiektu bat martxan jartzeko beharrezko pizgarria da, eta haren helburuak denboran zehar bilakatzen dira, pertsona guztiek (juridikoek ere) daukaten biziraupen-senarekin bat eginez.<\/p>\n<p>Hala ere, kooperatibismoak ez du beti jakin gizartearekin behar den arintasunarekin komunikatzen, eta, horren ondorioz, ekonomiaren bilakaerari lotutako bilakaera-zikloak eragin ditu, zeinak izaera antiziklikoak izan diren. Zenbat eta krisi ekonomiko handiagoa, orduan eta kooperatiba gehiago sortu dira, eta kontrakoa gertatu da ekonomiak bilakaera ona izan duenean. Zoritxarrez, ez dugu oraindik lortu dinamika endogenoetan oinarritutako bilakaera. Agian, azken bost urteetan hori pixka bat aldatu da, eta kooperatibismoaren bilakaera gehiago dator bat ekonomiaren bilakaerarekin, eta, aldi berean, hainbat esparrutatik pertsona gehiago hurbildu dira kooperatibismora.<\/p>\n<h2>\n\tGaur egungo mundu-mailako osasun-krisi egoeran, nola ari da eusten kooperatibismoaren sektorea?<\/h2>\n<p>Ikusi dugu osasun-krisiak jarduera-sektorearen arabera modu bereizian eragin diela enpresei, eta, kooperatibismoa ekonomiaren isla denez, eragin bereiziak ditugu. Dena den, esan dezakegu osasun krisiak eragina duela lan- eta gizarte-prekarietateak, soldata baxuek, etxebizitza eskuratzeko zailtasunak, gazteak lan-merkatuan sartzeko zailtasunak, eta abarrek markatutako gizartean. Pandemiak eragina izan du azken 10-12 urteotan desberdintasun-mailan alde handiak izan dituen gizartean.<\/p>\n<p>Ez ditugu oraindik ezagutzen pandemiaren benetako ondorio ekonomikoak; izan ere, oraindik ere ez da bukatu. Amaitzean, ikusiko dugu ea normaltasuna lortzen dugun pandemian geunden puntuan edo baxuagoan. Ezin dugu ahaztu, murgilduta geunden dinamika ekonomikoak gorabehera, dinamika berrien ezarpena bizkortu egin dela, hala nola bilakaera teknologikoa, klima-aldaketaren ondoriozko beharrak eta ekonomian eragina oso arin izango duten dinamika geoestrategikoak. Irteera ekonomikoa bizkorragoa izango da gizarte batzuetan besteetan baino, eta horrek ondorio ekonomikoak izango ditu. Teknologiaren txertatze handia egongo da ekoizpen-prozesuetan eta eguneroko bizitzan, eta horrek berriro ere eragina izango du enpleguan, eta, beraz, belaunaldien arteko gatazka sortuko du; epe luzeko testuinguruan, zorpetuta eta ekonomian esku hartzeko mugatuta dagoen Administrazio Publiko batekin.<\/p>\n<p>Agerikoa da kooperatibismoa agertoki horretan funtzio oso garrantzitsua izan ahal duen tresna dela. Hala ere, konponbide asko txertatzeko nolabaiteko hasierako kapital-maila behar da. Horregatik, existitzen diren kooperatibak, zeinek kapital maila horiek izan ahal dituzten, esperientzia berri asko izateko kideak izan daitezke. Kooperatiba-printzipioetatik, ziurrenik, lankidetzak izan behar du une honetan ondoen landu behar duguna; izan ere, proiektu batzuk berriro formulatu behar dira, garai berrietara askoz ere egokituago dauden proiektuekin batera, baina bizirauteko behar den esperientzia metaturik gabe.<\/p>\n<h2>\n\tAdministrazio Publikoak sektorea sustatzeko laguntza-politikak egiten ari dira? Zeintzuk dira erronkak?<\/h2>\n<p>Administrazio Publikoen zeregina Jaurlaritza edo udal batzuk gauzatzen ari diren laguntza-politikak egitea (Administrazio Publikoak maila desberdinak izan ditzan) baino askoz urrunago joan behar da. Beharrezkoa da Jaurlaritzako sailak eta Administrazio Publikoak ziur egotea kooperatibismoa konfiantzako kidea dela dauzkaten beharretako asko konpontzeko eta dituzten erantzukizun guztietarako (erantzukizun horiek, sarritan, eremu pribatutik kudeatzen dira).<br \/>\n\t<br \/>\n\tAdministrazio Publikoek kooperatibismoari buruzko ikuspuntu integrala izan behar dute, ez soilik laguntzeko tresna gisa, baizik eta, batik bat, konfiantza-hornitzaile gisa; izan ere, gizarteak Administrazio Publikoen esku jarri dituen betebehar asko ebazteko laguntza eman ahal du.<\/p>\n<h2>\n\tZer ekarpen egin dezake batez besteko kooperatibismoak indibidualismoa gehiegi landu duen kultura batean?<\/h2>\n<p>Kooperatibismoak beti uztartu ditu interes kolektiboa eta banakakoa.&nbsp; Hortaz, printzipio kooperatiboa, zeinak kooperatibentzat etengabe lan egin behar duen, bizikidetza demokratikoan hezteko iturri ere bada, eta kooperatibek bazkideei eta gizarteari zabaltzen diete.<\/p>\n<p>______________________________________________________________________<\/p>\n<p>&nbsp;<\/p>\n<p>&nbsp;<\/p>\n<\/div>","protected":false},"excerpt":{"rendered":"<p>Entrevistem a Joseba Polanco- actual director de Cooperativa 70 i exdirector de la Confederaci\u00f3 de Cooperatives de Catalunya pel Dia Internacional de las Cooperativas.<\/p>\n","protected":false},"author":2,"featured_media":329691,"comment_status":"open","ping_status":"closed","sticky":false,"template":"","format":"standard","meta":{"_acf_changed":false,"footnotes":""},"categories":[11645],"tags":[],"coauthors":[],"class_list":["post-343862","post","type-post","status-publish","format-standard","has-post-thumbnail","hentry","category-finanzas-eticas"],"acf":[],"yoast_head":"<!-- This site is optimized with the Yoast SEO plugin v26.9 - https:\/\/yoast.com\/product\/yoast-seo-wordpress\/ -->\n<title>El cooperativismo siempre ha sabido conjugar el inter\u00e9s colectivo y el individual - Fiare Banca Etica<\/title>\n<meta name=\"robots\" content=\"index, follow, max-snippet:-1, max-image-preview:large, max-video-preview:-1\" \/>\n<link rel=\"canonical\" href=\"https:\/\/www.fiarebancaetica.coop\/gl\/el-cooperativismo-siempre-ha-sabido-conjugar-el-interes-colectivo-y-el-individual\/\" \/>\n<meta property=\"og:locale\" content=\"gl_ES\" \/>\n<meta property=\"og:type\" content=\"article\" \/>\n<meta property=\"og:title\" content=\"El cooperativismo siempre ha sabido conjugar el inter\u00e9s colectivo y el individual - Fiare Banca Etica\" \/>\n<meta property=\"og:description\" content=\"Entrevistem a Joseba Polanco- actual director de Cooperativa 70 i exdirector de la Confederaci\u00f3 de Cooperatives de Catalunya pel Dia Internacional de las Cooperativas.\" \/>\n<meta property=\"og:url\" content=\"https:\/\/www.fiarebancaetica.coop\/gl\/el-cooperativismo-siempre-ha-sabido-conjugar-el-interes-colectivo-y-el-individual\/\" \/>\n<meta property=\"og:site_name\" content=\"Fiare Banca Etica\" \/>\n<meta property=\"article:published_time\" content=\"2021-06-30T22:00:00+00:00\" \/>\n<meta property=\"article:modified_time\" content=\"2024-02-21T14:10:36+00:00\" \/>\n<meta property=\"og:image\" content=\"https:\/\/www.fiarebancaetica.coop\/app\/uploads\/sites\/2\/2023\/12\/el-cooperativismo-siempre-ha-sabido-conjugar-el-interes-colectivo-y-el-individual.jpg\" \/>\n\t<meta property=\"og:image:width\" content=\"1531\" \/>\n\t<meta property=\"og:image:height\" content=\"709\" \/>\n\t<meta property=\"og:image:type\" content=\"image\/jpeg\" \/>\n<meta name=\"author\" content=\"crispyadmin0\" \/>\n<meta name=\"twitter:card\" content=\"summary_large_image\" \/>\n<script type=\"application\/ld+json\" class=\"yoast-schema-graph\">{\"@context\":\"https:\/\/schema.org\",\"@graph\":[{\"@type\":\"Article\",\"@id\":\"https:\/\/www.fiarebancaetica.coop\/gl\/el-cooperativismo-siempre-ha-sabido-conjugar-el-interes-colectivo-y-el-individual\/#article\",\"isPartOf\":{\"@id\":\"https:\/\/www.fiarebancaetica.coop\/gl\/el-cooperativismo-siempre-ha-sabido-conjugar-el-interes-colectivo-y-el-individual\/\"},\"author\":{\"name\":\"crispyadmin0\",\"@id\":\"https:\/\/www.fiarebancaetica.coop\/gl\/#\/schema\/person\/579841e89c804b5db05d9141bd9b8272\"},\"headline\":\"El cooperativismo siempre ha sabido conjugar el inter\u00e9s colectivo y el individual\",\"datePublished\":\"2021-06-30T22:00:00+00:00\",\"dateModified\":\"2024-02-21T14:10:36+00:00\",\"mainEntityOfPage\":{\"@id\":\"https:\/\/www.fiarebancaetica.coop\/gl\/el-cooperativismo-siempre-ha-sabido-conjugar-el-interes-colectivo-y-el-individual\/\"},\"wordCount\":2578,\"commentCount\":0,\"image\":{\"@id\":\"https:\/\/www.fiarebancaetica.coop\/gl\/el-cooperativismo-siempre-ha-sabido-conjugar-el-interes-colectivo-y-el-individual\/#primaryimage\"},\"thumbnailUrl\":\"https:\/\/www.fiarebancaetica.coop\/app\/uploads\/sites\/2\/2023\/12\/el-cooperativismo-siempre-ha-sabido-conjugar-el-interes-colectivo-y-el-individual.jpg\",\"articleSection\":[\"Finanzas \u00c9ticas\"],\"inLanguage\":\"gl-ES\",\"potentialAction\":[{\"@type\":\"CommentAction\",\"name\":\"Comment\",\"target\":[\"https:\/\/www.fiarebancaetica.coop\/gl\/el-cooperativismo-siempre-ha-sabido-conjugar-el-interes-colectivo-y-el-individual\/#respond\"]}]},{\"@type\":\"WebPage\",\"@id\":\"https:\/\/www.fiarebancaetica.coop\/gl\/el-cooperativismo-siempre-ha-sabido-conjugar-el-interes-colectivo-y-el-individual\/\",\"url\":\"https:\/\/www.fiarebancaetica.coop\/gl\/el-cooperativismo-siempre-ha-sabido-conjugar-el-interes-colectivo-y-el-individual\/\",\"name\":\"El cooperativismo siempre ha sabido conjugar el inter\u00e9s colectivo y el individual - Fiare Banca Etica\",\"isPartOf\":{\"@id\":\"https:\/\/www.fiarebancaetica.coop\/gl\/#website\"},\"primaryImageOfPage\":{\"@id\":\"https:\/\/www.fiarebancaetica.coop\/gl\/el-cooperativismo-siempre-ha-sabido-conjugar-el-interes-colectivo-y-el-individual\/#primaryimage\"},\"image\":{\"@id\":\"https:\/\/www.fiarebancaetica.coop\/gl\/el-cooperativismo-siempre-ha-sabido-conjugar-el-interes-colectivo-y-el-individual\/#primaryimage\"},\"thumbnailUrl\":\"https:\/\/www.fiarebancaetica.coop\/app\/uploads\/sites\/2\/2023\/12\/el-cooperativismo-siempre-ha-sabido-conjugar-el-interes-colectivo-y-el-individual.jpg\",\"datePublished\":\"2021-06-30T22:00:00+00:00\",\"dateModified\":\"2024-02-21T14:10:36+00:00\",\"author\":{\"@id\":\"https:\/\/www.fiarebancaetica.coop\/gl\/#\/schema\/person\/579841e89c804b5db05d9141bd9b8272\"},\"breadcrumb\":{\"@id\":\"https:\/\/www.fiarebancaetica.coop\/gl\/el-cooperativismo-siempre-ha-sabido-conjugar-el-interes-colectivo-y-el-individual\/#breadcrumb\"},\"inLanguage\":\"gl-ES\",\"potentialAction\":[{\"@type\":\"ReadAction\",\"target\":[\"https:\/\/www.fiarebancaetica.coop\/gl\/el-cooperativismo-siempre-ha-sabido-conjugar-el-interes-colectivo-y-el-individual\/\"]}]},{\"@type\":\"ImageObject\",\"inLanguage\":\"gl-ES\",\"@id\":\"https:\/\/www.fiarebancaetica.coop\/gl\/el-cooperativismo-siempre-ha-sabido-conjugar-el-interes-colectivo-y-el-individual\/#primaryimage\",\"url\":\"https:\/\/www.fiarebancaetica.coop\/app\/uploads\/sites\/2\/2023\/12\/el-cooperativismo-siempre-ha-sabido-conjugar-el-interes-colectivo-y-el-individual.jpg\",\"contentUrl\":\"https:\/\/www.fiarebancaetica.coop\/app\/uploads\/sites\/2\/2023\/12\/el-cooperativismo-siempre-ha-sabido-conjugar-el-interes-colectivo-y-el-individual.jpg\",\"width\":1531,\"height\":709},{\"@type\":\"BreadcrumbList\",\"@id\":\"https:\/\/www.fiarebancaetica.coop\/gl\/el-cooperativismo-siempre-ha-sabido-conjugar-el-interes-colectivo-y-el-individual\/#breadcrumb\",\"itemListElement\":[{\"@type\":\"ListItem\",\"position\":1,\"name\":\"Home\",\"item\":\"https:\/\/www.fiarebancaetica.coop\/gl\/\"},{\"@type\":\"ListItem\",\"position\":2,\"name\":\"El cooperativismo siempre ha sabido conjugar el inter\u00e9s colectivo y el individual\"}]},{\"@type\":\"WebSite\",\"@id\":\"https:\/\/www.fiarebancaetica.coop\/gl\/#website\",\"url\":\"https:\/\/www.fiarebancaetica.coop\/gl\/\",\"name\":\"Fiare Banca Etica\",\"description\":\"\",\"potentialAction\":[{\"@type\":\"SearchAction\",\"target\":{\"@type\":\"EntryPoint\",\"urlTemplate\":\"https:\/\/www.fiarebancaetica.coop\/gl\/?s={search_term_string}\"},\"query-input\":{\"@type\":\"PropertyValueSpecification\",\"valueRequired\":true,\"valueName\":\"search_term_string\"}}],\"inLanguage\":\"gl-ES\"},{\"@type\":\"Person\",\"@id\":\"https:\/\/www.fiarebancaetica.coop\/gl\/#\/schema\/person\/579841e89c804b5db05d9141bd9b8272\",\"name\":\"crispyadmin0\",\"image\":{\"@type\":\"ImageObject\",\"inLanguage\":\"gl-ES\",\"@id\":\"https:\/\/www.fiarebancaetica.coop\/gl\/#\/schema\/person\/image\/5f3a6b7786f32f4c35bd2b1a5a4698ea\",\"url\":\"https:\/\/secure.gravatar.com\/avatar\/4d2cfb499d497b6d49da659fab7404b243a87fe8e40d2cf97a1cae48f677f5b2?s=96&d=mm&r=g\",\"contentUrl\":\"https:\/\/secure.gravatar.com\/avatar\/4d2cfb499d497b6d49da659fab7404b243a87fe8e40d2cf97a1cae48f677f5b2?s=96&d=mm&r=g\",\"caption\":\"crispyadmin0\"},\"sameAs\":[\"crispyadmin0\"]}]}<\/script>\n<!-- \/ Yoast SEO plugin. -->","yoast_head_json":{"title":"El cooperativismo siempre ha sabido conjugar el inter\u00e9s colectivo y el individual - Fiare Banca Etica","robots":{"index":"index","follow":"follow","max-snippet":"max-snippet:-1","max-image-preview":"max-image-preview:large","max-video-preview":"max-video-preview:-1"},"canonical":"https:\/\/www.fiarebancaetica.coop\/gl\/el-cooperativismo-siempre-ha-sabido-conjugar-el-interes-colectivo-y-el-individual\/","og_locale":"gl_ES","og_type":"article","og_title":"El cooperativismo siempre ha sabido conjugar el inter\u00e9s colectivo y el individual - Fiare Banca Etica","og_description":"Entrevistem a Joseba Polanco- actual director de Cooperativa 70 i exdirector de la Confederaci\u00f3 de Cooperatives de Catalunya pel Dia Internacional de las Cooperativas.","og_url":"https:\/\/www.fiarebancaetica.coop\/gl\/el-cooperativismo-siempre-ha-sabido-conjugar-el-interes-colectivo-y-el-individual\/","og_site_name":"Fiare Banca Etica","article_published_time":"2021-06-30T22:00:00+00:00","article_modified_time":"2024-02-21T14:10:36+00:00","og_image":[{"width":1531,"height":709,"url":"https:\/\/www.fiarebancaetica.coop\/app\/uploads\/sites\/2\/2023\/12\/el-cooperativismo-siempre-ha-sabido-conjugar-el-interes-colectivo-y-el-individual.jpg","type":"image\/jpeg"}],"author":"crispyadmin0","twitter_card":"summary_large_image","schema":{"@context":"https:\/\/schema.org","@graph":[{"@type":"Article","@id":"https:\/\/www.fiarebancaetica.coop\/gl\/el-cooperativismo-siempre-ha-sabido-conjugar-el-interes-colectivo-y-el-individual\/#article","isPartOf":{"@id":"https:\/\/www.fiarebancaetica.coop\/gl\/el-cooperativismo-siempre-ha-sabido-conjugar-el-interes-colectivo-y-el-individual\/"},"author":{"name":"crispyadmin0","@id":"https:\/\/www.fiarebancaetica.coop\/gl\/#\/schema\/person\/579841e89c804b5db05d9141bd9b8272"},"headline":"El cooperativismo siempre ha sabido conjugar el inter\u00e9s colectivo y el individual","datePublished":"2021-06-30T22:00:00+00:00","dateModified":"2024-02-21T14:10:36+00:00","mainEntityOfPage":{"@id":"https:\/\/www.fiarebancaetica.coop\/gl\/el-cooperativismo-siempre-ha-sabido-conjugar-el-interes-colectivo-y-el-individual\/"},"wordCount":2578,"commentCount":0,"image":{"@id":"https:\/\/www.fiarebancaetica.coop\/gl\/el-cooperativismo-siempre-ha-sabido-conjugar-el-interes-colectivo-y-el-individual\/#primaryimage"},"thumbnailUrl":"https:\/\/www.fiarebancaetica.coop\/app\/uploads\/sites\/2\/2023\/12\/el-cooperativismo-siempre-ha-sabido-conjugar-el-interes-colectivo-y-el-individual.jpg","articleSection":["Finanzas \u00c9ticas"],"inLanguage":"gl-ES","potentialAction":[{"@type":"CommentAction","name":"Comment","target":["https:\/\/www.fiarebancaetica.coop\/gl\/el-cooperativismo-siempre-ha-sabido-conjugar-el-interes-colectivo-y-el-individual\/#respond"]}]},{"@type":"WebPage","@id":"https:\/\/www.fiarebancaetica.coop\/gl\/el-cooperativismo-siempre-ha-sabido-conjugar-el-interes-colectivo-y-el-individual\/","url":"https:\/\/www.fiarebancaetica.coop\/gl\/el-cooperativismo-siempre-ha-sabido-conjugar-el-interes-colectivo-y-el-individual\/","name":"El cooperativismo siempre ha sabido conjugar el inter\u00e9s colectivo y el individual - Fiare Banca Etica","isPartOf":{"@id":"https:\/\/www.fiarebancaetica.coop\/gl\/#website"},"primaryImageOfPage":{"@id":"https:\/\/www.fiarebancaetica.coop\/gl\/el-cooperativismo-siempre-ha-sabido-conjugar-el-interes-colectivo-y-el-individual\/#primaryimage"},"image":{"@id":"https:\/\/www.fiarebancaetica.coop\/gl\/el-cooperativismo-siempre-ha-sabido-conjugar-el-interes-colectivo-y-el-individual\/#primaryimage"},"thumbnailUrl":"https:\/\/www.fiarebancaetica.coop\/app\/uploads\/sites\/2\/2023\/12\/el-cooperativismo-siempre-ha-sabido-conjugar-el-interes-colectivo-y-el-individual.jpg","datePublished":"2021-06-30T22:00:00+00:00","dateModified":"2024-02-21T14:10:36+00:00","author":{"@id":"https:\/\/www.fiarebancaetica.coop\/gl\/#\/schema\/person\/579841e89c804b5db05d9141bd9b8272"},"breadcrumb":{"@id":"https:\/\/www.fiarebancaetica.coop\/gl\/el-cooperativismo-siempre-ha-sabido-conjugar-el-interes-colectivo-y-el-individual\/#breadcrumb"},"inLanguage":"gl-ES","potentialAction":[{"@type":"ReadAction","target":["https:\/\/www.fiarebancaetica.coop\/gl\/el-cooperativismo-siempre-ha-sabido-conjugar-el-interes-colectivo-y-el-individual\/"]}]},{"@type":"ImageObject","inLanguage":"gl-ES","@id":"https:\/\/www.fiarebancaetica.coop\/gl\/el-cooperativismo-siempre-ha-sabido-conjugar-el-interes-colectivo-y-el-individual\/#primaryimage","url":"https:\/\/www.fiarebancaetica.coop\/app\/uploads\/sites\/2\/2023\/12\/el-cooperativismo-siempre-ha-sabido-conjugar-el-interes-colectivo-y-el-individual.jpg","contentUrl":"https:\/\/www.fiarebancaetica.coop\/app\/uploads\/sites\/2\/2023\/12\/el-cooperativismo-siempre-ha-sabido-conjugar-el-interes-colectivo-y-el-individual.jpg","width":1531,"height":709},{"@type":"BreadcrumbList","@id":"https:\/\/www.fiarebancaetica.coop\/gl\/el-cooperativismo-siempre-ha-sabido-conjugar-el-interes-colectivo-y-el-individual\/#breadcrumb","itemListElement":[{"@type":"ListItem","position":1,"name":"Home","item":"https:\/\/www.fiarebancaetica.coop\/gl\/"},{"@type":"ListItem","position":2,"name":"El cooperativismo siempre ha sabido conjugar el inter\u00e9s colectivo y el individual"}]},{"@type":"WebSite","@id":"https:\/\/www.fiarebancaetica.coop\/gl\/#website","url":"https:\/\/www.fiarebancaetica.coop\/gl\/","name":"Fiare Banca Etica","description":"","potentialAction":[{"@type":"SearchAction","target":{"@type":"EntryPoint","urlTemplate":"https:\/\/www.fiarebancaetica.coop\/gl\/?s={search_term_string}"},"query-input":{"@type":"PropertyValueSpecification","valueRequired":true,"valueName":"search_term_string"}}],"inLanguage":"gl-ES"},{"@type":"Person","@id":"https:\/\/www.fiarebancaetica.coop\/gl\/#\/schema\/person\/579841e89c804b5db05d9141bd9b8272","name":"crispyadmin0","image":{"@type":"ImageObject","inLanguage":"gl-ES","@id":"https:\/\/www.fiarebancaetica.coop\/gl\/#\/schema\/person\/image\/5f3a6b7786f32f4c35bd2b1a5a4698ea","url":"https:\/\/secure.gravatar.com\/avatar\/4d2cfb499d497b6d49da659fab7404b243a87fe8e40d2cf97a1cae48f677f5b2?s=96&d=mm&r=g","contentUrl":"https:\/\/secure.gravatar.com\/avatar\/4d2cfb499d497b6d49da659fab7404b243a87fe8e40d2cf97a1cae48f677f5b2?s=96&d=mm&r=g","caption":"crispyadmin0"},"sameAs":["crispyadmin0"]}]}},"_links":{"self":[{"href":"https:\/\/www.fiarebancaetica.coop\/gl\/wp-json\/wp\/v2\/posts\/343862","targetHints":{"allow":["GET"]}}],"collection":[{"href":"https:\/\/www.fiarebancaetica.coop\/gl\/wp-json\/wp\/v2\/posts"}],"about":[{"href":"https:\/\/www.fiarebancaetica.coop\/gl\/wp-json\/wp\/v2\/types\/post"}],"author":[{"embeddable":true,"href":"https:\/\/www.fiarebancaetica.coop\/gl\/wp-json\/wp\/v2\/users\/2"}],"replies":[{"embeddable":true,"href":"https:\/\/www.fiarebancaetica.coop\/gl\/wp-json\/wp\/v2\/comments?post=343862"}],"version-history":[{"count":2,"href":"https:\/\/www.fiarebancaetica.coop\/gl\/wp-json\/wp\/v2\/posts\/343862\/revisions"}],"predecessor-version":[{"id":354914,"href":"https:\/\/www.fiarebancaetica.coop\/gl\/wp-json\/wp\/v2\/posts\/343862\/revisions\/354914"}],"wp:featuredmedia":[{"embeddable":true,"href":"https:\/\/www.fiarebancaetica.coop\/gl\/wp-json\/wp\/v2\/media\/329691"}],"wp:attachment":[{"href":"https:\/\/www.fiarebancaetica.coop\/gl\/wp-json\/wp\/v2\/media?parent=343862"}],"wp:term":[{"taxonomy":"category","embeddable":true,"href":"https:\/\/www.fiarebancaetica.coop\/gl\/wp-json\/wp\/v2\/categories?post=343862"},{"taxonomy":"post_tag","embeddable":true,"href":"https:\/\/www.fiarebancaetica.coop\/gl\/wp-json\/wp\/v2\/tags?post=343862"},{"taxonomy":"author","embeddable":true,"href":"https:\/\/www.fiarebancaetica.coop\/gl\/wp-json\/wp\/v2\/coauthors?post=343862"}],"curies":[{"name":"wp","href":"https:\/\/api.w.org\/{rel}","templated":true}]}}