{"id":344086,"date":"2020-11-24T00:00:00","date_gmt":"2020-11-23T23:00:00","guid":{"rendered":"https:\/\/www.fiarebancaetica.coop\/un-dels-pilars-que-necessita-leconomia-social-i-solidaria-es-el-financament\/"},"modified":"2024-02-21T15:15:48","modified_gmt":"2024-02-21T14:15:48","slug":"un-dels-pilars-que-necessita-leconomia-social-i-solidaria-es-el-financament","status":"publish","type":"post","link":"https:\/\/www.fiarebancaetica.coop\/gl\/un-dels-pilars-que-necessita-leconomia-social-i-solidaria-es-el-financament\/","title":{"rendered":"Un dels pilars que necessita l&#8217;Economia Social i Solid\u00e0ria \u00e9s el finan\u00e7ament"},"content":{"rendered":"\n\n<div class=\"wp-block-bancaetica-blocks-blocks-block-49\">\n    <div class=\"container-block-49\">\n\n        <div class=\"header-section \">\n                            <h1 class=\"section-title\"> Etica e cooperativa <\/h1>\n                                            <\/div>\n\n        \n        <div class=\"block-background\" style=\"background-image: url('https:\/\/www.fiarebancaetica.coop\/app\/uploads\/sites\/2\/2023\/12\/un-dels-pilars-que-necessita-leconomia-social-solidaria-es-el-financament.jpg')\">\n                            <div class=\"tile\">\n                    <h1 class=\"image-title\"> Un dels pilars que necessita l&#8217;Economia Social i Solid\u00e0ria \u00e9s el finan\u00e7ament <\/h1>\n                <\/div>             <!-- end .tile -->\n            <div class=\"bottom-content\">\n                            <\/div> <!-- end .button-content -->\n        <\/div> <!-- end .block-background -->\n    <\/div> <!-- end .container -->\n<\/div> <!-- end wp-block-bancaetica-blocks-blocks-block-06 -->\n\n\n<div class=\"wrapper-crispybacon-class wrapper-crispybacon-class-boxed \">\n    <p><a href=\"#cast\">Castellano<\/a><\/p>\n<p>Ens apropem a Fundaci\u00f3 Deixalles, una de les entitats m\u00e9s destacades en el sector de la reinserci\u00f3 social i del tractament de residus, especialment pel que fa a la reducci\u00f3, el reciclatge i la reutilitzaci\u00f3 a les Illes Balears, s\u00f2cia i clienta de Fiare Banca Etica des dels inicis.<\/p>\n<h2>\n\tAl llarg dels vostres m\u00e9s de 30 anys, heu superat situacions complicades. Com us heu adaptat als problemes sorgits a causa de la pand\u00e8mia?<\/h2>\n<p>Amb moltes dificultats, hem fet un ERTO de quasi tota la plantilla de la Fundaci\u00f3. Hem rebut petits suports de l\u2019administraci\u00f3 i hem fet servir finan\u00e7ament extern. Pel que respecta a la salut i seguretat de les persones treballadores i usu\u00e0ries, hem establerts protocols per minimitzar o eliminar els riscos<\/p>\n<h2>\n\tLa Fundaci\u00f3 Deixalles \u00e9s una de les entitats impulsores de l\u2019Economia Social i Solid\u00e0ria a les Illes Balears i participa a diferents xarxes tant a nivell local com estatal. Com valoreu el paper d\u2019aquestes entitats en la conjuntura actual?<\/h2>\n<p>S\u00f3n els suports necessaris per a seguir endavant, fer front com\u00fa davant les dificultats ens fa m\u00e9s poderoses i ens anima a promoure un canvi de model.<\/p>\n<p>Ens reafirmem en el paper fonamental de treballar en xarxa, de forma col\u00b7laborativa i aplicant els principis de la cooperaci\u00f3. Ara m\u00e9s que mai s\u00f3n necessaris tots els suports de les entitats que treballam en xarxa, perqu\u00e8 fent front com\u00fa tindrem m\u00e9s capacitat per superar les dificultats i m\u00e9s for\u00e7a per seguir impulsant el canvi de model tan necessari. En aquest sentit, el Mercat Social, del qual tamb\u00e9 hi formem part, esdev\u00e9 una eina molt important.<\/p>\n<p>Hem d\u2019aprofitar aquests moments per, entre totes, fer evident la necessitat de canvi i demostrar que les alternatives s\u00f3n ja una realitat.<\/p>\n<h2>\n\tEn el vostre \u00e0mbit d\u2019actuaci\u00f3, quins penseu que s\u00f3n els problemes que requereixen una actuaci\u00f3 m\u00e9s urgent?<\/h2>\n<p>A les Illes Balears no podem seguir amb la depend\u00e8ncia exclusiva del turisme, hem de canviar de model econ\u00f2mic, desenvolupar altres sectors que ens permetin generar ocupaci\u00f3, per exemple la reutilitzaci\u00f3. Tamb\u00e9 podr\u00edem parlar del rescat de les entitats socials per part de les administracions p\u00fabliques.<\/p>\n<p>\u00c9s clau que la sortida de la crisi estigui orientada a posar en primer lloc les persones i el medi ambient.<\/p>\n<h2>\n\tCom arriba Fundaci\u00f3 Deixalles a Fiare Banca Etica i per qu\u00e8?<\/h2>\n<p>La Fundaci\u00f3 Deixalles ha estat present des dels inicis de Fiare, abans de la seva constituci\u00f3. Un dels pilars que necessita l\u2019Economia Social i Solid\u00e0ria \u00e9s el finan\u00e7ament i, per aquest motiu, com a defensors, impulsors i practicants de l\u2019Economia Social i Solid\u00e0ria, sempre hem promogut les finances \u00e8tiques, no nom\u00e9s aportant en els diferents espais de participaci\u00f3 de la cooperativa, sin\u00f3 tamb\u00e9 com a clients.<\/p>\n<h2>\n\tQuina valoraci\u00f3 feis de la relaci\u00f3 amb Fiare Banca Etica fins ara, tant des del punt de vista operatiu com des de la vessant sociocultural<\/h2>\n<p>Molt bona i positiva, des del punto de vista operatiu considerem que s\u2019han fet importants millores des de la posada en marxa de la filial a Espanya. En aquest sentit, l\u2019obertura de la delegaci\u00f3 de Barcelona ha suposat, per a nosaltres, una fita important. Tanmateix, encara queda marge de millora, que segur es podr\u00e0 aconseguir si fem cr\u00e9ixer la massa social de la cooperativa i m\u00e9s entitats del tercer sector, del cooperativisme, de l\u2019agroecologia i de l\u2019Economia Social i Solid\u00e0ria es decideixen a fer el pas a les finances \u00e8tiques i cooperatives.<\/p>\n<p>_________________________________________________________<\/p>\n<h1>\n\t<a id=\"cast\" name=\"cast\"><\/a><strong>Uno de los pilares que necesita la Econom\u00eda Social y Solidaria es la financiaci\u00f3n<\/strong><\/h1>\n<p>Nos acercamos a Fundaci\u00f3n Deixalles, una de las entidades m\u00e1s destacadas en el sector de la reinserci\u00f3n social y del tratamiento de residuos, especialmente en cuanto a la reducci\u00f3n, el reciclaje y la reutilizaci\u00f3n, socia y clienta de Fiare Banca Etica desde los inicios.<\/p>\n<h2>\n\tA lo largo de vuestros m\u00e1s de 30 a\u00f1os, hab\u00e9is superado situaciones complicadas. \u00bfC\u00f3mo os hab\u00e9is adaptado a los problemas surgidos a causa de la pandemia?<\/h2>\n<p><br \/>\n\tCon muchas dificultades, Deixalles ha hecho uno ERTO de casi toda la plantilla de la Fundaci\u00f3n. Hemos recibido peque\u00f1os apoyos de la administraci\u00f3n y hemos usado financiaci\u00f3n externa.<br \/>\n\tPor lo que respecta a la salud y seguridad de las personas trabajadoras y usuarias, hemos establecidos protocolos para minimizar o eliminar los riesgos.<\/p>\n<h2>\n\tLa Fundaci\u00f3n Deixalles es una de las entidades impulsoras de la Econom\u00eda Social y Solidaria en las Islas Baleares y participa en diferentes redes tanto a nivel local como estatal. \u00bfC\u00f3mo valor\u00e1is el papel de estas entidades en la coyuntura actual?<\/h2>\n<p>Son los apoyos necesarios para seguir adelante, hacer frente com\u00fan ante las dificultades nos hace m\u00e1s poderosas y nos anima a promover un cambio de modelo.<\/p>\n<p>Nos reafirmamos en el papel fundamental de trabajar en red, de forma colaborativa y aplicando los principios de la cooperaci\u00f3n. Ahora m\u00e1s que nunca son necesarios todos los apoyos de las entidades que trabajamos en red, porque haciendo frente com\u00fan tendremos m\u00e1s capacidad para superar las dificultades y m\u00e1s fuerza para seguir impulsando el cambio de modelo tan necesario. En este sentido, el Mercado Social, del cual tambi\u00e9n formamos parte, acontece una herramienta muy importante.<br \/>\n\tTenemos que aprovechar estos momentos para, entre todas, hacer evidente la necesidad de cambio y demostrar que las alternativas son ya una realidad.<\/p>\n<h2>\n\tEn vuestro \u00e1mbito de actuaci\u00f3n, \u00bfcu\u00e1les pens\u00e1is que son los problemas que requieren una actuaci\u00f3n m\u00e1s urgente?<\/h2>\n<p>En las Islas Baleares no podemos seguir con la dependencia exclusiva del turismo, tenemos que cambiar de modelo econ\u00f3mico, desarrollar otros sectores que nos permitan generar ocupaci\u00f3n, por ejemplo la reutilizaci\u00f3n. Tambi\u00e9n podr\u00edamos hablar del rescate de las entidades sociales por parte de las administraciones p\u00fablicas.<\/p>\n<p>Es clave que la salida de la crisis est\u00e9 orientada a posar en primer lugar las personas y el medio ambiente.<\/p>\n<h2>\n\t\u00bfC\u00f3mo llega Fundaci\u00f3n Deixalles a Fiare Banca Etica y por qu\u00e9?<\/h2>\n<p>La Fundaci\u00f3n Deixalles ha estado presente desde los inicios de Fiare, antes de su constituci\u00f3n. Uno de los pilares que necesita la Econom\u00eda Social y Solidaria es la financiaci\u00f3n y, por este motivo, como defensores, impulsores y practicantes de la Econom\u00eda Social y Solidaria, siempre hemos promovido las finanzas \u00e9ticas, no solo aportante en los diferentes espacios de participaci\u00f3n de la cooperativa, sino tambi\u00e9n como clientes.<\/p>\n<h2>\n\t\u00bfQu\u00e9 valoraci\u00f3n hac\u00e9is de la relaci\u00f3n con Fiare Banca Etica hasta ahora, tanto desde el punto de vista operativo como desde la vertiente sociocultural?<\/h2>\n<p>Muy buena y positiva, desde el punto de vista operativo consideramos que se han hecho importantes mejoras desde la puesta en marcha de la filial en Espa\u00f1a. En este sentido, la apertura de la delegaci\u00f3n de Barcelona ha supuesto, para nosotros, un hito importante. Aun as\u00ed, todav\u00eda queda margen de mejora, que seguro se podr\u00e1 conseguir si hacemos crecer la masa social de la cooperativa y m\u00e1s entidades del tercer sector, del cooperativismo, de la agroecolog\u00eda y de la Econom\u00eda Social y Solidaria se deciden a dar el paso a las finanzas \u00e9ticas y cooperativas.<\/p>\n<\/div>","protected":false},"excerpt":{"rendered":"<p>Ens apropem a Fundaci\u00f3 Deixalles, una de les entitats m\u00e9s destacades en el sector de la reinserci\u00f3 social i del tractament de residus, especialment pel que fa a la reducci\u00f3, el reciclatge i la reutilitzaci\u00f3, s\u00f2cia i clienta de Fiare Banca Etica des de els inicis.<\/p>\n","protected":false},"author":2,"featured_media":329451,"comment_status":"open","ping_status":"closed","sticky":false,"template":"","format":"standard","meta":{"_acf_changed":false,"footnotes":""},"categories":[11645],"tags":[],"coauthors":[],"class_list":["post-344086","post","type-post","status-publish","format-standard","has-post-thumbnail","hentry","category-finanzas-eticas"],"acf":[],"yoast_head":"<!-- This site is optimized with the Yoast SEO plugin v26.9 - https:\/\/yoast.com\/product\/yoast-seo-wordpress\/ -->\n<title>Un dels pilars que necessita l&#039;Economia Social i Solid\u00e0ria \u00e9s el finan\u00e7ament - Fiare Banca Etica<\/title>\n<meta name=\"robots\" content=\"index, follow, max-snippet:-1, max-image-preview:large, max-video-preview:-1\" \/>\n<link rel=\"canonical\" href=\"https:\/\/www.fiarebancaetica.coop\/gl\/un-dels-pilars-que-necessita-leconomia-social-i-solidaria-es-el-financament\/\" \/>\n<meta property=\"og:locale\" content=\"gl_ES\" \/>\n<meta property=\"og:type\" content=\"article\" \/>\n<meta property=\"og:title\" content=\"Un dels pilars que necessita l&#039;Economia Social i Solid\u00e0ria \u00e9s el finan\u00e7ament - Fiare Banca Etica\" \/>\n<meta property=\"og:description\" content=\"Ens apropem a Fundaci\u00f3 Deixalles, una de les entitats m\u00e9s destacades en el sector de la reinserci\u00f3 social i del tractament de residus, especialment pel que fa a la reducci\u00f3, el reciclatge i la reutilitzaci\u00f3, s\u00f2cia i clienta de Fiare Banca Etica des de els inicis.\" \/>\n<meta property=\"og:url\" content=\"https:\/\/www.fiarebancaetica.coop\/gl\/un-dels-pilars-que-necessita-leconomia-social-i-solidaria-es-el-financament\/\" \/>\n<meta property=\"og:site_name\" content=\"Fiare Banca Etica\" \/>\n<meta property=\"article:published_time\" content=\"2020-11-23T23:00:00+00:00\" \/>\n<meta property=\"article:modified_time\" content=\"2024-02-21T14:15:48+00:00\" \/>\n<meta property=\"og:image\" content=\"https:\/\/www.fiarebancaetica.coop\/app\/uploads\/sites\/2\/2023\/12\/un-dels-pilars-que-necessita-leconomia-social-solidaria-es-el-financament.jpg\" \/>\n\t<meta property=\"og:image:width\" content=\"540\" \/>\n\t<meta property=\"og:image:height\" content=\"250\" \/>\n\t<meta property=\"og:image:type\" content=\"image\/jpeg\" \/>\n<meta name=\"author\" content=\"crispyadmin0\" \/>\n<meta name=\"twitter:card\" content=\"summary_large_image\" \/>\n<script type=\"application\/ld+json\" class=\"yoast-schema-graph\">{\"@context\":\"https:\/\/schema.org\",\"@graph\":[{\"@type\":\"Article\",\"@id\":\"https:\/\/www.fiarebancaetica.coop\/gl\/un-dels-pilars-que-necessita-leconomia-social-i-solidaria-es-el-financament\/#article\",\"isPartOf\":{\"@id\":\"https:\/\/www.fiarebancaetica.coop\/gl\/un-dels-pilars-que-necessita-leconomia-social-i-solidaria-es-el-financament\/\"},\"author\":{\"name\":\"crispyadmin0\",\"@id\":\"https:\/\/www.fiarebancaetica.coop\/gl\/#\/schema\/person\/579841e89c804b5db05d9141bd9b8272\"},\"headline\":\"Un dels pilars que necessita l&#8217;Economia Social i Solid\u00e0ria \u00e9s el finan\u00e7ament\",\"datePublished\":\"2020-11-23T23:00:00+00:00\",\"dateModified\":\"2024-02-21T14:15:48+00:00\",\"mainEntityOfPage\":{\"@id\":\"https:\/\/www.fiarebancaetica.coop\/gl\/un-dels-pilars-que-necessita-leconomia-social-i-solidaria-es-el-financament\/\"},\"wordCount\":1257,\"commentCount\":0,\"image\":{\"@id\":\"https:\/\/www.fiarebancaetica.coop\/gl\/un-dels-pilars-que-necessita-leconomia-social-i-solidaria-es-el-financament\/#primaryimage\"},\"thumbnailUrl\":\"https:\/\/www.fiarebancaetica.coop\/app\/uploads\/sites\/2\/2023\/12\/un-dels-pilars-que-necessita-leconomia-social-solidaria-es-el-financament.jpg\",\"articleSection\":[\"Finanzas \u00c9ticas\"],\"inLanguage\":\"gl-ES\",\"potentialAction\":[{\"@type\":\"CommentAction\",\"name\":\"Comment\",\"target\":[\"https:\/\/www.fiarebancaetica.coop\/gl\/un-dels-pilars-que-necessita-leconomia-social-i-solidaria-es-el-financament\/#respond\"]}]},{\"@type\":\"WebPage\",\"@id\":\"https:\/\/www.fiarebancaetica.coop\/gl\/un-dels-pilars-que-necessita-leconomia-social-i-solidaria-es-el-financament\/\",\"url\":\"https:\/\/www.fiarebancaetica.coop\/gl\/un-dels-pilars-que-necessita-leconomia-social-i-solidaria-es-el-financament\/\",\"name\":\"Un dels pilars que necessita l'Economia Social i Solid\u00e0ria \u00e9s el finan\u00e7ament - Fiare Banca Etica\",\"isPartOf\":{\"@id\":\"https:\/\/www.fiarebancaetica.coop\/gl\/#website\"},\"primaryImageOfPage\":{\"@id\":\"https:\/\/www.fiarebancaetica.coop\/gl\/un-dels-pilars-que-necessita-leconomia-social-i-solidaria-es-el-financament\/#primaryimage\"},\"image\":{\"@id\":\"https:\/\/www.fiarebancaetica.coop\/gl\/un-dels-pilars-que-necessita-leconomia-social-i-solidaria-es-el-financament\/#primaryimage\"},\"thumbnailUrl\":\"https:\/\/www.fiarebancaetica.coop\/app\/uploads\/sites\/2\/2023\/12\/un-dels-pilars-que-necessita-leconomia-social-solidaria-es-el-financament.jpg\",\"datePublished\":\"2020-11-23T23:00:00+00:00\",\"dateModified\":\"2024-02-21T14:15:48+00:00\",\"author\":{\"@id\":\"https:\/\/www.fiarebancaetica.coop\/gl\/#\/schema\/person\/579841e89c804b5db05d9141bd9b8272\"},\"breadcrumb\":{\"@id\":\"https:\/\/www.fiarebancaetica.coop\/gl\/un-dels-pilars-que-necessita-leconomia-social-i-solidaria-es-el-financament\/#breadcrumb\"},\"inLanguage\":\"gl-ES\",\"potentialAction\":[{\"@type\":\"ReadAction\",\"target\":[\"https:\/\/www.fiarebancaetica.coop\/gl\/un-dels-pilars-que-necessita-leconomia-social-i-solidaria-es-el-financament\/\"]}]},{\"@type\":\"ImageObject\",\"inLanguage\":\"gl-ES\",\"@id\":\"https:\/\/www.fiarebancaetica.coop\/gl\/un-dels-pilars-que-necessita-leconomia-social-i-solidaria-es-el-financament\/#primaryimage\",\"url\":\"https:\/\/www.fiarebancaetica.coop\/app\/uploads\/sites\/2\/2023\/12\/un-dels-pilars-que-necessita-leconomia-social-solidaria-es-el-financament.jpg\",\"contentUrl\":\"https:\/\/www.fiarebancaetica.coop\/app\/uploads\/sites\/2\/2023\/12\/un-dels-pilars-que-necessita-leconomia-social-solidaria-es-el-financament.jpg\",\"width\":540,\"height\":250},{\"@type\":\"BreadcrumbList\",\"@id\":\"https:\/\/www.fiarebancaetica.coop\/gl\/un-dels-pilars-que-necessita-leconomia-social-i-solidaria-es-el-financament\/#breadcrumb\",\"itemListElement\":[{\"@type\":\"ListItem\",\"position\":1,\"name\":\"Home\",\"item\":\"https:\/\/www.fiarebancaetica.coop\/gl\/\"},{\"@type\":\"ListItem\",\"position\":2,\"name\":\"Un dels pilars que necessita l&#8217;Economia Social i Solid\u00e0ria \u00e9s el finan\u00e7ament\"}]},{\"@type\":\"WebSite\",\"@id\":\"https:\/\/www.fiarebancaetica.coop\/gl\/#website\",\"url\":\"https:\/\/www.fiarebancaetica.coop\/gl\/\",\"name\":\"Fiare Banca Etica\",\"description\":\"\",\"potentialAction\":[{\"@type\":\"SearchAction\",\"target\":{\"@type\":\"EntryPoint\",\"urlTemplate\":\"https:\/\/www.fiarebancaetica.coop\/gl\/?s={search_term_string}\"},\"query-input\":{\"@type\":\"PropertyValueSpecification\",\"valueRequired\":true,\"valueName\":\"search_term_string\"}}],\"inLanguage\":\"gl-ES\"},{\"@type\":\"Person\",\"@id\":\"https:\/\/www.fiarebancaetica.coop\/gl\/#\/schema\/person\/579841e89c804b5db05d9141bd9b8272\",\"name\":\"crispyadmin0\",\"image\":{\"@type\":\"ImageObject\",\"inLanguage\":\"gl-ES\",\"@id\":\"https:\/\/www.fiarebancaetica.coop\/gl\/#\/schema\/person\/image\/5f3a6b7786f32f4c35bd2b1a5a4698ea\",\"url\":\"https:\/\/secure.gravatar.com\/avatar\/4d2cfb499d497b6d49da659fab7404b243a87fe8e40d2cf97a1cae48f677f5b2?s=96&d=mm&r=g\",\"contentUrl\":\"https:\/\/secure.gravatar.com\/avatar\/4d2cfb499d497b6d49da659fab7404b243a87fe8e40d2cf97a1cae48f677f5b2?s=96&d=mm&r=g\",\"caption\":\"crispyadmin0\"},\"sameAs\":[\"crispyadmin0\"]}]}<\/script>\n<!-- \/ Yoast SEO plugin. -->","yoast_head_json":{"title":"Un dels pilars que necessita l'Economia Social i Solid\u00e0ria \u00e9s el finan\u00e7ament - Fiare Banca Etica","robots":{"index":"index","follow":"follow","max-snippet":"max-snippet:-1","max-image-preview":"max-image-preview:large","max-video-preview":"max-video-preview:-1"},"canonical":"https:\/\/www.fiarebancaetica.coop\/gl\/un-dels-pilars-que-necessita-leconomia-social-i-solidaria-es-el-financament\/","og_locale":"gl_ES","og_type":"article","og_title":"Un dels pilars que necessita l'Economia Social i Solid\u00e0ria \u00e9s el finan\u00e7ament - Fiare Banca Etica","og_description":"Ens apropem a Fundaci\u00f3 Deixalles, una de les entitats m\u00e9s destacades en el sector de la reinserci\u00f3 social i del tractament de residus, especialment pel que fa a la reducci\u00f3, el reciclatge i la reutilitzaci\u00f3, s\u00f2cia i clienta de Fiare Banca Etica des de els inicis.","og_url":"https:\/\/www.fiarebancaetica.coop\/gl\/un-dels-pilars-que-necessita-leconomia-social-i-solidaria-es-el-financament\/","og_site_name":"Fiare Banca Etica","article_published_time":"2020-11-23T23:00:00+00:00","article_modified_time":"2024-02-21T14:15:48+00:00","og_image":[{"width":540,"height":250,"url":"https:\/\/www.fiarebancaetica.coop\/app\/uploads\/sites\/2\/2023\/12\/un-dels-pilars-que-necessita-leconomia-social-solidaria-es-el-financament.jpg","type":"image\/jpeg"}],"author":"crispyadmin0","twitter_card":"summary_large_image","schema":{"@context":"https:\/\/schema.org","@graph":[{"@type":"Article","@id":"https:\/\/www.fiarebancaetica.coop\/gl\/un-dels-pilars-que-necessita-leconomia-social-i-solidaria-es-el-financament\/#article","isPartOf":{"@id":"https:\/\/www.fiarebancaetica.coop\/gl\/un-dels-pilars-que-necessita-leconomia-social-i-solidaria-es-el-financament\/"},"author":{"name":"crispyadmin0","@id":"https:\/\/www.fiarebancaetica.coop\/gl\/#\/schema\/person\/579841e89c804b5db05d9141bd9b8272"},"headline":"Un dels pilars que necessita l&#8217;Economia Social i Solid\u00e0ria \u00e9s el finan\u00e7ament","datePublished":"2020-11-23T23:00:00+00:00","dateModified":"2024-02-21T14:15:48+00:00","mainEntityOfPage":{"@id":"https:\/\/www.fiarebancaetica.coop\/gl\/un-dels-pilars-que-necessita-leconomia-social-i-solidaria-es-el-financament\/"},"wordCount":1257,"commentCount":0,"image":{"@id":"https:\/\/www.fiarebancaetica.coop\/gl\/un-dels-pilars-que-necessita-leconomia-social-i-solidaria-es-el-financament\/#primaryimage"},"thumbnailUrl":"https:\/\/www.fiarebancaetica.coop\/app\/uploads\/sites\/2\/2023\/12\/un-dels-pilars-que-necessita-leconomia-social-solidaria-es-el-financament.jpg","articleSection":["Finanzas \u00c9ticas"],"inLanguage":"gl-ES","potentialAction":[{"@type":"CommentAction","name":"Comment","target":["https:\/\/www.fiarebancaetica.coop\/gl\/un-dels-pilars-que-necessita-leconomia-social-i-solidaria-es-el-financament\/#respond"]}]},{"@type":"WebPage","@id":"https:\/\/www.fiarebancaetica.coop\/gl\/un-dels-pilars-que-necessita-leconomia-social-i-solidaria-es-el-financament\/","url":"https:\/\/www.fiarebancaetica.coop\/gl\/un-dels-pilars-que-necessita-leconomia-social-i-solidaria-es-el-financament\/","name":"Un dels pilars que necessita l'Economia Social i Solid\u00e0ria \u00e9s el finan\u00e7ament - Fiare Banca Etica","isPartOf":{"@id":"https:\/\/www.fiarebancaetica.coop\/gl\/#website"},"primaryImageOfPage":{"@id":"https:\/\/www.fiarebancaetica.coop\/gl\/un-dels-pilars-que-necessita-leconomia-social-i-solidaria-es-el-financament\/#primaryimage"},"image":{"@id":"https:\/\/www.fiarebancaetica.coop\/gl\/un-dels-pilars-que-necessita-leconomia-social-i-solidaria-es-el-financament\/#primaryimage"},"thumbnailUrl":"https:\/\/www.fiarebancaetica.coop\/app\/uploads\/sites\/2\/2023\/12\/un-dels-pilars-que-necessita-leconomia-social-solidaria-es-el-financament.jpg","datePublished":"2020-11-23T23:00:00+00:00","dateModified":"2024-02-21T14:15:48+00:00","author":{"@id":"https:\/\/www.fiarebancaetica.coop\/gl\/#\/schema\/person\/579841e89c804b5db05d9141bd9b8272"},"breadcrumb":{"@id":"https:\/\/www.fiarebancaetica.coop\/gl\/un-dels-pilars-que-necessita-leconomia-social-i-solidaria-es-el-financament\/#breadcrumb"},"inLanguage":"gl-ES","potentialAction":[{"@type":"ReadAction","target":["https:\/\/www.fiarebancaetica.coop\/gl\/un-dels-pilars-que-necessita-leconomia-social-i-solidaria-es-el-financament\/"]}]},{"@type":"ImageObject","inLanguage":"gl-ES","@id":"https:\/\/www.fiarebancaetica.coop\/gl\/un-dels-pilars-que-necessita-leconomia-social-i-solidaria-es-el-financament\/#primaryimage","url":"https:\/\/www.fiarebancaetica.coop\/app\/uploads\/sites\/2\/2023\/12\/un-dels-pilars-que-necessita-leconomia-social-solidaria-es-el-financament.jpg","contentUrl":"https:\/\/www.fiarebancaetica.coop\/app\/uploads\/sites\/2\/2023\/12\/un-dels-pilars-que-necessita-leconomia-social-solidaria-es-el-financament.jpg","width":540,"height":250},{"@type":"BreadcrumbList","@id":"https:\/\/www.fiarebancaetica.coop\/gl\/un-dels-pilars-que-necessita-leconomia-social-i-solidaria-es-el-financament\/#breadcrumb","itemListElement":[{"@type":"ListItem","position":1,"name":"Home","item":"https:\/\/www.fiarebancaetica.coop\/gl\/"},{"@type":"ListItem","position":2,"name":"Un dels pilars que necessita l&#8217;Economia Social i Solid\u00e0ria \u00e9s el finan\u00e7ament"}]},{"@type":"WebSite","@id":"https:\/\/www.fiarebancaetica.coop\/gl\/#website","url":"https:\/\/www.fiarebancaetica.coop\/gl\/","name":"Fiare Banca Etica","description":"","potentialAction":[{"@type":"SearchAction","target":{"@type":"EntryPoint","urlTemplate":"https:\/\/www.fiarebancaetica.coop\/gl\/?s={search_term_string}"},"query-input":{"@type":"PropertyValueSpecification","valueRequired":true,"valueName":"search_term_string"}}],"inLanguage":"gl-ES"},{"@type":"Person","@id":"https:\/\/www.fiarebancaetica.coop\/gl\/#\/schema\/person\/579841e89c804b5db05d9141bd9b8272","name":"crispyadmin0","image":{"@type":"ImageObject","inLanguage":"gl-ES","@id":"https:\/\/www.fiarebancaetica.coop\/gl\/#\/schema\/person\/image\/5f3a6b7786f32f4c35bd2b1a5a4698ea","url":"https:\/\/secure.gravatar.com\/avatar\/4d2cfb499d497b6d49da659fab7404b243a87fe8e40d2cf97a1cae48f677f5b2?s=96&d=mm&r=g","contentUrl":"https:\/\/secure.gravatar.com\/avatar\/4d2cfb499d497b6d49da659fab7404b243a87fe8e40d2cf97a1cae48f677f5b2?s=96&d=mm&r=g","caption":"crispyadmin0"},"sameAs":["crispyadmin0"]}]}},"_links":{"self":[{"href":"https:\/\/www.fiarebancaetica.coop\/gl\/wp-json\/wp\/v2\/posts\/344086","targetHints":{"allow":["GET"]}}],"collection":[{"href":"https:\/\/www.fiarebancaetica.coop\/gl\/wp-json\/wp\/v2\/posts"}],"about":[{"href":"https:\/\/www.fiarebancaetica.coop\/gl\/wp-json\/wp\/v2\/types\/post"}],"author":[{"embeddable":true,"href":"https:\/\/www.fiarebancaetica.coop\/gl\/wp-json\/wp\/v2\/users\/2"}],"replies":[{"embeddable":true,"href":"https:\/\/www.fiarebancaetica.coop\/gl\/wp-json\/wp\/v2\/comments?post=344086"}],"version-history":[{"count":2,"href":"https:\/\/www.fiarebancaetica.coop\/gl\/wp-json\/wp\/v2\/posts\/344086\/revisions"}],"predecessor-version":[{"id":354756,"href":"https:\/\/www.fiarebancaetica.coop\/gl\/wp-json\/wp\/v2\/posts\/344086\/revisions\/354756"}],"wp:featuredmedia":[{"embeddable":true,"href":"https:\/\/www.fiarebancaetica.coop\/gl\/wp-json\/wp\/v2\/media\/329451"}],"wp:attachment":[{"href":"https:\/\/www.fiarebancaetica.coop\/gl\/wp-json\/wp\/v2\/media?parent=344086"}],"wp:term":[{"taxonomy":"category","embeddable":true,"href":"https:\/\/www.fiarebancaetica.coop\/gl\/wp-json\/wp\/v2\/categories?post=344086"},{"taxonomy":"post_tag","embeddable":true,"href":"https:\/\/www.fiarebancaetica.coop\/gl\/wp-json\/wp\/v2\/tags?post=344086"},{"taxonomy":"author","embeddable":true,"href":"https:\/\/www.fiarebancaetica.coop\/gl\/wp-json\/wp\/v2\/coauthors?post=344086"}],"curies":[{"name":"wp","href":"https:\/\/api.w.org\/{rel}","templated":true}]}}