{"id":344405,"date":"2020-03-11T00:00:00","date_gmt":"2020-03-10T23:00:00","guid":{"rendered":"https:\/\/www.fiarebancaetica.coop\/carta-a-las-redes-entidades-y-personas-de-reas\/"},"modified":"2024-02-21T15:25:54","modified_gmt":"2024-02-21T14:25:54","slug":"carta-a-las-redes-entidades-y-personas-de-reas","status":"publish","type":"post","link":"https:\/\/www.fiarebancaetica.coop\/gl\/carta-a-las-redes-entidades-y-personas-de-reas\/","title":{"rendered":"Carta a las redes, entidades y personas de REAS"},"content":{"rendered":"\n\n<div class=\"wp-block-bancaetica-blocks-blocks-block-49\">\n    <div class=\"container-block-49\">\n\n        <div class=\"header-section \">\n                            <h1 class=\"section-title\"> Etica e cooperativa <\/h1>\n                                            <\/div>\n\n        \n        <div class=\"block-background\" style=\"background-image: url('https:\/\/www.fiarebancaetica.coop\/app\/uploads\/sites\/2\/2023\/12\/carta-las-redes-entidades-y-personas-de-reas-por-carlos-askunce.jpg')\">\n                            <div class=\"tile\">\n                    <h1 class=\"image-title\"> Carta a las redes, entidades y personas de REAS <\/h1>\n                <\/div>             <!-- end .tile -->\n            <div class=\"bottom-content\">\n                            <\/div> <!-- end .button-content -->\n        <\/div> <!-- end .block-background -->\n    <\/div> <!-- end .container -->\n<\/div> <!-- end wp-block-bancaetica-blocks-blocks-block-06 -->\n\n\n<div class=\"wrapper-crispybacon-class wrapper-crispybacon-class-boxed \">\n    <p><em><strong>Por Carlos Askunce, miembro del Comit\u00e9 de Coordinaci\u00f3n de REAS<\/strong><\/em><\/p>\n<p><br \/>\n\tEste a\u00f1o <a href=\"https:\/\/www.reasred.org\/\">REAS Red de redes <\/a>cumple 25 a\u00f1os, un hito importante que nos invita a mirar atr\u00e1s, y hacer balance de esta larga y rica trayectoria para seguir fortaleciendo esta red y promoviendo la econom\u00eda solidaria. Inicialmente fueron algunas iniciativas de diferentes puntos geogr\u00e1ficos del estado las que pusieron en marcha esta plataforma que, <strong>en el 2000, emprendi\u00f3 el camino como red de redes<\/strong>, y que hoy agrupa a 15 redes territoriales y 4 sectoriales, en las que participan m\u00e1s de 800 entidades.<\/p>\n<h2>\n\tLos or\u00edgenes<\/h2>\n<p>Los inicios estuvieron vinculados a lo que por aquel entonces se denominaban \u201cotras empresas\u201d, partiendo del convencimiento de que era posible generar estructuras empresariales de car\u00e1cter alternativo, donde incorporar a personas excluidas del mercado laboral, desarrollar pr\u00e1cticas de sostenibilidad ambiental o impulsar modelos organizativos basados en la autogesti\u00f3n. Iniciativas, para aquel entonces, sorprendentes y radicalmente innovadoras, que apuntaban ya una manera de pensar y hacer <strong>econom\u00eda basada en la centralidad de las personas<\/strong> frente al capital o los beneficios. Iniciativas que nacieron con un fuerte compromiso de personas y organizaciones que tuvieron que nadar contracorriente -social, pol\u00edtica y econ\u00f3micamente- y en las que depositaron mucho trabajo, solidaridad y una pasi\u00f3n incansable. Hoy somos lo que somos porque ellas lo fueron.<\/p>\n<h2>\n\tContagiando la econom\u00eda social<\/h2>\n<p>Una caracter\u00edstica esencial en la identidad y en el crecimiento de REAS Red de Redes ha sido <strong>su capacidad de contagio<\/strong>, as\u00ed como su <strong>tes\u00f3n a la hora de enredar<\/strong> a personas, territorios, sectores econ\u00f3micos, iniciativas diversas&#8230; Enredar econom\u00edas solidarias para tejer espacios de transformaci\u00f3n personal y colectiva al servicio de las personas, la comunidad y el medio ambiente. Y funciona, esta estrategia funciona. Porque el trabajo en red y la intercooperaci\u00f3n nos hace m\u00e1s fuertes, con mayor capacidad de incidencia social, pol\u00edtica y econ\u00f3mica&#8230; Y nos hace tambi\u00e9n mejores, como personas y como organizaciones.<\/p>\n<h2>\n\tImpulsando el mercado social<\/h2>\n<p>Hace 25 a\u00f1os era impensable creer que hoy dispondr\u00edamos de <strong>herramientas financieras alternativas y propias, \u00a1incluso un banco!<\/strong>, cooperativas de generaci\u00f3n, comercializaci\u00f3n y consumo que agrupan a miles de personas que se han desenganchado del oligopolio energ\u00e9tico, redes de agroecolog\u00eda y soberan\u00eda alimentaria promovidas por cientos de grupos autogestionarios y hasta \u201csupermercados cooperativos\u201d. O de iniciativas valientes tambi\u00e9n en \u00e1mbitos como el de la vivienda colaborativa, los medios de comunicaci\u00f3n alternativa, la creaci\u00f3n cultural, el desarrollo de mercados sociales, el comercio justo, las econom\u00edas comunitarias&#8230; Y cientos y cientos de empresas basadas en la participaci\u00f3n y en la cooperaci\u00f3n, que demuestran que se puede vivir y trabajar de acuerdo a principios que transforman la econom\u00eda y nuestro planeta, como los que recoge la Carta de Principios de la Econom\u00eda Solidaria.<\/p>\n<p>Una <strong>Econom\u00eda Solidaria que se ha ido fortaleciendo y enriqueciendo<\/strong> con aportes tan valiosos como los de las econom\u00edas feminista y ecol\u00f3gica, que nos han ense\u00f1ado a enfrentar las nuevas emergencias que el capitalismo produce desde el paradigma de la sostenibilidad de la vida y, c\u00f3mo no, tambi\u00e9n han contribuido a transformar nuestras propias pr\u00e1cticas, nuestra manera de organizarnos, de trabajar, de cuidarnos&#8230;<\/p>\n<p>Bertolt Brecht nos recuerda: <strong>\u201cNo aceptes lo habitual como cosa natural.<\/strong> Porque en tiempos de desorden, de confusi\u00f3n organizada, de humanidad deshumanizada, nada debe parecer natural. Nada debe parecer imposible de cambiar\u201d. Con humildad, pero con tenacidad, REAS Red de Redes lleva 25 a\u00f1os neg\u00e1ndose a aceptar que el capitalismo voraz y deshumanizador sea quien marque el destino del mundo, desde el convencimiento de que es posible cambiarlo. Y es m\u00e1s que una creencia, ha sido, es y ser\u00e1 una pr\u00e1ctica que demuestra cotidianamente que ya <strong>existe otra econom\u00eda m\u00e1s justa, inclusiva, sostenible y solidaria<\/strong>.<\/p>\n<\/div>","protected":false},"excerpt":{"rendered":"<p>Este a\u00f1o REAS Red de redes cumple 25 a\u00f1os, un hito importante que nos invita a mirar atr\u00e1s, y hacer balance de esta larga y rica trayectoria para seguir fortaleciendo esta red y promoviendo la econom\u00eda solidaria.<\/p>\n","protected":false},"author":2,"featured_media":329115,"comment_status":"open","ping_status":"closed","sticky":false,"template":"","format":"standard","meta":{"_acf_changed":false,"footnotes":""},"categories":[11645],"tags":[],"coauthors":[],"class_list":["post-344405","post","type-post","status-publish","format-standard","has-post-thumbnail","hentry","category-finanzas-eticas"],"acf":[],"yoast_head":"<!-- This site is optimized with the Yoast SEO plugin v26.9 - https:\/\/yoast.com\/product\/yoast-seo-wordpress\/ -->\n<title>Carta a las redes, entidades y personas de REAS - Fiare Banca Etica<\/title>\n<meta name=\"robots\" content=\"index, follow, max-snippet:-1, max-image-preview:large, max-video-preview:-1\" \/>\n<link rel=\"canonical\" href=\"https:\/\/www.fiarebancaetica.coop\/gl\/carta-a-las-redes-entidades-y-personas-de-reas\/\" \/>\n<meta property=\"og:locale\" content=\"gl_ES\" \/>\n<meta property=\"og:type\" content=\"article\" \/>\n<meta property=\"og:title\" content=\"Carta a las redes, entidades y personas de REAS - Fiare Banca Etica\" \/>\n<meta property=\"og:description\" content=\"Este a\u00f1o REAS Red de redes cumple 25 a\u00f1os, un hito importante que nos invita a mirar atr\u00e1s, y hacer balance de esta larga y rica trayectoria para seguir fortaleciendo esta red y promoviendo la econom\u00eda solidaria.\" \/>\n<meta property=\"og:url\" content=\"https:\/\/www.fiarebancaetica.coop\/gl\/carta-a-las-redes-entidades-y-personas-de-reas\/\" \/>\n<meta property=\"og:site_name\" content=\"Fiare Banca Etica\" \/>\n<meta property=\"article:published_time\" content=\"2020-03-10T23:00:00+00:00\" \/>\n<meta property=\"article:modified_time\" content=\"2024-02-21T14:25:54+00:00\" \/>\n<meta property=\"og:image\" content=\"https:\/\/www.fiarebancaetica.coop\/app\/uploads\/sites\/2\/2023\/12\/carta-las-redes-entidades-y-personas-de-reas-por-carlos-askunce.jpg\" \/>\n\t<meta property=\"og:image:width\" content=\"540\" \/>\n\t<meta property=\"og:image:height\" content=\"250\" \/>\n\t<meta property=\"og:image:type\" content=\"image\/jpeg\" \/>\n<meta name=\"author\" content=\"crispyadmin0\" \/>\n<meta name=\"twitter:card\" content=\"summary_large_image\" \/>\n<script type=\"application\/ld+json\" class=\"yoast-schema-graph\">{\"@context\":\"https:\/\/schema.org\",\"@graph\":[{\"@type\":\"Article\",\"@id\":\"https:\/\/www.fiarebancaetica.coop\/gl\/carta-a-las-redes-entidades-y-personas-de-reas\/#article\",\"isPartOf\":{\"@id\":\"https:\/\/www.fiarebancaetica.coop\/gl\/carta-a-las-redes-entidades-y-personas-de-reas\/\"},\"author\":{\"name\":\"crispyadmin0\",\"@id\":\"https:\/\/www.fiarebancaetica.coop\/gl\/#\/schema\/person\/579841e89c804b5db05d9141bd9b8272\"},\"headline\":\"Carta a las redes, entidades y personas de REAS\",\"datePublished\":\"2020-03-10T23:00:00+00:00\",\"dateModified\":\"2024-02-21T14:25:54+00:00\",\"mainEntityOfPage\":{\"@id\":\"https:\/\/www.fiarebancaetica.coop\/gl\/carta-a-las-redes-entidades-y-personas-de-reas\/\"},\"wordCount\":664,\"commentCount\":0,\"image\":{\"@id\":\"https:\/\/www.fiarebancaetica.coop\/gl\/carta-a-las-redes-entidades-y-personas-de-reas\/#primaryimage\"},\"thumbnailUrl\":\"https:\/\/www.fiarebancaetica.coop\/app\/uploads\/sites\/2\/2023\/12\/carta-las-redes-entidades-y-personas-de-reas-por-carlos-askunce.jpg\",\"articleSection\":[\"Finanzas \u00c9ticas\"],\"inLanguage\":\"gl-ES\",\"potentialAction\":[{\"@type\":\"CommentAction\",\"name\":\"Comment\",\"target\":[\"https:\/\/www.fiarebancaetica.coop\/gl\/carta-a-las-redes-entidades-y-personas-de-reas\/#respond\"]}]},{\"@type\":\"WebPage\",\"@id\":\"https:\/\/www.fiarebancaetica.coop\/gl\/carta-a-las-redes-entidades-y-personas-de-reas\/\",\"url\":\"https:\/\/www.fiarebancaetica.coop\/gl\/carta-a-las-redes-entidades-y-personas-de-reas\/\",\"name\":\"Carta a las redes, entidades y personas de REAS - Fiare Banca Etica\",\"isPartOf\":{\"@id\":\"https:\/\/www.fiarebancaetica.coop\/gl\/#website\"},\"primaryImageOfPage\":{\"@id\":\"https:\/\/www.fiarebancaetica.coop\/gl\/carta-a-las-redes-entidades-y-personas-de-reas\/#primaryimage\"},\"image\":{\"@id\":\"https:\/\/www.fiarebancaetica.coop\/gl\/carta-a-las-redes-entidades-y-personas-de-reas\/#primaryimage\"},\"thumbnailUrl\":\"https:\/\/www.fiarebancaetica.coop\/app\/uploads\/sites\/2\/2023\/12\/carta-las-redes-entidades-y-personas-de-reas-por-carlos-askunce.jpg\",\"datePublished\":\"2020-03-10T23:00:00+00:00\",\"dateModified\":\"2024-02-21T14:25:54+00:00\",\"author\":{\"@id\":\"https:\/\/www.fiarebancaetica.coop\/gl\/#\/schema\/person\/579841e89c804b5db05d9141bd9b8272\"},\"breadcrumb\":{\"@id\":\"https:\/\/www.fiarebancaetica.coop\/gl\/carta-a-las-redes-entidades-y-personas-de-reas\/#breadcrumb\"},\"inLanguage\":\"gl-ES\",\"potentialAction\":[{\"@type\":\"ReadAction\",\"target\":[\"https:\/\/www.fiarebancaetica.coop\/gl\/carta-a-las-redes-entidades-y-personas-de-reas\/\"]}]},{\"@type\":\"ImageObject\",\"inLanguage\":\"gl-ES\",\"@id\":\"https:\/\/www.fiarebancaetica.coop\/gl\/carta-a-las-redes-entidades-y-personas-de-reas\/#primaryimage\",\"url\":\"https:\/\/www.fiarebancaetica.coop\/app\/uploads\/sites\/2\/2023\/12\/carta-las-redes-entidades-y-personas-de-reas-por-carlos-askunce.jpg\",\"contentUrl\":\"https:\/\/www.fiarebancaetica.coop\/app\/uploads\/sites\/2\/2023\/12\/carta-las-redes-entidades-y-personas-de-reas-por-carlos-askunce.jpg\",\"width\":540,\"height\":250},{\"@type\":\"BreadcrumbList\",\"@id\":\"https:\/\/www.fiarebancaetica.coop\/gl\/carta-a-las-redes-entidades-y-personas-de-reas\/#breadcrumb\",\"itemListElement\":[{\"@type\":\"ListItem\",\"position\":1,\"name\":\"Home\",\"item\":\"https:\/\/www.fiarebancaetica.coop\/gl\/\"},{\"@type\":\"ListItem\",\"position\":2,\"name\":\"Carta a las redes, entidades y personas de REAS\"}]},{\"@type\":\"WebSite\",\"@id\":\"https:\/\/www.fiarebancaetica.coop\/gl\/#website\",\"url\":\"https:\/\/www.fiarebancaetica.coop\/gl\/\",\"name\":\"Fiare Banca Etica\",\"description\":\"\",\"potentialAction\":[{\"@type\":\"SearchAction\",\"target\":{\"@type\":\"EntryPoint\",\"urlTemplate\":\"https:\/\/www.fiarebancaetica.coop\/gl\/?s={search_term_string}\"},\"query-input\":{\"@type\":\"PropertyValueSpecification\",\"valueRequired\":true,\"valueName\":\"search_term_string\"}}],\"inLanguage\":\"gl-ES\"},{\"@type\":\"Person\",\"@id\":\"https:\/\/www.fiarebancaetica.coop\/gl\/#\/schema\/person\/579841e89c804b5db05d9141bd9b8272\",\"name\":\"crispyadmin0\",\"image\":{\"@type\":\"ImageObject\",\"inLanguage\":\"gl-ES\",\"@id\":\"https:\/\/www.fiarebancaetica.coop\/gl\/#\/schema\/person\/image\/5f3a6b7786f32f4c35bd2b1a5a4698ea\",\"url\":\"https:\/\/secure.gravatar.com\/avatar\/4d2cfb499d497b6d49da659fab7404b243a87fe8e40d2cf97a1cae48f677f5b2?s=96&d=mm&r=g\",\"contentUrl\":\"https:\/\/secure.gravatar.com\/avatar\/4d2cfb499d497b6d49da659fab7404b243a87fe8e40d2cf97a1cae48f677f5b2?s=96&d=mm&r=g\",\"caption\":\"crispyadmin0\"},\"sameAs\":[\"crispyadmin0\"]}]}<\/script>\n<!-- \/ Yoast SEO plugin. -->","yoast_head_json":{"title":"Carta a las redes, entidades y personas de REAS - Fiare Banca Etica","robots":{"index":"index","follow":"follow","max-snippet":"max-snippet:-1","max-image-preview":"max-image-preview:large","max-video-preview":"max-video-preview:-1"},"canonical":"https:\/\/www.fiarebancaetica.coop\/gl\/carta-a-las-redes-entidades-y-personas-de-reas\/","og_locale":"gl_ES","og_type":"article","og_title":"Carta a las redes, entidades y personas de REAS - Fiare Banca Etica","og_description":"Este a\u00f1o REAS Red de redes cumple 25 a\u00f1os, un hito importante que nos invita a mirar atr\u00e1s, y hacer balance de esta larga y rica trayectoria para seguir fortaleciendo esta red y promoviendo la econom\u00eda solidaria.","og_url":"https:\/\/www.fiarebancaetica.coop\/gl\/carta-a-las-redes-entidades-y-personas-de-reas\/","og_site_name":"Fiare Banca Etica","article_published_time":"2020-03-10T23:00:00+00:00","article_modified_time":"2024-02-21T14:25:54+00:00","og_image":[{"width":540,"height":250,"url":"https:\/\/www.fiarebancaetica.coop\/app\/uploads\/sites\/2\/2023\/12\/carta-las-redes-entidades-y-personas-de-reas-por-carlos-askunce.jpg","type":"image\/jpeg"}],"author":"crispyadmin0","twitter_card":"summary_large_image","schema":{"@context":"https:\/\/schema.org","@graph":[{"@type":"Article","@id":"https:\/\/www.fiarebancaetica.coop\/gl\/carta-a-las-redes-entidades-y-personas-de-reas\/#article","isPartOf":{"@id":"https:\/\/www.fiarebancaetica.coop\/gl\/carta-a-las-redes-entidades-y-personas-de-reas\/"},"author":{"name":"crispyadmin0","@id":"https:\/\/www.fiarebancaetica.coop\/gl\/#\/schema\/person\/579841e89c804b5db05d9141bd9b8272"},"headline":"Carta a las redes, entidades y personas de REAS","datePublished":"2020-03-10T23:00:00+00:00","dateModified":"2024-02-21T14:25:54+00:00","mainEntityOfPage":{"@id":"https:\/\/www.fiarebancaetica.coop\/gl\/carta-a-las-redes-entidades-y-personas-de-reas\/"},"wordCount":664,"commentCount":0,"image":{"@id":"https:\/\/www.fiarebancaetica.coop\/gl\/carta-a-las-redes-entidades-y-personas-de-reas\/#primaryimage"},"thumbnailUrl":"https:\/\/www.fiarebancaetica.coop\/app\/uploads\/sites\/2\/2023\/12\/carta-las-redes-entidades-y-personas-de-reas-por-carlos-askunce.jpg","articleSection":["Finanzas \u00c9ticas"],"inLanguage":"gl-ES","potentialAction":[{"@type":"CommentAction","name":"Comment","target":["https:\/\/www.fiarebancaetica.coop\/gl\/carta-a-las-redes-entidades-y-personas-de-reas\/#respond"]}]},{"@type":"WebPage","@id":"https:\/\/www.fiarebancaetica.coop\/gl\/carta-a-las-redes-entidades-y-personas-de-reas\/","url":"https:\/\/www.fiarebancaetica.coop\/gl\/carta-a-las-redes-entidades-y-personas-de-reas\/","name":"Carta a las redes, entidades y personas de REAS - Fiare Banca Etica","isPartOf":{"@id":"https:\/\/www.fiarebancaetica.coop\/gl\/#website"},"primaryImageOfPage":{"@id":"https:\/\/www.fiarebancaetica.coop\/gl\/carta-a-las-redes-entidades-y-personas-de-reas\/#primaryimage"},"image":{"@id":"https:\/\/www.fiarebancaetica.coop\/gl\/carta-a-las-redes-entidades-y-personas-de-reas\/#primaryimage"},"thumbnailUrl":"https:\/\/www.fiarebancaetica.coop\/app\/uploads\/sites\/2\/2023\/12\/carta-las-redes-entidades-y-personas-de-reas-por-carlos-askunce.jpg","datePublished":"2020-03-10T23:00:00+00:00","dateModified":"2024-02-21T14:25:54+00:00","author":{"@id":"https:\/\/www.fiarebancaetica.coop\/gl\/#\/schema\/person\/579841e89c804b5db05d9141bd9b8272"},"breadcrumb":{"@id":"https:\/\/www.fiarebancaetica.coop\/gl\/carta-a-las-redes-entidades-y-personas-de-reas\/#breadcrumb"},"inLanguage":"gl-ES","potentialAction":[{"@type":"ReadAction","target":["https:\/\/www.fiarebancaetica.coop\/gl\/carta-a-las-redes-entidades-y-personas-de-reas\/"]}]},{"@type":"ImageObject","inLanguage":"gl-ES","@id":"https:\/\/www.fiarebancaetica.coop\/gl\/carta-a-las-redes-entidades-y-personas-de-reas\/#primaryimage","url":"https:\/\/www.fiarebancaetica.coop\/app\/uploads\/sites\/2\/2023\/12\/carta-las-redes-entidades-y-personas-de-reas-por-carlos-askunce.jpg","contentUrl":"https:\/\/www.fiarebancaetica.coop\/app\/uploads\/sites\/2\/2023\/12\/carta-las-redes-entidades-y-personas-de-reas-por-carlos-askunce.jpg","width":540,"height":250},{"@type":"BreadcrumbList","@id":"https:\/\/www.fiarebancaetica.coop\/gl\/carta-a-las-redes-entidades-y-personas-de-reas\/#breadcrumb","itemListElement":[{"@type":"ListItem","position":1,"name":"Home","item":"https:\/\/www.fiarebancaetica.coop\/gl\/"},{"@type":"ListItem","position":2,"name":"Carta a las redes, entidades y personas de REAS"}]},{"@type":"WebSite","@id":"https:\/\/www.fiarebancaetica.coop\/gl\/#website","url":"https:\/\/www.fiarebancaetica.coop\/gl\/","name":"Fiare Banca Etica","description":"","potentialAction":[{"@type":"SearchAction","target":{"@type":"EntryPoint","urlTemplate":"https:\/\/www.fiarebancaetica.coop\/gl\/?s={search_term_string}"},"query-input":{"@type":"PropertyValueSpecification","valueRequired":true,"valueName":"search_term_string"}}],"inLanguage":"gl-ES"},{"@type":"Person","@id":"https:\/\/www.fiarebancaetica.coop\/gl\/#\/schema\/person\/579841e89c804b5db05d9141bd9b8272","name":"crispyadmin0","image":{"@type":"ImageObject","inLanguage":"gl-ES","@id":"https:\/\/www.fiarebancaetica.coop\/gl\/#\/schema\/person\/image\/5f3a6b7786f32f4c35bd2b1a5a4698ea","url":"https:\/\/secure.gravatar.com\/avatar\/4d2cfb499d497b6d49da659fab7404b243a87fe8e40d2cf97a1cae48f677f5b2?s=96&d=mm&r=g","contentUrl":"https:\/\/secure.gravatar.com\/avatar\/4d2cfb499d497b6d49da659fab7404b243a87fe8e40d2cf97a1cae48f677f5b2?s=96&d=mm&r=g","caption":"crispyadmin0"},"sameAs":["crispyadmin0"]}]}},"_links":{"self":[{"href":"https:\/\/www.fiarebancaetica.coop\/gl\/wp-json\/wp\/v2\/posts\/344405","targetHints":{"allow":["GET"]}}],"collection":[{"href":"https:\/\/www.fiarebancaetica.coop\/gl\/wp-json\/wp\/v2\/posts"}],"about":[{"href":"https:\/\/www.fiarebancaetica.coop\/gl\/wp-json\/wp\/v2\/types\/post"}],"author":[{"embeddable":true,"href":"https:\/\/www.fiarebancaetica.coop\/gl\/wp-json\/wp\/v2\/users\/2"}],"replies":[{"embeddable":true,"href":"https:\/\/www.fiarebancaetica.coop\/gl\/wp-json\/wp\/v2\/comments?post=344405"}],"version-history":[{"count":1,"href":"https:\/\/www.fiarebancaetica.coop\/gl\/wp-json\/wp\/v2\/posts\/344405\/revisions"}],"predecessor-version":[{"id":354530,"href":"https:\/\/www.fiarebancaetica.coop\/gl\/wp-json\/wp\/v2\/posts\/344405\/revisions\/354530"}],"wp:featuredmedia":[{"embeddable":true,"href":"https:\/\/www.fiarebancaetica.coop\/gl\/wp-json\/wp\/v2\/media\/329115"}],"wp:attachment":[{"href":"https:\/\/www.fiarebancaetica.coop\/gl\/wp-json\/wp\/v2\/media?parent=344405"}],"wp:term":[{"taxonomy":"category","embeddable":true,"href":"https:\/\/www.fiarebancaetica.coop\/gl\/wp-json\/wp\/v2\/categories?post=344405"},{"taxonomy":"post_tag","embeddable":true,"href":"https:\/\/www.fiarebancaetica.coop\/gl\/wp-json\/wp\/v2\/tags?post=344405"},{"taxonomy":"author","embeddable":true,"href":"https:\/\/www.fiarebancaetica.coop\/gl\/wp-json\/wp\/v2\/coauthors?post=344405"}],"curies":[{"name":"wp","href":"https:\/\/api.w.org\/{rel}","templated":true}]}}