{"id":344447,"date":"2020-02-11T00:00:00","date_gmt":"2020-02-10T23:00:00","guid":{"rendered":"https:\/\/www.fiarebancaetica.coop\/honduras-el-cafe-como-medio-de-vida\/"},"modified":"2024-02-21T15:26:32","modified_gmt":"2024-02-21T14:26:32","slug":"honduras-el-cafe-como-medio-de-vida","status":"publish","type":"post","link":"https:\/\/www.fiarebancaetica.coop\/gl\/honduras-el-cafe-como-medio-de-vida\/","title":{"rendered":"Honduras, el caf\u00e9 como medio de vida"},"content":{"rendered":"\n\n<div class=\"wp-block-bancaetica-blocks-blocks-block-49\">\n    <div class=\"container-block-49\">\n\n        <div class=\"header-section \">\n                            <h1 class=\"section-title\"> Etica e cooperativa <\/h1>\n                                            <\/div>\n\n        \n        <div class=\"block-background\" style=\"background-image: url('https:\/\/www.fiarebancaetica.coop\/app\/uploads\/sites\/2\/2023\/12\/honduras-el-cafe-como-medio-de-vida.jpg')\">\n                            <div class=\"tile\">\n                    <h1 class=\"image-title\"> Honduras, el caf\u00e9 como medio de vida <\/h1>\n                <\/div>             <!-- end .tile -->\n            <div class=\"bottom-content\">\n                            <\/div> <!-- end .button-content -->\n        <\/div> <!-- end .block-background -->\n    <\/div> <!-- end .container -->\n<\/div> <!-- end wp-block-bancaetica-blocks-blocks-block-06 -->\n\n\n<div class=\"wrapper-crispybacon-class wrapper-crispybacon-class-boxed \">\n    <p><em><strong>Por Andr\u00e9s, Bruno, Alba &#8211; <a href=\"https:\/\/www.fiarebancaetica.coop\/blog\/jovenes-por-las-finanzas-eticas\">#J\u00f3venesXFiare<\/a><\/strong><\/em><\/p>\n<p>Viajamos a Honduras a principios de enero con la iniciativa&nbsp;<a href=\"https:\/\/www.fiarebancaetica.coop\/blog\/jovenes-por-las-finanzas-eticas\"><strong>#J\u00f3venesXFiare. <\/strong><\/a>\u00cdbamos a conocer algunos proyectos de la Econom\u00eda social y Solidaria, de la mano de Fiare Banca Etica y <a href=\"https:\/\/microfides.com\/\">Microfides<\/a><span>*<\/span><a href=\"https:\/\/microfides.com\/\">,<\/a> pero sab\u00edamos m\u00e1s bien poco c\u00f3mo recoger y contar la experiencia.<\/p>\n<p>Poco sab\u00edamos del pa\u00eds, m\u00e1s all\u00e1 de las noticias alarmistas que nos llegan de violencias (narco, maras, inseguridad, etc), y nos encontramos con algo muy distinto. La violencia no se siente a flor de piel, no es vibrante. Y no es que no existan: <strong>hay violencias, la mayor\u00eda producto de las desigualdades<\/strong>, <strong>pero tambi\u00e9n hay cosas que los medios no cuentan.<\/strong> De hecho, las remesas que mandan las personas migradas -la mayor\u00eda desde Estados Unidos y Espa\u00f1a- son la principal fuente de ingresos para el pa\u00eds.<\/p>\n<h2>\n\tLa financiaci\u00f3n para quienes trabajan la tierra<\/h2>\n<p>En nuestra ruta visitamos tres de los departamentos m\u00e1s empobrecidos -seg\u00fan criterios capitalistas y productivistas- de Honduras (Lempira, Intibuc\u00e1, y La Paz), y por lo tanto, uno de los que m\u00e1s remesas recibe, dada la gran cantidad de personas que se han ido de su casa buscando incrementar el ingreso econ\u00f3mico en sus familias. Ah\u00ed conocimos <strong><a href=\"https:\/\/cacil.coop\/\">CACIL (Cooperativa de Ahorro y Cr\u00e9dito Intibucana Limitada).<\/a><\/strong><\/p>\n<p><img decoding=\"async\" alt=\"\" src=\"http:\/\/www.fiarebancaetica.coop\/app\/uploads\/sites\/2\/2023\/12\/2.jpg\" style=\"width: 550px;\" \/><br \/>\n\t<br \/>\n\tEsta cooperativa, que cuenta m\u00e1s de 55.000 personas socias, trabaja en esos departamentos. <a href=\"https:\/\/microfides.com\/\"><strong>Microfides<\/strong><\/a>, la fundaci\u00f3n que ha facilitado gran parte de nuestro viaje, les financia una parte de los microcr\u00e9ditos a campesinas y campesinos. Tienen trabajadoras y trabajadores que se desplazan por el territorio para llegar a todas las fincas y comunidades m\u00e1s alejadas de la zona urbana y eso les permite tejer cercan\u00edas y conocer a todas las asociadas. Y es que su eje fundacional y fundamental es <strong>garantizar y promover el acceso a cr\u00e9dito de todas las personas<\/strong>, especialmente aquellas que no logran financiamiento de bancos convencionales o a quienes se les dificulta manejar los mecanismos para ello.<\/p>\n<p><img decoding=\"async\" alt=\"\" src=\"http:\/\/www.fiarebancaetica.coop\/app\/uploads\/sites\/2\/2023\/12\/5.jpg\" style=\"width: 550px; height: 288px;\" \/><br \/>\n\t<br \/>\n\tEn uno de los<em> carros<\/em> todoterreno que usan las trabajadoras para lograr llegar a sus clientes a pesar de los caminos, nos llevaron a visitar algunos de sus socios y socias: familias, grupos de campesinas o personas individuales que reciben distintos y variados microcr\u00e9ditos para sacar adelante sus cosechas.<\/p>\n<h2>\n\tOro Verde para tostar<\/h2>\n<p><strong>El segundo ingreso estatal es el caf\u00e9, que representaba en 2019 m\u00e1s del 40% de las ventas al exterior<\/strong> seg\u00fan indicadores del Banco Central de Honduras. Este junto a las remesas sostienen la econom\u00eda nacional. la econom\u00eda nacional. Honduras es el tercer pa\u00eds latinoamericano exportador de este producto despu\u00e9s de Colombia y Brasil, y el quinto a nivel mundial.<\/p>\n<p><img decoding=\"async\" alt=\"\" src=\"http:\/\/www.fiarebancaetica.coop\/app\/uploads\/sites\/2\/2023\/12\/4.jpg\" style=\"width: 550px; height: 338px;\" \/><br \/>\n\t<br \/>\n\tEn este&nbsp; viaje tambi\u00e9n hemos conocido muchos <strong>proyectos que priorizan la forma de organizaci\u00f3n colectiva y tienen un impacto social positivo en la comunidad <\/strong>y el territorio en el que se encuentran. Una de ellas es <a href=\"http:\/\/cocafelol.org\/\"><strong>COCAFELOL (Cooperativa Cafetalera Ecol\u00f3gica La Labor Ocotepeque Limitada)<\/strong><\/a>, integrada por unas 500 personas socias. Tiene una fuerte apuesta por el <strong>aprovechamiento de todas las materias y residuos resultantes del procesado del caf\u00e9 para elaborar abono<\/strong>. Nos sorprendi\u00f3 ver a tantos y tantas j\u00f3venes en todas las \u00e1reas del proceso productivo, incluso en los \u00f3rganos de direcci\u00f3n.<\/p>\n<p><img decoding=\"async\" alt=\"\" src=\"http:\/\/www.fiarebancaetica.coop\/app\/uploads\/sites\/2\/2023\/12\/3-scaled.jpg\" style=\"width: 550px;\" \/><\/p>\n<p>Otro gran referente en el sector cafetalero que tiene pr\u00e1cticas propias de la econom\u00eda social es<a href=\"https:\/\/www.comsa.hn\/en\/\"><strong> COMSA (Caf\u00e9 Org\u00e1nico Marcala Sociedad An\u00f3nima)<\/strong><\/a>. A\u00fan siendo una SA, tiende a una <strong>gobernanza cooperativa <\/strong>de asambleas anuales y comisiones por \u00e1mbitos, de la que las 1556 socias actuales <strong>participan bajo el principio de una persona un voto.<\/strong> Invierten gran parte de los beneficios en proyectos como la escuela alternativa o su enfoque en la agricultura org\u00e1nica. Por eso dicen que &#8220;el caf\u00e9 no es el fin, sino el medio&#8221; para la transformaci\u00f3n.<\/p>\n<p><img decoding=\"async\" alt=\"\" src=\"http:\/\/www.fiarebancaetica.coop\/app\/uploads\/sites\/2\/2023\/12\/1-scaled.jpg\" style=\"width: 550px; height: 315px;\" \/><\/p>\n<p>El \u00fatlimo proyecto visitado nos mostr\u00f3 donde estaban las mujeres que aparentemente faltaban en las cooperativas, fue <a href=\"http:\/\/amprocal.org\/\"><strong>AMPROCAL (Asociaci\u00f3n de Mujeres Procesadoras de Caf\u00e9 La Labor)<\/strong><\/a>. Ellas comenzaron como un grupo de productoras que buscaban un hueco en el mercado del caf\u00e9, y lo encontraron en el tostado. Son de las <strong>\u00fanicas que tuestan el caf\u00e9 que producen sus socias<\/strong> (la mayor\u00eda de cooperativas y empresas lo dejan en &#8220;oro verde&#8221; -sin tostar-, listo para exportar). Se\u00f1alan que ha servido para que las productoras y productores &#8220;prueben y disfruten el caf\u00e9 que producen&#8221;, porque en Honduras se consumen los granos con m\u00e1s defectos, y los deshechos de la cosecha.<\/p>\n\n\t<div class=\"media_embed\">\n\t\t<blockquote class=\"twitter-tweet\" height=\"\" width=\"\">\n\t\t\t<p dir=\"ltr\" lang=\"es\">AMPROCAL es otro de los <a href=\"https:\/\/twitter.com\/hashtag\/ProyectosFinanciados?src=hash&amp;ref_src=twsrc%5Etfw\">#ProyectosFinanciados<\/a> que han vistado estos d\u00edas <a href=\"https:\/\/twitter.com\/hashtag\/J%C3%B3venesXFiare?src=hash&amp;ref_src=twsrc%5Etfw\">#J\u00f3venesXFiare<\/a>. <a href=\"https:\/\/twitter.com\/AMPRO16?ref_src=twsrc%5Etfw\">@AMPRO16<\/a> es una asociaci\u00f3n de Mujeres Procesadoras de Caf\u00e9. Las socias son m\u00e1s de 100 mujeres que han tomado las riendas tanto en el proceso productivo como en la toma de decisiones. <a href=\"https:\/\/t.co\/87HnQwl5df\">pic.twitter.com\/87HnQwl5df<\/a><\/p>\n\t\t\t\u2014 Fiare Banca Etica (@fiareBE) <a href=\"https:\/\/twitter.com\/fiareBE\/status\/1218110502640988160?ref_src=twsrc%5Etfw\">January 17, 2020<\/a><\/blockquote>\n\t\t<script async=\"\" charset=\"utf-8\" height=\"\" src=\"https:\/\/platform.twitter.com\/widgets.js\" width=\"\">\n\t\t<\/script>\n\t<\/div>\n\n\t<em>[*] Microfides trabaja para ayudar a mujeres a salir de la pobreza y fomentar un desarrollo humano y sostenible. Para ello facilitan la financiaci\u00f3n que les permita crear y mantener medios de subsistencia y generar y acumular ahorro para afrontar mejor los gastos de educaci\u00f3n, alimentaci\u00f3n, salud, etc, y los riesgos existentes. Lo hacen trabajando dos aspectos de una misma realidad social: ofreciendo pr\u00e9stamos a organizaciones rurales y sin \u00e1nimo de lucro en pa\u00edses del Sur para que ofrezcan microcr\u00e9ditos, capacitaci\u00f3n y participaci\u00f3n a mujeres campesinas. Por otro lado promocionan unas finanzas \u00e9ticas, al servicio de las personas, a trav\u00e9s de su colaboraci\u00f3n con Fiare Banca Etica.<\/em><\/div>\n<div>\n\t&nbsp;<\/div>\n<p><script src=\"https:\/\/platform.twitter.com\/widgets.js\" charset=\"utf-8\" type=\"text\/javascript\"><\/script><\/p>\n<\/div>","protected":false},"excerpt":{"rendered":"<p>Ca\u00edmos en Honduras sin saber muy bien lo que \u00edbamos a encontrar. La misi\u00f3n era conocer algunos proyectos de la Econom\u00eda social y Solidaria, de la mano de Fiare Banca Etica y Microfides, pero sab\u00edamos m\u00e1s bien poco como cumplir el encargo de recoger y contar la experiencia.<\/p>\n","protected":false},"author":2,"featured_media":329060,"comment_status":"open","ping_status":"closed","sticky":false,"template":"","format":"standard","meta":{"_acf_changed":false,"footnotes":""},"categories":[11645],"tags":[],"coauthors":[],"class_list":["post-344447","post","type-post","status-publish","format-standard","has-post-thumbnail","hentry","category-finanzas-eticas"],"acf":[],"yoast_head":"<!-- This site is optimized with the Yoast SEO plugin v26.9 - https:\/\/yoast.com\/product\/yoast-seo-wordpress\/ -->\n<title>Honduras, el caf\u00e9 como medio de vida - Fiare Banca Etica<\/title>\n<meta name=\"robots\" content=\"index, follow, max-snippet:-1, max-image-preview:large, max-video-preview:-1\" \/>\n<link rel=\"canonical\" href=\"https:\/\/www.fiarebancaetica.coop\/gl\/honduras-el-cafe-como-medio-de-vida\/\" \/>\n<meta property=\"og:locale\" content=\"gl_ES\" \/>\n<meta property=\"og:type\" content=\"article\" \/>\n<meta property=\"og:title\" content=\"Honduras, el caf\u00e9 como medio de vida - Fiare Banca Etica\" \/>\n<meta property=\"og:description\" content=\"Ca\u00edmos en Honduras sin saber muy bien lo que \u00edbamos a encontrar. La misi\u00f3n era conocer algunos proyectos de la Econom\u00eda social y Solidaria, de la mano de Fiare Banca Etica y Microfides, pero sab\u00edamos m\u00e1s bien poco como cumplir el encargo de recoger y contar la experiencia.\" \/>\n<meta property=\"og:url\" content=\"https:\/\/www.fiarebancaetica.coop\/gl\/honduras-el-cafe-como-medio-de-vida\/\" \/>\n<meta property=\"og:site_name\" content=\"Fiare Banca Etica\" \/>\n<meta property=\"article:published_time\" content=\"2020-02-10T23:00:00+00:00\" \/>\n<meta property=\"article:modified_time\" content=\"2024-02-21T14:26:32+00:00\" \/>\n<meta property=\"og:image\" content=\"https:\/\/www.fiarebancaetica.coop\/app\/uploads\/sites\/2\/2023\/12\/honduras-el-cafe-como-medio-de-vida.jpg\" \/>\n\t<meta property=\"og:image:width\" content=\"1154\" \/>\n\t<meta property=\"og:image:height\" content=\"604\" \/>\n\t<meta property=\"og:image:type\" content=\"image\/jpeg\" \/>\n<meta name=\"author\" content=\"crispyadmin0\" \/>\n<meta name=\"twitter:card\" content=\"summary_large_image\" \/>\n<script type=\"application\/ld+json\" class=\"yoast-schema-graph\">{\"@context\":\"https:\/\/schema.org\",\"@graph\":[{\"@type\":\"Article\",\"@id\":\"https:\/\/www.fiarebancaetica.coop\/gl\/honduras-el-cafe-como-medio-de-vida\/#article\",\"isPartOf\":{\"@id\":\"https:\/\/www.fiarebancaetica.coop\/gl\/honduras-el-cafe-como-medio-de-vida\/\"},\"author\":{\"name\":\"crispyadmin0\",\"@id\":\"https:\/\/www.fiarebancaetica.coop\/gl\/#\/schema\/person\/579841e89c804b5db05d9141bd9b8272\"},\"headline\":\"Honduras, el caf\u00e9 como medio de vida\",\"datePublished\":\"2020-02-10T23:00:00+00:00\",\"dateModified\":\"2024-02-21T14:26:32+00:00\",\"mainEntityOfPage\":{\"@id\":\"https:\/\/www.fiarebancaetica.coop\/gl\/honduras-el-cafe-como-medio-de-vida\/\"},\"wordCount\":946,\"commentCount\":0,\"image\":{\"@id\":\"https:\/\/www.fiarebancaetica.coop\/gl\/honduras-el-cafe-como-medio-de-vida\/#primaryimage\"},\"thumbnailUrl\":\"https:\/\/www.fiarebancaetica.coop\/app\/uploads\/sites\/2\/2023\/12\/honduras-el-cafe-como-medio-de-vida.jpg\",\"articleSection\":[\"Finanzas \u00c9ticas\"],\"inLanguage\":\"gl-ES\",\"potentialAction\":[{\"@type\":\"CommentAction\",\"name\":\"Comment\",\"target\":[\"https:\/\/www.fiarebancaetica.coop\/gl\/honduras-el-cafe-como-medio-de-vida\/#respond\"]}]},{\"@type\":\"WebPage\",\"@id\":\"https:\/\/www.fiarebancaetica.coop\/gl\/honduras-el-cafe-como-medio-de-vida\/\",\"url\":\"https:\/\/www.fiarebancaetica.coop\/gl\/honduras-el-cafe-como-medio-de-vida\/\",\"name\":\"Honduras, el caf\u00e9 como medio de vida - Fiare Banca Etica\",\"isPartOf\":{\"@id\":\"https:\/\/www.fiarebancaetica.coop\/gl\/#website\"},\"primaryImageOfPage\":{\"@id\":\"https:\/\/www.fiarebancaetica.coop\/gl\/honduras-el-cafe-como-medio-de-vida\/#primaryimage\"},\"image\":{\"@id\":\"https:\/\/www.fiarebancaetica.coop\/gl\/honduras-el-cafe-como-medio-de-vida\/#primaryimage\"},\"thumbnailUrl\":\"https:\/\/www.fiarebancaetica.coop\/app\/uploads\/sites\/2\/2023\/12\/honduras-el-cafe-como-medio-de-vida.jpg\",\"datePublished\":\"2020-02-10T23:00:00+00:00\",\"dateModified\":\"2024-02-21T14:26:32+00:00\",\"author\":{\"@id\":\"https:\/\/www.fiarebancaetica.coop\/gl\/#\/schema\/person\/579841e89c804b5db05d9141bd9b8272\"},\"breadcrumb\":{\"@id\":\"https:\/\/www.fiarebancaetica.coop\/gl\/honduras-el-cafe-como-medio-de-vida\/#breadcrumb\"},\"inLanguage\":\"gl-ES\",\"potentialAction\":[{\"@type\":\"ReadAction\",\"target\":[\"https:\/\/www.fiarebancaetica.coop\/gl\/honduras-el-cafe-como-medio-de-vida\/\"]}]},{\"@type\":\"ImageObject\",\"inLanguage\":\"gl-ES\",\"@id\":\"https:\/\/www.fiarebancaetica.coop\/gl\/honduras-el-cafe-como-medio-de-vida\/#primaryimage\",\"url\":\"https:\/\/www.fiarebancaetica.coop\/app\/uploads\/sites\/2\/2023\/12\/honduras-el-cafe-como-medio-de-vida.jpg\",\"contentUrl\":\"https:\/\/www.fiarebancaetica.coop\/app\/uploads\/sites\/2\/2023\/12\/honduras-el-cafe-como-medio-de-vida.jpg\",\"width\":1154,\"height\":604},{\"@type\":\"BreadcrumbList\",\"@id\":\"https:\/\/www.fiarebancaetica.coop\/gl\/honduras-el-cafe-como-medio-de-vida\/#breadcrumb\",\"itemListElement\":[{\"@type\":\"ListItem\",\"position\":1,\"name\":\"Home\",\"item\":\"https:\/\/www.fiarebancaetica.coop\/gl\/\"},{\"@type\":\"ListItem\",\"position\":2,\"name\":\"Honduras, el caf\u00e9 como medio de vida\"}]},{\"@type\":\"WebSite\",\"@id\":\"https:\/\/www.fiarebancaetica.coop\/gl\/#website\",\"url\":\"https:\/\/www.fiarebancaetica.coop\/gl\/\",\"name\":\"Fiare Banca Etica\",\"description\":\"\",\"potentialAction\":[{\"@type\":\"SearchAction\",\"target\":{\"@type\":\"EntryPoint\",\"urlTemplate\":\"https:\/\/www.fiarebancaetica.coop\/gl\/?s={search_term_string}\"},\"query-input\":{\"@type\":\"PropertyValueSpecification\",\"valueRequired\":true,\"valueName\":\"search_term_string\"}}],\"inLanguage\":\"gl-ES\"},{\"@type\":\"Person\",\"@id\":\"https:\/\/www.fiarebancaetica.coop\/gl\/#\/schema\/person\/579841e89c804b5db05d9141bd9b8272\",\"name\":\"crispyadmin0\",\"image\":{\"@type\":\"ImageObject\",\"inLanguage\":\"gl-ES\",\"@id\":\"https:\/\/www.fiarebancaetica.coop\/gl\/#\/schema\/person\/image\/5f3a6b7786f32f4c35bd2b1a5a4698ea\",\"url\":\"https:\/\/secure.gravatar.com\/avatar\/4d2cfb499d497b6d49da659fab7404b243a87fe8e40d2cf97a1cae48f677f5b2?s=96&d=mm&r=g\",\"contentUrl\":\"https:\/\/secure.gravatar.com\/avatar\/4d2cfb499d497b6d49da659fab7404b243a87fe8e40d2cf97a1cae48f677f5b2?s=96&d=mm&r=g\",\"caption\":\"crispyadmin0\"},\"sameAs\":[\"crispyadmin0\"]}]}<\/script>\n<!-- \/ Yoast SEO plugin. -->","yoast_head_json":{"title":"Honduras, el caf\u00e9 como medio de vida - Fiare Banca Etica","robots":{"index":"index","follow":"follow","max-snippet":"max-snippet:-1","max-image-preview":"max-image-preview:large","max-video-preview":"max-video-preview:-1"},"canonical":"https:\/\/www.fiarebancaetica.coop\/gl\/honduras-el-cafe-como-medio-de-vida\/","og_locale":"gl_ES","og_type":"article","og_title":"Honduras, el caf\u00e9 como medio de vida - Fiare Banca Etica","og_description":"Ca\u00edmos en Honduras sin saber muy bien lo que \u00edbamos a encontrar. La misi\u00f3n era conocer algunos proyectos de la Econom\u00eda social y Solidaria, de la mano de Fiare Banca Etica y Microfides, pero sab\u00edamos m\u00e1s bien poco como cumplir el encargo de recoger y contar la experiencia.","og_url":"https:\/\/www.fiarebancaetica.coop\/gl\/honduras-el-cafe-como-medio-de-vida\/","og_site_name":"Fiare Banca Etica","article_published_time":"2020-02-10T23:00:00+00:00","article_modified_time":"2024-02-21T14:26:32+00:00","og_image":[{"width":1154,"height":604,"url":"https:\/\/www.fiarebancaetica.coop\/app\/uploads\/sites\/2\/2023\/12\/honduras-el-cafe-como-medio-de-vida.jpg","type":"image\/jpeg"}],"author":"crispyadmin0","twitter_card":"summary_large_image","schema":{"@context":"https:\/\/schema.org","@graph":[{"@type":"Article","@id":"https:\/\/www.fiarebancaetica.coop\/gl\/honduras-el-cafe-como-medio-de-vida\/#article","isPartOf":{"@id":"https:\/\/www.fiarebancaetica.coop\/gl\/honduras-el-cafe-como-medio-de-vida\/"},"author":{"name":"crispyadmin0","@id":"https:\/\/www.fiarebancaetica.coop\/gl\/#\/schema\/person\/579841e89c804b5db05d9141bd9b8272"},"headline":"Honduras, el caf\u00e9 como medio de vida","datePublished":"2020-02-10T23:00:00+00:00","dateModified":"2024-02-21T14:26:32+00:00","mainEntityOfPage":{"@id":"https:\/\/www.fiarebancaetica.coop\/gl\/honduras-el-cafe-como-medio-de-vida\/"},"wordCount":946,"commentCount":0,"image":{"@id":"https:\/\/www.fiarebancaetica.coop\/gl\/honduras-el-cafe-como-medio-de-vida\/#primaryimage"},"thumbnailUrl":"https:\/\/www.fiarebancaetica.coop\/app\/uploads\/sites\/2\/2023\/12\/honduras-el-cafe-como-medio-de-vida.jpg","articleSection":["Finanzas \u00c9ticas"],"inLanguage":"gl-ES","potentialAction":[{"@type":"CommentAction","name":"Comment","target":["https:\/\/www.fiarebancaetica.coop\/gl\/honduras-el-cafe-como-medio-de-vida\/#respond"]}]},{"@type":"WebPage","@id":"https:\/\/www.fiarebancaetica.coop\/gl\/honduras-el-cafe-como-medio-de-vida\/","url":"https:\/\/www.fiarebancaetica.coop\/gl\/honduras-el-cafe-como-medio-de-vida\/","name":"Honduras, el caf\u00e9 como medio de vida - Fiare Banca Etica","isPartOf":{"@id":"https:\/\/www.fiarebancaetica.coop\/gl\/#website"},"primaryImageOfPage":{"@id":"https:\/\/www.fiarebancaetica.coop\/gl\/honduras-el-cafe-como-medio-de-vida\/#primaryimage"},"image":{"@id":"https:\/\/www.fiarebancaetica.coop\/gl\/honduras-el-cafe-como-medio-de-vida\/#primaryimage"},"thumbnailUrl":"https:\/\/www.fiarebancaetica.coop\/app\/uploads\/sites\/2\/2023\/12\/honduras-el-cafe-como-medio-de-vida.jpg","datePublished":"2020-02-10T23:00:00+00:00","dateModified":"2024-02-21T14:26:32+00:00","author":{"@id":"https:\/\/www.fiarebancaetica.coop\/gl\/#\/schema\/person\/579841e89c804b5db05d9141bd9b8272"},"breadcrumb":{"@id":"https:\/\/www.fiarebancaetica.coop\/gl\/honduras-el-cafe-como-medio-de-vida\/#breadcrumb"},"inLanguage":"gl-ES","potentialAction":[{"@type":"ReadAction","target":["https:\/\/www.fiarebancaetica.coop\/gl\/honduras-el-cafe-como-medio-de-vida\/"]}]},{"@type":"ImageObject","inLanguage":"gl-ES","@id":"https:\/\/www.fiarebancaetica.coop\/gl\/honduras-el-cafe-como-medio-de-vida\/#primaryimage","url":"https:\/\/www.fiarebancaetica.coop\/app\/uploads\/sites\/2\/2023\/12\/honduras-el-cafe-como-medio-de-vida.jpg","contentUrl":"https:\/\/www.fiarebancaetica.coop\/app\/uploads\/sites\/2\/2023\/12\/honduras-el-cafe-como-medio-de-vida.jpg","width":1154,"height":604},{"@type":"BreadcrumbList","@id":"https:\/\/www.fiarebancaetica.coop\/gl\/honduras-el-cafe-como-medio-de-vida\/#breadcrumb","itemListElement":[{"@type":"ListItem","position":1,"name":"Home","item":"https:\/\/www.fiarebancaetica.coop\/gl\/"},{"@type":"ListItem","position":2,"name":"Honduras, el caf\u00e9 como medio de vida"}]},{"@type":"WebSite","@id":"https:\/\/www.fiarebancaetica.coop\/gl\/#website","url":"https:\/\/www.fiarebancaetica.coop\/gl\/","name":"Fiare Banca Etica","description":"","potentialAction":[{"@type":"SearchAction","target":{"@type":"EntryPoint","urlTemplate":"https:\/\/www.fiarebancaetica.coop\/gl\/?s={search_term_string}"},"query-input":{"@type":"PropertyValueSpecification","valueRequired":true,"valueName":"search_term_string"}}],"inLanguage":"gl-ES"},{"@type":"Person","@id":"https:\/\/www.fiarebancaetica.coop\/gl\/#\/schema\/person\/579841e89c804b5db05d9141bd9b8272","name":"crispyadmin0","image":{"@type":"ImageObject","inLanguage":"gl-ES","@id":"https:\/\/www.fiarebancaetica.coop\/gl\/#\/schema\/person\/image\/5f3a6b7786f32f4c35bd2b1a5a4698ea","url":"https:\/\/secure.gravatar.com\/avatar\/4d2cfb499d497b6d49da659fab7404b243a87fe8e40d2cf97a1cae48f677f5b2?s=96&d=mm&r=g","contentUrl":"https:\/\/secure.gravatar.com\/avatar\/4d2cfb499d497b6d49da659fab7404b243a87fe8e40d2cf97a1cae48f677f5b2?s=96&d=mm&r=g","caption":"crispyadmin0"},"sameAs":["crispyadmin0"]}]}},"_links":{"self":[{"href":"https:\/\/www.fiarebancaetica.coop\/gl\/wp-json\/wp\/v2\/posts\/344447","targetHints":{"allow":["GET"]}}],"collection":[{"href":"https:\/\/www.fiarebancaetica.coop\/gl\/wp-json\/wp\/v2\/posts"}],"about":[{"href":"https:\/\/www.fiarebancaetica.coop\/gl\/wp-json\/wp\/v2\/types\/post"}],"author":[{"embeddable":true,"href":"https:\/\/www.fiarebancaetica.coop\/gl\/wp-json\/wp\/v2\/users\/2"}],"replies":[{"embeddable":true,"href":"https:\/\/www.fiarebancaetica.coop\/gl\/wp-json\/wp\/v2\/comments?post=344447"}],"version-history":[{"count":1,"href":"https:\/\/www.fiarebancaetica.coop\/gl\/wp-json\/wp\/v2\/posts\/344447\/revisions"}],"predecessor-version":[{"id":354491,"href":"https:\/\/www.fiarebancaetica.coop\/gl\/wp-json\/wp\/v2\/posts\/344447\/revisions\/354491"}],"wp:featuredmedia":[{"embeddable":true,"href":"https:\/\/www.fiarebancaetica.coop\/gl\/wp-json\/wp\/v2\/media\/329060"}],"wp:attachment":[{"href":"https:\/\/www.fiarebancaetica.coop\/gl\/wp-json\/wp\/v2\/media?parent=344447"}],"wp:term":[{"taxonomy":"category","embeddable":true,"href":"https:\/\/www.fiarebancaetica.coop\/gl\/wp-json\/wp\/v2\/categories?post=344447"},{"taxonomy":"post_tag","embeddable":true,"href":"https:\/\/www.fiarebancaetica.coop\/gl\/wp-json\/wp\/v2\/tags?post=344447"},{"taxonomy":"author","embeddable":true,"href":"https:\/\/www.fiarebancaetica.coop\/gl\/wp-json\/wp\/v2\/coauthors?post=344447"}],"curies":[{"name":"wp","href":"https:\/\/api.w.org\/{rel}","templated":true}]}}