{"id":344510,"date":"2019-12-09T00:00:00","date_gmt":"2019-12-08T23:00:00","guid":{"rendered":"https:\/\/www.fiarebancaetica.coop\/v-i-serveis-por-una-movilidad-sostenible\/"},"modified":"2024-02-21T15:28:42","modified_gmt":"2024-02-21T14:28:42","slug":"v-i-serveis-por-una-movilidad-sostenible","status":"publish","type":"post","link":"https:\/\/www.fiarebancaetica.coop\/gl\/v-i-serveis-por-una-movilidad-sostenible\/","title":{"rendered":"V.I.Serveis, por una movilidad sostenible"},"content":{"rendered":"\n\n<div class=\"wp-block-bancaetica-blocks-blocks-block-49\">\n    <div class=\"container-block-49\">\n\n        <div class=\"header-section \">\n                            <h1 class=\"section-title\"> Etica e cooperativa <\/h1>\n                                            <\/div>\n\n        \n        <div class=\"block-background\" style=\"background-image: url('https:\/\/www.fiarebancaetica.coop\/app\/uploads\/sites\/2\/2023\/12\/viserveis-por-una-movilidad-sostenible.jpg')\">\n                            <div class=\"tile\">\n                    <h1 class=\"image-title\"> V.I.Serveis, por una movilidad sostenible <\/h1>\n                <\/div>             <!-- end .tile -->\n            <div class=\"bottom-content\">\n                            <\/div> <!-- end .button-content -->\n        <\/div> <!-- end .block-background -->\n    <\/div> <!-- end .container -->\n<\/div> <!-- end wp-block-bancaetica-blocks-blocks-block-06 -->\n\n\n<div class=\"wrapper-crispybacon-class wrapper-crispybacon-class-boxed \">\n    <p><a href=\"#ca\">Catal\u00e0<\/a><\/p>\n<p><br \/>\n\t<a href=\"http:\/\/www.viserveis.cat\">V.I. Serveis<\/a> nace hace ya seis a\u00f1os cuando cuatro compa\u00f1eros de trabajo, al cerrar la empresa donde trabajaban, deciden convertirse en socios constituyendo una cooperativa: Serveis del Vehicle Industrial SCCL. La iniciativa nace como servicio de postventa en el sector del transporte urbano.<\/p>\n<p>Ofrecen un servicio integral a veh\u00edculos industriales. Un servicio de calidad con personal cualificado, especializado en nuevas tecnolog\u00edas y polivalente, capaz de reparar cualquier sistema o componente del veh\u00edculo.<br \/>\n\t<br \/>\n\tInician el proyecto con el objetivo de construir un taller que cumpla con los requisitos y exigencias del mercado actual. En el camino, han ido enfocando sus esfuerzos hacia una meta com\u00fan: ser el primer taller especializado en autobuses h\u00edbridos, 100% el\u00e9ctricos y nuevas tecnolog\u00edas de propulsi\u00f3n.<\/p>\n<h2>\n\tMovilidad sostenible<\/h2>\n<p>Los conceptos de electromovilidad, cero emisiones, energ\u00edas limpias y veh\u00edculos 100% el\u00e9ctricos, que en el sector representan el futuro, para V.I. Serveis se han convertido en una realidad y forma parte de su actividad diaria. La sostenibilidad y el uso de energ\u00edas renovables es la l\u00ednea a seguir por la entidad.<\/p>\n<p><img decoding=\"async\" alt=\"\" src=\"http:\/\/www.fiarebancaetica.coop\/app\/uploads\/sites\/2\/2023\/12\/viserveis2.jpg\" style=\"width: 540px; height: 250px;\" \/><\/p>\n<h2>\n\tExperiencia m\u00e1s innovaci\u00f3n<\/h2>\n<p>El equipo de V.I.Serveis, formado por 33 personas, se basa en la idea de un aprendizaje en doble direcci\u00f3n: combinar la experiencia de los t\u00e9cnicos \u201csenior\u201d con las inquietudes de los t\u00e9cnicos \u201cjunior\u201d. Esto, traducido en un intercambio de conocimientos y vivencias, les permite crecer como equipo y fortalecer las habilidades individuales: por un lado, las personas con m\u00e1s a\u00f1os de experiencia forman a los m\u00e1s j\u00f3venes; y por su parte, las nuevas generaciones aportan destreza en el manejo de las \u00faltimas tecnolog\u00edas.<\/p>\n<h2>\n\tFormaci\u00f3n, clave del \u00e9xito<\/h2>\n<p>Destina cada a\u00f1o gran parte de sus recursos econ\u00f3micos a la formaci\u00f3n continua de todo el personal, centrada en nuevos m\u00e9todos de trabajo y, sobre todo, en las avanzadas tecnolog\u00edas del transporte.<br \/>\n\tSu principal motivaci\u00f3n es seguir mejorando como organizaci\u00f3n, optimizando&nbsp; recursos, equipamientos y, sobre&nbsp; todo, invirtiendo en el factor humano, la clave del \u00e9xito de la cooperativa.<\/p>\n<p><img decoding=\"async\" alt=\"\" src=\"http:\/\/www.fiarebancaetica.coop\/app\/uploads\/sites\/2\/2023\/12\/viserveis4.jpg\" style=\"width: 540px; height: 250px;\" \/><\/p>\n<h2>\n\tAcercando el sector a los j\u00f3venes<\/h2>\n<p>La cooperativa participa adem\u00e1s en diferentes jornadas y formaciones con el objetivo de que los j\u00f3venes conozcan las diferentes salidas profesionales del sector del veh\u00edculo el\u00e9ctrico industrial dando a conocer los estudios de Formaci\u00f3n Profesional ligados al sector de los veh\u00edculos industriales h\u00edbridos y el\u00e9ctricos y las diferentes salidas que \u00e9stos tienen. En las diferentes jornadas los j\u00f3venes pueden conocer de primera mano las profesiones de futuro asociadas a este sector, realizando en muchos casos talleres pr\u00e1cticos.<\/p>\n<p><img decoding=\"async\" alt=\"\" src=\"http:\/\/www.fiarebancaetica.coop\/app\/uploads\/sites\/2\/2023\/12\/viserveis3.jpg\" style=\"width: 540px; height: 250px;\" \/><\/p>\n<h2>\n\tBarcelona pionera en movilidad sostenible<\/h2>\n<p>V.I.Serveis es la entidad que ha ganado el concurso del Ayuntamiento de Barcelona para el mantenimiento de la flota de autobuses el\u00e9ctricos. La ciudad condal es pionera en movilidad sostenible y Viserveis es parte de esta proyecci\u00f3n.<br \/>\n\t<br \/>\n\tActualmente hay siete veh\u00edculos de cero emisiones prestando servicio en la ciudad Condal. El objetivo es tener una flota 100% sostenible en el 2030, sin ning\u00fan veh\u00edculo di\u00e9sel a diez a\u00f1os vista.<\/p>\n<p>Fiare Banca Etica ha apoyado con financiaci\u00f3n el proyecto de movilidad sostenible y formaci\u00f3n de V.I.Serveis, con el <a href=\"https:\/\/www.fiarebancaetica.coop\/blog\/nuevo-fondo-para-financiar-proyectos-de-economia-social-y-solidaria-en-barcelona\">aval del fondo municipal del Ayuntamiento de Barcelona.<\/a><\/p>\n<p><a href=\"http:\/\/www.viserveis.cat\">www.viserveis.cat<\/a><\/p>\n<p>___________________________________________________________________<\/p>\n<h1>\n\t<a id=\"ca\" name=\"ca\"><\/a>VI.Serveis, per una mobilitat sostenible<br \/>\n\t&nbsp;<\/h1>\n<p>V.I. Serveis neix fa ja sis anys quan quatre companys de treball, en tancar l&#8217;empresa on treballaven, decideixen convertir-se en socis constituint una cooperativa: Serveis del Vehicle Industrial SCCL. La iniciativa neix com a servei de postvenda en el sector del transport urb\u00e0.<\/p>\n<p>Ofereixen un servei integral a vehicles industrials. Un servei de qualitat amb personal qualificat, especialitzat en noves tecnologies i polivalent, capa\u00e7 de reparar qualsevol sistema o component del vehicle.<\/p>\n<p>Inicien el projecte amb l&#8217;objectiu de construir un taller que compleixi amb els requisits i exig\u00e8ncies del mercat actual. En el cam\u00ed, han anat enfocant els seus esfor\u00e7os cap a una meta comuna: ser el primer taller especialitzat en autobusos h\u00edbrids, 100% el\u00e8ctrics i noves tecnologies de propulsi\u00f3.<\/p>\n<h2>\n\tMobilitat sostenible<\/h2>\n<p>Els conceptes d&#8217;electromobilitat, zero emissions, energies netes i vehicles 100% el\u00e8ctrics, que en el sector representen el futur, per a V.I. Serveis s&#8217;han convertit en una realitat i formen part de la seva activitat di\u00e0ria. La sostenibilitat i l&#8217;\u00fas d&#8217;energies renovables \u00e9s la l\u00ednia a seguir per l&#8217;entitat.<\/p>\n<h2>\n\tExperi\u00e8ncia m\u00e9s innovaci\u00f3<\/h2>\n<p>L&#8217;equip de V.I.Serveis, format per 33 persones, es basa en la idea d&#8217;un aprenentatge en doble sentit: combinar l&#8217;experi\u00e8ncia dels t\u00e8cnics \u201cs\u00e8nior\u201d amb les inquietuds dels t\u00e8cnics \u201cj\u00fanior\u201d. Aix\u00f2, tradu\u00eft en un intercanvi de coneixements i viv\u00e8ncies, els permet cr\u00e9ixer com a equip i enfortir les habilitats individuals: d&#8217;una banda, les persones amb m\u00e9s anys d&#8217;experi\u00e8ncia formen als m\u00e9s joves; i per altre part, les noves generacions aporten destresa en el maneig de les \u00faltimes tecnologies.<\/p>\n<h2>\n\tFormaci\u00f3, clau de l&#8217;\u00e8xit<\/h2>\n<p>Destina cada any gran part dels seus recursos econ\u00f2mics a la formaci\u00f3 cont\u00ednua de tot el personal, centrada en nous m\u00e8todes de treball i, principalment, en les avan\u00e7ades tecnologies del transport.<br \/>\n\tLa seva principal motivaci\u00f3 \u00e9s continuar millorant com a organitzaci\u00f3, optimitzant recursos, equipaments i invertint en el factor hum\u00e0, la clau de l&#8217;\u00e8xit de la cooperativa.<\/p>\n<h2>\n\tAcostant el sector als joves<\/h2>\n<p>La cooperativa participa, a m\u00e9s a m\u00e9s, en diferents jornades i formacions amb l&#8217;objectiu que els joves coneguin les diferents sortides professionals del sector del vehicle el\u00e8ctric industrial donant a con\u00e8ixer els estudis de Formaci\u00f3 Professional lligats al sector dels vehicles industrials h\u00edbrids i el\u00e8ctrics i les diferents sortides que aquests tenen. En les diferents jornades els joves poden con\u00e8ixer de primera m\u00e0 les professions de futur associades a aquest sector, realitzant en molts casos tallers pr\u00e0ctics.<\/p>\n<h2>\n\tBarcelona pionera en mobilitat sostenible<\/h2>\n<p>V.I.Serveis \u00e9s l&#8217;entitat que ha guanyat el concurs de l&#8217;Ajuntament de Barcelona per al manteniment de la flota d&#8217;autobusos el\u00e8ctrics. La ciutat comtal \u00e9s pionera en mobilitat sostenible i Viserveis \u00e9s part d&#8217;aquesta projecci\u00f3.<\/p>\n<p>Actualment hi ha set vehicles de zero emissions prestant servei a la ciutat Comtal. L&#8217;objectiu \u00e9s tenir una flota 100% sostenible en el 2030, sense cap vehicle di\u00e8sel a deu anys vista.<\/p>\n<p>Fiare Banca Etica ha donat suport amb finan\u00e7ament el projecte de mobilitat sostenible i formaci\u00f3 de V.I.Serveis, amb <a href=\"https:\/\/www.fiarebancaetica.coop\/blog\/nuevo-fondo-para-financiar-proyectos-de-economia-social-y-solidaria-en-barcelona\">l&#8217;aval del fons municipal de l&#8217;Ajuntament de Barcelona.<\/a><\/p>\n<p><a href=\"http:\/\/www.viserveis.cat\">www.viserveis.cat<\/a><\/p>\n<\/div>","protected":false},"excerpt":{"rendered":"<p>V.I. Serveis nace hace ya seis a\u00f1os cuando cuatro compa\u00f1eros de trabajo, al cerrar la empresa donde trabajaban, deciden convertirse en socios constituyendo una cooperativa: Serveis del Vehicle Industrial SCCL. La iniciativa nace como servicio de postventa en el sector del transporte urbano.<\/p>\n","protected":false},"author":2,"featured_media":328997,"comment_status":"open","ping_status":"closed","sticky":false,"template":"","format":"standard","meta":{"_acf_changed":false,"footnotes":""},"categories":[11664],"tags":[],"coauthors":[],"class_list":["post-344510","post","type-post","status-publish","format-standard","has-post-thumbnail","hentry","category-historias-de-impacto-positivo"],"acf":[],"yoast_head":"<!-- This site is optimized with the Yoast SEO plugin v26.9 - https:\/\/yoast.com\/product\/yoast-seo-wordpress\/ -->\n<title>V.I.Serveis, por una movilidad sostenible - Fiare Banca Etica<\/title>\n<meta name=\"robots\" content=\"index, follow, max-snippet:-1, max-image-preview:large, max-video-preview:-1\" \/>\n<link rel=\"canonical\" href=\"https:\/\/www.fiarebancaetica.coop\/gl\/v-i-serveis-por-una-movilidad-sostenible\/\" \/>\n<meta property=\"og:locale\" content=\"gl_ES\" \/>\n<meta property=\"og:type\" content=\"article\" \/>\n<meta property=\"og:title\" content=\"V.I.Serveis, por una movilidad sostenible - Fiare Banca Etica\" \/>\n<meta property=\"og:description\" content=\"V.I. Serveis nace hace ya seis a\u00f1os cuando cuatro compa\u00f1eros de trabajo, al cerrar la empresa donde trabajaban, deciden convertirse en socios constituyendo una cooperativa: Serveis del Vehicle Industrial SCCL. La iniciativa nace como servicio de postventa en el sector del transporte urbano.\" \/>\n<meta property=\"og:url\" content=\"https:\/\/www.fiarebancaetica.coop\/gl\/v-i-serveis-por-una-movilidad-sostenible\/\" \/>\n<meta property=\"og:site_name\" content=\"Fiare Banca Etica\" \/>\n<meta property=\"article:published_time\" content=\"2019-12-08T23:00:00+00:00\" \/>\n<meta property=\"article:modified_time\" content=\"2024-02-21T14:28:42+00:00\" \/>\n<meta property=\"og:image\" content=\"https:\/\/www.fiarebancaetica.coop\/app\/uploads\/sites\/2\/2023\/12\/viserveis-por-una-movilidad-sostenible.jpg\" \/>\n\t<meta property=\"og:image:width\" content=\"540\" \/>\n\t<meta property=\"og:image:height\" content=\"250\" \/>\n\t<meta property=\"og:image:type\" content=\"image\/jpeg\" \/>\n<meta name=\"author\" content=\"crispyadmin0\" \/>\n<meta name=\"twitter:card\" content=\"summary_large_image\" \/>\n<script type=\"application\/ld+json\" class=\"yoast-schema-graph\">{\"@context\":\"https:\/\/schema.org\",\"@graph\":[{\"@type\":\"Article\",\"@id\":\"https:\/\/www.fiarebancaetica.coop\/gl\/v-i-serveis-por-una-movilidad-sostenible\/#article\",\"isPartOf\":{\"@id\":\"https:\/\/www.fiarebancaetica.coop\/gl\/v-i-serveis-por-una-movilidad-sostenible\/\"},\"author\":{\"name\":\"crispyadmin0\",\"@id\":\"https:\/\/www.fiarebancaetica.coop\/gl\/#\/schema\/person\/579841e89c804b5db05d9141bd9b8272\"},\"headline\":\"V.I.Serveis, por una movilidad sostenible\",\"datePublished\":\"2019-12-08T23:00:00+00:00\",\"dateModified\":\"2024-02-21T14:28:42+00:00\",\"mainEntityOfPage\":{\"@id\":\"https:\/\/www.fiarebancaetica.coop\/gl\/v-i-serveis-por-una-movilidad-sostenible\/\"},\"wordCount\":1131,\"commentCount\":0,\"image\":{\"@id\":\"https:\/\/www.fiarebancaetica.coop\/gl\/v-i-serveis-por-una-movilidad-sostenible\/#primaryimage\"},\"thumbnailUrl\":\"https:\/\/www.fiarebancaetica.coop\/app\/uploads\/sites\/2\/2023\/12\/viserveis-por-una-movilidad-sostenible.jpg\",\"articleSection\":[\"Historias de impacto positivo\"],\"inLanguage\":\"gl-ES\",\"potentialAction\":[{\"@type\":\"CommentAction\",\"name\":\"Comment\",\"target\":[\"https:\/\/www.fiarebancaetica.coop\/gl\/v-i-serveis-por-una-movilidad-sostenible\/#respond\"]}]},{\"@type\":\"WebPage\",\"@id\":\"https:\/\/www.fiarebancaetica.coop\/gl\/v-i-serveis-por-una-movilidad-sostenible\/\",\"url\":\"https:\/\/www.fiarebancaetica.coop\/gl\/v-i-serveis-por-una-movilidad-sostenible\/\",\"name\":\"V.I.Serveis, por una movilidad sostenible - Fiare Banca Etica\",\"isPartOf\":{\"@id\":\"https:\/\/www.fiarebancaetica.coop\/gl\/#website\"},\"primaryImageOfPage\":{\"@id\":\"https:\/\/www.fiarebancaetica.coop\/gl\/v-i-serveis-por-una-movilidad-sostenible\/#primaryimage\"},\"image\":{\"@id\":\"https:\/\/www.fiarebancaetica.coop\/gl\/v-i-serveis-por-una-movilidad-sostenible\/#primaryimage\"},\"thumbnailUrl\":\"https:\/\/www.fiarebancaetica.coop\/app\/uploads\/sites\/2\/2023\/12\/viserveis-por-una-movilidad-sostenible.jpg\",\"datePublished\":\"2019-12-08T23:00:00+00:00\",\"dateModified\":\"2024-02-21T14:28:42+00:00\",\"author\":{\"@id\":\"https:\/\/www.fiarebancaetica.coop\/gl\/#\/schema\/person\/579841e89c804b5db05d9141bd9b8272\"},\"breadcrumb\":{\"@id\":\"https:\/\/www.fiarebancaetica.coop\/gl\/v-i-serveis-por-una-movilidad-sostenible\/#breadcrumb\"},\"inLanguage\":\"gl-ES\",\"potentialAction\":[{\"@type\":\"ReadAction\",\"target\":[\"https:\/\/www.fiarebancaetica.coop\/gl\/v-i-serveis-por-una-movilidad-sostenible\/\"]}]},{\"@type\":\"ImageObject\",\"inLanguage\":\"gl-ES\",\"@id\":\"https:\/\/www.fiarebancaetica.coop\/gl\/v-i-serveis-por-una-movilidad-sostenible\/#primaryimage\",\"url\":\"https:\/\/www.fiarebancaetica.coop\/app\/uploads\/sites\/2\/2023\/12\/viserveis-por-una-movilidad-sostenible.jpg\",\"contentUrl\":\"https:\/\/www.fiarebancaetica.coop\/app\/uploads\/sites\/2\/2023\/12\/viserveis-por-una-movilidad-sostenible.jpg\",\"width\":540,\"height\":250},{\"@type\":\"BreadcrumbList\",\"@id\":\"https:\/\/www.fiarebancaetica.coop\/gl\/v-i-serveis-por-una-movilidad-sostenible\/#breadcrumb\",\"itemListElement\":[{\"@type\":\"ListItem\",\"position\":1,\"name\":\"Home\",\"item\":\"https:\/\/www.fiarebancaetica.coop\/gl\/\"},{\"@type\":\"ListItem\",\"position\":2,\"name\":\"V.I.Serveis, por una movilidad sostenible\"}]},{\"@type\":\"WebSite\",\"@id\":\"https:\/\/www.fiarebancaetica.coop\/gl\/#website\",\"url\":\"https:\/\/www.fiarebancaetica.coop\/gl\/\",\"name\":\"Fiare Banca Etica\",\"description\":\"\",\"potentialAction\":[{\"@type\":\"SearchAction\",\"target\":{\"@type\":\"EntryPoint\",\"urlTemplate\":\"https:\/\/www.fiarebancaetica.coop\/gl\/?s={search_term_string}\"},\"query-input\":{\"@type\":\"PropertyValueSpecification\",\"valueRequired\":true,\"valueName\":\"search_term_string\"}}],\"inLanguage\":\"gl-ES\"},{\"@type\":\"Person\",\"@id\":\"https:\/\/www.fiarebancaetica.coop\/gl\/#\/schema\/person\/579841e89c804b5db05d9141bd9b8272\",\"name\":\"crispyadmin0\",\"image\":{\"@type\":\"ImageObject\",\"inLanguage\":\"gl-ES\",\"@id\":\"https:\/\/www.fiarebancaetica.coop\/gl\/#\/schema\/person\/image\/5f3a6b7786f32f4c35bd2b1a5a4698ea\",\"url\":\"https:\/\/secure.gravatar.com\/avatar\/4d2cfb499d497b6d49da659fab7404b243a87fe8e40d2cf97a1cae48f677f5b2?s=96&d=mm&r=g\",\"contentUrl\":\"https:\/\/secure.gravatar.com\/avatar\/4d2cfb499d497b6d49da659fab7404b243a87fe8e40d2cf97a1cae48f677f5b2?s=96&d=mm&r=g\",\"caption\":\"crispyadmin0\"},\"sameAs\":[\"crispyadmin0\"]}]}<\/script>\n<!-- \/ Yoast SEO plugin. -->","yoast_head_json":{"title":"V.I.Serveis, por una movilidad sostenible - Fiare Banca Etica","robots":{"index":"index","follow":"follow","max-snippet":"max-snippet:-1","max-image-preview":"max-image-preview:large","max-video-preview":"max-video-preview:-1"},"canonical":"https:\/\/www.fiarebancaetica.coop\/gl\/v-i-serveis-por-una-movilidad-sostenible\/","og_locale":"gl_ES","og_type":"article","og_title":"V.I.Serveis, por una movilidad sostenible - Fiare Banca Etica","og_description":"V.I. Serveis nace hace ya seis a\u00f1os cuando cuatro compa\u00f1eros de trabajo, al cerrar la empresa donde trabajaban, deciden convertirse en socios constituyendo una cooperativa: Serveis del Vehicle Industrial SCCL. La iniciativa nace como servicio de postventa en el sector del transporte urbano.","og_url":"https:\/\/www.fiarebancaetica.coop\/gl\/v-i-serveis-por-una-movilidad-sostenible\/","og_site_name":"Fiare Banca Etica","article_published_time":"2019-12-08T23:00:00+00:00","article_modified_time":"2024-02-21T14:28:42+00:00","og_image":[{"width":540,"height":250,"url":"https:\/\/www.fiarebancaetica.coop\/app\/uploads\/sites\/2\/2023\/12\/viserveis-por-una-movilidad-sostenible.jpg","type":"image\/jpeg"}],"author":"crispyadmin0","twitter_card":"summary_large_image","schema":{"@context":"https:\/\/schema.org","@graph":[{"@type":"Article","@id":"https:\/\/www.fiarebancaetica.coop\/gl\/v-i-serveis-por-una-movilidad-sostenible\/#article","isPartOf":{"@id":"https:\/\/www.fiarebancaetica.coop\/gl\/v-i-serveis-por-una-movilidad-sostenible\/"},"author":{"name":"crispyadmin0","@id":"https:\/\/www.fiarebancaetica.coop\/gl\/#\/schema\/person\/579841e89c804b5db05d9141bd9b8272"},"headline":"V.I.Serveis, por una movilidad sostenible","datePublished":"2019-12-08T23:00:00+00:00","dateModified":"2024-02-21T14:28:42+00:00","mainEntityOfPage":{"@id":"https:\/\/www.fiarebancaetica.coop\/gl\/v-i-serveis-por-una-movilidad-sostenible\/"},"wordCount":1131,"commentCount":0,"image":{"@id":"https:\/\/www.fiarebancaetica.coop\/gl\/v-i-serveis-por-una-movilidad-sostenible\/#primaryimage"},"thumbnailUrl":"https:\/\/www.fiarebancaetica.coop\/app\/uploads\/sites\/2\/2023\/12\/viserveis-por-una-movilidad-sostenible.jpg","articleSection":["Historias de impacto positivo"],"inLanguage":"gl-ES","potentialAction":[{"@type":"CommentAction","name":"Comment","target":["https:\/\/www.fiarebancaetica.coop\/gl\/v-i-serveis-por-una-movilidad-sostenible\/#respond"]}]},{"@type":"WebPage","@id":"https:\/\/www.fiarebancaetica.coop\/gl\/v-i-serveis-por-una-movilidad-sostenible\/","url":"https:\/\/www.fiarebancaetica.coop\/gl\/v-i-serveis-por-una-movilidad-sostenible\/","name":"V.I.Serveis, por una movilidad sostenible - Fiare Banca Etica","isPartOf":{"@id":"https:\/\/www.fiarebancaetica.coop\/gl\/#website"},"primaryImageOfPage":{"@id":"https:\/\/www.fiarebancaetica.coop\/gl\/v-i-serveis-por-una-movilidad-sostenible\/#primaryimage"},"image":{"@id":"https:\/\/www.fiarebancaetica.coop\/gl\/v-i-serveis-por-una-movilidad-sostenible\/#primaryimage"},"thumbnailUrl":"https:\/\/www.fiarebancaetica.coop\/app\/uploads\/sites\/2\/2023\/12\/viserveis-por-una-movilidad-sostenible.jpg","datePublished":"2019-12-08T23:00:00+00:00","dateModified":"2024-02-21T14:28:42+00:00","author":{"@id":"https:\/\/www.fiarebancaetica.coop\/gl\/#\/schema\/person\/579841e89c804b5db05d9141bd9b8272"},"breadcrumb":{"@id":"https:\/\/www.fiarebancaetica.coop\/gl\/v-i-serveis-por-una-movilidad-sostenible\/#breadcrumb"},"inLanguage":"gl-ES","potentialAction":[{"@type":"ReadAction","target":["https:\/\/www.fiarebancaetica.coop\/gl\/v-i-serveis-por-una-movilidad-sostenible\/"]}]},{"@type":"ImageObject","inLanguage":"gl-ES","@id":"https:\/\/www.fiarebancaetica.coop\/gl\/v-i-serveis-por-una-movilidad-sostenible\/#primaryimage","url":"https:\/\/www.fiarebancaetica.coop\/app\/uploads\/sites\/2\/2023\/12\/viserveis-por-una-movilidad-sostenible.jpg","contentUrl":"https:\/\/www.fiarebancaetica.coop\/app\/uploads\/sites\/2\/2023\/12\/viserveis-por-una-movilidad-sostenible.jpg","width":540,"height":250},{"@type":"BreadcrumbList","@id":"https:\/\/www.fiarebancaetica.coop\/gl\/v-i-serveis-por-una-movilidad-sostenible\/#breadcrumb","itemListElement":[{"@type":"ListItem","position":1,"name":"Home","item":"https:\/\/www.fiarebancaetica.coop\/gl\/"},{"@type":"ListItem","position":2,"name":"V.I.Serveis, por una movilidad sostenible"}]},{"@type":"WebSite","@id":"https:\/\/www.fiarebancaetica.coop\/gl\/#website","url":"https:\/\/www.fiarebancaetica.coop\/gl\/","name":"Fiare Banca Etica","description":"","potentialAction":[{"@type":"SearchAction","target":{"@type":"EntryPoint","urlTemplate":"https:\/\/www.fiarebancaetica.coop\/gl\/?s={search_term_string}"},"query-input":{"@type":"PropertyValueSpecification","valueRequired":true,"valueName":"search_term_string"}}],"inLanguage":"gl-ES"},{"@type":"Person","@id":"https:\/\/www.fiarebancaetica.coop\/gl\/#\/schema\/person\/579841e89c804b5db05d9141bd9b8272","name":"crispyadmin0","image":{"@type":"ImageObject","inLanguage":"gl-ES","@id":"https:\/\/www.fiarebancaetica.coop\/gl\/#\/schema\/person\/image\/5f3a6b7786f32f4c35bd2b1a5a4698ea","url":"https:\/\/secure.gravatar.com\/avatar\/4d2cfb499d497b6d49da659fab7404b243a87fe8e40d2cf97a1cae48f677f5b2?s=96&d=mm&r=g","contentUrl":"https:\/\/secure.gravatar.com\/avatar\/4d2cfb499d497b6d49da659fab7404b243a87fe8e40d2cf97a1cae48f677f5b2?s=96&d=mm&r=g","caption":"crispyadmin0"},"sameAs":["crispyadmin0"]}]}},"_links":{"self":[{"href":"https:\/\/www.fiarebancaetica.coop\/gl\/wp-json\/wp\/v2\/posts\/344510","targetHints":{"allow":["GET"]}}],"collection":[{"href":"https:\/\/www.fiarebancaetica.coop\/gl\/wp-json\/wp\/v2\/posts"}],"about":[{"href":"https:\/\/www.fiarebancaetica.coop\/gl\/wp-json\/wp\/v2\/types\/post"}],"author":[{"embeddable":true,"href":"https:\/\/www.fiarebancaetica.coop\/gl\/wp-json\/wp\/v2\/users\/2"}],"replies":[{"embeddable":true,"href":"https:\/\/www.fiarebancaetica.coop\/gl\/wp-json\/wp\/v2\/comments?post=344510"}],"version-history":[{"count":1,"href":"https:\/\/www.fiarebancaetica.coop\/gl\/wp-json\/wp\/v2\/posts\/344510\/revisions"}],"predecessor-version":[{"id":354448,"href":"https:\/\/www.fiarebancaetica.coop\/gl\/wp-json\/wp\/v2\/posts\/344510\/revisions\/354448"}],"wp:featuredmedia":[{"embeddable":true,"href":"https:\/\/www.fiarebancaetica.coop\/gl\/wp-json\/wp\/v2\/media\/328997"}],"wp:attachment":[{"href":"https:\/\/www.fiarebancaetica.coop\/gl\/wp-json\/wp\/v2\/media?parent=344510"}],"wp:term":[{"taxonomy":"category","embeddable":true,"href":"https:\/\/www.fiarebancaetica.coop\/gl\/wp-json\/wp\/v2\/categories?post=344510"},{"taxonomy":"post_tag","embeddable":true,"href":"https:\/\/www.fiarebancaetica.coop\/gl\/wp-json\/wp\/v2\/tags?post=344510"},{"taxonomy":"author","embeddable":true,"href":"https:\/\/www.fiarebancaetica.coop\/gl\/wp-json\/wp\/v2\/coauthors?post=344510"}],"curies":[{"name":"wp","href":"https:\/\/api.w.org\/{rel}","templated":true}]}}