{"id":344541,"date":"2019-11-15T00:00:00","date_gmt":"2019-11-14T23:00:00","guid":{"rendered":"https:\/\/www.fiarebancaetica.coop\/escuela-de-activismo-economico\/"},"modified":"2024-02-21T15:29:08","modified_gmt":"2024-02-21T14:29:08","slug":"escuela-de-activismo-economico","status":"publish","type":"post","link":"https:\/\/www.fiarebancaetica.coop\/gl\/escuela-de-activismo-economico\/","title":{"rendered":"Escuela de Activismo Econ\u00f3mico"},"content":{"rendered":"\n\n<div class=\"wp-block-bancaetica-blocks-blocks-block-49\">\n    <div class=\"container-block-49\">\n\n        <div class=\"header-section \">\n                            <h1 class=\"section-title\"> Etica e cooperativa <\/h1>\n                                            <\/div>\n\n        \n        <div class=\"block-background\" style=\"background-image: url('https:\/\/www.fiarebancaetica.coop\/app\/uploads\/sites\/2\/2023\/12\/escuela-de-activismo-economico.jpg')\">\n                            <div class=\"tile\">\n                    <h1 class=\"image-title\"> Escuela de Activismo Econ\u00f3mico <\/h1>\n                <\/div>             <!-- end .tile -->\n            <div class=\"bottom-content\">\n                            <\/div> <!-- end .button-content -->\n        <\/div> <!-- end .block-background -->\n    <\/div> <!-- end .container -->\n<\/div> <!-- end wp-block-bancaetica-blocks-blocks-block-06 -->\n\n\n<div class=\"wrapper-crispybacon-class wrapper-crispybacon-class-boxed \">\n    <p>La Escuela de Activismo Econ\u00f3mico es un espacio de colaboraci\u00f3n, creatividad y acci\u00f3n que transforma las relaciones econ\u00f3micas para hacerlas justas, libres y equitativas. Una iniciativa de Fiare Banca Etica junto a Ecooo, La Osa, el Mercado Social de Madrid.<br \/>\n\t<br \/>\n\tLa Escuela de Activismo Econ\u00f3mico es un proyecto para atraer y formar en econom\u00eda social y solidaria a los j\u00f3venes universitarios a trav\u00e9s de la metodolog\u00eda learning by doing (aprender haciendo).<br \/>\n\t<br \/>\n\tTras tres sesiones de formaci\u00f3n a trav\u00e9s de charlas en las que se presentar\u00e1n las iniciativas, el alumnado participar\u00e1 directamente en una de las organizaciones que forman parte de la Escuela (La Osa, Fiare y Mercado Social de Madrid), por un periodo que va desde los dos hasta los ocho meses.<br \/>\n\t<br \/>\n\tLos d\u00edas de la semana, los horarios, el grado de implicaci\u00f3n y la duraci\u00f3n concreta de la actividad se acuerdan entre la persona y la entidad. Durante esta actividad principal, tambi\u00e9n se llevar\u00e1n a cabo sesiones peri\u00f3dicas de acompa\u00f1amiento para compartir experiencias, p\u00edldoras informativas y que el alumnado pueda disfrutar de un espacio donde continuar tejiendo lazos.<br \/>\n\t<br \/>\n\tLa Escuela pretende as\u00ed ofrecer una educaci\u00f3n econ\u00f3mica y empresarial a los j\u00f3venes \u201cpara que puedan llegar a funcionar de manera fluida en el modelo de consumo y de producci\u00f3n de la econom\u00eda social y solidaria\u201d, se\u00f1alan sus promotores.<br \/>\n\t<br \/>\n\tLa econom\u00eda social y solidaria es una alternativa econ\u00f3mica que se basa en la <strong><a href=\"http:\/\/escueladeactivismoeconomico.org\/objetivos\/\">equidad<\/a><\/strong>, un valor que reconoce a todas las personas como sujetos de igual dignidad; <strong><a href=\"http:\/\/escueladeactivismoeconomico.org\/objetivos\/\">el trabajo<\/a><\/strong>, con dimensi\u00f3n humana, social, pol\u00edtica, econ\u00f3mica y cultural;<a href=\"http:\/\/escueladeactivismoeconomico.org\/objetivos\/\"><strong> la sostenibilidad ambiental<\/strong><\/a>, para reducir significativamente la huella ecol\u00f3gica humana en todas las actividades;<a href=\"http:\/\/escueladeactivismoeconomico.org\/objetivos\/\"><strong> la cooperaci\u00f3n<\/strong><\/a> en lugar de la competencia entre las entidades; <a href=\"http:\/\/escueladeactivismoeconomico.org\/objetivos\/\"><strong>sin fines lucrativos<\/strong><\/a>; y el <a href=\"http:\/\/escueladeactivismoeconomico.org\/objetivos\/\"><strong>compromiso con el entorno<\/strong><\/a>, participando en el desarrollo local y comunitario del territorio.<\/p>\n<h2>\n\tEntidades organizadoras<\/h2>\n<p><strong>Ecooo<\/strong> es una empresa de no lucro fundada en 2005 y centrada en todo tipo de proyectos que activen a la ciudadan\u00eda a favor de un nuevo modelo energ\u00e9tico, limpio, sostenible y en manos de las personas.<\/p>\n<p><strong>La Osa<\/strong> es un supermercado cooperativo que fomenta el consumo de productos de proximidad, ecol\u00f3gicos y de calidad. Es una entidad sin \u00e1nimo de lucro en el que sus cooperativistas son consumidores, copropietarios y participantes.<\/p>\n<p><strong>El Mercado Social de Madrid<\/strong> es una red de producci\u00f3n de bienes y servicios, distribuci\u00f3n, consumo y aprendizaje com\u00fan, que funciona con criterios \u00e9ticos, democr\u00e1ticos, equitativos, ecol\u00f3gicos y solidarios.<\/p>\n<p><strong>Fiare Banca Etica <\/strong>es la banca cooperativa de referencia en Europa con m\u00e1s de 42.000 personas socios entre Italia y Espa\u00f1a. Garantizan una gesti\u00f3n democr\u00e1tica y un compromiso \u00e9tico con la participaci\u00f3n de las personas socias bajo el principio \u201cuna persona, un voto\u201d.<\/p>\n<p><br \/>\n\t<strong>M\u00e1s informaci\u00f3n en<\/strong> <a href=\"http:\/\/escueladeactivismoeconomico.org\/\">http:\/\/escueladeactivismoeconomico.org\/<\/a><\/p>\n<\/div>","protected":false},"excerpt":{"rendered":"<p>La Escuela de Activismo Econ\u00f3mico es un espacio de colaboraci\u00f3n, creatividad y acci\u00f3n que transforma las relaciones econ\u00f3micas para hacerlas justas, libres y equitativas. Una iniciativa de Fiare Banca Etica junto a Ecooo, La Osa, el Mercado Social de Madrid.<\/p>\n","protected":false},"author":2,"featured_media":328949,"comment_status":"open","ping_status":"closed","sticky":false,"template":"","format":"standard","meta":{"_acf_changed":false,"footnotes":""},"categories":[11645],"tags":[],"coauthors":[],"class_list":["post-344541","post","type-post","status-publish","format-standard","has-post-thumbnail","hentry","category-finanzas-eticas"],"acf":[],"yoast_head":"<!-- This site is optimized with the Yoast SEO plugin v26.9 - https:\/\/yoast.com\/product\/yoast-seo-wordpress\/ -->\n<title>Escuela de Activismo Econ\u00f3mico - Fiare Banca Etica<\/title>\n<meta name=\"robots\" content=\"index, follow, max-snippet:-1, max-image-preview:large, max-video-preview:-1\" \/>\n<link rel=\"canonical\" href=\"https:\/\/www.fiarebancaetica.coop\/gl\/escuela-de-activismo-economico\/\" \/>\n<meta property=\"og:locale\" content=\"gl_ES\" \/>\n<meta property=\"og:type\" content=\"article\" \/>\n<meta property=\"og:title\" content=\"Escuela de Activismo Econ\u00f3mico - Fiare Banca Etica\" \/>\n<meta property=\"og:description\" content=\"La Escuela de Activismo Econ\u00f3mico es un espacio de colaboraci\u00f3n, creatividad y acci\u00f3n que transforma las relaciones econ\u00f3micas para hacerlas justas, libres y equitativas. Una iniciativa de Fiare Banca Etica junto a Ecooo, La Osa, el Mercado Social de Madrid.\" \/>\n<meta property=\"og:url\" content=\"https:\/\/www.fiarebancaetica.coop\/gl\/escuela-de-activismo-economico\/\" \/>\n<meta property=\"og:site_name\" content=\"Fiare Banca Etica\" \/>\n<meta property=\"article:published_time\" content=\"2019-11-14T23:00:00+00:00\" \/>\n<meta property=\"article:modified_time\" content=\"2024-02-21T14:29:08+00:00\" \/>\n<meta property=\"og:image\" content=\"https:\/\/www.fiarebancaetica.coop\/app\/uploads\/sites\/2\/2023\/12\/escuela-de-activismo-economico.jpg\" \/>\n\t<meta property=\"og:image:width\" content=\"540\" \/>\n\t<meta property=\"og:image:height\" content=\"250\" \/>\n\t<meta property=\"og:image:type\" content=\"image\/jpeg\" \/>\n<meta name=\"author\" content=\"crispyadmin0\" \/>\n<meta name=\"twitter:card\" content=\"summary_large_image\" \/>\n<script type=\"application\/ld+json\" class=\"yoast-schema-graph\">{\"@context\":\"https:\/\/schema.org\",\"@graph\":[{\"@type\":\"Article\",\"@id\":\"https:\/\/www.fiarebancaetica.coop\/gl\/escuela-de-activismo-economico\/#article\",\"isPartOf\":{\"@id\":\"https:\/\/www.fiarebancaetica.coop\/gl\/escuela-de-activismo-economico\/\"},\"author\":{\"name\":\"crispyadmin0\",\"@id\":\"https:\/\/www.fiarebancaetica.coop\/gl\/#\/schema\/person\/579841e89c804b5db05d9141bd9b8272\"},\"headline\":\"Escuela de Activismo Econ\u00f3mico\",\"datePublished\":\"2019-11-14T23:00:00+00:00\",\"dateModified\":\"2024-02-21T14:29:08+00:00\",\"mainEntityOfPage\":{\"@id\":\"https:\/\/www.fiarebancaetica.coop\/gl\/escuela-de-activismo-economico\/\"},\"wordCount\":501,\"commentCount\":0,\"image\":{\"@id\":\"https:\/\/www.fiarebancaetica.coop\/gl\/escuela-de-activismo-economico\/#primaryimage\"},\"thumbnailUrl\":\"https:\/\/www.fiarebancaetica.coop\/app\/uploads\/sites\/2\/2023\/12\/escuela-de-activismo-economico.jpg\",\"articleSection\":[\"Finanzas \u00c9ticas\"],\"inLanguage\":\"gl-ES\",\"potentialAction\":[{\"@type\":\"CommentAction\",\"name\":\"Comment\",\"target\":[\"https:\/\/www.fiarebancaetica.coop\/gl\/escuela-de-activismo-economico\/#respond\"]}]},{\"@type\":\"WebPage\",\"@id\":\"https:\/\/www.fiarebancaetica.coop\/gl\/escuela-de-activismo-economico\/\",\"url\":\"https:\/\/www.fiarebancaetica.coop\/gl\/escuela-de-activismo-economico\/\",\"name\":\"Escuela de Activismo Econ\u00f3mico - Fiare Banca Etica\",\"isPartOf\":{\"@id\":\"https:\/\/www.fiarebancaetica.coop\/gl\/#website\"},\"primaryImageOfPage\":{\"@id\":\"https:\/\/www.fiarebancaetica.coop\/gl\/escuela-de-activismo-economico\/#primaryimage\"},\"image\":{\"@id\":\"https:\/\/www.fiarebancaetica.coop\/gl\/escuela-de-activismo-economico\/#primaryimage\"},\"thumbnailUrl\":\"https:\/\/www.fiarebancaetica.coop\/app\/uploads\/sites\/2\/2023\/12\/escuela-de-activismo-economico.jpg\",\"datePublished\":\"2019-11-14T23:00:00+00:00\",\"dateModified\":\"2024-02-21T14:29:08+00:00\",\"author\":{\"@id\":\"https:\/\/www.fiarebancaetica.coop\/gl\/#\/schema\/person\/579841e89c804b5db05d9141bd9b8272\"},\"breadcrumb\":{\"@id\":\"https:\/\/www.fiarebancaetica.coop\/gl\/escuela-de-activismo-economico\/#breadcrumb\"},\"inLanguage\":\"gl-ES\",\"potentialAction\":[{\"@type\":\"ReadAction\",\"target\":[\"https:\/\/www.fiarebancaetica.coop\/gl\/escuela-de-activismo-economico\/\"]}]},{\"@type\":\"ImageObject\",\"inLanguage\":\"gl-ES\",\"@id\":\"https:\/\/www.fiarebancaetica.coop\/gl\/escuela-de-activismo-economico\/#primaryimage\",\"url\":\"https:\/\/www.fiarebancaetica.coop\/app\/uploads\/sites\/2\/2023\/12\/escuela-de-activismo-economico.jpg\",\"contentUrl\":\"https:\/\/www.fiarebancaetica.coop\/app\/uploads\/sites\/2\/2023\/12\/escuela-de-activismo-economico.jpg\",\"width\":540,\"height\":250},{\"@type\":\"BreadcrumbList\",\"@id\":\"https:\/\/www.fiarebancaetica.coop\/gl\/escuela-de-activismo-economico\/#breadcrumb\",\"itemListElement\":[{\"@type\":\"ListItem\",\"position\":1,\"name\":\"Home\",\"item\":\"https:\/\/www.fiarebancaetica.coop\/gl\/\"},{\"@type\":\"ListItem\",\"position\":2,\"name\":\"Escuela de Activismo Econ\u00f3mico\"}]},{\"@type\":\"WebSite\",\"@id\":\"https:\/\/www.fiarebancaetica.coop\/gl\/#website\",\"url\":\"https:\/\/www.fiarebancaetica.coop\/gl\/\",\"name\":\"Fiare Banca Etica\",\"description\":\"\",\"potentialAction\":[{\"@type\":\"SearchAction\",\"target\":{\"@type\":\"EntryPoint\",\"urlTemplate\":\"https:\/\/www.fiarebancaetica.coop\/gl\/?s={search_term_string}\"},\"query-input\":{\"@type\":\"PropertyValueSpecification\",\"valueRequired\":true,\"valueName\":\"search_term_string\"}}],\"inLanguage\":\"gl-ES\"},{\"@type\":\"Person\",\"@id\":\"https:\/\/www.fiarebancaetica.coop\/gl\/#\/schema\/person\/579841e89c804b5db05d9141bd9b8272\",\"name\":\"crispyadmin0\",\"image\":{\"@type\":\"ImageObject\",\"inLanguage\":\"gl-ES\",\"@id\":\"https:\/\/www.fiarebancaetica.coop\/gl\/#\/schema\/person\/image\/5f3a6b7786f32f4c35bd2b1a5a4698ea\",\"url\":\"https:\/\/secure.gravatar.com\/avatar\/4d2cfb499d497b6d49da659fab7404b243a87fe8e40d2cf97a1cae48f677f5b2?s=96&d=mm&r=g\",\"contentUrl\":\"https:\/\/secure.gravatar.com\/avatar\/4d2cfb499d497b6d49da659fab7404b243a87fe8e40d2cf97a1cae48f677f5b2?s=96&d=mm&r=g\",\"caption\":\"crispyadmin0\"},\"sameAs\":[\"crispyadmin0\"]}]}<\/script>\n<!-- \/ Yoast SEO plugin. -->","yoast_head_json":{"title":"Escuela de Activismo Econ\u00f3mico - Fiare Banca Etica","robots":{"index":"index","follow":"follow","max-snippet":"max-snippet:-1","max-image-preview":"max-image-preview:large","max-video-preview":"max-video-preview:-1"},"canonical":"https:\/\/www.fiarebancaetica.coop\/gl\/escuela-de-activismo-economico\/","og_locale":"gl_ES","og_type":"article","og_title":"Escuela de Activismo Econ\u00f3mico - Fiare Banca Etica","og_description":"La Escuela de Activismo Econ\u00f3mico es un espacio de colaboraci\u00f3n, creatividad y acci\u00f3n que transforma las relaciones econ\u00f3micas para hacerlas justas, libres y equitativas. Una iniciativa de Fiare Banca Etica junto a Ecooo, La Osa, el Mercado Social de Madrid.","og_url":"https:\/\/www.fiarebancaetica.coop\/gl\/escuela-de-activismo-economico\/","og_site_name":"Fiare Banca Etica","article_published_time":"2019-11-14T23:00:00+00:00","article_modified_time":"2024-02-21T14:29:08+00:00","og_image":[{"width":540,"height":250,"url":"https:\/\/www.fiarebancaetica.coop\/app\/uploads\/sites\/2\/2023\/12\/escuela-de-activismo-economico.jpg","type":"image\/jpeg"}],"author":"crispyadmin0","twitter_card":"summary_large_image","schema":{"@context":"https:\/\/schema.org","@graph":[{"@type":"Article","@id":"https:\/\/www.fiarebancaetica.coop\/gl\/escuela-de-activismo-economico\/#article","isPartOf":{"@id":"https:\/\/www.fiarebancaetica.coop\/gl\/escuela-de-activismo-economico\/"},"author":{"name":"crispyadmin0","@id":"https:\/\/www.fiarebancaetica.coop\/gl\/#\/schema\/person\/579841e89c804b5db05d9141bd9b8272"},"headline":"Escuela de Activismo Econ\u00f3mico","datePublished":"2019-11-14T23:00:00+00:00","dateModified":"2024-02-21T14:29:08+00:00","mainEntityOfPage":{"@id":"https:\/\/www.fiarebancaetica.coop\/gl\/escuela-de-activismo-economico\/"},"wordCount":501,"commentCount":0,"image":{"@id":"https:\/\/www.fiarebancaetica.coop\/gl\/escuela-de-activismo-economico\/#primaryimage"},"thumbnailUrl":"https:\/\/www.fiarebancaetica.coop\/app\/uploads\/sites\/2\/2023\/12\/escuela-de-activismo-economico.jpg","articleSection":["Finanzas \u00c9ticas"],"inLanguage":"gl-ES","potentialAction":[{"@type":"CommentAction","name":"Comment","target":["https:\/\/www.fiarebancaetica.coop\/gl\/escuela-de-activismo-economico\/#respond"]}]},{"@type":"WebPage","@id":"https:\/\/www.fiarebancaetica.coop\/gl\/escuela-de-activismo-economico\/","url":"https:\/\/www.fiarebancaetica.coop\/gl\/escuela-de-activismo-economico\/","name":"Escuela de Activismo Econ\u00f3mico - Fiare Banca Etica","isPartOf":{"@id":"https:\/\/www.fiarebancaetica.coop\/gl\/#website"},"primaryImageOfPage":{"@id":"https:\/\/www.fiarebancaetica.coop\/gl\/escuela-de-activismo-economico\/#primaryimage"},"image":{"@id":"https:\/\/www.fiarebancaetica.coop\/gl\/escuela-de-activismo-economico\/#primaryimage"},"thumbnailUrl":"https:\/\/www.fiarebancaetica.coop\/app\/uploads\/sites\/2\/2023\/12\/escuela-de-activismo-economico.jpg","datePublished":"2019-11-14T23:00:00+00:00","dateModified":"2024-02-21T14:29:08+00:00","author":{"@id":"https:\/\/www.fiarebancaetica.coop\/gl\/#\/schema\/person\/579841e89c804b5db05d9141bd9b8272"},"breadcrumb":{"@id":"https:\/\/www.fiarebancaetica.coop\/gl\/escuela-de-activismo-economico\/#breadcrumb"},"inLanguage":"gl-ES","potentialAction":[{"@type":"ReadAction","target":["https:\/\/www.fiarebancaetica.coop\/gl\/escuela-de-activismo-economico\/"]}]},{"@type":"ImageObject","inLanguage":"gl-ES","@id":"https:\/\/www.fiarebancaetica.coop\/gl\/escuela-de-activismo-economico\/#primaryimage","url":"https:\/\/www.fiarebancaetica.coop\/app\/uploads\/sites\/2\/2023\/12\/escuela-de-activismo-economico.jpg","contentUrl":"https:\/\/www.fiarebancaetica.coop\/app\/uploads\/sites\/2\/2023\/12\/escuela-de-activismo-economico.jpg","width":540,"height":250},{"@type":"BreadcrumbList","@id":"https:\/\/www.fiarebancaetica.coop\/gl\/escuela-de-activismo-economico\/#breadcrumb","itemListElement":[{"@type":"ListItem","position":1,"name":"Home","item":"https:\/\/www.fiarebancaetica.coop\/gl\/"},{"@type":"ListItem","position":2,"name":"Escuela de Activismo Econ\u00f3mico"}]},{"@type":"WebSite","@id":"https:\/\/www.fiarebancaetica.coop\/gl\/#website","url":"https:\/\/www.fiarebancaetica.coop\/gl\/","name":"Fiare Banca Etica","description":"","potentialAction":[{"@type":"SearchAction","target":{"@type":"EntryPoint","urlTemplate":"https:\/\/www.fiarebancaetica.coop\/gl\/?s={search_term_string}"},"query-input":{"@type":"PropertyValueSpecification","valueRequired":true,"valueName":"search_term_string"}}],"inLanguage":"gl-ES"},{"@type":"Person","@id":"https:\/\/www.fiarebancaetica.coop\/gl\/#\/schema\/person\/579841e89c804b5db05d9141bd9b8272","name":"crispyadmin0","image":{"@type":"ImageObject","inLanguage":"gl-ES","@id":"https:\/\/www.fiarebancaetica.coop\/gl\/#\/schema\/person\/image\/5f3a6b7786f32f4c35bd2b1a5a4698ea","url":"https:\/\/secure.gravatar.com\/avatar\/4d2cfb499d497b6d49da659fab7404b243a87fe8e40d2cf97a1cae48f677f5b2?s=96&d=mm&r=g","contentUrl":"https:\/\/secure.gravatar.com\/avatar\/4d2cfb499d497b6d49da659fab7404b243a87fe8e40d2cf97a1cae48f677f5b2?s=96&d=mm&r=g","caption":"crispyadmin0"},"sameAs":["crispyadmin0"]}]}},"_links":{"self":[{"href":"https:\/\/www.fiarebancaetica.coop\/gl\/wp-json\/wp\/v2\/posts\/344541","targetHints":{"allow":["GET"]}}],"collection":[{"href":"https:\/\/www.fiarebancaetica.coop\/gl\/wp-json\/wp\/v2\/posts"}],"about":[{"href":"https:\/\/www.fiarebancaetica.coop\/gl\/wp-json\/wp\/v2\/types\/post"}],"author":[{"embeddable":true,"href":"https:\/\/www.fiarebancaetica.coop\/gl\/wp-json\/wp\/v2\/users\/2"}],"replies":[{"embeddable":true,"href":"https:\/\/www.fiarebancaetica.coop\/gl\/wp-json\/wp\/v2\/comments?post=344541"}],"version-history":[{"count":1,"href":"https:\/\/www.fiarebancaetica.coop\/gl\/wp-json\/wp\/v2\/posts\/344541\/revisions"}],"predecessor-version":[{"id":354417,"href":"https:\/\/www.fiarebancaetica.coop\/gl\/wp-json\/wp\/v2\/posts\/344541\/revisions\/354417"}],"wp:featuredmedia":[{"embeddable":true,"href":"https:\/\/www.fiarebancaetica.coop\/gl\/wp-json\/wp\/v2\/media\/328949"}],"wp:attachment":[{"href":"https:\/\/www.fiarebancaetica.coop\/gl\/wp-json\/wp\/v2\/media?parent=344541"}],"wp:term":[{"taxonomy":"category","embeddable":true,"href":"https:\/\/www.fiarebancaetica.coop\/gl\/wp-json\/wp\/v2\/categories?post=344541"},{"taxonomy":"post_tag","embeddable":true,"href":"https:\/\/www.fiarebancaetica.coop\/gl\/wp-json\/wp\/v2\/tags?post=344541"},{"taxonomy":"author","embeddable":true,"href":"https:\/\/www.fiarebancaetica.coop\/gl\/wp-json\/wp\/v2\/coauthors?post=344541"}],"curies":[{"name":"wp","href":"https:\/\/api.w.org\/{rel}","templated":true}]}}