{"id":344909,"date":"2019-01-14T00:00:00","date_gmt":"2019-01-13T23:00:00","guid":{"rendered":"https:\/\/www.fiarebancaetica.coop\/cogiendo-impulso-para-el-nuevo-ano\/"},"modified":"2024-02-21T15:40:00","modified_gmt":"2024-02-21T14:40:00","slug":"cogiendo-impulso-para-el-nuevo-ano","status":"publish","type":"post","link":"https:\/\/www.fiarebancaetica.coop\/gl\/cogiendo-impulso-para-el-nuevo-ano\/","title":{"rendered":"COGIENDO IMPULSO PARA EL NUEVO A\u00d1O"},"content":{"rendered":"\n\n<div class=\"wp-block-bancaetica-blocks-blocks-block-49\">\n    <div class=\"container-block-49\">\n\n        <div class=\"header-section \">\n                            <h1 class=\"section-title\"> Etica e cooperativa <\/h1>\n                                            <\/div>\n\n        \n        <div class=\"block-background\" style=\"background-image: url('https:\/\/www.fiarebancaetica.coop\/app\/uploads\/sites\/2\/2023\/12\/agafant-impuls-pel-nou-any.jpg')\">\n                            <div class=\"tile\">\n                    <h1 class=\"image-title\"> COGIENDO IMPULSO PARA EL NUEVO A\u00d1O <\/h1>\n                <\/div>             <!-- end .tile -->\n            <div class=\"bottom-content\">\n                            <\/div> <!-- end .button-content -->\n        <\/div> <!-- end .block-background -->\n    <\/div> <!-- end .container -->\n<\/div> <!-- end wp-block-bancaetica-blocks-blocks-block-06 -->\n\n\n<div class=\"wrapper-crispybacon-class wrapper-crispybacon-class-boxed \">\n    <p><a href=\"#ca\">Catal\u00e0<\/a> <a href=\"#eu\">Euskera<\/a> <a href=\"#ga\">Galego<\/a><\/p>\n<p><strong>Juan Garibi, Director Comercial y de Estatrategia de Fiare Banca Etica<\/strong><\/p>\n<p>Dentro de una <strong>din\u00e1mica de crecimiento que ha continuado<\/strong>&nbsp;en todas las variables, 2018 ha sido un a\u00f1o en el que sobre todo, hemos intentado <strong>reordenarnos para coger impulso.<\/strong> No es lo mismo gestionar servicios para 2.500 personas que para 7.000 ni hacerlo entre 8 que entre 25. El cada vez mayor n\u00famero de servicios y consultas exig\u00eda un tipo de respuesta diferente.<\/p>\n<p>En 2018 no solo hemos crecido, si no que <strong>hemos dado dos pasos fundamentales<\/strong> para poder prestar un mejor servicio y estar en condiciones de dar el siguiente paso adelante. Por una parte, desde septiembre, hemos activado un <strong>servicio de atenci\u00f3n telef\u00f3nica propio<\/strong> que pueda atender de forma espec\u00edfica a nuestra base social, centralizando las consultas m\u00e1s habituales y permitiendo a las personas que atienden comercialmente nuestras delegaciones, dedicarse al desarrollo del cr\u00e9dito y, en general, a los servicios a empresas e instituciones.<\/p>\n<p>Por otra parte, despu\u00e9s de un tiempo de obras de acondicionamiento, en diciembre hemos podido disponer de <strong>nuestra oficina en Madrid<\/strong>, que ser\u00e1 inaugurada oficialmente en pr\u00f3ximamente. Con una infraestructura m\u00e1s adecuada, esperamos poder desarrollar m\u00e1s y mejor nuestra actividad en la zona centro-sur de Espa\u00f1a.<\/p>\n<p>Obviamente estas dos medidas van acompa\u00f1adas de <strong>una mayor dotaci\u00f3n de recursos que permitir\u00e1 que la respuesta sea cada vez m\u00e1s r\u00e1pida y m\u00e1s adecuada<\/strong>.<\/p>\n<p>Estos cambios, sin duda, han supuesto cierta necesidad de ajuste y probablemente hayan generado disfunciones temporales a alguna de las personas que est\u00e1 leyendo estas l\u00edneas. Es inevitable cuando se modifican cosas, aunque sea para bien, hasta adaptarse a los nuevos procesos.&nbsp;<\/p>\n<p>Esperemos que sep\u00e1is disculparnos y entender que el <strong>esfuerzo es para mejorar<\/strong>. Solo con unos pilares s\u00f3lidos podremos seguir creciendo en los pr\u00f3ximos a\u00f1os de una manera sostenible. Hacerlo con pies de barro es aparente a corto plazo pero un grave error a medio y largo plazo.<br \/>\n\t<br \/>\n\tEn paralelo <strong>hemos desarrollado algunos proyectos<\/strong> que consolidan nuestra propuesta como algo m\u00e1s que un servicio financiero. La puesta en marcha de un <strong>canal de crowdfunding dentro de la plataforma Goteo<\/strong>, por la que han pasado ya 3 proyectos en este a\u00f1o, que han superado los objetivos m\u00ednimos previstos. En la misma direcci\u00f3n, desde la sede central en Italia se ha puesto en marcha una campa\u00f1a para la cobertura de los gastos de <strong>env\u00edo del barco Mediterr\u00e1nea<\/strong> para el seguimiento de la situaci\u00f3n de las personas migrantes a trav\u00e9s del mar. Igualmente hemos podido organizar, por primera vez, una <strong>Escuela de Verano<\/strong> en Lerma (Burgos) en torno a la Econom\u00eda Solidaria junto a REAS, la Red que agrupa a las empresas de esta tipolog\u00eda.<\/p>\n<p>Estos elementos que complementan la oferta financiera con otra socio-cultural, no ser\u00edan posible sin la progresiva consolidaci\u00f3n de nuestra <strong>Fundaci\u00f3n, denominada Finanzas \u00c9ticas<\/strong>.<\/p>\n<p>Esperamos continuar en un desarrollo equilibrado de las diferentes l\u00edneas que conforman nuestro proyecto. Podremos hacerlo si seguimos contando con vuestro apoyo como hasta ahora.<\/p>\n<p><br \/>\n\t\u00a1Un fuerte abrazo agradecido y los mejores deseos para el 2019!<\/p>\n<p>&nbsp;<\/p>\n<p><a href=\"http:\/\/&lt;a style=&quot;background-color:black;color:white;text-decoration:none;padding:4px 6px;font-family:-apple-system, BlinkMacSystemFont, &amp;quot;San Francisco&amp;quot;, &amp;quot;Helvetica Neue&amp;quot;, Helvetica, Ubuntu, Roboto, Noto, &amp;quot;Segoe UI&amp;quot;, Arial, sans-serif;font-size:12px;font-weight:bold;line-height:1.2;display:inline-block;border-radius:3px&quot; href=&quot;https:\/\/unsplash.com\/@alexb?utm_medium=referral&amp;amp;utm_campaign=photographer-credit&amp;amp;utm_content=creditBadge&quot; target=&quot;_blank&quot; rel=&quot;noopener noreferrer&quot; title=&quot;Download free do whatever you want high-resolution photos from Alex Bl\u0103jan&quot;&gt;&lt;span style=&quot;display:inline-block;padding:2px 3px&quot;&gt;&lt;svg xmlns=&quot;http:\/\/www.w3.org\/2000\/svg&quot; style=&quot;height:12px;width:auto;position:relative;vertical-align:middle;top:-2px;fill:white&quot; viewBox=&quot;0 0 32 32&quot;&gt;&lt;title&gt;unsplash-logo&lt;\/title&gt;&lt;path d=&quot;M10 9V0h12v9H10zm12 5h10v18H0V14h10v9h12v-9z&quot;&gt;&lt;\/path&gt;&lt;\/svg&gt;&lt;\/span&gt;&lt;span style=&quot;display:inline-block;padding:2px 3px&quot;&gt;Alex Bl\u0103jan&lt;\/span&gt;&lt;\/a&gt;\" id=\"ca\" name=\"ca\"><em><strong>Foto de Alex Bl\u0103jan on Unsplash<\/strong><\/em><\/a><\/p>\n<h1>\n\t________________________________<\/h1>\n<h1>\n\t<em>AGAFANT IMPULS PEL NOU ANY<\/em><\/h1>\n<p><strong>Juan Garibi, Director Comercial i d&#8217;Estrat\u00e8gia de Fiare Banca Etica<\/strong><\/p>\n<p>Dins d\u2019una din\u00e0mica de creixement que ha continuat el 2018 en totes les variables, ha estat un any en qu\u00e8, sobretot, hem intentat reordenar-nos per agafar impuls. No \u00e9s el mateix gestionar serveis per a 2.500 persones que per a 7.000, ni fer-ho entre 8 que entre 25. El, cada vegada major, nombre de serveis i consultes exigia un tipus de resposta diferent.<\/p>\n<p>El 2018 no nom\u00e9s hem crescut, sin\u00f3 que hem donat dues passes fonamentals per poder prestar un millor servei i estar en condicions de donar un seg\u00fcent pas endavant. Per una banda, des de setembre, hem activat un servei d\u2019atenci\u00f3 telef\u00f2nica propi, que pot atendre de forma espec\u00edfica a la nostra base social. D\u2019aquesta manera se centralitzen les consultes m\u00e9s habituals i permeten a les persones que atenen comercialment a les nostres delegacions dedicar-se al desenvolupament del cr\u00e8dit i, en general, als serveis a empreses i institucions.<\/p>\n<p>Per una altra banda, despr\u00e9s d\u2019un temps d\u2019obres descondicionament, el desembre hem pogut disposar de la nostra oficina a Madrid, que ser\u00e0 inaugurada oficialment pr\u00f2ximament. Amb una infraestructura m\u00e9s adequada, esperem poder desenvolupar m\u00e9s i millor la nostra activitat a la zona centre-sud d\u2019Espanya.<\/p>\n<p>\u00d2bviament, aquestes dues mesures v\u00e9nen acompanyades d\u2019una major dotaci\u00f3 de recursos que permetr\u00e0 que la resposta sigui cada vegada m\u00e9s r\u00e0pida i m\u00e9s adequada.<\/p>\n<p>Aquests canvis, sens dubte, han suposat certa necessitat d\u2019ajust i, probablement, hagin generat disfuncions temporals a alguna persona de les que llegiu aquestes l\u00ednies. \u00c9s inevitable quan es modifiquen coses, encara que sigui per millorar, fins a adaptar-se als nous processos.<\/p>\n<p>Esperem que sapigueu disculpar-nos i entendre que l\u2019esfor\u00e7 \u00e9s per millorar. Nom\u00e9s amb uns pilars s\u00f2lids podrem seguir creixent en els pr\u00f2xims anys, d\u2019una manera sostenible.&nbsp; Fer-ho amb peus de fang, \u00e9s aparentment bo a curt termini per\u00f2 un greu error a mitj\u00e0 i llarg termini.<\/p>\n<p>En paral\u2022lel hem desenvolupat alguns projectes que consoliden la nostra proposta en alguna cosa m\u00e9s que un servei financer. La posada en marxa d\u2019un canal de crowdfunding dins de la plataforma Goteo, per la qual han passat ja 3 projectes aquest any, que han superat els objectius m\u00ednims previstos. En la mateixa direcci\u00f3, des de la seu central a It\u00e0lia s\u2019ha posat en marxa una campanya per a la cobertura de les despeses d\u2019enviament del vaixell Mediterranea pel seguiment de la situaci\u00f3 de les persones migrades a trav\u00e9s del mar. Igualment hem pogut organitzar, per primera vegada, una Escola d\u2019Estiu a Lerma (Burgos) al voltant de l\u2019Economia Solid\u00e0ria juntament amb REAS, la xarxa que agrupa a les empreses d\u2019aquesta tipologia.<\/p>\n<p>Aquests elements que complementen l\u2019oferta financera amb una altra sociocultural, no serien possible sense la progressiva consolidaci\u00f3 de la nostra fundaci\u00f3, denominada Finances \u00c8tiques.<\/p>\n<p>Esperem continuar amb un desenvolupament equilibrat de les diferents l\u00ednies que conformen el nostre projecte. Podrem fer-ho si seguim comptant amb el vostre suport, com fins ara.<\/p>\n<p>Una forta abra\u00e7ada i els millors desitjos pel 2019!<br \/>\n\t&nbsp;<\/p>\n<p><a id=\"ga\" name=\"ga\"><\/a>____________________________________________________________________________<\/p>\n<h1>\n\tCOLLENDO PULO PARA O NOVO ANO<\/h1>\n<p><br \/>\n\t<strong>Juan Garibi, Director Comercial e de Estratexia de Fiare Banca Etica<\/strong><\/p>\n<p>Dentro dunha din\u00e1mica de crecemento que continuou en todas as variables, 2018 foi un ano no que, sobre todo, tentamos reordenarnos para coller pulo. Non \u00e9 o mesmo xestionar servizos para 2500 persoas que para 7000, nin facelo entre 8 que entre 25. O n\u00famero cada vez maior de servizos e consultas esix\u00eda un tipo de resposta diferente.<br \/>\n\t<br \/>\n\tEn 2018 non s\u00f3 medramos, sen\u00f3n que demos dous pasos fundamentais para poder prestar un mellor servizo e estar en condici\u00f3ns de dar o seguinte paso adiante. Dunha parte, desde setembro, activamos un servizo de atenci\u00f3n telef\u00f3nica propio para atender de forma espec\u00edfica \u00e1 nosa base social, centralizando as consultas m\u00e1is habituais e permitindo que as persoas que atenden comercialmente as nosas delegaci\u00f3ns se dediquen ao desenvolvemento do cr\u00e9dito e, en xeral, aos servizos a empresas e instituci\u00f3ns.<br \/>\n\t<br \/>\n\tDoutra banda, despois dun tempo de obras de acondicionamento, en decembro puidemos dispo\u00f1er da nosa oficina en Madrid, que ser\u00e1 inaugurada de xeito oficial proximamente. Cunha infraestrutura m\u00e1is axeitada, esperamos poder desenvolver m\u00e1is e mellor a nosa actividade na zona centro-sur de Espa\u00f1a.<br \/>\n\t<br \/>\n\tObviamente, estas d\u00faas medidas van acompa\u00f1adas dunha maior dotaci\u00f3n de recursos que permitir\u00e1 que a resposta sexa cada vez m\u00e1is r\u00e1pida e axeitada.<br \/>\n\t<br \/>\n\tEstes cambios, sen d\u00fabida, supuxeron certa necesidade de axustes e, probablemente, xeraron disfunci\u00f3ns temporais a algunha das persoas que est\u00e1n a ler estas li\u00f1as. \u00c9 inevitable cando se modifican cousas, a\u00ednda que sexa para ben, ata adaptarse aos novos procesos.<br \/>\n\t<br \/>\n\tConf\u00edamos en que saibades desculparnos e entender que o esforzo \u00e9 para mellorar. S\u00f3 cuns alicerces s\u00f3lidos poderemos seguir a medrar nos pr\u00f3ximos anos dunha maneira sostible. Facelo con p\u00e9s de barro \u00e9 aparente a curto prazo, mais resulta un grave erro a medio e longo prazo.<br \/>\n\t<br \/>\n\tEn paralelo, desenvolvemos alg\u00fans proxectos que consolidan a nosa proposta como algo m\u00e1is ca un servizo financeiro. A posta en marcha dunha canle de crowdfunding dentro da plataforma Goteo, pola que pasaron xa tres proxectos este ano, superou os obxectivos m\u00ednimos previstos. Na mesma direcci\u00f3n, desde a sede central en Italia, p\u00faxose en marcha unha campa\u00f1a para a cobertura dos gastos de env\u00edo do barco Mediterr\u00e1nea para o seguimento da situaci\u00f3n das persoas migrantes a trav\u00e9s do mar. Igualmente, puidemos organizar, por primeira vez, unha Escola de Ver\u00e1n en Lerma (Burgos) arredor da Econom\u00eda Solidaria xunto con REAS, a Rede que agrupa as empresas desta tipolox\u00eda.<br \/>\n\t<br \/>\n\tEstes elementos, que complementan a oferta financeira con outra socio-cultural, non ser\u00edan posibles sen a progresiva consolidaci\u00f3n da nosa Fundaci\u00f3n, denominada Finanzas \u00c9ticas.<br \/>\n\tEsperamos continuar cun desenvolvemento equilibrado das diferentes li\u00f1as que conforman o noso proxecto. Poderemos facelo se seguimos contando co voso apoio como ata agora.<\/p>\n<p><br \/>\n\tUn forte e agradecido abrazo, e os mellores desexos para o 2019!<br \/>\n\t&nbsp;<\/p>\n<p>______________________________________________________________________<\/p>\n<h1>\n\tURTE BERRIRAKO ABIADA HARTZEN<\/h1>\n<p><strong>Juan Garibi, Fiare Banca Eticako Merkataritza eta Estrategiako zuzendaria<\/strong><\/p>\n<p>Aldagai guztietan izandako hazkunde-dinamikaren baitan, 2018. urtean batez ere berrantolatzen ahalegindu gara, abiada hartzeko. Ez da gauza bera zerbitzuak 2.500 lagunentzat kudeatzea eta 7.000 lagunentzat kudeatzea, ez eta 8 lagunen artean egitea eta 25en artean egitea ere. Zerbitzu eta kontsulta kopurua gero eta handiagoa izanda, erantzun mota desberdin bat eman beharra genuen.<br \/>\n\t<br \/>\n\t2018an hazi egin gara, baina ez hori bakarrik: funtsezko bi urrats eman ditugu zerbitzu hobea eskaini ahal izateko eta hurrengo aurrerapausoa eman ahal izateko. Alde batetik, irailaz geroztik, telefono bidezko arreta-zerbitzu propioa jarri dugu abian, gure gizarte-oinarria modu espezifikoan artatzeko; horretarako, kontsultarik ohikoenak zentralizatu egin ditugu, eta gure ordezkaritzetan merkataritza-arreta ematen dutenei aukera eman diegu kredituaren garapenean jarduteko eta, oro har, enpresa eta erakundeetarako zerbitzuetan jarduteko.<br \/>\n\t<br \/>\n\tBestetik, egokitzapen-lanak egiten denbora bat eman ostean, abenduan Madrilgo bulegoa ireki ahal izan dugu, ofizialki laster inauguratuko duguna. Azpiegitura egokiagoarekin, Espainiako erdi-hegoaldeko eremuan gure jarduna areagotu eta hobetu ahal izatea espero dugu.<br \/>\n\t<br \/>\n\tEsan gabe doa bi neurri horiekin batera baliabide gehiago eskainiko ditugula, erantzuna gero eta azkarragoa eta egokiagoa izan dadin.<br \/>\n\t<br \/>\n\tZalantzarik gabe, aldaketa horiek egokitzeko nolabaiteko beharra ekarri dute, eta, ziur asko, lerro hauek irakurtzen ari den baten bati aldi baterako eragozpenak sortuko zizkion. Gauzak aldatzen direnean, onerako izan arren, eragozpen horiek saihetsezinak izaten dira prozesu berrietara egokitu arte.<br \/>\n\t<br \/>\n\tBarkatzen jakingo duzuelakoan gaude, eta ulertuko duzuelakoan esfortzua hobetzeko egin dugula. Euskarri sendoak izanda soilik jarraitu ahal izango dugu datozen urteetan modu iraunkorrean hazten. Buztinezko oinekin egiteak itxura ona eman dezake epe laburrera, baina akats larria da epe ertain eta luzera.<br \/>\n\t<br \/>\n\tAldi berean hainbat proiektu garatu ditugu, eta horiek sendotu egiten dute gure proposamena: finantza-zerbitzu bat baino gehiago izatea, alegia. Goteo plataformaren barruan crowdfunding kanal bat jarri dugu abian. Dagoeneko 3 proiektu igaro dira bertatik aurten, eta aurreikusitako gutxieneko helburuak gainditu dituzte. Ildo beretik, Italiako egoitza nagusitik kanpaina bat jarri da abian, itsasoan migratzaileen jarraipena egingo duen Mediterr\u00e1nea itsasontzia bidali ahal izateko gastuak ordaintzeko. Era berean, lehenengo aldiz udako eskola antolatu ahal izan dugu Lerman (Burgos), Ekonomia Solidarioari buruzkoa, REAS sarearekin batera (mota horretako enpresak biltzen dituen sarea da REAS).<br \/>\n\t<br \/>\n\tEskaintza soziokulturaleko elementu horiek gure eskaintza finantzarioa osatzera datoz, eta ez lirateke posible izango, baldin eta gure Fundazioa, Finantza Etikoak delakoa, pixkanaka sendotuko ez balitz.<br \/>\n\t<br \/>\n\tGure proiektua osatzen duten ildo ezberdinak modu orekatuan garatzen jarraitzea espero dugu. Orain arte bezala zuen babesa jasotzen jarraituz gero, egin ahal izango dugu.<br \/>\n\t<br \/>\n\tEsker onez, jaso ezazue besarkada handi bat, eta izan dezazuela 2019 oparoa!<br \/>\n\t&nbsp;<\/p>\n<\/div>","protected":false},"excerpt":{"rendered":"<p>Dentro de una din\u00e1mica de crecimiento que ha continuado en 2018 en todas las variables, ha sido un a\u00f1o en el que, sobre todo, hemos intentado reordenarnos para coger impulso. No es lo mismo gestionar servicios para 2.500 personas que para 7.000 ni hacerlo entre 8 que entre 25. El cada vez mayor n\u00famero de servicios y consultas exig\u00eda un tipo de respuesta diferente.<\/p>\n","protected":false},"author":2,"featured_media":328533,"comment_status":"open","ping_status":"closed","sticky":false,"template":"","format":"standard","meta":{"_acf_changed":false,"footnotes":""},"categories":[11645],"tags":[],"coauthors":[],"class_list":["post-344909","post","type-post","status-publish","format-standard","has-post-thumbnail","hentry","category-finanzas-eticas"],"acf":[],"yoast_head":"<!-- This site is optimized with the Yoast SEO plugin v26.9 - https:\/\/yoast.com\/product\/yoast-seo-wordpress\/ -->\n<title>COGIENDO IMPULSO PARA EL NUEVO A\u00d1O - Fiare Banca Etica<\/title>\n<meta name=\"robots\" content=\"index, follow, max-snippet:-1, max-image-preview:large, max-video-preview:-1\" \/>\n<link rel=\"canonical\" href=\"https:\/\/www.fiarebancaetica.coop\/gl\/cogiendo-impulso-para-el-nuevo-ano\/\" \/>\n<meta property=\"og:locale\" content=\"gl_ES\" \/>\n<meta property=\"og:type\" content=\"article\" \/>\n<meta property=\"og:title\" content=\"COGIENDO IMPULSO PARA EL NUEVO A\u00d1O - Fiare Banca Etica\" \/>\n<meta property=\"og:description\" content=\"Dentro de una din\u00e1mica de crecimiento que ha continuado en 2018 en todas las variables, ha sido un a\u00f1o en el que, sobre todo, hemos intentado reordenarnos para coger impulso. No es lo mismo gestionar servicios para 2.500 personas que para 7.000 ni hacerlo entre 8 que entre 25. El cada vez mayor n\u00famero de servicios y consultas exig\u00eda un tipo de respuesta diferente.\" \/>\n<meta property=\"og:url\" content=\"https:\/\/www.fiarebancaetica.coop\/gl\/cogiendo-impulso-para-el-nuevo-ano\/\" \/>\n<meta property=\"og:site_name\" content=\"Fiare Banca Etica\" \/>\n<meta property=\"article:published_time\" content=\"2019-01-13T23:00:00+00:00\" \/>\n<meta property=\"article:modified_time\" content=\"2024-02-21T14:40:00+00:00\" \/>\n<meta property=\"og:image\" content=\"https:\/\/www.fiarebancaetica.coop\/app\/uploads\/sites\/2\/2023\/12\/agafant-impuls-pel-nou-any.jpg\" \/>\n\t<meta property=\"og:image:width\" content=\"591\" \/>\n\t<meta property=\"og:image:height\" content=\"299\" \/>\n\t<meta property=\"og:image:type\" content=\"image\/jpeg\" \/>\n<meta name=\"author\" content=\"crispyadmin0\" \/>\n<meta name=\"twitter:card\" content=\"summary_large_image\" \/>\n<script type=\"application\/ld+json\" class=\"yoast-schema-graph\">{\"@context\":\"https:\/\/schema.org\",\"@graph\":[{\"@type\":\"Article\",\"@id\":\"https:\/\/www.fiarebancaetica.coop\/gl\/cogiendo-impulso-para-el-nuevo-ano\/#article\",\"isPartOf\":{\"@id\":\"https:\/\/www.fiarebancaetica.coop\/gl\/cogiendo-impulso-para-el-nuevo-ano\/\"},\"author\":{\"name\":\"crispyadmin0\",\"@id\":\"https:\/\/www.fiarebancaetica.coop\/gl\/#\/schema\/person\/579841e89c804b5db05d9141bd9b8272\"},\"headline\":\"COGIENDO IMPULSO PARA EL NUEVO A\u00d1O\",\"datePublished\":\"2019-01-13T23:00:00+00:00\",\"dateModified\":\"2024-02-21T14:40:00+00:00\",\"mainEntityOfPage\":{\"@id\":\"https:\/\/www.fiarebancaetica.coop\/gl\/cogiendo-impulso-para-el-nuevo-ano\/\"},\"wordCount\":2006,\"commentCount\":0,\"image\":{\"@id\":\"https:\/\/www.fiarebancaetica.coop\/gl\/cogiendo-impulso-para-el-nuevo-ano\/#primaryimage\"},\"thumbnailUrl\":\"https:\/\/www.fiarebancaetica.coop\/app\/uploads\/sites\/2\/2023\/12\/agafant-impuls-pel-nou-any.jpg\",\"articleSection\":[\"Finanzas \u00c9ticas\"],\"inLanguage\":\"gl-ES\",\"potentialAction\":[{\"@type\":\"CommentAction\",\"name\":\"Comment\",\"target\":[\"https:\/\/www.fiarebancaetica.coop\/gl\/cogiendo-impulso-para-el-nuevo-ano\/#respond\"]}]},{\"@type\":\"WebPage\",\"@id\":\"https:\/\/www.fiarebancaetica.coop\/gl\/cogiendo-impulso-para-el-nuevo-ano\/\",\"url\":\"https:\/\/www.fiarebancaetica.coop\/gl\/cogiendo-impulso-para-el-nuevo-ano\/\",\"name\":\"COGIENDO IMPULSO PARA EL NUEVO A\u00d1O - Fiare Banca Etica\",\"isPartOf\":{\"@id\":\"https:\/\/www.fiarebancaetica.coop\/gl\/#website\"},\"primaryImageOfPage\":{\"@id\":\"https:\/\/www.fiarebancaetica.coop\/gl\/cogiendo-impulso-para-el-nuevo-ano\/#primaryimage\"},\"image\":{\"@id\":\"https:\/\/www.fiarebancaetica.coop\/gl\/cogiendo-impulso-para-el-nuevo-ano\/#primaryimage\"},\"thumbnailUrl\":\"https:\/\/www.fiarebancaetica.coop\/app\/uploads\/sites\/2\/2023\/12\/agafant-impuls-pel-nou-any.jpg\",\"datePublished\":\"2019-01-13T23:00:00+00:00\",\"dateModified\":\"2024-02-21T14:40:00+00:00\",\"author\":{\"@id\":\"https:\/\/www.fiarebancaetica.coop\/gl\/#\/schema\/person\/579841e89c804b5db05d9141bd9b8272\"},\"breadcrumb\":{\"@id\":\"https:\/\/www.fiarebancaetica.coop\/gl\/cogiendo-impulso-para-el-nuevo-ano\/#breadcrumb\"},\"inLanguage\":\"gl-ES\",\"potentialAction\":[{\"@type\":\"ReadAction\",\"target\":[\"https:\/\/www.fiarebancaetica.coop\/gl\/cogiendo-impulso-para-el-nuevo-ano\/\"]}]},{\"@type\":\"ImageObject\",\"inLanguage\":\"gl-ES\",\"@id\":\"https:\/\/www.fiarebancaetica.coop\/gl\/cogiendo-impulso-para-el-nuevo-ano\/#primaryimage\",\"url\":\"https:\/\/www.fiarebancaetica.coop\/app\/uploads\/sites\/2\/2023\/12\/agafant-impuls-pel-nou-any.jpg\",\"contentUrl\":\"https:\/\/www.fiarebancaetica.coop\/app\/uploads\/sites\/2\/2023\/12\/agafant-impuls-pel-nou-any.jpg\",\"width\":591,\"height\":299},{\"@type\":\"BreadcrumbList\",\"@id\":\"https:\/\/www.fiarebancaetica.coop\/gl\/cogiendo-impulso-para-el-nuevo-ano\/#breadcrumb\",\"itemListElement\":[{\"@type\":\"ListItem\",\"position\":1,\"name\":\"Home\",\"item\":\"https:\/\/www.fiarebancaetica.coop\/gl\/\"},{\"@type\":\"ListItem\",\"position\":2,\"name\":\"COGIENDO IMPULSO PARA EL NUEVO A\u00d1O\"}]},{\"@type\":\"WebSite\",\"@id\":\"https:\/\/www.fiarebancaetica.coop\/gl\/#website\",\"url\":\"https:\/\/www.fiarebancaetica.coop\/gl\/\",\"name\":\"Fiare Banca Etica\",\"description\":\"\",\"potentialAction\":[{\"@type\":\"SearchAction\",\"target\":{\"@type\":\"EntryPoint\",\"urlTemplate\":\"https:\/\/www.fiarebancaetica.coop\/gl\/?s={search_term_string}\"},\"query-input\":{\"@type\":\"PropertyValueSpecification\",\"valueRequired\":true,\"valueName\":\"search_term_string\"}}],\"inLanguage\":\"gl-ES\"},{\"@type\":\"Person\",\"@id\":\"https:\/\/www.fiarebancaetica.coop\/gl\/#\/schema\/person\/579841e89c804b5db05d9141bd9b8272\",\"name\":\"crispyadmin0\",\"image\":{\"@type\":\"ImageObject\",\"inLanguage\":\"gl-ES\",\"@id\":\"https:\/\/www.fiarebancaetica.coop\/gl\/#\/schema\/person\/image\/5f3a6b7786f32f4c35bd2b1a5a4698ea\",\"url\":\"https:\/\/secure.gravatar.com\/avatar\/4d2cfb499d497b6d49da659fab7404b243a87fe8e40d2cf97a1cae48f677f5b2?s=96&d=mm&r=g\",\"contentUrl\":\"https:\/\/secure.gravatar.com\/avatar\/4d2cfb499d497b6d49da659fab7404b243a87fe8e40d2cf97a1cae48f677f5b2?s=96&d=mm&r=g\",\"caption\":\"crispyadmin0\"},\"sameAs\":[\"crispyadmin0\"]}]}<\/script>\n<!-- \/ Yoast SEO plugin. -->","yoast_head_json":{"title":"COGIENDO IMPULSO PARA EL NUEVO A\u00d1O - Fiare Banca Etica","robots":{"index":"index","follow":"follow","max-snippet":"max-snippet:-1","max-image-preview":"max-image-preview:large","max-video-preview":"max-video-preview:-1"},"canonical":"https:\/\/www.fiarebancaetica.coop\/gl\/cogiendo-impulso-para-el-nuevo-ano\/","og_locale":"gl_ES","og_type":"article","og_title":"COGIENDO IMPULSO PARA EL NUEVO A\u00d1O - Fiare Banca Etica","og_description":"Dentro de una din\u00e1mica de crecimiento que ha continuado en 2018 en todas las variables, ha sido un a\u00f1o en el que, sobre todo, hemos intentado reordenarnos para coger impulso. No es lo mismo gestionar servicios para 2.500 personas que para 7.000 ni hacerlo entre 8 que entre 25. El cada vez mayor n\u00famero de servicios y consultas exig\u00eda un tipo de respuesta diferente.","og_url":"https:\/\/www.fiarebancaetica.coop\/gl\/cogiendo-impulso-para-el-nuevo-ano\/","og_site_name":"Fiare Banca Etica","article_published_time":"2019-01-13T23:00:00+00:00","article_modified_time":"2024-02-21T14:40:00+00:00","og_image":[{"width":591,"height":299,"url":"https:\/\/www.fiarebancaetica.coop\/app\/uploads\/sites\/2\/2023\/12\/agafant-impuls-pel-nou-any.jpg","type":"image\/jpeg"}],"author":"crispyadmin0","twitter_card":"summary_large_image","schema":{"@context":"https:\/\/schema.org","@graph":[{"@type":"Article","@id":"https:\/\/www.fiarebancaetica.coop\/gl\/cogiendo-impulso-para-el-nuevo-ano\/#article","isPartOf":{"@id":"https:\/\/www.fiarebancaetica.coop\/gl\/cogiendo-impulso-para-el-nuevo-ano\/"},"author":{"name":"crispyadmin0","@id":"https:\/\/www.fiarebancaetica.coop\/gl\/#\/schema\/person\/579841e89c804b5db05d9141bd9b8272"},"headline":"COGIENDO IMPULSO PARA EL NUEVO A\u00d1O","datePublished":"2019-01-13T23:00:00+00:00","dateModified":"2024-02-21T14:40:00+00:00","mainEntityOfPage":{"@id":"https:\/\/www.fiarebancaetica.coop\/gl\/cogiendo-impulso-para-el-nuevo-ano\/"},"wordCount":2006,"commentCount":0,"image":{"@id":"https:\/\/www.fiarebancaetica.coop\/gl\/cogiendo-impulso-para-el-nuevo-ano\/#primaryimage"},"thumbnailUrl":"https:\/\/www.fiarebancaetica.coop\/app\/uploads\/sites\/2\/2023\/12\/agafant-impuls-pel-nou-any.jpg","articleSection":["Finanzas \u00c9ticas"],"inLanguage":"gl-ES","potentialAction":[{"@type":"CommentAction","name":"Comment","target":["https:\/\/www.fiarebancaetica.coop\/gl\/cogiendo-impulso-para-el-nuevo-ano\/#respond"]}]},{"@type":"WebPage","@id":"https:\/\/www.fiarebancaetica.coop\/gl\/cogiendo-impulso-para-el-nuevo-ano\/","url":"https:\/\/www.fiarebancaetica.coop\/gl\/cogiendo-impulso-para-el-nuevo-ano\/","name":"COGIENDO IMPULSO PARA EL NUEVO A\u00d1O - Fiare Banca Etica","isPartOf":{"@id":"https:\/\/www.fiarebancaetica.coop\/gl\/#website"},"primaryImageOfPage":{"@id":"https:\/\/www.fiarebancaetica.coop\/gl\/cogiendo-impulso-para-el-nuevo-ano\/#primaryimage"},"image":{"@id":"https:\/\/www.fiarebancaetica.coop\/gl\/cogiendo-impulso-para-el-nuevo-ano\/#primaryimage"},"thumbnailUrl":"https:\/\/www.fiarebancaetica.coop\/app\/uploads\/sites\/2\/2023\/12\/agafant-impuls-pel-nou-any.jpg","datePublished":"2019-01-13T23:00:00+00:00","dateModified":"2024-02-21T14:40:00+00:00","author":{"@id":"https:\/\/www.fiarebancaetica.coop\/gl\/#\/schema\/person\/579841e89c804b5db05d9141bd9b8272"},"breadcrumb":{"@id":"https:\/\/www.fiarebancaetica.coop\/gl\/cogiendo-impulso-para-el-nuevo-ano\/#breadcrumb"},"inLanguage":"gl-ES","potentialAction":[{"@type":"ReadAction","target":["https:\/\/www.fiarebancaetica.coop\/gl\/cogiendo-impulso-para-el-nuevo-ano\/"]}]},{"@type":"ImageObject","inLanguage":"gl-ES","@id":"https:\/\/www.fiarebancaetica.coop\/gl\/cogiendo-impulso-para-el-nuevo-ano\/#primaryimage","url":"https:\/\/www.fiarebancaetica.coop\/app\/uploads\/sites\/2\/2023\/12\/agafant-impuls-pel-nou-any.jpg","contentUrl":"https:\/\/www.fiarebancaetica.coop\/app\/uploads\/sites\/2\/2023\/12\/agafant-impuls-pel-nou-any.jpg","width":591,"height":299},{"@type":"BreadcrumbList","@id":"https:\/\/www.fiarebancaetica.coop\/gl\/cogiendo-impulso-para-el-nuevo-ano\/#breadcrumb","itemListElement":[{"@type":"ListItem","position":1,"name":"Home","item":"https:\/\/www.fiarebancaetica.coop\/gl\/"},{"@type":"ListItem","position":2,"name":"COGIENDO IMPULSO PARA EL NUEVO A\u00d1O"}]},{"@type":"WebSite","@id":"https:\/\/www.fiarebancaetica.coop\/gl\/#website","url":"https:\/\/www.fiarebancaetica.coop\/gl\/","name":"Fiare Banca Etica","description":"","potentialAction":[{"@type":"SearchAction","target":{"@type":"EntryPoint","urlTemplate":"https:\/\/www.fiarebancaetica.coop\/gl\/?s={search_term_string}"},"query-input":{"@type":"PropertyValueSpecification","valueRequired":true,"valueName":"search_term_string"}}],"inLanguage":"gl-ES"},{"@type":"Person","@id":"https:\/\/www.fiarebancaetica.coop\/gl\/#\/schema\/person\/579841e89c804b5db05d9141bd9b8272","name":"crispyadmin0","image":{"@type":"ImageObject","inLanguage":"gl-ES","@id":"https:\/\/www.fiarebancaetica.coop\/gl\/#\/schema\/person\/image\/5f3a6b7786f32f4c35bd2b1a5a4698ea","url":"https:\/\/secure.gravatar.com\/avatar\/4d2cfb499d497b6d49da659fab7404b243a87fe8e40d2cf97a1cae48f677f5b2?s=96&d=mm&r=g","contentUrl":"https:\/\/secure.gravatar.com\/avatar\/4d2cfb499d497b6d49da659fab7404b243a87fe8e40d2cf97a1cae48f677f5b2?s=96&d=mm&r=g","caption":"crispyadmin0"},"sameAs":["crispyadmin0"]}]}},"_links":{"self":[{"href":"https:\/\/www.fiarebancaetica.coop\/gl\/wp-json\/wp\/v2\/posts\/344909","targetHints":{"allow":["GET"]}}],"collection":[{"href":"https:\/\/www.fiarebancaetica.coop\/gl\/wp-json\/wp\/v2\/posts"}],"about":[{"href":"https:\/\/www.fiarebancaetica.coop\/gl\/wp-json\/wp\/v2\/types\/post"}],"author":[{"embeddable":true,"href":"https:\/\/www.fiarebancaetica.coop\/gl\/wp-json\/wp\/v2\/users\/2"}],"replies":[{"embeddable":true,"href":"https:\/\/www.fiarebancaetica.coop\/gl\/wp-json\/wp\/v2\/comments?post=344909"}],"version-history":[{"count":1,"href":"https:\/\/www.fiarebancaetica.coop\/gl\/wp-json\/wp\/v2\/posts\/344909\/revisions"}],"predecessor-version":[{"id":354137,"href":"https:\/\/www.fiarebancaetica.coop\/gl\/wp-json\/wp\/v2\/posts\/344909\/revisions\/354137"}],"wp:featuredmedia":[{"embeddable":true,"href":"https:\/\/www.fiarebancaetica.coop\/gl\/wp-json\/wp\/v2\/media\/328533"}],"wp:attachment":[{"href":"https:\/\/www.fiarebancaetica.coop\/gl\/wp-json\/wp\/v2\/media?parent=344909"}],"wp:term":[{"taxonomy":"category","embeddable":true,"href":"https:\/\/www.fiarebancaetica.coop\/gl\/wp-json\/wp\/v2\/categories?post=344909"},{"taxonomy":"post_tag","embeddable":true,"href":"https:\/\/www.fiarebancaetica.coop\/gl\/wp-json\/wp\/v2\/tags?post=344909"},{"taxonomy":"author","embeddable":true,"href":"https:\/\/www.fiarebancaetica.coop\/gl\/wp-json\/wp\/v2\/coauthors?post=344909"}],"curies":[{"name":"wp","href":"https:\/\/api.w.org\/{rel}","templated":true}]}}