{"id":345241,"date":"2018-04-26T00:00:00","date_gmt":"2018-04-25T22:00:00","guid":{"rendered":"https:\/\/www.fiarebancaetica.coop\/jornadas-las-finanzas-eticas-en-el-aula\/"},"modified":"2024-02-21T15:45:54","modified_gmt":"2024-02-21T14:45:54","slug":"jornadas-las-finanzas-eticas-en-el-aula","status":"publish","type":"post","link":"https:\/\/www.fiarebancaetica.coop\/gl\/jornadas-las-finanzas-eticas-en-el-aula\/","title":{"rendered":"Jornadas: Las finanzas \u00e9ticas en el aula"},"content":{"rendered":"\n\n<div class=\"wp-block-bancaetica-blocks-blocks-block-49\">\n    <div class=\"container-block-49\">\n\n        <div class=\"header-section \">\n                            <h1 class=\"section-title\"> Etica e cooperativa <\/h1>\n                                            <\/div>\n\n        \n        <div class=\"block-background\" style=\"background-image: url('https:\/\/www.fiarebancaetica.coop\/app\/uploads\/sites\/2\/2023\/12\/jornada-por-una-educacion-economica-transformadora-impulsemos-las-finanzas-eticas-en-el-aul.jpg')\">\n                            <div class=\"tile\">\n                    <h1 class=\"image-title\"> Jornadas: Las finanzas \u00e9ticas en el aula <\/h1>\n                <\/div>             <!-- end .tile -->\n            <div class=\"bottom-content\">\n                            <\/div> <!-- end .button-content -->\n        <\/div> <!-- end .block-background -->\n    <\/div> <!-- end .container -->\n<\/div> <!-- end wp-block-bancaetica-blocks-blocks-block-06 -->\n\n\n<div class=\"wrapper-crispybacon-class wrapper-crispybacon-class-boxed \">\n    <p><a href=\"#ca\">Catal\u00e0<\/a><\/p>\n<p>Los d\u00edas 20 y 21 de abril, han tenido lugar en Barcelona las Jornadas estatales <strong>\u201cPor una educaci\u00f3n econ\u00f3mica transformadora, Impulsemos las finanzas \u00e9ticas en el aula\u201d<\/strong>. Las jornadas han sido organizadas por FETS y la Fundaci\u00f3n Fiare con el apoyo del Ayuntamiento de Barcelona y la Generalitat de Catalunya y la colaboraci\u00f3n de Oikocredit Catalunya y la Asociacion de Ense\u00f1antes de Economia y Empresa. En el encuentro participaron unas 60 personas entre profesorado y miembros de ONG y plataformas. Tambi\u00e9n hubo un grupo numeroso de representantes de los<strong> grupos territoriales de&nbsp; Fiare Andaluc\u00eda, Madrid, Baleares, Murcia, Arag\u00f3n y Euskadi.<\/strong><\/p>\n<p>Los objetivos de las jornadas han sido fomentar el <strong>debate sobre el actual modelo de educaci\u00f3n econ\u00f3mica,<\/strong> reflexionando sobre el enfoque y metodolog\u00eda que se usan en las aulas, plantear alternativas para una educaci\u00f3n econ\u00f3mica, cr\u00edtica y plural, visibilizar y compartir experiencias y recursos educativos del impulso de las finanzas \u00e9ticas en el aula e impulsar un espacio de encuentro entre profesorado y entidades interesadas en trabajar las finanzas \u00e9ticas en el aula.<\/p>\n<h2>\n\tLa educaci\u00f3n econ\u00f3mica a debate<\/h2>\n<p>El viernes tuvo lugar la<strong> mesa redonda \u201c10 a\u00f1os de la crisis financiera, \u00bfque hemos aprendido? la educaci\u00f3n econ\u00f3mica a debate\u201d<\/strong> con la participaci\u00f3n de Arcadi Oliveres (economista y activista pol\u00edtico), Domenico Villano (Fondazione Finanza Etica), Pedro Gozalbo (Asociaci\u00f3n de ense\u00f1antes de econom\u00eda y empresa y Beatriz Fern\u00e1ndez (Economistas Sin Fronteras). <strong>Arcadi Oliveres critic\u00f3 el plan educativo actual en materia econ\u00f3mica por \u201cense\u00f1ar un modelo \u00fanico y neoliberal\u201d<\/strong>. Para Domenico Villano \u201cla econom\u00eda ha de ser una ciencia social al servicio de las personas\u201d. Sobre las alternativas a la ense\u00f1anza econ\u00f3mica actual, Beatriz Fern\u00e1ndez destac\u00f3 que \u201caunque est\u00e9n surgiendo modelos distintos, son a\u00fan minoritarios. Pedro Gozalbo en su intervenci\u00f3n manifest\u00f3 que \u201den las universidades ense\u00f1an matem\u00e1ticas para solucionar los peque\u00f1os problemas que surgen de un modelo perfecto, pero nadie explica a los alumnos que el modelo general desigualdades sociales y destruye el planeta\u201d.<br \/>\n\t<br \/>\n\tLa jornada del viernes termin\u00f3 con la representaci\u00f3n de la <strong>obra de teatro \u201cEl Plan ilusi\u00f3n\u201d<\/strong> interpretada por el Forn de teatre Pa\u2019Tothom. La pieza teatral habla de la injerencia de los bancos convencionales en la educaci\u00f3n.<\/p>\n<h2>\n\tIntercambio de experiencias en el aula<\/h2>\n<p>El s\u00e1bado se dedic\u00f3 a la presentaci\u00f3n de recursos educativos y experiencias que mostraron que no solo es posible otra econom\u00eda justa, social i solidaria sino que tambi\u00e9n es posible ense\u00f1arla.<br \/>\n\t<br \/>\n\tLos recursos que se presentaron fueron la actualizaci\u00f3n de la <strong>Gu\u00eda pedag\u00f3gica \u201cQue tu dinero piense como t\u00fa<\/strong>\u201d, el programa on-line dirigido a formadores \u201cEducarci\u201d y el informe \u201cRepensando la educaci\u00f3n financiera desde una perspectiva \u00e9tica y parabancaria\u201d.<br \/>\n\t<br \/>\n\tProfesorado de secundaria, ciclos formativos y universidades presentaron sus experiencias en el aula, as\u00ed mismo una estudiante explic\u00f3 lo que represent\u00f3 para ella conocer que son las finanzas \u00e9ticas y hacer un proyecto de Aprendizaje Servicio. Se presentaron experiencias de centros de secundaria y ciclos formativos de Barcelona, Matar\u00f3, Terrassa y Palma de Mallorca y de las Universidades de Barcelona y Zaragoza.<br \/>\n\t<br \/>\n\tLas jornadas terminaron con un <strong>espacio de participaci\u00f3n dinamizado por Edualter <\/strong>en el que se trabajaron las necesidades, retos y dificultades con los que se encuentra el profesorado y se dieron los primeros pasos para crear una red estatal para impulsar las finanzas \u00e9ticas en el aula.<br \/>\n\t<br \/>\n\tLos participantes manifestaron su satisfacci\u00f3n por las jornadas y su inter\u00e9s por seguir trabajando conjuntamente para que las finanzas \u00e9ticas est\u00e9n presentes en los centros educativos y se pueda trabajar para que una educaci\u00f3n econ\u00f3mica, cr\u00edtica y plural sea una realidad.<\/p>\n<p>&nbsp;<\/p>\n<p>__________________________________________________________________________________________<\/p>\n<h2>\n\t<a id=\"ca\" name=\"ca\"><\/a>Jornada Estatal per impulsar les finances \u00e8tiques a l\u2019aula<\/h2>\n<p><br \/>\n\tEls dies 20 i 21 d\u2019Abril, han tingut lloc a Barcelona les Jornades estatals \u201cPer una educaci\u00f3 econ\u00f2mica transformadora, Impulsem les finances \u00e8tiques a l\u2019aula\u201c. Les jornades han estat organitzades per FETS i la Fundaci\u00f3 Fiare amb el suport de l\u2019Ajuntament de Barcelona i la Generalitat de Catalunya i la col\u00b7laboraci\u00f3 d\u2019Oikocredit Catalunya i l\u2019Associaci\u00f3 d\u2019Ensenyants d\u2019Economia i Empresa. A la trobada van participar unes 60 persones entre professorat i membres d\u2019ONG i plataformes. Tamb\u00e9 va assistir un grup nombr\u00f3s de representants dels grups territorials de Fiare Andalusia, Madrid, Balears, Murcia, Arag\u00f3 i Euskadi.<\/p>\n<p>Els objectius de les jornades han estat fomentar el debat sobre l\u2019actual model d\u2019educaci\u00f3 econ\u00f2mica, reflexionant sobre l\u2019enfocament i metodologia que s\u2019utilitza a les aules, plantejar alternatives per a una educaci\u00f3 econ\u00f2mica, cr\u00edtica i plural, visibilitzar i compartir experi\u00e8ncies i recursos educatius d\u2019impuls de les finances \u00e8tiques a l\u2019aula i impulsar un espai de trobada entre professorat i entitats interessades a treballar les finances \u00e8tiques a l\u2019aula.<\/p>\n<h3>\n\tL\u2019educaci\u00f3 econ\u00f2mica a debat<\/h3>\n<p>El divendres va tenir lloc la taula rodona \u201c10 anys de la crisi financera, que hem apr\u00e8s? L\u2019educaci\u00f3 econ\u00f2mica a debat\u201d amb la participaci\u00f3 d\u2019Arcadi Oliveres (economista i activista pol\u00edtic), Domenico Villano (Fondazione Finanza Etica), Pedro Gozalbo&nbsp; (Associaci\u00f3 d\u2019ensenyants d\u2019economia i empresa) i Beatriz Fern\u00e1ndez Olit (Economistes Sense Fronteres).<\/p>\n<p>Arcadi Oliveres va criticar el pla educatiu actual en mat\u00e8ria d\u2019economia per \u201censenyar un model \u00fanic i neoliberal\u201d. Per Domenico Villano \u201cl\u2019economia ha de ser una ci\u00e8ncia social al servei de les persones\u201d. Sobre les alternatives a l\u2019ensenyament econ\u00f2mic actual, Beatriz Fern\u00e1ndez va destacar que \u201ctot i que estan sorgint models diferents, encara s\u00f3n minoritaris\u201d, Pedro Gozalbo a la seva intervenci\u00f3 va manifestar que \u201ca les universitats ensenyen matem\u00e0tiques per solucionar els petits problemes que sorgeixen d\u2019un model perfecte, per\u00f2 ning\u00fa explica als alumnes que el model genera desigualtats socials i destrueix el planeta\u201d.<\/p>\n<p>La jornada del divendres va acabar amb la representaci\u00f3 de l\u2019obra de teatre \u201cEl Pla Il\u00b7lusi\u00f3\u201d interpretat pel Forn de teatre Pa\u2019Tothom. La pe\u00e7a teatral parla de la inger\u00e8ncia dels bancs convencionals en l\u2019educaci\u00f3.<\/p>\n<h3>\n\tIntercanvi d\u2019experi\u00e8ncies a l\u2019aula<\/h3>\n<p>Dissabte es va dedicar a la presentaci\u00f3 de recursos educatius i experi\u00e8ncies que van mostrar que no nom\u00e9s \u00e9s possible una altra economia justa, social i solid\u00e0ria, sin\u00f3 que tamb\u00e9 \u00e9s possible ensenyar-la.<\/p>\n<p>Els recursos que es van presentar van ser l\u2019actualitzaci\u00f3 de la Guia pedag\u00f2gica \u201cQue els teus diners pensin com tu\u201d, el programa on-line adre\u00e7at a formadors \u201cEducarci\u201d i l\u2019informe \u201cRepensant l\u2019educaci\u00f3 financera des d\u2019una perspectiva \u00e8tica i parabanc\u00e0ria\u201d.<\/p>\n<p>Professorat de secund\u00e0ria, cicles formatius i universitats van presentar les seves experi\u00e8ncies a l\u2019aula, aix\u00ed mateix una estudiant va explicar el que va suposar per a ella con\u00e8ixer qu\u00e8 s\u00f3n les finances \u00e8tiques i fer un projecte d\u2019Aprenentatge i Servei. Es van presentar experi\u00e8ncies de centres de secund\u00e0ria i cicles formatius de Barcelona, Matar\u00f3, Terrassa i Palma de Mallorca i de les Universitats de Barcelona i Saragossa.<\/p>\n<p>Les jornades van acabar amb un espai de participaci\u00f3 dinamitzat per Edualter on es van treballar les necessitats, els reptes i les dificultats que es troba el professorat i es van donar els primers passos per a crear una xarxa estatal per impulsar les finances \u00e8tiques a l\u2019aula.<\/p>\n<p>Els participants van manifestar la seva satisfacci\u00f3 per les jornades i el seu inter\u00e8s per continuar treballant conjuntament per a que les finances \u00e8tiques estiguin presents als centres educatius i es pugui treballar per a que una educaci\u00f3 econ\u00f2mica cr\u00edtica i plural sigui una realitat.<\/p>\n<\/div>","protected":false},"excerpt":{"rendered":"<p>Los d\u00edas 20 y 21 de abril, han tenido lugar en Barcelona las Jornadas estatales \u201cPor una educaci\u00f3n econ\u00f3mica transformadora, Impulsemos las finanzas \u00e9ticas en el aula\u201d. Las jornadas han sido organizadas por FETS y la Fundaci\u00f3n Fiare con el apoyo del Ayuntamiento de Barcelona y la Generalitat de Catalunya y la colaboraci\u00f3n de Oikocredit Catalunya y la Asociacion de Ense\u00f1antes de Economia y Empresa. En el encuentro participaron unas 60 personas entre profesorado y miembros de ONG y plataformas. Tambi\u00e9n hubo un grupo numeroso de representantes de los grupos territoriales de&nbsp; Fiare Andaluc\u00eda, Madrid, Baleares, Murcia, Arag\u00f3n y Euskadi.<\/p>\n","protected":false},"author":2,"featured_media":326045,"comment_status":"open","ping_status":"closed","sticky":false,"template":"","format":"standard","meta":{"_acf_changed":false,"footnotes":""},"categories":[11645],"tags":[],"coauthors":[],"class_list":["post-345241","post","type-post","status-publish","format-standard","has-post-thumbnail","hentry","category-finanzas-eticas"],"acf":[],"yoast_head":"<!-- This site is optimized with the Yoast SEO plugin v26.9 - https:\/\/yoast.com\/product\/yoast-seo-wordpress\/ -->\n<title>Jornadas: Las finanzas \u00e9ticas en el aula - Fiare Banca Etica<\/title>\n<meta name=\"robots\" content=\"index, follow, max-snippet:-1, max-image-preview:large, max-video-preview:-1\" \/>\n<link rel=\"canonical\" href=\"https:\/\/www.fiarebancaetica.coop\/gl\/jornadas-las-finanzas-eticas-en-el-aula\/\" \/>\n<meta property=\"og:locale\" content=\"gl_ES\" \/>\n<meta property=\"og:type\" content=\"article\" \/>\n<meta property=\"og:title\" content=\"Jornadas: Las finanzas \u00e9ticas en el aula - Fiare Banca Etica\" \/>\n<meta property=\"og:description\" content=\"Los d\u00edas 20 y 21 de abril, han tenido lugar en Barcelona las Jornadas estatales \u201cPor una educaci\u00f3n econ\u00f3mica transformadora, Impulsemos las finanzas \u00e9ticas en el aula\u201d. Las jornadas han sido organizadas por FETS y la Fundaci\u00f3n Fiare con el apoyo del Ayuntamiento de Barcelona y la Generalitat de Catalunya y la colaboraci\u00f3n de Oikocredit Catalunya y la Asociacion de Ense\u00f1antes de Economia y Empresa. En el encuentro participaron unas 60 personas entre profesorado y miembros de ONG y plataformas. Tambi\u00e9n hubo un grupo numeroso de representantes de los grupos territoriales de&nbsp; Fiare Andaluc\u00eda, Madrid, Baleares, Murcia, Arag\u00f3n y Euskadi.\" \/>\n<meta property=\"og:url\" content=\"https:\/\/www.fiarebancaetica.coop\/gl\/jornadas-las-finanzas-eticas-en-el-aula\/\" \/>\n<meta property=\"og:site_name\" content=\"Fiare Banca Etica\" \/>\n<meta property=\"article:published_time\" content=\"2018-04-25T22:00:00+00:00\" \/>\n<meta property=\"article:modified_time\" content=\"2024-02-21T14:45:54+00:00\" \/>\n<meta property=\"og:image\" content=\"https:\/\/www.fiarebancaetica.coop\/app\/uploads\/sites\/2\/2023\/12\/jornada-por-una-educacion-economica-transformadora-impulsemos-las-finanzas-eticas-en-el-aul.jpg\" \/>\n\t<meta property=\"og:image:width\" content=\"591\" \/>\n\t<meta property=\"og:image:height\" content=\"299\" \/>\n\t<meta property=\"og:image:type\" content=\"image\/jpeg\" \/>\n<meta name=\"author\" content=\"crispyadmin0\" \/>\n<meta name=\"twitter:card\" content=\"summary_large_image\" \/>\n<script type=\"application\/ld+json\" class=\"yoast-schema-graph\">{\"@context\":\"https:\/\/schema.org\",\"@graph\":[{\"@type\":\"Article\",\"@id\":\"https:\/\/www.fiarebancaetica.coop\/gl\/jornadas-las-finanzas-eticas-en-el-aula\/#article\",\"isPartOf\":{\"@id\":\"https:\/\/www.fiarebancaetica.coop\/gl\/jornadas-las-finanzas-eticas-en-el-aula\/\"},\"author\":{\"name\":\"crispyadmin0\",\"@id\":\"https:\/\/www.fiarebancaetica.coop\/gl\/#\/schema\/person\/579841e89c804b5db05d9141bd9b8272\"},\"headline\":\"Jornadas: Las finanzas \u00e9ticas en el aula\",\"datePublished\":\"2018-04-25T22:00:00+00:00\",\"dateModified\":\"2024-02-21T14:45:54+00:00\",\"mainEntityOfPage\":{\"@id\":\"https:\/\/www.fiarebancaetica.coop\/gl\/jornadas-las-finanzas-eticas-en-el-aula\/\"},\"wordCount\":1304,\"commentCount\":0,\"image\":{\"@id\":\"https:\/\/www.fiarebancaetica.coop\/gl\/jornadas-las-finanzas-eticas-en-el-aula\/#primaryimage\"},\"thumbnailUrl\":\"https:\/\/www.fiarebancaetica.coop\/app\/uploads\/sites\/2\/2023\/12\/jornada-por-una-educacion-economica-transformadora-impulsemos-las-finanzas-eticas-en-el-aul.jpg\",\"articleSection\":[\"Finanzas \u00c9ticas\"],\"inLanguage\":\"gl-ES\",\"potentialAction\":[{\"@type\":\"CommentAction\",\"name\":\"Comment\",\"target\":[\"https:\/\/www.fiarebancaetica.coop\/gl\/jornadas-las-finanzas-eticas-en-el-aula\/#respond\"]}]},{\"@type\":\"WebPage\",\"@id\":\"https:\/\/www.fiarebancaetica.coop\/gl\/jornadas-las-finanzas-eticas-en-el-aula\/\",\"url\":\"https:\/\/www.fiarebancaetica.coop\/gl\/jornadas-las-finanzas-eticas-en-el-aula\/\",\"name\":\"Jornadas: Las finanzas \u00e9ticas en el aula - Fiare Banca Etica\",\"isPartOf\":{\"@id\":\"https:\/\/www.fiarebancaetica.coop\/gl\/#website\"},\"primaryImageOfPage\":{\"@id\":\"https:\/\/www.fiarebancaetica.coop\/gl\/jornadas-las-finanzas-eticas-en-el-aula\/#primaryimage\"},\"image\":{\"@id\":\"https:\/\/www.fiarebancaetica.coop\/gl\/jornadas-las-finanzas-eticas-en-el-aula\/#primaryimage\"},\"thumbnailUrl\":\"https:\/\/www.fiarebancaetica.coop\/app\/uploads\/sites\/2\/2023\/12\/jornada-por-una-educacion-economica-transformadora-impulsemos-las-finanzas-eticas-en-el-aul.jpg\",\"datePublished\":\"2018-04-25T22:00:00+00:00\",\"dateModified\":\"2024-02-21T14:45:54+00:00\",\"author\":{\"@id\":\"https:\/\/www.fiarebancaetica.coop\/gl\/#\/schema\/person\/579841e89c804b5db05d9141bd9b8272\"},\"breadcrumb\":{\"@id\":\"https:\/\/www.fiarebancaetica.coop\/gl\/jornadas-las-finanzas-eticas-en-el-aula\/#breadcrumb\"},\"inLanguage\":\"gl-ES\",\"potentialAction\":[{\"@type\":\"ReadAction\",\"target\":[\"https:\/\/www.fiarebancaetica.coop\/gl\/jornadas-las-finanzas-eticas-en-el-aula\/\"]}]},{\"@type\":\"ImageObject\",\"inLanguage\":\"gl-ES\",\"@id\":\"https:\/\/www.fiarebancaetica.coop\/gl\/jornadas-las-finanzas-eticas-en-el-aula\/#primaryimage\",\"url\":\"https:\/\/www.fiarebancaetica.coop\/app\/uploads\/sites\/2\/2023\/12\/jornada-por-una-educacion-economica-transformadora-impulsemos-las-finanzas-eticas-en-el-aul.jpg\",\"contentUrl\":\"https:\/\/www.fiarebancaetica.coop\/app\/uploads\/sites\/2\/2023\/12\/jornada-por-una-educacion-economica-transformadora-impulsemos-las-finanzas-eticas-en-el-aul.jpg\",\"width\":591,\"height\":299},{\"@type\":\"BreadcrumbList\",\"@id\":\"https:\/\/www.fiarebancaetica.coop\/gl\/jornadas-las-finanzas-eticas-en-el-aula\/#breadcrumb\",\"itemListElement\":[{\"@type\":\"ListItem\",\"position\":1,\"name\":\"Home\",\"item\":\"https:\/\/www.fiarebancaetica.coop\/gl\/\"},{\"@type\":\"ListItem\",\"position\":2,\"name\":\"Jornadas: Las finanzas \u00e9ticas en el aula\"}]},{\"@type\":\"WebSite\",\"@id\":\"https:\/\/www.fiarebancaetica.coop\/gl\/#website\",\"url\":\"https:\/\/www.fiarebancaetica.coop\/gl\/\",\"name\":\"Fiare Banca Etica\",\"description\":\"\",\"potentialAction\":[{\"@type\":\"SearchAction\",\"target\":{\"@type\":\"EntryPoint\",\"urlTemplate\":\"https:\/\/www.fiarebancaetica.coop\/gl\/?s={search_term_string}\"},\"query-input\":{\"@type\":\"PropertyValueSpecification\",\"valueRequired\":true,\"valueName\":\"search_term_string\"}}],\"inLanguage\":\"gl-ES\"},{\"@type\":\"Person\",\"@id\":\"https:\/\/www.fiarebancaetica.coop\/gl\/#\/schema\/person\/579841e89c804b5db05d9141bd9b8272\",\"name\":\"crispyadmin0\",\"image\":{\"@type\":\"ImageObject\",\"inLanguage\":\"gl-ES\",\"@id\":\"https:\/\/www.fiarebancaetica.coop\/gl\/#\/schema\/person\/image\/5f3a6b7786f32f4c35bd2b1a5a4698ea\",\"url\":\"https:\/\/secure.gravatar.com\/avatar\/4d2cfb499d497b6d49da659fab7404b243a87fe8e40d2cf97a1cae48f677f5b2?s=96&d=mm&r=g\",\"contentUrl\":\"https:\/\/secure.gravatar.com\/avatar\/4d2cfb499d497b6d49da659fab7404b243a87fe8e40d2cf97a1cae48f677f5b2?s=96&d=mm&r=g\",\"caption\":\"crispyadmin0\"},\"sameAs\":[\"crispyadmin0\"]}]}<\/script>\n<!-- \/ Yoast SEO plugin. -->","yoast_head_json":{"title":"Jornadas: Las finanzas \u00e9ticas en el aula - Fiare Banca Etica","robots":{"index":"index","follow":"follow","max-snippet":"max-snippet:-1","max-image-preview":"max-image-preview:large","max-video-preview":"max-video-preview:-1"},"canonical":"https:\/\/www.fiarebancaetica.coop\/gl\/jornadas-las-finanzas-eticas-en-el-aula\/","og_locale":"gl_ES","og_type":"article","og_title":"Jornadas: Las finanzas \u00e9ticas en el aula - Fiare Banca Etica","og_description":"Los d\u00edas 20 y 21 de abril, han tenido lugar en Barcelona las Jornadas estatales \u201cPor una educaci\u00f3n econ\u00f3mica transformadora, Impulsemos las finanzas \u00e9ticas en el aula\u201d. Las jornadas han sido organizadas por FETS y la Fundaci\u00f3n Fiare con el apoyo del Ayuntamiento de Barcelona y la Generalitat de Catalunya y la colaboraci\u00f3n de Oikocredit Catalunya y la Asociacion de Ense\u00f1antes de Economia y Empresa. En el encuentro participaron unas 60 personas entre profesorado y miembros de ONG y plataformas. Tambi\u00e9n hubo un grupo numeroso de representantes de los grupos territoriales de&nbsp; Fiare Andaluc\u00eda, Madrid, Baleares, Murcia, Arag\u00f3n y Euskadi.","og_url":"https:\/\/www.fiarebancaetica.coop\/gl\/jornadas-las-finanzas-eticas-en-el-aula\/","og_site_name":"Fiare Banca Etica","article_published_time":"2018-04-25T22:00:00+00:00","article_modified_time":"2024-02-21T14:45:54+00:00","og_image":[{"width":591,"height":299,"url":"https:\/\/www.fiarebancaetica.coop\/app\/uploads\/sites\/2\/2023\/12\/jornada-por-una-educacion-economica-transformadora-impulsemos-las-finanzas-eticas-en-el-aul.jpg","type":"image\/jpeg"}],"author":"crispyadmin0","twitter_card":"summary_large_image","schema":{"@context":"https:\/\/schema.org","@graph":[{"@type":"Article","@id":"https:\/\/www.fiarebancaetica.coop\/gl\/jornadas-las-finanzas-eticas-en-el-aula\/#article","isPartOf":{"@id":"https:\/\/www.fiarebancaetica.coop\/gl\/jornadas-las-finanzas-eticas-en-el-aula\/"},"author":{"name":"crispyadmin0","@id":"https:\/\/www.fiarebancaetica.coop\/gl\/#\/schema\/person\/579841e89c804b5db05d9141bd9b8272"},"headline":"Jornadas: Las finanzas \u00e9ticas en el aula","datePublished":"2018-04-25T22:00:00+00:00","dateModified":"2024-02-21T14:45:54+00:00","mainEntityOfPage":{"@id":"https:\/\/www.fiarebancaetica.coop\/gl\/jornadas-las-finanzas-eticas-en-el-aula\/"},"wordCount":1304,"commentCount":0,"image":{"@id":"https:\/\/www.fiarebancaetica.coop\/gl\/jornadas-las-finanzas-eticas-en-el-aula\/#primaryimage"},"thumbnailUrl":"https:\/\/www.fiarebancaetica.coop\/app\/uploads\/sites\/2\/2023\/12\/jornada-por-una-educacion-economica-transformadora-impulsemos-las-finanzas-eticas-en-el-aul.jpg","articleSection":["Finanzas \u00c9ticas"],"inLanguage":"gl-ES","potentialAction":[{"@type":"CommentAction","name":"Comment","target":["https:\/\/www.fiarebancaetica.coop\/gl\/jornadas-las-finanzas-eticas-en-el-aula\/#respond"]}]},{"@type":"WebPage","@id":"https:\/\/www.fiarebancaetica.coop\/gl\/jornadas-las-finanzas-eticas-en-el-aula\/","url":"https:\/\/www.fiarebancaetica.coop\/gl\/jornadas-las-finanzas-eticas-en-el-aula\/","name":"Jornadas: Las finanzas \u00e9ticas en el aula - Fiare Banca Etica","isPartOf":{"@id":"https:\/\/www.fiarebancaetica.coop\/gl\/#website"},"primaryImageOfPage":{"@id":"https:\/\/www.fiarebancaetica.coop\/gl\/jornadas-las-finanzas-eticas-en-el-aula\/#primaryimage"},"image":{"@id":"https:\/\/www.fiarebancaetica.coop\/gl\/jornadas-las-finanzas-eticas-en-el-aula\/#primaryimage"},"thumbnailUrl":"https:\/\/www.fiarebancaetica.coop\/app\/uploads\/sites\/2\/2023\/12\/jornada-por-una-educacion-economica-transformadora-impulsemos-las-finanzas-eticas-en-el-aul.jpg","datePublished":"2018-04-25T22:00:00+00:00","dateModified":"2024-02-21T14:45:54+00:00","author":{"@id":"https:\/\/www.fiarebancaetica.coop\/gl\/#\/schema\/person\/579841e89c804b5db05d9141bd9b8272"},"breadcrumb":{"@id":"https:\/\/www.fiarebancaetica.coop\/gl\/jornadas-las-finanzas-eticas-en-el-aula\/#breadcrumb"},"inLanguage":"gl-ES","potentialAction":[{"@type":"ReadAction","target":["https:\/\/www.fiarebancaetica.coop\/gl\/jornadas-las-finanzas-eticas-en-el-aula\/"]}]},{"@type":"ImageObject","inLanguage":"gl-ES","@id":"https:\/\/www.fiarebancaetica.coop\/gl\/jornadas-las-finanzas-eticas-en-el-aula\/#primaryimage","url":"https:\/\/www.fiarebancaetica.coop\/app\/uploads\/sites\/2\/2023\/12\/jornada-por-una-educacion-economica-transformadora-impulsemos-las-finanzas-eticas-en-el-aul.jpg","contentUrl":"https:\/\/www.fiarebancaetica.coop\/app\/uploads\/sites\/2\/2023\/12\/jornada-por-una-educacion-economica-transformadora-impulsemos-las-finanzas-eticas-en-el-aul.jpg","width":591,"height":299},{"@type":"BreadcrumbList","@id":"https:\/\/www.fiarebancaetica.coop\/gl\/jornadas-las-finanzas-eticas-en-el-aula\/#breadcrumb","itemListElement":[{"@type":"ListItem","position":1,"name":"Home","item":"https:\/\/www.fiarebancaetica.coop\/gl\/"},{"@type":"ListItem","position":2,"name":"Jornadas: Las finanzas \u00e9ticas en el aula"}]},{"@type":"WebSite","@id":"https:\/\/www.fiarebancaetica.coop\/gl\/#website","url":"https:\/\/www.fiarebancaetica.coop\/gl\/","name":"Fiare Banca Etica","description":"","potentialAction":[{"@type":"SearchAction","target":{"@type":"EntryPoint","urlTemplate":"https:\/\/www.fiarebancaetica.coop\/gl\/?s={search_term_string}"},"query-input":{"@type":"PropertyValueSpecification","valueRequired":true,"valueName":"search_term_string"}}],"inLanguage":"gl-ES"},{"@type":"Person","@id":"https:\/\/www.fiarebancaetica.coop\/gl\/#\/schema\/person\/579841e89c804b5db05d9141bd9b8272","name":"crispyadmin0","image":{"@type":"ImageObject","inLanguage":"gl-ES","@id":"https:\/\/www.fiarebancaetica.coop\/gl\/#\/schema\/person\/image\/5f3a6b7786f32f4c35bd2b1a5a4698ea","url":"https:\/\/secure.gravatar.com\/avatar\/4d2cfb499d497b6d49da659fab7404b243a87fe8e40d2cf97a1cae48f677f5b2?s=96&d=mm&r=g","contentUrl":"https:\/\/secure.gravatar.com\/avatar\/4d2cfb499d497b6d49da659fab7404b243a87fe8e40d2cf97a1cae48f677f5b2?s=96&d=mm&r=g","caption":"crispyadmin0"},"sameAs":["crispyadmin0"]}]}},"_links":{"self":[{"href":"https:\/\/www.fiarebancaetica.coop\/gl\/wp-json\/wp\/v2\/posts\/345241","targetHints":{"allow":["GET"]}}],"collection":[{"href":"https:\/\/www.fiarebancaetica.coop\/gl\/wp-json\/wp\/v2\/posts"}],"about":[{"href":"https:\/\/www.fiarebancaetica.coop\/gl\/wp-json\/wp\/v2\/types\/post"}],"author":[{"embeddable":true,"href":"https:\/\/www.fiarebancaetica.coop\/gl\/wp-json\/wp\/v2\/users\/2"}],"replies":[{"embeddable":true,"href":"https:\/\/www.fiarebancaetica.coop\/gl\/wp-json\/wp\/v2\/comments?post=345241"}],"version-history":[{"count":2,"href":"https:\/\/www.fiarebancaetica.coop\/gl\/wp-json\/wp\/v2\/posts\/345241\/revisions"}],"predecessor-version":[{"id":353889,"href":"https:\/\/www.fiarebancaetica.coop\/gl\/wp-json\/wp\/v2\/posts\/345241\/revisions\/353889"}],"wp:featuredmedia":[{"embeddable":true,"href":"https:\/\/www.fiarebancaetica.coop\/gl\/wp-json\/wp\/v2\/media\/326045"}],"wp:attachment":[{"href":"https:\/\/www.fiarebancaetica.coop\/gl\/wp-json\/wp\/v2\/media?parent=345241"}],"wp:term":[{"taxonomy":"category","embeddable":true,"href":"https:\/\/www.fiarebancaetica.coop\/gl\/wp-json\/wp\/v2\/categories?post=345241"},{"taxonomy":"post_tag","embeddable":true,"href":"https:\/\/www.fiarebancaetica.coop\/gl\/wp-json\/wp\/v2\/tags?post=345241"},{"taxonomy":"author","embeddable":true,"href":"https:\/\/www.fiarebancaetica.coop\/gl\/wp-json\/wp\/v2\/coauthors?post=345241"}],"curies":[{"name":"wp","href":"https:\/\/api.w.org\/{rel}","templated":true}]}}