{"id":345399,"date":"2018-01-15T00:00:00","date_gmt":"2018-01-14T23:00:00","guid":{"rendered":"https:\/\/www.fiarebancaetica.coop\/a-favor-del-cierre-del-centro-de-internamiento-para-inmigrantes\/"},"modified":"2024-02-21T15:50:01","modified_gmt":"2024-02-21T14:50:01","slug":"a-favor-del-cierre-del-centro-de-internamiento-para-inmigrantes","status":"publish","type":"post","link":"https:\/\/www.fiarebancaetica.coop\/gl\/a-favor-del-cierre-del-centro-de-internamiento-para-inmigrantes\/","title":{"rendered":"A favor del cierre del Centro de Internamiento para Inmigrantes"},"content":{"rendered":"\n\n<div class=\"wp-block-bancaetica-blocks-blocks-block-49\">\n    <div class=\"container-block-49\">\n\n        <div class=\"header-section \">\n                            <h1 class=\"section-title\"> Etica e cooperativa <\/h1>\n                                            <\/div>\n\n        \n        <div class=\"block-background\" style=\"background-image: url('https:\/\/www.fiarebancaetica.coop\/app\/uploads\/sites\/2\/2023\/12\/favor-del-cierre-del-centro-de-internamiento-para-inmigrantes.jpg')\">\n                            <div class=\"tile\">\n                    <h1 class=\"image-title\"> A favor del cierre del Centro de Internamiento para Inmigrantes <\/h1>\n                <\/div>             <!-- end .tile -->\n            <div class=\"bottom-content\">\n                            <\/div> <!-- end .button-content -->\n        <\/div> <!-- end .block-background -->\n    <\/div> <!-- end .container -->\n<\/div> <!-- end wp-block-bancaetica-blocks-blocks-block-06 -->\n\n\n<div class=\"wrapper-crispybacon-class wrapper-crispybacon-class-boxed \">\n    <p>Las personas socias de Fiare en M\u00e1laga han propuesto la adhesi\u00f3n a la campa\u00f1a por el cierre del Centro de Internamiento para Inmigrantes en la localidad de Archidona, dentro de la <a href=\"https:\/\/docs.google.com\/forms\/d\/e\/1FAIpQLSczsPjMIxwFXW-BuX3Ae6Qqj61TByueH5MQsHIDksKfDGIBSw\/viewform\"><strong>campa\u00f1a Malaga Libre de CIES.<\/strong><\/a> El centro ha recibido diversos informes muy cr\u00edticos por actuaciones irregulares y varias infracciones, de numerosas organizaciones como el Defensor del Pueblo, C\u00e1ritas Espa\u00f1a y M\u00e1laga acoge.<\/p>\n<p>La Mesa de Socias de Referencia del \u00e1rea Fiare se adhiere a la campa\u00f1a a favor del cierre del centro de internamiento y a favor de una sociedad inclusiva que respete los derechos b\u00e1sicos de cualquier persona. Desde el GIT de Andaluc\u00eda Oriental se ha elaborado este<a href=\"https:\/\/www.fiarebancaetica.coop\/sites\/fiarebancaetica.com\/files\/documenti\/\/estudio-cies.pdf\"> extenso estudio <\/a>sobre la situaci\u00f3n y un manifiesto a favor de las personas internas y sus derechos.<\/p>\n<p>Desde nuestra especificidad de entidad financiera, queremos colaborar en la construcci\u00f3n de una sociedad inclusiva desde la financiaci\u00f3n de proyectos de la econom\u00eda social y solidaria y la promoci\u00f3n de una cultura de la intermediaci\u00f3n financiera desde los principios de transparencia, participaci\u00f3n, democracia y cr\u00e9dito al servicio de la justicia social.<\/p>\n<p>Deseamos hacerlo comprometidos con los m\u00e1s vulnerables, formando parte del tejido social que d\u00eda a d\u00eda manifiesta que es posible, desde la colaboraci\u00f3n y el (re)conocimiento mutuos, tejer redes de solidaridad e inclusi\u00f3n que construyen una sociedad m\u00e1s justa donde tod@s somos bienvenid@s.<\/p>\n<p>Puedes&nbsp;<a href=\"https:\/\/docs.google.com\/forms\/d\/e\/1FAIpQLSczsPjMIxwFXW-BuX3Ae6Qqj61TByueH5MQsHIDksKfDGIBSw\/viewform\">adherirte a la campa\u00f1a,<\/a> o i<a href=\"https:\/\/www.facebook.com\/CieDeMalagaNuncaMas\">nformarte en las redes<\/a>.<\/p>\n<p>&nbsp;<\/p>\n<\/div>","protected":false},"excerpt":{"rendered":"<p>Las personas socias de Fiare en M\u00e1laga han propuesto la adhesi\u00f3n a la campa\u00f1a por el cierre del Centro de Internamiento para Inmigrantes en la localidad de Archidona, dentro de la campa\u00f1a Malaga Libre de CIES. El centro ha recibido diversos informes muy cr\u00edticos por actuaciones irregulares y varias infracciones, por parte del Defensor del Pueblo y C\u00e1ritas Espa\u00f1a.<\/p>\n","protected":false},"author":2,"featured_media":325921,"comment_status":"open","ping_status":"closed","sticky":false,"template":"","format":"standard","meta":{"_acf_changed":false,"footnotes":""},"categories":[11645],"tags":[],"coauthors":[],"class_list":["post-345399","post","type-post","status-publish","format-standard","has-post-thumbnail","hentry","category-finanzas-eticas"],"acf":[],"yoast_head":"<!-- This site is optimized with the Yoast SEO plugin v26.9 - https:\/\/yoast.com\/product\/yoast-seo-wordpress\/ -->\n<title>A favor del cierre del Centro de Internamiento para Inmigrantes - Fiare Banca Etica<\/title>\n<meta name=\"robots\" content=\"index, follow, max-snippet:-1, max-image-preview:large, max-video-preview:-1\" \/>\n<link rel=\"canonical\" href=\"https:\/\/www.fiarebancaetica.coop\/gl\/a-favor-del-cierre-del-centro-de-internamiento-para-inmigrantes\/\" \/>\n<meta property=\"og:locale\" content=\"gl_ES\" \/>\n<meta property=\"og:type\" content=\"article\" \/>\n<meta property=\"og:title\" content=\"A favor del cierre del Centro de Internamiento para Inmigrantes - Fiare Banca Etica\" \/>\n<meta property=\"og:description\" content=\"Las personas socias de Fiare en M\u00e1laga han propuesto la adhesi\u00f3n a la campa\u00f1a por el cierre del Centro de Internamiento para Inmigrantes en la localidad de Archidona, dentro de la campa\u00f1a Malaga Libre de CIES. El centro ha recibido diversos informes muy cr\u00edticos por actuaciones irregulares y varias infracciones, por parte del Defensor del Pueblo y C\u00e1ritas Espa\u00f1a.\" \/>\n<meta property=\"og:url\" content=\"https:\/\/www.fiarebancaetica.coop\/gl\/a-favor-del-cierre-del-centro-de-internamiento-para-inmigrantes\/\" \/>\n<meta property=\"og:site_name\" content=\"Fiare Banca Etica\" \/>\n<meta property=\"article:published_time\" content=\"2018-01-14T23:00:00+00:00\" \/>\n<meta property=\"article:modified_time\" content=\"2024-02-21T14:50:01+00:00\" \/>\n<meta property=\"og:image\" content=\"https:\/\/www.fiarebancaetica.coop\/app\/uploads\/sites\/2\/2023\/12\/favor-del-cierre-del-centro-de-internamiento-para-inmigrantes.jpg\" \/>\n\t<meta property=\"og:image:width\" content=\"591\" \/>\n\t<meta property=\"og:image:height\" content=\"299\" \/>\n\t<meta property=\"og:image:type\" content=\"image\/jpeg\" \/>\n<meta name=\"author\" content=\"crispyadmin0\" \/>\n<meta name=\"twitter:card\" content=\"summary_large_image\" \/>\n<script type=\"application\/ld+json\" class=\"yoast-schema-graph\">{\"@context\":\"https:\/\/schema.org\",\"@graph\":[{\"@type\":\"Article\",\"@id\":\"https:\/\/www.fiarebancaetica.coop\/gl\/a-favor-del-cierre-del-centro-de-internamiento-para-inmigrantes\/#article\",\"isPartOf\":{\"@id\":\"https:\/\/www.fiarebancaetica.coop\/gl\/a-favor-del-cierre-del-centro-de-internamiento-para-inmigrantes\/\"},\"author\":{\"name\":\"crispyadmin0\",\"@id\":\"https:\/\/www.fiarebancaetica.coop\/gl\/#\/schema\/person\/579841e89c804b5db05d9141bd9b8272\"},\"headline\":\"A favor del cierre del Centro de Internamiento para Inmigrantes\",\"datePublished\":\"2018-01-14T23:00:00+00:00\",\"dateModified\":\"2024-02-21T14:50:01+00:00\",\"mainEntityOfPage\":{\"@id\":\"https:\/\/www.fiarebancaetica.coop\/gl\/a-favor-del-cierre-del-centro-de-internamiento-para-inmigrantes\/\"},\"wordCount\":272,\"commentCount\":0,\"image\":{\"@id\":\"https:\/\/www.fiarebancaetica.coop\/gl\/a-favor-del-cierre-del-centro-de-internamiento-para-inmigrantes\/#primaryimage\"},\"thumbnailUrl\":\"https:\/\/www.fiarebancaetica.coop\/app\/uploads\/sites\/2\/2023\/12\/favor-del-cierre-del-centro-de-internamiento-para-inmigrantes.jpg\",\"articleSection\":[\"Finanzas \u00c9ticas\"],\"inLanguage\":\"gl-ES\",\"potentialAction\":[{\"@type\":\"CommentAction\",\"name\":\"Comment\",\"target\":[\"https:\/\/www.fiarebancaetica.coop\/gl\/a-favor-del-cierre-del-centro-de-internamiento-para-inmigrantes\/#respond\"]}]},{\"@type\":\"WebPage\",\"@id\":\"https:\/\/www.fiarebancaetica.coop\/gl\/a-favor-del-cierre-del-centro-de-internamiento-para-inmigrantes\/\",\"url\":\"https:\/\/www.fiarebancaetica.coop\/gl\/a-favor-del-cierre-del-centro-de-internamiento-para-inmigrantes\/\",\"name\":\"A favor del cierre del Centro de Internamiento para Inmigrantes - Fiare Banca Etica\",\"isPartOf\":{\"@id\":\"https:\/\/www.fiarebancaetica.coop\/gl\/#website\"},\"primaryImageOfPage\":{\"@id\":\"https:\/\/www.fiarebancaetica.coop\/gl\/a-favor-del-cierre-del-centro-de-internamiento-para-inmigrantes\/#primaryimage\"},\"image\":{\"@id\":\"https:\/\/www.fiarebancaetica.coop\/gl\/a-favor-del-cierre-del-centro-de-internamiento-para-inmigrantes\/#primaryimage\"},\"thumbnailUrl\":\"https:\/\/www.fiarebancaetica.coop\/app\/uploads\/sites\/2\/2023\/12\/favor-del-cierre-del-centro-de-internamiento-para-inmigrantes.jpg\",\"datePublished\":\"2018-01-14T23:00:00+00:00\",\"dateModified\":\"2024-02-21T14:50:01+00:00\",\"author\":{\"@id\":\"https:\/\/www.fiarebancaetica.coop\/gl\/#\/schema\/person\/579841e89c804b5db05d9141bd9b8272\"},\"breadcrumb\":{\"@id\":\"https:\/\/www.fiarebancaetica.coop\/gl\/a-favor-del-cierre-del-centro-de-internamiento-para-inmigrantes\/#breadcrumb\"},\"inLanguage\":\"gl-ES\",\"potentialAction\":[{\"@type\":\"ReadAction\",\"target\":[\"https:\/\/www.fiarebancaetica.coop\/gl\/a-favor-del-cierre-del-centro-de-internamiento-para-inmigrantes\/\"]}]},{\"@type\":\"ImageObject\",\"inLanguage\":\"gl-ES\",\"@id\":\"https:\/\/www.fiarebancaetica.coop\/gl\/a-favor-del-cierre-del-centro-de-internamiento-para-inmigrantes\/#primaryimage\",\"url\":\"https:\/\/www.fiarebancaetica.coop\/app\/uploads\/sites\/2\/2023\/12\/favor-del-cierre-del-centro-de-internamiento-para-inmigrantes.jpg\",\"contentUrl\":\"https:\/\/www.fiarebancaetica.coop\/app\/uploads\/sites\/2\/2023\/12\/favor-del-cierre-del-centro-de-internamiento-para-inmigrantes.jpg\",\"width\":591,\"height\":299},{\"@type\":\"BreadcrumbList\",\"@id\":\"https:\/\/www.fiarebancaetica.coop\/gl\/a-favor-del-cierre-del-centro-de-internamiento-para-inmigrantes\/#breadcrumb\",\"itemListElement\":[{\"@type\":\"ListItem\",\"position\":1,\"name\":\"Home\",\"item\":\"https:\/\/www.fiarebancaetica.coop\/gl\/\"},{\"@type\":\"ListItem\",\"position\":2,\"name\":\"A favor del cierre del Centro de Internamiento para Inmigrantes\"}]},{\"@type\":\"WebSite\",\"@id\":\"https:\/\/www.fiarebancaetica.coop\/gl\/#website\",\"url\":\"https:\/\/www.fiarebancaetica.coop\/gl\/\",\"name\":\"Fiare Banca Etica\",\"description\":\"\",\"potentialAction\":[{\"@type\":\"SearchAction\",\"target\":{\"@type\":\"EntryPoint\",\"urlTemplate\":\"https:\/\/www.fiarebancaetica.coop\/gl\/?s={search_term_string}\"},\"query-input\":{\"@type\":\"PropertyValueSpecification\",\"valueRequired\":true,\"valueName\":\"search_term_string\"}}],\"inLanguage\":\"gl-ES\"},{\"@type\":\"Person\",\"@id\":\"https:\/\/www.fiarebancaetica.coop\/gl\/#\/schema\/person\/579841e89c804b5db05d9141bd9b8272\",\"name\":\"crispyadmin0\",\"image\":{\"@type\":\"ImageObject\",\"inLanguage\":\"gl-ES\",\"@id\":\"https:\/\/www.fiarebancaetica.coop\/gl\/#\/schema\/person\/image\/5f3a6b7786f32f4c35bd2b1a5a4698ea\",\"url\":\"https:\/\/secure.gravatar.com\/avatar\/4d2cfb499d497b6d49da659fab7404b243a87fe8e40d2cf97a1cae48f677f5b2?s=96&d=mm&r=g\",\"contentUrl\":\"https:\/\/secure.gravatar.com\/avatar\/4d2cfb499d497b6d49da659fab7404b243a87fe8e40d2cf97a1cae48f677f5b2?s=96&d=mm&r=g\",\"caption\":\"crispyadmin0\"},\"sameAs\":[\"crispyadmin0\"]}]}<\/script>\n<!-- \/ Yoast SEO plugin. -->","yoast_head_json":{"title":"A favor del cierre del Centro de Internamiento para Inmigrantes - Fiare Banca Etica","robots":{"index":"index","follow":"follow","max-snippet":"max-snippet:-1","max-image-preview":"max-image-preview:large","max-video-preview":"max-video-preview:-1"},"canonical":"https:\/\/www.fiarebancaetica.coop\/gl\/a-favor-del-cierre-del-centro-de-internamiento-para-inmigrantes\/","og_locale":"gl_ES","og_type":"article","og_title":"A favor del cierre del Centro de Internamiento para Inmigrantes - Fiare Banca Etica","og_description":"Las personas socias de Fiare en M\u00e1laga han propuesto la adhesi\u00f3n a la campa\u00f1a por el cierre del Centro de Internamiento para Inmigrantes en la localidad de Archidona, dentro de la campa\u00f1a Malaga Libre de CIES. El centro ha recibido diversos informes muy cr\u00edticos por actuaciones irregulares y varias infracciones, por parte del Defensor del Pueblo y C\u00e1ritas Espa\u00f1a.","og_url":"https:\/\/www.fiarebancaetica.coop\/gl\/a-favor-del-cierre-del-centro-de-internamiento-para-inmigrantes\/","og_site_name":"Fiare Banca Etica","article_published_time":"2018-01-14T23:00:00+00:00","article_modified_time":"2024-02-21T14:50:01+00:00","og_image":[{"width":591,"height":299,"url":"https:\/\/www.fiarebancaetica.coop\/app\/uploads\/sites\/2\/2023\/12\/favor-del-cierre-del-centro-de-internamiento-para-inmigrantes.jpg","type":"image\/jpeg"}],"author":"crispyadmin0","twitter_card":"summary_large_image","schema":{"@context":"https:\/\/schema.org","@graph":[{"@type":"Article","@id":"https:\/\/www.fiarebancaetica.coop\/gl\/a-favor-del-cierre-del-centro-de-internamiento-para-inmigrantes\/#article","isPartOf":{"@id":"https:\/\/www.fiarebancaetica.coop\/gl\/a-favor-del-cierre-del-centro-de-internamiento-para-inmigrantes\/"},"author":{"name":"crispyadmin0","@id":"https:\/\/www.fiarebancaetica.coop\/gl\/#\/schema\/person\/579841e89c804b5db05d9141bd9b8272"},"headline":"A favor del cierre del Centro de Internamiento para Inmigrantes","datePublished":"2018-01-14T23:00:00+00:00","dateModified":"2024-02-21T14:50:01+00:00","mainEntityOfPage":{"@id":"https:\/\/www.fiarebancaetica.coop\/gl\/a-favor-del-cierre-del-centro-de-internamiento-para-inmigrantes\/"},"wordCount":272,"commentCount":0,"image":{"@id":"https:\/\/www.fiarebancaetica.coop\/gl\/a-favor-del-cierre-del-centro-de-internamiento-para-inmigrantes\/#primaryimage"},"thumbnailUrl":"https:\/\/www.fiarebancaetica.coop\/app\/uploads\/sites\/2\/2023\/12\/favor-del-cierre-del-centro-de-internamiento-para-inmigrantes.jpg","articleSection":["Finanzas \u00c9ticas"],"inLanguage":"gl-ES","potentialAction":[{"@type":"CommentAction","name":"Comment","target":["https:\/\/www.fiarebancaetica.coop\/gl\/a-favor-del-cierre-del-centro-de-internamiento-para-inmigrantes\/#respond"]}]},{"@type":"WebPage","@id":"https:\/\/www.fiarebancaetica.coop\/gl\/a-favor-del-cierre-del-centro-de-internamiento-para-inmigrantes\/","url":"https:\/\/www.fiarebancaetica.coop\/gl\/a-favor-del-cierre-del-centro-de-internamiento-para-inmigrantes\/","name":"A favor del cierre del Centro de Internamiento para Inmigrantes - Fiare Banca Etica","isPartOf":{"@id":"https:\/\/www.fiarebancaetica.coop\/gl\/#website"},"primaryImageOfPage":{"@id":"https:\/\/www.fiarebancaetica.coop\/gl\/a-favor-del-cierre-del-centro-de-internamiento-para-inmigrantes\/#primaryimage"},"image":{"@id":"https:\/\/www.fiarebancaetica.coop\/gl\/a-favor-del-cierre-del-centro-de-internamiento-para-inmigrantes\/#primaryimage"},"thumbnailUrl":"https:\/\/www.fiarebancaetica.coop\/app\/uploads\/sites\/2\/2023\/12\/favor-del-cierre-del-centro-de-internamiento-para-inmigrantes.jpg","datePublished":"2018-01-14T23:00:00+00:00","dateModified":"2024-02-21T14:50:01+00:00","author":{"@id":"https:\/\/www.fiarebancaetica.coop\/gl\/#\/schema\/person\/579841e89c804b5db05d9141bd9b8272"},"breadcrumb":{"@id":"https:\/\/www.fiarebancaetica.coop\/gl\/a-favor-del-cierre-del-centro-de-internamiento-para-inmigrantes\/#breadcrumb"},"inLanguage":"gl-ES","potentialAction":[{"@type":"ReadAction","target":["https:\/\/www.fiarebancaetica.coop\/gl\/a-favor-del-cierre-del-centro-de-internamiento-para-inmigrantes\/"]}]},{"@type":"ImageObject","inLanguage":"gl-ES","@id":"https:\/\/www.fiarebancaetica.coop\/gl\/a-favor-del-cierre-del-centro-de-internamiento-para-inmigrantes\/#primaryimage","url":"https:\/\/www.fiarebancaetica.coop\/app\/uploads\/sites\/2\/2023\/12\/favor-del-cierre-del-centro-de-internamiento-para-inmigrantes.jpg","contentUrl":"https:\/\/www.fiarebancaetica.coop\/app\/uploads\/sites\/2\/2023\/12\/favor-del-cierre-del-centro-de-internamiento-para-inmigrantes.jpg","width":591,"height":299},{"@type":"BreadcrumbList","@id":"https:\/\/www.fiarebancaetica.coop\/gl\/a-favor-del-cierre-del-centro-de-internamiento-para-inmigrantes\/#breadcrumb","itemListElement":[{"@type":"ListItem","position":1,"name":"Home","item":"https:\/\/www.fiarebancaetica.coop\/gl\/"},{"@type":"ListItem","position":2,"name":"A favor del cierre del Centro de Internamiento para Inmigrantes"}]},{"@type":"WebSite","@id":"https:\/\/www.fiarebancaetica.coop\/gl\/#website","url":"https:\/\/www.fiarebancaetica.coop\/gl\/","name":"Fiare Banca Etica","description":"","potentialAction":[{"@type":"SearchAction","target":{"@type":"EntryPoint","urlTemplate":"https:\/\/www.fiarebancaetica.coop\/gl\/?s={search_term_string}"},"query-input":{"@type":"PropertyValueSpecification","valueRequired":true,"valueName":"search_term_string"}}],"inLanguage":"gl-ES"},{"@type":"Person","@id":"https:\/\/www.fiarebancaetica.coop\/gl\/#\/schema\/person\/579841e89c804b5db05d9141bd9b8272","name":"crispyadmin0","image":{"@type":"ImageObject","inLanguage":"gl-ES","@id":"https:\/\/www.fiarebancaetica.coop\/gl\/#\/schema\/person\/image\/5f3a6b7786f32f4c35bd2b1a5a4698ea","url":"https:\/\/secure.gravatar.com\/avatar\/4d2cfb499d497b6d49da659fab7404b243a87fe8e40d2cf97a1cae48f677f5b2?s=96&d=mm&r=g","contentUrl":"https:\/\/secure.gravatar.com\/avatar\/4d2cfb499d497b6d49da659fab7404b243a87fe8e40d2cf97a1cae48f677f5b2?s=96&d=mm&r=g","caption":"crispyadmin0"},"sameAs":["crispyadmin0"]}]}},"_links":{"self":[{"href":"https:\/\/www.fiarebancaetica.coop\/gl\/wp-json\/wp\/v2\/posts\/345399","targetHints":{"allow":["GET"]}}],"collection":[{"href":"https:\/\/www.fiarebancaetica.coop\/gl\/wp-json\/wp\/v2\/posts"}],"about":[{"href":"https:\/\/www.fiarebancaetica.coop\/gl\/wp-json\/wp\/v2\/types\/post"}],"author":[{"embeddable":true,"href":"https:\/\/www.fiarebancaetica.coop\/gl\/wp-json\/wp\/v2\/users\/2"}],"replies":[{"embeddable":true,"href":"https:\/\/www.fiarebancaetica.coop\/gl\/wp-json\/wp\/v2\/comments?post=345399"}],"version-history":[{"count":2,"href":"https:\/\/www.fiarebancaetica.coop\/gl\/wp-json\/wp\/v2\/posts\/345399\/revisions"}],"predecessor-version":[{"id":353795,"href":"https:\/\/www.fiarebancaetica.coop\/gl\/wp-json\/wp\/v2\/posts\/345399\/revisions\/353795"}],"wp:featuredmedia":[{"embeddable":true,"href":"https:\/\/www.fiarebancaetica.coop\/gl\/wp-json\/wp\/v2\/media\/325921"}],"wp:attachment":[{"href":"https:\/\/www.fiarebancaetica.coop\/gl\/wp-json\/wp\/v2\/media?parent=345399"}],"wp:term":[{"taxonomy":"category","embeddable":true,"href":"https:\/\/www.fiarebancaetica.coop\/gl\/wp-json\/wp\/v2\/categories?post=345399"},{"taxonomy":"post_tag","embeddable":true,"href":"https:\/\/www.fiarebancaetica.coop\/gl\/wp-json\/wp\/v2\/tags?post=345399"},{"taxonomy":"author","embeddable":true,"href":"https:\/\/www.fiarebancaetica.coop\/gl\/wp-json\/wp\/v2\/coauthors?post=345399"}],"curies":[{"name":"wp","href":"https:\/\/api.w.org\/{rel}","templated":true}]}}