{"id":345469,"date":"2018-01-08T00:00:00","date_gmt":"2018-01-07T23:00:00","guid":{"rendered":"https:\/\/www.fiarebancaetica.coop\/a-dimension-internacional-de-fiare-banca-etica\/"},"modified":"2024-02-21T15:50:11","modified_gmt":"2024-02-21T14:50:11","slug":"a-dimension-internacional-de-fiare-banca-etica","status":"publish","type":"post","link":"https:\/\/www.fiarebancaetica.coop\/gl\/a-dimension-internacional-de-fiare-banca-etica\/","title":{"rendered":"A dimensi\u00f3n internacional de Fiare Banca Etica"},"content":{"rendered":"\n\n<div class=\"wp-block-bancaetica-blocks-blocks-block-49\">\n    <div class=\"container-block-49\">\n\n        <div class=\"header-section \">\n                            <h1 class=\"section-title\"> Etica e cooperativa <\/h1>\n                                            <\/div>\n\n        \n        <div class=\"block-background\" style=\"background-image: url('https:\/\/www.fiarebancaetica.coop\/app\/uploads\/sites\/2\/2023\/12\/dimension-internacional-de-fiare-banca-etica.jpg')\">\n                            <div class=\"tile\">\n                    <h1 class=\"image-title\"> A dimensi\u00f3n internacional de Fiare Banca Etica <\/h1>\n                <\/div>             <!-- end .tile -->\n            <div class=\"bottom-content\">\n                            <\/div> <!-- end .button-content -->\n        <\/div> <!-- end .block-background -->\n    <\/div> <!-- end .container -->\n<\/div> <!-- end wp-block-bancaetica-blocks-blocks-block-06 -->\n\n\n<div class=\"wrapper-crispybacon-class wrapper-crispybacon-class-boxed \">\n    <p>Para poder reflexionar hoxe sobre a dimensi\u00f3n internacional de Fiare Banca Etica \u00e9 preciso, primeiro de todo, reco\u00f1ecer a intensa e variada actividade que vimos desenvolvendo nos \u00faltimos anos neste eido. Quizais o elemento m\u00e1is significativo, e o que sen d\u00fabida m\u00e1is desaf\u00edos presenta a todos, \u00e9 a internacionalizaci\u00f3n da nosa operativa financeira ao constitu\u00edrmonos como entidade que opera establecida en dous pa\u00edses europeos. Con todo, sendo este feito dunha evidente transcendencia, a nosa dimensi\u00f3n internacional non se reduce a el, nin moito menos.<br \/>\n\t<br \/>\n\tDe feito, en Fiare Banca Etica vimos desenvolvendo practicamente desde o comezo actividades de impacto internacional a moitos outros niveis. Desde as alianzas comerciais con outras entidades financeiras que operan internacionalmente at\u00e9 os acordos con instituci\u00f3ns da UE como o Fondo Europeo de Investimentos, pasando pola actividade de incidencia pol\u00edtica e cultural desenvolvida polas nosas fundaci\u00f3ns e moitos dos nosos socios de referencia, a actividade con impacto internacional foi ao longo da nosa historia moi rica e diversa, ampliando a trav\u00e9s de todo este abano de actividades a difusi\u00f3n dun modelo alternativo de facer finanzas que demostrou (e as\u00ed se reco\u00f1ece tam\u00e9n internacionalmente) o seu valor e solidez.<br \/>\n\t<br \/>\n\tUnha das consecuencias da aposta decidida pola consolidaci\u00f3n a nivel europeo da nosa proposta de finanzas \u00e9ticas foi a creaci\u00f3n en 2001 \u2014xunto coas entidades francesas Cr\u00e9dit Coop\u00e9ratif, Caisse Solidaire du Nord-Pas-de-Calais e La Nef, as belgas Cr\u00e9dal e Hefboom, e a polaca TISE\u2014 da Federaci\u00f3n Europea de Banca \u00c9tica e Alternativa (FEBEA). O desenvolvemento da FEBEA desde ent\u00f3n supuxo un factor decisivo na institucionalizaci\u00f3n internacional do noso modelo, que tivo continuidade coa creaci\u00f3n en 2009 da Global Alliance for Banking on Values (GABV), que re\u00fane a entidades bancarias de todo o mundo.<br \/>\n\t<br \/>\n\tA nosa condici\u00f3n de proposta financeira alternativa que se desenvolve no \u00e1mbito internacional obr\u00edganos hoxe a valorar abertamente algunhas preguntas: Que sup\u00f3n para n\u00f3s este novo escenario? Como debemos desenvolver a nosa misi\u00f3n neste contexto? Como conseguir que a nosa base social participe nestes procesos? Cal \u00e9 o nivel razoable de implicaci\u00f3n neste tipo de actividades? Non podemos esquecer que o eido internacional esixe unha visi\u00f3n pol\u00edtica e de xesti\u00f3n diferente (moitas veces orientada ao longo prazo) e desaf\u00edanos a adquirir novas competencias que afectan a todos os Portadores de Valor. \u00c9 unha actividade que, c\u00f3mpre reco\u00f1ecelo, sup\u00f3n en ocasi\u00f3ns apostas sen retorno comercial inmediato e implica novos riscos que xorden de factores como a maior visibilidade en espazos nos que non estamos implantados territorialmente ou a valoraci\u00f3n de oportunidades que requiren alianzas con organizaci\u00f3ns coas que compartimos algunhas cousas&#8230; e quizais non outras. Tam\u00e9n sup\u00f3n redobrar esforzos por comunicar o valor de implicarse en proxectos e actividades que, en principio, poden estar afastados da nosa base social, que pode pensar que se trata de aventuras que se apartan da nosa misi\u00f3n fundamental.<br \/>\n\t<br \/>\n\tCo\u00f1ecendo os riscos e as oportunidades, \u00e9 importante reco\u00f1ecer que non podemos dar as costas a unha dimensi\u00f3n que \u00e9 cada vez en maior medida o ecosistema no que se desenvolve a nosa actividade e que non se arreda, sen\u00f3n que actualiza, a misi\u00f3n de Fiare Banca Etica de transformar o espazo financeiro e os modos nos que a cidadan\u00eda se relaciona con el. Neste sentido, a estratexia de Fiare Banca Etica para os pr\u00f3ximos anos fai fincap\u00e9 na importancia das actividades de incidencia pol\u00edtica, culturais e financeiras a nivel internacional, reco\u00f1ecendo o valor das redes internacionais \u00e1s que pertencemos e resaltando a necesidade dun maior compromiso nalgunhas delas. A presidencia da FEBEA e a participaci\u00f3n nos consellos da GABV e de Finance Watch constitu\u00edron apostas realizadas nesa li\u00f1a nos \u00faltimos meses, como tam\u00e9n o foi a creaci\u00f3n o pasado decembro, a iniciativa da Fondazione Finanza Etica e coa participaci\u00f3n como socias fundadoras de Etica SGR e a Fundaci\u00f3n Fiare, da rede de accionariado cr\u00edtico Shareholders for Change.<br \/>\n\tEn definitiva, hoxe podemos dicir que a dimensi\u00f3n internacional se nos imp\u00f3n e non debemos ignorala. Como dic\u00eda, en Fiare Banca Etica non podemos esquecer que somos un modelo consolidado, cuxo valor como alternativa \u00e9 reco\u00f1ecido internacionalmente, e iso responsabil\u00edzanos para participar (e mesmo liderar nalg\u00fans casos) procesos de diseminaci\u00f3n deste modelo. O desaf\u00edo (que abof\u00e9 non \u00e9 pequeno) \u00e9 saber xestionar adecuadamente o noso papel, medindo os esforzos e implicando a todos os elementos do noso sistema, entendendo que hoxe \u00e9 un elemento ineludible da nosa misi\u00f3n.<br \/>\n\t<br \/>\n\tPeru Sasia<br \/>\n\tConselleiro de Banca Etica<br \/>\n\tPresidente da Febea<\/p>\n<\/div>","protected":false},"excerpt":{"rendered":"<p>Para poder reflexionar hoxe sobre a dimensi\u00f3n internacional de Fiare Banca Etica \u00e9 preciso, primeiro de todo, reco\u00f1ecer a intensa e variada actividade que vimos desenvolvendo nos \u00faltimos anos neste eido. Quizais o elemento m\u00e1is significativo, e o que sen d\u00fabida m\u00e1is desaf\u00edos presenta a todos, \u00e9 a internacionalizaci\u00f3n da nosa operativa financeira ao constitu\u00edrmonos como entidade que opera establecida en dous pa\u00edses europeos. Con todo, sendo este feito dunha evidente transcendencia, a nosa dimensi\u00f3n internacional non se reduce a el, nin moito menos.<br \/>\n\t&nbsp;<\/p>\n<p>&nbsp;<\/p>\n<p>&nbsp;<\/p>\n","protected":false},"author":2,"featured_media":325915,"comment_status":"open","ping_status":"closed","sticky":false,"template":"","format":"standard","meta":{"_acf_changed":false,"footnotes":""},"categories":[11645],"tags":[],"coauthors":[],"class_list":["post-345469","post","type-post","status-publish","format-standard","has-post-thumbnail","hentry","category-finanzas-eticas"],"acf":[],"yoast_head":"<!-- This site is optimized with the Yoast SEO plugin v26.9 - https:\/\/yoast.com\/product\/yoast-seo-wordpress\/ -->\n<title>A dimensi\u00f3n internacional de Fiare Banca Etica - Fiare Banca Etica<\/title>\n<meta name=\"robots\" content=\"index, follow, max-snippet:-1, max-image-preview:large, max-video-preview:-1\" \/>\n<link rel=\"canonical\" href=\"https:\/\/www.fiarebancaetica.coop\/gl\/a-dimension-internacional-de-fiare-banca-etica\/\" \/>\n<meta property=\"og:locale\" content=\"gl_ES\" \/>\n<meta property=\"og:type\" content=\"article\" \/>\n<meta property=\"og:title\" content=\"A dimensi\u00f3n internacional de Fiare Banca Etica - Fiare Banca Etica\" \/>\n<meta property=\"og:description\" content=\"Para poder reflexionar hoxe sobre a dimensi\u00f3n internacional de Fiare Banca Etica \u00e9 preciso, primeiro de todo, reco\u00f1ecer a intensa e variada actividade que vimos desenvolvendo nos \u00faltimos anos neste eido. Quizais o elemento m\u00e1is significativo, e o que sen d\u00fabida m\u00e1is desaf\u00edos presenta a todos, \u00e9 a internacionalizaci\u00f3n da nosa operativa financeira ao constitu\u00edrmonos como entidade que opera establecida en dous pa\u00edses europeos. Con todo, sendo este feito dunha evidente transcendencia, a nosa dimensi\u00f3n internacional non se reduce a el, nin moito menos. &nbsp; &nbsp; &nbsp;\" \/>\n<meta property=\"og:url\" content=\"https:\/\/www.fiarebancaetica.coop\/gl\/a-dimension-internacional-de-fiare-banca-etica\/\" \/>\n<meta property=\"og:site_name\" content=\"Fiare Banca Etica\" \/>\n<meta property=\"article:published_time\" content=\"2018-01-07T23:00:00+00:00\" \/>\n<meta property=\"article:modified_time\" content=\"2024-02-21T14:50:11+00:00\" \/>\n<meta property=\"og:image\" content=\"https:\/\/www.fiarebancaetica.coop\/app\/uploads\/sites\/2\/2023\/12\/dimension-internacional-de-fiare-banca-etica.jpg\" \/>\n\t<meta property=\"og:image:width\" content=\"591\" \/>\n\t<meta property=\"og:image:height\" content=\"299\" \/>\n\t<meta property=\"og:image:type\" content=\"image\/jpeg\" \/>\n<meta name=\"author\" content=\"crispyadmin0\" \/>\n<meta name=\"twitter:card\" content=\"summary_large_image\" \/>\n<script type=\"application\/ld+json\" class=\"yoast-schema-graph\">{\"@context\":\"https:\/\/schema.org\",\"@graph\":[{\"@type\":\"Article\",\"@id\":\"https:\/\/www.fiarebancaetica.coop\/gl\/a-dimension-internacional-de-fiare-banca-etica\/#article\",\"isPartOf\":{\"@id\":\"https:\/\/www.fiarebancaetica.coop\/gl\/a-dimension-internacional-de-fiare-banca-etica\/\"},\"author\":{\"name\":\"crispyadmin0\",\"@id\":\"https:\/\/www.fiarebancaetica.coop\/gl\/#\/schema\/person\/579841e89c804b5db05d9141bd9b8272\"},\"headline\":\"A dimensi\u00f3n internacional de Fiare Banca Etica\",\"datePublished\":\"2018-01-07T23:00:00+00:00\",\"dateModified\":\"2024-02-21T14:50:11+00:00\",\"mainEntityOfPage\":{\"@id\":\"https:\/\/www.fiarebancaetica.coop\/gl\/a-dimension-internacional-de-fiare-banca-etica\/\"},\"wordCount\":801,\"commentCount\":0,\"image\":{\"@id\":\"https:\/\/www.fiarebancaetica.coop\/gl\/a-dimension-internacional-de-fiare-banca-etica\/#primaryimage\"},\"thumbnailUrl\":\"https:\/\/www.fiarebancaetica.coop\/app\/uploads\/sites\/2\/2023\/12\/dimension-internacional-de-fiare-banca-etica.jpg\",\"articleSection\":[\"Finanzas \u00c9ticas\"],\"inLanguage\":\"gl-ES\",\"potentialAction\":[{\"@type\":\"CommentAction\",\"name\":\"Comment\",\"target\":[\"https:\/\/www.fiarebancaetica.coop\/gl\/a-dimension-internacional-de-fiare-banca-etica\/#respond\"]}]},{\"@type\":\"WebPage\",\"@id\":\"https:\/\/www.fiarebancaetica.coop\/gl\/a-dimension-internacional-de-fiare-banca-etica\/\",\"url\":\"https:\/\/www.fiarebancaetica.coop\/gl\/a-dimension-internacional-de-fiare-banca-etica\/\",\"name\":\"A dimensi\u00f3n internacional de Fiare Banca Etica - Fiare Banca Etica\",\"isPartOf\":{\"@id\":\"https:\/\/www.fiarebancaetica.coop\/gl\/#website\"},\"primaryImageOfPage\":{\"@id\":\"https:\/\/www.fiarebancaetica.coop\/gl\/a-dimension-internacional-de-fiare-banca-etica\/#primaryimage\"},\"image\":{\"@id\":\"https:\/\/www.fiarebancaetica.coop\/gl\/a-dimension-internacional-de-fiare-banca-etica\/#primaryimage\"},\"thumbnailUrl\":\"https:\/\/www.fiarebancaetica.coop\/app\/uploads\/sites\/2\/2023\/12\/dimension-internacional-de-fiare-banca-etica.jpg\",\"datePublished\":\"2018-01-07T23:00:00+00:00\",\"dateModified\":\"2024-02-21T14:50:11+00:00\",\"author\":{\"@id\":\"https:\/\/www.fiarebancaetica.coop\/gl\/#\/schema\/person\/579841e89c804b5db05d9141bd9b8272\"},\"breadcrumb\":{\"@id\":\"https:\/\/www.fiarebancaetica.coop\/gl\/a-dimension-internacional-de-fiare-banca-etica\/#breadcrumb\"},\"inLanguage\":\"gl-ES\",\"potentialAction\":[{\"@type\":\"ReadAction\",\"target\":[\"https:\/\/www.fiarebancaetica.coop\/gl\/a-dimension-internacional-de-fiare-banca-etica\/\"]}]},{\"@type\":\"ImageObject\",\"inLanguage\":\"gl-ES\",\"@id\":\"https:\/\/www.fiarebancaetica.coop\/gl\/a-dimension-internacional-de-fiare-banca-etica\/#primaryimage\",\"url\":\"https:\/\/www.fiarebancaetica.coop\/app\/uploads\/sites\/2\/2023\/12\/dimension-internacional-de-fiare-banca-etica.jpg\",\"contentUrl\":\"https:\/\/www.fiarebancaetica.coop\/app\/uploads\/sites\/2\/2023\/12\/dimension-internacional-de-fiare-banca-etica.jpg\",\"width\":591,\"height\":299},{\"@type\":\"BreadcrumbList\",\"@id\":\"https:\/\/www.fiarebancaetica.coop\/gl\/a-dimension-internacional-de-fiare-banca-etica\/#breadcrumb\",\"itemListElement\":[{\"@type\":\"ListItem\",\"position\":1,\"name\":\"Home\",\"item\":\"https:\/\/www.fiarebancaetica.coop\/gl\/\"},{\"@type\":\"ListItem\",\"position\":2,\"name\":\"A dimensi\u00f3n internacional de Fiare Banca Etica\"}]},{\"@type\":\"WebSite\",\"@id\":\"https:\/\/www.fiarebancaetica.coop\/gl\/#website\",\"url\":\"https:\/\/www.fiarebancaetica.coop\/gl\/\",\"name\":\"Fiare Banca Etica\",\"description\":\"\",\"potentialAction\":[{\"@type\":\"SearchAction\",\"target\":{\"@type\":\"EntryPoint\",\"urlTemplate\":\"https:\/\/www.fiarebancaetica.coop\/gl\/?s={search_term_string}\"},\"query-input\":{\"@type\":\"PropertyValueSpecification\",\"valueRequired\":true,\"valueName\":\"search_term_string\"}}],\"inLanguage\":\"gl-ES\"},{\"@type\":\"Person\",\"@id\":\"https:\/\/www.fiarebancaetica.coop\/gl\/#\/schema\/person\/579841e89c804b5db05d9141bd9b8272\",\"name\":\"crispyadmin0\",\"image\":{\"@type\":\"ImageObject\",\"inLanguage\":\"gl-ES\",\"@id\":\"https:\/\/www.fiarebancaetica.coop\/gl\/#\/schema\/person\/image\/5f3a6b7786f32f4c35bd2b1a5a4698ea\",\"url\":\"https:\/\/secure.gravatar.com\/avatar\/4d2cfb499d497b6d49da659fab7404b243a87fe8e40d2cf97a1cae48f677f5b2?s=96&d=mm&r=g\",\"contentUrl\":\"https:\/\/secure.gravatar.com\/avatar\/4d2cfb499d497b6d49da659fab7404b243a87fe8e40d2cf97a1cae48f677f5b2?s=96&d=mm&r=g\",\"caption\":\"crispyadmin0\"},\"sameAs\":[\"crispyadmin0\"]}]}<\/script>\n<!-- \/ Yoast SEO plugin. -->","yoast_head_json":{"title":"A dimensi\u00f3n internacional de Fiare Banca Etica - Fiare Banca Etica","robots":{"index":"index","follow":"follow","max-snippet":"max-snippet:-1","max-image-preview":"max-image-preview:large","max-video-preview":"max-video-preview:-1"},"canonical":"https:\/\/www.fiarebancaetica.coop\/gl\/a-dimension-internacional-de-fiare-banca-etica\/","og_locale":"gl_ES","og_type":"article","og_title":"A dimensi\u00f3n internacional de Fiare Banca Etica - Fiare Banca Etica","og_description":"Para poder reflexionar hoxe sobre a dimensi\u00f3n internacional de Fiare Banca Etica \u00e9 preciso, primeiro de todo, reco\u00f1ecer a intensa e variada actividade que vimos desenvolvendo nos \u00faltimos anos neste eido. Quizais o elemento m\u00e1is significativo, e o que sen d\u00fabida m\u00e1is desaf\u00edos presenta a todos, \u00e9 a internacionalizaci\u00f3n da nosa operativa financeira ao constitu\u00edrmonos como entidade que opera establecida en dous pa\u00edses europeos. Con todo, sendo este feito dunha evidente transcendencia, a nosa dimensi\u00f3n internacional non se reduce a el, nin moito menos. &nbsp; &nbsp; &nbsp;","og_url":"https:\/\/www.fiarebancaetica.coop\/gl\/a-dimension-internacional-de-fiare-banca-etica\/","og_site_name":"Fiare Banca Etica","article_published_time":"2018-01-07T23:00:00+00:00","article_modified_time":"2024-02-21T14:50:11+00:00","og_image":[{"width":591,"height":299,"url":"https:\/\/www.fiarebancaetica.coop\/app\/uploads\/sites\/2\/2023\/12\/dimension-internacional-de-fiare-banca-etica.jpg","type":"image\/jpeg"}],"author":"crispyadmin0","twitter_card":"summary_large_image","schema":{"@context":"https:\/\/schema.org","@graph":[{"@type":"Article","@id":"https:\/\/www.fiarebancaetica.coop\/gl\/a-dimension-internacional-de-fiare-banca-etica\/#article","isPartOf":{"@id":"https:\/\/www.fiarebancaetica.coop\/gl\/a-dimension-internacional-de-fiare-banca-etica\/"},"author":{"name":"crispyadmin0","@id":"https:\/\/www.fiarebancaetica.coop\/gl\/#\/schema\/person\/579841e89c804b5db05d9141bd9b8272"},"headline":"A dimensi\u00f3n internacional de Fiare Banca Etica","datePublished":"2018-01-07T23:00:00+00:00","dateModified":"2024-02-21T14:50:11+00:00","mainEntityOfPage":{"@id":"https:\/\/www.fiarebancaetica.coop\/gl\/a-dimension-internacional-de-fiare-banca-etica\/"},"wordCount":801,"commentCount":0,"image":{"@id":"https:\/\/www.fiarebancaetica.coop\/gl\/a-dimension-internacional-de-fiare-banca-etica\/#primaryimage"},"thumbnailUrl":"https:\/\/www.fiarebancaetica.coop\/app\/uploads\/sites\/2\/2023\/12\/dimension-internacional-de-fiare-banca-etica.jpg","articleSection":["Finanzas \u00c9ticas"],"inLanguage":"gl-ES","potentialAction":[{"@type":"CommentAction","name":"Comment","target":["https:\/\/www.fiarebancaetica.coop\/gl\/a-dimension-internacional-de-fiare-banca-etica\/#respond"]}]},{"@type":"WebPage","@id":"https:\/\/www.fiarebancaetica.coop\/gl\/a-dimension-internacional-de-fiare-banca-etica\/","url":"https:\/\/www.fiarebancaetica.coop\/gl\/a-dimension-internacional-de-fiare-banca-etica\/","name":"A dimensi\u00f3n internacional de Fiare Banca Etica - Fiare Banca Etica","isPartOf":{"@id":"https:\/\/www.fiarebancaetica.coop\/gl\/#website"},"primaryImageOfPage":{"@id":"https:\/\/www.fiarebancaetica.coop\/gl\/a-dimension-internacional-de-fiare-banca-etica\/#primaryimage"},"image":{"@id":"https:\/\/www.fiarebancaetica.coop\/gl\/a-dimension-internacional-de-fiare-banca-etica\/#primaryimage"},"thumbnailUrl":"https:\/\/www.fiarebancaetica.coop\/app\/uploads\/sites\/2\/2023\/12\/dimension-internacional-de-fiare-banca-etica.jpg","datePublished":"2018-01-07T23:00:00+00:00","dateModified":"2024-02-21T14:50:11+00:00","author":{"@id":"https:\/\/www.fiarebancaetica.coop\/gl\/#\/schema\/person\/579841e89c804b5db05d9141bd9b8272"},"breadcrumb":{"@id":"https:\/\/www.fiarebancaetica.coop\/gl\/a-dimension-internacional-de-fiare-banca-etica\/#breadcrumb"},"inLanguage":"gl-ES","potentialAction":[{"@type":"ReadAction","target":["https:\/\/www.fiarebancaetica.coop\/gl\/a-dimension-internacional-de-fiare-banca-etica\/"]}]},{"@type":"ImageObject","inLanguage":"gl-ES","@id":"https:\/\/www.fiarebancaetica.coop\/gl\/a-dimension-internacional-de-fiare-banca-etica\/#primaryimage","url":"https:\/\/www.fiarebancaetica.coop\/app\/uploads\/sites\/2\/2023\/12\/dimension-internacional-de-fiare-banca-etica.jpg","contentUrl":"https:\/\/www.fiarebancaetica.coop\/app\/uploads\/sites\/2\/2023\/12\/dimension-internacional-de-fiare-banca-etica.jpg","width":591,"height":299},{"@type":"BreadcrumbList","@id":"https:\/\/www.fiarebancaetica.coop\/gl\/a-dimension-internacional-de-fiare-banca-etica\/#breadcrumb","itemListElement":[{"@type":"ListItem","position":1,"name":"Home","item":"https:\/\/www.fiarebancaetica.coop\/gl\/"},{"@type":"ListItem","position":2,"name":"A dimensi\u00f3n internacional de Fiare Banca Etica"}]},{"@type":"WebSite","@id":"https:\/\/www.fiarebancaetica.coop\/gl\/#website","url":"https:\/\/www.fiarebancaetica.coop\/gl\/","name":"Fiare Banca Etica","description":"","potentialAction":[{"@type":"SearchAction","target":{"@type":"EntryPoint","urlTemplate":"https:\/\/www.fiarebancaetica.coop\/gl\/?s={search_term_string}"},"query-input":{"@type":"PropertyValueSpecification","valueRequired":true,"valueName":"search_term_string"}}],"inLanguage":"gl-ES"},{"@type":"Person","@id":"https:\/\/www.fiarebancaetica.coop\/gl\/#\/schema\/person\/579841e89c804b5db05d9141bd9b8272","name":"crispyadmin0","image":{"@type":"ImageObject","inLanguage":"gl-ES","@id":"https:\/\/www.fiarebancaetica.coop\/gl\/#\/schema\/person\/image\/5f3a6b7786f32f4c35bd2b1a5a4698ea","url":"https:\/\/secure.gravatar.com\/avatar\/4d2cfb499d497b6d49da659fab7404b243a87fe8e40d2cf97a1cae48f677f5b2?s=96&d=mm&r=g","contentUrl":"https:\/\/secure.gravatar.com\/avatar\/4d2cfb499d497b6d49da659fab7404b243a87fe8e40d2cf97a1cae48f677f5b2?s=96&d=mm&r=g","caption":"crispyadmin0"},"sameAs":["crispyadmin0"]}]}},"_links":{"self":[{"href":"https:\/\/www.fiarebancaetica.coop\/gl\/wp-json\/wp\/v2\/posts\/345469","targetHints":{"allow":["GET"]}}],"collection":[{"href":"https:\/\/www.fiarebancaetica.coop\/gl\/wp-json\/wp\/v2\/posts"}],"about":[{"href":"https:\/\/www.fiarebancaetica.coop\/gl\/wp-json\/wp\/v2\/types\/post"}],"author":[{"embeddable":true,"href":"https:\/\/www.fiarebancaetica.coop\/gl\/wp-json\/wp\/v2\/users\/2"}],"replies":[{"embeddable":true,"href":"https:\/\/www.fiarebancaetica.coop\/gl\/wp-json\/wp\/v2\/comments?post=345469"}],"version-history":[{"count":1,"href":"https:\/\/www.fiarebancaetica.coop\/gl\/wp-json\/wp\/v2\/posts\/345469\/revisions"}],"predecessor-version":[{"id":353852,"href":"https:\/\/www.fiarebancaetica.coop\/gl\/wp-json\/wp\/v2\/posts\/345469\/revisions\/353852"}],"wp:featuredmedia":[{"embeddable":true,"href":"https:\/\/www.fiarebancaetica.coop\/gl\/wp-json\/wp\/v2\/media\/325915"}],"wp:attachment":[{"href":"https:\/\/www.fiarebancaetica.coop\/gl\/wp-json\/wp\/v2\/media?parent=345469"}],"wp:term":[{"taxonomy":"category","embeddable":true,"href":"https:\/\/www.fiarebancaetica.coop\/gl\/wp-json\/wp\/v2\/categories?post=345469"},{"taxonomy":"post_tag","embeddable":true,"href":"https:\/\/www.fiarebancaetica.coop\/gl\/wp-json\/wp\/v2\/tags?post=345469"},{"taxonomy":"author","embeddable":true,"href":"https:\/\/www.fiarebancaetica.coop\/gl\/wp-json\/wp\/v2\/coauthors?post=345469"}],"curies":[{"name":"wp","href":"https:\/\/api.w.org\/{rel}","templated":true}]}}