{"id":345648,"date":"2017-07-05T00:00:00","date_gmt":"2017-07-04T22:00:00","guid":{"rendered":"https:\/\/www.fiarebancaetica.coop\/lesberla-comedores-ecologicos\/"},"modified":"2024-02-21T15:53:17","modified_gmt":"2024-02-21T14:53:17","slug":"lesberla-comedores-ecologicos","status":"publish","type":"post","link":"https:\/\/www.fiarebancaetica.coop\/gl\/lesberla-comedores-ecologicos\/","title":{"rendered":"L\u2019Esberla: Comedores ecol\u00f3gicos"},"content":{"rendered":"\n\n<div class=\"wp-block-bancaetica-blocks-blocks-block-49\">\n    <div class=\"container-block-49\">\n\n        <div class=\"header-section \">\n                            <h1 class=\"section-title\"> Etica e cooperativa <\/h1>\n                                            <\/div>\n\n        \n        <div class=\"block-background\" style=\"background-image: url('https:\/\/www.fiarebancaetica.coop\/app\/uploads\/sites\/2\/2023\/12\/lesberla-comedores-ecologicos.jpg')\">\n                            <div class=\"tile\">\n                    <h1 class=\"image-title\"> L\u2019Esberla: Comedores ecol\u00f3gicos <\/h1>\n                <\/div>             <!-- end .tile -->\n            <div class=\"bottom-content\">\n                            <\/div> <!-- end .button-content -->\n        <\/div> <!-- end .block-background -->\n    <\/div> <!-- end .container -->\n<\/div> <!-- end wp-block-bancaetica-blocks-blocks-block-06 -->\n\n\n<div class=\"wrapper-crispybacon-class wrapper-crispybacon-class-boxed \">\n    <p><br \/>\n\tL\u2019Esberla dise\u00f1a y gestiona servicios de comedores ecol\u00f3gicos integrales para escuelas. Es un proyecto que integra cuidadosamente, desde una perspectiva ecol\u00f3gica y hol\u00edstica, las vertientes de <strong>producci\u00f3n, alimentaci\u00f3n y educaci\u00f3n, <\/strong>donde se potencia una producci\u00f3n ecol\u00f3gica y de proximidad con todos los proveedores, donde se realiza una cocina y alimentaci\u00f3n consciente y respetuosa y una educaci\u00f3n que entiende el ni\u00f1o como el centro de todo el proceso y sobre el que hay que tener una visi\u00f3n sist\u00e9mica de sus vivencias y sus espacios.<\/p>\n<p><br \/>\n\tEl acto de nutrici\u00f3n es una de las funciones vitales de todo organismo, por ello para L\u2019Esberla es importante <strong>acompa\u00f1ar este acto desde una perspectiva hol\u00edstica y respetuosa<\/strong>, teniendo m\u00e1ximo de todos los elementos y partiendo siempre de la visi\u00f3n del ni\u00f1o.<br \/>\n\t<br \/>\n\t<strong>Se dirigen a:<\/strong><\/p>\n<ul>\n\t<li>\n\t\tescuelas que valoran el momento del&nbsp; mediod\u00eda como aprendizaje, emoci\u00f3n, conciencia ecol\u00f3gica y respeto.<\/li>\n\t<li>\n\t\tfamilias que quieren cuidar a sus hijos, apostando por una alimentaci\u00f3n cuidadosa, de proximidad, temporada y ecol\u00f3gica.<\/li>\n\t<li>\n\t\tni\u00f1os que sabr\u00e1n qu\u00e9 comen, de d\u00f3nde proviene y qui\u00e9n lo produce; que disfrutar\u00e1n descubriendo nuevos platos y gustos; que aprender\u00e1n, vivir\u00e1n y se emocionar\u00e1n con las compa\u00f1eras y las educadoras<\/li>\n<\/ul>\n<p>El proyecto de Comedores Escolares Ecol\u00f3gicos se inici\u00f3 el a\u00f1o 2015, y es uno de los \u00e1mbitos a los que se dedica L\u2019Esberla. Esta cooperativa sin \u00e1nimo de lucro que promueve y gestiona <strong>servicios de tiempo libre, formaci\u00f3n y participaci\u00f3n<\/strong> est\u00e1 especializada en Cultura de Pau, G\u00e9nero y sexualidades y Consciencia Emocional.<\/p>\n<p>En los procesos educativos, formativos y participativos promueven el aprendizaje a trav\u00e9s del la educaci\u00f3n viva y respetuosa, metodolog\u00edas experienciales y creativas, la centralidad de las emociones y la voluntad cr\u00edtica. Les acompa\u00f1an los valores del aprecio a la diversidad, el trabajo cooperativo y la sostenibilidad.<\/p>\n<p><a href=\"http:\/\/www.esberla.cat\"><strong>www.esberla.cat<\/strong><\/a><br \/>\n\t&nbsp;<\/p>\n<h2>\n\tL\u2019Esberla: Menjadors ecol\u00f2gics<\/h2>\n<p>L\u2019Esberla dissenya y gestiona serveis de menjadors ecol\u00f2gics integrals per a escoles. \u00c9s un projecte que integra acuradament, des d&#8217;una <strong>perspectiva ecol\u00f2gica i hol\u00edstica<\/strong>, els vessants de producci\u00f3, alimentaci\u00f3 i educaci\u00f3, on es potencia una producci\u00f3 ecol\u00f2gica i de proximitat amb tots els prove\u00efdors, on es realitza una cuina i alimentaci\u00f3 conscient i respectuosa i una educaci\u00f3 que ent\u00e9n el nen com el centre de tot el proc\u00e9s i sobre el qual cal tenir una visi\u00f3 sist\u00e9mica de les seves viv\u00e8ncies i els seus espais.<\/p>\n<p><strong>Es dirigeixen a:<\/strong><\/p>\n<ul>\n\t<li>\n\t\tescoles que valoren el moment del migdia com a aprenentatge, emoci\u00f3, consci\u00e8ncia ecol\u00f2cica i respecte.<\/li>\n\t<li>\n\t\tfam\u00edlies que volen cuidar als seus fills, apostant per una alimentaci\u00f3 acurada, de proximitat, temporada i ecol\u00f2gica.<\/li>\n\t<li>\n\t\tnens que sabran qu\u00e8 mengen, d&#8217;on prov\u00e9 i qui ho produeix; que gaudiran descobrint nous plats i gustos; que aprendran, viuran i s&#8217;emocionaran amb les companyes i les educadores<\/li>\n<\/ul>\n<p>El projecte de Menjadors Escolars Ecol\u00f2gics es va iniciar l&#8217;any 2015, i \u00e9s un dels \u00e0mbits als quals es dedica L\u2019Esberla. Aquesta cooperativa sense \u00e0nim de Lucre que promou i gestiona serveis de <strong>temps lliure, formaci\u00f3 i participaci\u00f3 <\/strong>est\u00e0 especialitzada en Cultura de Pau, G\u00e8nere i sexualitats i Consci\u00e8ncia Emocional.<\/p>\n<p>En els processos educatius, formatius i participatius promouen l&#8217;aprenentatge a trav\u00e9s del la educaci\u00f3 viva i respectuosa, metodologies experiencials i creatives, la centralitat de les emocions i la voluntat cr\u00edtica. Els acompanyen els valors de l&#8217;estima a la <strong>diversitat, el treball cooperatiu i la sostenibilitat<\/strong>.<\/p>\n<p><strong><a href=\"http:\/\/www.esberla.cat\">www.esberla.cat<\/a><\/strong><\/p>\n<\/div>","protected":false},"excerpt":{"rendered":"<p>L\u2019Esberla dise\u00f1a y gestiona servicios de comedores ecol\u00f3gicos integrales para escuelas.<\/p>\n","protected":false},"author":2,"featured_media":325729,"comment_status":"open","ping_status":"closed","sticky":false,"template":"","format":"standard","meta":{"_acf_changed":false,"footnotes":""},"categories":[11664],"tags":[],"coauthors":[],"class_list":["post-345648","post","type-post","status-publish","format-standard","has-post-thumbnail","hentry","category-historias-de-impacto-positivo"],"acf":[],"yoast_head":"<!-- This site is optimized with the Yoast SEO plugin v26.9 - https:\/\/yoast.com\/product\/yoast-seo-wordpress\/ -->\n<title>L\u2019Esberla: Comedores ecol\u00f3gicos - Fiare Banca Etica<\/title>\n<meta name=\"robots\" content=\"index, follow, max-snippet:-1, max-image-preview:large, max-video-preview:-1\" \/>\n<link rel=\"canonical\" href=\"https:\/\/www.fiarebancaetica.coop\/gl\/lesberla-comedores-ecologicos\/\" \/>\n<meta property=\"og:locale\" content=\"gl_ES\" \/>\n<meta property=\"og:type\" content=\"article\" \/>\n<meta property=\"og:title\" content=\"L\u2019Esberla: Comedores ecol\u00f3gicos - Fiare Banca Etica\" \/>\n<meta property=\"og:description\" content=\"L\u2019Esberla dise\u00f1a y gestiona servicios de comedores ecol\u00f3gicos integrales para escuelas.\" \/>\n<meta property=\"og:url\" content=\"https:\/\/www.fiarebancaetica.coop\/gl\/lesberla-comedores-ecologicos\/\" \/>\n<meta property=\"og:site_name\" content=\"Fiare Banca Etica\" \/>\n<meta property=\"article:published_time\" content=\"2017-07-04T22:00:00+00:00\" \/>\n<meta property=\"article:modified_time\" content=\"2024-02-21T14:53:17+00:00\" \/>\n<meta property=\"og:image\" content=\"https:\/\/www.fiarebancaetica.coop\/app\/uploads\/sites\/2\/2023\/12\/lesberla-comedores-ecologicos.jpg\" \/>\n\t<meta property=\"og:image:width\" content=\"1100\" \/>\n\t<meta property=\"og:image:height\" content=\"618\" \/>\n\t<meta property=\"og:image:type\" content=\"image\/jpeg\" \/>\n<meta name=\"author\" content=\"crispyadmin0\" \/>\n<meta name=\"twitter:card\" content=\"summary_large_image\" \/>\n<script type=\"application\/ld+json\" class=\"yoast-schema-graph\">{\"@context\":\"https:\/\/schema.org\",\"@graph\":[{\"@type\":\"Article\",\"@id\":\"https:\/\/www.fiarebancaetica.coop\/gl\/lesberla-comedores-ecologicos\/#article\",\"isPartOf\":{\"@id\":\"https:\/\/www.fiarebancaetica.coop\/gl\/lesberla-comedores-ecologicos\/\"},\"author\":{\"name\":\"crispyadmin0\",\"@id\":\"https:\/\/www.fiarebancaetica.coop\/gl\/#\/schema\/person\/579841e89c804b5db05d9141bd9b8272\"},\"headline\":\"L\u2019Esberla: Comedores ecol\u00f3gicos\",\"datePublished\":\"2017-07-04T22:00:00+00:00\",\"dateModified\":\"2024-02-21T14:53:17+00:00\",\"mainEntityOfPage\":{\"@id\":\"https:\/\/www.fiarebancaetica.coop\/gl\/lesberla-comedores-ecologicos\/\"},\"wordCount\":621,\"commentCount\":0,\"image\":{\"@id\":\"https:\/\/www.fiarebancaetica.coop\/gl\/lesberla-comedores-ecologicos\/#primaryimage\"},\"thumbnailUrl\":\"https:\/\/www.fiarebancaetica.coop\/app\/uploads\/sites\/2\/2023\/12\/lesberla-comedores-ecologicos.jpg\",\"articleSection\":[\"Historias de impacto positivo\"],\"inLanguage\":\"gl-ES\",\"potentialAction\":[{\"@type\":\"CommentAction\",\"name\":\"Comment\",\"target\":[\"https:\/\/www.fiarebancaetica.coop\/gl\/lesberla-comedores-ecologicos\/#respond\"]}]},{\"@type\":\"WebPage\",\"@id\":\"https:\/\/www.fiarebancaetica.coop\/gl\/lesberla-comedores-ecologicos\/\",\"url\":\"https:\/\/www.fiarebancaetica.coop\/gl\/lesberla-comedores-ecologicos\/\",\"name\":\"L\u2019Esberla: Comedores ecol\u00f3gicos - Fiare Banca Etica\",\"isPartOf\":{\"@id\":\"https:\/\/www.fiarebancaetica.coop\/gl\/#website\"},\"primaryImageOfPage\":{\"@id\":\"https:\/\/www.fiarebancaetica.coop\/gl\/lesberla-comedores-ecologicos\/#primaryimage\"},\"image\":{\"@id\":\"https:\/\/www.fiarebancaetica.coop\/gl\/lesberla-comedores-ecologicos\/#primaryimage\"},\"thumbnailUrl\":\"https:\/\/www.fiarebancaetica.coop\/app\/uploads\/sites\/2\/2023\/12\/lesberla-comedores-ecologicos.jpg\",\"datePublished\":\"2017-07-04T22:00:00+00:00\",\"dateModified\":\"2024-02-21T14:53:17+00:00\",\"author\":{\"@id\":\"https:\/\/www.fiarebancaetica.coop\/gl\/#\/schema\/person\/579841e89c804b5db05d9141bd9b8272\"},\"breadcrumb\":{\"@id\":\"https:\/\/www.fiarebancaetica.coop\/gl\/lesberla-comedores-ecologicos\/#breadcrumb\"},\"inLanguage\":\"gl-ES\",\"potentialAction\":[{\"@type\":\"ReadAction\",\"target\":[\"https:\/\/www.fiarebancaetica.coop\/gl\/lesberla-comedores-ecologicos\/\"]}]},{\"@type\":\"ImageObject\",\"inLanguage\":\"gl-ES\",\"@id\":\"https:\/\/www.fiarebancaetica.coop\/gl\/lesberla-comedores-ecologicos\/#primaryimage\",\"url\":\"https:\/\/www.fiarebancaetica.coop\/app\/uploads\/sites\/2\/2023\/12\/lesberla-comedores-ecologicos.jpg\",\"contentUrl\":\"https:\/\/www.fiarebancaetica.coop\/app\/uploads\/sites\/2\/2023\/12\/lesberla-comedores-ecologicos.jpg\",\"width\":1100,\"height\":618},{\"@type\":\"BreadcrumbList\",\"@id\":\"https:\/\/www.fiarebancaetica.coop\/gl\/lesberla-comedores-ecologicos\/#breadcrumb\",\"itemListElement\":[{\"@type\":\"ListItem\",\"position\":1,\"name\":\"Home\",\"item\":\"https:\/\/www.fiarebancaetica.coop\/gl\/\"},{\"@type\":\"ListItem\",\"position\":2,\"name\":\"L\u2019Esberla: Comedores ecol\u00f3gicos\"}]},{\"@type\":\"WebSite\",\"@id\":\"https:\/\/www.fiarebancaetica.coop\/gl\/#website\",\"url\":\"https:\/\/www.fiarebancaetica.coop\/gl\/\",\"name\":\"Fiare Banca Etica\",\"description\":\"\",\"potentialAction\":[{\"@type\":\"SearchAction\",\"target\":{\"@type\":\"EntryPoint\",\"urlTemplate\":\"https:\/\/www.fiarebancaetica.coop\/gl\/?s={search_term_string}\"},\"query-input\":{\"@type\":\"PropertyValueSpecification\",\"valueRequired\":true,\"valueName\":\"search_term_string\"}}],\"inLanguage\":\"gl-ES\"},{\"@type\":\"Person\",\"@id\":\"https:\/\/www.fiarebancaetica.coop\/gl\/#\/schema\/person\/579841e89c804b5db05d9141bd9b8272\",\"name\":\"crispyadmin0\",\"image\":{\"@type\":\"ImageObject\",\"inLanguage\":\"gl-ES\",\"@id\":\"https:\/\/www.fiarebancaetica.coop\/gl\/#\/schema\/person\/image\/5f3a6b7786f32f4c35bd2b1a5a4698ea\",\"url\":\"https:\/\/secure.gravatar.com\/avatar\/4d2cfb499d497b6d49da659fab7404b243a87fe8e40d2cf97a1cae48f677f5b2?s=96&d=mm&r=g\",\"contentUrl\":\"https:\/\/secure.gravatar.com\/avatar\/4d2cfb499d497b6d49da659fab7404b243a87fe8e40d2cf97a1cae48f677f5b2?s=96&d=mm&r=g\",\"caption\":\"crispyadmin0\"},\"sameAs\":[\"crispyadmin0\"]}]}<\/script>\n<!-- \/ Yoast SEO plugin. -->","yoast_head_json":{"title":"L\u2019Esberla: Comedores ecol\u00f3gicos - Fiare Banca Etica","robots":{"index":"index","follow":"follow","max-snippet":"max-snippet:-1","max-image-preview":"max-image-preview:large","max-video-preview":"max-video-preview:-1"},"canonical":"https:\/\/www.fiarebancaetica.coop\/gl\/lesberla-comedores-ecologicos\/","og_locale":"gl_ES","og_type":"article","og_title":"L\u2019Esberla: Comedores ecol\u00f3gicos - Fiare Banca Etica","og_description":"L\u2019Esberla dise\u00f1a y gestiona servicios de comedores ecol\u00f3gicos integrales para escuelas.","og_url":"https:\/\/www.fiarebancaetica.coop\/gl\/lesberla-comedores-ecologicos\/","og_site_name":"Fiare Banca Etica","article_published_time":"2017-07-04T22:00:00+00:00","article_modified_time":"2024-02-21T14:53:17+00:00","og_image":[{"width":1100,"height":618,"url":"https:\/\/www.fiarebancaetica.coop\/app\/uploads\/sites\/2\/2023\/12\/lesberla-comedores-ecologicos.jpg","type":"image\/jpeg"}],"author":"crispyadmin0","twitter_card":"summary_large_image","schema":{"@context":"https:\/\/schema.org","@graph":[{"@type":"Article","@id":"https:\/\/www.fiarebancaetica.coop\/gl\/lesberla-comedores-ecologicos\/#article","isPartOf":{"@id":"https:\/\/www.fiarebancaetica.coop\/gl\/lesberla-comedores-ecologicos\/"},"author":{"name":"crispyadmin0","@id":"https:\/\/www.fiarebancaetica.coop\/gl\/#\/schema\/person\/579841e89c804b5db05d9141bd9b8272"},"headline":"L\u2019Esberla: Comedores ecol\u00f3gicos","datePublished":"2017-07-04T22:00:00+00:00","dateModified":"2024-02-21T14:53:17+00:00","mainEntityOfPage":{"@id":"https:\/\/www.fiarebancaetica.coop\/gl\/lesberla-comedores-ecologicos\/"},"wordCount":621,"commentCount":0,"image":{"@id":"https:\/\/www.fiarebancaetica.coop\/gl\/lesberla-comedores-ecologicos\/#primaryimage"},"thumbnailUrl":"https:\/\/www.fiarebancaetica.coop\/app\/uploads\/sites\/2\/2023\/12\/lesberla-comedores-ecologicos.jpg","articleSection":["Historias de impacto positivo"],"inLanguage":"gl-ES","potentialAction":[{"@type":"CommentAction","name":"Comment","target":["https:\/\/www.fiarebancaetica.coop\/gl\/lesberla-comedores-ecologicos\/#respond"]}]},{"@type":"WebPage","@id":"https:\/\/www.fiarebancaetica.coop\/gl\/lesberla-comedores-ecologicos\/","url":"https:\/\/www.fiarebancaetica.coop\/gl\/lesberla-comedores-ecologicos\/","name":"L\u2019Esberla: Comedores ecol\u00f3gicos - Fiare Banca Etica","isPartOf":{"@id":"https:\/\/www.fiarebancaetica.coop\/gl\/#website"},"primaryImageOfPage":{"@id":"https:\/\/www.fiarebancaetica.coop\/gl\/lesberla-comedores-ecologicos\/#primaryimage"},"image":{"@id":"https:\/\/www.fiarebancaetica.coop\/gl\/lesberla-comedores-ecologicos\/#primaryimage"},"thumbnailUrl":"https:\/\/www.fiarebancaetica.coop\/app\/uploads\/sites\/2\/2023\/12\/lesberla-comedores-ecologicos.jpg","datePublished":"2017-07-04T22:00:00+00:00","dateModified":"2024-02-21T14:53:17+00:00","author":{"@id":"https:\/\/www.fiarebancaetica.coop\/gl\/#\/schema\/person\/579841e89c804b5db05d9141bd9b8272"},"breadcrumb":{"@id":"https:\/\/www.fiarebancaetica.coop\/gl\/lesberla-comedores-ecologicos\/#breadcrumb"},"inLanguage":"gl-ES","potentialAction":[{"@type":"ReadAction","target":["https:\/\/www.fiarebancaetica.coop\/gl\/lesberla-comedores-ecologicos\/"]}]},{"@type":"ImageObject","inLanguage":"gl-ES","@id":"https:\/\/www.fiarebancaetica.coop\/gl\/lesberla-comedores-ecologicos\/#primaryimage","url":"https:\/\/www.fiarebancaetica.coop\/app\/uploads\/sites\/2\/2023\/12\/lesberla-comedores-ecologicos.jpg","contentUrl":"https:\/\/www.fiarebancaetica.coop\/app\/uploads\/sites\/2\/2023\/12\/lesberla-comedores-ecologicos.jpg","width":1100,"height":618},{"@type":"BreadcrumbList","@id":"https:\/\/www.fiarebancaetica.coop\/gl\/lesberla-comedores-ecologicos\/#breadcrumb","itemListElement":[{"@type":"ListItem","position":1,"name":"Home","item":"https:\/\/www.fiarebancaetica.coop\/gl\/"},{"@type":"ListItem","position":2,"name":"L\u2019Esberla: Comedores ecol\u00f3gicos"}]},{"@type":"WebSite","@id":"https:\/\/www.fiarebancaetica.coop\/gl\/#website","url":"https:\/\/www.fiarebancaetica.coop\/gl\/","name":"Fiare Banca Etica","description":"","potentialAction":[{"@type":"SearchAction","target":{"@type":"EntryPoint","urlTemplate":"https:\/\/www.fiarebancaetica.coop\/gl\/?s={search_term_string}"},"query-input":{"@type":"PropertyValueSpecification","valueRequired":true,"valueName":"search_term_string"}}],"inLanguage":"gl-ES"},{"@type":"Person","@id":"https:\/\/www.fiarebancaetica.coop\/gl\/#\/schema\/person\/579841e89c804b5db05d9141bd9b8272","name":"crispyadmin0","image":{"@type":"ImageObject","inLanguage":"gl-ES","@id":"https:\/\/www.fiarebancaetica.coop\/gl\/#\/schema\/person\/image\/5f3a6b7786f32f4c35bd2b1a5a4698ea","url":"https:\/\/secure.gravatar.com\/avatar\/4d2cfb499d497b6d49da659fab7404b243a87fe8e40d2cf97a1cae48f677f5b2?s=96&d=mm&r=g","contentUrl":"https:\/\/secure.gravatar.com\/avatar\/4d2cfb499d497b6d49da659fab7404b243a87fe8e40d2cf97a1cae48f677f5b2?s=96&d=mm&r=g","caption":"crispyadmin0"},"sameAs":["crispyadmin0"]}]}},"_links":{"self":[{"href":"https:\/\/www.fiarebancaetica.coop\/gl\/wp-json\/wp\/v2\/posts\/345648","targetHints":{"allow":["GET"]}}],"collection":[{"href":"https:\/\/www.fiarebancaetica.coop\/gl\/wp-json\/wp\/v2\/posts"}],"about":[{"href":"https:\/\/www.fiarebancaetica.coop\/gl\/wp-json\/wp\/v2\/types\/post"}],"author":[{"embeddable":true,"href":"https:\/\/www.fiarebancaetica.coop\/gl\/wp-json\/wp\/v2\/users\/2"}],"replies":[{"embeddable":true,"href":"https:\/\/www.fiarebancaetica.coop\/gl\/wp-json\/wp\/v2\/comments?post=345648"}],"version-history":[{"count":1,"href":"https:\/\/www.fiarebancaetica.coop\/gl\/wp-json\/wp\/v2\/posts\/345648\/revisions"}],"predecessor-version":[{"id":353667,"href":"https:\/\/www.fiarebancaetica.coop\/gl\/wp-json\/wp\/v2\/posts\/345648\/revisions\/353667"}],"wp:featuredmedia":[{"embeddable":true,"href":"https:\/\/www.fiarebancaetica.coop\/gl\/wp-json\/wp\/v2\/media\/325729"}],"wp:attachment":[{"href":"https:\/\/www.fiarebancaetica.coop\/gl\/wp-json\/wp\/v2\/media?parent=345648"}],"wp:term":[{"taxonomy":"category","embeddable":true,"href":"https:\/\/www.fiarebancaetica.coop\/gl\/wp-json\/wp\/v2\/categories?post=345648"},{"taxonomy":"post_tag","embeddable":true,"href":"https:\/\/www.fiarebancaetica.coop\/gl\/wp-json\/wp\/v2\/tags?post=345648"},{"taxonomy":"author","embeddable":true,"href":"https:\/\/www.fiarebancaetica.coop\/gl\/wp-json\/wp\/v2\/coauthors?post=345648"}],"curies":[{"name":"wp","href":"https:\/\/api.w.org\/{rel}","templated":true}]}}