{"id":345662,"date":"2017-06-30T00:00:00","date_gmt":"2017-06-29T22:00:00","guid":{"rendered":"https:\/\/www.fiarebancaetica.coop\/la-declaracion-de-venecia-todos-a-bordo-cierre-de-la-conferencia-europea-sobre-el-microcredito\/"},"modified":"2024-02-21T15:54:25","modified_gmt":"2024-02-21T14:54:25","slug":"la-declaracion-de-venecia-todos-a-bordo-cierre-de-la-conferencia-europea-sobre-el-microcredito","status":"publish","type":"post","link":"https:\/\/www.fiarebancaetica.coop\/gl\/la-declaracion-de-venecia-todos-a-bordo-cierre-de-la-conferencia-europea-sobre-el-microcredito\/","title":{"rendered":"La declaraci\u00f3n de Venecia \u00a1Todos a bordo! Cierre de la conferencia europea sobre el Microcr\u00e9dito"},"content":{"rendered":"\n\n<div class=\"wp-block-bancaetica-blocks-blocks-block-49\">\n    <div class=\"container-block-49\">\n\n        <div class=\"header-section \">\n                            <h1 class=\"section-title\"> Etica e cooperativa <\/h1>\n                                            <\/div>\n\n        \n        <div class=\"block-background\" style=\"background-image: url('https:\/\/www.fiarebancaetica.coop\/app\/uploads\/sites\/2\/2023\/12\/declaracion-de-venecia-todos-bordo.clausura-de-conferencia-europea-sobre-el-microcredito.jpg')\">\n                            <div class=\"tile\">\n                    <h1 class=\"image-title\"> La declaraci\u00f3n de Venecia \u00a1Todos a bordo! Cierre de la conferencia europea sobre el Microcr\u00e9dito <\/h1>\n                <\/div>             <!-- end .tile -->\n            <div class=\"bottom-content\">\n                            <\/div> <!-- end .button-content -->\n        <\/div> <!-- end .block-background -->\n    <\/div> <!-- end .container -->\n<\/div> <!-- end wp-block-bancaetica-blocks-blocks-block-06 -->\n\n\n<div class=\"wrapper-crispybacon-class wrapper-crispybacon-class-boxed \">\n    <p>&nbsp;<\/p>\n<p>He aqu\u00ed el texto del documento aprobado por las organizaciones miembros de la Red Europea de Microfinanzas en el marco de la 14\u00aa conferencia anual de la asociaci\u00f3n, celebrada en Venecia del 21 al 23 de junio. A la cita asistieron 350 delegados en representaci\u00f3n de 80 organizaciones europeas que trabajan con microcr\u00e9ditos:<\/p>\n<p>Queremos crear oportunidades y caminos hacia la inclusi\u00f3n para dar confianza y fuerza a los ciudadanos y permitirles participar plenamente en la econom\u00eda real.<\/p>\n<p>Queremos una sociedad en la que nadie quede excluido y donde aquellos que quieren iniciar nuevos negocios, consolidar empresas existentes o satisfacer necesidades personales para mejorar su calidad de vida, tengan acceso a una gama de servicios financieros y de apoyo adecuados.<\/p>\n<p>Suscribimos todos los Objetivos de Desarrollo Sostenible de las Naciones Unidas y, en particular, los siguientes:<\/p>\n<p><strong>Objetivo 1: <\/strong>erradicar la pobreza en todas sus formas.<br \/>\n\t<strong>Objetivo 8: <\/strong>promover el crecimiento econ\u00f3mico sostenido, inclusivo y sostenible y el trabajo decente para todos.<br \/>\n\t<strong>Objetivo 10: <\/strong>reducir las desigualdades.<\/p>\n<p>Queremos afrontar este reto a trav\u00e9s de instituciones de microfinanzas y bancos de orientaci\u00f3n social. Por ello, invitamos a trabajar con nosotros a los operadores financieros y a los responsables pol\u00edticos en Europa.<\/p>\n<p>En consonancia con el tema principal de la 14\u00aa conferencia anual de la Red Europea de Microfinanzas \u2212&#8221;Educaci\u00f3n financiera para todos los ciudadanos. \u00a1Todos a bordo!&#8221;\u2212 hacemos hincapi\u00e9 en la necesidad de promover y acelerar el proceso de inclusi\u00f3n financiera, centr\u00e1ndonos en el potencial de nuestros servicios y el fortalecimiento de las microfinanzas para una sociedad m\u00e1s equitativa y sostenible. Queremos apoyar a la comunidad en todos los aspectos de la exclusi\u00f3n financiera y asesorar a los gobiernos cuando no pueden abordar estas cuestiones.<\/p>\n<h2>\n\tLAS MICROFINANZAS CREAN OPORTUNIDADES DE INCLUSI\u00d3N<\/h2>\n<p>El valor estrat\u00e9gico de las experiencias con microfinanzas en Europa est\u00e1 claramente demostrado por los productos y los servicios de inclusi\u00f3n disponibles en la actualidad, as\u00ed como por la capacidad de las microfinanzas para satisfacer las necesidades de los ciudadanos en riesgo de exclusi\u00f3n social.<br \/>\n\t<br \/>\n\tCreemos que el apoyo al sector de las microfinanzas es esencial para lograr la misi\u00f3n de ofrecer oportunidades para el crecimiento y el desarrollo personal a trav\u00e9s de actividades comerciales y la creaci\u00f3n de puestos de trabajo para combatir la exclusi\u00f3n. Las microfinanzas pueden lograr estos objetivos promoviendo oportunidades de colaboraci\u00f3n efectiva entre sujetos p\u00fablicos o privados (el comercio, la educaci\u00f3n, el sector financiero y la sociedad civil).<\/p>\n<h2>\n\tFINANZAS INCLUSIVAS PARA SATISFACER LAS NECESIDADES DE PERSONAS Y COMUNIDADES<\/h2>\n<p>La transici\u00f3n a un sistema financiero abierto e inclusivo, que responda a las necesidades de la comunidad, es hoy en d\u00eda un desaf\u00edo clave en Europa. Las microfinanzas son una parte integrante del movimiento cultural y social que tiene como objetivo resolver este problema a trav\u00e9s de cambios estructurales y de percepci\u00f3n.<br \/>\n\t<br \/>\n\tMediante la formaci\u00f3n y la educaci\u00f3n, la microfinanciaci\u00f3n ayuda a las personas a ser m\u00e1s independientes y conscientes. A cambio, los ciudadanos informados son m\u00e1s capaces de contribuir a sus comunidades. La adopci\u00f3n de nuevas pr\u00e1cticas y servicios, junto con pol\u00edticas claras y eficaces a nivel local, nacional y europeo, ayudar\u00e1 a superar los desaf\u00edos a los que se enfrenta la financiaci\u00f3n inclusiva en Europa.<\/p>\n<h2>\n\tLA INCLUSI\u00d3N FINANCIERA PREVIENE LA EXCLUSI\u00d3N<\/h2>\n<p>Los resultados de los programas de inclusi\u00f3n financiera consolidados demuestran la importancia de estos servicios para los ciudadanos y las comunidades en la lucha contra la exclusi\u00f3n del sistema econ\u00f3mico y social. Creemos firmemente que los productos y los servicios de las instituciones microfinancieras son y ser\u00e1n cada vez m\u00e1s funcionales respecto a la realizaci\u00f3n y a la participaci\u00f3n personal. Pensamos, adem\u00e1s, que esto se deber\u00e1 en gran parte a los esfuerzos de las instituciones existentes y de nuevas realidades abiertas, transparentes y en consonancia con la sociedad en su conjunto.<\/p>\n<h2>\n\tLA EDUCACI\u00d3N FINANCIERA EN PRIMER LUGAR<\/h2>\n<p>La educaci\u00f3n financiera es fundamental para crear un sector financiero sostenible e integrador. Hoy en d\u00eda, la industria financiera apoya las medidas de transparencia para informar a los clientes y las iniciativas de educaci\u00f3n financiera. Sin embargo, creemos que la educaci\u00f3n financiera es necesaria en todos los niveles, incluidas las personas en posiciones de gobierno y de la propia gesti\u00f3n de las instituciones financieras. En consecuencia, nos esforzamos para mejorar no s\u00f3lo la responsabilidad financiera de los individuos, las familias y las comunidades, sino tambi\u00e9n del personal de las instituciones microfinanzarias y los bancos de orientaci\u00f3n social. Tambi\u00e9n recomendamos la inclusi\u00f3n de la educaci\u00f3n financiera en los programas escolares.<br \/>\n\t<br \/>\n\tLa educaci\u00f3n financiera ayudar\u00e1 a las personas en la gesti\u00f3n responsable de su dinero, y facilitar\u00e1 el acceso a productos y servicios financieros adecuados. As\u00ed, pues, sugerimos que la educaci\u00f3n financiera sea reconocida como una competencia clave en el marco europeo de competencias clave.<\/p>\n<h2>\n\tFINANZAS PARA LA ECONOM\u00cdA REAL<\/h2>\n<p>La educaci\u00f3n y los servicios financieros para la econom\u00eda real, donde el esp\u00edritu emprendedor juega un papel clave, tienen un fuerte impacto en la vida de las personas. Nuestro objetivo es mantener el sector financiero en consonancia firme y permanente con las necesidades de la econom\u00eda real y sostenible.<\/p>\n<h2>\n\t\u00a1TODOS A BORDO!<\/h2>\n<p>En resumen, creemos que los compromisos descritos en esta declaraci\u00f3n son la base para construir la sociedad justa y sostenible que nos imaginamos. Llamamos a las instituciones nacionales e internacionales y los responsables pol\u00edticos a dialogar con nosotros, instituciones financieras y agentes europeos del campo de las microfinanzas, con el fin de crear las condiciones propicias para una verdadera inclusi\u00f3n: \u00a1todos a bordo!<\/p>\n<\/div>","protected":false},"excerpt":{"rendered":"<p>He aqu\u00ed el texto del documento aprobado por las organizaciones miembros de la Red Europea de Microfinanzas en el marco de la 14\u00aa conferencia anual de la asociaci\u00f3n, celebrada en Venecia del 21 al 23 de junio. A ella asistieron 350 delegados en representaci\u00f3n de 80 organizaciones europeas que trabajan con microcr\u00e9ditos.<\/p>\n","protected":false},"author":2,"featured_media":325722,"comment_status":"open","ping_status":"closed","sticky":false,"template":"","format":"standard","meta":{"_acf_changed":false,"footnotes":""},"categories":[11645],"tags":[],"coauthors":[],"class_list":["post-345662","post","type-post","status-publish","format-standard","has-post-thumbnail","hentry","category-finanzas-eticas"],"acf":[],"yoast_head":"<!-- This site is optimized with the Yoast SEO plugin v26.9 - https:\/\/yoast.com\/product\/yoast-seo-wordpress\/ -->\n<title>La declaraci\u00f3n de Venecia \u00a1Todos a bordo! Cierre de la conferencia europea sobre el Microcr\u00e9dito - Fiare Banca Etica<\/title>\n<meta name=\"robots\" content=\"index, follow, max-snippet:-1, max-image-preview:large, max-video-preview:-1\" \/>\n<link rel=\"canonical\" href=\"https:\/\/www.fiarebancaetica.coop\/gl\/la-declaracion-de-venecia-todos-a-bordo-cierre-de-la-conferencia-europea-sobre-el-microcredito\/\" \/>\n<meta property=\"og:locale\" content=\"gl_ES\" \/>\n<meta property=\"og:type\" content=\"article\" \/>\n<meta property=\"og:title\" content=\"La declaraci\u00f3n de Venecia \u00a1Todos a bordo! Cierre de la conferencia europea sobre el Microcr\u00e9dito - Fiare Banca Etica\" \/>\n<meta property=\"og:description\" content=\"He aqu\u00ed el texto del documento aprobado por las organizaciones miembros de la Red Europea de Microfinanzas en el marco de la 14\u00aa conferencia anual de la asociaci\u00f3n, celebrada en Venecia del 21 al 23 de junio. A ella asistieron 350 delegados en representaci\u00f3n de 80 organizaciones europeas que trabajan con microcr\u00e9ditos.\" \/>\n<meta property=\"og:url\" content=\"https:\/\/www.fiarebancaetica.coop\/gl\/la-declaracion-de-venecia-todos-a-bordo-cierre-de-la-conferencia-europea-sobre-el-microcredito\/\" \/>\n<meta property=\"og:site_name\" content=\"Fiare Banca Etica\" \/>\n<meta property=\"article:published_time\" content=\"2017-06-29T22:00:00+00:00\" \/>\n<meta property=\"article:modified_time\" content=\"2024-02-21T14:54:25+00:00\" \/>\n<meta property=\"og:image\" content=\"https:\/\/www.fiarebancaetica.coop\/app\/uploads\/sites\/2\/2023\/12\/declaracion-de-venecia-todos-bordo.clausura-de-conferencia-europea-sobre-el-microcredito.jpg\" \/>\n\t<meta property=\"og:image:width\" content=\"540\" \/>\n\t<meta property=\"og:image:height\" content=\"189\" \/>\n\t<meta property=\"og:image:type\" content=\"image\/jpeg\" \/>\n<meta name=\"author\" content=\"crispyadmin0\" \/>\n<meta name=\"twitter:card\" content=\"summary_large_image\" \/>\n<script type=\"application\/ld+json\" class=\"yoast-schema-graph\">{\"@context\":\"https:\/\/schema.org\",\"@graph\":[{\"@type\":\"Article\",\"@id\":\"https:\/\/www.fiarebancaetica.coop\/gl\/la-declaracion-de-venecia-todos-a-bordo-cierre-de-la-conferencia-europea-sobre-el-microcredito\/#article\",\"isPartOf\":{\"@id\":\"https:\/\/www.fiarebancaetica.coop\/gl\/la-declaracion-de-venecia-todos-a-bordo-cierre-de-la-conferencia-europea-sobre-el-microcredito\/\"},\"author\":{\"name\":\"crispyadmin0\",\"@id\":\"https:\/\/www.fiarebancaetica.coop\/gl\/#\/schema\/person\/579841e89c804b5db05d9141bd9b8272\"},\"headline\":\"La declaraci\u00f3n de Venecia \u00a1Todos a bordo! Cierre de la conferencia europea sobre el Microcr\u00e9dito\",\"datePublished\":\"2017-06-29T22:00:00+00:00\",\"dateModified\":\"2024-02-21T14:54:25+00:00\",\"mainEntityOfPage\":{\"@id\":\"https:\/\/www.fiarebancaetica.coop\/gl\/la-declaracion-de-venecia-todos-a-bordo-cierre-de-la-conferencia-europea-sobre-el-microcredito\/\"},\"wordCount\":986,\"commentCount\":0,\"image\":{\"@id\":\"https:\/\/www.fiarebancaetica.coop\/gl\/la-declaracion-de-venecia-todos-a-bordo-cierre-de-la-conferencia-europea-sobre-el-microcredito\/#primaryimage\"},\"thumbnailUrl\":\"https:\/\/www.fiarebancaetica.coop\/app\/uploads\/sites\/2\/2023\/12\/declaracion-de-venecia-todos-bordo.clausura-de-conferencia-europea-sobre-el-microcredito.jpg\",\"articleSection\":[\"Finanzas \u00c9ticas\"],\"inLanguage\":\"gl-ES\",\"potentialAction\":[{\"@type\":\"CommentAction\",\"name\":\"Comment\",\"target\":[\"https:\/\/www.fiarebancaetica.coop\/gl\/la-declaracion-de-venecia-todos-a-bordo-cierre-de-la-conferencia-europea-sobre-el-microcredito\/#respond\"]}]},{\"@type\":\"WebPage\",\"@id\":\"https:\/\/www.fiarebancaetica.coop\/gl\/la-declaracion-de-venecia-todos-a-bordo-cierre-de-la-conferencia-europea-sobre-el-microcredito\/\",\"url\":\"https:\/\/www.fiarebancaetica.coop\/gl\/la-declaracion-de-venecia-todos-a-bordo-cierre-de-la-conferencia-europea-sobre-el-microcredito\/\",\"name\":\"La declaraci\u00f3n de Venecia \u00a1Todos a bordo! Cierre de la conferencia europea sobre el Microcr\u00e9dito - Fiare Banca Etica\",\"isPartOf\":{\"@id\":\"https:\/\/www.fiarebancaetica.coop\/gl\/#website\"},\"primaryImageOfPage\":{\"@id\":\"https:\/\/www.fiarebancaetica.coop\/gl\/la-declaracion-de-venecia-todos-a-bordo-cierre-de-la-conferencia-europea-sobre-el-microcredito\/#primaryimage\"},\"image\":{\"@id\":\"https:\/\/www.fiarebancaetica.coop\/gl\/la-declaracion-de-venecia-todos-a-bordo-cierre-de-la-conferencia-europea-sobre-el-microcredito\/#primaryimage\"},\"thumbnailUrl\":\"https:\/\/www.fiarebancaetica.coop\/app\/uploads\/sites\/2\/2023\/12\/declaracion-de-venecia-todos-bordo.clausura-de-conferencia-europea-sobre-el-microcredito.jpg\",\"datePublished\":\"2017-06-29T22:00:00+00:00\",\"dateModified\":\"2024-02-21T14:54:25+00:00\",\"author\":{\"@id\":\"https:\/\/www.fiarebancaetica.coop\/gl\/#\/schema\/person\/579841e89c804b5db05d9141bd9b8272\"},\"breadcrumb\":{\"@id\":\"https:\/\/www.fiarebancaetica.coop\/gl\/la-declaracion-de-venecia-todos-a-bordo-cierre-de-la-conferencia-europea-sobre-el-microcredito\/#breadcrumb\"},\"inLanguage\":\"gl-ES\",\"potentialAction\":[{\"@type\":\"ReadAction\",\"target\":[\"https:\/\/www.fiarebancaetica.coop\/gl\/la-declaracion-de-venecia-todos-a-bordo-cierre-de-la-conferencia-europea-sobre-el-microcredito\/\"]}]},{\"@type\":\"ImageObject\",\"inLanguage\":\"gl-ES\",\"@id\":\"https:\/\/www.fiarebancaetica.coop\/gl\/la-declaracion-de-venecia-todos-a-bordo-cierre-de-la-conferencia-europea-sobre-el-microcredito\/#primaryimage\",\"url\":\"https:\/\/www.fiarebancaetica.coop\/app\/uploads\/sites\/2\/2023\/12\/declaracion-de-venecia-todos-bordo.clausura-de-conferencia-europea-sobre-el-microcredito.jpg\",\"contentUrl\":\"https:\/\/www.fiarebancaetica.coop\/app\/uploads\/sites\/2\/2023\/12\/declaracion-de-venecia-todos-bordo.clausura-de-conferencia-europea-sobre-el-microcredito.jpg\",\"width\":540,\"height\":189},{\"@type\":\"BreadcrumbList\",\"@id\":\"https:\/\/www.fiarebancaetica.coop\/gl\/la-declaracion-de-venecia-todos-a-bordo-cierre-de-la-conferencia-europea-sobre-el-microcredito\/#breadcrumb\",\"itemListElement\":[{\"@type\":\"ListItem\",\"position\":1,\"name\":\"Home\",\"item\":\"https:\/\/www.fiarebancaetica.coop\/gl\/\"},{\"@type\":\"ListItem\",\"position\":2,\"name\":\"La declaraci\u00f3n de Venecia \u00a1Todos a bordo! Cierre de la conferencia europea sobre el Microcr\u00e9dito\"}]},{\"@type\":\"WebSite\",\"@id\":\"https:\/\/www.fiarebancaetica.coop\/gl\/#website\",\"url\":\"https:\/\/www.fiarebancaetica.coop\/gl\/\",\"name\":\"Fiare Banca Etica\",\"description\":\"\",\"potentialAction\":[{\"@type\":\"SearchAction\",\"target\":{\"@type\":\"EntryPoint\",\"urlTemplate\":\"https:\/\/www.fiarebancaetica.coop\/gl\/?s={search_term_string}\"},\"query-input\":{\"@type\":\"PropertyValueSpecification\",\"valueRequired\":true,\"valueName\":\"search_term_string\"}}],\"inLanguage\":\"gl-ES\"},{\"@type\":\"Person\",\"@id\":\"https:\/\/www.fiarebancaetica.coop\/gl\/#\/schema\/person\/579841e89c804b5db05d9141bd9b8272\",\"name\":\"crispyadmin0\",\"image\":{\"@type\":\"ImageObject\",\"inLanguage\":\"gl-ES\",\"@id\":\"https:\/\/www.fiarebancaetica.coop\/gl\/#\/schema\/person\/image\/5f3a6b7786f32f4c35bd2b1a5a4698ea\",\"url\":\"https:\/\/secure.gravatar.com\/avatar\/4d2cfb499d497b6d49da659fab7404b243a87fe8e40d2cf97a1cae48f677f5b2?s=96&d=mm&r=g\",\"contentUrl\":\"https:\/\/secure.gravatar.com\/avatar\/4d2cfb499d497b6d49da659fab7404b243a87fe8e40d2cf97a1cae48f677f5b2?s=96&d=mm&r=g\",\"caption\":\"crispyadmin0\"},\"sameAs\":[\"crispyadmin0\"]}]}<\/script>\n<!-- \/ Yoast SEO plugin. -->","yoast_head_json":{"title":"La declaraci\u00f3n de Venecia \u00a1Todos a bordo! Cierre de la conferencia europea sobre el Microcr\u00e9dito - Fiare Banca Etica","robots":{"index":"index","follow":"follow","max-snippet":"max-snippet:-1","max-image-preview":"max-image-preview:large","max-video-preview":"max-video-preview:-1"},"canonical":"https:\/\/www.fiarebancaetica.coop\/gl\/la-declaracion-de-venecia-todos-a-bordo-cierre-de-la-conferencia-europea-sobre-el-microcredito\/","og_locale":"gl_ES","og_type":"article","og_title":"La declaraci\u00f3n de Venecia \u00a1Todos a bordo! Cierre de la conferencia europea sobre el Microcr\u00e9dito - Fiare Banca Etica","og_description":"He aqu\u00ed el texto del documento aprobado por las organizaciones miembros de la Red Europea de Microfinanzas en el marco de la 14\u00aa conferencia anual de la asociaci\u00f3n, celebrada en Venecia del 21 al 23 de junio. A ella asistieron 350 delegados en representaci\u00f3n de 80 organizaciones europeas que trabajan con microcr\u00e9ditos.","og_url":"https:\/\/www.fiarebancaetica.coop\/gl\/la-declaracion-de-venecia-todos-a-bordo-cierre-de-la-conferencia-europea-sobre-el-microcredito\/","og_site_name":"Fiare Banca Etica","article_published_time":"2017-06-29T22:00:00+00:00","article_modified_time":"2024-02-21T14:54:25+00:00","og_image":[{"width":540,"height":189,"url":"https:\/\/www.fiarebancaetica.coop\/app\/uploads\/sites\/2\/2023\/12\/declaracion-de-venecia-todos-bordo.clausura-de-conferencia-europea-sobre-el-microcredito.jpg","type":"image\/jpeg"}],"author":"crispyadmin0","twitter_card":"summary_large_image","schema":{"@context":"https:\/\/schema.org","@graph":[{"@type":"Article","@id":"https:\/\/www.fiarebancaetica.coop\/gl\/la-declaracion-de-venecia-todos-a-bordo-cierre-de-la-conferencia-europea-sobre-el-microcredito\/#article","isPartOf":{"@id":"https:\/\/www.fiarebancaetica.coop\/gl\/la-declaracion-de-venecia-todos-a-bordo-cierre-de-la-conferencia-europea-sobre-el-microcredito\/"},"author":{"name":"crispyadmin0","@id":"https:\/\/www.fiarebancaetica.coop\/gl\/#\/schema\/person\/579841e89c804b5db05d9141bd9b8272"},"headline":"La declaraci\u00f3n de Venecia \u00a1Todos a bordo! Cierre de la conferencia europea sobre el Microcr\u00e9dito","datePublished":"2017-06-29T22:00:00+00:00","dateModified":"2024-02-21T14:54:25+00:00","mainEntityOfPage":{"@id":"https:\/\/www.fiarebancaetica.coop\/gl\/la-declaracion-de-venecia-todos-a-bordo-cierre-de-la-conferencia-europea-sobre-el-microcredito\/"},"wordCount":986,"commentCount":0,"image":{"@id":"https:\/\/www.fiarebancaetica.coop\/gl\/la-declaracion-de-venecia-todos-a-bordo-cierre-de-la-conferencia-europea-sobre-el-microcredito\/#primaryimage"},"thumbnailUrl":"https:\/\/www.fiarebancaetica.coop\/app\/uploads\/sites\/2\/2023\/12\/declaracion-de-venecia-todos-bordo.clausura-de-conferencia-europea-sobre-el-microcredito.jpg","articleSection":["Finanzas \u00c9ticas"],"inLanguage":"gl-ES","potentialAction":[{"@type":"CommentAction","name":"Comment","target":["https:\/\/www.fiarebancaetica.coop\/gl\/la-declaracion-de-venecia-todos-a-bordo-cierre-de-la-conferencia-europea-sobre-el-microcredito\/#respond"]}]},{"@type":"WebPage","@id":"https:\/\/www.fiarebancaetica.coop\/gl\/la-declaracion-de-venecia-todos-a-bordo-cierre-de-la-conferencia-europea-sobre-el-microcredito\/","url":"https:\/\/www.fiarebancaetica.coop\/gl\/la-declaracion-de-venecia-todos-a-bordo-cierre-de-la-conferencia-europea-sobre-el-microcredito\/","name":"La declaraci\u00f3n de Venecia \u00a1Todos a bordo! Cierre de la conferencia europea sobre el Microcr\u00e9dito - Fiare Banca Etica","isPartOf":{"@id":"https:\/\/www.fiarebancaetica.coop\/gl\/#website"},"primaryImageOfPage":{"@id":"https:\/\/www.fiarebancaetica.coop\/gl\/la-declaracion-de-venecia-todos-a-bordo-cierre-de-la-conferencia-europea-sobre-el-microcredito\/#primaryimage"},"image":{"@id":"https:\/\/www.fiarebancaetica.coop\/gl\/la-declaracion-de-venecia-todos-a-bordo-cierre-de-la-conferencia-europea-sobre-el-microcredito\/#primaryimage"},"thumbnailUrl":"https:\/\/www.fiarebancaetica.coop\/app\/uploads\/sites\/2\/2023\/12\/declaracion-de-venecia-todos-bordo.clausura-de-conferencia-europea-sobre-el-microcredito.jpg","datePublished":"2017-06-29T22:00:00+00:00","dateModified":"2024-02-21T14:54:25+00:00","author":{"@id":"https:\/\/www.fiarebancaetica.coop\/gl\/#\/schema\/person\/579841e89c804b5db05d9141bd9b8272"},"breadcrumb":{"@id":"https:\/\/www.fiarebancaetica.coop\/gl\/la-declaracion-de-venecia-todos-a-bordo-cierre-de-la-conferencia-europea-sobre-el-microcredito\/#breadcrumb"},"inLanguage":"gl-ES","potentialAction":[{"@type":"ReadAction","target":["https:\/\/www.fiarebancaetica.coop\/gl\/la-declaracion-de-venecia-todos-a-bordo-cierre-de-la-conferencia-europea-sobre-el-microcredito\/"]}]},{"@type":"ImageObject","inLanguage":"gl-ES","@id":"https:\/\/www.fiarebancaetica.coop\/gl\/la-declaracion-de-venecia-todos-a-bordo-cierre-de-la-conferencia-europea-sobre-el-microcredito\/#primaryimage","url":"https:\/\/www.fiarebancaetica.coop\/app\/uploads\/sites\/2\/2023\/12\/declaracion-de-venecia-todos-bordo.clausura-de-conferencia-europea-sobre-el-microcredito.jpg","contentUrl":"https:\/\/www.fiarebancaetica.coop\/app\/uploads\/sites\/2\/2023\/12\/declaracion-de-venecia-todos-bordo.clausura-de-conferencia-europea-sobre-el-microcredito.jpg","width":540,"height":189},{"@type":"BreadcrumbList","@id":"https:\/\/www.fiarebancaetica.coop\/gl\/la-declaracion-de-venecia-todos-a-bordo-cierre-de-la-conferencia-europea-sobre-el-microcredito\/#breadcrumb","itemListElement":[{"@type":"ListItem","position":1,"name":"Home","item":"https:\/\/www.fiarebancaetica.coop\/gl\/"},{"@type":"ListItem","position":2,"name":"La declaraci\u00f3n de Venecia \u00a1Todos a bordo! Cierre de la conferencia europea sobre el Microcr\u00e9dito"}]},{"@type":"WebSite","@id":"https:\/\/www.fiarebancaetica.coop\/gl\/#website","url":"https:\/\/www.fiarebancaetica.coop\/gl\/","name":"Fiare Banca Etica","description":"","potentialAction":[{"@type":"SearchAction","target":{"@type":"EntryPoint","urlTemplate":"https:\/\/www.fiarebancaetica.coop\/gl\/?s={search_term_string}"},"query-input":{"@type":"PropertyValueSpecification","valueRequired":true,"valueName":"search_term_string"}}],"inLanguage":"gl-ES"},{"@type":"Person","@id":"https:\/\/www.fiarebancaetica.coop\/gl\/#\/schema\/person\/579841e89c804b5db05d9141bd9b8272","name":"crispyadmin0","image":{"@type":"ImageObject","inLanguage":"gl-ES","@id":"https:\/\/www.fiarebancaetica.coop\/gl\/#\/schema\/person\/image\/5f3a6b7786f32f4c35bd2b1a5a4698ea","url":"https:\/\/secure.gravatar.com\/avatar\/4d2cfb499d497b6d49da659fab7404b243a87fe8e40d2cf97a1cae48f677f5b2?s=96&d=mm&r=g","contentUrl":"https:\/\/secure.gravatar.com\/avatar\/4d2cfb499d497b6d49da659fab7404b243a87fe8e40d2cf97a1cae48f677f5b2?s=96&d=mm&r=g","caption":"crispyadmin0"},"sameAs":["crispyadmin0"]}]}},"_links":{"self":[{"href":"https:\/\/www.fiarebancaetica.coop\/gl\/wp-json\/wp\/v2\/posts\/345662","targetHints":{"allow":["GET"]}}],"collection":[{"href":"https:\/\/www.fiarebancaetica.coop\/gl\/wp-json\/wp\/v2\/posts"}],"about":[{"href":"https:\/\/www.fiarebancaetica.coop\/gl\/wp-json\/wp\/v2\/types\/post"}],"author":[{"embeddable":true,"href":"https:\/\/www.fiarebancaetica.coop\/gl\/wp-json\/wp\/v2\/users\/2"}],"replies":[{"embeddable":true,"href":"https:\/\/www.fiarebancaetica.coop\/gl\/wp-json\/wp\/v2\/comments?post=345662"}],"version-history":[{"count":1,"href":"https:\/\/www.fiarebancaetica.coop\/gl\/wp-json\/wp\/v2\/posts\/345662\/revisions"}],"predecessor-version":[{"id":353665,"href":"https:\/\/www.fiarebancaetica.coop\/gl\/wp-json\/wp\/v2\/posts\/345662\/revisions\/353665"}],"wp:featuredmedia":[{"embeddable":true,"href":"https:\/\/www.fiarebancaetica.coop\/gl\/wp-json\/wp\/v2\/media\/325722"}],"wp:attachment":[{"href":"https:\/\/www.fiarebancaetica.coop\/gl\/wp-json\/wp\/v2\/media?parent=345662"}],"wp:term":[{"taxonomy":"category","embeddable":true,"href":"https:\/\/www.fiarebancaetica.coop\/gl\/wp-json\/wp\/v2\/categories?post=345662"},{"taxonomy":"post_tag","embeddable":true,"href":"https:\/\/www.fiarebancaetica.coop\/gl\/wp-json\/wp\/v2\/tags?post=345662"},{"taxonomy":"author","embeddable":true,"href":"https:\/\/www.fiarebancaetica.coop\/gl\/wp-json\/wp\/v2\/coauthors?post=345662"}],"curies":[{"name":"wp","href":"https:\/\/api.w.org\/{rel}","templated":true}]}}