{"id":345669,"date":"2017-06-20T00:00:00","date_gmt":"2017-06-19T22:00:00","guid":{"rendered":"https:\/\/www.fiarebancaetica.coop\/alianza-europea-contra-la-exclusion-financiera\/"},"modified":"2024-02-21T15:54:30","modified_gmt":"2024-02-21T14:54:30","slug":"alianza-europea-contra-la-exclusion-financiera","status":"publish","type":"post","link":"https:\/\/www.fiarebancaetica.coop\/gl\/alianza-europea-contra-la-exclusion-financiera\/","title":{"rendered":"Alianza europea contra la exclusi\u00f3n financiera"},"content":{"rendered":"\n\n<div class=\"wp-block-bancaetica-blocks-blocks-block-49\">\n    <div class=\"container-block-49\">\n\n        <div class=\"header-section \">\n                            <h1 class=\"section-title\"> Etica e cooperativa <\/h1>\n                                            <\/div>\n\n        \n        <div class=\"block-background\" style=\"background-image: url('https:\/\/www.fiarebancaetica.coop\/app\/uploads\/sites\/2\/2023\/12\/alianza-europea-contra-exclusion-financiera.png')\">\n                            <div class=\"tile\">\n                    <h1 class=\"image-title\"> Alianza europea contra la exclusi\u00f3n financiera <\/h1>\n                <\/div>             <!-- end .tile -->\n            <div class=\"bottom-content\">\n                            <\/div> <!-- end .button-content -->\n        <\/div> <!-- end .block-background -->\n    <\/div> <!-- end .container -->\n<\/div> <!-- end wp-block-bancaetica-blocks-blocks-block-06 -->\n\n\n<div class=\"wrapper-crispybacon-class wrapper-crispybacon-class-boxed \">\n    <p>La Red Europea de Microfinanzas (REM), en colaboraci\u00f3n con Banca Etica, ha elegido Venecia como sede de su asamblea anual el 22 y 23 de junio de 2017.<\/p>\n<p>Acudir\u00e1n m\u00e1s de 300 delegados procedentes de toda Europa, entre responsables de microfinanzas, representantes de bancos orientados al \u00e1mbito social, docentes, investigadores, representantes de ONGs, fondos de garant\u00eda y responsables pol\u00edticos.<br \/>\n\t<br \/>\n\tEl evento ser\u00e1 una ocasi\u00f3n de intercambio de ideas y experiencias para impulsar la reflexi\u00f3n sobre c\u00f3mo potenciar las herramientas de inclusi\u00f3n financiera, a partir de los niveles de alfabetizaci\u00f3n y educaci\u00f3n para las personas vulnerables. Durante la conferencia se debatir\u00e1 sobre c\u00f3mo la educaci\u00f3n financiera puede ayudar al sector de las microfinanzas a replantear su oferta y sus productos, para lograr un elevado impacto social, priorizando las necesidades de los clientes.<br \/>\n\t<br \/>\n\t\u201cPara Banca Etica es una ocasi\u00f3n importante para reforzar la red europea de entidades que trabajan en el microcr\u00e9dito y es una etapa importante en el marco de la campa\u00f1a para el reconocimiento de las Finanzas \u00c9ticas en Europa, despu\u00e9s de la aprobaci\u00f3n a finales de 2016 de la primera ley italiana que define y valoriza a los responsables de finanzas \u00e9ticas\u201d, declara el presidente de Banca Etica y \u00c9tica Sgr, Ugo Biggeri. \u201cBanca Etica se ocupa del microcr\u00e9dito para la inclusi\u00f3n social desde siempre y ha estado en primera l\u00ednea tanto en la financiaci\u00f3n como en las actividades de sensibilizaci\u00f3n que -en colaboraci\u00f3n con los dem\u00e1s sujetos activos en este campo- en 2010 llevaron a la introducci\u00f3n por primera vez de una normativa sobre microcr\u00e9dito en el ordenamiento italiano\u201d.<\/p>\n<h2>\n\t<strong>Las citas<\/strong><\/h2>\n<p>\u2022 En los d\u00edas de la asamblea de Venecia el presidente de Banca Etica firmar\u00e1 un protocolo de acuerdo con el embajador Pietro Sebastiani, director de la Cooperaci\u00f3n Italiana en el Ministerio de Exteriores. El protocolo va a permitir incrementar la oferta de microcr\u00e9ditos en los Balcanes y en \u00c1frica.<br \/>\n\t<br \/>\n\t\u2022 El presidente de Banca Etica, Ugo Biggeri, firmar\u00e1 adem\u00e1s un contrato con el vicepresidente del BEI (Banco Europeo de Inversiones), Ambroise Fayolle, para la constituci\u00f3n de garant\u00edas por valor de 40 millones de euros en una cartera de 50 millones de cr\u00e9ditos a la econom\u00eda social en Italia y Espa\u00f1a en los pr\u00f3ximos 5 a\u00f1os (programa EASI).<br \/>\n\t<br \/>\n\t\u2022 Durante la cumbre tambi\u00e9n se presentar\u00e1 un acuerdo de colaboraci\u00f3n entre Banca Etica, EMN y CoopEst (fondo que apoya las inversiones responsables en Europa Central y del Este). El objetivo del acuerdo es consolidar el sector de las microfinanzas en Europa; incrementar su impacto social y proporcionar asistencia t\u00e9cnica a los responsables de microfinanzas europeos especialmente en Europa del Este.<br \/>\n\t<br \/>\n\t\u2022 Para finalizar, el 23 de junio se presentar\u00e1 a las instituciones italianas y europeas la Venice Declaration. Se trata de un documento de orientaci\u00f3n pol\u00edtica sobre el papel de las microfinanzas y los bancos con orientaci\u00f3n \u00e9tica en Europa para abordar problem\u00e1ticas sociales y ambientales. Entre los temas claves de la declaraci\u00f3n destacan la educaci\u00f3n financiera, la atenci\u00f3n a la econom\u00eda real y las necesidades de las personas.<\/p>\n<p>Durante los dos d\u00edas de la cumbre, en el marco incomparable de la isla de San Servolo, <strong>tomar\u00e1n la palabra entre otros:<\/strong><\/p>\n<ul>\n\t<li>\n\t\tLaura Boldrini, Presidenta de la C\u00e1mara de Diputados de Italia (23 de junio)<\/li>\n\t<li>\n\t\tAnn Branch, Responsable de la Direcci\u00f3n General para el Trabajo de la Comisi\u00f3n Europea (DG Employment)<\/li>\n\t<li>\n\t\tAmbroise Fayolle, Vicepresidente del Banco Europeo de Inversiones (BEI)<\/li>\n\t<li>\n\t\tPierpaolo Baretta, Viceministro de Econom\u00eda y Finanzas<\/li>\n\t<li>\n\t\tLuigi Bobba, Viceministro de Trabajo y Pol\u00edticas Sociales<\/li>\n\t<li>\n\t\tPietro Sebastiani, Director general para la Cooperaci\u00f3n al Desarrollo del Ministerio de Exteriores<\/li>\n\t<li>\n\t\tSilvia Costa, Parlamentaria europeaUgo Biggeri, Presidente del Grupo Banca Etica<\/li>\n<\/ul>\n<h2>\n\t<br \/>\n\t<strong>Los n\u00fameros del microcr\u00e9dito del Grupo Banca Etica<\/strong><\/h2>\n<p>Desde 2001 Banca Etica ha apoyado m\u00e1s de 3.400 proyectos de microfinanzas, por un total de 23,6 millones de euros prestados. \u00c9tica Sgr pone a disposici\u00f3n de Banca \u00c9tica el fondo de garant\u00eda para microfinanzas, alimentado con la donaci\u00f3n voluntaria de los inversores en fondos comunes, equivalente al 0,1% del importe invertido. Desde su nacimiento, en 2003, el fondo ha posibilitado la concesi\u00f3n de 476 microfinanciaciones por un valor global de 4,1 millones de euros. Banca \u00c9tica tambi\u00e9n participa en otros fondos de garant\u00eda para el microcr\u00e9dito, incluido el recientemente creado por Ministerio para el Desarrollo Econ\u00f3mico.<br \/>\n\t<br \/>\n\t<strong>\u2022 En el mundo &#8211;<\/strong> Banca Etica promueve y apoya las microfinanzas tambi\u00e9n en los pa\u00edses del Sur del mundo, gracias a acuerdos con el Ministerio de Exteriores y el partenariado con ONGs y entidades de microfinanzas (entre las cuales Oikocredit, Sidi, Coopmed). Hoy en d\u00eda Banca \u00c9tica apoya proyectos internacionales por valor de 17,5 millones de euros en favor de 30.000 beneficiarios en todo el mundo.<br \/>\n\t<br \/>\n\t<strong>El programa completo est\u00e1 disponible aqu\u00ed: <\/strong><a href=\"http:\/\/www.emnconference.org\/index.php\/programme-2017\">http:\/\/www.emnconference.org\/index.php\/programme-2017<\/a><br \/>\n\t<br \/>\n\tLa Red Europea de Microfinanzas es una red de 94 organizaciones en 26 pa\u00edses que trabajan en el sector del microcr\u00e9dito y las microfinanzas. Su misi\u00f3n es favorecer el acceso universal a los servicios financieros b\u00e1sicos y los servicios de apoyo complementarios, para construir unas finanzas que respondan a las necesidades reales de la sociedad, siendo capaces de ofrecer a las personas las herramientas para desarrollar su talento con una aportaci\u00f3n positiva a la comuniad y al crecimiento sostenible.<\/p>\n<\/div>","protected":false},"excerpt":{"rendered":"<p>En Venecia la cumbre anual de la Red Europea de Microfinanzas (REM) en colaboraci\u00f3n con Banca \u00c9tica. Del 22 al 23 de junio de 2017<br \/>\n\tLa Red Europea de Microfinanzas (REM), en colaboraci\u00f3n con Banca \u00c9tica, ha elegido Venecia como sede de su asamblea anual el 22 y 23 de junio de 2017.<br \/>\n\tAcudir\u00e1n m\u00e1s de 300 delegados procedentes de toda Europa, entre responsables de microfinanzas, representantes de bancos orientados al \u00e1mbito social, docentes, investigadores, representantes de ONGs, fondos de garant\u00eda y responsables pol\u00edticos.<\/p>\n","protected":false},"author":2,"featured_media":325710,"comment_status":"open","ping_status":"closed","sticky":false,"template":"","format":"standard","meta":{"_acf_changed":false,"footnotes":""},"categories":[11645],"tags":[],"coauthors":[],"class_list":["post-345669","post","type-post","status-publish","format-standard","has-post-thumbnail","hentry","category-finanzas-eticas"],"acf":[],"yoast_head":"<!-- This site is optimized with the Yoast SEO plugin v26.9 - https:\/\/yoast.com\/product\/yoast-seo-wordpress\/ -->\n<title>Alianza europea contra la exclusi\u00f3n financiera - Fiare Banca Etica<\/title>\n<meta name=\"robots\" content=\"index, follow, max-snippet:-1, max-image-preview:large, max-video-preview:-1\" \/>\n<link rel=\"canonical\" href=\"https:\/\/www.fiarebancaetica.coop\/gl\/alianza-europea-contra-la-exclusion-financiera\/\" \/>\n<meta property=\"og:locale\" content=\"gl_ES\" \/>\n<meta property=\"og:type\" content=\"article\" \/>\n<meta property=\"og:title\" content=\"Alianza europea contra la exclusi\u00f3n financiera - Fiare Banca Etica\" \/>\n<meta property=\"og:description\" content=\"En Venecia la cumbre anual de la Red Europea de Microfinanzas (REM) en colaboraci\u00f3n con Banca \u00c9tica. Del 22 al 23 de junio de 2017 La Red Europea de Microfinanzas (REM), en colaboraci\u00f3n con Banca \u00c9tica, ha elegido Venecia como sede de su asamblea anual el 22 y 23 de junio de 2017. Acudir\u00e1n m\u00e1s de 300 delegados procedentes de toda Europa, entre responsables de microfinanzas, representantes de bancos orientados al \u00e1mbito social, docentes, investigadores, representantes de ONGs, fondos de garant\u00eda y responsables pol\u00edticos.\" \/>\n<meta property=\"og:url\" content=\"https:\/\/www.fiarebancaetica.coop\/gl\/alianza-europea-contra-la-exclusion-financiera\/\" \/>\n<meta property=\"og:site_name\" content=\"Fiare Banca Etica\" \/>\n<meta property=\"article:published_time\" content=\"2017-06-19T22:00:00+00:00\" \/>\n<meta property=\"article:modified_time\" content=\"2024-02-21T14:54:30+00:00\" \/>\n<meta property=\"og:image\" content=\"https:\/\/www.fiarebancaetica.coop\/app\/uploads\/sites\/2\/2023\/12\/alianza-europea-contra-exclusion-financiera.png\" \/>\n\t<meta property=\"og:image:width\" content=\"591\" \/>\n\t<meta property=\"og:image:height\" content=\"299\" \/>\n\t<meta property=\"og:image:type\" content=\"image\/png\" \/>\n<meta name=\"author\" content=\"crispyadmin0\" \/>\n<meta name=\"twitter:card\" content=\"summary_large_image\" \/>\n<script type=\"application\/ld+json\" class=\"yoast-schema-graph\">{\"@context\":\"https:\/\/schema.org\",\"@graph\":[{\"@type\":\"Article\",\"@id\":\"https:\/\/www.fiarebancaetica.coop\/gl\/alianza-europea-contra-la-exclusion-financiera\/#article\",\"isPartOf\":{\"@id\":\"https:\/\/www.fiarebancaetica.coop\/gl\/alianza-europea-contra-la-exclusion-financiera\/\"},\"author\":{\"name\":\"crispyadmin0\",\"@id\":\"https:\/\/www.fiarebancaetica.coop\/gl\/#\/schema\/person\/579841e89c804b5db05d9141bd9b8272\"},\"headline\":\"Alianza europea contra la exclusi\u00f3n financiera\",\"datePublished\":\"2017-06-19T22:00:00+00:00\",\"dateModified\":\"2024-02-21T14:54:30+00:00\",\"mainEntityOfPage\":{\"@id\":\"https:\/\/www.fiarebancaetica.coop\/gl\/alianza-europea-contra-la-exclusion-financiera\/\"},\"wordCount\":919,\"commentCount\":0,\"image\":{\"@id\":\"https:\/\/www.fiarebancaetica.coop\/gl\/alianza-europea-contra-la-exclusion-financiera\/#primaryimage\"},\"thumbnailUrl\":\"https:\/\/www.fiarebancaetica.coop\/app\/uploads\/sites\/2\/2023\/12\/alianza-europea-contra-exclusion-financiera.png\",\"articleSection\":[\"Finanzas \u00c9ticas\"],\"inLanguage\":\"gl-ES\",\"potentialAction\":[{\"@type\":\"CommentAction\",\"name\":\"Comment\",\"target\":[\"https:\/\/www.fiarebancaetica.coop\/gl\/alianza-europea-contra-la-exclusion-financiera\/#respond\"]}]},{\"@type\":\"WebPage\",\"@id\":\"https:\/\/www.fiarebancaetica.coop\/gl\/alianza-europea-contra-la-exclusion-financiera\/\",\"url\":\"https:\/\/www.fiarebancaetica.coop\/gl\/alianza-europea-contra-la-exclusion-financiera\/\",\"name\":\"Alianza europea contra la exclusi\u00f3n financiera - Fiare Banca Etica\",\"isPartOf\":{\"@id\":\"https:\/\/www.fiarebancaetica.coop\/gl\/#website\"},\"primaryImageOfPage\":{\"@id\":\"https:\/\/www.fiarebancaetica.coop\/gl\/alianza-europea-contra-la-exclusion-financiera\/#primaryimage\"},\"image\":{\"@id\":\"https:\/\/www.fiarebancaetica.coop\/gl\/alianza-europea-contra-la-exclusion-financiera\/#primaryimage\"},\"thumbnailUrl\":\"https:\/\/www.fiarebancaetica.coop\/app\/uploads\/sites\/2\/2023\/12\/alianza-europea-contra-exclusion-financiera.png\",\"datePublished\":\"2017-06-19T22:00:00+00:00\",\"dateModified\":\"2024-02-21T14:54:30+00:00\",\"author\":{\"@id\":\"https:\/\/www.fiarebancaetica.coop\/gl\/#\/schema\/person\/579841e89c804b5db05d9141bd9b8272\"},\"breadcrumb\":{\"@id\":\"https:\/\/www.fiarebancaetica.coop\/gl\/alianza-europea-contra-la-exclusion-financiera\/#breadcrumb\"},\"inLanguage\":\"gl-ES\",\"potentialAction\":[{\"@type\":\"ReadAction\",\"target\":[\"https:\/\/www.fiarebancaetica.coop\/gl\/alianza-europea-contra-la-exclusion-financiera\/\"]}]},{\"@type\":\"ImageObject\",\"inLanguage\":\"gl-ES\",\"@id\":\"https:\/\/www.fiarebancaetica.coop\/gl\/alianza-europea-contra-la-exclusion-financiera\/#primaryimage\",\"url\":\"https:\/\/www.fiarebancaetica.coop\/app\/uploads\/sites\/2\/2023\/12\/alianza-europea-contra-exclusion-financiera.png\",\"contentUrl\":\"https:\/\/www.fiarebancaetica.coop\/app\/uploads\/sites\/2\/2023\/12\/alianza-europea-contra-exclusion-financiera.png\",\"width\":591,\"height\":299},{\"@type\":\"BreadcrumbList\",\"@id\":\"https:\/\/www.fiarebancaetica.coop\/gl\/alianza-europea-contra-la-exclusion-financiera\/#breadcrumb\",\"itemListElement\":[{\"@type\":\"ListItem\",\"position\":1,\"name\":\"Home\",\"item\":\"https:\/\/www.fiarebancaetica.coop\/gl\/\"},{\"@type\":\"ListItem\",\"position\":2,\"name\":\"Alianza europea contra la exclusi\u00f3n financiera\"}]},{\"@type\":\"WebSite\",\"@id\":\"https:\/\/www.fiarebancaetica.coop\/gl\/#website\",\"url\":\"https:\/\/www.fiarebancaetica.coop\/gl\/\",\"name\":\"Fiare Banca Etica\",\"description\":\"\",\"potentialAction\":[{\"@type\":\"SearchAction\",\"target\":{\"@type\":\"EntryPoint\",\"urlTemplate\":\"https:\/\/www.fiarebancaetica.coop\/gl\/?s={search_term_string}\"},\"query-input\":{\"@type\":\"PropertyValueSpecification\",\"valueRequired\":true,\"valueName\":\"search_term_string\"}}],\"inLanguage\":\"gl-ES\"},{\"@type\":\"Person\",\"@id\":\"https:\/\/www.fiarebancaetica.coop\/gl\/#\/schema\/person\/579841e89c804b5db05d9141bd9b8272\",\"name\":\"crispyadmin0\",\"image\":{\"@type\":\"ImageObject\",\"inLanguage\":\"gl-ES\",\"@id\":\"https:\/\/www.fiarebancaetica.coop\/gl\/#\/schema\/person\/image\/5f3a6b7786f32f4c35bd2b1a5a4698ea\",\"url\":\"https:\/\/secure.gravatar.com\/avatar\/4d2cfb499d497b6d49da659fab7404b243a87fe8e40d2cf97a1cae48f677f5b2?s=96&d=mm&r=g\",\"contentUrl\":\"https:\/\/secure.gravatar.com\/avatar\/4d2cfb499d497b6d49da659fab7404b243a87fe8e40d2cf97a1cae48f677f5b2?s=96&d=mm&r=g\",\"caption\":\"crispyadmin0\"},\"sameAs\":[\"crispyadmin0\"]}]}<\/script>\n<!-- \/ Yoast SEO plugin. -->","yoast_head_json":{"title":"Alianza europea contra la exclusi\u00f3n financiera - Fiare Banca Etica","robots":{"index":"index","follow":"follow","max-snippet":"max-snippet:-1","max-image-preview":"max-image-preview:large","max-video-preview":"max-video-preview:-1"},"canonical":"https:\/\/www.fiarebancaetica.coop\/gl\/alianza-europea-contra-la-exclusion-financiera\/","og_locale":"gl_ES","og_type":"article","og_title":"Alianza europea contra la exclusi\u00f3n financiera - Fiare Banca Etica","og_description":"En Venecia la cumbre anual de la Red Europea de Microfinanzas (REM) en colaboraci\u00f3n con Banca \u00c9tica. Del 22 al 23 de junio de 2017 La Red Europea de Microfinanzas (REM), en colaboraci\u00f3n con Banca \u00c9tica, ha elegido Venecia como sede de su asamblea anual el 22 y 23 de junio de 2017. Acudir\u00e1n m\u00e1s de 300 delegados procedentes de toda Europa, entre responsables de microfinanzas, representantes de bancos orientados al \u00e1mbito social, docentes, investigadores, representantes de ONGs, fondos de garant\u00eda y responsables pol\u00edticos.","og_url":"https:\/\/www.fiarebancaetica.coop\/gl\/alianza-europea-contra-la-exclusion-financiera\/","og_site_name":"Fiare Banca Etica","article_published_time":"2017-06-19T22:00:00+00:00","article_modified_time":"2024-02-21T14:54:30+00:00","og_image":[{"width":591,"height":299,"url":"https:\/\/www.fiarebancaetica.coop\/app\/uploads\/sites\/2\/2023\/12\/alianza-europea-contra-exclusion-financiera.png","type":"image\/png"}],"author":"crispyadmin0","twitter_card":"summary_large_image","schema":{"@context":"https:\/\/schema.org","@graph":[{"@type":"Article","@id":"https:\/\/www.fiarebancaetica.coop\/gl\/alianza-europea-contra-la-exclusion-financiera\/#article","isPartOf":{"@id":"https:\/\/www.fiarebancaetica.coop\/gl\/alianza-europea-contra-la-exclusion-financiera\/"},"author":{"name":"crispyadmin0","@id":"https:\/\/www.fiarebancaetica.coop\/gl\/#\/schema\/person\/579841e89c804b5db05d9141bd9b8272"},"headline":"Alianza europea contra la exclusi\u00f3n financiera","datePublished":"2017-06-19T22:00:00+00:00","dateModified":"2024-02-21T14:54:30+00:00","mainEntityOfPage":{"@id":"https:\/\/www.fiarebancaetica.coop\/gl\/alianza-europea-contra-la-exclusion-financiera\/"},"wordCount":919,"commentCount":0,"image":{"@id":"https:\/\/www.fiarebancaetica.coop\/gl\/alianza-europea-contra-la-exclusion-financiera\/#primaryimage"},"thumbnailUrl":"https:\/\/www.fiarebancaetica.coop\/app\/uploads\/sites\/2\/2023\/12\/alianza-europea-contra-exclusion-financiera.png","articleSection":["Finanzas \u00c9ticas"],"inLanguage":"gl-ES","potentialAction":[{"@type":"CommentAction","name":"Comment","target":["https:\/\/www.fiarebancaetica.coop\/gl\/alianza-europea-contra-la-exclusion-financiera\/#respond"]}]},{"@type":"WebPage","@id":"https:\/\/www.fiarebancaetica.coop\/gl\/alianza-europea-contra-la-exclusion-financiera\/","url":"https:\/\/www.fiarebancaetica.coop\/gl\/alianza-europea-contra-la-exclusion-financiera\/","name":"Alianza europea contra la exclusi\u00f3n financiera - Fiare Banca Etica","isPartOf":{"@id":"https:\/\/www.fiarebancaetica.coop\/gl\/#website"},"primaryImageOfPage":{"@id":"https:\/\/www.fiarebancaetica.coop\/gl\/alianza-europea-contra-la-exclusion-financiera\/#primaryimage"},"image":{"@id":"https:\/\/www.fiarebancaetica.coop\/gl\/alianza-europea-contra-la-exclusion-financiera\/#primaryimage"},"thumbnailUrl":"https:\/\/www.fiarebancaetica.coop\/app\/uploads\/sites\/2\/2023\/12\/alianza-europea-contra-exclusion-financiera.png","datePublished":"2017-06-19T22:00:00+00:00","dateModified":"2024-02-21T14:54:30+00:00","author":{"@id":"https:\/\/www.fiarebancaetica.coop\/gl\/#\/schema\/person\/579841e89c804b5db05d9141bd9b8272"},"breadcrumb":{"@id":"https:\/\/www.fiarebancaetica.coop\/gl\/alianza-europea-contra-la-exclusion-financiera\/#breadcrumb"},"inLanguage":"gl-ES","potentialAction":[{"@type":"ReadAction","target":["https:\/\/www.fiarebancaetica.coop\/gl\/alianza-europea-contra-la-exclusion-financiera\/"]}]},{"@type":"ImageObject","inLanguage":"gl-ES","@id":"https:\/\/www.fiarebancaetica.coop\/gl\/alianza-europea-contra-la-exclusion-financiera\/#primaryimage","url":"https:\/\/www.fiarebancaetica.coop\/app\/uploads\/sites\/2\/2023\/12\/alianza-europea-contra-exclusion-financiera.png","contentUrl":"https:\/\/www.fiarebancaetica.coop\/app\/uploads\/sites\/2\/2023\/12\/alianza-europea-contra-exclusion-financiera.png","width":591,"height":299},{"@type":"BreadcrumbList","@id":"https:\/\/www.fiarebancaetica.coop\/gl\/alianza-europea-contra-la-exclusion-financiera\/#breadcrumb","itemListElement":[{"@type":"ListItem","position":1,"name":"Home","item":"https:\/\/www.fiarebancaetica.coop\/gl\/"},{"@type":"ListItem","position":2,"name":"Alianza europea contra la exclusi\u00f3n financiera"}]},{"@type":"WebSite","@id":"https:\/\/www.fiarebancaetica.coop\/gl\/#website","url":"https:\/\/www.fiarebancaetica.coop\/gl\/","name":"Fiare Banca Etica","description":"","potentialAction":[{"@type":"SearchAction","target":{"@type":"EntryPoint","urlTemplate":"https:\/\/www.fiarebancaetica.coop\/gl\/?s={search_term_string}"},"query-input":{"@type":"PropertyValueSpecification","valueRequired":true,"valueName":"search_term_string"}}],"inLanguage":"gl-ES"},{"@type":"Person","@id":"https:\/\/www.fiarebancaetica.coop\/gl\/#\/schema\/person\/579841e89c804b5db05d9141bd9b8272","name":"crispyadmin0","image":{"@type":"ImageObject","inLanguage":"gl-ES","@id":"https:\/\/www.fiarebancaetica.coop\/gl\/#\/schema\/person\/image\/5f3a6b7786f32f4c35bd2b1a5a4698ea","url":"https:\/\/secure.gravatar.com\/avatar\/4d2cfb499d497b6d49da659fab7404b243a87fe8e40d2cf97a1cae48f677f5b2?s=96&d=mm&r=g","contentUrl":"https:\/\/secure.gravatar.com\/avatar\/4d2cfb499d497b6d49da659fab7404b243a87fe8e40d2cf97a1cae48f677f5b2?s=96&d=mm&r=g","caption":"crispyadmin0"},"sameAs":["crispyadmin0"]}]}},"_links":{"self":[{"href":"https:\/\/www.fiarebancaetica.coop\/gl\/wp-json\/wp\/v2\/posts\/345669","targetHints":{"allow":["GET"]}}],"collection":[{"href":"https:\/\/www.fiarebancaetica.coop\/gl\/wp-json\/wp\/v2\/posts"}],"about":[{"href":"https:\/\/www.fiarebancaetica.coop\/gl\/wp-json\/wp\/v2\/types\/post"}],"author":[{"embeddable":true,"href":"https:\/\/www.fiarebancaetica.coop\/gl\/wp-json\/wp\/v2\/users\/2"}],"replies":[{"embeddable":true,"href":"https:\/\/www.fiarebancaetica.coop\/gl\/wp-json\/wp\/v2\/comments?post=345669"}],"version-history":[{"count":1,"href":"https:\/\/www.fiarebancaetica.coop\/gl\/wp-json\/wp\/v2\/posts\/345669\/revisions"}],"predecessor-version":[{"id":353655,"href":"https:\/\/www.fiarebancaetica.coop\/gl\/wp-json\/wp\/v2\/posts\/345669\/revisions\/353655"}],"wp:featuredmedia":[{"embeddable":true,"href":"https:\/\/www.fiarebancaetica.coop\/gl\/wp-json\/wp\/v2\/media\/325710"}],"wp:attachment":[{"href":"https:\/\/www.fiarebancaetica.coop\/gl\/wp-json\/wp\/v2\/media?parent=345669"}],"wp:term":[{"taxonomy":"category","embeddable":true,"href":"https:\/\/www.fiarebancaetica.coop\/gl\/wp-json\/wp\/v2\/categories?post=345669"},{"taxonomy":"post_tag","embeddable":true,"href":"https:\/\/www.fiarebancaetica.coop\/gl\/wp-json\/wp\/v2\/tags?post=345669"},{"taxonomy":"author","embeddable":true,"href":"https:\/\/www.fiarebancaetica.coop\/gl\/wp-json\/wp\/v2\/coauthors?post=345669"}],"curies":[{"name":"wp","href":"https:\/\/api.w.org\/{rel}","templated":true}]}}