{"id":345942,"date":"2023-12-28T00:00:00","date_gmt":"2023-12-27T23:00:00","guid":{"rendered":"https:\/\/www.fiarebancaetica.coop\/solidaridad-internacional-de-galicia\/"},"modified":"2024-05-09T10:24:09","modified_gmt":"2024-05-09T08:24:09","slug":"solidaridad-internacional-de-galicia","status":"publish","type":"post","link":"https:\/\/www.fiarebancaetica.coop\/gl\/solidaridad-internacional-de-galicia\/","title":{"rendered":"Solidaridad Internacional de Galicia"},"content":{"rendered":"\n\n<div class=\"wp-block-bancaetica-blocks-blocks-block-49\">\n    <div class=\"container-block-49\">\n\n        <div class=\"header-section \">\n                            <h1 class=\"section-title\"> Etica e cooperativa <\/h1>\n                                            <\/div>\n\n        \n        <div class=\"block-background\" style=\"background-image: url('https:\/\/www.fiarebancaetica.coop\/app\/uploads\/sites\/2\/2023\/12\/solidaridad-internacional-de-galicia.jpg')\">\n                            <div class=\"tile\">\n                    <h1 class=\"image-title\"> Solidaridad Internacional de Galicia <\/h1>\n                <\/div>             <!-- end .tile -->\n            <div class=\"bottom-content\">\n                            <\/div> <!-- end .button-content -->\n        <\/div> <!-- end .block-background -->\n    <\/div> <!-- end .container -->\n<\/div> <!-- end wp-block-bancaetica-blocks-blocks-block-06 -->\n\n\n<div class=\"wrapper-crispybacon-class wrapper-crispybacon-class-boxed \">\n    \n<p>Solidaridad Internacional de Galicia es una ONGD creada en el 1996 para cubrir y cumplir en la Comunidad Aut\u00f3noma de Galicia los mismos objetivos que tiene la Fundaci\u00f3n Espa\u00f1ola para la Cooperaci\u00f3n \u201cSolidaridad Internacional\u201d.<\/p>\n<p>Esta Organizaci\u00f3n No Gubernamental tiene como misi\u00f3n la <strong>erradicaci\u00f3n de la pobreza<\/strong>, afrontando sus causas econ\u00f3micas, religiosas, culturales y medioambientales, as\u00ed como la extensi\u00f3n de la libertad y la igualdad de derechos en el mundo. Para ello implementan programas que contribuyen al <strong>desarrollo humano sostenible<\/strong> con el fin de que las personas empobrecidas de La Tierra tomen el control de su propia vida.<\/p>\n<p>Su objetivo es promover la <strong>justicia social <\/strong>a trav\u00e9s de proyectos de cooperaci\u00f3n internacional, la ayuda humanitaria y de emergencia, la educaci\u00f3n para el desarrollo, el comercio justo y la acci\u00f3n pol\u00edtica.<\/p>\n<p>Durante estos a\u00f1os han sido un cauce para hacer llegar la solidaridad de la sociedad gallega a miles de personas que habitan en las regiones m\u00e1s desfavorecidas del mundo. Y han incidido en la sensibilizaci\u00f3n y concienciaci\u00f3n en su entorno sobre las causas de la pobreza.<\/p>\n<p>Entre los objetivos principales de la entidad se encuentran la<strong> financiaci\u00f3n de proyectos de cooperaci\u00f3n o desarrollo<\/strong> y planes de cooperaci\u00f3n t\u00e9cnica en Centro Am\u00e9rica, Sur Am\u00e9rica, \u00c1frica y Oriente Pr\u00f3ximo, a trav\u00e9s de la captaci\u00f3n de fondos de solidaridad tanto entre la sociedad gallega como en las instituciones.<br \/>\n\tAdem\u00e1s promueven <strong>compa\u00f1as de sensibilizaci\u00f3n y educaci\u00f3n para el desarrollo <\/strong>y realizan actividades culturales y promoci\u00f3n sociocultural que contribuya a la comprensi\u00f3n en Galicia de la pluralidad del mundo.<\/p>\n<h2>\n\tComercio Justo<\/h2>\n<p>Las relaciones comerciales Norte-Sur representan una de las caras de Comercio Internacional.<br \/>\n\tEstas relaciones se caracterizan por la desigualdad absoluta; por un lado las principales econom\u00edas del Norte, representadas por gigantes corporativos con el apoyo de los gobiernos y las organizaciones internacionales a determinar las reglas que mantienen estas relaciones. Por otro lado, los pa\u00edses que se caracterizan por modelos basados en la exportaci\u00f3n de materias primas, cuyo precio se fija demasiado lejos de sus fronteras. Aqu\u00ed la fabricaci\u00f3n de productos se realiza bajo un patr\u00f3n de abuso y explotaci\u00f3n.<br \/>\n\t<br \/>\n\tHay una alternativa que <strong>promueve las relaciones Norte-Sur sobre la base de la igualdad y el respeto mutuo<\/strong>, que defiende los derechos de los trabajadores en el sur y ofrece productos que garanticen un entorno social, econ\u00f3mica y ambientalmente sostenible; es el Comercio Justo.<br \/>\n\t<br \/>\n\tLa organizaci\u00f3n cuenta con tres tiendas en la comunidad gallega y la promoci\u00f3n y venta de productos de comercio justo es una de sus l\u00edneas de trabajo m\u00e1s importantes.<\/p>\n<p><strong>Fiare Banca Etica ha activado una l\u00ednea de cr\u00e9dito de anticipo de contratos, subvenciones o facturas.<\/strong><\/p>\n<p><strong><a href=\"http:\/\/www.solidaridadgalicia.org\">http:\/\/www.solidaridadgalicia.org<\/a><\/strong><\/p>\n\n<\/div>","protected":false},"excerpt":{"rendered":"<p>Solidaridad Internacional de Galicia es una ONGD creada en el 1996 para cubrir y cumplir en la Comunidad Aut\u00f3noma de Galicia los mismos objetivos que tiene la Fundaci\u00f3n Espa\u00f1ola para la Cooperaci\u00f3n \u201cSolidaridad Internacional\u201d.<\/p>\n","protected":false},"author":2,"featured_media":324840,"comment_status":"open","ping_status":"closed","sticky":false,"template":"","format":"standard","meta":{"_acf_changed":false,"footnotes":""},"categories":[11664],"tags":[],"coauthors":[],"class_list":["post-345942","post","type-post","status-publish","format-standard","has-post-thumbnail","hentry","category-historias-de-impacto-positivo"],"acf":[],"yoast_head":"<!-- This site is optimized with the Yoast SEO plugin v26.9 - https:\/\/yoast.com\/product\/yoast-seo-wordpress\/ -->\n<title>Solidaridad Internacional de Galicia - Fiare Banca Etica<\/title>\n<meta name=\"robots\" content=\"index, follow, max-snippet:-1, max-image-preview:large, max-video-preview:-1\" \/>\n<link rel=\"canonical\" href=\"https:\/\/www.fiarebancaetica.coop\/gl\/solidaridad-internacional-de-galicia\/\" \/>\n<meta property=\"og:locale\" content=\"gl_ES\" \/>\n<meta property=\"og:type\" content=\"article\" \/>\n<meta property=\"og:title\" content=\"Solidaridad Internacional de Galicia - Fiare Banca Etica\" \/>\n<meta property=\"og:description\" content=\"Solidaridad Internacional de Galicia es una ONGD creada en el 1996 para cubrir y cumplir en la Comunidad Aut\u00f3noma de Galicia los mismos objetivos que tiene la Fundaci\u00f3n Espa\u00f1ola para la Cooperaci\u00f3n \u201cSolidaridad Internacional\u201d.\" \/>\n<meta property=\"og:url\" content=\"https:\/\/www.fiarebancaetica.coop\/gl\/solidaridad-internacional-de-galicia\/\" \/>\n<meta property=\"og:site_name\" content=\"Fiare Banca Etica\" \/>\n<meta property=\"article:published_time\" content=\"2023-12-27T23:00:00+00:00\" \/>\n<meta property=\"article:modified_time\" content=\"2024-05-09T08:24:09+00:00\" \/>\n<meta property=\"og:image\" content=\"https:\/\/www.fiarebancaetica.coop\/app\/uploads\/sites\/2\/2023\/12\/solidaridad-internacional-de-galicia.jpg\" \/>\n\t<meta property=\"og:image:width\" content=\"640\" \/>\n\t<meta property=\"og:image:height\" content=\"450\" \/>\n\t<meta property=\"og:image:type\" content=\"image\/jpeg\" \/>\n<meta name=\"author\" content=\"crispyadmin0\" \/>\n<meta name=\"twitter:card\" content=\"summary_large_image\" \/>\n<script type=\"application\/ld+json\" class=\"yoast-schema-graph\">{\"@context\":\"https:\/\/schema.org\",\"@graph\":[{\"@type\":\"Article\",\"@id\":\"https:\/\/www.fiarebancaetica.coop\/gl\/solidaridad-internacional-de-galicia\/#article\",\"isPartOf\":{\"@id\":\"https:\/\/www.fiarebancaetica.coop\/gl\/solidaridad-internacional-de-galicia\/\"},\"author\":{\"name\":\"crispyadmin0\",\"@id\":\"https:\/\/www.fiarebancaetica.coop\/gl\/#\/schema\/person\/579841e89c804b5db05d9141bd9b8272\"},\"headline\":\"Solidaridad Internacional de Galicia\",\"datePublished\":\"2023-12-27T23:00:00+00:00\",\"dateModified\":\"2024-05-09T08:24:09+00:00\",\"mainEntityOfPage\":{\"@id\":\"https:\/\/www.fiarebancaetica.coop\/gl\/solidaridad-internacional-de-galicia\/\"},\"wordCount\":487,\"commentCount\":0,\"image\":{\"@id\":\"https:\/\/www.fiarebancaetica.coop\/gl\/solidaridad-internacional-de-galicia\/#primaryimage\"},\"thumbnailUrl\":\"https:\/\/www.fiarebancaetica.coop\/app\/uploads\/sites\/2\/2023\/12\/solidaridad-internacional-de-galicia.jpg\",\"articleSection\":[\"Historias de impacto positivo\"],\"inLanguage\":\"gl-ES\",\"potentialAction\":[{\"@type\":\"CommentAction\",\"name\":\"Comment\",\"target\":[\"https:\/\/www.fiarebancaetica.coop\/gl\/solidaridad-internacional-de-galicia\/#respond\"]}]},{\"@type\":\"WebPage\",\"@id\":\"https:\/\/www.fiarebancaetica.coop\/gl\/solidaridad-internacional-de-galicia\/\",\"url\":\"https:\/\/www.fiarebancaetica.coop\/gl\/solidaridad-internacional-de-galicia\/\",\"name\":\"Solidaridad Internacional de Galicia - Fiare Banca Etica\",\"isPartOf\":{\"@id\":\"https:\/\/www.fiarebancaetica.coop\/gl\/#website\"},\"primaryImageOfPage\":{\"@id\":\"https:\/\/www.fiarebancaetica.coop\/gl\/solidaridad-internacional-de-galicia\/#primaryimage\"},\"image\":{\"@id\":\"https:\/\/www.fiarebancaetica.coop\/gl\/solidaridad-internacional-de-galicia\/#primaryimage\"},\"thumbnailUrl\":\"https:\/\/www.fiarebancaetica.coop\/app\/uploads\/sites\/2\/2023\/12\/solidaridad-internacional-de-galicia.jpg\",\"datePublished\":\"2023-12-27T23:00:00+00:00\",\"dateModified\":\"2024-05-09T08:24:09+00:00\",\"author\":{\"@id\":\"https:\/\/www.fiarebancaetica.coop\/gl\/#\/schema\/person\/579841e89c804b5db05d9141bd9b8272\"},\"breadcrumb\":{\"@id\":\"https:\/\/www.fiarebancaetica.coop\/gl\/solidaridad-internacional-de-galicia\/#breadcrumb\"},\"inLanguage\":\"gl-ES\",\"potentialAction\":[{\"@type\":\"ReadAction\",\"target\":[\"https:\/\/www.fiarebancaetica.coop\/gl\/solidaridad-internacional-de-galicia\/\"]}]},{\"@type\":\"ImageObject\",\"inLanguage\":\"gl-ES\",\"@id\":\"https:\/\/www.fiarebancaetica.coop\/gl\/solidaridad-internacional-de-galicia\/#primaryimage\",\"url\":\"https:\/\/www.fiarebancaetica.coop\/app\/uploads\/sites\/2\/2023\/12\/solidaridad-internacional-de-galicia.jpg\",\"contentUrl\":\"https:\/\/www.fiarebancaetica.coop\/app\/uploads\/sites\/2\/2023\/12\/solidaridad-internacional-de-galicia.jpg\",\"width\":640,\"height\":450},{\"@type\":\"BreadcrumbList\",\"@id\":\"https:\/\/www.fiarebancaetica.coop\/gl\/solidaridad-internacional-de-galicia\/#breadcrumb\",\"itemListElement\":[{\"@type\":\"ListItem\",\"position\":1,\"name\":\"Home\",\"item\":\"https:\/\/www.fiarebancaetica.coop\/gl\/\"},{\"@type\":\"ListItem\",\"position\":2,\"name\":\"Solidaridad Internacional de Galicia\"}]},{\"@type\":\"WebSite\",\"@id\":\"https:\/\/www.fiarebancaetica.coop\/gl\/#website\",\"url\":\"https:\/\/www.fiarebancaetica.coop\/gl\/\",\"name\":\"Fiare Banca Etica\",\"description\":\"\",\"potentialAction\":[{\"@type\":\"SearchAction\",\"target\":{\"@type\":\"EntryPoint\",\"urlTemplate\":\"https:\/\/www.fiarebancaetica.coop\/gl\/?s={search_term_string}\"},\"query-input\":{\"@type\":\"PropertyValueSpecification\",\"valueRequired\":true,\"valueName\":\"search_term_string\"}}],\"inLanguage\":\"gl-ES\"},{\"@type\":\"Person\",\"@id\":\"https:\/\/www.fiarebancaetica.coop\/gl\/#\/schema\/person\/579841e89c804b5db05d9141bd9b8272\",\"name\":\"crispyadmin0\",\"image\":{\"@type\":\"ImageObject\",\"inLanguage\":\"gl-ES\",\"@id\":\"https:\/\/www.fiarebancaetica.coop\/gl\/#\/schema\/person\/image\/5f3a6b7786f32f4c35bd2b1a5a4698ea\",\"url\":\"https:\/\/secure.gravatar.com\/avatar\/4d2cfb499d497b6d49da659fab7404b243a87fe8e40d2cf97a1cae48f677f5b2?s=96&d=mm&r=g\",\"contentUrl\":\"https:\/\/secure.gravatar.com\/avatar\/4d2cfb499d497b6d49da659fab7404b243a87fe8e40d2cf97a1cae48f677f5b2?s=96&d=mm&r=g\",\"caption\":\"crispyadmin0\"},\"sameAs\":[\"crispyadmin0\"]}]}<\/script>\n<!-- \/ Yoast SEO plugin. -->","yoast_head_json":{"title":"Solidaridad Internacional de Galicia - Fiare Banca Etica","robots":{"index":"index","follow":"follow","max-snippet":"max-snippet:-1","max-image-preview":"max-image-preview:large","max-video-preview":"max-video-preview:-1"},"canonical":"https:\/\/www.fiarebancaetica.coop\/gl\/solidaridad-internacional-de-galicia\/","og_locale":"gl_ES","og_type":"article","og_title":"Solidaridad Internacional de Galicia - Fiare Banca Etica","og_description":"Solidaridad Internacional de Galicia es una ONGD creada en el 1996 para cubrir y cumplir en la Comunidad Aut\u00f3noma de Galicia los mismos objetivos que tiene la Fundaci\u00f3n Espa\u00f1ola para la Cooperaci\u00f3n \u201cSolidaridad Internacional\u201d.","og_url":"https:\/\/www.fiarebancaetica.coop\/gl\/solidaridad-internacional-de-galicia\/","og_site_name":"Fiare Banca Etica","article_published_time":"2023-12-27T23:00:00+00:00","article_modified_time":"2024-05-09T08:24:09+00:00","og_image":[{"width":640,"height":450,"url":"https:\/\/www.fiarebancaetica.coop\/app\/uploads\/sites\/2\/2023\/12\/solidaridad-internacional-de-galicia.jpg","type":"image\/jpeg"}],"author":"crispyadmin0","twitter_card":"summary_large_image","schema":{"@context":"https:\/\/schema.org","@graph":[{"@type":"Article","@id":"https:\/\/www.fiarebancaetica.coop\/gl\/solidaridad-internacional-de-galicia\/#article","isPartOf":{"@id":"https:\/\/www.fiarebancaetica.coop\/gl\/solidaridad-internacional-de-galicia\/"},"author":{"name":"crispyadmin0","@id":"https:\/\/www.fiarebancaetica.coop\/gl\/#\/schema\/person\/579841e89c804b5db05d9141bd9b8272"},"headline":"Solidaridad Internacional de Galicia","datePublished":"2023-12-27T23:00:00+00:00","dateModified":"2024-05-09T08:24:09+00:00","mainEntityOfPage":{"@id":"https:\/\/www.fiarebancaetica.coop\/gl\/solidaridad-internacional-de-galicia\/"},"wordCount":487,"commentCount":0,"image":{"@id":"https:\/\/www.fiarebancaetica.coop\/gl\/solidaridad-internacional-de-galicia\/#primaryimage"},"thumbnailUrl":"https:\/\/www.fiarebancaetica.coop\/app\/uploads\/sites\/2\/2023\/12\/solidaridad-internacional-de-galicia.jpg","articleSection":["Historias de impacto positivo"],"inLanguage":"gl-ES","potentialAction":[{"@type":"CommentAction","name":"Comment","target":["https:\/\/www.fiarebancaetica.coop\/gl\/solidaridad-internacional-de-galicia\/#respond"]}]},{"@type":"WebPage","@id":"https:\/\/www.fiarebancaetica.coop\/gl\/solidaridad-internacional-de-galicia\/","url":"https:\/\/www.fiarebancaetica.coop\/gl\/solidaridad-internacional-de-galicia\/","name":"Solidaridad Internacional de Galicia - Fiare Banca Etica","isPartOf":{"@id":"https:\/\/www.fiarebancaetica.coop\/gl\/#website"},"primaryImageOfPage":{"@id":"https:\/\/www.fiarebancaetica.coop\/gl\/solidaridad-internacional-de-galicia\/#primaryimage"},"image":{"@id":"https:\/\/www.fiarebancaetica.coop\/gl\/solidaridad-internacional-de-galicia\/#primaryimage"},"thumbnailUrl":"https:\/\/www.fiarebancaetica.coop\/app\/uploads\/sites\/2\/2023\/12\/solidaridad-internacional-de-galicia.jpg","datePublished":"2023-12-27T23:00:00+00:00","dateModified":"2024-05-09T08:24:09+00:00","author":{"@id":"https:\/\/www.fiarebancaetica.coop\/gl\/#\/schema\/person\/579841e89c804b5db05d9141bd9b8272"},"breadcrumb":{"@id":"https:\/\/www.fiarebancaetica.coop\/gl\/solidaridad-internacional-de-galicia\/#breadcrumb"},"inLanguage":"gl-ES","potentialAction":[{"@type":"ReadAction","target":["https:\/\/www.fiarebancaetica.coop\/gl\/solidaridad-internacional-de-galicia\/"]}]},{"@type":"ImageObject","inLanguage":"gl-ES","@id":"https:\/\/www.fiarebancaetica.coop\/gl\/solidaridad-internacional-de-galicia\/#primaryimage","url":"https:\/\/www.fiarebancaetica.coop\/app\/uploads\/sites\/2\/2023\/12\/solidaridad-internacional-de-galicia.jpg","contentUrl":"https:\/\/www.fiarebancaetica.coop\/app\/uploads\/sites\/2\/2023\/12\/solidaridad-internacional-de-galicia.jpg","width":640,"height":450},{"@type":"BreadcrumbList","@id":"https:\/\/www.fiarebancaetica.coop\/gl\/solidaridad-internacional-de-galicia\/#breadcrumb","itemListElement":[{"@type":"ListItem","position":1,"name":"Home","item":"https:\/\/www.fiarebancaetica.coop\/gl\/"},{"@type":"ListItem","position":2,"name":"Solidaridad Internacional de Galicia"}]},{"@type":"WebSite","@id":"https:\/\/www.fiarebancaetica.coop\/gl\/#website","url":"https:\/\/www.fiarebancaetica.coop\/gl\/","name":"Fiare Banca Etica","description":"","potentialAction":[{"@type":"SearchAction","target":{"@type":"EntryPoint","urlTemplate":"https:\/\/www.fiarebancaetica.coop\/gl\/?s={search_term_string}"},"query-input":{"@type":"PropertyValueSpecification","valueRequired":true,"valueName":"search_term_string"}}],"inLanguage":"gl-ES"},{"@type":"Person","@id":"https:\/\/www.fiarebancaetica.coop\/gl\/#\/schema\/person\/579841e89c804b5db05d9141bd9b8272","name":"crispyadmin0","image":{"@type":"ImageObject","inLanguage":"gl-ES","@id":"https:\/\/www.fiarebancaetica.coop\/gl\/#\/schema\/person\/image\/5f3a6b7786f32f4c35bd2b1a5a4698ea","url":"https:\/\/secure.gravatar.com\/avatar\/4d2cfb499d497b6d49da659fab7404b243a87fe8e40d2cf97a1cae48f677f5b2?s=96&d=mm&r=g","contentUrl":"https:\/\/secure.gravatar.com\/avatar\/4d2cfb499d497b6d49da659fab7404b243a87fe8e40d2cf97a1cae48f677f5b2?s=96&d=mm&r=g","caption":"crispyadmin0"},"sameAs":["crispyadmin0"]}]}},"_links":{"self":[{"href":"https:\/\/www.fiarebancaetica.coop\/gl\/wp-json\/wp\/v2\/posts\/345942","targetHints":{"allow":["GET"]}}],"collection":[{"href":"https:\/\/www.fiarebancaetica.coop\/gl\/wp-json\/wp\/v2\/posts"}],"about":[{"href":"https:\/\/www.fiarebancaetica.coop\/gl\/wp-json\/wp\/v2\/types\/post"}],"author":[{"embeddable":true,"href":"https:\/\/www.fiarebancaetica.coop\/gl\/wp-json\/wp\/v2\/users\/2"}],"replies":[{"embeddable":true,"href":"https:\/\/www.fiarebancaetica.coop\/gl\/wp-json\/wp\/v2\/comments?post=345942"}],"version-history":[{"count":2,"href":"https:\/\/www.fiarebancaetica.coop\/gl\/wp-json\/wp\/v2\/posts\/345942\/revisions"}],"predecessor-version":[{"id":374334,"href":"https:\/\/www.fiarebancaetica.coop\/gl\/wp-json\/wp\/v2\/posts\/345942\/revisions\/374334"}],"wp:featuredmedia":[{"embeddable":true,"href":"https:\/\/www.fiarebancaetica.coop\/gl\/wp-json\/wp\/v2\/media\/324840"}],"wp:attachment":[{"href":"https:\/\/www.fiarebancaetica.coop\/gl\/wp-json\/wp\/v2\/media?parent=345942"}],"wp:term":[{"taxonomy":"category","embeddable":true,"href":"https:\/\/www.fiarebancaetica.coop\/gl\/wp-json\/wp\/v2\/categories?post=345942"},{"taxonomy":"post_tag","embeddable":true,"href":"https:\/\/www.fiarebancaetica.coop\/gl\/wp-json\/wp\/v2\/tags?post=345942"},{"taxonomy":"author","embeddable":true,"href":"https:\/\/www.fiarebancaetica.coop\/gl\/wp-json\/wp\/v2\/coauthors?post=345942"}],"curies":[{"name":"wp","href":"https:\/\/api.w.org\/{rel}","templated":true}]}}