{"id":345987,"date":"2016-10-10T00:00:00","date_gmt":"2016-10-09T22:00:00","guid":{"rendered":"https:\/\/www.fiarebancaetica.coop\/fira-deconomia-solidaria-de-catalunya-2016\/"},"modified":"2024-02-21T16:00:42","modified_gmt":"2024-02-21T15:00:42","slug":"fira-deconomia-solidaria-de-catalunya-2016","status":"publish","type":"post","link":"https:\/\/www.fiarebancaetica.coop\/gl\/fira-deconomia-solidaria-de-catalunya-2016\/","title":{"rendered":"Fira d\u2019Economia Solid\u00e0ria de Catalunya 2016"},"content":{"rendered":"\n\n<div class=\"wp-block-bancaetica-blocks-blocks-block-49\">\n    <div class=\"container-block-49\">\n\n        <div class=\"header-section \">\n                            <h1 class=\"section-title\"> Etica e cooperativa <\/h1>\n                                            <\/div>\n\n        \n        <div class=\"block-background\" style=\"background-image: url('https:\/\/www.fiarebancaetica.coop\/app\/uploads\/sites\/2\/2023\/12\/fira-deconomia-solidaria-de-catalunya-2016.jpg')\">\n                            <div class=\"tile\">\n                    <h1 class=\"image-title\"> Fira d\u2019Economia Solid\u00e0ria de Catalunya 2016 <\/h1>\n                <\/div>             <!-- end .tile -->\n            <div class=\"bottom-content\">\n                            <\/div> <!-- end .button-content -->\n        <\/div> <!-- end .block-background -->\n    <\/div> <!-- end .container -->\n<\/div> <!-- end wp-block-bancaetica-blocks-blocks-block-06 -->\n\n\n<div class=\"wrapper-crispybacon-class wrapper-crispybacon-class-boxed \">\n    <p><a href=\"#cat\">Catal\u00e1<\/a><\/p>\n<p>La Feria de Econom\u00eda Solidaria de Catalu\u00f1a llega este a\u00f1o a su quinta edici\u00f3n. Cinco a\u00f1os que han servido para compartir con todas las personas que han pasado por la feria un <strong>modelo de econom\u00eda m\u00e1s sostenible, justo y que pone a las personas en el centro de la vida. <\/strong><br \/>\n\t<br \/>\n\tDurante estos a\u00f1os la feria ha servido tambi\u00e9n para articular y dar forma a un sector que a\u00f1o tras a\u00f1o se fortalece, se consolida como alternativa al capitalismo y es capaz de dar respuesta a todas las necesidades de nuestro d\u00eda a d\u00eda.<br \/>\n\t<br \/>\n\tEsta edici\u00f3n la FESC tendr\u00e1 lugar los pr\u00f3ximos <strong>21, 22 y 23 de octubre<\/strong> una vez m\u00e1s en <strong>Fabra i Coats<\/strong> del barrio de Barcelona Santa Andreu. Como novedad para este a\u00f1o se ampliar\u00e1 la superficie destinada al \u00e1rea de exposiciones de empresas, cooperativas y asociaciones y se destinar\u00e1 m\u00e1s espacio a aquellas dedicadas a la venta directa de productos agroecol\u00f3gicos. La ampliaci\u00f3n del recinto tambi\u00e9n permitir\u00e1 potenciar las actividades y zonas de intercooperaci\u00f3n entre expositores para favorecer la creaci\u00f3n de redes sectoriales y territoriales y el desarrollo de proyectos compartidos.<br \/>\n\t<br \/>\n\t<strong>Las finanzas \u00e9ticas tambi\u00e9n tendr\u00e1n un espacio en la fira de este a\u00f1o.<\/strong> Fiare estar\u00e1 informando en un stand de las novedades en los productos bancarios y organiza junto a Fets (Finan\u00e7ament \u00e8tic i solidari) acciones teatrales itinerantes a cargo del Forn de teatre Pa\u2019Tothom.<\/p>\n<h3>\n\tEconom\u00eda social y territorio<\/h3>\n<p>Este a\u00f1o los contenidos de la Feria girar\u00e1n alrededor del tema central, la econom\u00eda solidaria y el territorio, y abordar\u00e1n las cuestiones estrat\u00e9gicas que afectan el impulso de las econom\u00edas alternativas. El programa se articula alrededor de cuatro ejes:<\/p>\n<ul>\n\t<li>\n\t\tTerritorio en cooperaci\u00f3n, que incluir\u00e1 proyectos y estrategias de extensi\u00f3n territorial y mejora de la participaci\u00f3n as\u00ed como la innovaci\u00f3n en la satisfacci\u00f3n de necesidades en todo el pa\u00eds.<\/li>\n\t<li>\n\t\tRecuperar soberan\u00edas, donde se tratar\u00e1 la econom\u00eda solidaria en sectores estrat\u00e9gicos como la energ\u00eda, el agua, las tecnolog\u00edas, la agroecolog\u00eda y un mundo rural vive, la inclusi\u00f3n de cl\u00e1usulas sociales en la contrataci\u00f3n p\u00fablica o las movilizaciones contra el TTIP.<\/li>\n\t<li>\n\t\tCreaci\u00f3n de mercados sociales, donde se podr\u00e1n conocer pr\u00e1cticas de los \u00e1mbitos de producci\u00f3n, consumo, finanzas, monedas sociales y de intercooperaci\u00f3.<\/li>\n\t<li>\n\t\tEducaci\u00f3n y cultura para la transformaci\u00f3n social, donde se conjugar\u00e1 la reflexi\u00f3n con muestras de arte y cultura.<\/li>\n<\/ul>\n<p><strong>\u00a1Ven y participa!<\/strong><\/p>\n<p><strong><a href=\"http:\/\/www.firaesc.org\/\">www.firaesc.org<\/a><\/strong><\/p>\n<h2>\n\t___________________________________________________<\/h2>\n<h2>\n\t<br \/>\n\t<a id=\"cat\" name=\"cat\"><\/a>Fira d\u2019Economia Solid\u00e0ria de Catalunya 2016<\/h2>\n<p>La Fira d\u2019Economia Solid\u00e0ria de Catalunya d\u2019enguany ser\u00e0 molt especial. En aquest 2016 la FESC arriba a la seva cinquena edici\u00f3; cinc anys que han servit per compartir amb totes les persones visitants que han passat per la fira un nou model d\u2019<strong>economia m\u00e9s sostenible, m\u00e9s just i que posa a les persones al centre de la vida.<\/strong><br \/>\n\t<br \/>\n\tDurant aquests anys, la fira ha servit tamb\u00e9 per articular i donar forma a un sector que any rere any s\u2019enforteix, es consolida com a alternativa al capitalisme i \u00e9s capa\u00e7 de donar resposta a totes les necessitats del nostre dia a dia.<br \/>\n\t<br \/>\n\tEnguany la FESC tindr\u00e0 lloc els propers <strong>21, 22 i 23 d\u2019octubre <\/strong>i tornar\u00e0 a repetir una vegada m\u00e9s a la<strong> Fabra i Coats<\/strong> del barri barcelon\u00ed de Sant Andreu. Com a novetat per aquesta edici\u00f3 s\u2019ampliar\u00e0 la superf\u00edcie destinada a l\u2019\u00e0rea d\u2019exposici\u00f3 d\u2019empreses, cooperatives i associacions i es destinar\u00e0 m\u00e9s espai a aquelles dedicades a la venda directa de productes agroecol\u00f2gics. &lt;<\/p>\n<p>L\u2019ampliaci\u00f3 del recinte tamb\u00e9 ha de permetre potenciar les activitats i zones d\u2019intercooperaci\u00f3 entre expositores, per tal d\u2019afavorir la creaci\u00f3 de xarxes sectorials i territorials i el desenvolupament de projectes compartits.<br \/>\n\t<br \/>\n\tDurant el dissabte i diumenge de la fira tamb\u00e9 tindran lloc unes <strong>accions teatrals itinerants realitzades per l&#8217;entitat especialitzada en Teatre de l&#8217;Oprimit, Forn del teatre Pa tot\u2019hom.<\/strong><\/p>\n<h3>\n\tEconomia social i territori<\/h3>\n<p>Enguany els continguts de la Fira giraran al voltant del tema central, l\u2019economia solid\u00e0ria i el territori, i abordaran les q\u00fcestions estrat\u00e8giques que afecten l\u2019impuls de les economies alternatives. El programa s&#8217;articula al voltant de <strong>quatre eixos:<\/strong><\/p>\n<ul>\n\t<li>\n\t\tTerritori en cooperaci\u00f3, que inclour\u00e0 projectes i estrat\u00e8gies d\u2019extensi\u00f3 territorial i millora de la participaci\u00f3 aix\u00ed com la innovaci\u00f3 en la satisfacci\u00f3 de necessitats arreu del pa\u00eds.<\/li>\n\t<li>\n\t\tRecuperar sobiranies, on es tractar\u00e0 l\u2019economia solid\u00e0ria en sectors estrat\u00e8gics com l\u2019energia, l\u2019aigua, les tecnologies, l\u2019agroecologia i un m\u00f3n rural viu, la inclusi\u00f3 de cl\u00e0usules socials en la contractaci\u00f3 p\u00fablica o les mobilitzacions contra el TTIP.<\/li>\n\t<li>\n\t\tCreaci\u00f3 de mercats socials, on es podran con\u00e8ixer pr\u00e0ctiques dels \u00e0mbits de producci\u00f3, consum, finances, monedes socials i d\u2019intercooperaci\u00f3.<\/li>\n\t<li>\n\t\tEducaci\u00f3 i cultura per a la transformaci\u00f3 social, on es conjugar\u00e0 la reflexi\u00f3 amb mostres d\u2019art i cultura.<\/li>\n<\/ul>\n<p><strong><a href=\"http:\/\/www.firaesc.org\">www.firaesc.org<\/a><\/strong><\/p>\n<\/div>","protected":false},"excerpt":{"rendered":"<p>La Feria de Econom\u00eda Solidaria de Catalu\u00f1a llega este a\u00f1o a su quinta edici\u00f3n. Cinco a\u00f1os que han servido para compartir con todas las personas que han pasado por la feria un modelo de econom\u00eda m\u00e1s sostenible, justo y que pone a las personas en el centro de la vida. Durante estos a\u00f1os la feria ha servido tambi\u00e9n para articular y dar forma a un sector que a\u00f1o tras a\u00f1o se fortalece, se consolida como alternativa al capitalismo y es capaz de dar respuesta a todas las necesidades de nuestro d\u00eda a d\u00eda.<\/p>\n","protected":false},"author":2,"featured_media":324770,"comment_status":"open","ping_status":"closed","sticky":false,"template":"","format":"standard","meta":{"_acf_changed":false,"footnotes":""},"categories":[11645],"tags":[],"coauthors":[],"class_list":["post-345987","post","type-post","status-publish","format-standard","has-post-thumbnail","hentry","category-finanzas-eticas"],"acf":[],"yoast_head":"<!-- This site is optimized with the Yoast SEO plugin v26.9 - https:\/\/yoast.com\/product\/yoast-seo-wordpress\/ -->\n<title>Fira d\u2019Economia Solid\u00e0ria de Catalunya 2016 - Fiare Banca Etica<\/title>\n<meta name=\"robots\" content=\"index, follow, max-snippet:-1, max-image-preview:large, max-video-preview:-1\" \/>\n<link rel=\"canonical\" href=\"https:\/\/www.fiarebancaetica.coop\/gl\/fira-deconomia-solidaria-de-catalunya-2016\/\" \/>\n<meta property=\"og:locale\" content=\"gl_ES\" \/>\n<meta property=\"og:type\" content=\"article\" \/>\n<meta property=\"og:title\" content=\"Fira d\u2019Economia Solid\u00e0ria de Catalunya 2016 - Fiare Banca Etica\" \/>\n<meta property=\"og:description\" content=\"La Feria de Econom\u00eda Solidaria de Catalu\u00f1a llega este a\u00f1o a su quinta edici\u00f3n. Cinco a\u00f1os que han servido para compartir con todas las personas que han pasado por la feria un modelo de econom\u00eda m\u00e1s sostenible, justo y que pone a las personas en el centro de la vida. Durante estos a\u00f1os la feria ha servido tambi\u00e9n para articular y dar forma a un sector que a\u00f1o tras a\u00f1o se fortalece, se consolida como alternativa al capitalismo y es capaz de dar respuesta a todas las necesidades de nuestro d\u00eda a d\u00eda.\" \/>\n<meta property=\"og:url\" content=\"https:\/\/www.fiarebancaetica.coop\/gl\/fira-deconomia-solidaria-de-catalunya-2016\/\" \/>\n<meta property=\"og:site_name\" content=\"Fiare Banca Etica\" \/>\n<meta property=\"article:published_time\" content=\"2016-10-09T22:00:00+00:00\" \/>\n<meta property=\"article:modified_time\" content=\"2024-02-21T15:00:42+00:00\" \/>\n<meta property=\"og:image\" content=\"https:\/\/www.fiarebancaetica.coop\/app\/uploads\/sites\/2\/2023\/12\/fira-deconomia-solidaria-de-catalunya-2016.jpg\" \/>\n\t<meta property=\"og:image:width\" content=\"2048\" \/>\n\t<meta property=\"og:image:height\" content=\"798\" \/>\n\t<meta property=\"og:image:type\" content=\"image\/jpeg\" \/>\n<meta name=\"author\" content=\"crispyadmin0\" \/>\n<meta name=\"twitter:card\" content=\"summary_large_image\" \/>\n<script type=\"application\/ld+json\" class=\"yoast-schema-graph\">{\"@context\":\"https:\/\/schema.org\",\"@graph\":[{\"@type\":\"Article\",\"@id\":\"https:\/\/www.fiarebancaetica.coop\/gl\/fira-deconomia-solidaria-de-catalunya-2016\/#article\",\"isPartOf\":{\"@id\":\"https:\/\/www.fiarebancaetica.coop\/gl\/fira-deconomia-solidaria-de-catalunya-2016\/\"},\"author\":{\"name\":\"crispyadmin0\",\"@id\":\"https:\/\/www.fiarebancaetica.coop\/gl\/#\/schema\/person\/579841e89c804b5db05d9141bd9b8272\"},\"headline\":\"Fira d\u2019Economia Solid\u00e0ria de Catalunya 2016\",\"datePublished\":\"2016-10-09T22:00:00+00:00\",\"dateModified\":\"2024-02-21T15:00:42+00:00\",\"mainEntityOfPage\":{\"@id\":\"https:\/\/www.fiarebancaetica.coop\/gl\/fira-deconomia-solidaria-de-catalunya-2016\/\"},\"wordCount\":863,\"commentCount\":0,\"image\":{\"@id\":\"https:\/\/www.fiarebancaetica.coop\/gl\/fira-deconomia-solidaria-de-catalunya-2016\/#primaryimage\"},\"thumbnailUrl\":\"https:\/\/www.fiarebancaetica.coop\/app\/uploads\/sites\/2\/2023\/12\/fira-deconomia-solidaria-de-catalunya-2016.jpg\",\"articleSection\":[\"Finanzas \u00c9ticas\"],\"inLanguage\":\"gl-ES\",\"potentialAction\":[{\"@type\":\"CommentAction\",\"name\":\"Comment\",\"target\":[\"https:\/\/www.fiarebancaetica.coop\/gl\/fira-deconomia-solidaria-de-catalunya-2016\/#respond\"]}]},{\"@type\":\"WebPage\",\"@id\":\"https:\/\/www.fiarebancaetica.coop\/gl\/fira-deconomia-solidaria-de-catalunya-2016\/\",\"url\":\"https:\/\/www.fiarebancaetica.coop\/gl\/fira-deconomia-solidaria-de-catalunya-2016\/\",\"name\":\"Fira d\u2019Economia Solid\u00e0ria de Catalunya 2016 - Fiare Banca Etica\",\"isPartOf\":{\"@id\":\"https:\/\/www.fiarebancaetica.coop\/gl\/#website\"},\"primaryImageOfPage\":{\"@id\":\"https:\/\/www.fiarebancaetica.coop\/gl\/fira-deconomia-solidaria-de-catalunya-2016\/#primaryimage\"},\"image\":{\"@id\":\"https:\/\/www.fiarebancaetica.coop\/gl\/fira-deconomia-solidaria-de-catalunya-2016\/#primaryimage\"},\"thumbnailUrl\":\"https:\/\/www.fiarebancaetica.coop\/app\/uploads\/sites\/2\/2023\/12\/fira-deconomia-solidaria-de-catalunya-2016.jpg\",\"datePublished\":\"2016-10-09T22:00:00+00:00\",\"dateModified\":\"2024-02-21T15:00:42+00:00\",\"author\":{\"@id\":\"https:\/\/www.fiarebancaetica.coop\/gl\/#\/schema\/person\/579841e89c804b5db05d9141bd9b8272\"},\"breadcrumb\":{\"@id\":\"https:\/\/www.fiarebancaetica.coop\/gl\/fira-deconomia-solidaria-de-catalunya-2016\/#breadcrumb\"},\"inLanguage\":\"gl-ES\",\"potentialAction\":[{\"@type\":\"ReadAction\",\"target\":[\"https:\/\/www.fiarebancaetica.coop\/gl\/fira-deconomia-solidaria-de-catalunya-2016\/\"]}]},{\"@type\":\"ImageObject\",\"inLanguage\":\"gl-ES\",\"@id\":\"https:\/\/www.fiarebancaetica.coop\/gl\/fira-deconomia-solidaria-de-catalunya-2016\/#primaryimage\",\"url\":\"https:\/\/www.fiarebancaetica.coop\/app\/uploads\/sites\/2\/2023\/12\/fira-deconomia-solidaria-de-catalunya-2016.jpg\",\"contentUrl\":\"https:\/\/www.fiarebancaetica.coop\/app\/uploads\/sites\/2\/2023\/12\/fira-deconomia-solidaria-de-catalunya-2016.jpg\",\"width\":2048,\"height\":798},{\"@type\":\"BreadcrumbList\",\"@id\":\"https:\/\/www.fiarebancaetica.coop\/gl\/fira-deconomia-solidaria-de-catalunya-2016\/#breadcrumb\",\"itemListElement\":[{\"@type\":\"ListItem\",\"position\":1,\"name\":\"Home\",\"item\":\"https:\/\/www.fiarebancaetica.coop\/gl\/\"},{\"@type\":\"ListItem\",\"position\":2,\"name\":\"Fira d\u2019Economia Solid\u00e0ria de Catalunya 2016\"}]},{\"@type\":\"WebSite\",\"@id\":\"https:\/\/www.fiarebancaetica.coop\/gl\/#website\",\"url\":\"https:\/\/www.fiarebancaetica.coop\/gl\/\",\"name\":\"Fiare Banca Etica\",\"description\":\"\",\"potentialAction\":[{\"@type\":\"SearchAction\",\"target\":{\"@type\":\"EntryPoint\",\"urlTemplate\":\"https:\/\/www.fiarebancaetica.coop\/gl\/?s={search_term_string}\"},\"query-input\":{\"@type\":\"PropertyValueSpecification\",\"valueRequired\":true,\"valueName\":\"search_term_string\"}}],\"inLanguage\":\"gl-ES\"},{\"@type\":\"Person\",\"@id\":\"https:\/\/www.fiarebancaetica.coop\/gl\/#\/schema\/person\/579841e89c804b5db05d9141bd9b8272\",\"name\":\"crispyadmin0\",\"image\":{\"@type\":\"ImageObject\",\"inLanguage\":\"gl-ES\",\"@id\":\"https:\/\/www.fiarebancaetica.coop\/gl\/#\/schema\/person\/image\/5f3a6b7786f32f4c35bd2b1a5a4698ea\",\"url\":\"https:\/\/secure.gravatar.com\/avatar\/4d2cfb499d497b6d49da659fab7404b243a87fe8e40d2cf97a1cae48f677f5b2?s=96&d=mm&r=g\",\"contentUrl\":\"https:\/\/secure.gravatar.com\/avatar\/4d2cfb499d497b6d49da659fab7404b243a87fe8e40d2cf97a1cae48f677f5b2?s=96&d=mm&r=g\",\"caption\":\"crispyadmin0\"},\"sameAs\":[\"crispyadmin0\"]}]}<\/script>\n<!-- \/ Yoast SEO plugin. -->","yoast_head_json":{"title":"Fira d\u2019Economia Solid\u00e0ria de Catalunya 2016 - Fiare Banca Etica","robots":{"index":"index","follow":"follow","max-snippet":"max-snippet:-1","max-image-preview":"max-image-preview:large","max-video-preview":"max-video-preview:-1"},"canonical":"https:\/\/www.fiarebancaetica.coop\/gl\/fira-deconomia-solidaria-de-catalunya-2016\/","og_locale":"gl_ES","og_type":"article","og_title":"Fira d\u2019Economia Solid\u00e0ria de Catalunya 2016 - Fiare Banca Etica","og_description":"La Feria de Econom\u00eda Solidaria de Catalu\u00f1a llega este a\u00f1o a su quinta edici\u00f3n. Cinco a\u00f1os que han servido para compartir con todas las personas que han pasado por la feria un modelo de econom\u00eda m\u00e1s sostenible, justo y que pone a las personas en el centro de la vida. Durante estos a\u00f1os la feria ha servido tambi\u00e9n para articular y dar forma a un sector que a\u00f1o tras a\u00f1o se fortalece, se consolida como alternativa al capitalismo y es capaz de dar respuesta a todas las necesidades de nuestro d\u00eda a d\u00eda.","og_url":"https:\/\/www.fiarebancaetica.coop\/gl\/fira-deconomia-solidaria-de-catalunya-2016\/","og_site_name":"Fiare Banca Etica","article_published_time":"2016-10-09T22:00:00+00:00","article_modified_time":"2024-02-21T15:00:42+00:00","og_image":[{"width":2048,"height":798,"url":"https:\/\/www.fiarebancaetica.coop\/app\/uploads\/sites\/2\/2023\/12\/fira-deconomia-solidaria-de-catalunya-2016.jpg","type":"image\/jpeg"}],"author":"crispyadmin0","twitter_card":"summary_large_image","schema":{"@context":"https:\/\/schema.org","@graph":[{"@type":"Article","@id":"https:\/\/www.fiarebancaetica.coop\/gl\/fira-deconomia-solidaria-de-catalunya-2016\/#article","isPartOf":{"@id":"https:\/\/www.fiarebancaetica.coop\/gl\/fira-deconomia-solidaria-de-catalunya-2016\/"},"author":{"name":"crispyadmin0","@id":"https:\/\/www.fiarebancaetica.coop\/gl\/#\/schema\/person\/579841e89c804b5db05d9141bd9b8272"},"headline":"Fira d\u2019Economia Solid\u00e0ria de Catalunya 2016","datePublished":"2016-10-09T22:00:00+00:00","dateModified":"2024-02-21T15:00:42+00:00","mainEntityOfPage":{"@id":"https:\/\/www.fiarebancaetica.coop\/gl\/fira-deconomia-solidaria-de-catalunya-2016\/"},"wordCount":863,"commentCount":0,"image":{"@id":"https:\/\/www.fiarebancaetica.coop\/gl\/fira-deconomia-solidaria-de-catalunya-2016\/#primaryimage"},"thumbnailUrl":"https:\/\/www.fiarebancaetica.coop\/app\/uploads\/sites\/2\/2023\/12\/fira-deconomia-solidaria-de-catalunya-2016.jpg","articleSection":["Finanzas \u00c9ticas"],"inLanguage":"gl-ES","potentialAction":[{"@type":"CommentAction","name":"Comment","target":["https:\/\/www.fiarebancaetica.coop\/gl\/fira-deconomia-solidaria-de-catalunya-2016\/#respond"]}]},{"@type":"WebPage","@id":"https:\/\/www.fiarebancaetica.coop\/gl\/fira-deconomia-solidaria-de-catalunya-2016\/","url":"https:\/\/www.fiarebancaetica.coop\/gl\/fira-deconomia-solidaria-de-catalunya-2016\/","name":"Fira d\u2019Economia Solid\u00e0ria de Catalunya 2016 - Fiare Banca Etica","isPartOf":{"@id":"https:\/\/www.fiarebancaetica.coop\/gl\/#website"},"primaryImageOfPage":{"@id":"https:\/\/www.fiarebancaetica.coop\/gl\/fira-deconomia-solidaria-de-catalunya-2016\/#primaryimage"},"image":{"@id":"https:\/\/www.fiarebancaetica.coop\/gl\/fira-deconomia-solidaria-de-catalunya-2016\/#primaryimage"},"thumbnailUrl":"https:\/\/www.fiarebancaetica.coop\/app\/uploads\/sites\/2\/2023\/12\/fira-deconomia-solidaria-de-catalunya-2016.jpg","datePublished":"2016-10-09T22:00:00+00:00","dateModified":"2024-02-21T15:00:42+00:00","author":{"@id":"https:\/\/www.fiarebancaetica.coop\/gl\/#\/schema\/person\/579841e89c804b5db05d9141bd9b8272"},"breadcrumb":{"@id":"https:\/\/www.fiarebancaetica.coop\/gl\/fira-deconomia-solidaria-de-catalunya-2016\/#breadcrumb"},"inLanguage":"gl-ES","potentialAction":[{"@type":"ReadAction","target":["https:\/\/www.fiarebancaetica.coop\/gl\/fira-deconomia-solidaria-de-catalunya-2016\/"]}]},{"@type":"ImageObject","inLanguage":"gl-ES","@id":"https:\/\/www.fiarebancaetica.coop\/gl\/fira-deconomia-solidaria-de-catalunya-2016\/#primaryimage","url":"https:\/\/www.fiarebancaetica.coop\/app\/uploads\/sites\/2\/2023\/12\/fira-deconomia-solidaria-de-catalunya-2016.jpg","contentUrl":"https:\/\/www.fiarebancaetica.coop\/app\/uploads\/sites\/2\/2023\/12\/fira-deconomia-solidaria-de-catalunya-2016.jpg","width":2048,"height":798},{"@type":"BreadcrumbList","@id":"https:\/\/www.fiarebancaetica.coop\/gl\/fira-deconomia-solidaria-de-catalunya-2016\/#breadcrumb","itemListElement":[{"@type":"ListItem","position":1,"name":"Home","item":"https:\/\/www.fiarebancaetica.coop\/gl\/"},{"@type":"ListItem","position":2,"name":"Fira d\u2019Economia Solid\u00e0ria de Catalunya 2016"}]},{"@type":"WebSite","@id":"https:\/\/www.fiarebancaetica.coop\/gl\/#website","url":"https:\/\/www.fiarebancaetica.coop\/gl\/","name":"Fiare Banca Etica","description":"","potentialAction":[{"@type":"SearchAction","target":{"@type":"EntryPoint","urlTemplate":"https:\/\/www.fiarebancaetica.coop\/gl\/?s={search_term_string}"},"query-input":{"@type":"PropertyValueSpecification","valueRequired":true,"valueName":"search_term_string"}}],"inLanguage":"gl-ES"},{"@type":"Person","@id":"https:\/\/www.fiarebancaetica.coop\/gl\/#\/schema\/person\/579841e89c804b5db05d9141bd9b8272","name":"crispyadmin0","image":{"@type":"ImageObject","inLanguage":"gl-ES","@id":"https:\/\/www.fiarebancaetica.coop\/gl\/#\/schema\/person\/image\/5f3a6b7786f32f4c35bd2b1a5a4698ea","url":"https:\/\/secure.gravatar.com\/avatar\/4d2cfb499d497b6d49da659fab7404b243a87fe8e40d2cf97a1cae48f677f5b2?s=96&d=mm&r=g","contentUrl":"https:\/\/secure.gravatar.com\/avatar\/4d2cfb499d497b6d49da659fab7404b243a87fe8e40d2cf97a1cae48f677f5b2?s=96&d=mm&r=g","caption":"crispyadmin0"},"sameAs":["crispyadmin0"]}]}},"_links":{"self":[{"href":"https:\/\/www.fiarebancaetica.coop\/gl\/wp-json\/wp\/v2\/posts\/345987","targetHints":{"allow":["GET"]}}],"collection":[{"href":"https:\/\/www.fiarebancaetica.coop\/gl\/wp-json\/wp\/v2\/posts"}],"about":[{"href":"https:\/\/www.fiarebancaetica.coop\/gl\/wp-json\/wp\/v2\/types\/post"}],"author":[{"embeddable":true,"href":"https:\/\/www.fiarebancaetica.coop\/gl\/wp-json\/wp\/v2\/users\/2"}],"replies":[{"embeddable":true,"href":"https:\/\/www.fiarebancaetica.coop\/gl\/wp-json\/wp\/v2\/comments?post=345987"}],"version-history":[{"count":2,"href":"https:\/\/www.fiarebancaetica.coop\/gl\/wp-json\/wp\/v2\/posts\/345987\/revisions"}],"predecessor-version":[{"id":353426,"href":"https:\/\/www.fiarebancaetica.coop\/gl\/wp-json\/wp\/v2\/posts\/345987\/revisions\/353426"}],"wp:featuredmedia":[{"embeddable":true,"href":"https:\/\/www.fiarebancaetica.coop\/gl\/wp-json\/wp\/v2\/media\/324770"}],"wp:attachment":[{"href":"https:\/\/www.fiarebancaetica.coop\/gl\/wp-json\/wp\/v2\/media?parent=345987"}],"wp:term":[{"taxonomy":"category","embeddable":true,"href":"https:\/\/www.fiarebancaetica.coop\/gl\/wp-json\/wp\/v2\/categories?post=345987"},{"taxonomy":"post_tag","embeddable":true,"href":"https:\/\/www.fiarebancaetica.coop\/gl\/wp-json\/wp\/v2\/tags?post=345987"},{"taxonomy":"author","embeddable":true,"href":"https:\/\/www.fiarebancaetica.coop\/gl\/wp-json\/wp\/v2\/coauthors?post=345987"}],"curies":[{"name":"wp","href":"https:\/\/api.w.org\/{rel}","templated":true}]}}