{"id":346057,"date":"2016-06-06T00:00:00","date_gmt":"2016-06-05T22:00:00","guid":{"rendered":"https:\/\/www.fiarebancaetica.coop\/compacto-creatividad-por-un-mundo-mejor\/"},"modified":"2024-02-21T16:06:31","modified_gmt":"2024-02-21T15:06:31","slug":"compacto-creatividad-por-un-mundo-mejor","status":"publish","type":"post","link":"https:\/\/www.fiarebancaetica.coop\/gl\/compacto-creatividad-por-un-mundo-mejor\/","title":{"rendered":"Compacto, creatividad por un mundo mejor"},"content":{"rendered":"\n\n<div class=\"wp-block-bancaetica-blocks-blocks-block-49\">\n    <div class=\"container-block-49\">\n\n        <div class=\"header-section \">\n                            <h1 class=\"section-title\"> Etica e cooperativa <\/h1>\n                                            <\/div>\n\n        \n        <div class=\"block-background\" style=\"background-image: url('https:\/\/www.fiarebancaetica.coop\/app\/uploads\/sites\/2\/2023\/12\/compacto-creatividad-por-un-mundo-mejor.jpg')\">\n                            <div class=\"tile\">\n                    <h1 class=\"image-title\"> Compacto, creatividad por un mundo mejor <\/h1>\n                <\/div>             <!-- end .tile -->\n            <div class=\"bottom-content\">\n                            <\/div> <!-- end .button-content -->\n        <\/div> <!-- end .block-background -->\n    <\/div> <!-- end .container -->\n<\/div> <!-- end wp-block-bancaetica-blocks-blocks-block-06 -->\n\n\n<div class=\"wrapper-crispybacon-class wrapper-crispybacon-class-boxed \">\n    <p>COMPACTO es una joven cooperativa de Barcelona pionera en la <strong>producci\u00f3n y distribuci\u00f3n cultural <\/strong>participativa y bajo demanda. Su objetivo es ayudar a transformar la relaci\u00f3n entre las industrias culturales y las audiencias del siglo XXI, acercando los contenidos cada vez m\u00e1s a la ciudadan\u00eda y haci\u00e9ndola part\u00edcipe de los productos culturales que consume.<\/p>\n<p>Trabajan en diferentes \u00e1mbitos de la comunicaci\u00f3n como la<strong> narraci\u00f3n transmedia, el marketing de cine, o la publicidad,<\/strong> poniendo su creatividad al servicio de un mundo m\u00e1s libre, solidario y participativo.<\/p>\n<p>En su apuesta por la innovaci\u00f3n en la industria cultural, COMPACTO ha financiado a trav\u00e9s de crowdfunding m\u00e1s de 40 proyectos consiguiendo m\u00e1s de 1 mill\u00f3n de euros gracias a la contribuci\u00f3n de m\u00e1s de 20.000 mecenas, entre los que se encuentran los largometrajes de producci\u00f3n propia: \u201cEl camino m\u00e1s largo para volver a casa\u201d galardonada como Mejor Pel\u00edcula en los Premios Gaud\u00ed 2016). <strong>Adem\u00e1s han acudido a las finanzas \u00e9ticas y a Fiare para financiar algunos de sus proyectos.<\/strong><\/p>\n<p>Adem\u00e1s, COMPACTO ha apostado por la distribuci\u00f3n de estos proyectos de forma participativa a trav\u00e9s de internet y bajo demanda. Es el caso del documental \u201cLoba\u201d, el primer largometraje distribuido \u00fanicamente bajo demanda con proyecciones en m\u00e1s de 30 ciudades de todo el estado. Entre otros proyectos, actualmente COMPACTO est\u00e1 en fase de desarrollo de la serie \u201cEl muerto vivo\u201d, cuyo piloto gan\u00f3 el Premio Ondas 2015 al mejor programa o serie emitida por internet.<\/p>\n<p>Hablamos con <strong>Aritz Cirbi\u00e1n, productor ejecutivo<\/strong> sobre las sinergias entre el mundo de las finanzas y la cultura\u2026<\/p>\n<h3>\n\t\u00bfPor qu\u00e9 hab\u00e9is elegido las finanzas \u00e9ticas para financiar vuestros proyectos?<\/h3>\n<p>Porque forma parte del objetivo de nuestro proyecto. Queremos utilizar la cultura para fortalecer la econom\u00eda social y que los modelos de la econom\u00eda social fortalezcan la producci\u00f3n cultural. Por lo tanto tenemos que colaborar en la medida de lo posible con otras entidades de econom\u00eda social y solidaria, en los dos sentidos. Para que estas entidades tengan mayor impacto en la cultura y que haya una relaci\u00f3n simbi\u00f3tica. Con la relaci\u00f3n con Fiare hacemos que las finanzas \u00e9ticas se introduzcan en nuevos territorios y financien proyectos innovadores como Compacto, mejorando la posici\u00f3n de ambos proyectos y trabajando de la mano para cambiar el mundo.<\/p>\n<h3>\n\t\u00bfCrees que el mundo del arte puede comprometerse para impulsar la econom\u00eda solidaria?<\/h3>\n<p>No s\u00f3lo puede, sino que creemos que debemos y tenemos la capacidad de multiplicar esfuerzos. Dejar huella y cambiar la manera de c\u00f3mo ven el mundo las personas. Creemos que la econom\u00eda social no aprovecha todos los recursos que existen en el campo de la cultura para cambiar el mundo\u2026<\/p>\n<p><a href=\"http:\/\/www.compacto.coop\"><strong>www.compacto.coop<\/strong><\/a><\/p>\n<\/div>","protected":false},"excerpt":{"rendered":"<p>COMPACTO es una joven cooperativa de Barcelona pionera en la producci\u00f3n y distribuci\u00f3n cultural participativa y bajo demanda. Su objetivo es ayudar a transformar la relaci\u00f3n entre las industrias culturales y las audiencias del siglo XXI, acercando los contenidos cada vez m\u00e1s a la ciudadan\u00eda y haci\u00e9ndola part\u00edcipe de los productos culturales que consume.<\/p>\n","protected":false},"author":2,"featured_media":324674,"comment_status":"open","ping_status":"closed","sticky":false,"template":"","format":"standard","meta":{"_acf_changed":false,"footnotes":""},"categories":[11664],"tags":[],"coauthors":[],"class_list":["post-346057","post","type-post","status-publish","format-standard","has-post-thumbnail","hentry","category-historias-de-impacto-positivo"],"acf":[],"yoast_head":"<!-- This site is optimized with the Yoast SEO plugin v26.9 - https:\/\/yoast.com\/product\/yoast-seo-wordpress\/ -->\n<title>Compacto, creatividad por un mundo mejor - Fiare Banca Etica<\/title>\n<meta name=\"robots\" content=\"index, follow, max-snippet:-1, max-image-preview:large, max-video-preview:-1\" \/>\n<link rel=\"canonical\" href=\"https:\/\/www.fiarebancaetica.coop\/gl\/compacto-creatividad-por-un-mundo-mejor\/\" \/>\n<meta property=\"og:locale\" content=\"gl_ES\" \/>\n<meta property=\"og:type\" content=\"article\" \/>\n<meta property=\"og:title\" content=\"Compacto, creatividad por un mundo mejor - Fiare Banca Etica\" \/>\n<meta property=\"og:description\" content=\"COMPACTO es una joven cooperativa de Barcelona pionera en la producci\u00f3n y distribuci\u00f3n cultural participativa y bajo demanda. Su objetivo es ayudar a transformar la relaci\u00f3n entre las industrias culturales y las audiencias del siglo XXI, acercando los contenidos cada vez m\u00e1s a la ciudadan\u00eda y haci\u00e9ndola part\u00edcipe de los productos culturales que consume.\" \/>\n<meta property=\"og:url\" content=\"https:\/\/www.fiarebancaetica.coop\/gl\/compacto-creatividad-por-un-mundo-mejor\/\" \/>\n<meta property=\"og:site_name\" content=\"Fiare Banca Etica\" \/>\n<meta property=\"article:published_time\" content=\"2016-06-05T22:00:00+00:00\" \/>\n<meta property=\"article:modified_time\" content=\"2024-02-21T15:06:31+00:00\" \/>\n<meta property=\"og:image\" content=\"https:\/\/www.fiarebancaetica.coop\/app\/uploads\/sites\/2\/2023\/12\/compacto-creatividad-por-un-mundo-mejor.jpg\" \/>\n\t<meta property=\"og:image:width\" content=\"600\" \/>\n\t<meta property=\"og:image:height\" content=\"315\" \/>\n\t<meta property=\"og:image:type\" content=\"image\/jpeg\" \/>\n<meta name=\"author\" content=\"crispyadmin0\" \/>\n<meta name=\"twitter:card\" content=\"summary_large_image\" \/>\n<script type=\"application\/ld+json\" class=\"yoast-schema-graph\">{\"@context\":\"https:\/\/schema.org\",\"@graph\":[{\"@type\":\"Article\",\"@id\":\"https:\/\/www.fiarebancaetica.coop\/gl\/compacto-creatividad-por-un-mundo-mejor\/#article\",\"isPartOf\":{\"@id\":\"https:\/\/www.fiarebancaetica.coop\/gl\/compacto-creatividad-por-un-mundo-mejor\/\"},\"author\":{\"name\":\"crispyadmin0\",\"@id\":\"https:\/\/www.fiarebancaetica.coop\/gl\/#\/schema\/person\/579841e89c804b5db05d9141bd9b8272\"},\"headline\":\"Compacto, creatividad por un mundo mejor\",\"datePublished\":\"2016-06-05T22:00:00+00:00\",\"dateModified\":\"2024-02-21T15:06:31+00:00\",\"mainEntityOfPage\":{\"@id\":\"https:\/\/www.fiarebancaetica.coop\/gl\/compacto-creatividad-por-un-mundo-mejor\/\"},\"wordCount\":479,\"commentCount\":0,\"image\":{\"@id\":\"https:\/\/www.fiarebancaetica.coop\/gl\/compacto-creatividad-por-un-mundo-mejor\/#primaryimage\"},\"thumbnailUrl\":\"https:\/\/www.fiarebancaetica.coop\/app\/uploads\/sites\/2\/2023\/12\/compacto-creatividad-por-un-mundo-mejor.jpg\",\"articleSection\":[\"Historias de impacto positivo\"],\"inLanguage\":\"gl-ES\",\"potentialAction\":[{\"@type\":\"CommentAction\",\"name\":\"Comment\",\"target\":[\"https:\/\/www.fiarebancaetica.coop\/gl\/compacto-creatividad-por-un-mundo-mejor\/#respond\"]}]},{\"@type\":\"WebPage\",\"@id\":\"https:\/\/www.fiarebancaetica.coop\/gl\/compacto-creatividad-por-un-mundo-mejor\/\",\"url\":\"https:\/\/www.fiarebancaetica.coop\/gl\/compacto-creatividad-por-un-mundo-mejor\/\",\"name\":\"Compacto, creatividad por un mundo mejor - Fiare Banca Etica\",\"isPartOf\":{\"@id\":\"https:\/\/www.fiarebancaetica.coop\/gl\/#website\"},\"primaryImageOfPage\":{\"@id\":\"https:\/\/www.fiarebancaetica.coop\/gl\/compacto-creatividad-por-un-mundo-mejor\/#primaryimage\"},\"image\":{\"@id\":\"https:\/\/www.fiarebancaetica.coop\/gl\/compacto-creatividad-por-un-mundo-mejor\/#primaryimage\"},\"thumbnailUrl\":\"https:\/\/www.fiarebancaetica.coop\/app\/uploads\/sites\/2\/2023\/12\/compacto-creatividad-por-un-mundo-mejor.jpg\",\"datePublished\":\"2016-06-05T22:00:00+00:00\",\"dateModified\":\"2024-02-21T15:06:31+00:00\",\"author\":{\"@id\":\"https:\/\/www.fiarebancaetica.coop\/gl\/#\/schema\/person\/579841e89c804b5db05d9141bd9b8272\"},\"breadcrumb\":{\"@id\":\"https:\/\/www.fiarebancaetica.coop\/gl\/compacto-creatividad-por-un-mundo-mejor\/#breadcrumb\"},\"inLanguage\":\"gl-ES\",\"potentialAction\":[{\"@type\":\"ReadAction\",\"target\":[\"https:\/\/www.fiarebancaetica.coop\/gl\/compacto-creatividad-por-un-mundo-mejor\/\"]}]},{\"@type\":\"ImageObject\",\"inLanguage\":\"gl-ES\",\"@id\":\"https:\/\/www.fiarebancaetica.coop\/gl\/compacto-creatividad-por-un-mundo-mejor\/#primaryimage\",\"url\":\"https:\/\/www.fiarebancaetica.coop\/app\/uploads\/sites\/2\/2023\/12\/compacto-creatividad-por-un-mundo-mejor.jpg\",\"contentUrl\":\"https:\/\/www.fiarebancaetica.coop\/app\/uploads\/sites\/2\/2023\/12\/compacto-creatividad-por-un-mundo-mejor.jpg\",\"width\":600,\"height\":315},{\"@type\":\"BreadcrumbList\",\"@id\":\"https:\/\/www.fiarebancaetica.coop\/gl\/compacto-creatividad-por-un-mundo-mejor\/#breadcrumb\",\"itemListElement\":[{\"@type\":\"ListItem\",\"position\":1,\"name\":\"Home\",\"item\":\"https:\/\/www.fiarebancaetica.coop\/gl\/\"},{\"@type\":\"ListItem\",\"position\":2,\"name\":\"Compacto, creatividad por un mundo mejor\"}]},{\"@type\":\"WebSite\",\"@id\":\"https:\/\/www.fiarebancaetica.coop\/gl\/#website\",\"url\":\"https:\/\/www.fiarebancaetica.coop\/gl\/\",\"name\":\"Fiare Banca Etica\",\"description\":\"\",\"potentialAction\":[{\"@type\":\"SearchAction\",\"target\":{\"@type\":\"EntryPoint\",\"urlTemplate\":\"https:\/\/www.fiarebancaetica.coop\/gl\/?s={search_term_string}\"},\"query-input\":{\"@type\":\"PropertyValueSpecification\",\"valueRequired\":true,\"valueName\":\"search_term_string\"}}],\"inLanguage\":\"gl-ES\"},{\"@type\":\"Person\",\"@id\":\"https:\/\/www.fiarebancaetica.coop\/gl\/#\/schema\/person\/579841e89c804b5db05d9141bd9b8272\",\"name\":\"crispyadmin0\",\"image\":{\"@type\":\"ImageObject\",\"inLanguage\":\"gl-ES\",\"@id\":\"https:\/\/www.fiarebancaetica.coop\/gl\/#\/schema\/person\/image\/5f3a6b7786f32f4c35bd2b1a5a4698ea\",\"url\":\"https:\/\/secure.gravatar.com\/avatar\/4d2cfb499d497b6d49da659fab7404b243a87fe8e40d2cf97a1cae48f677f5b2?s=96&d=mm&r=g\",\"contentUrl\":\"https:\/\/secure.gravatar.com\/avatar\/4d2cfb499d497b6d49da659fab7404b243a87fe8e40d2cf97a1cae48f677f5b2?s=96&d=mm&r=g\",\"caption\":\"crispyadmin0\"},\"sameAs\":[\"crispyadmin0\"]}]}<\/script>\n<!-- \/ Yoast SEO plugin. -->","yoast_head_json":{"title":"Compacto, creatividad por un mundo mejor - Fiare Banca Etica","robots":{"index":"index","follow":"follow","max-snippet":"max-snippet:-1","max-image-preview":"max-image-preview:large","max-video-preview":"max-video-preview:-1"},"canonical":"https:\/\/www.fiarebancaetica.coop\/gl\/compacto-creatividad-por-un-mundo-mejor\/","og_locale":"gl_ES","og_type":"article","og_title":"Compacto, creatividad por un mundo mejor - Fiare Banca Etica","og_description":"COMPACTO es una joven cooperativa de Barcelona pionera en la producci\u00f3n y distribuci\u00f3n cultural participativa y bajo demanda. Su objetivo es ayudar a transformar la relaci\u00f3n entre las industrias culturales y las audiencias del siglo XXI, acercando los contenidos cada vez m\u00e1s a la ciudadan\u00eda y haci\u00e9ndola part\u00edcipe de los productos culturales que consume.","og_url":"https:\/\/www.fiarebancaetica.coop\/gl\/compacto-creatividad-por-un-mundo-mejor\/","og_site_name":"Fiare Banca Etica","article_published_time":"2016-06-05T22:00:00+00:00","article_modified_time":"2024-02-21T15:06:31+00:00","og_image":[{"width":600,"height":315,"url":"https:\/\/www.fiarebancaetica.coop\/app\/uploads\/sites\/2\/2023\/12\/compacto-creatividad-por-un-mundo-mejor.jpg","type":"image\/jpeg"}],"author":"crispyadmin0","twitter_card":"summary_large_image","schema":{"@context":"https:\/\/schema.org","@graph":[{"@type":"Article","@id":"https:\/\/www.fiarebancaetica.coop\/gl\/compacto-creatividad-por-un-mundo-mejor\/#article","isPartOf":{"@id":"https:\/\/www.fiarebancaetica.coop\/gl\/compacto-creatividad-por-un-mundo-mejor\/"},"author":{"name":"crispyadmin0","@id":"https:\/\/www.fiarebancaetica.coop\/gl\/#\/schema\/person\/579841e89c804b5db05d9141bd9b8272"},"headline":"Compacto, creatividad por un mundo mejor","datePublished":"2016-06-05T22:00:00+00:00","dateModified":"2024-02-21T15:06:31+00:00","mainEntityOfPage":{"@id":"https:\/\/www.fiarebancaetica.coop\/gl\/compacto-creatividad-por-un-mundo-mejor\/"},"wordCount":479,"commentCount":0,"image":{"@id":"https:\/\/www.fiarebancaetica.coop\/gl\/compacto-creatividad-por-un-mundo-mejor\/#primaryimage"},"thumbnailUrl":"https:\/\/www.fiarebancaetica.coop\/app\/uploads\/sites\/2\/2023\/12\/compacto-creatividad-por-un-mundo-mejor.jpg","articleSection":["Historias de impacto positivo"],"inLanguage":"gl-ES","potentialAction":[{"@type":"CommentAction","name":"Comment","target":["https:\/\/www.fiarebancaetica.coop\/gl\/compacto-creatividad-por-un-mundo-mejor\/#respond"]}]},{"@type":"WebPage","@id":"https:\/\/www.fiarebancaetica.coop\/gl\/compacto-creatividad-por-un-mundo-mejor\/","url":"https:\/\/www.fiarebancaetica.coop\/gl\/compacto-creatividad-por-un-mundo-mejor\/","name":"Compacto, creatividad por un mundo mejor - Fiare Banca Etica","isPartOf":{"@id":"https:\/\/www.fiarebancaetica.coop\/gl\/#website"},"primaryImageOfPage":{"@id":"https:\/\/www.fiarebancaetica.coop\/gl\/compacto-creatividad-por-un-mundo-mejor\/#primaryimage"},"image":{"@id":"https:\/\/www.fiarebancaetica.coop\/gl\/compacto-creatividad-por-un-mundo-mejor\/#primaryimage"},"thumbnailUrl":"https:\/\/www.fiarebancaetica.coop\/app\/uploads\/sites\/2\/2023\/12\/compacto-creatividad-por-un-mundo-mejor.jpg","datePublished":"2016-06-05T22:00:00+00:00","dateModified":"2024-02-21T15:06:31+00:00","author":{"@id":"https:\/\/www.fiarebancaetica.coop\/gl\/#\/schema\/person\/579841e89c804b5db05d9141bd9b8272"},"breadcrumb":{"@id":"https:\/\/www.fiarebancaetica.coop\/gl\/compacto-creatividad-por-un-mundo-mejor\/#breadcrumb"},"inLanguage":"gl-ES","potentialAction":[{"@type":"ReadAction","target":["https:\/\/www.fiarebancaetica.coop\/gl\/compacto-creatividad-por-un-mundo-mejor\/"]}]},{"@type":"ImageObject","inLanguage":"gl-ES","@id":"https:\/\/www.fiarebancaetica.coop\/gl\/compacto-creatividad-por-un-mundo-mejor\/#primaryimage","url":"https:\/\/www.fiarebancaetica.coop\/app\/uploads\/sites\/2\/2023\/12\/compacto-creatividad-por-un-mundo-mejor.jpg","contentUrl":"https:\/\/www.fiarebancaetica.coop\/app\/uploads\/sites\/2\/2023\/12\/compacto-creatividad-por-un-mundo-mejor.jpg","width":600,"height":315},{"@type":"BreadcrumbList","@id":"https:\/\/www.fiarebancaetica.coop\/gl\/compacto-creatividad-por-un-mundo-mejor\/#breadcrumb","itemListElement":[{"@type":"ListItem","position":1,"name":"Home","item":"https:\/\/www.fiarebancaetica.coop\/gl\/"},{"@type":"ListItem","position":2,"name":"Compacto, creatividad por un mundo mejor"}]},{"@type":"WebSite","@id":"https:\/\/www.fiarebancaetica.coop\/gl\/#website","url":"https:\/\/www.fiarebancaetica.coop\/gl\/","name":"Fiare Banca Etica","description":"","potentialAction":[{"@type":"SearchAction","target":{"@type":"EntryPoint","urlTemplate":"https:\/\/www.fiarebancaetica.coop\/gl\/?s={search_term_string}"},"query-input":{"@type":"PropertyValueSpecification","valueRequired":true,"valueName":"search_term_string"}}],"inLanguage":"gl-ES"},{"@type":"Person","@id":"https:\/\/www.fiarebancaetica.coop\/gl\/#\/schema\/person\/579841e89c804b5db05d9141bd9b8272","name":"crispyadmin0","image":{"@type":"ImageObject","inLanguage":"gl-ES","@id":"https:\/\/www.fiarebancaetica.coop\/gl\/#\/schema\/person\/image\/5f3a6b7786f32f4c35bd2b1a5a4698ea","url":"https:\/\/secure.gravatar.com\/avatar\/4d2cfb499d497b6d49da659fab7404b243a87fe8e40d2cf97a1cae48f677f5b2?s=96&d=mm&r=g","contentUrl":"https:\/\/secure.gravatar.com\/avatar\/4d2cfb499d497b6d49da659fab7404b243a87fe8e40d2cf97a1cae48f677f5b2?s=96&d=mm&r=g","caption":"crispyadmin0"},"sameAs":["crispyadmin0"]}]}},"_links":{"self":[{"href":"https:\/\/www.fiarebancaetica.coop\/gl\/wp-json\/wp\/v2\/posts\/346057","targetHints":{"allow":["GET"]}}],"collection":[{"href":"https:\/\/www.fiarebancaetica.coop\/gl\/wp-json\/wp\/v2\/posts"}],"about":[{"href":"https:\/\/www.fiarebancaetica.coop\/gl\/wp-json\/wp\/v2\/types\/post"}],"author":[{"embeddable":true,"href":"https:\/\/www.fiarebancaetica.coop\/gl\/wp-json\/wp\/v2\/users\/2"}],"replies":[{"embeddable":true,"href":"https:\/\/www.fiarebancaetica.coop\/gl\/wp-json\/wp\/v2\/comments?post=346057"}],"version-history":[{"count":1,"href":"https:\/\/www.fiarebancaetica.coop\/gl\/wp-json\/wp\/v2\/posts\/346057\/revisions"}],"predecessor-version":[{"id":353363,"href":"https:\/\/www.fiarebancaetica.coop\/gl\/wp-json\/wp\/v2\/posts\/346057\/revisions\/353363"}],"wp:featuredmedia":[{"embeddable":true,"href":"https:\/\/www.fiarebancaetica.coop\/gl\/wp-json\/wp\/v2\/media\/324674"}],"wp:attachment":[{"href":"https:\/\/www.fiarebancaetica.coop\/gl\/wp-json\/wp\/v2\/media?parent=346057"}],"wp:term":[{"taxonomy":"category","embeddable":true,"href":"https:\/\/www.fiarebancaetica.coop\/gl\/wp-json\/wp\/v2\/categories?post=346057"},{"taxonomy":"post_tag","embeddable":true,"href":"https:\/\/www.fiarebancaetica.coop\/gl\/wp-json\/wp\/v2\/tags?post=346057"},{"taxonomy":"author","embeddable":true,"href":"https:\/\/www.fiarebancaetica.coop\/gl\/wp-json\/wp\/v2\/coauthors?post=346057"}],"curies":[{"name":"wp","href":"https:\/\/api.w.org\/{rel}","templated":true}]}}