{"id":346191,"date":"2016-01-22T00:00:00","date_gmt":"2016-01-21T23:00:00","guid":{"rendered":"https:\/\/www.fiarebancaetica.coop\/fiare-galardonada-en-los-premios-elkarlan\/"},"modified":"2024-02-21T16:03:00","modified_gmt":"2024-02-21T15:03:00","slug":"fiare-galardonada-en-los-premios-elkarlan","status":"publish","type":"post","link":"https:\/\/www.fiarebancaetica.coop\/gl\/fiare-galardonada-en-los-premios-elkarlan\/","title":{"rendered":"Fiare galardonada en los premios &#8216;Elkarlan&#8217;"},"content":{"rendered":"\n\n<div class=\"wp-block-bancaetica-blocks-blocks-block-49\">\n    <div class=\"container-block-49\">\n\n        <div class=\"header-section \">\n                            <h1 class=\"section-title\"> Etica e cooperativa <\/h1>\n                                            <\/div>\n\n        \n        <div class=\"block-background\" style=\"background-image: url('https:\/\/www.fiarebancaetica.coop\/app\/uploads\/sites\/2\/2023\/12\/fiare-galardonada-en-los-premios-elkarlan.jpg')\">\n                            <div class=\"tile\">\n                    <h1 class=\"image-title\"> Fiare galardonada en los premios &#8216;Elkarlan&#8217; <\/h1>\n                <\/div>             <!-- end .tile -->\n            <div class=\"bottom-content\">\n                            <\/div> <!-- end .button-content -->\n        <\/div> <!-- end .block-background -->\n    <\/div> <!-- end .container -->\n<\/div> <!-- end wp-block-bancaetica-blocks-blocks-block-06 -->\n\n\n<div class=\"wrapper-crispybacon-class wrapper-crispybacon-class-boxed \">\n    <p><br \/>\n\tEsta convocatoria reconoc\u00eda los proyectos promovidos por la ciudadan\u00eda para satisfacer necesidades sociales<\/p>\n<p>Fiare ha sido premiada hoy en la&nbsp; primera convocatoria de los premios &#8216;Elkarlan, proyectos de cogeneraci\u00f3n de valor p\u00fablico del Gobierno vasco&#8217;, para reconocer las tres mejores propuestas, que tienen como objetivo satisfacer alguna de las necesidades o de los retos sociales en \u00e1mbitos de la salud, medio ambiente, desarrollo econ\u00f3mico, aprendizaje y cohesi\u00f3n social<\/p>\n<p>Fiare ha sido distinguida junto a&nbsp; Wiki Toki Elkartea,&nbsp; con el proyecto Laboratorio de cocreaci\u00f3n y pr\u00e1cticas colaborativas, y la asociaci\u00f3n de vecinos de Ul\u00eda, con el proyecto Huertos y Flores de Ul\u00eda.<br \/>\n\t<br \/>\n\tLos tres premiados recibir\u00e1n una ayuda econ\u00f3mica para poner marcha las medidas de mejora evidenciadas en el proyecto, as\u00ed como la elaboraci\u00f3n, junto a la Direcci\u00f3n de Atenci\u00f3n a la Ciudadan\u00eda e Innovaci\u00f3n y Mejora de la Administraci\u00f3n, de un diagn\u00f3stico y un plan de actuaci\u00f3n para desarrollar el proyecto.&nbsp;&nbsp;<br \/>\n\t<br \/>\n\tEste concurso, de buenas pr\u00e1cticas en participaci\u00f3n ciudadana&nbsp; trata de promover el desarrollo de experiencias innovadoras que permitan el desarrollo de f\u00f3rmulas que favorezcan la participaci\u00f3n de la ciudadan\u00eda.<\/p>\n<\/div>","protected":false},"excerpt":{"rendered":"<p>Esta convocatoria reconoc\u00eda los proyectos promovidos por la ciudadan\u00eda para satisfacer necesidades sociales<\/p>\n<p>Fiare ha sido premiada hoy en la&nbsp; primera convocatoria de los premios &#8216;Elkarlan, proyectos de cogeneraci\u00f3n de valor p\u00fablico del Gobierno vasco&#8217;, para reconocer las tres mejores propuestas, que tienen como objetivo satisfacer alguna de las necesidades o de los retos sociales en \u00e1mbitos de la salud, medio ambiente, desarrollo econ\u00f3mico, aprendizaje y cohesi\u00f3n social<\/p>\n","protected":false},"author":2,"featured_media":324546,"comment_status":"open","ping_status":"closed","sticky":false,"template":"","format":"standard","meta":{"_acf_changed":false,"footnotes":""},"categories":[11645],"tags":[],"coauthors":[],"class_list":["post-346191","post","type-post","status-publish","format-standard","has-post-thumbnail","hentry","category-finanzas-eticas"],"acf":[],"yoast_head":"<!-- This site is optimized with the Yoast SEO plugin v26.9 - https:\/\/yoast.com\/product\/yoast-seo-wordpress\/ -->\n<title>Fiare galardonada en los premios &#039;Elkarlan&#039; - Fiare Banca Etica<\/title>\n<meta name=\"robots\" content=\"index, follow, max-snippet:-1, max-image-preview:large, max-video-preview:-1\" \/>\n<link rel=\"canonical\" href=\"https:\/\/www.fiarebancaetica.coop\/gl\/fiare-galardonada-en-los-premios-elkarlan\/\" \/>\n<meta property=\"og:locale\" content=\"gl_ES\" \/>\n<meta property=\"og:type\" content=\"article\" \/>\n<meta property=\"og:title\" content=\"Fiare galardonada en los premios &#039;Elkarlan&#039; - Fiare Banca Etica\" \/>\n<meta property=\"og:description\" content=\"Esta convocatoria reconoc\u00eda los proyectos promovidos por la ciudadan\u00eda para satisfacer necesidades sociales Fiare ha sido premiada hoy en la&nbsp; primera convocatoria de los premios &#039;Elkarlan, proyectos de cogeneraci\u00f3n de valor p\u00fablico del Gobierno vasco&#039;, para reconocer las tres mejores propuestas, que tienen como objetivo satisfacer alguna de las necesidades o de los retos sociales en \u00e1mbitos de la salud, medio ambiente, desarrollo econ\u00f3mico, aprendizaje y cohesi\u00f3n social\" \/>\n<meta property=\"og:url\" content=\"https:\/\/www.fiarebancaetica.coop\/gl\/fiare-galardonada-en-los-premios-elkarlan\/\" \/>\n<meta property=\"og:site_name\" content=\"Fiare Banca Etica\" \/>\n<meta property=\"article:published_time\" content=\"2016-01-21T23:00:00+00:00\" \/>\n<meta property=\"article:modified_time\" content=\"2024-02-21T15:03:00+00:00\" \/>\n<meta property=\"og:image\" content=\"https:\/\/www.fiarebancaetica.coop\/app\/uploads\/sites\/2\/2023\/12\/fiare-galardonada-en-los-premios-elkarlan.jpg\" \/>\n\t<meta property=\"og:image:width\" content=\"1024\" \/>\n\t<meta property=\"og:image:height\" content=\"522\" \/>\n\t<meta property=\"og:image:type\" content=\"image\/jpeg\" \/>\n<meta name=\"author\" content=\"crispyadmin0\" \/>\n<meta name=\"twitter:card\" content=\"summary_large_image\" \/>\n<script type=\"application\/ld+json\" class=\"yoast-schema-graph\">{\"@context\":\"https:\/\/schema.org\",\"@graph\":[{\"@type\":\"Article\",\"@id\":\"https:\/\/www.fiarebancaetica.coop\/gl\/fiare-galardonada-en-los-premios-elkarlan\/#article\",\"isPartOf\":{\"@id\":\"https:\/\/www.fiarebancaetica.coop\/gl\/fiare-galardonada-en-los-premios-elkarlan\/\"},\"author\":{\"name\":\"crispyadmin0\",\"@id\":\"https:\/\/www.fiarebancaetica.coop\/gl\/#\/schema\/person\/579841e89c804b5db05d9141bd9b8272\"},\"headline\":\"Fiare galardonada en los premios &#8216;Elkarlan&#8217;\",\"datePublished\":\"2016-01-21T23:00:00+00:00\",\"dateModified\":\"2024-02-21T15:03:00+00:00\",\"mainEntityOfPage\":{\"@id\":\"https:\/\/www.fiarebancaetica.coop\/gl\/fiare-galardonada-en-los-premios-elkarlan\/\"},\"wordCount\":218,\"commentCount\":0,\"image\":{\"@id\":\"https:\/\/www.fiarebancaetica.coop\/gl\/fiare-galardonada-en-los-premios-elkarlan\/#primaryimage\"},\"thumbnailUrl\":\"https:\/\/www.fiarebancaetica.coop\/app\/uploads\/sites\/2\/2023\/12\/fiare-galardonada-en-los-premios-elkarlan.jpg\",\"articleSection\":[\"Finanzas \u00c9ticas\"],\"inLanguage\":\"gl-ES\",\"potentialAction\":[{\"@type\":\"CommentAction\",\"name\":\"Comment\",\"target\":[\"https:\/\/www.fiarebancaetica.coop\/gl\/fiare-galardonada-en-los-premios-elkarlan\/#respond\"]}]},{\"@type\":\"WebPage\",\"@id\":\"https:\/\/www.fiarebancaetica.coop\/gl\/fiare-galardonada-en-los-premios-elkarlan\/\",\"url\":\"https:\/\/www.fiarebancaetica.coop\/gl\/fiare-galardonada-en-los-premios-elkarlan\/\",\"name\":\"Fiare galardonada en los premios 'Elkarlan' - Fiare Banca Etica\",\"isPartOf\":{\"@id\":\"https:\/\/www.fiarebancaetica.coop\/gl\/#website\"},\"primaryImageOfPage\":{\"@id\":\"https:\/\/www.fiarebancaetica.coop\/gl\/fiare-galardonada-en-los-premios-elkarlan\/#primaryimage\"},\"image\":{\"@id\":\"https:\/\/www.fiarebancaetica.coop\/gl\/fiare-galardonada-en-los-premios-elkarlan\/#primaryimage\"},\"thumbnailUrl\":\"https:\/\/www.fiarebancaetica.coop\/app\/uploads\/sites\/2\/2023\/12\/fiare-galardonada-en-los-premios-elkarlan.jpg\",\"datePublished\":\"2016-01-21T23:00:00+00:00\",\"dateModified\":\"2024-02-21T15:03:00+00:00\",\"author\":{\"@id\":\"https:\/\/www.fiarebancaetica.coop\/gl\/#\/schema\/person\/579841e89c804b5db05d9141bd9b8272\"},\"breadcrumb\":{\"@id\":\"https:\/\/www.fiarebancaetica.coop\/gl\/fiare-galardonada-en-los-premios-elkarlan\/#breadcrumb\"},\"inLanguage\":\"gl-ES\",\"potentialAction\":[{\"@type\":\"ReadAction\",\"target\":[\"https:\/\/www.fiarebancaetica.coop\/gl\/fiare-galardonada-en-los-premios-elkarlan\/\"]}]},{\"@type\":\"ImageObject\",\"inLanguage\":\"gl-ES\",\"@id\":\"https:\/\/www.fiarebancaetica.coop\/gl\/fiare-galardonada-en-los-premios-elkarlan\/#primaryimage\",\"url\":\"https:\/\/www.fiarebancaetica.coop\/app\/uploads\/sites\/2\/2023\/12\/fiare-galardonada-en-los-premios-elkarlan.jpg\",\"contentUrl\":\"https:\/\/www.fiarebancaetica.coop\/app\/uploads\/sites\/2\/2023\/12\/fiare-galardonada-en-los-premios-elkarlan.jpg\",\"width\":1024,\"height\":522},{\"@type\":\"BreadcrumbList\",\"@id\":\"https:\/\/www.fiarebancaetica.coop\/gl\/fiare-galardonada-en-los-premios-elkarlan\/#breadcrumb\",\"itemListElement\":[{\"@type\":\"ListItem\",\"position\":1,\"name\":\"Home\",\"item\":\"https:\/\/www.fiarebancaetica.coop\/gl\/\"},{\"@type\":\"ListItem\",\"position\":2,\"name\":\"Fiare galardonada en los premios &#8216;Elkarlan&#8217;\"}]},{\"@type\":\"WebSite\",\"@id\":\"https:\/\/www.fiarebancaetica.coop\/gl\/#website\",\"url\":\"https:\/\/www.fiarebancaetica.coop\/gl\/\",\"name\":\"Fiare Banca Etica\",\"description\":\"\",\"potentialAction\":[{\"@type\":\"SearchAction\",\"target\":{\"@type\":\"EntryPoint\",\"urlTemplate\":\"https:\/\/www.fiarebancaetica.coop\/gl\/?s={search_term_string}\"},\"query-input\":{\"@type\":\"PropertyValueSpecification\",\"valueRequired\":true,\"valueName\":\"search_term_string\"}}],\"inLanguage\":\"gl-ES\"},{\"@type\":\"Person\",\"@id\":\"https:\/\/www.fiarebancaetica.coop\/gl\/#\/schema\/person\/579841e89c804b5db05d9141bd9b8272\",\"name\":\"crispyadmin0\",\"image\":{\"@type\":\"ImageObject\",\"inLanguage\":\"gl-ES\",\"@id\":\"https:\/\/www.fiarebancaetica.coop\/gl\/#\/schema\/person\/image\/5f3a6b7786f32f4c35bd2b1a5a4698ea\",\"url\":\"https:\/\/secure.gravatar.com\/avatar\/4d2cfb499d497b6d49da659fab7404b243a87fe8e40d2cf97a1cae48f677f5b2?s=96&d=mm&r=g\",\"contentUrl\":\"https:\/\/secure.gravatar.com\/avatar\/4d2cfb499d497b6d49da659fab7404b243a87fe8e40d2cf97a1cae48f677f5b2?s=96&d=mm&r=g\",\"caption\":\"crispyadmin0\"},\"sameAs\":[\"crispyadmin0\"]}]}<\/script>\n<!-- \/ Yoast SEO plugin. -->","yoast_head_json":{"title":"Fiare galardonada en los premios 'Elkarlan' - Fiare Banca Etica","robots":{"index":"index","follow":"follow","max-snippet":"max-snippet:-1","max-image-preview":"max-image-preview:large","max-video-preview":"max-video-preview:-1"},"canonical":"https:\/\/www.fiarebancaetica.coop\/gl\/fiare-galardonada-en-los-premios-elkarlan\/","og_locale":"gl_ES","og_type":"article","og_title":"Fiare galardonada en los premios 'Elkarlan' - Fiare Banca Etica","og_description":"Esta convocatoria reconoc\u00eda los proyectos promovidos por la ciudadan\u00eda para satisfacer necesidades sociales Fiare ha sido premiada hoy en la&nbsp; primera convocatoria de los premios 'Elkarlan, proyectos de cogeneraci\u00f3n de valor p\u00fablico del Gobierno vasco', para reconocer las tres mejores propuestas, que tienen como objetivo satisfacer alguna de las necesidades o de los retos sociales en \u00e1mbitos de la salud, medio ambiente, desarrollo econ\u00f3mico, aprendizaje y cohesi\u00f3n social","og_url":"https:\/\/www.fiarebancaetica.coop\/gl\/fiare-galardonada-en-los-premios-elkarlan\/","og_site_name":"Fiare Banca Etica","article_published_time":"2016-01-21T23:00:00+00:00","article_modified_time":"2024-02-21T15:03:00+00:00","og_image":[{"width":1024,"height":522,"url":"https:\/\/www.fiarebancaetica.coop\/app\/uploads\/sites\/2\/2023\/12\/fiare-galardonada-en-los-premios-elkarlan.jpg","type":"image\/jpeg"}],"author":"crispyadmin0","twitter_card":"summary_large_image","schema":{"@context":"https:\/\/schema.org","@graph":[{"@type":"Article","@id":"https:\/\/www.fiarebancaetica.coop\/gl\/fiare-galardonada-en-los-premios-elkarlan\/#article","isPartOf":{"@id":"https:\/\/www.fiarebancaetica.coop\/gl\/fiare-galardonada-en-los-premios-elkarlan\/"},"author":{"name":"crispyadmin0","@id":"https:\/\/www.fiarebancaetica.coop\/gl\/#\/schema\/person\/579841e89c804b5db05d9141bd9b8272"},"headline":"Fiare galardonada en los premios &#8216;Elkarlan&#8217;","datePublished":"2016-01-21T23:00:00+00:00","dateModified":"2024-02-21T15:03:00+00:00","mainEntityOfPage":{"@id":"https:\/\/www.fiarebancaetica.coop\/gl\/fiare-galardonada-en-los-premios-elkarlan\/"},"wordCount":218,"commentCount":0,"image":{"@id":"https:\/\/www.fiarebancaetica.coop\/gl\/fiare-galardonada-en-los-premios-elkarlan\/#primaryimage"},"thumbnailUrl":"https:\/\/www.fiarebancaetica.coop\/app\/uploads\/sites\/2\/2023\/12\/fiare-galardonada-en-los-premios-elkarlan.jpg","articleSection":["Finanzas \u00c9ticas"],"inLanguage":"gl-ES","potentialAction":[{"@type":"CommentAction","name":"Comment","target":["https:\/\/www.fiarebancaetica.coop\/gl\/fiare-galardonada-en-los-premios-elkarlan\/#respond"]}]},{"@type":"WebPage","@id":"https:\/\/www.fiarebancaetica.coop\/gl\/fiare-galardonada-en-los-premios-elkarlan\/","url":"https:\/\/www.fiarebancaetica.coop\/gl\/fiare-galardonada-en-los-premios-elkarlan\/","name":"Fiare galardonada en los premios 'Elkarlan' - Fiare Banca Etica","isPartOf":{"@id":"https:\/\/www.fiarebancaetica.coop\/gl\/#website"},"primaryImageOfPage":{"@id":"https:\/\/www.fiarebancaetica.coop\/gl\/fiare-galardonada-en-los-premios-elkarlan\/#primaryimage"},"image":{"@id":"https:\/\/www.fiarebancaetica.coop\/gl\/fiare-galardonada-en-los-premios-elkarlan\/#primaryimage"},"thumbnailUrl":"https:\/\/www.fiarebancaetica.coop\/app\/uploads\/sites\/2\/2023\/12\/fiare-galardonada-en-los-premios-elkarlan.jpg","datePublished":"2016-01-21T23:00:00+00:00","dateModified":"2024-02-21T15:03:00+00:00","author":{"@id":"https:\/\/www.fiarebancaetica.coop\/gl\/#\/schema\/person\/579841e89c804b5db05d9141bd9b8272"},"breadcrumb":{"@id":"https:\/\/www.fiarebancaetica.coop\/gl\/fiare-galardonada-en-los-premios-elkarlan\/#breadcrumb"},"inLanguage":"gl-ES","potentialAction":[{"@type":"ReadAction","target":["https:\/\/www.fiarebancaetica.coop\/gl\/fiare-galardonada-en-los-premios-elkarlan\/"]}]},{"@type":"ImageObject","inLanguage":"gl-ES","@id":"https:\/\/www.fiarebancaetica.coop\/gl\/fiare-galardonada-en-los-premios-elkarlan\/#primaryimage","url":"https:\/\/www.fiarebancaetica.coop\/app\/uploads\/sites\/2\/2023\/12\/fiare-galardonada-en-los-premios-elkarlan.jpg","contentUrl":"https:\/\/www.fiarebancaetica.coop\/app\/uploads\/sites\/2\/2023\/12\/fiare-galardonada-en-los-premios-elkarlan.jpg","width":1024,"height":522},{"@type":"BreadcrumbList","@id":"https:\/\/www.fiarebancaetica.coop\/gl\/fiare-galardonada-en-los-premios-elkarlan\/#breadcrumb","itemListElement":[{"@type":"ListItem","position":1,"name":"Home","item":"https:\/\/www.fiarebancaetica.coop\/gl\/"},{"@type":"ListItem","position":2,"name":"Fiare galardonada en los premios &#8216;Elkarlan&#8217;"}]},{"@type":"WebSite","@id":"https:\/\/www.fiarebancaetica.coop\/gl\/#website","url":"https:\/\/www.fiarebancaetica.coop\/gl\/","name":"Fiare Banca Etica","description":"","potentialAction":[{"@type":"SearchAction","target":{"@type":"EntryPoint","urlTemplate":"https:\/\/www.fiarebancaetica.coop\/gl\/?s={search_term_string}"},"query-input":{"@type":"PropertyValueSpecification","valueRequired":true,"valueName":"search_term_string"}}],"inLanguage":"gl-ES"},{"@type":"Person","@id":"https:\/\/www.fiarebancaetica.coop\/gl\/#\/schema\/person\/579841e89c804b5db05d9141bd9b8272","name":"crispyadmin0","image":{"@type":"ImageObject","inLanguage":"gl-ES","@id":"https:\/\/www.fiarebancaetica.coop\/gl\/#\/schema\/person\/image\/5f3a6b7786f32f4c35bd2b1a5a4698ea","url":"https:\/\/secure.gravatar.com\/avatar\/4d2cfb499d497b6d49da659fab7404b243a87fe8e40d2cf97a1cae48f677f5b2?s=96&d=mm&r=g","contentUrl":"https:\/\/secure.gravatar.com\/avatar\/4d2cfb499d497b6d49da659fab7404b243a87fe8e40d2cf97a1cae48f677f5b2?s=96&d=mm&r=g","caption":"crispyadmin0"},"sameAs":["crispyadmin0"]}]}},"_links":{"self":[{"href":"https:\/\/www.fiarebancaetica.coop\/gl\/wp-json\/wp\/v2\/posts\/346191","targetHints":{"allow":["GET"]}}],"collection":[{"href":"https:\/\/www.fiarebancaetica.coop\/gl\/wp-json\/wp\/v2\/posts"}],"about":[{"href":"https:\/\/www.fiarebancaetica.coop\/gl\/wp-json\/wp\/v2\/types\/post"}],"author":[{"embeddable":true,"href":"https:\/\/www.fiarebancaetica.coop\/gl\/wp-json\/wp\/v2\/users\/2"}],"replies":[{"embeddable":true,"href":"https:\/\/www.fiarebancaetica.coop\/gl\/wp-json\/wp\/v2\/comments?post=346191"}],"version-history":[{"count":2,"href":"https:\/\/www.fiarebancaetica.coop\/gl\/wp-json\/wp\/v2\/posts\/346191\/revisions"}],"predecessor-version":[{"id":353271,"href":"https:\/\/www.fiarebancaetica.coop\/gl\/wp-json\/wp\/v2\/posts\/346191\/revisions\/353271"}],"wp:featuredmedia":[{"embeddable":true,"href":"https:\/\/www.fiarebancaetica.coop\/gl\/wp-json\/wp\/v2\/media\/324546"}],"wp:attachment":[{"href":"https:\/\/www.fiarebancaetica.coop\/gl\/wp-json\/wp\/v2\/media?parent=346191"}],"wp:term":[{"taxonomy":"category","embeddable":true,"href":"https:\/\/www.fiarebancaetica.coop\/gl\/wp-json\/wp\/v2\/categories?post=346191"},{"taxonomy":"post_tag","embeddable":true,"href":"https:\/\/www.fiarebancaetica.coop\/gl\/wp-json\/wp\/v2\/tags?post=346191"},{"taxonomy":"author","embeddable":true,"href":"https:\/\/www.fiarebancaetica.coop\/gl\/wp-json\/wp\/v2\/coauthors?post=346191"}],"curies":[{"name":"wp","href":"https:\/\/api.w.org\/{rel}","templated":true}]}}