{"id":346275,"date":"2015-09-16T00:00:00","date_gmt":"2015-09-15T22:00:00","guid":{"rendered":"https:\/\/www.fiarebancaetica.coop\/la-red-de-finanzas-alternativas-y-solidarias-celebra-su-iv-encuentro-estatal\/"},"modified":"2024-02-21T16:08:50","modified_gmt":"2024-02-21T15:08:50","slug":"la-red-de-finanzas-alternativas-y-solidarias-celebra-su-iv-encuentro-estatal","status":"publish","type":"post","link":"https:\/\/www.fiarebancaetica.coop\/gl\/la-red-de-finanzas-alternativas-y-solidarias-celebra-su-iv-encuentro-estatal\/","title":{"rendered":"La Red de Finanzas Alternativas y Solidarias celebra su IV Encuentro Estatal"},"content":{"rendered":"\n\n<div class=\"wp-block-bancaetica-blocks-blocks-block-49\">\n    <div class=\"container-block-49\">\n\n        <div class=\"header-section \">\n                            <h1 class=\"section-title\"> Etica e cooperativa <\/h1>\n                                            <\/div>\n\n        \n        <div class=\"block-background\" style=\"background-image: url('https:\/\/www.fiarebancaetica.coop\/app\/uploads\/sites\/2\/2023\/12\/red-de-finanzas-alternativas-y-solidarias-celebra-su-iv-encuentro-estatal-el-objetivo-de-consolidar-scaled.jpg')\">\n                            <div class=\"tile\">\n                    <h1 class=\"image-title\"> La Red de Finanzas Alternativas y Solidarias celebra su IV Encuentro Estatal <\/h1>\n                <\/div>             <!-- end .tile -->\n            <div class=\"bottom-content\">\n                            <\/div> <!-- end .button-content -->\n        <\/div> <!-- end .block-background -->\n    <\/div> <!-- end .container -->\n<\/div> <!-- end wp-block-bancaetica-blocks-blocks-block-06 -->\n\n\n<div class=\"wrapper-crispybacon-class wrapper-crispybacon-class-boxed \">\n    <p>La Red de Finanzas Alternativas y Solidarias (REFAS) ha celebrado en Becerril de Campos, durante el pasado 12 y 13 de septiembre, su cuarto encuentro anual en el que han participado organizaciones de diferentes provincias que trabajan en el \u00e1mbito de las microfinanzas.<\/p>\n<p>Este encuentro ha servido para consolidar la estructura formal de la red, despu\u00e9s de varios a\u00f1os de trabajo, avanzando en los objetivos y aspiraciones de la organizaci\u00f3n. Desde este a\u00f1o, la red cuenta con personalidad jur\u00eddica y pretende convertirse en el principal referente de las finanzas alternativas a nivel estatal.<\/p>\n<p>El encuentro celebrado en Becerril de Campos ha tenido como objetivo prioritario profundizar las respuestas que desde las organizaciones pertenecientes a REFAS se ofrecen actualmente a las personas con necesidades financieras excluidas de los circuitos bancarios convencionales.<\/p>\n<p>El trabajo realizado durante estos dos d\u00edas ha contado con la presencia y las aportaciones de Cristina de la Cruz y de Peru Sasia, en calidad de miembro del Comit\u00e9 de \u00c9tica y presidente de la Fundaci\u00f3n Fiare respectivamente, que han profundizado en la importancia y necesidad de un ecosistema de microfinanzas que permita dar respuestas creativas e innovadoras a personas no financiables desde los circuitos financieros convencionales.<\/p>\n<p>REFAS consolida la relaci\u00f3n que ven\u00eda manteniendo desde sus or\u00edgenes con la Fundaci\u00f3n FIARE mediante la firma de un convenio de colaboraci\u00f3n entre ambas entidades que promueva el desarrollo de respuestas microfinancieras. En este marco de colaboraci\u00f3n, Fiare Banca Etica pone a disposici\u00f3n de REFAS un dep\u00f3sito a plazo con devoluci\u00f3n de inter\u00e9s para todas aquellas personas y organizaciones que quieran ayudar a consolidar el trabajo de la Red.<\/p>\n<p>REFAS, como red que engloba a m\u00e1s de diez organizaciones que trabajan en el \u00e1mbito de las microfinanzas a nivel estatal, pretende consolidar su actividad de coordinaci\u00f3n en el pr\u00f3ximo a\u00f1o, de cara reforzar un espacio de respuesta financiera necesario para la gran parte de la ciudadan\u00eda.<\/p>\n<\/div>","protected":false},"excerpt":{"rendered":"<p>La Red de Finanzas Alternativas y Solidarias (REFAS) ha celebrado en Becerril de Campos, durante el pasado 12 y 13 de septiembre, su cuarto encuentro anual en el que han participado organizaciones de diferentes provincias que trabajan en el \u00e1mbito de las microfinanzas.<\/p>\n","protected":false},"author":2,"featured_media":323947,"comment_status":"open","ping_status":"closed","sticky":false,"template":"","format":"standard","meta":{"_acf_changed":false,"footnotes":""},"categories":[11645],"tags":[],"coauthors":[],"class_list":["post-346275","post","type-post","status-publish","format-standard","has-post-thumbnail","hentry","category-finanzas-eticas"],"acf":[],"yoast_head":"<!-- This site is optimized with the Yoast SEO plugin v26.9 - https:\/\/yoast.com\/product\/yoast-seo-wordpress\/ -->\n<title>La Red de Finanzas Alternativas y Solidarias celebra su IV Encuentro Estatal - Fiare Banca Etica<\/title>\n<meta name=\"robots\" content=\"index, follow, max-snippet:-1, max-image-preview:large, max-video-preview:-1\" \/>\n<link rel=\"canonical\" href=\"https:\/\/www.fiarebancaetica.coop\/gl\/la-red-de-finanzas-alternativas-y-solidarias-celebra-su-iv-encuentro-estatal\/\" \/>\n<meta property=\"og:locale\" content=\"gl_ES\" \/>\n<meta property=\"og:type\" content=\"article\" \/>\n<meta property=\"og:title\" content=\"La Red de Finanzas Alternativas y Solidarias celebra su IV Encuentro Estatal - Fiare Banca Etica\" \/>\n<meta property=\"og:description\" content=\"La Red de Finanzas Alternativas y Solidarias (REFAS) ha celebrado en Becerril de Campos, durante el pasado 12 y 13 de septiembre, su cuarto encuentro anual en el que han participado organizaciones de diferentes provincias que trabajan en el \u00e1mbito de las microfinanzas.\" \/>\n<meta property=\"og:url\" content=\"https:\/\/www.fiarebancaetica.coop\/gl\/la-red-de-finanzas-alternativas-y-solidarias-celebra-su-iv-encuentro-estatal\/\" \/>\n<meta property=\"og:site_name\" content=\"Fiare Banca Etica\" \/>\n<meta property=\"article:published_time\" content=\"2015-09-15T22:00:00+00:00\" \/>\n<meta property=\"article:modified_time\" content=\"2024-02-21T15:08:50+00:00\" \/>\n<meta property=\"og:image\" content=\"https:\/\/www.fiarebancaetica.coop\/app\/uploads\/sites\/2\/2023\/12\/red-de-finanzas-alternativas-y-solidarias-celebra-su-iv-encuentro-estatal-el-objetivo-de-consolidar-scaled.jpg\" \/>\n\t<meta property=\"og:image:width\" content=\"2560\" \/>\n\t<meta property=\"og:image:height\" content=\"1051\" \/>\n\t<meta property=\"og:image:type\" content=\"image\/jpeg\" \/>\n<meta name=\"author\" content=\"crispyadmin0\" \/>\n<meta name=\"twitter:card\" content=\"summary_large_image\" \/>\n<script type=\"application\/ld+json\" class=\"yoast-schema-graph\">{\"@context\":\"https:\/\/schema.org\",\"@graph\":[{\"@type\":\"Article\",\"@id\":\"https:\/\/www.fiarebancaetica.coop\/gl\/la-red-de-finanzas-alternativas-y-solidarias-celebra-su-iv-encuentro-estatal\/#article\",\"isPartOf\":{\"@id\":\"https:\/\/www.fiarebancaetica.coop\/gl\/la-red-de-finanzas-alternativas-y-solidarias-celebra-su-iv-encuentro-estatal\/\"},\"author\":{\"name\":\"crispyadmin0\",\"@id\":\"https:\/\/www.fiarebancaetica.coop\/gl\/#\/schema\/person\/579841e89c804b5db05d9141bd9b8272\"},\"headline\":\"La Red de Finanzas Alternativas y Solidarias celebra su IV Encuentro Estatal\",\"datePublished\":\"2015-09-15T22:00:00+00:00\",\"dateModified\":\"2024-02-21T15:08:50+00:00\",\"mainEntityOfPage\":{\"@id\":\"https:\/\/www.fiarebancaetica.coop\/gl\/la-red-de-finanzas-alternativas-y-solidarias-celebra-su-iv-encuentro-estatal\/\"},\"wordCount\":346,\"commentCount\":0,\"image\":{\"@id\":\"https:\/\/www.fiarebancaetica.coop\/gl\/la-red-de-finanzas-alternativas-y-solidarias-celebra-su-iv-encuentro-estatal\/#primaryimage\"},\"thumbnailUrl\":\"https:\/\/www.fiarebancaetica.coop\/app\/uploads\/sites\/2\/2023\/12\/red-de-finanzas-alternativas-y-solidarias-celebra-su-iv-encuentro-estatal-el-objetivo-de-consolidar-scaled.jpg\",\"articleSection\":[\"Finanzas \u00c9ticas\"],\"inLanguage\":\"gl-ES\",\"potentialAction\":[{\"@type\":\"CommentAction\",\"name\":\"Comment\",\"target\":[\"https:\/\/www.fiarebancaetica.coop\/gl\/la-red-de-finanzas-alternativas-y-solidarias-celebra-su-iv-encuentro-estatal\/#respond\"]}]},{\"@type\":\"WebPage\",\"@id\":\"https:\/\/www.fiarebancaetica.coop\/gl\/la-red-de-finanzas-alternativas-y-solidarias-celebra-su-iv-encuentro-estatal\/\",\"url\":\"https:\/\/www.fiarebancaetica.coop\/gl\/la-red-de-finanzas-alternativas-y-solidarias-celebra-su-iv-encuentro-estatal\/\",\"name\":\"La Red de Finanzas Alternativas y Solidarias celebra su IV Encuentro Estatal - Fiare Banca Etica\",\"isPartOf\":{\"@id\":\"https:\/\/www.fiarebancaetica.coop\/gl\/#website\"},\"primaryImageOfPage\":{\"@id\":\"https:\/\/www.fiarebancaetica.coop\/gl\/la-red-de-finanzas-alternativas-y-solidarias-celebra-su-iv-encuentro-estatal\/#primaryimage\"},\"image\":{\"@id\":\"https:\/\/www.fiarebancaetica.coop\/gl\/la-red-de-finanzas-alternativas-y-solidarias-celebra-su-iv-encuentro-estatal\/#primaryimage\"},\"thumbnailUrl\":\"https:\/\/www.fiarebancaetica.coop\/app\/uploads\/sites\/2\/2023\/12\/red-de-finanzas-alternativas-y-solidarias-celebra-su-iv-encuentro-estatal-el-objetivo-de-consolidar-scaled.jpg\",\"datePublished\":\"2015-09-15T22:00:00+00:00\",\"dateModified\":\"2024-02-21T15:08:50+00:00\",\"author\":{\"@id\":\"https:\/\/www.fiarebancaetica.coop\/gl\/#\/schema\/person\/579841e89c804b5db05d9141bd9b8272\"},\"breadcrumb\":{\"@id\":\"https:\/\/www.fiarebancaetica.coop\/gl\/la-red-de-finanzas-alternativas-y-solidarias-celebra-su-iv-encuentro-estatal\/#breadcrumb\"},\"inLanguage\":\"gl-ES\",\"potentialAction\":[{\"@type\":\"ReadAction\",\"target\":[\"https:\/\/www.fiarebancaetica.coop\/gl\/la-red-de-finanzas-alternativas-y-solidarias-celebra-su-iv-encuentro-estatal\/\"]}]},{\"@type\":\"ImageObject\",\"inLanguage\":\"gl-ES\",\"@id\":\"https:\/\/www.fiarebancaetica.coop\/gl\/la-red-de-finanzas-alternativas-y-solidarias-celebra-su-iv-encuentro-estatal\/#primaryimage\",\"url\":\"https:\/\/www.fiarebancaetica.coop\/app\/uploads\/sites\/2\/2023\/12\/red-de-finanzas-alternativas-y-solidarias-celebra-su-iv-encuentro-estatal-el-objetivo-de-consolidar-scaled.jpg\",\"contentUrl\":\"https:\/\/www.fiarebancaetica.coop\/app\/uploads\/sites\/2\/2023\/12\/red-de-finanzas-alternativas-y-solidarias-celebra-su-iv-encuentro-estatal-el-objetivo-de-consolidar-scaled.jpg\",\"width\":2560,\"height\":1051},{\"@type\":\"BreadcrumbList\",\"@id\":\"https:\/\/www.fiarebancaetica.coop\/gl\/la-red-de-finanzas-alternativas-y-solidarias-celebra-su-iv-encuentro-estatal\/#breadcrumb\",\"itemListElement\":[{\"@type\":\"ListItem\",\"position\":1,\"name\":\"Home\",\"item\":\"https:\/\/www.fiarebancaetica.coop\/gl\/\"},{\"@type\":\"ListItem\",\"position\":2,\"name\":\"La Red de Finanzas Alternativas y Solidarias celebra su IV Encuentro Estatal\"}]},{\"@type\":\"WebSite\",\"@id\":\"https:\/\/www.fiarebancaetica.coop\/gl\/#website\",\"url\":\"https:\/\/www.fiarebancaetica.coop\/gl\/\",\"name\":\"Fiare Banca Etica\",\"description\":\"\",\"potentialAction\":[{\"@type\":\"SearchAction\",\"target\":{\"@type\":\"EntryPoint\",\"urlTemplate\":\"https:\/\/www.fiarebancaetica.coop\/gl\/?s={search_term_string}\"},\"query-input\":{\"@type\":\"PropertyValueSpecification\",\"valueRequired\":true,\"valueName\":\"search_term_string\"}}],\"inLanguage\":\"gl-ES\"},{\"@type\":\"Person\",\"@id\":\"https:\/\/www.fiarebancaetica.coop\/gl\/#\/schema\/person\/579841e89c804b5db05d9141bd9b8272\",\"name\":\"crispyadmin0\",\"image\":{\"@type\":\"ImageObject\",\"inLanguage\":\"gl-ES\",\"@id\":\"https:\/\/www.fiarebancaetica.coop\/gl\/#\/schema\/person\/image\/5f3a6b7786f32f4c35bd2b1a5a4698ea\",\"url\":\"https:\/\/secure.gravatar.com\/avatar\/4d2cfb499d497b6d49da659fab7404b243a87fe8e40d2cf97a1cae48f677f5b2?s=96&d=mm&r=g\",\"contentUrl\":\"https:\/\/secure.gravatar.com\/avatar\/4d2cfb499d497b6d49da659fab7404b243a87fe8e40d2cf97a1cae48f677f5b2?s=96&d=mm&r=g\",\"caption\":\"crispyadmin0\"},\"sameAs\":[\"crispyadmin0\"]}]}<\/script>\n<!-- \/ Yoast SEO plugin. -->","yoast_head_json":{"title":"La Red de Finanzas Alternativas y Solidarias celebra su IV Encuentro Estatal - Fiare Banca Etica","robots":{"index":"index","follow":"follow","max-snippet":"max-snippet:-1","max-image-preview":"max-image-preview:large","max-video-preview":"max-video-preview:-1"},"canonical":"https:\/\/www.fiarebancaetica.coop\/gl\/la-red-de-finanzas-alternativas-y-solidarias-celebra-su-iv-encuentro-estatal\/","og_locale":"gl_ES","og_type":"article","og_title":"La Red de Finanzas Alternativas y Solidarias celebra su IV Encuentro Estatal - Fiare Banca Etica","og_description":"La Red de Finanzas Alternativas y Solidarias (REFAS) ha celebrado en Becerril de Campos, durante el pasado 12 y 13 de septiembre, su cuarto encuentro anual en el que han participado organizaciones de diferentes provincias que trabajan en el \u00e1mbito de las microfinanzas.","og_url":"https:\/\/www.fiarebancaetica.coop\/gl\/la-red-de-finanzas-alternativas-y-solidarias-celebra-su-iv-encuentro-estatal\/","og_site_name":"Fiare Banca Etica","article_published_time":"2015-09-15T22:00:00+00:00","article_modified_time":"2024-02-21T15:08:50+00:00","og_image":[{"width":2560,"height":1051,"url":"https:\/\/www.fiarebancaetica.coop\/app\/uploads\/sites\/2\/2023\/12\/red-de-finanzas-alternativas-y-solidarias-celebra-su-iv-encuentro-estatal-el-objetivo-de-consolidar-scaled.jpg","type":"image\/jpeg"}],"author":"crispyadmin0","twitter_card":"summary_large_image","schema":{"@context":"https:\/\/schema.org","@graph":[{"@type":"Article","@id":"https:\/\/www.fiarebancaetica.coop\/gl\/la-red-de-finanzas-alternativas-y-solidarias-celebra-su-iv-encuentro-estatal\/#article","isPartOf":{"@id":"https:\/\/www.fiarebancaetica.coop\/gl\/la-red-de-finanzas-alternativas-y-solidarias-celebra-su-iv-encuentro-estatal\/"},"author":{"name":"crispyadmin0","@id":"https:\/\/www.fiarebancaetica.coop\/gl\/#\/schema\/person\/579841e89c804b5db05d9141bd9b8272"},"headline":"La Red de Finanzas Alternativas y Solidarias celebra su IV Encuentro Estatal","datePublished":"2015-09-15T22:00:00+00:00","dateModified":"2024-02-21T15:08:50+00:00","mainEntityOfPage":{"@id":"https:\/\/www.fiarebancaetica.coop\/gl\/la-red-de-finanzas-alternativas-y-solidarias-celebra-su-iv-encuentro-estatal\/"},"wordCount":346,"commentCount":0,"image":{"@id":"https:\/\/www.fiarebancaetica.coop\/gl\/la-red-de-finanzas-alternativas-y-solidarias-celebra-su-iv-encuentro-estatal\/#primaryimage"},"thumbnailUrl":"https:\/\/www.fiarebancaetica.coop\/app\/uploads\/sites\/2\/2023\/12\/red-de-finanzas-alternativas-y-solidarias-celebra-su-iv-encuentro-estatal-el-objetivo-de-consolidar-scaled.jpg","articleSection":["Finanzas \u00c9ticas"],"inLanguage":"gl-ES","potentialAction":[{"@type":"CommentAction","name":"Comment","target":["https:\/\/www.fiarebancaetica.coop\/gl\/la-red-de-finanzas-alternativas-y-solidarias-celebra-su-iv-encuentro-estatal\/#respond"]}]},{"@type":"WebPage","@id":"https:\/\/www.fiarebancaetica.coop\/gl\/la-red-de-finanzas-alternativas-y-solidarias-celebra-su-iv-encuentro-estatal\/","url":"https:\/\/www.fiarebancaetica.coop\/gl\/la-red-de-finanzas-alternativas-y-solidarias-celebra-su-iv-encuentro-estatal\/","name":"La Red de Finanzas Alternativas y Solidarias celebra su IV Encuentro Estatal - Fiare Banca Etica","isPartOf":{"@id":"https:\/\/www.fiarebancaetica.coop\/gl\/#website"},"primaryImageOfPage":{"@id":"https:\/\/www.fiarebancaetica.coop\/gl\/la-red-de-finanzas-alternativas-y-solidarias-celebra-su-iv-encuentro-estatal\/#primaryimage"},"image":{"@id":"https:\/\/www.fiarebancaetica.coop\/gl\/la-red-de-finanzas-alternativas-y-solidarias-celebra-su-iv-encuentro-estatal\/#primaryimage"},"thumbnailUrl":"https:\/\/www.fiarebancaetica.coop\/app\/uploads\/sites\/2\/2023\/12\/red-de-finanzas-alternativas-y-solidarias-celebra-su-iv-encuentro-estatal-el-objetivo-de-consolidar-scaled.jpg","datePublished":"2015-09-15T22:00:00+00:00","dateModified":"2024-02-21T15:08:50+00:00","author":{"@id":"https:\/\/www.fiarebancaetica.coop\/gl\/#\/schema\/person\/579841e89c804b5db05d9141bd9b8272"},"breadcrumb":{"@id":"https:\/\/www.fiarebancaetica.coop\/gl\/la-red-de-finanzas-alternativas-y-solidarias-celebra-su-iv-encuentro-estatal\/#breadcrumb"},"inLanguage":"gl-ES","potentialAction":[{"@type":"ReadAction","target":["https:\/\/www.fiarebancaetica.coop\/gl\/la-red-de-finanzas-alternativas-y-solidarias-celebra-su-iv-encuentro-estatal\/"]}]},{"@type":"ImageObject","inLanguage":"gl-ES","@id":"https:\/\/www.fiarebancaetica.coop\/gl\/la-red-de-finanzas-alternativas-y-solidarias-celebra-su-iv-encuentro-estatal\/#primaryimage","url":"https:\/\/www.fiarebancaetica.coop\/app\/uploads\/sites\/2\/2023\/12\/red-de-finanzas-alternativas-y-solidarias-celebra-su-iv-encuentro-estatal-el-objetivo-de-consolidar-scaled.jpg","contentUrl":"https:\/\/www.fiarebancaetica.coop\/app\/uploads\/sites\/2\/2023\/12\/red-de-finanzas-alternativas-y-solidarias-celebra-su-iv-encuentro-estatal-el-objetivo-de-consolidar-scaled.jpg","width":2560,"height":1051},{"@type":"BreadcrumbList","@id":"https:\/\/www.fiarebancaetica.coop\/gl\/la-red-de-finanzas-alternativas-y-solidarias-celebra-su-iv-encuentro-estatal\/#breadcrumb","itemListElement":[{"@type":"ListItem","position":1,"name":"Home","item":"https:\/\/www.fiarebancaetica.coop\/gl\/"},{"@type":"ListItem","position":2,"name":"La Red de Finanzas Alternativas y Solidarias celebra su IV Encuentro Estatal"}]},{"@type":"WebSite","@id":"https:\/\/www.fiarebancaetica.coop\/gl\/#website","url":"https:\/\/www.fiarebancaetica.coop\/gl\/","name":"Fiare Banca Etica","description":"","potentialAction":[{"@type":"SearchAction","target":{"@type":"EntryPoint","urlTemplate":"https:\/\/www.fiarebancaetica.coop\/gl\/?s={search_term_string}"},"query-input":{"@type":"PropertyValueSpecification","valueRequired":true,"valueName":"search_term_string"}}],"inLanguage":"gl-ES"},{"@type":"Person","@id":"https:\/\/www.fiarebancaetica.coop\/gl\/#\/schema\/person\/579841e89c804b5db05d9141bd9b8272","name":"crispyadmin0","image":{"@type":"ImageObject","inLanguage":"gl-ES","@id":"https:\/\/www.fiarebancaetica.coop\/gl\/#\/schema\/person\/image\/5f3a6b7786f32f4c35bd2b1a5a4698ea","url":"https:\/\/secure.gravatar.com\/avatar\/4d2cfb499d497b6d49da659fab7404b243a87fe8e40d2cf97a1cae48f677f5b2?s=96&d=mm&r=g","contentUrl":"https:\/\/secure.gravatar.com\/avatar\/4d2cfb499d497b6d49da659fab7404b243a87fe8e40d2cf97a1cae48f677f5b2?s=96&d=mm&r=g","caption":"crispyadmin0"},"sameAs":["crispyadmin0"]}]}},"_links":{"self":[{"href":"https:\/\/www.fiarebancaetica.coop\/gl\/wp-json\/wp\/v2\/posts\/346275","targetHints":{"allow":["GET"]}}],"collection":[{"href":"https:\/\/www.fiarebancaetica.coop\/gl\/wp-json\/wp\/v2\/posts"}],"about":[{"href":"https:\/\/www.fiarebancaetica.coop\/gl\/wp-json\/wp\/v2\/types\/post"}],"author":[{"embeddable":true,"href":"https:\/\/www.fiarebancaetica.coop\/gl\/wp-json\/wp\/v2\/users\/2"}],"replies":[{"embeddable":true,"href":"https:\/\/www.fiarebancaetica.coop\/gl\/wp-json\/wp\/v2\/comments?post=346275"}],"version-history":[{"count":2,"href":"https:\/\/www.fiarebancaetica.coop\/gl\/wp-json\/wp\/v2\/posts\/346275\/revisions"}],"predecessor-version":[{"id":353193,"href":"https:\/\/www.fiarebancaetica.coop\/gl\/wp-json\/wp\/v2\/posts\/346275\/revisions\/353193"}],"wp:featuredmedia":[{"embeddable":true,"href":"https:\/\/www.fiarebancaetica.coop\/gl\/wp-json\/wp\/v2\/media\/323947"}],"wp:attachment":[{"href":"https:\/\/www.fiarebancaetica.coop\/gl\/wp-json\/wp\/v2\/media?parent=346275"}],"wp:term":[{"taxonomy":"category","embeddable":true,"href":"https:\/\/www.fiarebancaetica.coop\/gl\/wp-json\/wp\/v2\/categories?post=346275"},{"taxonomy":"post_tag","embeddable":true,"href":"https:\/\/www.fiarebancaetica.coop\/gl\/wp-json\/wp\/v2\/tags?post=346275"},{"taxonomy":"author","embeddable":true,"href":"https:\/\/www.fiarebancaetica.coop\/gl\/wp-json\/wp\/v2\/coauthors?post=346275"}],"curies":[{"name":"wp","href":"https:\/\/api.w.org\/{rel}","templated":true}]}}