{"id":346359,"date":"2015-05-07T00:00:00","date_gmt":"2015-05-06T22:00:00","guid":{"rendered":"https:\/\/www.fiarebancaetica.coop\/se-presento-en-idearia-la-mesa-del-sistema-de-finanzas-eticas\/"},"modified":"2024-02-21T16:11:10","modified_gmt":"2024-02-21T15:11:10","slug":"se-presento-en-idearia-la-mesa-del-sistema-de-finanzas-eticas","status":"publish","type":"post","link":"https:\/\/www.fiarebancaetica.coop\/gl\/se-presento-en-idearia-la-mesa-del-sistema-de-finanzas-eticas\/","title":{"rendered":"Se present\u00f3 en IDEARIA la Mesa del Sistema de Finanzas \u00c9ticas"},"content":{"rendered":"\n\n<div class=\"wp-block-bancaetica-blocks-blocks-block-49\">\n    <div class=\"container-block-49\">\n\n        <div class=\"header-section \">\n                            <h1 class=\"section-title\"> Etica e cooperativa <\/h1>\n                                            <\/div>\n\n        \n        <div class=\"block-background\" style=\"background-image: url('https:\/\/www.fiarebancaetica.coop\/app\/uploads\/sites\/2\/2023\/12\/se-presento-en-idearia-mesa-del-sistema-de-finanzas-eticas.jpg')\">\n                            <div class=\"tile\">\n                    <h1 class=\"image-title\"> Se present\u00f3 en IDEARIA la Mesa del Sistema de Finanzas \u00c9ticas <\/h1>\n                <\/div>             <!-- end .tile -->\n            <div class=\"bottom-content\">\n                            <\/div> <!-- end .button-content -->\n        <\/div> <!-- end .block-background -->\n    <\/div> <!-- end .container -->\n<\/div> <!-- end wp-block-bancaetica-blocks-blocks-block-06 -->\n\n\n<div class=\"wrapper-crispybacon-class wrapper-crispybacon-class-boxed \">\n    <p>El pasado d\u00eda 1 de Mayo en el marco del <strong>Encuentro de la Econom\u00eda Solidaria Idearia2015,<\/strong> se realiz\u00f3 un Taller de presentaci\u00f3n y debate sobre la recientemente creada Mesa del Sistema de Finanzas Eticas de REAS RdR (MSFE). En la presentaci\u00f3n de la MSFE, se explic\u00f3 la iniciativa, que surge con la intenci\u00f3n de consolidar una sectorial de Finanzas \u00c9ticas&nbsp; y est\u00e1 compuesta por las cuatro entidades de FFEE de REAS que operan en \u00e1mbito estatal: <strong>CAES, Coop57, Fiare y Oikocredit.<\/strong><br \/>\n\t<br \/>\n\tEn la presentaci\u00f3n se hizo hincapi\u00e9 en que esta iniciativa recoge la larga tradici\u00f3n y la gran riqueza de experiencias de FFEE que existe en REAS RdR y asume el reto de consolidar un espacio coordinado que refuerce las FFEE de REAS. En el trabajo del Taller se pusieron de manifiesto una serie de retos clave para la MESA, entre los que podemos resaltar:<\/p>\n<p>&nbsp;<\/p>\n<ul>\n\t<li>\n\t\tLa necesidad de <strong>establecer canales de cooperaci\u00f3n<\/strong> que permitan crear circuitos especializados para necesidades espec\u00edficas, implicando a otros actores de la Econom\u00eda Solidaria y agentes potencialmente aliados.<\/li>\n\t<li>\n\t\tLa atenci\u00f3n al <strong>Eje educativo<\/strong>, buscando incorporar en distintos espacios y niveles (Educaci\u00f3n primaria, secundaria, bachillerato, universitaria, formaci\u00f3n profesional, no-formal,\u2026) los principios y realidades de las Finanzas Eticas en el marco de la Econom\u00eda Solidaria.<\/li>\n\t<li>\n\t\tProfundizar en la <strong>intercooperaci\u00f3n<\/strong>, y el trabajo con las herramientas ya disponibles de FFEE por parte delas entidades y personas de REAS RdR y sus organizaciones territoriales y sectoriales<\/li>\n\t<li>\n\t\t<strong>Mirar a Europa <\/strong>e incorporarse a las din\u00e1micas que, a nivel internacional, desarrolla REAS RdR, asumiendo en algunos casos el reto de reforzarlas.<\/li>\n\t<li>\n\t\tAtender a la dimensi\u00f3n de denuncia e incidencia, interaccionando con la esfera pol\u00edtica sin perder independencia y atentos a los riesgos de manipulaci\u00f3n<\/li>\n\t<li>\n\t\tImplicarse en la consolidaci\u00f3n del <strong>Mercado Social de REAS<\/strong> RdR<\/li>\n<\/ul>\n<p>Surgieron asimismo muchas otras cuestiones relacionadas con las relaciones con el cooperativismo de cr\u00e9dito, los retos del aseguramiento \u00e9tico en el marco de REAS, la necesidad de construir y difundir mensajes comunes sobre FFEE y ESS\u2026<br \/>\n\tEl material empleado en el Taller est\u00e1 disponible <a href=\"http:\/\/economiasolidaria.org\/files\/presentacion_Mesa_Finanzas_Idearia_2015.pdf\">aqu\u00ed<\/a><\/p>\n<p>&nbsp;<\/p>\n<p><em>Fuente: <a href=\"http:\/\/economiasolidaria.org\/noticias\/presentacion_en_idearia_de_la_mesa_del_sistema_de_finanzas_eticas\">Economiasolidaria.org<\/a><\/em><\/p>\n<\/div>","protected":false},"excerpt":{"rendered":"<p>El pasado d\u00eda 1 de Mayo en el marco del Encuentro de la Econom\u00eda Solidaria Idearia2015, se realiz\u00f3 un Taller de presentaci\u00f3n y debate sobre la recientemente creada Mesa del Sistema de Finanzas Eticas de REAS RdR (MSFE). En la presentaci\u00f3n de la MSFE, se explic\u00f3 la iniciativa, que surge con la intenci\u00f3n de consolidar una sectorial de Finanzas \u00c9ticas&nbsp; y est\u00e1 compuesta por las cuatro entidades de FFEE de REAS que operan en \u00e1mbito estatal: CAES, Coop57, Fiare y Oikocredit.<\/p>\n","protected":false},"author":2,"featured_media":323813,"comment_status":"open","ping_status":"closed","sticky":false,"template":"","format":"standard","meta":{"_acf_changed":false,"footnotes":""},"categories":[11645],"tags":[],"coauthors":[],"class_list":["post-346359","post","type-post","status-publish","format-standard","has-post-thumbnail","hentry","category-finanzas-eticas"],"acf":[],"yoast_head":"<!-- This site is optimized with the Yoast SEO plugin v26.9 - https:\/\/yoast.com\/product\/yoast-seo-wordpress\/ -->\n<title>Se present\u00f3 en IDEARIA la Mesa del Sistema de Finanzas \u00c9ticas - Fiare Banca Etica<\/title>\n<meta name=\"robots\" content=\"index, follow, max-snippet:-1, max-image-preview:large, max-video-preview:-1\" \/>\n<link rel=\"canonical\" href=\"https:\/\/www.fiarebancaetica.coop\/gl\/se-presento-en-idearia-la-mesa-del-sistema-de-finanzas-eticas\/\" \/>\n<meta property=\"og:locale\" content=\"gl_ES\" \/>\n<meta property=\"og:type\" content=\"article\" \/>\n<meta property=\"og:title\" content=\"Se present\u00f3 en IDEARIA la Mesa del Sistema de Finanzas \u00c9ticas - Fiare Banca Etica\" \/>\n<meta property=\"og:description\" content=\"El pasado d\u00eda 1 de Mayo en el marco del Encuentro de la Econom\u00eda Solidaria Idearia2015, se realiz\u00f3 un Taller de presentaci\u00f3n y debate sobre la recientemente creada Mesa del Sistema de Finanzas Eticas de REAS RdR (MSFE). En la presentaci\u00f3n de la MSFE, se explic\u00f3 la iniciativa, que surge con la intenci\u00f3n de consolidar una sectorial de Finanzas \u00c9ticas&nbsp; y est\u00e1 compuesta por las cuatro entidades de FFEE de REAS que operan en \u00e1mbito estatal: CAES, Coop57, Fiare y Oikocredit.\" \/>\n<meta property=\"og:url\" content=\"https:\/\/www.fiarebancaetica.coop\/gl\/se-presento-en-idearia-la-mesa-del-sistema-de-finanzas-eticas\/\" \/>\n<meta property=\"og:site_name\" content=\"Fiare Banca Etica\" \/>\n<meta property=\"article:published_time\" content=\"2015-05-06T22:00:00+00:00\" \/>\n<meta property=\"article:modified_time\" content=\"2024-02-21T15:11:10+00:00\" \/>\n<meta property=\"og:image\" content=\"https:\/\/www.fiarebancaetica.coop\/app\/uploads\/sites\/2\/2023\/12\/se-presento-en-idearia-mesa-del-sistema-de-finanzas-eticas.jpg\" \/>\n\t<meta property=\"og:image:width\" content=\"717\" \/>\n\t<meta property=\"og:image:height\" content=\"250\" \/>\n\t<meta property=\"og:image:type\" content=\"image\/jpeg\" \/>\n<meta name=\"author\" content=\"crispyadmin0\" \/>\n<meta name=\"twitter:card\" content=\"summary_large_image\" \/>\n<script type=\"application\/ld+json\" class=\"yoast-schema-graph\">{\"@context\":\"https:\/\/schema.org\",\"@graph\":[{\"@type\":\"Article\",\"@id\":\"https:\/\/www.fiarebancaetica.coop\/gl\/se-presento-en-idearia-la-mesa-del-sistema-de-finanzas-eticas\/#article\",\"isPartOf\":{\"@id\":\"https:\/\/www.fiarebancaetica.coop\/gl\/se-presento-en-idearia-la-mesa-del-sistema-de-finanzas-eticas\/\"},\"author\":{\"name\":\"crispyadmin0\",\"@id\":\"https:\/\/www.fiarebancaetica.coop\/gl\/#\/schema\/person\/579841e89c804b5db05d9141bd9b8272\"},\"headline\":\"Se present\u00f3 en IDEARIA la Mesa del Sistema de Finanzas \u00c9ticas\",\"datePublished\":\"2015-05-06T22:00:00+00:00\",\"dateModified\":\"2024-02-21T15:11:10+00:00\",\"mainEntityOfPage\":{\"@id\":\"https:\/\/www.fiarebancaetica.coop\/gl\/se-presento-en-idearia-la-mesa-del-sistema-de-finanzas-eticas\/\"},\"wordCount\":374,\"commentCount\":0,\"image\":{\"@id\":\"https:\/\/www.fiarebancaetica.coop\/gl\/se-presento-en-idearia-la-mesa-del-sistema-de-finanzas-eticas\/#primaryimage\"},\"thumbnailUrl\":\"https:\/\/www.fiarebancaetica.coop\/app\/uploads\/sites\/2\/2023\/12\/se-presento-en-idearia-mesa-del-sistema-de-finanzas-eticas.jpg\",\"articleSection\":[\"Finanzas \u00c9ticas\"],\"inLanguage\":\"gl-ES\",\"potentialAction\":[{\"@type\":\"CommentAction\",\"name\":\"Comment\",\"target\":[\"https:\/\/www.fiarebancaetica.coop\/gl\/se-presento-en-idearia-la-mesa-del-sistema-de-finanzas-eticas\/#respond\"]}]},{\"@type\":\"WebPage\",\"@id\":\"https:\/\/www.fiarebancaetica.coop\/gl\/se-presento-en-idearia-la-mesa-del-sistema-de-finanzas-eticas\/\",\"url\":\"https:\/\/www.fiarebancaetica.coop\/gl\/se-presento-en-idearia-la-mesa-del-sistema-de-finanzas-eticas\/\",\"name\":\"Se present\u00f3 en IDEARIA la Mesa del Sistema de Finanzas \u00c9ticas - Fiare Banca Etica\",\"isPartOf\":{\"@id\":\"https:\/\/www.fiarebancaetica.coop\/gl\/#website\"},\"primaryImageOfPage\":{\"@id\":\"https:\/\/www.fiarebancaetica.coop\/gl\/se-presento-en-idearia-la-mesa-del-sistema-de-finanzas-eticas\/#primaryimage\"},\"image\":{\"@id\":\"https:\/\/www.fiarebancaetica.coop\/gl\/se-presento-en-idearia-la-mesa-del-sistema-de-finanzas-eticas\/#primaryimage\"},\"thumbnailUrl\":\"https:\/\/www.fiarebancaetica.coop\/app\/uploads\/sites\/2\/2023\/12\/se-presento-en-idearia-mesa-del-sistema-de-finanzas-eticas.jpg\",\"datePublished\":\"2015-05-06T22:00:00+00:00\",\"dateModified\":\"2024-02-21T15:11:10+00:00\",\"author\":{\"@id\":\"https:\/\/www.fiarebancaetica.coop\/gl\/#\/schema\/person\/579841e89c804b5db05d9141bd9b8272\"},\"breadcrumb\":{\"@id\":\"https:\/\/www.fiarebancaetica.coop\/gl\/se-presento-en-idearia-la-mesa-del-sistema-de-finanzas-eticas\/#breadcrumb\"},\"inLanguage\":\"gl-ES\",\"potentialAction\":[{\"@type\":\"ReadAction\",\"target\":[\"https:\/\/www.fiarebancaetica.coop\/gl\/se-presento-en-idearia-la-mesa-del-sistema-de-finanzas-eticas\/\"]}]},{\"@type\":\"ImageObject\",\"inLanguage\":\"gl-ES\",\"@id\":\"https:\/\/www.fiarebancaetica.coop\/gl\/se-presento-en-idearia-la-mesa-del-sistema-de-finanzas-eticas\/#primaryimage\",\"url\":\"https:\/\/www.fiarebancaetica.coop\/app\/uploads\/sites\/2\/2023\/12\/se-presento-en-idearia-mesa-del-sistema-de-finanzas-eticas.jpg\",\"contentUrl\":\"https:\/\/www.fiarebancaetica.coop\/app\/uploads\/sites\/2\/2023\/12\/se-presento-en-idearia-mesa-del-sistema-de-finanzas-eticas.jpg\",\"width\":717,\"height\":250},{\"@type\":\"BreadcrumbList\",\"@id\":\"https:\/\/www.fiarebancaetica.coop\/gl\/se-presento-en-idearia-la-mesa-del-sistema-de-finanzas-eticas\/#breadcrumb\",\"itemListElement\":[{\"@type\":\"ListItem\",\"position\":1,\"name\":\"Home\",\"item\":\"https:\/\/www.fiarebancaetica.coop\/gl\/\"},{\"@type\":\"ListItem\",\"position\":2,\"name\":\"Se present\u00f3 en IDEARIA la Mesa del Sistema de Finanzas \u00c9ticas\"}]},{\"@type\":\"WebSite\",\"@id\":\"https:\/\/www.fiarebancaetica.coop\/gl\/#website\",\"url\":\"https:\/\/www.fiarebancaetica.coop\/gl\/\",\"name\":\"Fiare Banca Etica\",\"description\":\"\",\"potentialAction\":[{\"@type\":\"SearchAction\",\"target\":{\"@type\":\"EntryPoint\",\"urlTemplate\":\"https:\/\/www.fiarebancaetica.coop\/gl\/?s={search_term_string}\"},\"query-input\":{\"@type\":\"PropertyValueSpecification\",\"valueRequired\":true,\"valueName\":\"search_term_string\"}}],\"inLanguage\":\"gl-ES\"},{\"@type\":\"Person\",\"@id\":\"https:\/\/www.fiarebancaetica.coop\/gl\/#\/schema\/person\/579841e89c804b5db05d9141bd9b8272\",\"name\":\"crispyadmin0\",\"image\":{\"@type\":\"ImageObject\",\"inLanguage\":\"gl-ES\",\"@id\":\"https:\/\/www.fiarebancaetica.coop\/gl\/#\/schema\/person\/image\/5f3a6b7786f32f4c35bd2b1a5a4698ea\",\"url\":\"https:\/\/secure.gravatar.com\/avatar\/4d2cfb499d497b6d49da659fab7404b243a87fe8e40d2cf97a1cae48f677f5b2?s=96&d=mm&r=g\",\"contentUrl\":\"https:\/\/secure.gravatar.com\/avatar\/4d2cfb499d497b6d49da659fab7404b243a87fe8e40d2cf97a1cae48f677f5b2?s=96&d=mm&r=g\",\"caption\":\"crispyadmin0\"},\"sameAs\":[\"crispyadmin0\"]}]}<\/script>\n<!-- \/ Yoast SEO plugin. -->","yoast_head_json":{"title":"Se present\u00f3 en IDEARIA la Mesa del Sistema de Finanzas \u00c9ticas - Fiare Banca Etica","robots":{"index":"index","follow":"follow","max-snippet":"max-snippet:-1","max-image-preview":"max-image-preview:large","max-video-preview":"max-video-preview:-1"},"canonical":"https:\/\/www.fiarebancaetica.coop\/gl\/se-presento-en-idearia-la-mesa-del-sistema-de-finanzas-eticas\/","og_locale":"gl_ES","og_type":"article","og_title":"Se present\u00f3 en IDEARIA la Mesa del Sistema de Finanzas \u00c9ticas - Fiare Banca Etica","og_description":"El pasado d\u00eda 1 de Mayo en el marco del Encuentro de la Econom\u00eda Solidaria Idearia2015, se realiz\u00f3 un Taller de presentaci\u00f3n y debate sobre la recientemente creada Mesa del Sistema de Finanzas Eticas de REAS RdR (MSFE). En la presentaci\u00f3n de la MSFE, se explic\u00f3 la iniciativa, que surge con la intenci\u00f3n de consolidar una sectorial de Finanzas \u00c9ticas&nbsp; y est\u00e1 compuesta por las cuatro entidades de FFEE de REAS que operan en \u00e1mbito estatal: CAES, Coop57, Fiare y Oikocredit.","og_url":"https:\/\/www.fiarebancaetica.coop\/gl\/se-presento-en-idearia-la-mesa-del-sistema-de-finanzas-eticas\/","og_site_name":"Fiare Banca Etica","article_published_time":"2015-05-06T22:00:00+00:00","article_modified_time":"2024-02-21T15:11:10+00:00","og_image":[{"width":717,"height":250,"url":"https:\/\/www.fiarebancaetica.coop\/app\/uploads\/sites\/2\/2023\/12\/se-presento-en-idearia-mesa-del-sistema-de-finanzas-eticas.jpg","type":"image\/jpeg"}],"author":"crispyadmin0","twitter_card":"summary_large_image","schema":{"@context":"https:\/\/schema.org","@graph":[{"@type":"Article","@id":"https:\/\/www.fiarebancaetica.coop\/gl\/se-presento-en-idearia-la-mesa-del-sistema-de-finanzas-eticas\/#article","isPartOf":{"@id":"https:\/\/www.fiarebancaetica.coop\/gl\/se-presento-en-idearia-la-mesa-del-sistema-de-finanzas-eticas\/"},"author":{"name":"crispyadmin0","@id":"https:\/\/www.fiarebancaetica.coop\/gl\/#\/schema\/person\/579841e89c804b5db05d9141bd9b8272"},"headline":"Se present\u00f3 en IDEARIA la Mesa del Sistema de Finanzas \u00c9ticas","datePublished":"2015-05-06T22:00:00+00:00","dateModified":"2024-02-21T15:11:10+00:00","mainEntityOfPage":{"@id":"https:\/\/www.fiarebancaetica.coop\/gl\/se-presento-en-idearia-la-mesa-del-sistema-de-finanzas-eticas\/"},"wordCount":374,"commentCount":0,"image":{"@id":"https:\/\/www.fiarebancaetica.coop\/gl\/se-presento-en-idearia-la-mesa-del-sistema-de-finanzas-eticas\/#primaryimage"},"thumbnailUrl":"https:\/\/www.fiarebancaetica.coop\/app\/uploads\/sites\/2\/2023\/12\/se-presento-en-idearia-mesa-del-sistema-de-finanzas-eticas.jpg","articleSection":["Finanzas \u00c9ticas"],"inLanguage":"gl-ES","potentialAction":[{"@type":"CommentAction","name":"Comment","target":["https:\/\/www.fiarebancaetica.coop\/gl\/se-presento-en-idearia-la-mesa-del-sistema-de-finanzas-eticas\/#respond"]}]},{"@type":"WebPage","@id":"https:\/\/www.fiarebancaetica.coop\/gl\/se-presento-en-idearia-la-mesa-del-sistema-de-finanzas-eticas\/","url":"https:\/\/www.fiarebancaetica.coop\/gl\/se-presento-en-idearia-la-mesa-del-sistema-de-finanzas-eticas\/","name":"Se present\u00f3 en IDEARIA la Mesa del Sistema de Finanzas \u00c9ticas - Fiare Banca Etica","isPartOf":{"@id":"https:\/\/www.fiarebancaetica.coop\/gl\/#website"},"primaryImageOfPage":{"@id":"https:\/\/www.fiarebancaetica.coop\/gl\/se-presento-en-idearia-la-mesa-del-sistema-de-finanzas-eticas\/#primaryimage"},"image":{"@id":"https:\/\/www.fiarebancaetica.coop\/gl\/se-presento-en-idearia-la-mesa-del-sistema-de-finanzas-eticas\/#primaryimage"},"thumbnailUrl":"https:\/\/www.fiarebancaetica.coop\/app\/uploads\/sites\/2\/2023\/12\/se-presento-en-idearia-mesa-del-sistema-de-finanzas-eticas.jpg","datePublished":"2015-05-06T22:00:00+00:00","dateModified":"2024-02-21T15:11:10+00:00","author":{"@id":"https:\/\/www.fiarebancaetica.coop\/gl\/#\/schema\/person\/579841e89c804b5db05d9141bd9b8272"},"breadcrumb":{"@id":"https:\/\/www.fiarebancaetica.coop\/gl\/se-presento-en-idearia-la-mesa-del-sistema-de-finanzas-eticas\/#breadcrumb"},"inLanguage":"gl-ES","potentialAction":[{"@type":"ReadAction","target":["https:\/\/www.fiarebancaetica.coop\/gl\/se-presento-en-idearia-la-mesa-del-sistema-de-finanzas-eticas\/"]}]},{"@type":"ImageObject","inLanguage":"gl-ES","@id":"https:\/\/www.fiarebancaetica.coop\/gl\/se-presento-en-idearia-la-mesa-del-sistema-de-finanzas-eticas\/#primaryimage","url":"https:\/\/www.fiarebancaetica.coop\/app\/uploads\/sites\/2\/2023\/12\/se-presento-en-idearia-mesa-del-sistema-de-finanzas-eticas.jpg","contentUrl":"https:\/\/www.fiarebancaetica.coop\/app\/uploads\/sites\/2\/2023\/12\/se-presento-en-idearia-mesa-del-sistema-de-finanzas-eticas.jpg","width":717,"height":250},{"@type":"BreadcrumbList","@id":"https:\/\/www.fiarebancaetica.coop\/gl\/se-presento-en-idearia-la-mesa-del-sistema-de-finanzas-eticas\/#breadcrumb","itemListElement":[{"@type":"ListItem","position":1,"name":"Home","item":"https:\/\/www.fiarebancaetica.coop\/gl\/"},{"@type":"ListItem","position":2,"name":"Se present\u00f3 en IDEARIA la Mesa del Sistema de Finanzas \u00c9ticas"}]},{"@type":"WebSite","@id":"https:\/\/www.fiarebancaetica.coop\/gl\/#website","url":"https:\/\/www.fiarebancaetica.coop\/gl\/","name":"Fiare Banca Etica","description":"","potentialAction":[{"@type":"SearchAction","target":{"@type":"EntryPoint","urlTemplate":"https:\/\/www.fiarebancaetica.coop\/gl\/?s={search_term_string}"},"query-input":{"@type":"PropertyValueSpecification","valueRequired":true,"valueName":"search_term_string"}}],"inLanguage":"gl-ES"},{"@type":"Person","@id":"https:\/\/www.fiarebancaetica.coop\/gl\/#\/schema\/person\/579841e89c804b5db05d9141bd9b8272","name":"crispyadmin0","image":{"@type":"ImageObject","inLanguage":"gl-ES","@id":"https:\/\/www.fiarebancaetica.coop\/gl\/#\/schema\/person\/image\/5f3a6b7786f32f4c35bd2b1a5a4698ea","url":"https:\/\/secure.gravatar.com\/avatar\/4d2cfb499d497b6d49da659fab7404b243a87fe8e40d2cf97a1cae48f677f5b2?s=96&d=mm&r=g","contentUrl":"https:\/\/secure.gravatar.com\/avatar\/4d2cfb499d497b6d49da659fab7404b243a87fe8e40d2cf97a1cae48f677f5b2?s=96&d=mm&r=g","caption":"crispyadmin0"},"sameAs":["crispyadmin0"]}]}},"_links":{"self":[{"href":"https:\/\/www.fiarebancaetica.coop\/gl\/wp-json\/wp\/v2\/posts\/346359","targetHints":{"allow":["GET"]}}],"collection":[{"href":"https:\/\/www.fiarebancaetica.coop\/gl\/wp-json\/wp\/v2\/posts"}],"about":[{"href":"https:\/\/www.fiarebancaetica.coop\/gl\/wp-json\/wp\/v2\/types\/post"}],"author":[{"embeddable":true,"href":"https:\/\/www.fiarebancaetica.coop\/gl\/wp-json\/wp\/v2\/users\/2"}],"replies":[{"embeddable":true,"href":"https:\/\/www.fiarebancaetica.coop\/gl\/wp-json\/wp\/v2\/comments?post=346359"}],"version-history":[{"count":2,"href":"https:\/\/www.fiarebancaetica.coop\/gl\/wp-json\/wp\/v2\/posts\/346359\/revisions"}],"predecessor-version":[{"id":353106,"href":"https:\/\/www.fiarebancaetica.coop\/gl\/wp-json\/wp\/v2\/posts\/346359\/revisions\/353106"}],"wp:featuredmedia":[{"embeddable":true,"href":"https:\/\/www.fiarebancaetica.coop\/gl\/wp-json\/wp\/v2\/media\/323813"}],"wp:attachment":[{"href":"https:\/\/www.fiarebancaetica.coop\/gl\/wp-json\/wp\/v2\/media?parent=346359"}],"wp:term":[{"taxonomy":"category","embeddable":true,"href":"https:\/\/www.fiarebancaetica.coop\/gl\/wp-json\/wp\/v2\/categories?post=346359"},{"taxonomy":"post_tag","embeddable":true,"href":"https:\/\/www.fiarebancaetica.coop\/gl\/wp-json\/wp\/v2\/tags?post=346359"},{"taxonomy":"author","embeddable":true,"href":"https:\/\/www.fiarebancaetica.coop\/gl\/wp-json\/wp\/v2\/coauthors?post=346359"}],"curies":[{"name":"wp","href":"https:\/\/api.w.org\/{rel}","templated":true}]}}