{"id":346499,"date":"2014-12-03T00:00:00","date_gmt":"2014-12-02T23:00:00","guid":{"rendered":"https:\/\/www.fiarebancaetica.coop\/fiare-en-el-i-congreso-internacional-de-economia-solidaria\/"},"modified":"2024-02-21T16:14:00","modified_gmt":"2024-02-21T15:14:00","slug":"fiare-en-el-i-congreso-internacional-de-economia-solidaria","status":"publish","type":"post","link":"https:\/\/www.fiarebancaetica.coop\/gl\/fiare-en-el-i-congreso-internacional-de-economia-solidaria\/","title":{"rendered":"Fiare en el I Congreso Internacional de Econom\u00eda Solidaria"},"content":{"rendered":"\n\n<div class=\"wp-block-bancaetica-blocks-blocks-block-49\">\n    <div class=\"container-block-49\">\n\n        <div class=\"header-section \">\n                            <h1 class=\"section-title\"> Etica e cooperativa <\/h1>\n                                            <\/div>\n\n        \n        <div class=\"block-background\" style=\"background-image: url('https:\/\/www.fiarebancaetica.coop\/app\/uploads\/sites\/2\/2023\/12\/fiare-en-el-congreso-internacional-de-economia-social-y-solidaria.jpg')\">\n                            <div class=\"tile\">\n                    <h1 class=\"image-title\"> Fiare en el I Congreso Internacional de Econom\u00eda Solidaria <\/h1>\n                <\/div>             <!-- end .tile -->\n            <div class=\"bottom-content\">\n                            <\/div> <!-- end .button-content -->\n        <\/div> <!-- end .block-background -->\n    <\/div> <!-- end .container -->\n<\/div> <!-- end wp-block-bancaetica-blocks-blocks-block-06 -->\n\n\n<div class=\"wrapper-crispybacon-class wrapper-crispybacon-class-boxed \">\n    <p>El \u00faltimo fin de semana de Noviembre tuvo lugar el I Congreso Internacional de Econom\u00eda Social y Solidaria (ESyS) en Zaragoza. El evento, que reuni\u00f3 a los principales agentes de la Econom\u00eda Social y Solidaria para discutir los principales retos y oportunidades de futuro, super\u00f3 los objetivos de participaci\u00f3n de la organizaci\u00f3n con<strong> m\u00e1s de 600 personas inscritas en las m\u00e1s de 30 actividades <\/strong>repartidas en nueve ubicaciones por toda la ciudad.<br \/>\n\t\u201cCuando la econom\u00eda se encuentra con las personas cambiamos el mundo\u201d : Este lema marcaba las conferencias, talleres, mesas redondas y de experiencias, sesiones t\u00e9cnicas, los espacios \u2018meeting\u2018 y \u201cMe Cambio\u201d de los 4 d\u00edas del evento.<br \/>\n\tDurante estos d\u00edas las personas participantes pusieron sobre la mesa nuevos retos de futuro como definir nuevas formas de trabajo, producci\u00f3n y reproducci\u00f3n; generar formas de resistencia, de cuidados, afectos y saberes; identificar las debilidades y descubrir las fuerzas de poder de cada persona para crear el cambio; animan a seguir creando movimientos de contrapoder popular de base y en la calle; exponen las potencialidades de las monedas sociales y de la banca \u00e9tica, y un largo etc\u00e9tera de experiencias, pr\u00e1cticas y conocimientos.<\/p>\n<h2>\n\tActividades del encuentro<\/h2>\n<p>Fiare Banca Etica estuvo presente cada d\u00eda en diferentes mesas redondas y conferencias .&nbsp; Peru Sasia particip\u00f3 en \u201cLas finanzas \u00e9ticas, una herramienta al servicio de la econom\u00eda solidaria. Presentaci\u00f3n de la Mesa de Sistema de Finanzas \u201c, Clara Soler en \u201cRetos de las finanzas \u00e9ticas: Las finanzas \u00e9ticas y la construcci\u00f3n de mercados sociales\u201d y Juan Garibi en \u201cRetos de las finanzas \u00e9ticas: Convertir el ahorro en cr\u00e9dito\u201d<br \/>\n\tAdem\u00e1s Fiare tambi\u00e9n particip\u00f3 en los espacios \u201cCooperativismo en consumo para abrir nuevos sectores y generar nueva oferta; retos de escalabilidad de las innovaciones ciudadanas en consumo \u201c y \u201cFinanciaci\u00f3n con nuevos instrumentos: micromeceznagos a peque\u00f1a escala de proyectos de transformaci\u00f3n social\u201d. Todos con gran \u00e9xito de participaci\u00f3n, mucho inter\u00e9s y p\u00fablico especializado.<\/p>\n<h2>\n\tMeCambio.net<\/h2>\n<p>\u201c\u00bfSientes que tras los bienes y servicios que usas en tu vida cotidiana (electricidad, banca, m\u00f3vil, comida, ropa, etc.) solo prevalece maximizar beneficios? \u00a1Hay alternativas!\u201d. Bajo esta premisa se defini\u00f3 el espacio MeCambio.net, donde tambi\u00e9n se present\u00f3 Fiare.&nbsp; A trav\u00e9s de <strong>micropresentaciones de 8 minutos<\/strong> se daban a conocer de primera mano proveedores que promueven formas de consumo y producci\u00f3n m\u00e1s sostenibles, justas y democr\u00e1ticas<\/p>\n<h2>\n\tEntrega de Premios a las entidades de la Econom\u00eda Solidaria<\/h2>\n<p>El programa del Congreso finaliz\u00f3 con&nbsp; la Gran gala de premios a entidades de la Econom\u00eda Social y Solidaria donde<strong> Fiare Banca Etica recibi\u00f3 el premio \u201cDemocracia e intercooperaci\u00f3n econ\u00f3mica\u201d<\/strong> (dirigido a entidades pioneras en el desarrollo de buenas pr\u00e1cticas de democracia y cooperaci\u00f3n econ\u00f3mica, ya sea dentro de sus propias organizaciones y\/o estableciendo relaciones de intercooperaci\u00f3n con otros actores.<br \/>\n\tFiare Banca Etica fue reconocida por \u201cdemostrar que se puede intercooperar exitosamente a nivel internacional para lograr que los instrumentos de econom\u00eda solidaria sean m\u00e1s capaces a enfrentarse a los retos que tiene delante\u201d, por \u201cgenerar una organizaci\u00f3n financiera democr\u00e1tica y distribuida territorialmente\u201d ya que \u201ces la f\u00f3rmula de garantizar que el dinero responder\u00e1 a necesidades reales y un medio para favorecer la participaci\u00f3n de las comunidades en el desarrollo de la cooperativa\u201d y por \u201cconseguir, en los peores a\u00f1os de la crisis, unir la voluntad, la implicaci\u00f3n, y el capital necesario de miles de personas y cientos de organizaciones en la creaci\u00f3n de una banca internacional, cooperativa, \u00e9tica y ciudadana\u201d. Premio entregado por Liliana Deamicis de Reas Balears y socia de Fiare&nbsp; a Peru Sasia Consejero de Fiare Banca Etica.<br \/>\n\tLos otros galardonados en la gala fueron La Fira d\u2019Econom\u00eda Solid\u00e0ria de Catalunya, Desmontando a la Pili, RIPESS, Som Energia y Goiener.<\/p>\n<p><br \/>\n\tPara quienes no pudisteis asistir al Congreso&nbsp; pod\u00e9is ver alguna de las conferencias&nbsp; en este enlace <strong>http:\/\/economiameeting.net\/es\/directo\/&nbsp;<\/strong> y a trav\u00e9s de la red social Twitter con la etiqueta #econom\u00edapersonas o en los usuarios <strong>@economiameeting<\/strong> y <strong>@REAS_Aragon.<\/strong><br \/>\n\tP\u00e1gina web del Congreso: <strong>http:\/\/economiameeting.net\/es\/<\/strong><\/p>\n<p>\u00a9 Fotograf\u00edas e informaci\u00f3n- Arainfo y Reas<\/p>\n<\/div>","protected":false},"excerpt":{"rendered":"<p>El \u00faltimo fin de semana de Noviembre tuvo lugar el I Congreso Internacional de Econom\u00eda Social y Solidaria (ESyS) en Zaragoza. El evento, que reuni\u00f3 a los principales agentes de la Econom\u00eda Social y Solidaria para discutir los principales retos y oportunidades de futuro, super\u00f3 los objetivos de participaci\u00f3n de la organizaci\u00f3n con m\u00e1s de 600 personas inscritas en las m\u00e1s de 30 actividades repartidas en nueve ubicaciones por toda la ciudad.<\/p>\n","protected":false},"author":2,"featured_media":323474,"comment_status":"open","ping_status":"closed","sticky":false,"template":"","format":"standard","meta":{"_acf_changed":false,"footnotes":""},"categories":[11645],"tags":[],"coauthors":[],"class_list":["post-346499","post","type-post","status-publish","format-standard","has-post-thumbnail","hentry","category-finanzas-eticas"],"acf":[],"yoast_head":"<!-- This site is optimized with the Yoast SEO plugin v26.9 - https:\/\/yoast.com\/product\/yoast-seo-wordpress\/ -->\n<title>Fiare en el I Congreso Internacional de Econom\u00eda Solidaria - Fiare Banca Etica<\/title>\n<meta name=\"robots\" content=\"index, follow, max-snippet:-1, max-image-preview:large, max-video-preview:-1\" \/>\n<link rel=\"canonical\" href=\"https:\/\/www.fiarebancaetica.coop\/gl\/fiare-en-el-i-congreso-internacional-de-economia-solidaria\/\" \/>\n<meta property=\"og:locale\" content=\"gl_ES\" \/>\n<meta property=\"og:type\" content=\"article\" \/>\n<meta property=\"og:title\" content=\"Fiare en el I Congreso Internacional de Econom\u00eda Solidaria - Fiare Banca Etica\" \/>\n<meta property=\"og:description\" content=\"El \u00faltimo fin de semana de Noviembre tuvo lugar el I Congreso Internacional de Econom\u00eda Social y Solidaria (ESyS) en Zaragoza. El evento, que reuni\u00f3 a los principales agentes de la Econom\u00eda Social y Solidaria para discutir los principales retos y oportunidades de futuro, super\u00f3 los objetivos de participaci\u00f3n de la organizaci\u00f3n con m\u00e1s de 600 personas inscritas en las m\u00e1s de 30 actividades repartidas en nueve ubicaciones por toda la ciudad.\" \/>\n<meta property=\"og:url\" content=\"https:\/\/www.fiarebancaetica.coop\/gl\/fiare-en-el-i-congreso-internacional-de-economia-solidaria\/\" \/>\n<meta property=\"og:site_name\" content=\"Fiare Banca Etica\" \/>\n<meta property=\"article:published_time\" content=\"2014-12-02T23:00:00+00:00\" \/>\n<meta property=\"article:modified_time\" content=\"2024-02-21T15:14:00+00:00\" \/>\n<meta property=\"og:image\" content=\"https:\/\/www.fiarebancaetica.coop\/app\/uploads\/sites\/2\/2023\/12\/fiare-en-el-congreso-internacional-de-economia-social-y-solidaria.jpg\" \/>\n\t<meta property=\"og:image:width\" content=\"540\" \/>\n\t<meta property=\"og:image:height\" content=\"189\" \/>\n\t<meta property=\"og:image:type\" content=\"image\/jpeg\" \/>\n<meta name=\"author\" content=\"crispyadmin0\" \/>\n<meta name=\"twitter:card\" content=\"summary_large_image\" \/>\n<script type=\"application\/ld+json\" class=\"yoast-schema-graph\">{\"@context\":\"https:\/\/schema.org\",\"@graph\":[{\"@type\":\"Article\",\"@id\":\"https:\/\/www.fiarebancaetica.coop\/gl\/fiare-en-el-i-congreso-internacional-de-economia-solidaria\/#article\",\"isPartOf\":{\"@id\":\"https:\/\/www.fiarebancaetica.coop\/gl\/fiare-en-el-i-congreso-internacional-de-economia-solidaria\/\"},\"author\":{\"name\":\"crispyadmin0\",\"@id\":\"https:\/\/www.fiarebancaetica.coop\/gl\/#\/schema\/person\/579841e89c804b5db05d9141bd9b8272\"},\"headline\":\"Fiare en el I Congreso Internacional de Econom\u00eda Solidaria\",\"datePublished\":\"2014-12-02T23:00:00+00:00\",\"dateModified\":\"2024-02-21T15:14:00+00:00\",\"mainEntityOfPage\":{\"@id\":\"https:\/\/www.fiarebancaetica.coop\/gl\/fiare-en-el-i-congreso-internacional-de-economia-solidaria\/\"},\"wordCount\":732,\"commentCount\":0,\"image\":{\"@id\":\"https:\/\/www.fiarebancaetica.coop\/gl\/fiare-en-el-i-congreso-internacional-de-economia-solidaria\/#primaryimage\"},\"thumbnailUrl\":\"https:\/\/www.fiarebancaetica.coop\/app\/uploads\/sites\/2\/2023\/12\/fiare-en-el-congreso-internacional-de-economia-social-y-solidaria.jpg\",\"articleSection\":[\"Finanzas \u00c9ticas\"],\"inLanguage\":\"gl-ES\",\"potentialAction\":[{\"@type\":\"CommentAction\",\"name\":\"Comment\",\"target\":[\"https:\/\/www.fiarebancaetica.coop\/gl\/fiare-en-el-i-congreso-internacional-de-economia-solidaria\/#respond\"]}]},{\"@type\":\"WebPage\",\"@id\":\"https:\/\/www.fiarebancaetica.coop\/gl\/fiare-en-el-i-congreso-internacional-de-economia-solidaria\/\",\"url\":\"https:\/\/www.fiarebancaetica.coop\/gl\/fiare-en-el-i-congreso-internacional-de-economia-solidaria\/\",\"name\":\"Fiare en el I Congreso Internacional de Econom\u00eda Solidaria - Fiare Banca Etica\",\"isPartOf\":{\"@id\":\"https:\/\/www.fiarebancaetica.coop\/gl\/#website\"},\"primaryImageOfPage\":{\"@id\":\"https:\/\/www.fiarebancaetica.coop\/gl\/fiare-en-el-i-congreso-internacional-de-economia-solidaria\/#primaryimage\"},\"image\":{\"@id\":\"https:\/\/www.fiarebancaetica.coop\/gl\/fiare-en-el-i-congreso-internacional-de-economia-solidaria\/#primaryimage\"},\"thumbnailUrl\":\"https:\/\/www.fiarebancaetica.coop\/app\/uploads\/sites\/2\/2023\/12\/fiare-en-el-congreso-internacional-de-economia-social-y-solidaria.jpg\",\"datePublished\":\"2014-12-02T23:00:00+00:00\",\"dateModified\":\"2024-02-21T15:14:00+00:00\",\"author\":{\"@id\":\"https:\/\/www.fiarebancaetica.coop\/gl\/#\/schema\/person\/579841e89c804b5db05d9141bd9b8272\"},\"breadcrumb\":{\"@id\":\"https:\/\/www.fiarebancaetica.coop\/gl\/fiare-en-el-i-congreso-internacional-de-economia-solidaria\/#breadcrumb\"},\"inLanguage\":\"gl-ES\",\"potentialAction\":[{\"@type\":\"ReadAction\",\"target\":[\"https:\/\/www.fiarebancaetica.coop\/gl\/fiare-en-el-i-congreso-internacional-de-economia-solidaria\/\"]}]},{\"@type\":\"ImageObject\",\"inLanguage\":\"gl-ES\",\"@id\":\"https:\/\/www.fiarebancaetica.coop\/gl\/fiare-en-el-i-congreso-internacional-de-economia-solidaria\/#primaryimage\",\"url\":\"https:\/\/www.fiarebancaetica.coop\/app\/uploads\/sites\/2\/2023\/12\/fiare-en-el-congreso-internacional-de-economia-social-y-solidaria.jpg\",\"contentUrl\":\"https:\/\/www.fiarebancaetica.coop\/app\/uploads\/sites\/2\/2023\/12\/fiare-en-el-congreso-internacional-de-economia-social-y-solidaria.jpg\",\"width\":540,\"height\":189},{\"@type\":\"BreadcrumbList\",\"@id\":\"https:\/\/www.fiarebancaetica.coop\/gl\/fiare-en-el-i-congreso-internacional-de-economia-solidaria\/#breadcrumb\",\"itemListElement\":[{\"@type\":\"ListItem\",\"position\":1,\"name\":\"Home\",\"item\":\"https:\/\/www.fiarebancaetica.coop\/gl\/\"},{\"@type\":\"ListItem\",\"position\":2,\"name\":\"Fiare en el I Congreso Internacional de Econom\u00eda Solidaria\"}]},{\"@type\":\"WebSite\",\"@id\":\"https:\/\/www.fiarebancaetica.coop\/gl\/#website\",\"url\":\"https:\/\/www.fiarebancaetica.coop\/gl\/\",\"name\":\"Fiare Banca Etica\",\"description\":\"\",\"potentialAction\":[{\"@type\":\"SearchAction\",\"target\":{\"@type\":\"EntryPoint\",\"urlTemplate\":\"https:\/\/www.fiarebancaetica.coop\/gl\/?s={search_term_string}\"},\"query-input\":{\"@type\":\"PropertyValueSpecification\",\"valueRequired\":true,\"valueName\":\"search_term_string\"}}],\"inLanguage\":\"gl-ES\"},{\"@type\":\"Person\",\"@id\":\"https:\/\/www.fiarebancaetica.coop\/gl\/#\/schema\/person\/579841e89c804b5db05d9141bd9b8272\",\"name\":\"crispyadmin0\",\"image\":{\"@type\":\"ImageObject\",\"inLanguage\":\"gl-ES\",\"@id\":\"https:\/\/www.fiarebancaetica.coop\/gl\/#\/schema\/person\/image\/5f3a6b7786f32f4c35bd2b1a5a4698ea\",\"url\":\"https:\/\/secure.gravatar.com\/avatar\/4d2cfb499d497b6d49da659fab7404b243a87fe8e40d2cf97a1cae48f677f5b2?s=96&d=mm&r=g\",\"contentUrl\":\"https:\/\/secure.gravatar.com\/avatar\/4d2cfb499d497b6d49da659fab7404b243a87fe8e40d2cf97a1cae48f677f5b2?s=96&d=mm&r=g\",\"caption\":\"crispyadmin0\"},\"sameAs\":[\"crispyadmin0\"]}]}<\/script>\n<!-- \/ Yoast SEO plugin. -->","yoast_head_json":{"title":"Fiare en el I Congreso Internacional de Econom\u00eda Solidaria - Fiare Banca Etica","robots":{"index":"index","follow":"follow","max-snippet":"max-snippet:-1","max-image-preview":"max-image-preview:large","max-video-preview":"max-video-preview:-1"},"canonical":"https:\/\/www.fiarebancaetica.coop\/gl\/fiare-en-el-i-congreso-internacional-de-economia-solidaria\/","og_locale":"gl_ES","og_type":"article","og_title":"Fiare en el I Congreso Internacional de Econom\u00eda Solidaria - Fiare Banca Etica","og_description":"El \u00faltimo fin de semana de Noviembre tuvo lugar el I Congreso Internacional de Econom\u00eda Social y Solidaria (ESyS) en Zaragoza. El evento, que reuni\u00f3 a los principales agentes de la Econom\u00eda Social y Solidaria para discutir los principales retos y oportunidades de futuro, super\u00f3 los objetivos de participaci\u00f3n de la organizaci\u00f3n con m\u00e1s de 600 personas inscritas en las m\u00e1s de 30 actividades repartidas en nueve ubicaciones por toda la ciudad.","og_url":"https:\/\/www.fiarebancaetica.coop\/gl\/fiare-en-el-i-congreso-internacional-de-economia-solidaria\/","og_site_name":"Fiare Banca Etica","article_published_time":"2014-12-02T23:00:00+00:00","article_modified_time":"2024-02-21T15:14:00+00:00","og_image":[{"width":540,"height":189,"url":"https:\/\/www.fiarebancaetica.coop\/app\/uploads\/sites\/2\/2023\/12\/fiare-en-el-congreso-internacional-de-economia-social-y-solidaria.jpg","type":"image\/jpeg"}],"author":"crispyadmin0","twitter_card":"summary_large_image","schema":{"@context":"https:\/\/schema.org","@graph":[{"@type":"Article","@id":"https:\/\/www.fiarebancaetica.coop\/gl\/fiare-en-el-i-congreso-internacional-de-economia-solidaria\/#article","isPartOf":{"@id":"https:\/\/www.fiarebancaetica.coop\/gl\/fiare-en-el-i-congreso-internacional-de-economia-solidaria\/"},"author":{"name":"crispyadmin0","@id":"https:\/\/www.fiarebancaetica.coop\/gl\/#\/schema\/person\/579841e89c804b5db05d9141bd9b8272"},"headline":"Fiare en el I Congreso Internacional de Econom\u00eda Solidaria","datePublished":"2014-12-02T23:00:00+00:00","dateModified":"2024-02-21T15:14:00+00:00","mainEntityOfPage":{"@id":"https:\/\/www.fiarebancaetica.coop\/gl\/fiare-en-el-i-congreso-internacional-de-economia-solidaria\/"},"wordCount":732,"commentCount":0,"image":{"@id":"https:\/\/www.fiarebancaetica.coop\/gl\/fiare-en-el-i-congreso-internacional-de-economia-solidaria\/#primaryimage"},"thumbnailUrl":"https:\/\/www.fiarebancaetica.coop\/app\/uploads\/sites\/2\/2023\/12\/fiare-en-el-congreso-internacional-de-economia-social-y-solidaria.jpg","articleSection":["Finanzas \u00c9ticas"],"inLanguage":"gl-ES","potentialAction":[{"@type":"CommentAction","name":"Comment","target":["https:\/\/www.fiarebancaetica.coop\/gl\/fiare-en-el-i-congreso-internacional-de-economia-solidaria\/#respond"]}]},{"@type":"WebPage","@id":"https:\/\/www.fiarebancaetica.coop\/gl\/fiare-en-el-i-congreso-internacional-de-economia-solidaria\/","url":"https:\/\/www.fiarebancaetica.coop\/gl\/fiare-en-el-i-congreso-internacional-de-economia-solidaria\/","name":"Fiare en el I Congreso Internacional de Econom\u00eda Solidaria - Fiare Banca Etica","isPartOf":{"@id":"https:\/\/www.fiarebancaetica.coop\/gl\/#website"},"primaryImageOfPage":{"@id":"https:\/\/www.fiarebancaetica.coop\/gl\/fiare-en-el-i-congreso-internacional-de-economia-solidaria\/#primaryimage"},"image":{"@id":"https:\/\/www.fiarebancaetica.coop\/gl\/fiare-en-el-i-congreso-internacional-de-economia-solidaria\/#primaryimage"},"thumbnailUrl":"https:\/\/www.fiarebancaetica.coop\/app\/uploads\/sites\/2\/2023\/12\/fiare-en-el-congreso-internacional-de-economia-social-y-solidaria.jpg","datePublished":"2014-12-02T23:00:00+00:00","dateModified":"2024-02-21T15:14:00+00:00","author":{"@id":"https:\/\/www.fiarebancaetica.coop\/gl\/#\/schema\/person\/579841e89c804b5db05d9141bd9b8272"},"breadcrumb":{"@id":"https:\/\/www.fiarebancaetica.coop\/gl\/fiare-en-el-i-congreso-internacional-de-economia-solidaria\/#breadcrumb"},"inLanguage":"gl-ES","potentialAction":[{"@type":"ReadAction","target":["https:\/\/www.fiarebancaetica.coop\/gl\/fiare-en-el-i-congreso-internacional-de-economia-solidaria\/"]}]},{"@type":"ImageObject","inLanguage":"gl-ES","@id":"https:\/\/www.fiarebancaetica.coop\/gl\/fiare-en-el-i-congreso-internacional-de-economia-solidaria\/#primaryimage","url":"https:\/\/www.fiarebancaetica.coop\/app\/uploads\/sites\/2\/2023\/12\/fiare-en-el-congreso-internacional-de-economia-social-y-solidaria.jpg","contentUrl":"https:\/\/www.fiarebancaetica.coop\/app\/uploads\/sites\/2\/2023\/12\/fiare-en-el-congreso-internacional-de-economia-social-y-solidaria.jpg","width":540,"height":189},{"@type":"BreadcrumbList","@id":"https:\/\/www.fiarebancaetica.coop\/gl\/fiare-en-el-i-congreso-internacional-de-economia-solidaria\/#breadcrumb","itemListElement":[{"@type":"ListItem","position":1,"name":"Home","item":"https:\/\/www.fiarebancaetica.coop\/gl\/"},{"@type":"ListItem","position":2,"name":"Fiare en el I Congreso Internacional de Econom\u00eda Solidaria"}]},{"@type":"WebSite","@id":"https:\/\/www.fiarebancaetica.coop\/gl\/#website","url":"https:\/\/www.fiarebancaetica.coop\/gl\/","name":"Fiare Banca Etica","description":"","potentialAction":[{"@type":"SearchAction","target":{"@type":"EntryPoint","urlTemplate":"https:\/\/www.fiarebancaetica.coop\/gl\/?s={search_term_string}"},"query-input":{"@type":"PropertyValueSpecification","valueRequired":true,"valueName":"search_term_string"}}],"inLanguage":"gl-ES"},{"@type":"Person","@id":"https:\/\/www.fiarebancaetica.coop\/gl\/#\/schema\/person\/579841e89c804b5db05d9141bd9b8272","name":"crispyadmin0","image":{"@type":"ImageObject","inLanguage":"gl-ES","@id":"https:\/\/www.fiarebancaetica.coop\/gl\/#\/schema\/person\/image\/5f3a6b7786f32f4c35bd2b1a5a4698ea","url":"https:\/\/secure.gravatar.com\/avatar\/4d2cfb499d497b6d49da659fab7404b243a87fe8e40d2cf97a1cae48f677f5b2?s=96&d=mm&r=g","contentUrl":"https:\/\/secure.gravatar.com\/avatar\/4d2cfb499d497b6d49da659fab7404b243a87fe8e40d2cf97a1cae48f677f5b2?s=96&d=mm&r=g","caption":"crispyadmin0"},"sameAs":["crispyadmin0"]}]}},"_links":{"self":[{"href":"https:\/\/www.fiarebancaetica.coop\/gl\/wp-json\/wp\/v2\/posts\/346499","targetHints":{"allow":["GET"]}}],"collection":[{"href":"https:\/\/www.fiarebancaetica.coop\/gl\/wp-json\/wp\/v2\/posts"}],"about":[{"href":"https:\/\/www.fiarebancaetica.coop\/gl\/wp-json\/wp\/v2\/types\/post"}],"author":[{"embeddable":true,"href":"https:\/\/www.fiarebancaetica.coop\/gl\/wp-json\/wp\/v2\/users\/2"}],"replies":[{"embeddable":true,"href":"https:\/\/www.fiarebancaetica.coop\/gl\/wp-json\/wp\/v2\/comments?post=346499"}],"version-history":[{"count":1,"href":"https:\/\/www.fiarebancaetica.coop\/gl\/wp-json\/wp\/v2\/posts\/346499\/revisions"}],"predecessor-version":[{"id":352964,"href":"https:\/\/www.fiarebancaetica.coop\/gl\/wp-json\/wp\/v2\/posts\/346499\/revisions\/352964"}],"wp:featuredmedia":[{"embeddable":true,"href":"https:\/\/www.fiarebancaetica.coop\/gl\/wp-json\/wp\/v2\/media\/323474"}],"wp:attachment":[{"href":"https:\/\/www.fiarebancaetica.coop\/gl\/wp-json\/wp\/v2\/media?parent=346499"}],"wp:term":[{"taxonomy":"category","embeddable":true,"href":"https:\/\/www.fiarebancaetica.coop\/gl\/wp-json\/wp\/v2\/categories?post=346499"},{"taxonomy":"post_tag","embeddable":true,"href":"https:\/\/www.fiarebancaetica.coop\/gl\/wp-json\/wp\/v2\/tags?post=346499"},{"taxonomy":"author","embeddable":true,"href":"https:\/\/www.fiarebancaetica.coop\/gl\/wp-json\/wp\/v2\/coauthors?post=346499"}],"curies":[{"name":"wp","href":"https:\/\/api.w.org\/{rel}","templated":true}]}}