{"id":346587,"date":"2014-06-10T00:00:00","date_gmt":"2014-06-09T22:00:00","guid":{"rendered":"https:\/\/www.fiarebancaetica.coop\/nova-feina-trabajando-para-que-tu-trabajes\/"},"modified":"2024-02-21T16:15:59","modified_gmt":"2024-02-21T15:15:59","slug":"nova-feina-trabajando-para-que-tu-trabajes","status":"publish","type":"post","link":"https:\/\/www.fiarebancaetica.coop\/gl\/nova-feina-trabajando-para-que-tu-trabajes\/","title":{"rendered":"Nova Feina: trabajando para que t\u00fa trabajes"},"content":{"rendered":"\n\n<div class=\"wp-block-bancaetica-blocks-blocks-block-49\">\n    <div class=\"container-block-49\">\n\n        <div class=\"header-section \">\n                            <h1 class=\"section-title\"> Etica e cooperativa <\/h1>\n                                            <\/div>\n\n        \n        <div class=\"block-background\" style=\"background-image: url('https:\/\/www.fiarebancaetica.coop\/app\/uploads\/sites\/2\/2023\/12\/nova-feina-trabajando-para-que-tu-trabajes.jpg')\">\n                            <div class=\"tile\">\n                    <h1 class=\"image-title\"> Nova Feina: trabajando para que t\u00fa trabajes <\/h1>\n                <\/div>             <!-- end .tile -->\n            <div class=\"bottom-content\">\n                            <\/div> <!-- end .button-content -->\n        <\/div> <!-- end .block-background -->\n    <\/div> <!-- end .container -->\n<\/div> <!-- end wp-block-bancaetica-blocks-blocks-block-06 -->\n\n\n<div class=\"wrapper-crispybacon-class wrapper-crispybacon-class-boxed \">\n    <p>La raz\u00f3n de ser de Nova Feina es promover la inclusi\u00f3n social a partir del acceso al empleo estable, digno y desde una responsabilidad social compartida, ofreciendo servicios integrales de informaci\u00f3n, orientaci\u00f3n, formaci\u00f3n, intermediaci\u00f3n laboral y acompa\u00f1amiento en el empleo.<\/p>\n<p>Este trabajo se realiza para cada una de las personas en riesgo de exclusi\u00f3n social participante en el programa, se dise\u00f1a un itinerario individualizado de inserci\u00f3n en funci\u00f3n de sus capacidades y habilidades personales y sus espec\u00edficas necesidades formativas, teniendo en cuenta adem\u00e1s la problem\u00e1tica que soporta de forma gen\u00e9rica cada colectivo: mayores de 45 a\u00f1os, parados de larga duraci\u00f3n, j\u00f3venes, mujeres, etc. En este sentido los itinerarios contemplan acciones de informaci\u00f3n, formaci\u00f3n orientaci\u00f3n laboral, fortalecimiento de habilidades sociales, motivaci\u00f3n, derivaci\u00f3n a ofertas de empleo y seguimiento en el puesto de trabajo.<\/p>\n<p>A trav\u00e9s del programa los empresarios tienen la posibilidad de tener acceso a personas candidatas debidamente preparadas, que han pasado por un proceso de selecci\u00f3n que les permite beneficiarse de diversos incentivos econ\u00f3micos que pueden llegar a alcanzar ayudas econ\u00f3micas al contratar al persona de car\u00e1cter indefinido.<\/p>\n<table border=\"1\" cellpadding=\"1\" style=\"border-spacing: 1px;\">\n\t<tbody>\n\t\t<tr>\n\t\t\t<td>\n\t\t\t\t<strong>Ficha del proyecto<\/strong><\/td>\n\t\t\t<td>\n\t\t\t\t&nbsp;<\/td>\n\t\t<\/tr>\n\t\t<tr>\n\t\t\t<td>\n\t\t\t\tObjectivo<\/td>\n\t\t\t<td>\n\t\t\t\tcorriente<\/td>\n\t\t<\/tr>\n\t\t<tr>\n\t\t\t<td>\n\t\t\t\tImporte<\/td>\n\t\t\t<td>\n\t\t\t\t250.000 euros<\/td>\n\t\t<\/tr>\n\t\t<tr>\n\t\t\t<td>\n\t\t\t\tSector<\/td>\n\t\t\t<td>\n\t\t\t\tEconomia solidaria \/ Incl\u00f9sion<\/td>\n\t\t<\/tr>\n\t\t<tr>\n\t\t\t<td>\n\t\t\t\tForma jur\u00eddica<\/td>\n\t\t\t<td>\n\t\t\t\tAsociaci\u00f3n<\/td>\n\t\t<\/tr>\n\t\t<tr>\n\t\t\t<td>\n\t\t\t\tFecha de aprobaci\u00f3n<\/td>\n\t\t\t<td>\n\t\t\t\t24\/11\/2011<\/td>\n\t\t<\/tr>\n\t\t<tr>\n\t\t\t<td>\n\t\t\t\t\u00c1mbito de actuaci\u00f3n<\/td>\n\t\t\t<td>\n\t\t\t\tEstatal<\/td>\n\t\t<\/tr>\n\t\t<tr>\n\t\t\t<td>\n\t\t\t\tTerritorial<\/td>\n\t\t\t<td>\n\t\t\t\tValencia<\/td>\n\t\t<\/tr>\n\t\t<tr>\n\t\t\t<td>\n\t\t\t\tOficina<\/td>\n\t\t\t<td>\n\t\t\t\tBarcelona<\/td>\n\t\t<\/tr>\n\t\t<tr>\n\t\t\t<td>\n\t\t\t\tweb<\/td>\n\t\t\t<td>\n\t\t\t\twww.novafeina.org<\/td>\n\t\t<\/tr>\n\t<\/tbody>\n<\/table>\n<p>&nbsp;<\/p>\n<\/div>","protected":false},"excerpt":{"rendered":"<p>La raz\u00f3n de ser de Nova Feina es promover la inclusi\u00f3n social a partir del acceso al empleo estable, digno y desde una responsabilidad social compartida, ofreciendo servicios integrales de informaci\u00f3n, orientaci\u00f3n, formaci\u00f3n, intermediaci\u00f3n laboral y acompa\u00f1amiento en el empleo.<\/p>\n","protected":false},"author":2,"featured_media":323251,"comment_status":"open","ping_status":"closed","sticky":false,"template":"","format":"standard","meta":{"_acf_changed":false,"footnotes":""},"categories":[11664],"tags":[],"coauthors":[],"class_list":["post-346587","post","type-post","status-publish","format-standard","has-post-thumbnail","hentry","category-historias-de-impacto-positivo"],"acf":[],"yoast_head":"<!-- This site is optimized with the Yoast SEO plugin v26.9 - https:\/\/yoast.com\/product\/yoast-seo-wordpress\/ -->\n<title>Nova Feina: trabajando para que t\u00fa trabajes - Fiare Banca Etica<\/title>\n<meta name=\"robots\" content=\"index, follow, max-snippet:-1, max-image-preview:large, max-video-preview:-1\" \/>\n<link rel=\"canonical\" href=\"https:\/\/www.fiarebancaetica.coop\/gl\/nova-feina-trabajando-para-que-tu-trabajes\/\" \/>\n<meta property=\"og:locale\" content=\"gl_ES\" \/>\n<meta property=\"og:type\" content=\"article\" \/>\n<meta property=\"og:title\" content=\"Nova Feina: trabajando para que t\u00fa trabajes - Fiare Banca Etica\" \/>\n<meta property=\"og:description\" content=\"La raz\u00f3n de ser de Nova Feina es promover la inclusi\u00f3n social a partir del acceso al empleo estable, digno y desde una responsabilidad social compartida, ofreciendo servicios integrales de informaci\u00f3n, orientaci\u00f3n, formaci\u00f3n, intermediaci\u00f3n laboral y acompa\u00f1amiento en el empleo.\" \/>\n<meta property=\"og:url\" content=\"https:\/\/www.fiarebancaetica.coop\/gl\/nova-feina-trabajando-para-que-tu-trabajes\/\" \/>\n<meta property=\"og:site_name\" content=\"Fiare Banca Etica\" \/>\n<meta property=\"article:published_time\" content=\"2014-06-09T22:00:00+00:00\" \/>\n<meta property=\"article:modified_time\" content=\"2024-02-21T15:15:59+00:00\" \/>\n<meta property=\"og:image\" content=\"https:\/\/www.fiarebancaetica.coop\/app\/uploads\/sites\/2\/2023\/12\/nova-feina-trabajando-para-que-tu-trabajes.jpg\" \/>\n\t<meta property=\"og:image:width\" content=\"600\" \/>\n\t<meta property=\"og:image:height\" content=\"361\" \/>\n\t<meta property=\"og:image:type\" content=\"image\/jpeg\" \/>\n<meta name=\"author\" content=\"crispyadmin0\" \/>\n<meta name=\"twitter:card\" content=\"summary_large_image\" \/>\n<script type=\"application\/ld+json\" class=\"yoast-schema-graph\">{\"@context\":\"https:\/\/schema.org\",\"@graph\":[{\"@type\":\"Article\",\"@id\":\"https:\/\/www.fiarebancaetica.coop\/gl\/nova-feina-trabajando-para-que-tu-trabajes\/#article\",\"isPartOf\":{\"@id\":\"https:\/\/www.fiarebancaetica.coop\/gl\/nova-feina-trabajando-para-que-tu-trabajes\/\"},\"author\":{\"name\":\"crispyadmin0\",\"@id\":\"https:\/\/www.fiarebancaetica.coop\/gl\/#\/schema\/person\/579841e89c804b5db05d9141bd9b8272\"},\"headline\":\"Nova Feina: trabajando para que t\u00fa trabajes\",\"datePublished\":\"2014-06-09T22:00:00+00:00\",\"dateModified\":\"2024-02-21T15:15:59+00:00\",\"mainEntityOfPage\":{\"@id\":\"https:\/\/www.fiarebancaetica.coop\/gl\/nova-feina-trabajando-para-que-tu-trabajes\/\"},\"wordCount\":249,\"commentCount\":0,\"image\":{\"@id\":\"https:\/\/www.fiarebancaetica.coop\/gl\/nova-feina-trabajando-para-que-tu-trabajes\/#primaryimage\"},\"thumbnailUrl\":\"https:\/\/www.fiarebancaetica.coop\/app\/uploads\/sites\/2\/2023\/12\/nova-feina-trabajando-para-que-tu-trabajes.jpg\",\"articleSection\":[\"Historias de impacto positivo\"],\"inLanguage\":\"gl-ES\",\"potentialAction\":[{\"@type\":\"CommentAction\",\"name\":\"Comment\",\"target\":[\"https:\/\/www.fiarebancaetica.coop\/gl\/nova-feina-trabajando-para-que-tu-trabajes\/#respond\"]}]},{\"@type\":\"WebPage\",\"@id\":\"https:\/\/www.fiarebancaetica.coop\/gl\/nova-feina-trabajando-para-que-tu-trabajes\/\",\"url\":\"https:\/\/www.fiarebancaetica.coop\/gl\/nova-feina-trabajando-para-que-tu-trabajes\/\",\"name\":\"Nova Feina: trabajando para que t\u00fa trabajes - Fiare Banca Etica\",\"isPartOf\":{\"@id\":\"https:\/\/www.fiarebancaetica.coop\/gl\/#website\"},\"primaryImageOfPage\":{\"@id\":\"https:\/\/www.fiarebancaetica.coop\/gl\/nova-feina-trabajando-para-que-tu-trabajes\/#primaryimage\"},\"image\":{\"@id\":\"https:\/\/www.fiarebancaetica.coop\/gl\/nova-feina-trabajando-para-que-tu-trabajes\/#primaryimage\"},\"thumbnailUrl\":\"https:\/\/www.fiarebancaetica.coop\/app\/uploads\/sites\/2\/2023\/12\/nova-feina-trabajando-para-que-tu-trabajes.jpg\",\"datePublished\":\"2014-06-09T22:00:00+00:00\",\"dateModified\":\"2024-02-21T15:15:59+00:00\",\"author\":{\"@id\":\"https:\/\/www.fiarebancaetica.coop\/gl\/#\/schema\/person\/579841e89c804b5db05d9141bd9b8272\"},\"breadcrumb\":{\"@id\":\"https:\/\/www.fiarebancaetica.coop\/gl\/nova-feina-trabajando-para-que-tu-trabajes\/#breadcrumb\"},\"inLanguage\":\"gl-ES\",\"potentialAction\":[{\"@type\":\"ReadAction\",\"target\":[\"https:\/\/www.fiarebancaetica.coop\/gl\/nova-feina-trabajando-para-que-tu-trabajes\/\"]}]},{\"@type\":\"ImageObject\",\"inLanguage\":\"gl-ES\",\"@id\":\"https:\/\/www.fiarebancaetica.coop\/gl\/nova-feina-trabajando-para-que-tu-trabajes\/#primaryimage\",\"url\":\"https:\/\/www.fiarebancaetica.coop\/app\/uploads\/sites\/2\/2023\/12\/nova-feina-trabajando-para-que-tu-trabajes.jpg\",\"contentUrl\":\"https:\/\/www.fiarebancaetica.coop\/app\/uploads\/sites\/2\/2023\/12\/nova-feina-trabajando-para-que-tu-trabajes.jpg\",\"width\":600,\"height\":361},{\"@type\":\"BreadcrumbList\",\"@id\":\"https:\/\/www.fiarebancaetica.coop\/gl\/nova-feina-trabajando-para-que-tu-trabajes\/#breadcrumb\",\"itemListElement\":[{\"@type\":\"ListItem\",\"position\":1,\"name\":\"Home\",\"item\":\"https:\/\/www.fiarebancaetica.coop\/gl\/\"},{\"@type\":\"ListItem\",\"position\":2,\"name\":\"Nova Feina: trabajando para que t\u00fa trabajes\"}]},{\"@type\":\"WebSite\",\"@id\":\"https:\/\/www.fiarebancaetica.coop\/gl\/#website\",\"url\":\"https:\/\/www.fiarebancaetica.coop\/gl\/\",\"name\":\"Fiare Banca Etica\",\"description\":\"\",\"potentialAction\":[{\"@type\":\"SearchAction\",\"target\":{\"@type\":\"EntryPoint\",\"urlTemplate\":\"https:\/\/www.fiarebancaetica.coop\/gl\/?s={search_term_string}\"},\"query-input\":{\"@type\":\"PropertyValueSpecification\",\"valueRequired\":true,\"valueName\":\"search_term_string\"}}],\"inLanguage\":\"gl-ES\"},{\"@type\":\"Person\",\"@id\":\"https:\/\/www.fiarebancaetica.coop\/gl\/#\/schema\/person\/579841e89c804b5db05d9141bd9b8272\",\"name\":\"crispyadmin0\",\"image\":{\"@type\":\"ImageObject\",\"inLanguage\":\"gl-ES\",\"@id\":\"https:\/\/www.fiarebancaetica.coop\/gl\/#\/schema\/person\/image\/5f3a6b7786f32f4c35bd2b1a5a4698ea\",\"url\":\"https:\/\/secure.gravatar.com\/avatar\/4d2cfb499d497b6d49da659fab7404b243a87fe8e40d2cf97a1cae48f677f5b2?s=96&d=mm&r=g\",\"contentUrl\":\"https:\/\/secure.gravatar.com\/avatar\/4d2cfb499d497b6d49da659fab7404b243a87fe8e40d2cf97a1cae48f677f5b2?s=96&d=mm&r=g\",\"caption\":\"crispyadmin0\"},\"sameAs\":[\"crispyadmin0\"]}]}<\/script>\n<!-- \/ Yoast SEO plugin. -->","yoast_head_json":{"title":"Nova Feina: trabajando para que t\u00fa trabajes - Fiare Banca Etica","robots":{"index":"index","follow":"follow","max-snippet":"max-snippet:-1","max-image-preview":"max-image-preview:large","max-video-preview":"max-video-preview:-1"},"canonical":"https:\/\/www.fiarebancaetica.coop\/gl\/nova-feina-trabajando-para-que-tu-trabajes\/","og_locale":"gl_ES","og_type":"article","og_title":"Nova Feina: trabajando para que t\u00fa trabajes - Fiare Banca Etica","og_description":"La raz\u00f3n de ser de Nova Feina es promover la inclusi\u00f3n social a partir del acceso al empleo estable, digno y desde una responsabilidad social compartida, ofreciendo servicios integrales de informaci\u00f3n, orientaci\u00f3n, formaci\u00f3n, intermediaci\u00f3n laboral y acompa\u00f1amiento en el empleo.","og_url":"https:\/\/www.fiarebancaetica.coop\/gl\/nova-feina-trabajando-para-que-tu-trabajes\/","og_site_name":"Fiare Banca Etica","article_published_time":"2014-06-09T22:00:00+00:00","article_modified_time":"2024-02-21T15:15:59+00:00","og_image":[{"width":600,"height":361,"url":"https:\/\/www.fiarebancaetica.coop\/app\/uploads\/sites\/2\/2023\/12\/nova-feina-trabajando-para-que-tu-trabajes.jpg","type":"image\/jpeg"}],"author":"crispyadmin0","twitter_card":"summary_large_image","schema":{"@context":"https:\/\/schema.org","@graph":[{"@type":"Article","@id":"https:\/\/www.fiarebancaetica.coop\/gl\/nova-feina-trabajando-para-que-tu-trabajes\/#article","isPartOf":{"@id":"https:\/\/www.fiarebancaetica.coop\/gl\/nova-feina-trabajando-para-que-tu-trabajes\/"},"author":{"name":"crispyadmin0","@id":"https:\/\/www.fiarebancaetica.coop\/gl\/#\/schema\/person\/579841e89c804b5db05d9141bd9b8272"},"headline":"Nova Feina: trabajando para que t\u00fa trabajes","datePublished":"2014-06-09T22:00:00+00:00","dateModified":"2024-02-21T15:15:59+00:00","mainEntityOfPage":{"@id":"https:\/\/www.fiarebancaetica.coop\/gl\/nova-feina-trabajando-para-que-tu-trabajes\/"},"wordCount":249,"commentCount":0,"image":{"@id":"https:\/\/www.fiarebancaetica.coop\/gl\/nova-feina-trabajando-para-que-tu-trabajes\/#primaryimage"},"thumbnailUrl":"https:\/\/www.fiarebancaetica.coop\/app\/uploads\/sites\/2\/2023\/12\/nova-feina-trabajando-para-que-tu-trabajes.jpg","articleSection":["Historias de impacto positivo"],"inLanguage":"gl-ES","potentialAction":[{"@type":"CommentAction","name":"Comment","target":["https:\/\/www.fiarebancaetica.coop\/gl\/nova-feina-trabajando-para-que-tu-trabajes\/#respond"]}]},{"@type":"WebPage","@id":"https:\/\/www.fiarebancaetica.coop\/gl\/nova-feina-trabajando-para-que-tu-trabajes\/","url":"https:\/\/www.fiarebancaetica.coop\/gl\/nova-feina-trabajando-para-que-tu-trabajes\/","name":"Nova Feina: trabajando para que t\u00fa trabajes - Fiare Banca Etica","isPartOf":{"@id":"https:\/\/www.fiarebancaetica.coop\/gl\/#website"},"primaryImageOfPage":{"@id":"https:\/\/www.fiarebancaetica.coop\/gl\/nova-feina-trabajando-para-que-tu-trabajes\/#primaryimage"},"image":{"@id":"https:\/\/www.fiarebancaetica.coop\/gl\/nova-feina-trabajando-para-que-tu-trabajes\/#primaryimage"},"thumbnailUrl":"https:\/\/www.fiarebancaetica.coop\/app\/uploads\/sites\/2\/2023\/12\/nova-feina-trabajando-para-que-tu-trabajes.jpg","datePublished":"2014-06-09T22:00:00+00:00","dateModified":"2024-02-21T15:15:59+00:00","author":{"@id":"https:\/\/www.fiarebancaetica.coop\/gl\/#\/schema\/person\/579841e89c804b5db05d9141bd9b8272"},"breadcrumb":{"@id":"https:\/\/www.fiarebancaetica.coop\/gl\/nova-feina-trabajando-para-que-tu-trabajes\/#breadcrumb"},"inLanguage":"gl-ES","potentialAction":[{"@type":"ReadAction","target":["https:\/\/www.fiarebancaetica.coop\/gl\/nova-feina-trabajando-para-que-tu-trabajes\/"]}]},{"@type":"ImageObject","inLanguage":"gl-ES","@id":"https:\/\/www.fiarebancaetica.coop\/gl\/nova-feina-trabajando-para-que-tu-trabajes\/#primaryimage","url":"https:\/\/www.fiarebancaetica.coop\/app\/uploads\/sites\/2\/2023\/12\/nova-feina-trabajando-para-que-tu-trabajes.jpg","contentUrl":"https:\/\/www.fiarebancaetica.coop\/app\/uploads\/sites\/2\/2023\/12\/nova-feina-trabajando-para-que-tu-trabajes.jpg","width":600,"height":361},{"@type":"BreadcrumbList","@id":"https:\/\/www.fiarebancaetica.coop\/gl\/nova-feina-trabajando-para-que-tu-trabajes\/#breadcrumb","itemListElement":[{"@type":"ListItem","position":1,"name":"Home","item":"https:\/\/www.fiarebancaetica.coop\/gl\/"},{"@type":"ListItem","position":2,"name":"Nova Feina: trabajando para que t\u00fa trabajes"}]},{"@type":"WebSite","@id":"https:\/\/www.fiarebancaetica.coop\/gl\/#website","url":"https:\/\/www.fiarebancaetica.coop\/gl\/","name":"Fiare Banca Etica","description":"","potentialAction":[{"@type":"SearchAction","target":{"@type":"EntryPoint","urlTemplate":"https:\/\/www.fiarebancaetica.coop\/gl\/?s={search_term_string}"},"query-input":{"@type":"PropertyValueSpecification","valueRequired":true,"valueName":"search_term_string"}}],"inLanguage":"gl-ES"},{"@type":"Person","@id":"https:\/\/www.fiarebancaetica.coop\/gl\/#\/schema\/person\/579841e89c804b5db05d9141bd9b8272","name":"crispyadmin0","image":{"@type":"ImageObject","inLanguage":"gl-ES","@id":"https:\/\/www.fiarebancaetica.coop\/gl\/#\/schema\/person\/image\/5f3a6b7786f32f4c35bd2b1a5a4698ea","url":"https:\/\/secure.gravatar.com\/avatar\/4d2cfb499d497b6d49da659fab7404b243a87fe8e40d2cf97a1cae48f677f5b2?s=96&d=mm&r=g","contentUrl":"https:\/\/secure.gravatar.com\/avatar\/4d2cfb499d497b6d49da659fab7404b243a87fe8e40d2cf97a1cae48f677f5b2?s=96&d=mm&r=g","caption":"crispyadmin0"},"sameAs":["crispyadmin0"]}]}},"_links":{"self":[{"href":"https:\/\/www.fiarebancaetica.coop\/gl\/wp-json\/wp\/v2\/posts\/346587","targetHints":{"allow":["GET"]}}],"collection":[{"href":"https:\/\/www.fiarebancaetica.coop\/gl\/wp-json\/wp\/v2\/posts"}],"about":[{"href":"https:\/\/www.fiarebancaetica.coop\/gl\/wp-json\/wp\/v2\/types\/post"}],"author":[{"embeddable":true,"href":"https:\/\/www.fiarebancaetica.coop\/gl\/wp-json\/wp\/v2\/users\/2"}],"replies":[{"embeddable":true,"href":"https:\/\/www.fiarebancaetica.coop\/gl\/wp-json\/wp\/v2\/comments?post=346587"}],"version-history":[{"count":1,"href":"https:\/\/www.fiarebancaetica.coop\/gl\/wp-json\/wp\/v2\/posts\/346587\/revisions"}],"predecessor-version":[{"id":352874,"href":"https:\/\/www.fiarebancaetica.coop\/gl\/wp-json\/wp\/v2\/posts\/346587\/revisions\/352874"}],"wp:featuredmedia":[{"embeddable":true,"href":"https:\/\/www.fiarebancaetica.coop\/gl\/wp-json\/wp\/v2\/media\/323251"}],"wp:attachment":[{"href":"https:\/\/www.fiarebancaetica.coop\/gl\/wp-json\/wp\/v2\/media?parent=346587"}],"wp:term":[{"taxonomy":"category","embeddable":true,"href":"https:\/\/www.fiarebancaetica.coop\/gl\/wp-json\/wp\/v2\/categories?post=346587"},{"taxonomy":"post_tag","embeddable":true,"href":"https:\/\/www.fiarebancaetica.coop\/gl\/wp-json\/wp\/v2\/tags?post=346587"},{"taxonomy":"author","embeddable":true,"href":"https:\/\/www.fiarebancaetica.coop\/gl\/wp-json\/wp\/v2\/coauthors?post=346587"}],"curies":[{"name":"wp","href":"https:\/\/api.w.org\/{rel}","templated":true}]}}