{"id":364725,"date":"2024-01-23T15:03:00","date_gmt":"2024-01-23T14:03:00","guid":{"rendered":"https:\/\/www.fiarebancaetica.coop\/?p=364725"},"modified":"2024-02-21T14:40:54","modified_gmt":"2024-02-21T13:40:54","slug":"top-manta-moda-solidaria-pola-loita-antirracista","status":"publish","type":"post","link":"https:\/\/www.fiarebancaetica.coop\/gl\/top-manta-moda-solidaria-pola-loita-antirracista\/","title":{"rendered":"Top Manta, moda solidaria pola loita antirracista"},"content":{"rendered":"\n\n<div class=\"wp-block-bancaetica-blocks-blocks-block-49\">\n    <div class=\"container-block-49\">\n\n        <div class=\"header-section \">\n                            <h1 class=\"section-title\"> Etica e cooperativa <\/h1>\n                                            <\/div>\n\n        \n        <div class=\"block-background\" style=\"background-image: url('https:\/\/www.fiarebancaetica.coop\/app\/uploads\/sites\/2\/2024\/01\/topmanta-7.jpg')\">\n                            <div class=\"tile\">\n                    <h1 class=\"image-title\"> Top Manta, moda solidaria por la lucha antirracista <\/h1>\n                <\/div>             <!-- end .tile -->\n            <div class=\"bottom-content\">\n                            <\/div> <!-- end .button-content -->\n        <\/div> <!-- end .block-background -->\n    <\/div> <!-- end .container -->\n<\/div> <!-- end wp-block-bancaetica-blocks-blocks-block-06 -->\n\n<div class=\"entry-content\">\n<div class=\"field field-name-field-testo field-type-text-long field-label-hidden\">\n<div class=\"field-items\">\n<div class=\"field-item even\">\n<p>Frente a las barreras burocr\u00e1ticas, de racismo y desprotecci\u00f3n al que se enfrentan las personas migrantes y, en concreto, el colectivo de vendedores ambulantes, nace en 2015 el Sindicato Popular de Vendedores Ambulantes de Barcelona. Con \u00e9l, se desarrolla el proyecto de&nbsp;<a href=\"https:\/\/topmanta.store\/\"><strong>Top Manta<\/strong><\/a>: una marca de ropa social y solidaria concebida para mejorar la calidad de vida de este colectivo. A trav\u00e9s de este proyecto se visibiliza una lucha por conseguir vivir y trabajar en condiciones dignas e iniciar procesos de regularizaci\u00f3n de personas migrantes que ya est\u00e1n viviendo y trabajando aqu\u00ed.<\/p>\n<p>Hemos podido visitar el taller donde las personas trabajadoras de&nbsp;<strong>Top Manta<\/strong>&nbsp;cosen y serigraf\u00edan sus productos. Lamine Sarr, uno de los fundadores del sindicato y de Top Manta, nos cuenta m\u00e1s sobre el proyecto.<\/p>\n<h2>\u00bfC\u00f3mo nace el colectivo de Top Manta?<\/h2>\n<p>Nace con el sindicato en 2015, cuando empezamos a luchar por visibilizar y denunciar la situaci\u00f3n que estamos viviendo en la calle con la venta ambulante, cambiar un oficio que muchos tienen en nuestro colectivo. As\u00ed es como empez\u00f3 el proyecto. Durante dos a\u00f1os hicimos un gran trabajo pol\u00edtico y sindical: dando charlas, participando en mesas redondas y eventos pol\u00edticos. Despu\u00e9s de esto, decidimos crear la marca de Top Manta.<\/p>\n<p><img loading=\"lazy\" decoding=\"async\" src=\"https:\/\/www.fiarebancaetica.coop\/sites\/fiarebancaetica.com\/files\/resize\/web\/top%20manta%2023-37-500x334.jpg\" alt=\"\" width=\"500\" height=\"334\"><\/p>\n<h2>\u00bfEn qu\u00e9 punto se encuentra Top Manta entre el activismo y la marca de ropa?<\/h2>\n<p>Hacemos de todo. Ahora mismo somos una cooperativa, y no es s\u00f3lo una cooperativa que vende productos; el sindicato est\u00e1 luchando por los derechos humanos. Tambi\u00e9n estamos creando proyectos para apoyar a much\u00edsimas personas que est\u00e1n en situaciones dif\u00edciles o en la calle.<\/p>\n<h2>\u00bfPor qu\u00e9 objetivos trabaj\u00e1is en la organizaci\u00f3n?<\/h2>\n<p>Nuestros objetivos no se acaban nunca, porque estamos luchando contra el racismo, contra la desigualdad, para regularizar a muchas personas que llevan aqu\u00ed muchos a\u00f1os y que no pueden volver con sus familias. Es un trabajo que requiere estar presente las 24 horas, porque no se termina nunca.<\/p>\n<p><img loading=\"lazy\" decoding=\"async\" src=\"https:\/\/www.fiarebancaetica.coop\/sites\/fiarebancaetica.com\/files\/resize\/web\/topmanta2-500x324.jpg\" alt=\"\" width=\"500\" height=\"324\"><\/p>\n<h2>Al comenzar este proyecto, \u00bfos encontrasteis con obst\u00e1culos o dificultades de financiaci\u00f3n?<\/h2>\n<p>No esperamos a tener financiaci\u00f3n para empezar: cuando empezamos no ten\u00edamos ni una prenda, s\u00f3lo un cartel con el logo. Despu\u00e9s empezamos a hacer c\u00e1tering, y con ese dinero pudimos empezar a financiar poco a poco las primeras prendas, hacer crowdfunding, hasta que hemos podido ir comprando m\u00e1s productos para hacer la serigraf\u00eda y abrir la tienda.<\/p>\n<h2>\u00bfC\u00f3mo ha crecido este proyecto desde su comienzo?<\/h2>\n<p>Ha crecido much\u00edsimo, es un proyecto que naci\u00f3 de cero. Cuando empezamos no ten\u00edamos ning\u00fan derecho; no ten\u00edamos papeles para crear una cuenta bancaria o para trabajar. Un proyecto que empez\u00f3 con personas que no ten\u00edan papeles, hasta poder contratar a 25 personas y ayudar a m\u00e1s de 140 personas\u2026 creemos que hemos crecido bastante.<\/p>\n<h2>\u00bfA nivel personal, c\u00f3mo valoras el trabajo hecho hasta ahora?<\/h2>\n<p>Nosotros podr\u00edamos cerrar ya las puertas e irnos, porque hemos trabajado mucho para llegar hasta aqu\u00ed. Hay cosas que, si explicase, no se creer\u00edan. Estuvimos un a\u00f1o sin poder cobrar nada, \u00bfde qu\u00e9 va a vivir alguien que est\u00e1 trabajando 24 horas y que no cobra? Hemos sacrificado nuestro tiempo, relaciones, familia, para poder llegar hasta aqu\u00ed.<\/p>\n<p><img loading=\"lazy\" decoding=\"async\" src=\"https:\/\/www.fiarebancaetica.coop\/sites\/fiarebancaetica.com\/files\/resize\/web\/topmanta3-500x324.jpg\" alt=\"\" width=\"500\" height=\"324\"><\/p>\n<h2>\u00bfQu\u00e9 alcance tiene Top Manta?\u00bfA qui\u00e9n beneficia?<\/h2>\n<p>Nosotros consideramos que no s\u00f3lo beneficiamos a los trabajadores y usuarios, sino tambi\u00e9n a los gobiernos, porque estamos beneficiando al desarrollo econ\u00f3mico de este pa\u00eds; estamos pagando much\u00edsimas tasas que benefician al gobierno. Durante la pandemia, produjimos m\u00e1s de 14.000 productos de manera gratuita para los hospitales y las residencias.<\/p>\n<h2>\u00bfEst\u00e1 cambiando la visi\u00f3n e implicaci\u00f3n social sobre el colectivo de vendedores ambulantes?<\/h2>\n<p>No s\u00f3lo ha cambiado la forma en que se ve, tambi\u00e9n ha abierto el camino a much\u00edsimos colectivos para denunciar el racismo, para perder ese miedo. Despu\u00e9s de Top Manta han nacido muchos colectivos; se ha convertido en un s\u00edmbolo de la lucha antirracista y ha abierto las puertas a los dem\u00e1s.<\/p>\n<p><\/p>\n<p><strong><a href=\"https:\/\/topmanta.store\/\">https:\/\/topmanta.store\/<\/a><\/strong><\/p>\n<p>__________________________________________________<\/p>\n<h1><a id=\"ca\" name=\"ca\"><\/a>Top Manta, moda solid\u00e0ria per la lluita antiracista<\/h1>\n<p>Enfront de les barreres burocr\u00e0tiques, de racisme i desprotecci\u00f3 al qual s&#8217;enfronten les persones migrants i, en concret, el col\u00b7lectiu de venedors ambulants, neix en 2015 el Sindicat Popular de Venedors Ambulants de Barcelona. Amb ell, es desenvolupa el projecte de&nbsp;<a href=\"https:\/\/topmanta.store\/\">Top Manta<\/a>: una marca de roba social i solid\u00e0ria concebuda per a millorar la qualitat de vida d&#8217;aquest col\u00b7lectiu. A trav\u00e9s d&#8217;aquest projecte es visibilitza una lluita per aconseguir viure i treballar en condicions dignes i iniciar processos de regularitzaci\u00f3 de persones migrants que ja estan vivint i treballant aqu\u00ed.<\/p>\n<p>Hem pogut visitar el taller on les persones treballadores de Top manta cusen i serigrafien els seus productes. Lamine Sarr, un dels fundadors del sindicat i de Top manta, ens compta m\u00e9s sobre el projecte.<\/p>\n<h2>Com neix el col\u00b7lectiu de Top Manta?<\/h2>\n<p>Neix amb el sindicat en 2015, quan comencem a lluitar per visibilitzar i denunciar la situaci\u00f3 que estem vivint al carrer amb la venda ambulant, canviar un ofici que molts tenen en el nostre col\u00b7lectiu. Aix\u00ed \u00e9s com va comen\u00e7ar el projecte. Durant dos anys vam fer una gran feina pol\u00edtica i sindical: donant xerrades, participant en taules rodones i esdeveniments pol\u00edtics. Despr\u00e9s d&#8217;aix\u00f2, decidim crear la marca de Top Manta.<\/p>\n<h2>En quin punt es troba Top Manta entre l&#8217;activisme i la marca de roba?<\/h2>\n<p>Fem de tot. Ara mateix som una cooperativa, i no \u00e9s nom\u00e9s una cooperativa que ven productes; el sindicat est\u00e0 lluitant pels drets humans. Tamb\u00e9 estem creant projectes per a fer costat a molt\u00edssimes persones que estan en situacions dif\u00edcils o al carrer.<\/p>\n<h2>Per quins objectius treballeu en l&#8217;organitzaci\u00f3?<\/h2>\n<p>Els nostres objectius no s&#8217;acaben mai, perqu\u00e8 estem lluitant contra el racisme, contra la desigualtat, per a regularitzar a moltes persones que porten aqu\u00ed molts anys i que no poden tornar amb les seves fam\u00edlies. \u00c9s un treball que requereix ser present les 24 hores, perqu\u00e8 no s&#8217;acaba mai.<\/p>\n<h2>En comen\u00e7ar aquest projecte, us vau trobar amb obstacles o dificultats de finan\u00e7ament?<\/h2>\n<p>No vam esperar a tenir finan\u00e7ament per a comen\u00e7ar: quan vam comen\u00e7ar no ten\u00edem ni una pe\u00e7a, nom\u00e9s un cartell amb el logo. Despr\u00e9s comencem a fer c\u00e0tering, i amb aquests diners vam poder comen\u00e7ar a finan\u00e7ar a poc a poc les primeres peces de roba, fer micromecenatge, fins que hem pogut anar comprant m\u00e9s productes per a fer la serigrafia i obrir la botiga.<\/p>\n<h2>Com ha crescut aquest projecte des del seu comen\u00e7ament?<\/h2>\n<p>Ha crescut molt\u00edssim, \u00e9s un projecte que va n\u00e9ixer de zero. Quan vam comen\u00e7ar no ten\u00edem cap dret; no ten\u00edem papers per a crear un compte bancari o per a treballar. Un projecte que va comen\u00e7ar amb persones que no tenien papers, fins a poder contractar 25 persones i ajudar a m\u00e9s de 140 persones\u2026 creiem que hem crescut bastant.<\/p>\n<h2>En l\u2019\u00e0mbit personal, com valores el treball fet fins ara?<\/h2>\n<p>Nosaltres podr\u00edem tancar ja les portes i anar-nos-en, perqu\u00e8 hem treballat molt per a arribar fins aqu\u00ed. Hi ha coses que, si expliqu\u00e9s, no es creurien. Vam estar un any sense poder cobrar res, de qu\u00e8 viur\u00e0 alg\u00fa que est\u00e0 treballant 24 hores i que no cobra? Hem sacrificat el nostre temps, relacions, fam\u00edlia, per a poder arribar fins aqu\u00ed.<\/p>\n<p><a href=\"https:\/\/topmanta.store\/\">https:\/\/topmanta.store\/<\/a><\/p>\n<\/div>\n<\/div>\n<\/div>\n<\/div>\n\n\n<p><\/p>\n","protected":false},"excerpt":{"rendered":"<p>Frente a las barreras burocr\u00e1ticas, de racismo y desprotecci\u00f3n al que se enfrentan las personas migrantes y, en concreto, el colectivo de vendedores ambulantes, nace en 2015 el Sindicato Popular de Vendedores Ambulantes de Barcelona. Con \u00e9l, se desarrolla el proyecto de&nbsp;Top Manta: una marca de ropa social y solidaria concebida para mejorar la calidad [&hellip;]<\/p>\n","protected":false},"author":6692,"featured_media":364734,"comment_status":"open","ping_status":"closed","sticky":false,"template":"","format":"standard","meta":{"_acf_changed":false,"footnotes":""},"categories":[11664,1],"tags":[11855],"coauthors":[10744],"class_list":["post-364725","post","type-post","status-publish","format-standard","has-post-thumbnail","hentry","category-historias-de-impacto-positivo","category-proyectos-colectivos","tag-novas"],"acf":[],"yoast_head":"<!-- This site is optimized with the Yoast SEO plugin v26.9 - https:\/\/yoast.com\/product\/yoast-seo-wordpress\/ -->\n<title>Top Manta, moda solidaria pola loita antirracista - Fiare Banca Etica<\/title>\n<meta name=\"robots\" content=\"index, follow, max-snippet:-1, max-image-preview:large, max-video-preview:-1\" \/>\n<link rel=\"canonical\" href=\"https:\/\/www.fiarebancaetica.coop\/gl\/top-manta-moda-solidaria-pola-loita-antirracista\/\" \/>\n<meta property=\"og:locale\" content=\"gl_ES\" \/>\n<meta property=\"og:type\" content=\"article\" \/>\n<meta property=\"og:title\" content=\"Top Manta, moda solidaria pola loita antirracista - Fiare Banca Etica\" \/>\n<meta property=\"og:description\" content=\"Frente a las barreras burocr\u00e1ticas, de racismo y desprotecci\u00f3n al que se enfrentan las personas migrantes y, en concreto, el colectivo de vendedores ambulantes, nace en 2015 el Sindicato Popular de Vendedores Ambulantes de Barcelona. Con \u00e9l, se desarrolla el proyecto de&nbsp;Top Manta: una marca de ropa social y solidaria concebida para mejorar la calidad [&hellip;]\" \/>\n<meta property=\"og:url\" content=\"https:\/\/www.fiarebancaetica.coop\/gl\/top-manta-moda-solidaria-pola-loita-antirracista\/\" \/>\n<meta property=\"og:site_name\" content=\"Fiare Banca Etica\" \/>\n<meta property=\"article:published_time\" content=\"2024-01-23T14:03:00+00:00\" \/>\n<meta property=\"article:modified_time\" content=\"2024-02-21T13:40:54+00:00\" \/>\n<meta property=\"og:image\" content=\"https:\/\/www.fiarebancaetica.coop\/app\/uploads\/sites\/2\/2024\/01\/topmanta-7.jpg\" \/>\n\t<meta property=\"og:image:width\" content=\"1080\" \/>\n\t<meta property=\"og:image:height\" content=\"590\" \/>\n\t<meta property=\"og:image:type\" content=\"image\/jpeg\" \/>\n<meta name=\"author\" content=\"m.ruizbancaetica\" \/>\n<meta name=\"twitter:card\" content=\"summary_large_image\" \/>\n<script type=\"application\/ld+json\" class=\"yoast-schema-graph\">{\"@context\":\"https:\/\/schema.org\",\"@graph\":[{\"@type\":\"Article\",\"@id\":\"https:\/\/www.fiarebancaetica.coop\/gl\/top-manta-moda-solidaria-pola-loita-antirracista\/#article\",\"isPartOf\":{\"@id\":\"https:\/\/www.fiarebancaetica.coop\/gl\/top-manta-moda-solidaria-pola-loita-antirracista\/\"},\"author\":{\"name\":\"m.ruizbancaetica\",\"@id\":\"https:\/\/www.fiarebancaetica.coop\/gl\/#\/schema\/person\/7bc488ed648e53298d64264a9f400193\"},\"headline\":\"Top Manta, moda solidaria pola loita antirracista\",\"datePublished\":\"2024-01-23T14:03:00+00:00\",\"dateModified\":\"2024-02-21T13:40:54+00:00\",\"mainEntityOfPage\":{\"@id\":\"https:\/\/www.fiarebancaetica.coop\/gl\/top-manta-moda-solidaria-pola-loita-antirracista\/\"},\"wordCount\":1291,\"commentCount\":0,\"image\":{\"@id\":\"https:\/\/www.fiarebancaetica.coop\/gl\/top-manta-moda-solidaria-pola-loita-antirracista\/#primaryimage\"},\"thumbnailUrl\":\"https:\/\/www.fiarebancaetica.coop\/app\/uploads\/sites\/2\/2024\/01\/topmanta-7.jpg\",\"keywords\":[\"Novas\"],\"articleSection\":[\"Historias de impacto positivo\",\"Proyectos colectivos\"],\"inLanguage\":\"gl-ES\",\"potentialAction\":[{\"@type\":\"CommentAction\",\"name\":\"Comment\",\"target\":[\"https:\/\/www.fiarebancaetica.coop\/gl\/top-manta-moda-solidaria-pola-loita-antirracista\/#respond\"]}]},{\"@type\":\"WebPage\",\"@id\":\"https:\/\/www.fiarebancaetica.coop\/gl\/top-manta-moda-solidaria-pola-loita-antirracista\/\",\"url\":\"https:\/\/www.fiarebancaetica.coop\/gl\/top-manta-moda-solidaria-pola-loita-antirracista\/\",\"name\":\"Top Manta, moda solidaria pola loita antirracista - Fiare Banca Etica\",\"isPartOf\":{\"@id\":\"https:\/\/www.fiarebancaetica.coop\/gl\/#website\"},\"primaryImageOfPage\":{\"@id\":\"https:\/\/www.fiarebancaetica.coop\/gl\/top-manta-moda-solidaria-pola-loita-antirracista\/#primaryimage\"},\"image\":{\"@id\":\"https:\/\/www.fiarebancaetica.coop\/gl\/top-manta-moda-solidaria-pola-loita-antirracista\/#primaryimage\"},\"thumbnailUrl\":\"https:\/\/www.fiarebancaetica.coop\/app\/uploads\/sites\/2\/2024\/01\/topmanta-7.jpg\",\"datePublished\":\"2024-01-23T14:03:00+00:00\",\"dateModified\":\"2024-02-21T13:40:54+00:00\",\"author\":{\"@id\":\"https:\/\/www.fiarebancaetica.coop\/gl\/#\/schema\/person\/7bc488ed648e53298d64264a9f400193\"},\"breadcrumb\":{\"@id\":\"https:\/\/www.fiarebancaetica.coop\/gl\/top-manta-moda-solidaria-pola-loita-antirracista\/#breadcrumb\"},\"inLanguage\":\"gl-ES\",\"potentialAction\":[{\"@type\":\"ReadAction\",\"target\":[\"https:\/\/www.fiarebancaetica.coop\/gl\/top-manta-moda-solidaria-pola-loita-antirracista\/\"]}]},{\"@type\":\"ImageObject\",\"inLanguage\":\"gl-ES\",\"@id\":\"https:\/\/www.fiarebancaetica.coop\/gl\/top-manta-moda-solidaria-pola-loita-antirracista\/#primaryimage\",\"url\":\"https:\/\/www.fiarebancaetica.coop\/app\/uploads\/sites\/2\/2024\/01\/topmanta-7.jpg\",\"contentUrl\":\"https:\/\/www.fiarebancaetica.coop\/app\/uploads\/sites\/2\/2024\/01\/topmanta-7.jpg\",\"width\":1080,\"height\":590},{\"@type\":\"BreadcrumbList\",\"@id\":\"https:\/\/www.fiarebancaetica.coop\/gl\/top-manta-moda-solidaria-pola-loita-antirracista\/#breadcrumb\",\"itemListElement\":[{\"@type\":\"ListItem\",\"position\":1,\"name\":\"Home\",\"item\":\"https:\/\/www.fiarebancaetica.coop\/gl\/\"},{\"@type\":\"ListItem\",\"position\":2,\"name\":\"Top Manta, moda solidaria pola loita antirracista\"}]},{\"@type\":\"WebSite\",\"@id\":\"https:\/\/www.fiarebancaetica.coop\/gl\/#website\",\"url\":\"https:\/\/www.fiarebancaetica.coop\/gl\/\",\"name\":\"Fiare Banca Etica\",\"description\":\"\",\"potentialAction\":[{\"@type\":\"SearchAction\",\"target\":{\"@type\":\"EntryPoint\",\"urlTemplate\":\"https:\/\/www.fiarebancaetica.coop\/gl\/?s={search_term_string}\"},\"query-input\":{\"@type\":\"PropertyValueSpecification\",\"valueRequired\":true,\"valueName\":\"search_term_string\"}}],\"inLanguage\":\"gl-ES\"},{\"@type\":\"Person\",\"@id\":\"https:\/\/www.fiarebancaetica.coop\/gl\/#\/schema\/person\/7bc488ed648e53298d64264a9f400193\",\"name\":\"m.ruizbancaetica\",\"image\":{\"@type\":\"ImageObject\",\"inLanguage\":\"gl-ES\",\"@id\":\"https:\/\/www.fiarebancaetica.coop\/gl\/#\/schema\/person\/image\/f0a8cae14c0568b9da9b3f086657446b\",\"url\":\"https:\/\/secure.gravatar.com\/avatar\/686577dcf7ccc609780c726ff0a601a4d6a610c277bc054b6c51d510651a71af?s=96&d=mm&r=g\",\"contentUrl\":\"https:\/\/secure.gravatar.com\/avatar\/686577dcf7ccc609780c726ff0a601a4d6a610c277bc054b6c51d510651a71af?s=96&d=mm&r=g\",\"caption\":\"m.ruizbancaetica\"}}]}<\/script>\n<!-- \/ Yoast SEO plugin. -->","yoast_head_json":{"title":"Top Manta, moda solidaria pola loita antirracista - Fiare Banca Etica","robots":{"index":"index","follow":"follow","max-snippet":"max-snippet:-1","max-image-preview":"max-image-preview:large","max-video-preview":"max-video-preview:-1"},"canonical":"https:\/\/www.fiarebancaetica.coop\/gl\/top-manta-moda-solidaria-pola-loita-antirracista\/","og_locale":"gl_ES","og_type":"article","og_title":"Top Manta, moda solidaria pola loita antirracista - Fiare Banca Etica","og_description":"Frente a las barreras burocr\u00e1ticas, de racismo y desprotecci\u00f3n al que se enfrentan las personas migrantes y, en concreto, el colectivo de vendedores ambulantes, nace en 2015 el Sindicato Popular de Vendedores Ambulantes de Barcelona. Con \u00e9l, se desarrolla el proyecto de&nbsp;Top Manta: una marca de ropa social y solidaria concebida para mejorar la calidad [&hellip;]","og_url":"https:\/\/www.fiarebancaetica.coop\/gl\/top-manta-moda-solidaria-pola-loita-antirracista\/","og_site_name":"Fiare Banca Etica","article_published_time":"2024-01-23T14:03:00+00:00","article_modified_time":"2024-02-21T13:40:54+00:00","og_image":[{"width":1080,"height":590,"url":"https:\/\/www.fiarebancaetica.coop\/app\/uploads\/sites\/2\/2024\/01\/topmanta-7.jpg","type":"image\/jpeg"}],"author":"m.ruizbancaetica","twitter_card":"summary_large_image","schema":{"@context":"https:\/\/schema.org","@graph":[{"@type":"Article","@id":"https:\/\/www.fiarebancaetica.coop\/gl\/top-manta-moda-solidaria-pola-loita-antirracista\/#article","isPartOf":{"@id":"https:\/\/www.fiarebancaetica.coop\/gl\/top-manta-moda-solidaria-pola-loita-antirracista\/"},"author":{"name":"m.ruizbancaetica","@id":"https:\/\/www.fiarebancaetica.coop\/gl\/#\/schema\/person\/7bc488ed648e53298d64264a9f400193"},"headline":"Top Manta, moda solidaria pola loita antirracista","datePublished":"2024-01-23T14:03:00+00:00","dateModified":"2024-02-21T13:40:54+00:00","mainEntityOfPage":{"@id":"https:\/\/www.fiarebancaetica.coop\/gl\/top-manta-moda-solidaria-pola-loita-antirracista\/"},"wordCount":1291,"commentCount":0,"image":{"@id":"https:\/\/www.fiarebancaetica.coop\/gl\/top-manta-moda-solidaria-pola-loita-antirracista\/#primaryimage"},"thumbnailUrl":"https:\/\/www.fiarebancaetica.coop\/app\/uploads\/sites\/2\/2024\/01\/topmanta-7.jpg","keywords":["Novas"],"articleSection":["Historias de impacto positivo","Proyectos colectivos"],"inLanguage":"gl-ES","potentialAction":[{"@type":"CommentAction","name":"Comment","target":["https:\/\/www.fiarebancaetica.coop\/gl\/top-manta-moda-solidaria-pola-loita-antirracista\/#respond"]}]},{"@type":"WebPage","@id":"https:\/\/www.fiarebancaetica.coop\/gl\/top-manta-moda-solidaria-pola-loita-antirracista\/","url":"https:\/\/www.fiarebancaetica.coop\/gl\/top-manta-moda-solidaria-pola-loita-antirracista\/","name":"Top Manta, moda solidaria pola loita antirracista - Fiare Banca Etica","isPartOf":{"@id":"https:\/\/www.fiarebancaetica.coop\/gl\/#website"},"primaryImageOfPage":{"@id":"https:\/\/www.fiarebancaetica.coop\/gl\/top-manta-moda-solidaria-pola-loita-antirracista\/#primaryimage"},"image":{"@id":"https:\/\/www.fiarebancaetica.coop\/gl\/top-manta-moda-solidaria-pola-loita-antirracista\/#primaryimage"},"thumbnailUrl":"https:\/\/www.fiarebancaetica.coop\/app\/uploads\/sites\/2\/2024\/01\/topmanta-7.jpg","datePublished":"2024-01-23T14:03:00+00:00","dateModified":"2024-02-21T13:40:54+00:00","author":{"@id":"https:\/\/www.fiarebancaetica.coop\/gl\/#\/schema\/person\/7bc488ed648e53298d64264a9f400193"},"breadcrumb":{"@id":"https:\/\/www.fiarebancaetica.coop\/gl\/top-manta-moda-solidaria-pola-loita-antirracista\/#breadcrumb"},"inLanguage":"gl-ES","potentialAction":[{"@type":"ReadAction","target":["https:\/\/www.fiarebancaetica.coop\/gl\/top-manta-moda-solidaria-pola-loita-antirracista\/"]}]},{"@type":"ImageObject","inLanguage":"gl-ES","@id":"https:\/\/www.fiarebancaetica.coop\/gl\/top-manta-moda-solidaria-pola-loita-antirracista\/#primaryimage","url":"https:\/\/www.fiarebancaetica.coop\/app\/uploads\/sites\/2\/2024\/01\/topmanta-7.jpg","contentUrl":"https:\/\/www.fiarebancaetica.coop\/app\/uploads\/sites\/2\/2024\/01\/topmanta-7.jpg","width":1080,"height":590},{"@type":"BreadcrumbList","@id":"https:\/\/www.fiarebancaetica.coop\/gl\/top-manta-moda-solidaria-pola-loita-antirracista\/#breadcrumb","itemListElement":[{"@type":"ListItem","position":1,"name":"Home","item":"https:\/\/www.fiarebancaetica.coop\/gl\/"},{"@type":"ListItem","position":2,"name":"Top Manta, moda solidaria pola loita antirracista"}]},{"@type":"WebSite","@id":"https:\/\/www.fiarebancaetica.coop\/gl\/#website","url":"https:\/\/www.fiarebancaetica.coop\/gl\/","name":"Fiare Banca Etica","description":"","potentialAction":[{"@type":"SearchAction","target":{"@type":"EntryPoint","urlTemplate":"https:\/\/www.fiarebancaetica.coop\/gl\/?s={search_term_string}"},"query-input":{"@type":"PropertyValueSpecification","valueRequired":true,"valueName":"search_term_string"}}],"inLanguage":"gl-ES"},{"@type":"Person","@id":"https:\/\/www.fiarebancaetica.coop\/gl\/#\/schema\/person\/7bc488ed648e53298d64264a9f400193","name":"m.ruizbancaetica","image":{"@type":"ImageObject","inLanguage":"gl-ES","@id":"https:\/\/www.fiarebancaetica.coop\/gl\/#\/schema\/person\/image\/f0a8cae14c0568b9da9b3f086657446b","url":"https:\/\/secure.gravatar.com\/avatar\/686577dcf7ccc609780c726ff0a601a4d6a610c277bc054b6c51d510651a71af?s=96&d=mm&r=g","contentUrl":"https:\/\/secure.gravatar.com\/avatar\/686577dcf7ccc609780c726ff0a601a4d6a610c277bc054b6c51d510651a71af?s=96&d=mm&r=g","caption":"m.ruizbancaetica"}}]}},"_links":{"self":[{"href":"https:\/\/www.fiarebancaetica.coop\/gl\/wp-json\/wp\/v2\/posts\/364725","targetHints":{"allow":["GET"]}}],"collection":[{"href":"https:\/\/www.fiarebancaetica.coop\/gl\/wp-json\/wp\/v2\/posts"}],"about":[{"href":"https:\/\/www.fiarebancaetica.coop\/gl\/wp-json\/wp\/v2\/types\/post"}],"author":[{"embeddable":true,"href":"https:\/\/www.fiarebancaetica.coop\/gl\/wp-json\/wp\/v2\/users\/6692"}],"replies":[{"embeddable":true,"href":"https:\/\/www.fiarebancaetica.coop\/gl\/wp-json\/wp\/v2\/comments?post=364725"}],"version-history":[{"count":9,"href":"https:\/\/www.fiarebancaetica.coop\/gl\/wp-json\/wp\/v2\/posts\/364725\/revisions"}],"predecessor-version":[{"id":370628,"href":"https:\/\/www.fiarebancaetica.coop\/gl\/wp-json\/wp\/v2\/posts\/364725\/revisions\/370628"}],"wp:featuredmedia":[{"embeddable":true,"href":"https:\/\/www.fiarebancaetica.coop\/gl\/wp-json\/wp\/v2\/media\/364734"}],"wp:attachment":[{"href":"https:\/\/www.fiarebancaetica.coop\/gl\/wp-json\/wp\/v2\/media?parent=364725"}],"wp:term":[{"taxonomy":"category","embeddable":true,"href":"https:\/\/www.fiarebancaetica.coop\/gl\/wp-json\/wp\/v2\/categories?post=364725"},{"taxonomy":"post_tag","embeddable":true,"href":"https:\/\/www.fiarebancaetica.coop\/gl\/wp-json\/wp\/v2\/tags?post=364725"},{"taxonomy":"author","embeddable":true,"href":"https:\/\/www.fiarebancaetica.coop\/gl\/wp-json\/wp\/v2\/coauthors?post=364725"}],"curies":[{"name":"wp","href":"https:\/\/api.w.org\/{rel}","templated":true}]}}