{"id":371046,"date":"2024-02-29T09:30:00","date_gmt":"2024-02-29T08:30:00","guid":{"rendered":"https:\/\/www.fiarebancaetica.coop\/?p=371046"},"modified":"2024-02-29T09:43:28","modified_gmt":"2024-02-29T08:43:28","slug":"catro-administracions-publicas-sumaronse-a-fiare-banca-etica-en-2023","status":"publish","type":"post","link":"https:\/\/www.fiarebancaetica.coop\/gl\/catro-administracions-publicas-sumaronse-a-fiare-banca-etica-en-2023\/","title":{"rendered":"Catro administraci\u00f3ns p\u00fablicas sum\u00e1ronse a Fiare Banca Etica en 2023"},"content":{"rendered":"\n\n<div class=\"wp-block-bancaetica-blocks-blocks-block-49\">\n    <div class=\"container-block-49\">\n\n        <div class=\"header-section \">\n                            <h1 class=\"section-title\"> Finanzas \u00c9ticas <\/h1>\n                                            <\/div>\n\n        \n        <div class=\"block-background\" style=\"background-image: url('https:\/\/www.fiarebancaetica.coop\/app\/uploads\/sites\/2\/2024\/02\/administraciones-pub.jpg')\">\n                            <div class=\"tile\">\n                    <h1 class=\"image-title\"> Catro administraci\u00f3ns p\u00fablicas sum\u00e1ronse a Fiare Banca Etica en 2023 <\/h1>\n                <\/div>             <!-- end .tile -->\n            <div class=\"bottom-content\">\n                            <\/div> <!-- end .button-content -->\n        <\/div> <!-- end .block-background -->\n    <\/div> <!-- end .container -->\n<\/div> <!-- end wp-block-bancaetica-blocks-blocks-block-06 -->\n\n<p><span style=\"font-weight: 400;\">Fiare Banca Etica nace co fin de investir o excedente de aforro en iniciativas e organizaci\u00f3ns que traballan polo benestar social e a inclusi\u00f3n; por iso, traballar con administraci\u00f3ns p\u00fablicas encaixa no noso prop\u00f3sito de facilitar o desenvolvemento de pol\u00edticas sociais e ambientais que beneficien ao conxunto da cidadan\u00eda.\u00a0<\/span><\/p>\n<p>\u00a0<\/p>\n<p><span style=\"font-weight: 400;\">O pasado 2023 establec\u00e9ronse novas relaci\u00f3ns entre a banca \u00e9tica e as administraci\u00f3ns p\u00fablicas: catro concellos do Estado espa\u00f1ol pecharon acordos coa nosa cooperativa, apostando as\u00ed polo financiamento \u00e9tico e sustentable. Os concellos de Donosti, Sant Boi del Llobregat, Siero e Huesca abriron un concurso p\u00fablico, sendo Fiare Banca Etica un dos bancos seleccionados para financiar as s\u00faas respectivas administraci\u00f3ns.<\/span><\/p>\n<p>\u00a0<\/p>\n<p><span style=\"font-weight: 400;\">Donosti, dunha banda, non se estrea na aposta pola banca \u00e9tica; xa confiou en Fiare para o seu financiamento en 2016, tam\u00e9n a partir dun concurso p\u00fablico. A relaci\u00f3n coa cidade rem\u00f3ntase a 2010, coa apertura dunha conta corrente en Fiare Banca Etica e a xesti\u00f3n do fondo para cooperaci\u00f3n ao desenvolvemento. O financiamento outorgado este 2023 utilizarase na segunda \u00abTalent House\u00bb, unha residencia temporal para aloxar investigadoras e investigadores, as\u00ed como novas\/os emprendedoras\/es locais.\u00a0<\/span><\/p>\n<p>\u00a0<\/p>\n<p><span style=\"font-weight: 400;\">A relaci\u00f3n con Sant Boi, doutra banda, comezou o seu percorrido a finais de 2023; o inicio do que esperamos que sexa un longo cami\u00f1o traballando conxuntamente polo benestar social, as\u00ed como xerando un impacto social e ambiental positivo na comunidade. Deste xeito, a localidade catal\u00e1 \u00fanese a Siero e Huesca, as d\u00faas administraci\u00f3ns incorporadas anteriormente no mesmo ano.<\/span><\/p>\n<p>\u00a0<\/p>\n<p><span style=\"font-weight: 400;\">Fiare Banca Etica \u00e9 un banco cooperativo que opera en Italia e no Estado espa\u00f1ol. \u00c9 froito do compromiso de moitas persoas e organizaci\u00f3ns que se puxeron en marcha, a mediados dos anos 1990, para constitu\u00edr unha entidade de cr\u00e9dito totalmente inspirada nos principios das finanzas \u00e9ticas: transparencia, participaci\u00f3n, sobriedade, eficiencia e atenci\u00f3n \u00e1s repercusi\u00f3ns non-econ\u00f3micas das acci\u00f3ns econ\u00f3micas. Actualmente son membros 47.425 persoas socias.<\/span><\/p>\n<p>\u00a0<\/p>\n<p>\u00a0<\/p>","protected":false},"excerpt":{"rendered":"<p>Fiare Banca Etica nace co fin de investir o excedente de aforro en iniciativas e organizaci\u00f3ns que traballan polo benestar social e a inclusi\u00f3n; por iso, traballar con administraci\u00f3ns p\u00fablicas encaixa no noso prop\u00f3sito de facilitar o desenvolvemento de pol\u00edticas sociais e ambientais que beneficien ao conxunto da cidadan\u00eda.\u00a0 \u00a0 O pasado 2023 establec\u00e9ronse novas [&hellip;]<\/p>\n","protected":false},"author":6693,"featured_media":371041,"comment_status":"closed","ping_status":"closed","sticky":false,"template":"","format":"standard","meta":{"_acf_changed":false,"footnotes":""},"categories":[11645],"tags":[11855],"coauthors":[10743],"class_list":["post-371046","post","type-post","status-publish","format-standard","has-post-thumbnail","hentry","category-finanzas-eticas","tag-novas"],"acf":[],"yoast_head":"<!-- This site is optimized with the Yoast SEO plugin v26.9 - https:\/\/yoast.com\/product\/yoast-seo-wordpress\/ -->\n<title>Catro administraci\u00f3ns p\u00fablicas sum\u00e1ronse a Fiare Banca Etica en 2023 - Fiare Banca Etica<\/title>\n<meta name=\"robots\" content=\"index, follow, max-snippet:-1, max-image-preview:large, max-video-preview:-1\" \/>\n<link rel=\"canonical\" href=\"https:\/\/www.fiarebancaetica.coop\/gl\/catro-administracions-publicas-sumaronse-a-fiare-banca-etica-en-2023\/\" \/>\n<meta property=\"og:locale\" content=\"gl_ES\" \/>\n<meta property=\"og:type\" content=\"article\" \/>\n<meta property=\"og:title\" content=\"Catro administraci\u00f3ns p\u00fablicas sum\u00e1ronse a Fiare Banca Etica en 2023 - Fiare Banca Etica\" \/>\n<meta property=\"og:description\" content=\"Fiare Banca Etica nace co fin de investir o excedente de aforro en iniciativas e organizaci\u00f3ns que traballan polo benestar social e a inclusi\u00f3n; por iso, traballar con administraci\u00f3ns p\u00fablicas encaixa no noso prop\u00f3sito de facilitar o desenvolvemento de pol\u00edticas sociais e ambientais que beneficien ao conxunto da cidadan\u00eda.\u00a0 \u00a0 O pasado 2023 establec\u00e9ronse novas [&hellip;]\" \/>\n<meta property=\"og:url\" content=\"https:\/\/www.fiarebancaetica.coop\/gl\/catro-administracions-publicas-sumaronse-a-fiare-banca-etica-en-2023\/\" \/>\n<meta property=\"og:site_name\" content=\"Fiare Banca Etica\" \/>\n<meta property=\"article:published_time\" content=\"2024-02-29T08:30:00+00:00\" \/>\n<meta property=\"article:modified_time\" content=\"2024-02-29T08:43:28+00:00\" \/>\n<meta property=\"og:image\" content=\"https:\/\/www.fiarebancaetica.coop\/app\/uploads\/sites\/2\/2024\/02\/administraciones-pub.jpg\" \/>\n\t<meta property=\"og:image:width\" content=\"1024\" \/>\n\t<meta property=\"og:image:height\" content=\"683\" \/>\n\t<meta property=\"og:image:type\" content=\"image\/jpeg\" \/>\n<meta name=\"author\" content=\"c.castrobancaetica\" \/>\n<meta name=\"twitter:card\" content=\"summary_large_image\" \/>\n<script type=\"application\/ld+json\" class=\"yoast-schema-graph\">{\"@context\":\"https:\/\/schema.org\",\"@graph\":[{\"@type\":\"Article\",\"@id\":\"https:\/\/www.fiarebancaetica.coop\/gl\/catro-administracions-publicas-sumaronse-a-fiare-banca-etica-en-2023\/#article\",\"isPartOf\":{\"@id\":\"https:\/\/www.fiarebancaetica.coop\/gl\/catro-administracions-publicas-sumaronse-a-fiare-banca-etica-en-2023\/\"},\"author\":{\"name\":\"c.castrobancaetica\",\"@id\":\"https:\/\/www.fiarebancaetica.coop\/gl\/#\/schema\/person\/1c4efa4aa7be2f4c12d1ec8c8bc7ec9d\"},\"headline\":\"Catro administraci\u00f3ns p\u00fablicas sum\u00e1ronse a Fiare Banca Etica en 2023\",\"datePublished\":\"2024-02-29T08:30:00+00:00\",\"dateModified\":\"2024-02-29T08:43:28+00:00\",\"mainEntityOfPage\":{\"@id\":\"https:\/\/www.fiarebancaetica.coop\/gl\/catro-administracions-publicas-sumaronse-a-fiare-banca-etica-en-2023\/\"},\"wordCount\":348,\"image\":{\"@id\":\"https:\/\/www.fiarebancaetica.coop\/gl\/catro-administracions-publicas-sumaronse-a-fiare-banca-etica-en-2023\/#primaryimage\"},\"thumbnailUrl\":\"https:\/\/www.fiarebancaetica.coop\/app\/uploads\/sites\/2\/2024\/02\/administraciones-pub.jpg\",\"keywords\":[\"Novas\"],\"articleSection\":[\"Finanzas \u00c9ticas\"],\"inLanguage\":\"gl-ES\"},{\"@type\":\"WebPage\",\"@id\":\"https:\/\/www.fiarebancaetica.coop\/gl\/catro-administracions-publicas-sumaronse-a-fiare-banca-etica-en-2023\/\",\"url\":\"https:\/\/www.fiarebancaetica.coop\/gl\/catro-administracions-publicas-sumaronse-a-fiare-banca-etica-en-2023\/\",\"name\":\"Catro administraci\u00f3ns p\u00fablicas sum\u00e1ronse a Fiare Banca Etica en 2023 - Fiare Banca Etica\",\"isPartOf\":{\"@id\":\"https:\/\/www.fiarebancaetica.coop\/gl\/#website\"},\"primaryImageOfPage\":{\"@id\":\"https:\/\/www.fiarebancaetica.coop\/gl\/catro-administracions-publicas-sumaronse-a-fiare-banca-etica-en-2023\/#primaryimage\"},\"image\":{\"@id\":\"https:\/\/www.fiarebancaetica.coop\/gl\/catro-administracions-publicas-sumaronse-a-fiare-banca-etica-en-2023\/#primaryimage\"},\"thumbnailUrl\":\"https:\/\/www.fiarebancaetica.coop\/app\/uploads\/sites\/2\/2024\/02\/administraciones-pub.jpg\",\"datePublished\":\"2024-02-29T08:30:00+00:00\",\"dateModified\":\"2024-02-29T08:43:28+00:00\",\"author\":{\"@id\":\"https:\/\/www.fiarebancaetica.coop\/gl\/#\/schema\/person\/1c4efa4aa7be2f4c12d1ec8c8bc7ec9d\"},\"breadcrumb\":{\"@id\":\"https:\/\/www.fiarebancaetica.coop\/gl\/catro-administracions-publicas-sumaronse-a-fiare-banca-etica-en-2023\/#breadcrumb\"},\"inLanguage\":\"gl-ES\",\"potentialAction\":[{\"@type\":\"ReadAction\",\"target\":[\"https:\/\/www.fiarebancaetica.coop\/gl\/catro-administracions-publicas-sumaronse-a-fiare-banca-etica-en-2023\/\"]}]},{\"@type\":\"ImageObject\",\"inLanguage\":\"gl-ES\",\"@id\":\"https:\/\/www.fiarebancaetica.coop\/gl\/catro-administracions-publicas-sumaronse-a-fiare-banca-etica-en-2023\/#primaryimage\",\"url\":\"https:\/\/www.fiarebancaetica.coop\/app\/uploads\/sites\/2\/2024\/02\/administraciones-pub.jpg\",\"contentUrl\":\"https:\/\/www.fiarebancaetica.coop\/app\/uploads\/sites\/2\/2024\/02\/administraciones-pub.jpg\",\"width\":1024,\"height\":683},{\"@type\":\"BreadcrumbList\",\"@id\":\"https:\/\/www.fiarebancaetica.coop\/gl\/catro-administracions-publicas-sumaronse-a-fiare-banca-etica-en-2023\/#breadcrumb\",\"itemListElement\":[{\"@type\":\"ListItem\",\"position\":1,\"name\":\"Home\",\"item\":\"https:\/\/www.fiarebancaetica.coop\/gl\/\"},{\"@type\":\"ListItem\",\"position\":2,\"name\":\"Catro administraci\u00f3ns p\u00fablicas sum\u00e1ronse a Fiare Banca Etica en 2023\"}]},{\"@type\":\"WebSite\",\"@id\":\"https:\/\/www.fiarebancaetica.coop\/gl\/#website\",\"url\":\"https:\/\/www.fiarebancaetica.coop\/gl\/\",\"name\":\"Fiare Banca Etica\",\"description\":\"\",\"potentialAction\":[{\"@type\":\"SearchAction\",\"target\":{\"@type\":\"EntryPoint\",\"urlTemplate\":\"https:\/\/www.fiarebancaetica.coop\/gl\/?s={search_term_string}\"},\"query-input\":{\"@type\":\"PropertyValueSpecification\",\"valueRequired\":true,\"valueName\":\"search_term_string\"}}],\"inLanguage\":\"gl-ES\"},{\"@type\":\"Person\",\"@id\":\"https:\/\/www.fiarebancaetica.coop\/gl\/#\/schema\/person\/1c4efa4aa7be2f4c12d1ec8c8bc7ec9d\",\"name\":\"c.castrobancaetica\",\"image\":{\"@type\":\"ImageObject\",\"inLanguage\":\"gl-ES\",\"@id\":\"https:\/\/www.fiarebancaetica.coop\/gl\/#\/schema\/person\/image\/f5a235634314aa27313fcd9c99409abd\",\"url\":\"https:\/\/secure.gravatar.com\/avatar\/7e842368c46d63aaa398f0d90120d2b7d7af72148ee6aa4436c6149c13fa4bb2?s=96&d=mm&r=g\",\"contentUrl\":\"https:\/\/secure.gravatar.com\/avatar\/7e842368c46d63aaa398f0d90120d2b7d7af72148ee6aa4436c6149c13fa4bb2?s=96&d=mm&r=g\",\"caption\":\"c.castrobancaetica\"}}]}<\/script>\n<!-- \/ Yoast SEO plugin. -->","yoast_head_json":{"title":"Catro administraci\u00f3ns p\u00fablicas sum\u00e1ronse a Fiare Banca Etica en 2023 - Fiare Banca Etica","robots":{"index":"index","follow":"follow","max-snippet":"max-snippet:-1","max-image-preview":"max-image-preview:large","max-video-preview":"max-video-preview:-1"},"canonical":"https:\/\/www.fiarebancaetica.coop\/gl\/catro-administracions-publicas-sumaronse-a-fiare-banca-etica-en-2023\/","og_locale":"gl_ES","og_type":"article","og_title":"Catro administraci\u00f3ns p\u00fablicas sum\u00e1ronse a Fiare Banca Etica en 2023 - Fiare Banca Etica","og_description":"Fiare Banca Etica nace co fin de investir o excedente de aforro en iniciativas e organizaci\u00f3ns que traballan polo benestar social e a inclusi\u00f3n; por iso, traballar con administraci\u00f3ns p\u00fablicas encaixa no noso prop\u00f3sito de facilitar o desenvolvemento de pol\u00edticas sociais e ambientais que beneficien ao conxunto da cidadan\u00eda.\u00a0 \u00a0 O pasado 2023 establec\u00e9ronse novas [&hellip;]","og_url":"https:\/\/www.fiarebancaetica.coop\/gl\/catro-administracions-publicas-sumaronse-a-fiare-banca-etica-en-2023\/","og_site_name":"Fiare Banca Etica","article_published_time":"2024-02-29T08:30:00+00:00","article_modified_time":"2024-02-29T08:43:28+00:00","og_image":[{"width":1024,"height":683,"url":"https:\/\/www.fiarebancaetica.coop\/app\/uploads\/sites\/2\/2024\/02\/administraciones-pub.jpg","type":"image\/jpeg"}],"author":"c.castrobancaetica","twitter_card":"summary_large_image","schema":{"@context":"https:\/\/schema.org","@graph":[{"@type":"Article","@id":"https:\/\/www.fiarebancaetica.coop\/gl\/catro-administracions-publicas-sumaronse-a-fiare-banca-etica-en-2023\/#article","isPartOf":{"@id":"https:\/\/www.fiarebancaetica.coop\/gl\/catro-administracions-publicas-sumaronse-a-fiare-banca-etica-en-2023\/"},"author":{"name":"c.castrobancaetica","@id":"https:\/\/www.fiarebancaetica.coop\/gl\/#\/schema\/person\/1c4efa4aa7be2f4c12d1ec8c8bc7ec9d"},"headline":"Catro administraci\u00f3ns p\u00fablicas sum\u00e1ronse a Fiare Banca Etica en 2023","datePublished":"2024-02-29T08:30:00+00:00","dateModified":"2024-02-29T08:43:28+00:00","mainEntityOfPage":{"@id":"https:\/\/www.fiarebancaetica.coop\/gl\/catro-administracions-publicas-sumaronse-a-fiare-banca-etica-en-2023\/"},"wordCount":348,"image":{"@id":"https:\/\/www.fiarebancaetica.coop\/gl\/catro-administracions-publicas-sumaronse-a-fiare-banca-etica-en-2023\/#primaryimage"},"thumbnailUrl":"https:\/\/www.fiarebancaetica.coop\/app\/uploads\/sites\/2\/2024\/02\/administraciones-pub.jpg","keywords":["Novas"],"articleSection":["Finanzas \u00c9ticas"],"inLanguage":"gl-ES"},{"@type":"WebPage","@id":"https:\/\/www.fiarebancaetica.coop\/gl\/catro-administracions-publicas-sumaronse-a-fiare-banca-etica-en-2023\/","url":"https:\/\/www.fiarebancaetica.coop\/gl\/catro-administracions-publicas-sumaronse-a-fiare-banca-etica-en-2023\/","name":"Catro administraci\u00f3ns p\u00fablicas sum\u00e1ronse a Fiare Banca Etica en 2023 - Fiare Banca Etica","isPartOf":{"@id":"https:\/\/www.fiarebancaetica.coop\/gl\/#website"},"primaryImageOfPage":{"@id":"https:\/\/www.fiarebancaetica.coop\/gl\/catro-administracions-publicas-sumaronse-a-fiare-banca-etica-en-2023\/#primaryimage"},"image":{"@id":"https:\/\/www.fiarebancaetica.coop\/gl\/catro-administracions-publicas-sumaronse-a-fiare-banca-etica-en-2023\/#primaryimage"},"thumbnailUrl":"https:\/\/www.fiarebancaetica.coop\/app\/uploads\/sites\/2\/2024\/02\/administraciones-pub.jpg","datePublished":"2024-02-29T08:30:00+00:00","dateModified":"2024-02-29T08:43:28+00:00","author":{"@id":"https:\/\/www.fiarebancaetica.coop\/gl\/#\/schema\/person\/1c4efa4aa7be2f4c12d1ec8c8bc7ec9d"},"breadcrumb":{"@id":"https:\/\/www.fiarebancaetica.coop\/gl\/catro-administracions-publicas-sumaronse-a-fiare-banca-etica-en-2023\/#breadcrumb"},"inLanguage":"gl-ES","potentialAction":[{"@type":"ReadAction","target":["https:\/\/www.fiarebancaetica.coop\/gl\/catro-administracions-publicas-sumaronse-a-fiare-banca-etica-en-2023\/"]}]},{"@type":"ImageObject","inLanguage":"gl-ES","@id":"https:\/\/www.fiarebancaetica.coop\/gl\/catro-administracions-publicas-sumaronse-a-fiare-banca-etica-en-2023\/#primaryimage","url":"https:\/\/www.fiarebancaetica.coop\/app\/uploads\/sites\/2\/2024\/02\/administraciones-pub.jpg","contentUrl":"https:\/\/www.fiarebancaetica.coop\/app\/uploads\/sites\/2\/2024\/02\/administraciones-pub.jpg","width":1024,"height":683},{"@type":"BreadcrumbList","@id":"https:\/\/www.fiarebancaetica.coop\/gl\/catro-administracions-publicas-sumaronse-a-fiare-banca-etica-en-2023\/#breadcrumb","itemListElement":[{"@type":"ListItem","position":1,"name":"Home","item":"https:\/\/www.fiarebancaetica.coop\/gl\/"},{"@type":"ListItem","position":2,"name":"Catro administraci\u00f3ns p\u00fablicas sum\u00e1ronse a Fiare Banca Etica en 2023"}]},{"@type":"WebSite","@id":"https:\/\/www.fiarebancaetica.coop\/gl\/#website","url":"https:\/\/www.fiarebancaetica.coop\/gl\/","name":"Fiare Banca Etica","description":"","potentialAction":[{"@type":"SearchAction","target":{"@type":"EntryPoint","urlTemplate":"https:\/\/www.fiarebancaetica.coop\/gl\/?s={search_term_string}"},"query-input":{"@type":"PropertyValueSpecification","valueRequired":true,"valueName":"search_term_string"}}],"inLanguage":"gl-ES"},{"@type":"Person","@id":"https:\/\/www.fiarebancaetica.coop\/gl\/#\/schema\/person\/1c4efa4aa7be2f4c12d1ec8c8bc7ec9d","name":"c.castrobancaetica","image":{"@type":"ImageObject","inLanguage":"gl-ES","@id":"https:\/\/www.fiarebancaetica.coop\/gl\/#\/schema\/person\/image\/f5a235634314aa27313fcd9c99409abd","url":"https:\/\/secure.gravatar.com\/avatar\/7e842368c46d63aaa398f0d90120d2b7d7af72148ee6aa4436c6149c13fa4bb2?s=96&d=mm&r=g","contentUrl":"https:\/\/secure.gravatar.com\/avatar\/7e842368c46d63aaa398f0d90120d2b7d7af72148ee6aa4436c6149c13fa4bb2?s=96&d=mm&r=g","caption":"c.castrobancaetica"}}]}},"_links":{"self":[{"href":"https:\/\/www.fiarebancaetica.coop\/gl\/wp-json\/wp\/v2\/posts\/371046","targetHints":{"allow":["GET"]}}],"collection":[{"href":"https:\/\/www.fiarebancaetica.coop\/gl\/wp-json\/wp\/v2\/posts"}],"about":[{"href":"https:\/\/www.fiarebancaetica.coop\/gl\/wp-json\/wp\/v2\/types\/post"}],"author":[{"embeddable":true,"href":"https:\/\/www.fiarebancaetica.coop\/gl\/wp-json\/wp\/v2\/users\/6693"}],"replies":[{"embeddable":true,"href":"https:\/\/www.fiarebancaetica.coop\/gl\/wp-json\/wp\/v2\/comments?post=371046"}],"version-history":[{"count":5,"href":"https:\/\/www.fiarebancaetica.coop\/gl\/wp-json\/wp\/v2\/posts\/371046\/revisions"}],"predecessor-version":[{"id":371146,"href":"https:\/\/www.fiarebancaetica.coop\/gl\/wp-json\/wp\/v2\/posts\/371046\/revisions\/371146"}],"wp:featuredmedia":[{"embeddable":true,"href":"https:\/\/www.fiarebancaetica.coop\/gl\/wp-json\/wp\/v2\/media\/371041"}],"wp:attachment":[{"href":"https:\/\/www.fiarebancaetica.coop\/gl\/wp-json\/wp\/v2\/media?parent=371046"}],"wp:term":[{"taxonomy":"category","embeddable":true,"href":"https:\/\/www.fiarebancaetica.coop\/gl\/wp-json\/wp\/v2\/categories?post=371046"},{"taxonomy":"post_tag","embeddable":true,"href":"https:\/\/www.fiarebancaetica.coop\/gl\/wp-json\/wp\/v2\/tags?post=371046"},{"taxonomy":"author","embeddable":true,"href":"https:\/\/www.fiarebancaetica.coop\/gl\/wp-json\/wp\/v2\/coauthors?post=371046"}],"curies":[{"name":"wp","href":"https:\/\/api.w.org\/{rel}","templated":true}]}}