{"id":375636,"date":"2024-05-30T10:30:15","date_gmt":"2024-05-30T08:30:15","guid":{"rendered":"https:\/\/www.fiarebancaetica.coop\/?p=375636"},"modified":"2024-05-30T10:30:17","modified_gmt":"2024-05-30T08:30:17","slug":"valencia-tradicion-cultura-e-compromiso-polas-finanzas-eticas","status":"publish","type":"post","link":"https:\/\/www.fiarebancaetica.coop\/gl\/valencia-tradicion-cultura-e-compromiso-polas-finanzas-eticas\/","title":{"rendered":"Valencia: Tradici\u00f3n, Cultura e Compromiso polas Finanzas \u00c9ticas"},"content":{"rendered":"\n\n<div class=\"wp-block-bancaetica-blocks-blocks-block-49\">\n    <div class=\"container-block-49\">\n\n        <div class=\"header-section \">\n                            <h1 class=\"section-title\"> Finanzas \u00c9ticas <\/h1>\n                                            <\/div>\n\n        \n        <div class=\"block-background\" style=\"background-image: url('https:\/\/www.fiarebancaetica.coop\/app\/uploads\/sites\/2\/2024\/05\/asamblea-fiare-peq-scaled.jpg')\">\n                            <div class=\"tile\">\n                    <h1 class=\"image-title\"> Valencia: Tradici\u00f3n, Cultura e Compromiso polas Finanzas \u00c9ticas <\/h1>\n                <\/div>             <!-- end .tile -->\n            <div class=\"bottom-content\">\n                            <\/div> <!-- end .button-content -->\n        <\/div> <!-- end .block-background -->\n    <\/div> <!-- end .container -->\n<\/div> <!-- end wp-block-bancaetica-blocks-blocks-block-06 -->\n\n<p>\u00a0<\/p>\n<p><span style=\"font-weight: 400;\">O pasado s\u00e1bado 18 de maio a cidade de Valencia acolleu a Asemblea Anual de Persoas e Organizaci\u00f3ns socias de Banca Etica. Elaborouse unha programaci\u00f3n cultural moi completa con actividades que se desenvolveron ao longo de 4 d\u00edas.<\/span><\/p>\n<p>\u00a0<\/p>\n<p><img loading=\"lazy\" decoding=\"async\" class=\"aligncenter wp-image-375660 size-large\" src=\"http:\/\/www.fiarebancaetica.coop\/app\/uploads\/sites\/2\/2024\/05\/asamblea-fiare-peq-3-1024x683.jpg\" sizes=\"auto, (max-width: 640px) 100vw, 640px\" srcset=\"https:\/\/www.fiarebancaetica.coop\/app\/uploads\/sites\/2\/2024\/05\/asamblea-fiare-peq-3-1024x683.jpg 1024w, https:\/\/www.fiarebancaetica.coop\/app\/uploads\/sites\/2\/2024\/05\/asamblea-fiare-peq-3-300x200.jpg 300w, https:\/\/www.fiarebancaetica.coop\/app\/uploads\/sites\/2\/2024\/05\/asamblea-fiare-peq-3-768x512.jpg 768w, https:\/\/www.fiarebancaetica.coop\/app\/uploads\/sites\/2\/2024\/05\/asamblea-fiare-peq-3-1536x1024.jpg 1536w, https:\/\/www.fiarebancaetica.coop\/app\/uploads\/sites\/2\/2024\/05\/asamblea-fiare-peq-3-2048x1365.jpg 2048w\" alt=\"\" width=\"640\" height=\"427\" \/><\/p>\n<p>\u00a0<\/p>\n<p><span style=\"font-weight: 400;\">O xoves 16 de maio, pola tarde, tivo lugar a proxecci\u00f3n gratu\u00edta do documental cofinanciado por Fiare, La Singla, nos cines Babel de Valencia. Rematada a proxecci\u00f3n, mant\u00edvose un pequeno coloquio coa directora Paloma Zapata, Gonzalo Montano, en representaci\u00f3n da Fundaci\u00f3n do Secretariado Xitano, e Gabriel Abascal, socio que realizou a Avaliaci\u00f3n Socioambiental para conceder o financiamento \u00e1 produtora La F\u00e1brica Naranja.<\/span><\/p>\n<p>\u00a0<\/p>\n<p><img loading=\"lazy\" decoding=\"async\" class=\"aligncenter wp-image-375652 size-large\" src=\"http:\/\/www.fiarebancaetica.coop\/app\/uploads\/sites\/2\/2024\/05\/asamblea-fiare-peq-2-1024x683.jpg\" sizes=\"auto, (max-width: 640px) 100vw, 640px\" srcset=\"https:\/\/www.fiarebancaetica.coop\/app\/uploads\/sites\/2\/2024\/05\/asamblea-fiare-peq-2-1024x683.jpg 1024w, https:\/\/www.fiarebancaetica.coop\/app\/uploads\/sites\/2\/2024\/05\/asamblea-fiare-peq-2-300x200.jpg 300w, https:\/\/www.fiarebancaetica.coop\/app\/uploads\/sites\/2\/2024\/05\/asamblea-fiare-peq-2-768x512.jpg 768w, https:\/\/www.fiarebancaetica.coop\/app\/uploads\/sites\/2\/2024\/05\/asamblea-fiare-peq-2-1536x1024.jpg 1536w, https:\/\/www.fiarebancaetica.coop\/app\/uploads\/sites\/2\/2024\/05\/asamblea-fiare-peq-2-2048x1365.jpg 2048w\" alt=\"\" width=\"640\" height=\"427\" \/><\/p>\n<p>\u00a0<\/p>\n<p><span style=\"font-weight: 400;\">A xornada de benvida \u00f3s socios, o venres pola tarde, tivo lugar no Xard\u00edn Bot\u00e1nico da Universidade de Valencia. O m\u00fasico e activista valenciano Tom\u00e0s de los Santos abriu a velada interpretando os seus temas m\u00e1is pol\u00edticos e sociais, sen esquecer as s\u00faas adaptaci\u00f3ns musicais de obras de grandes poetas da lingua catal\u00e1 como Vicent Andr\u00e9s Estell\u00e9s ou Joan Salvat Papasseit.<\/span><\/p>\n<p>\u00a0<\/p>\n<p><img loading=\"lazy\" decoding=\"async\" class=\"aligncenter wp-image-375672 size-large\" src=\"http:\/\/www.fiarebancaetica.coop\/app\/uploads\/sites\/2\/2024\/05\/asamblea-fiare-peq-7-1024x857.jpg\" sizes=\"auto, (max-width: 640px) 100vw, 640px\" srcset=\"https:\/\/www.fiarebancaetica.coop\/app\/uploads\/sites\/2\/2024\/05\/asamblea-fiare-peq-7-1024x857.jpg 1024w, https:\/\/www.fiarebancaetica.coop\/app\/uploads\/sites\/2\/2024\/05\/asamblea-fiare-peq-7-300x251.jpg 300w, https:\/\/www.fiarebancaetica.coop\/app\/uploads\/sites\/2\/2024\/05\/asamblea-fiare-peq-7-768x643.jpg 768w, https:\/\/www.fiarebancaetica.coop\/app\/uploads\/sites\/2\/2024\/05\/asamblea-fiare-peq-7-1536x1286.jpg 1536w, https:\/\/www.fiarebancaetica.coop\/app\/uploads\/sites\/2\/2024\/05\/asamblea-fiare-peq-7-2048x1715.jpg 2048w\" alt=\"\" width=\"640\" height=\"536\" \/><\/p>\n<p>\u00a0<\/p>\n<p><span style=\"font-weight: 400;\">Ao remate do concerto, o p\u00fablico asistente atravesou o xard\u00edn bot\u00e1nico ata o auditorio Joan Pla\u00e7a, onde tivo lugar a conferencia \u201cActores estrat\u00e9xicos para transformar a sociedade\u201d, na que participaron Mar\u00eda Moscard\u00f3, membro do equipo de estudo da Fundaci\u00f3n FOESSA de C\u00e1ritas Espa\u00f1ola, e Luis Miguel Jurado, presidente de COCETA. Dende a fila 0 tam\u00e9n intervi\u00f1eron Emilio Sampedro, presidente de CONCOVAL\u00a0 e Cristina Ram\u00f3n, presidenta da Coordinadora Valenciana de ONG. Este evento, que fora inclu\u00eddo na axenda de eventos da Capital da Econom\u00eda Social Valenciana 2024, contou coa asistencia de preto de 220 persoas.<\/span><\/p>\n<p>\u00a0<\/p>\n<p><img loading=\"lazy\" decoding=\"async\" class=\"aligncenter wp-image-375648 size-large\" src=\"http:\/\/www.fiarebancaetica.coop\/app\/uploads\/sites\/2\/2024\/05\/asamblea-24-203-1024x683.jpg\" sizes=\"auto, (max-width: 640px) 100vw, 640px\" srcset=\"https:\/\/www.fiarebancaetica.coop\/app\/uploads\/sites\/2\/2024\/05\/asamblea-24-203-1024x683.jpg 1024w, https:\/\/www.fiarebancaetica.coop\/app\/uploads\/sites\/2\/2024\/05\/asamblea-24-203-300x200.jpg 300w, https:\/\/www.fiarebancaetica.coop\/app\/uploads\/sites\/2\/2024\/05\/asamblea-24-203-768x512.jpg 768w, https:\/\/www.fiarebancaetica.coop\/app\/uploads\/sites\/2\/2024\/05\/asamblea-24-203-1536x1024.jpg 1536w, https:\/\/www.fiarebancaetica.coop\/app\/uploads\/sites\/2\/2024\/05\/asamblea-24-203-2048x1365.jpg 2048w\" alt=\"\" width=\"640\" height=\"427\" \/><\/p>\n<p>\u00a0<\/p>\n<p><span style=\"font-weight: 400;\">Ao remate das xornadas, os asistentes quedaron sorprendidos por outro exemplo da cultura popular valenciana; a actuaci\u00f3n da Jove Muixeranga de Val\u00e8ncia. Ao redor de 85 persoas, entre adultos, mozos, nenos e nenas, interpretaron numerosas figuras muixerangueras, acompa\u00f1adas da m\u00fasica de dol\u00e7aines e tabales tradicionais. <\/span><\/p>\n<p>\u00a0<\/p>\n<p><img loading=\"lazy\" decoding=\"async\" class=\"aligncenter wp-image-375664 size-large\" src=\"http:\/\/www.fiarebancaetica.coop\/app\/uploads\/sites\/2\/2024\/05\/asamblea-fiare-peq-4-1024x683.jpg\" sizes=\"auto, (max-width: 640px) 100vw, 640px\" srcset=\"https:\/\/www.fiarebancaetica.coop\/app\/uploads\/sites\/2\/2024\/05\/asamblea-fiare-peq-4-1024x683.jpg 1024w, https:\/\/www.fiarebancaetica.coop\/app\/uploads\/sites\/2\/2024\/05\/asamblea-fiare-peq-4-300x200.jpg 300w, https:\/\/www.fiarebancaetica.coop\/app\/uploads\/sites\/2\/2024\/05\/asamblea-fiare-peq-4-768x512.jpg 768w, https:\/\/www.fiarebancaetica.coop\/app\/uploads\/sites\/2\/2024\/05\/asamblea-fiare-peq-4-1536x1024.jpg 1536w, https:\/\/www.fiarebancaetica.coop\/app\/uploads\/sites\/2\/2024\/05\/asamblea-fiare-peq-4-2048x1365.jpg 2048w\" alt=\"\" width=\"640\" height=\"427\" \/><\/p>\n<p>\u00a0<\/p>\n<p>\u00a0<\/p>\n<p><span style=\"font-weight: 400;\">Un dos momentos m\u00e1is emotivos foi cando a xiqueta, parada enriba da figura chamada 5 en 1 peu, expuxo a pancarta de Fiare Banca Etica, protagonizada por unha fermosa imaxe para lembrar na memoria colectiva da nosa cooperativa.<\/span><\/p>\n<p>\u00a0<\/p>\n<p><img loading=\"lazy\" decoding=\"async\" class=\"aligncenter wp-image-375678 size-large\" src=\"http:\/\/www.fiarebancaetica.coop\/app\/uploads\/sites\/2\/2024\/05\/1481FD55-A976-409E-9FD7-B0763603B207-1024x729.jpeg\" sizes=\"auto, (max-width: 640px) 100vw, 640px\" srcset=\"https:\/\/www.fiarebancaetica.coop\/app\/uploads\/sites\/2\/2024\/05\/1481FD55-A976-409E-9FD7-B0763603B207-1024x729.jpeg 1024w, https:\/\/www.fiarebancaetica.coop\/app\/uploads\/sites\/2\/2024\/05\/1481FD55-A976-409E-9FD7-B0763603B207-300x213.jpeg 300w, https:\/\/www.fiarebancaetica.coop\/app\/uploads\/sites\/2\/2024\/05\/1481FD55-A976-409E-9FD7-B0763603B207-768x546.jpeg 768w, https:\/\/www.fiarebancaetica.coop\/app\/uploads\/sites\/2\/2024\/05\/1481FD55-A976-409E-9FD7-B0763603B207-1536x1093.jpeg 1536w, https:\/\/www.fiarebancaetica.coop\/app\/uploads\/sites\/2\/2024\/05\/1481FD55-A976-409E-9FD7-B0763603B207-2048x1457.jpeg 2048w\" alt=\"\" width=\"640\" height=\"456\" \/><\/p>\n<p>\u00a0<\/p>\n<p><span style=\"font-weight: 400;\">Pola tarde realiz\u00e1ronse varias visitas culturais doutra entidade socia de Fiare, a Coordinadora de Asociaci\u00f3ns para a Memoria Democr\u00e1tica do Pa\u00eds Valenciano. Os que acudiron \u00e1 visita da Valencia republicana puideron descubrir a pegada que deixou a II Rep\u00fablica Espa\u00f1ola na cidade de Valencia e os danos que sufriron tralos bombardeos franquistas, ademais de poder descender e co\u00f1ecer de primeira man un dos numerosos b\u00fankers da Guerra Civil que a\u00ednda se conservan.<\/span><\/p>\n<p>\u00a0<\/p>\n<p><img loading=\"lazy\" decoding=\"async\" class=\"aligncenter wp-image-375704 size-large\" src=\"http:\/\/www.fiarebancaetica.coop\/app\/uploads\/sites\/2\/2024\/05\/asamblea-fiare-peq-10-1024x683.jpg\" sizes=\"auto, (max-width: 640px) 100vw, 640px\" srcset=\"https:\/\/www.fiarebancaetica.coop\/app\/uploads\/sites\/2\/2024\/05\/asamblea-fiare-peq-10-1024x683.jpg 1024w, https:\/\/www.fiarebancaetica.coop\/app\/uploads\/sites\/2\/2024\/05\/asamblea-fiare-peq-10-300x200.jpg 300w, https:\/\/www.fiarebancaetica.coop\/app\/uploads\/sites\/2\/2024\/05\/asamblea-fiare-peq-10-768x512.jpg 768w, https:\/\/www.fiarebancaetica.coop\/app\/uploads\/sites\/2\/2024\/05\/asamblea-fiare-peq-10-1536x1024.jpg 1536w, https:\/\/www.fiarebancaetica.coop\/app\/uploads\/sites\/2\/2024\/05\/asamblea-fiare-peq-10-2048x1365.jpg 2048w\" alt=\"\" width=\"640\" height=\"427\" \/><\/p>\n<p>\u00a0<\/p>\n<p><span style=\"font-weight: 400;\">Por outra banda, os socios que optaron por visitar o centro hist\u00f3rico de Valencia puideron co\u00f1ecer e pasear polos principais monumentos e lugares m\u00e1is emblem\u00e1ticos de Ciutat Vella, un centro hist\u00f3rico con m\u00e1is de 2.000 anos de historia, berce da arquitectura g\u00f3tica e barroca\u2026e modernista. E para que ningu\u00e9n quedara con ganas de facer as 2 visitas, o domingo pola ma\u00f1\u00e1 os socios puideron facer a visita que non fixeran o s\u00e1bado pola tarde.<\/span><\/p>\n<p>\u00a0<\/p>\n<p>\u00a0<\/p>\n<p><img loading=\"lazy\" decoding=\"async\" class=\"aligncenter wp-image-375668 size-large\" src=\"http:\/\/www.fiarebancaetica.coop\/app\/uploads\/sites\/2\/2024\/05\/asamblea-fiare-peq-5-1024x683.jpg\" sizes=\"auto, (max-width: 640px) 100vw, 640px\" srcset=\"https:\/\/www.fiarebancaetica.coop\/app\/uploads\/sites\/2\/2024\/05\/asamblea-fiare-peq-5-1024x683.jpg 1024w, https:\/\/www.fiarebancaetica.coop\/app\/uploads\/sites\/2\/2024\/05\/asamblea-fiare-peq-5-300x200.jpg 300w, https:\/\/www.fiarebancaetica.coop\/app\/uploads\/sites\/2\/2024\/05\/asamblea-fiare-peq-5-768x512.jpg 768w, https:\/\/www.fiarebancaetica.coop\/app\/uploads\/sites\/2\/2024\/05\/asamblea-fiare-peq-5-1536x1024.jpg 1536w, https:\/\/www.fiarebancaetica.coop\/app\/uploads\/sites\/2\/2024\/05\/asamblea-fiare-peq-5-2048x1365.jpg 2048w\" alt=\"\" width=\"640\" height=\"427\" \/><\/p>\n\n\n<div style=\"height:100px\" aria-hidden=\"true\" class=\"wp-block-spacer\"><\/div>\n","protected":false},"excerpt":{"rendered":"<p>\u00a0 O pasado s\u00e1bado 18 de maio a cidade de Valencia acolleu a Asemblea Anual de Persoas e Organizaci\u00f3ns socias de Banca Etica. Elaborouse unha programaci\u00f3n cultural moi completa con actividades que se desenvolveron ao longo de 4 d\u00edas. \u00a0 \u00a0 O xoves 16 de maio, pola tarde, tivo lugar a proxecci\u00f3n gratu\u00edta do documental [&hellip;]<\/p>\n","protected":false},"author":6693,"featured_media":375659,"comment_status":"closed","ping_status":"closed","sticky":false,"template":"","format":"standard","meta":{"_acf_changed":false,"footnotes":""},"categories":[11614,11645],"tags":[11855],"coauthors":[10743],"class_list":{"0":"post-375636","1":"post","2":"type-post","3":"status-publish","4":"format-standard","5":"has-post-thumbnail","6":"hentry","7":"category-finanzas-eticas","9":"tag-novas"},"acf":[],"yoast_head":"<!-- This site is optimized with the Yoast SEO plugin v26.9 - https:\/\/yoast.com\/product\/yoast-seo-wordpress\/ -->\n<title>Valencia: Tradici\u00f3n, Cultura e Compromiso polas Finanzas \u00c9ticas - Fiare Banca Etica<\/title>\n<meta name=\"robots\" content=\"index, follow, max-snippet:-1, max-image-preview:large, max-video-preview:-1\" \/>\n<link rel=\"canonical\" href=\"https:\/\/www.fiarebancaetica.coop\/gl\/valencia-tradicion-cultura-e-compromiso-polas-finanzas-eticas\/\" \/>\n<meta property=\"og:locale\" content=\"gl_ES\" \/>\n<meta property=\"og:type\" content=\"article\" \/>\n<meta property=\"og:title\" content=\"Valencia: Tradici\u00f3n, Cultura e Compromiso polas Finanzas \u00c9ticas - Fiare Banca Etica\" \/>\n<meta property=\"og:description\" content=\"\u00a0 O pasado s\u00e1bado 18 de maio a cidade de Valencia acolleu a Asemblea Anual de Persoas e Organizaci\u00f3ns socias de Banca Etica. Elaborouse unha programaci\u00f3n cultural moi completa con actividades que se desenvolveron ao longo de 4 d\u00edas. \u00a0 \u00a0 O xoves 16 de maio, pola tarde, tivo lugar a proxecci\u00f3n gratu\u00edta do documental [&hellip;]\" \/>\n<meta property=\"og:url\" content=\"https:\/\/www.fiarebancaetica.coop\/gl\/valencia-tradicion-cultura-e-compromiso-polas-finanzas-eticas\/\" \/>\n<meta property=\"og:site_name\" content=\"Fiare Banca Etica\" \/>\n<meta property=\"article:published_time\" content=\"2024-05-30T08:30:15+00:00\" \/>\n<meta property=\"article:modified_time\" content=\"2024-05-30T08:30:17+00:00\" \/>\n<meta property=\"og:image\" content=\"https:\/\/www.fiarebancaetica.coop\/app\/uploads\/sites\/2\/2024\/05\/asamblea-fiare-peq-scaled.jpg\" \/>\n\t<meta property=\"og:image:width\" content=\"2560\" \/>\n\t<meta property=\"og:image:height\" content=\"2000\" \/>\n\t<meta property=\"og:image:type\" content=\"image\/jpeg\" \/>\n<meta name=\"author\" content=\"c.castrobancaetica\" \/>\n<meta name=\"twitter:card\" content=\"summary_large_image\" \/>\n<script type=\"application\/ld+json\" class=\"yoast-schema-graph\">{\"@context\":\"https:\/\/schema.org\",\"@graph\":[{\"@type\":\"Article\",\"@id\":\"https:\/\/www.fiarebancaetica.coop\/gl\/valencia-tradicion-cultura-e-compromiso-polas-finanzas-eticas\/#article\",\"isPartOf\":{\"@id\":\"https:\/\/www.fiarebancaetica.coop\/gl\/valencia-tradicion-cultura-e-compromiso-polas-finanzas-eticas\/\"},\"author\":{\"name\":\"c.castrobancaetica\",\"@id\":\"https:\/\/www.fiarebancaetica.coop\/gl\/#\/schema\/person\/1c4efa4aa7be2f4c12d1ec8c8bc7ec9d\"},\"headline\":\"Valencia: Tradici\u00f3n, Cultura e Compromiso polas Finanzas \u00c9ticas\",\"datePublished\":\"2024-05-30T08:30:15+00:00\",\"dateModified\":\"2024-05-30T08:30:17+00:00\",\"mainEntityOfPage\":{\"@id\":\"https:\/\/www.fiarebancaetica.coop\/gl\/valencia-tradicion-cultura-e-compromiso-polas-finanzas-eticas\/\"},\"wordCount\":541,\"image\":{\"@id\":\"https:\/\/www.fiarebancaetica.coop\/gl\/valencia-tradicion-cultura-e-compromiso-polas-finanzas-eticas\/#primaryimage\"},\"thumbnailUrl\":\"https:\/\/www.fiarebancaetica.coop\/app\/uploads\/sites\/2\/2024\/05\/asamblea-fiare-peq-scaled.jpg\",\"keywords\":[\"Novas\"],\"articleSection\":[\"Finanzas \u00c9ticas\",\"Finanzas \u00c9ticas\"],\"inLanguage\":\"gl-ES\"},{\"@type\":\"WebPage\",\"@id\":\"https:\/\/www.fiarebancaetica.coop\/gl\/valencia-tradicion-cultura-e-compromiso-polas-finanzas-eticas\/\",\"url\":\"https:\/\/www.fiarebancaetica.coop\/gl\/valencia-tradicion-cultura-e-compromiso-polas-finanzas-eticas\/\",\"name\":\"Valencia: Tradici\u00f3n, Cultura e Compromiso polas Finanzas \u00c9ticas - Fiare Banca Etica\",\"isPartOf\":{\"@id\":\"https:\/\/www.fiarebancaetica.coop\/gl\/#website\"},\"primaryImageOfPage\":{\"@id\":\"https:\/\/www.fiarebancaetica.coop\/gl\/valencia-tradicion-cultura-e-compromiso-polas-finanzas-eticas\/#primaryimage\"},\"image\":{\"@id\":\"https:\/\/www.fiarebancaetica.coop\/gl\/valencia-tradicion-cultura-e-compromiso-polas-finanzas-eticas\/#primaryimage\"},\"thumbnailUrl\":\"https:\/\/www.fiarebancaetica.coop\/app\/uploads\/sites\/2\/2024\/05\/asamblea-fiare-peq-scaled.jpg\",\"datePublished\":\"2024-05-30T08:30:15+00:00\",\"dateModified\":\"2024-05-30T08:30:17+00:00\",\"author\":{\"@id\":\"https:\/\/www.fiarebancaetica.coop\/gl\/#\/schema\/person\/1c4efa4aa7be2f4c12d1ec8c8bc7ec9d\"},\"breadcrumb\":{\"@id\":\"https:\/\/www.fiarebancaetica.coop\/gl\/valencia-tradicion-cultura-e-compromiso-polas-finanzas-eticas\/#breadcrumb\"},\"inLanguage\":\"gl-ES\",\"potentialAction\":[{\"@type\":\"ReadAction\",\"target\":[\"https:\/\/www.fiarebancaetica.coop\/gl\/valencia-tradicion-cultura-e-compromiso-polas-finanzas-eticas\/\"]}]},{\"@type\":\"ImageObject\",\"inLanguage\":\"gl-ES\",\"@id\":\"https:\/\/www.fiarebancaetica.coop\/gl\/valencia-tradicion-cultura-e-compromiso-polas-finanzas-eticas\/#primaryimage\",\"url\":\"https:\/\/www.fiarebancaetica.coop\/app\/uploads\/sites\/2\/2024\/05\/asamblea-fiare-peq-scaled.jpg\",\"contentUrl\":\"https:\/\/www.fiarebancaetica.coop\/app\/uploads\/sites\/2\/2024\/05\/asamblea-fiare-peq-scaled.jpg\",\"width\":2560,\"height\":2000},{\"@type\":\"BreadcrumbList\",\"@id\":\"https:\/\/www.fiarebancaetica.coop\/gl\/valencia-tradicion-cultura-e-compromiso-polas-finanzas-eticas\/#breadcrumb\",\"itemListElement\":[{\"@type\":\"ListItem\",\"position\":1,\"name\":\"Home\",\"item\":\"https:\/\/www.fiarebancaetica.coop\/gl\/\"},{\"@type\":\"ListItem\",\"position\":2,\"name\":\"Valencia: Tradici\u00f3n, Cultura e Compromiso polas Finanzas \u00c9ticas\"}]},{\"@type\":\"WebSite\",\"@id\":\"https:\/\/www.fiarebancaetica.coop\/gl\/#website\",\"url\":\"https:\/\/www.fiarebancaetica.coop\/gl\/\",\"name\":\"Fiare Banca Etica\",\"description\":\"\",\"potentialAction\":[{\"@type\":\"SearchAction\",\"target\":{\"@type\":\"EntryPoint\",\"urlTemplate\":\"https:\/\/www.fiarebancaetica.coop\/gl\/?s={search_term_string}\"},\"query-input\":{\"@type\":\"PropertyValueSpecification\",\"valueRequired\":true,\"valueName\":\"search_term_string\"}}],\"inLanguage\":\"gl-ES\"},{\"@type\":\"Person\",\"@id\":\"https:\/\/www.fiarebancaetica.coop\/gl\/#\/schema\/person\/1c4efa4aa7be2f4c12d1ec8c8bc7ec9d\",\"name\":\"c.castrobancaetica\",\"image\":{\"@type\":\"ImageObject\",\"inLanguage\":\"gl-ES\",\"@id\":\"https:\/\/www.fiarebancaetica.coop\/gl\/#\/schema\/person\/image\/f5a235634314aa27313fcd9c99409abd\",\"url\":\"https:\/\/secure.gravatar.com\/avatar\/7e842368c46d63aaa398f0d90120d2b7d7af72148ee6aa4436c6149c13fa4bb2?s=96&d=mm&r=g\",\"contentUrl\":\"https:\/\/secure.gravatar.com\/avatar\/7e842368c46d63aaa398f0d90120d2b7d7af72148ee6aa4436c6149c13fa4bb2?s=96&d=mm&r=g\",\"caption\":\"c.castrobancaetica\"}}]}<\/script>\n<!-- \/ Yoast SEO plugin. -->","yoast_head_json":{"title":"Valencia: Tradici\u00f3n, Cultura e Compromiso polas Finanzas \u00c9ticas - Fiare Banca Etica","robots":{"index":"index","follow":"follow","max-snippet":"max-snippet:-1","max-image-preview":"max-image-preview:large","max-video-preview":"max-video-preview:-1"},"canonical":"https:\/\/www.fiarebancaetica.coop\/gl\/valencia-tradicion-cultura-e-compromiso-polas-finanzas-eticas\/","og_locale":"gl_ES","og_type":"article","og_title":"Valencia: Tradici\u00f3n, Cultura e Compromiso polas Finanzas \u00c9ticas - Fiare Banca Etica","og_description":"\u00a0 O pasado s\u00e1bado 18 de maio a cidade de Valencia acolleu a Asemblea Anual de Persoas e Organizaci\u00f3ns socias de Banca Etica. Elaborouse unha programaci\u00f3n cultural moi completa con actividades que se desenvolveron ao longo de 4 d\u00edas. \u00a0 \u00a0 O xoves 16 de maio, pola tarde, tivo lugar a proxecci\u00f3n gratu\u00edta do documental [&hellip;]","og_url":"https:\/\/www.fiarebancaetica.coop\/gl\/valencia-tradicion-cultura-e-compromiso-polas-finanzas-eticas\/","og_site_name":"Fiare Banca Etica","article_published_time":"2024-05-30T08:30:15+00:00","article_modified_time":"2024-05-30T08:30:17+00:00","og_image":[{"width":2560,"height":2000,"url":"https:\/\/www.fiarebancaetica.coop\/app\/uploads\/sites\/2\/2024\/05\/asamblea-fiare-peq-scaled.jpg","type":"image\/jpeg"}],"author":"c.castrobancaetica","twitter_card":"summary_large_image","schema":{"@context":"https:\/\/schema.org","@graph":[{"@type":"Article","@id":"https:\/\/www.fiarebancaetica.coop\/gl\/valencia-tradicion-cultura-e-compromiso-polas-finanzas-eticas\/#article","isPartOf":{"@id":"https:\/\/www.fiarebancaetica.coop\/gl\/valencia-tradicion-cultura-e-compromiso-polas-finanzas-eticas\/"},"author":{"name":"c.castrobancaetica","@id":"https:\/\/www.fiarebancaetica.coop\/gl\/#\/schema\/person\/1c4efa4aa7be2f4c12d1ec8c8bc7ec9d"},"headline":"Valencia: Tradici\u00f3n, Cultura e Compromiso polas Finanzas \u00c9ticas","datePublished":"2024-05-30T08:30:15+00:00","dateModified":"2024-05-30T08:30:17+00:00","mainEntityOfPage":{"@id":"https:\/\/www.fiarebancaetica.coop\/gl\/valencia-tradicion-cultura-e-compromiso-polas-finanzas-eticas\/"},"wordCount":541,"image":{"@id":"https:\/\/www.fiarebancaetica.coop\/gl\/valencia-tradicion-cultura-e-compromiso-polas-finanzas-eticas\/#primaryimage"},"thumbnailUrl":"https:\/\/www.fiarebancaetica.coop\/app\/uploads\/sites\/2\/2024\/05\/asamblea-fiare-peq-scaled.jpg","keywords":["Novas"],"articleSection":["Finanzas \u00c9ticas","Finanzas \u00c9ticas"],"inLanguage":"gl-ES"},{"@type":"WebPage","@id":"https:\/\/www.fiarebancaetica.coop\/gl\/valencia-tradicion-cultura-e-compromiso-polas-finanzas-eticas\/","url":"https:\/\/www.fiarebancaetica.coop\/gl\/valencia-tradicion-cultura-e-compromiso-polas-finanzas-eticas\/","name":"Valencia: Tradici\u00f3n, Cultura e Compromiso polas Finanzas \u00c9ticas - Fiare Banca Etica","isPartOf":{"@id":"https:\/\/www.fiarebancaetica.coop\/gl\/#website"},"primaryImageOfPage":{"@id":"https:\/\/www.fiarebancaetica.coop\/gl\/valencia-tradicion-cultura-e-compromiso-polas-finanzas-eticas\/#primaryimage"},"image":{"@id":"https:\/\/www.fiarebancaetica.coop\/gl\/valencia-tradicion-cultura-e-compromiso-polas-finanzas-eticas\/#primaryimage"},"thumbnailUrl":"https:\/\/www.fiarebancaetica.coop\/app\/uploads\/sites\/2\/2024\/05\/asamblea-fiare-peq-scaled.jpg","datePublished":"2024-05-30T08:30:15+00:00","dateModified":"2024-05-30T08:30:17+00:00","author":{"@id":"https:\/\/www.fiarebancaetica.coop\/gl\/#\/schema\/person\/1c4efa4aa7be2f4c12d1ec8c8bc7ec9d"},"breadcrumb":{"@id":"https:\/\/www.fiarebancaetica.coop\/gl\/valencia-tradicion-cultura-e-compromiso-polas-finanzas-eticas\/#breadcrumb"},"inLanguage":"gl-ES","potentialAction":[{"@type":"ReadAction","target":["https:\/\/www.fiarebancaetica.coop\/gl\/valencia-tradicion-cultura-e-compromiso-polas-finanzas-eticas\/"]}]},{"@type":"ImageObject","inLanguage":"gl-ES","@id":"https:\/\/www.fiarebancaetica.coop\/gl\/valencia-tradicion-cultura-e-compromiso-polas-finanzas-eticas\/#primaryimage","url":"https:\/\/www.fiarebancaetica.coop\/app\/uploads\/sites\/2\/2024\/05\/asamblea-fiare-peq-scaled.jpg","contentUrl":"https:\/\/www.fiarebancaetica.coop\/app\/uploads\/sites\/2\/2024\/05\/asamblea-fiare-peq-scaled.jpg","width":2560,"height":2000},{"@type":"BreadcrumbList","@id":"https:\/\/www.fiarebancaetica.coop\/gl\/valencia-tradicion-cultura-e-compromiso-polas-finanzas-eticas\/#breadcrumb","itemListElement":[{"@type":"ListItem","position":1,"name":"Home","item":"https:\/\/www.fiarebancaetica.coop\/gl\/"},{"@type":"ListItem","position":2,"name":"Valencia: Tradici\u00f3n, Cultura e Compromiso polas Finanzas \u00c9ticas"}]},{"@type":"WebSite","@id":"https:\/\/www.fiarebancaetica.coop\/gl\/#website","url":"https:\/\/www.fiarebancaetica.coop\/gl\/","name":"Fiare Banca Etica","description":"","potentialAction":[{"@type":"SearchAction","target":{"@type":"EntryPoint","urlTemplate":"https:\/\/www.fiarebancaetica.coop\/gl\/?s={search_term_string}"},"query-input":{"@type":"PropertyValueSpecification","valueRequired":true,"valueName":"search_term_string"}}],"inLanguage":"gl-ES"},{"@type":"Person","@id":"https:\/\/www.fiarebancaetica.coop\/gl\/#\/schema\/person\/1c4efa4aa7be2f4c12d1ec8c8bc7ec9d","name":"c.castrobancaetica","image":{"@type":"ImageObject","inLanguage":"gl-ES","@id":"https:\/\/www.fiarebancaetica.coop\/gl\/#\/schema\/person\/image\/f5a235634314aa27313fcd9c99409abd","url":"https:\/\/secure.gravatar.com\/avatar\/7e842368c46d63aaa398f0d90120d2b7d7af72148ee6aa4436c6149c13fa4bb2?s=96&d=mm&r=g","contentUrl":"https:\/\/secure.gravatar.com\/avatar\/7e842368c46d63aaa398f0d90120d2b7d7af72148ee6aa4436c6149c13fa4bb2?s=96&d=mm&r=g","caption":"c.castrobancaetica"}}]}},"_links":{"self":[{"href":"https:\/\/www.fiarebancaetica.coop\/gl\/wp-json\/wp\/v2\/posts\/375636","targetHints":{"allow":["GET"]}}],"collection":[{"href":"https:\/\/www.fiarebancaetica.coop\/gl\/wp-json\/wp\/v2\/posts"}],"about":[{"href":"https:\/\/www.fiarebancaetica.coop\/gl\/wp-json\/wp\/v2\/types\/post"}],"author":[{"embeddable":true,"href":"https:\/\/www.fiarebancaetica.coop\/gl\/wp-json\/wp\/v2\/users\/6693"}],"replies":[{"embeddable":true,"href":"https:\/\/www.fiarebancaetica.coop\/gl\/wp-json\/wp\/v2\/comments?post=375636"}],"version-history":[{"count":2,"href":"https:\/\/www.fiarebancaetica.coop\/gl\/wp-json\/wp\/v2\/posts\/375636\/revisions"}],"predecessor-version":[{"id":375752,"href":"https:\/\/www.fiarebancaetica.coop\/gl\/wp-json\/wp\/v2\/posts\/375636\/revisions\/375752"}],"wp:featuredmedia":[{"embeddable":true,"href":"https:\/\/www.fiarebancaetica.coop\/gl\/wp-json\/wp\/v2\/media\/375659"}],"wp:attachment":[{"href":"https:\/\/www.fiarebancaetica.coop\/gl\/wp-json\/wp\/v2\/media?parent=375636"}],"wp:term":[{"taxonomy":"category","embeddable":true,"href":"https:\/\/www.fiarebancaetica.coop\/gl\/wp-json\/wp\/v2\/categories?post=375636"},{"taxonomy":"post_tag","embeddable":true,"href":"https:\/\/www.fiarebancaetica.coop\/gl\/wp-json\/wp\/v2\/tags?post=375636"},{"taxonomy":"author","embeddable":true,"href":"https:\/\/www.fiarebancaetica.coop\/gl\/wp-json\/wp\/v2\/coauthors?post=375636"}],"curies":[{"name":"wp","href":"https:\/\/api.w.org\/{rel}","templated":true}]}}