{"id":378026,"date":"2024-09-10T15:22:27","date_gmt":"2024-09-10T13:22:27","guid":{"rendered":"https:\/\/www.fiarebancaetica.coop\/?p=378026"},"modified":"2024-09-12T13:24:19","modified_gmt":"2024-09-12T11:24:19","slug":"un-legado-de-compromiso-e-paixon","status":"publish","type":"post","link":"https:\/\/www.fiarebancaetica.coop\/gl\/un-legado-de-compromiso-e-paixon\/","title":{"rendered":"Un legado de compromiso e paix\u00f3n"},"content":{"rendered":"\n\n<div class=\"wp-block-bancaetica-blocks-blocks-block-49\">\n    <div class=\"container-block-49\">\n\n        <div class=\"header-section \">\n                            <h1 class=\"section-title\"> \u00c9tica e cooperativa <\/h1>\n                                            <\/div>\n\n        \n        <div class=\"block-background\" style=\"background-image: url('https:\/\/www.fiarebancaetica.coop\/app\/uploads\/sites\/2\/2024\/09\/cachi.jpg')\">\n                            <div class=\"tile\">\n                    <h1 class=\"image-title\"> Un legado de compromiso e paix\u00f3n <\/h1>\n                <\/div>             <!-- end .tile -->\n            <div class=\"bottom-content\">\n                            <\/div> <!-- end .button-content -->\n        <\/div> <!-- end .block-background -->\n    <\/div> <!-- end .container -->\n<\/div> <!-- end wp-block-bancaetica-blocks-blocks-block-06 -->\n\n<p><em><strong>Un artigo do GIT de Galiza Sur.<\/strong><\/em><\/p>\n<p>\u00a0<\/p>\n<p><span style=\"font-weight: 400;\">\u00c9 dif\u00edcil. \u00c9 unha p\u00edlula amarga de tragar. Escribir sobre ela tr\u00e1enos \u00e1 memoria moitos recordos que fan un n\u00f3 no est\u00f3mago, que traen unha b\u00e1goa ao ollo. Pero con moita m\u00e1is forza traen un sorriso, o seu sorriso.<\/span><\/p>\n<p>\u00a0<\/p>\n<p><span style=\"font-weight: 400;\">Alg\u00fans co\u00f1ec\u00e9mola a principios de 2010. <strong>Nese ano fundouse a Asociaci\u00f3n Fiare Galiza e, dende ent\u00f3n, a nosa Cachi non deixou de traballar para que o noso banco chegue ao que \u00e9 hoxe<\/strong>. Do local ao internacional. Cachi creceu durante 14 anos con Fiare. Daquela compartiu con todas n\u00f3s a utop\u00eda, as ganas de crear algo diferente, algo mellor, contaxiando a ilusi\u00f3n \u00e1 xente que estaba ao seu lado. Nese paseo destacou. Foi unha das primeiras en opinar, en propo\u00f1er, pero sobre todo en animar. Co seu esforzo e dedicaci\u00f3n, Cachi converteuse nunha referente para moitas das que formamos parte de Fiare e ser\u00e1 dif\u00edcil que a esquezamos.<\/span><\/p>\n<p>\u00a0<\/p>\n<p><img loading=\"lazy\" decoding=\"async\" class=\"aligncenter wp-image-378022 size-large\" src=\"http:\/\/www.fiarebancaetica.coop\/app\/uploads\/sites\/2\/2024\/09\/IMG-20220420-WA0034-1024x461.jpg\" alt=\"\" width=\"640\" height=\"288\" srcset=\"https:\/\/www.fiarebancaetica.coop\/app\/uploads\/sites\/2\/2024\/09\/IMG-20220420-WA0034-1024x461.jpg 1024w, https:\/\/www.fiarebancaetica.coop\/app\/uploads\/sites\/2\/2024\/09\/IMG-20220420-WA0034-300x135.jpg 300w, https:\/\/www.fiarebancaetica.coop\/app\/uploads\/sites\/2\/2024\/09\/IMG-20220420-WA0034-768x346.jpg 768w, https:\/\/www.fiarebancaetica.coop\/app\/uploads\/sites\/2\/2024\/09\/IMG-20220420-WA0034-1536x691.jpg 1536w, https:\/\/www.fiarebancaetica.coop\/app\/uploads\/sites\/2\/2024\/09\/IMG-20220420-WA0034.jpg 2000w\" sizes=\"auto, (max-width: 640px) 100vw, 640px\" \/><\/p>\n<p><span style=\"font-weight: 400;\">Deixounos <strong>unha l\u00edder, unha amiga, unha irm\u00e1, unha nai, unha compa\u00f1eira de viaxe<\/strong>. Non se ga\u00f1ou o alcume de \u201cmam\u00e1 Cachi\u201d por casualidade, xa que para cada persoa ti\u00f1a un xesto, unha chamada, unha mirada, unha palabra ou un descanso para fumar.<\/span><\/p>\n<p>\u00a0<\/p>\n<p>Estableceu v\u00ednculos que \u00edan m\u00e1is al\u00e1 dos temas a tratar; compartimos reuni\u00f3ns, viaxes, encontros, irmanamentos e moitas conversas; en definitiva, compartimos a vida. Ela fixo realidade o lema do banco: <b>\u201co interese m\u00e1is alto \u00e9 o interese colectivo\u201d<\/b><span style=\"font-weight: 400;\">, pois non quixo acaparar os \u201cfocos\u201d, sen\u00f3n po\u00f1erse ao servizo e implicarse no que fose necesario, promovendo a presenza e a participaci\u00f3n das mulleres na estrutura social de Fiare Banca Etica.<\/span><\/p>\n<p>\u00a0<\/p>\n<p><img loading=\"lazy\" decoding=\"async\" class=\"aligncenter wp-image-378066 size-large\" src=\"http:\/\/www.fiarebancaetica.coop\/app\/uploads\/sites\/2\/2024\/09\/Donosti-23-115-copia-1024x975.jpg\" alt=\"\" width=\"640\" height=\"609\" srcset=\"https:\/\/www.fiarebancaetica.coop\/app\/uploads\/sites\/2\/2024\/09\/Donosti-23-115-copia-1024x975.jpg 1024w, https:\/\/www.fiarebancaetica.coop\/app\/uploads\/sites\/2\/2024\/09\/Donosti-23-115-copia-300x286.jpg 300w, https:\/\/www.fiarebancaetica.coop\/app\/uploads\/sites\/2\/2024\/09\/Donosti-23-115-copia-768x731.jpg 768w, https:\/\/www.fiarebancaetica.coop\/app\/uploads\/sites\/2\/2024\/09\/Donosti-23-115-copia-1536x1463.jpg 1536w, https:\/\/www.fiarebancaetica.coop\/app\/uploads\/sites\/2\/2024\/09\/Donosti-23-115-copia-2048x1950.jpg 2048w\" sizes=\"auto, (max-width: 640px) 100vw, 640px\" \/><\/p>\n<p><span style=\"font-weight: 400;\">Outra persoa ser\u00e1 a que merque agora os caramelos e os reparta en cada encontro ou reuni\u00f3n. As &#8220;trillis&#8221; ser\u00e1n agora &#8220;mellis&#8221;. Seremos outras os que seguiremos tirando do carro que ela empuxou. Ser\u00e1 diferente, pero avanzar\u00e1. Porque se algo podemos dicir con certeza \u00e9 que Cachi f\u00edxonos mellores persoas e, como mellores persoas, seguiremos constru\u00edndo Banca Etica emulando a s\u00faa paix\u00f3n para que se sinta orgullosa do legado que deixou en n\u00f3s.<br \/><\/span><\/p>\n<p>\u00a0<\/p>\n<p><span style=\"font-weight: 400;\">Moi poucos meses antes de marchar tivemos a sorte de vela bailar \u201cla chica yey\u00e9\u201d na s\u00faa \u00faltima asamblea. Uns d\u00edas antes de marchar, alg\u00fans tivemos a sorte de falar con ela e, a pesar das nosas boas intenci\u00f3ns, foi ela a que nos acabou animando. \u00c9 dif\u00edcil explicar o que conseguiu ser Cachi para moitos de n\u00f3s; necesitar\u00edamos un libro e quedar\u00eda escaso, porque <strong>as palabras son finitas, incapaces de abarcar o que ela transmit\u00eda<\/strong> coa s\u00faa mirada, co seu sorriso, coas s\u00faas caricias e cos seus \u201cbiqui\u00f1os\u201d.<\/span><\/p>\n<p>\u00a0<\/p>\n<p><img loading=\"lazy\" decoding=\"async\" class=\"aligncenter wp-image-378070 size-large\" src=\"http:\/\/www.fiarebancaetica.coop\/app\/uploads\/sites\/2\/2024\/09\/NOV_2233-copia-961x1024.jpg\" alt=\"\" width=\"640\" height=\"682\" srcset=\"https:\/\/www.fiarebancaetica.coop\/app\/uploads\/sites\/2\/2024\/09\/NOV_2233-copia-961x1024.jpg 961w, https:\/\/www.fiarebancaetica.coop\/app\/uploads\/sites\/2\/2024\/09\/NOV_2233-copia-282x300.jpg 282w, https:\/\/www.fiarebancaetica.coop\/app\/uploads\/sites\/2\/2024\/09\/NOV_2233-copia-768x818.jpg 768w, https:\/\/www.fiarebancaetica.coop\/app\/uploads\/sites\/2\/2024\/09\/NOV_2233-copia-1442x1536.jpg 1442w, https:\/\/www.fiarebancaetica.coop\/app\/uploads\/sites\/2\/2024\/09\/NOV_2233-copia-1922x2048.jpg 1922w\" sizes=\"auto, (max-width: 640px) 100vw, 640px\" \/><\/p>\n<p><span style=\"font-weight: 400;\">A pesares da debilidade dos \u00faltimos meses, Cachi sempre estivo a\u00ed, era puro optimismo, era unha ola de cari\u00f1o que che po\u00f1\u00eda os pelos de punta. Sempre dando, sempre intentando. Xuntas marcamos obxectivos. Xuntas consegu\u00edmolos. O esforzo e o sacrificio foron recompensados, grazas a eles, hoxe podemos falar de Fiare Banca Etica con moito orgullo. Queda moito cami\u00f1o por percorrer, novos obxectivos por acadar. Far\u00e9molo xuntas, ela no sentimento, n\u00f3s coa nosa presenza, co noso esforzo colectivo. Deb\u00e9mosllo a ela.<\/span><\/p>\n<p>\u00a0<\/p>\n<p><span style=\"font-weight: 400;\">\u201cBiqui\u00f1os para todas!\u201d<\/span><\/p>\n<p>\u00a0<\/p>\n<p><img loading=\"lazy\" decoding=\"async\" class=\"aligncenter wp-image-378056 size-large\" src=\"http:\/\/www.fiarebancaetica.coop\/app\/uploads\/sites\/2\/2024\/09\/20221104_211011-1024x462.jpg\" alt=\"\" width=\"640\" height=\"289\" srcset=\"https:\/\/www.fiarebancaetica.coop\/app\/uploads\/sites\/2\/2024\/09\/20221104_211011-1024x462.jpg 1024w, https:\/\/www.fiarebancaetica.coop\/app\/uploads\/sites\/2\/2024\/09\/20221104_211011-300x135.jpg 300w, https:\/\/www.fiarebancaetica.coop\/app\/uploads\/sites\/2\/2024\/09\/20221104_211011-768x346.jpg 768w, https:\/\/www.fiarebancaetica.coop\/app\/uploads\/sites\/2\/2024\/09\/20221104_211011-1536x692.jpg 1536w, https:\/\/www.fiarebancaetica.coop\/app\/uploads\/sites\/2\/2024\/09\/20221104_211011-2048x923.jpg 2048w\" sizes=\"auto, (max-width: 640px) 100vw, 640px\" \/><\/p>\n\n\n<div style=\"height:100px\" aria-hidden=\"true\" class=\"wp-block-spacer\"><\/div>\n","protected":false},"excerpt":{"rendered":"<p>Un artigo do GIT de Galiza Sur. \u00a0 \u00c9 dif\u00edcil. \u00c9 unha p\u00edlula amarga de tragar. Escribir sobre ela tr\u00e1enos \u00e1 memoria moitos recordos que fan un n\u00f3 no est\u00f3mago, que traen unha b\u00e1goa ao ollo. Pero con moita m\u00e1is forza traen un sorriso, o seu sorriso. \u00a0 Alg\u00fans co\u00f1ec\u00e9mola a principios de 2010. Nese [&hellip;]<\/p>\n","protected":false},"author":6693,"featured_media":378032,"comment_status":"closed","ping_status":"closed","sticky":false,"template":"","format":"standard","meta":{"_acf_changed":false,"footnotes":""},"categories":[11641],"tags":[],"coauthors":[10743],"class_list":["post-378026","post","type-post","status-publish","format-standard","has-post-thumbnail","hentry","category-etica-e-cooperativa"],"acf":[],"yoast_head":"<!-- This site is optimized with the Yoast SEO plugin v26.9 - https:\/\/yoast.com\/product\/yoast-seo-wordpress\/ -->\n<title>Un legado de compromiso e paix\u00f3n - Fiare Banca Etica<\/title>\n<meta name=\"robots\" content=\"index, follow, max-snippet:-1, max-image-preview:large, max-video-preview:-1\" \/>\n<link rel=\"canonical\" href=\"https:\/\/www.fiarebancaetica.coop\/gl\/un-legado-de-compromiso-e-paixon\/\" \/>\n<meta property=\"og:locale\" content=\"gl_ES\" \/>\n<meta property=\"og:type\" content=\"article\" \/>\n<meta property=\"og:title\" content=\"Un legado de compromiso e paix\u00f3n - Fiare Banca Etica\" \/>\n<meta property=\"og:description\" content=\"Un artigo do GIT de Galiza Sur. \u00a0 \u00c9 dif\u00edcil. \u00c9 unha p\u00edlula amarga de tragar. Escribir sobre ela tr\u00e1enos \u00e1 memoria moitos recordos que fan un n\u00f3 no est\u00f3mago, que traen unha b\u00e1goa ao ollo. Pero con moita m\u00e1is forza traen un sorriso, o seu sorriso. \u00a0 Alg\u00fans co\u00f1ec\u00e9mola a principios de 2010. Nese [&hellip;]\" \/>\n<meta property=\"og:url\" content=\"https:\/\/www.fiarebancaetica.coop\/gl\/un-legado-de-compromiso-e-paixon\/\" \/>\n<meta property=\"og:site_name\" content=\"Fiare Banca Etica\" \/>\n<meta property=\"article:published_time\" content=\"2024-09-10T13:22:27+00:00\" \/>\n<meta property=\"article:modified_time\" content=\"2024-09-12T11:24:19+00:00\" \/>\n<meta property=\"og:image\" content=\"http:\/\/www.fiarebancaetica.coop\/app\/uploads\/sites\/2\/2024\/09\/cachi.jpg\" \/>\n\t<meta property=\"og:image:width\" content=\"2048\" \/>\n\t<meta property=\"og:image:height\" content=\"1239\" \/>\n\t<meta property=\"og:image:type\" content=\"image\/jpeg\" \/>\n<meta name=\"author\" content=\"c.castrobancaetica\" \/>\n<meta name=\"twitter:card\" content=\"summary_large_image\" \/>\n<script type=\"application\/ld+json\" class=\"yoast-schema-graph\">{\"@context\":\"https:\/\/schema.org\",\"@graph\":[{\"@type\":\"Article\",\"@id\":\"https:\/\/www.fiarebancaetica.coop\/gl\/un-legado-de-compromiso-e-paixon\/#article\",\"isPartOf\":{\"@id\":\"https:\/\/www.fiarebancaetica.coop\/gl\/un-legado-de-compromiso-e-paixon\/\"},\"author\":{\"name\":\"c.castrobancaetica\",\"@id\":\"https:\/\/www.fiarebancaetica.coop\/gl\/#\/schema\/person\/1c4efa4aa7be2f4c12d1ec8c8bc7ec9d\"},\"headline\":\"Un legado de compromiso e paix\u00f3n\",\"datePublished\":\"2024-09-10T13:22:27+00:00\",\"dateModified\":\"2024-09-12T11:24:19+00:00\",\"mainEntityOfPage\":{\"@id\":\"https:\/\/www.fiarebancaetica.coop\/gl\/un-legado-de-compromiso-e-paixon\/\"},\"wordCount\":562,\"image\":{\"@id\":\"https:\/\/www.fiarebancaetica.coop\/gl\/un-legado-de-compromiso-e-paixon\/#primaryimage\"},\"thumbnailUrl\":\"https:\/\/www.fiarebancaetica.coop\/app\/uploads\/sites\/2\/2024\/09\/cachi.jpg\",\"articleSection\":[\"\u00c9tica e cooperativa\"],\"inLanguage\":\"gl-ES\"},{\"@type\":\"WebPage\",\"@id\":\"https:\/\/www.fiarebancaetica.coop\/gl\/un-legado-de-compromiso-e-paixon\/\",\"url\":\"https:\/\/www.fiarebancaetica.coop\/gl\/un-legado-de-compromiso-e-paixon\/\",\"name\":\"Un legado de compromiso e paix\u00f3n - Fiare Banca Etica\",\"isPartOf\":{\"@id\":\"https:\/\/www.fiarebancaetica.coop\/gl\/#website\"},\"primaryImageOfPage\":{\"@id\":\"https:\/\/www.fiarebancaetica.coop\/gl\/un-legado-de-compromiso-e-paixon\/#primaryimage\"},\"image\":{\"@id\":\"https:\/\/www.fiarebancaetica.coop\/gl\/un-legado-de-compromiso-e-paixon\/#primaryimage\"},\"thumbnailUrl\":\"https:\/\/www.fiarebancaetica.coop\/app\/uploads\/sites\/2\/2024\/09\/cachi.jpg\",\"datePublished\":\"2024-09-10T13:22:27+00:00\",\"dateModified\":\"2024-09-12T11:24:19+00:00\",\"author\":{\"@id\":\"https:\/\/www.fiarebancaetica.coop\/gl\/#\/schema\/person\/1c4efa4aa7be2f4c12d1ec8c8bc7ec9d\"},\"breadcrumb\":{\"@id\":\"https:\/\/www.fiarebancaetica.coop\/gl\/un-legado-de-compromiso-e-paixon\/#breadcrumb\"},\"inLanguage\":\"gl-ES\",\"potentialAction\":[{\"@type\":\"ReadAction\",\"target\":[\"https:\/\/www.fiarebancaetica.coop\/gl\/un-legado-de-compromiso-e-paixon\/\"]}]},{\"@type\":\"ImageObject\",\"inLanguage\":\"gl-ES\",\"@id\":\"https:\/\/www.fiarebancaetica.coop\/gl\/un-legado-de-compromiso-e-paixon\/#primaryimage\",\"url\":\"https:\/\/www.fiarebancaetica.coop\/app\/uploads\/sites\/2\/2024\/09\/cachi.jpg\",\"contentUrl\":\"https:\/\/www.fiarebancaetica.coop\/app\/uploads\/sites\/2\/2024\/09\/cachi.jpg\",\"width\":2048,\"height\":1239},{\"@type\":\"BreadcrumbList\",\"@id\":\"https:\/\/www.fiarebancaetica.coop\/gl\/un-legado-de-compromiso-e-paixon\/#breadcrumb\",\"itemListElement\":[{\"@type\":\"ListItem\",\"position\":1,\"name\":\"Home\",\"item\":\"https:\/\/www.fiarebancaetica.coop\/gl\/\"},{\"@type\":\"ListItem\",\"position\":2,\"name\":\"Un legado de compromiso e paix\u00f3n\"}]},{\"@type\":\"WebSite\",\"@id\":\"https:\/\/www.fiarebancaetica.coop\/gl\/#website\",\"url\":\"https:\/\/www.fiarebancaetica.coop\/gl\/\",\"name\":\"Fiare Banca Etica\",\"description\":\"\",\"potentialAction\":[{\"@type\":\"SearchAction\",\"target\":{\"@type\":\"EntryPoint\",\"urlTemplate\":\"https:\/\/www.fiarebancaetica.coop\/gl\/?s={search_term_string}\"},\"query-input\":{\"@type\":\"PropertyValueSpecification\",\"valueRequired\":true,\"valueName\":\"search_term_string\"}}],\"inLanguage\":\"gl-ES\"},{\"@type\":\"Person\",\"@id\":\"https:\/\/www.fiarebancaetica.coop\/gl\/#\/schema\/person\/1c4efa4aa7be2f4c12d1ec8c8bc7ec9d\",\"name\":\"c.castrobancaetica\",\"image\":{\"@type\":\"ImageObject\",\"inLanguage\":\"gl-ES\",\"@id\":\"https:\/\/www.fiarebancaetica.coop\/gl\/#\/schema\/person\/image\/f5a235634314aa27313fcd9c99409abd\",\"url\":\"https:\/\/secure.gravatar.com\/avatar\/7e842368c46d63aaa398f0d90120d2b7d7af72148ee6aa4436c6149c13fa4bb2?s=96&d=mm&r=g\",\"contentUrl\":\"https:\/\/secure.gravatar.com\/avatar\/7e842368c46d63aaa398f0d90120d2b7d7af72148ee6aa4436c6149c13fa4bb2?s=96&d=mm&r=g\",\"caption\":\"c.castrobancaetica\"}}]}<\/script>\n<!-- \/ Yoast SEO plugin. -->","yoast_head_json":{"title":"Un legado de compromiso e paix\u00f3n - Fiare Banca Etica","robots":{"index":"index","follow":"follow","max-snippet":"max-snippet:-1","max-image-preview":"max-image-preview:large","max-video-preview":"max-video-preview:-1"},"canonical":"https:\/\/www.fiarebancaetica.coop\/gl\/un-legado-de-compromiso-e-paixon\/","og_locale":"gl_ES","og_type":"article","og_title":"Un legado de compromiso e paix\u00f3n - Fiare Banca Etica","og_description":"Un artigo do GIT de Galiza Sur. \u00a0 \u00c9 dif\u00edcil. \u00c9 unha p\u00edlula amarga de tragar. Escribir sobre ela tr\u00e1enos \u00e1 memoria moitos recordos que fan un n\u00f3 no est\u00f3mago, que traen unha b\u00e1goa ao ollo. Pero con moita m\u00e1is forza traen un sorriso, o seu sorriso. \u00a0 Alg\u00fans co\u00f1ec\u00e9mola a principios de 2010. Nese [&hellip;]","og_url":"https:\/\/www.fiarebancaetica.coop\/gl\/un-legado-de-compromiso-e-paixon\/","og_site_name":"Fiare Banca Etica","article_published_time":"2024-09-10T13:22:27+00:00","article_modified_time":"2024-09-12T11:24:19+00:00","og_image":[{"width":2048,"height":1239,"url":"http:\/\/www.fiarebancaetica.coop\/app\/uploads\/sites\/2\/2024\/09\/cachi.jpg","type":"image\/jpeg"}],"author":"c.castrobancaetica","twitter_card":"summary_large_image","schema":{"@context":"https:\/\/schema.org","@graph":[{"@type":"Article","@id":"https:\/\/www.fiarebancaetica.coop\/gl\/un-legado-de-compromiso-e-paixon\/#article","isPartOf":{"@id":"https:\/\/www.fiarebancaetica.coop\/gl\/un-legado-de-compromiso-e-paixon\/"},"author":{"name":"c.castrobancaetica","@id":"https:\/\/www.fiarebancaetica.coop\/gl\/#\/schema\/person\/1c4efa4aa7be2f4c12d1ec8c8bc7ec9d"},"headline":"Un legado de compromiso e paix\u00f3n","datePublished":"2024-09-10T13:22:27+00:00","dateModified":"2024-09-12T11:24:19+00:00","mainEntityOfPage":{"@id":"https:\/\/www.fiarebancaetica.coop\/gl\/un-legado-de-compromiso-e-paixon\/"},"wordCount":562,"image":{"@id":"https:\/\/www.fiarebancaetica.coop\/gl\/un-legado-de-compromiso-e-paixon\/#primaryimage"},"thumbnailUrl":"https:\/\/www.fiarebancaetica.coop\/app\/uploads\/sites\/2\/2024\/09\/cachi.jpg","articleSection":["\u00c9tica e cooperativa"],"inLanguage":"gl-ES"},{"@type":"WebPage","@id":"https:\/\/www.fiarebancaetica.coop\/gl\/un-legado-de-compromiso-e-paixon\/","url":"https:\/\/www.fiarebancaetica.coop\/gl\/un-legado-de-compromiso-e-paixon\/","name":"Un legado de compromiso e paix\u00f3n - Fiare Banca Etica","isPartOf":{"@id":"https:\/\/www.fiarebancaetica.coop\/gl\/#website"},"primaryImageOfPage":{"@id":"https:\/\/www.fiarebancaetica.coop\/gl\/un-legado-de-compromiso-e-paixon\/#primaryimage"},"image":{"@id":"https:\/\/www.fiarebancaetica.coop\/gl\/un-legado-de-compromiso-e-paixon\/#primaryimage"},"thumbnailUrl":"https:\/\/www.fiarebancaetica.coop\/app\/uploads\/sites\/2\/2024\/09\/cachi.jpg","datePublished":"2024-09-10T13:22:27+00:00","dateModified":"2024-09-12T11:24:19+00:00","author":{"@id":"https:\/\/www.fiarebancaetica.coop\/gl\/#\/schema\/person\/1c4efa4aa7be2f4c12d1ec8c8bc7ec9d"},"breadcrumb":{"@id":"https:\/\/www.fiarebancaetica.coop\/gl\/un-legado-de-compromiso-e-paixon\/#breadcrumb"},"inLanguage":"gl-ES","potentialAction":[{"@type":"ReadAction","target":["https:\/\/www.fiarebancaetica.coop\/gl\/un-legado-de-compromiso-e-paixon\/"]}]},{"@type":"ImageObject","inLanguage":"gl-ES","@id":"https:\/\/www.fiarebancaetica.coop\/gl\/un-legado-de-compromiso-e-paixon\/#primaryimage","url":"https:\/\/www.fiarebancaetica.coop\/app\/uploads\/sites\/2\/2024\/09\/cachi.jpg","contentUrl":"https:\/\/www.fiarebancaetica.coop\/app\/uploads\/sites\/2\/2024\/09\/cachi.jpg","width":2048,"height":1239},{"@type":"BreadcrumbList","@id":"https:\/\/www.fiarebancaetica.coop\/gl\/un-legado-de-compromiso-e-paixon\/#breadcrumb","itemListElement":[{"@type":"ListItem","position":1,"name":"Home","item":"https:\/\/www.fiarebancaetica.coop\/gl\/"},{"@type":"ListItem","position":2,"name":"Un legado de compromiso e paix\u00f3n"}]},{"@type":"WebSite","@id":"https:\/\/www.fiarebancaetica.coop\/gl\/#website","url":"https:\/\/www.fiarebancaetica.coop\/gl\/","name":"Fiare Banca Etica","description":"","potentialAction":[{"@type":"SearchAction","target":{"@type":"EntryPoint","urlTemplate":"https:\/\/www.fiarebancaetica.coop\/gl\/?s={search_term_string}"},"query-input":{"@type":"PropertyValueSpecification","valueRequired":true,"valueName":"search_term_string"}}],"inLanguage":"gl-ES"},{"@type":"Person","@id":"https:\/\/www.fiarebancaetica.coop\/gl\/#\/schema\/person\/1c4efa4aa7be2f4c12d1ec8c8bc7ec9d","name":"c.castrobancaetica","image":{"@type":"ImageObject","inLanguage":"gl-ES","@id":"https:\/\/www.fiarebancaetica.coop\/gl\/#\/schema\/person\/image\/f5a235634314aa27313fcd9c99409abd","url":"https:\/\/secure.gravatar.com\/avatar\/7e842368c46d63aaa398f0d90120d2b7d7af72148ee6aa4436c6149c13fa4bb2?s=96&d=mm&r=g","contentUrl":"https:\/\/secure.gravatar.com\/avatar\/7e842368c46d63aaa398f0d90120d2b7d7af72148ee6aa4436c6149c13fa4bb2?s=96&d=mm&r=g","caption":"c.castrobancaetica"}}]}},"_links":{"self":[{"href":"https:\/\/www.fiarebancaetica.coop\/gl\/wp-json\/wp\/v2\/posts\/378026","targetHints":{"allow":["GET"]}}],"collection":[{"href":"https:\/\/www.fiarebancaetica.coop\/gl\/wp-json\/wp\/v2\/posts"}],"about":[{"href":"https:\/\/www.fiarebancaetica.coop\/gl\/wp-json\/wp\/v2\/types\/post"}],"author":[{"embeddable":true,"href":"https:\/\/www.fiarebancaetica.coop\/gl\/wp-json\/wp\/v2\/users\/6693"}],"replies":[{"embeddable":true,"href":"https:\/\/www.fiarebancaetica.coop\/gl\/wp-json\/wp\/v2\/comments?post=378026"}],"version-history":[{"count":10,"href":"https:\/\/www.fiarebancaetica.coop\/gl\/wp-json\/wp\/v2\/posts\/378026\/revisions"}],"predecessor-version":[{"id":378086,"href":"https:\/\/www.fiarebancaetica.coop\/gl\/wp-json\/wp\/v2\/posts\/378026\/revisions\/378086"}],"wp:featuredmedia":[{"embeddable":true,"href":"https:\/\/www.fiarebancaetica.coop\/gl\/wp-json\/wp\/v2\/media\/378032"}],"wp:attachment":[{"href":"https:\/\/www.fiarebancaetica.coop\/gl\/wp-json\/wp\/v2\/media?parent=378026"}],"wp:term":[{"taxonomy":"category","embeddable":true,"href":"https:\/\/www.fiarebancaetica.coop\/gl\/wp-json\/wp\/v2\/categories?post=378026"},{"taxonomy":"post_tag","embeddable":true,"href":"https:\/\/www.fiarebancaetica.coop\/gl\/wp-json\/wp\/v2\/tags?post=378026"},{"taxonomy":"author","embeddable":true,"href":"https:\/\/www.fiarebancaetica.coop\/gl\/wp-json\/wp\/v2\/coauthors?post=378026"}],"curies":[{"name":"wp","href":"https:\/\/api.w.org\/{rel}","templated":true}]}}