{"id":385626,"date":"2025-04-30T14:04:07","date_gmt":"2025-04-30T12:04:07","guid":{"rendered":"https:\/\/www.fiarebancaetica.coop\/?p=385626"},"modified":"2025-04-30T14:04:09","modified_gmt":"2025-04-30T12:04:09","slug":"correr-pola-dignidade-a-carreira-que-desafia-ao-racismo-en-barcelona","status":"publish","type":"post","link":"https:\/\/www.fiarebancaetica.coop\/gl\/correr-pola-dignidade-a-carreira-que-desafia-ao-racismo-en-barcelona\/","title":{"rendered":"Correr pola dignidade: a carreira que desaf\u00eda ao racismo en Barcelona"},"content":{"rendered":"\n\n<div class=\"wp-block-bancaetica-blocks-blocks-block-49\">\n    <div class=\"container-block-49\">\n\n        <div class=\"header-section \">\n                            <h1 class=\"section-title\"> Correr pola dignidade: a carreira que desaf\u00eda ao racismo en Barcelona <\/h1>\n                                        <p class=\"section-content\"> Correr pola dignidade: a carreira que desaf\u00eda ao racismo en Barcelona <\/p>\n                                <\/div>\n\n        \n        <div class=\"block-background\" style=\"background-image: url('https:\/\/www.fiarebancaetica.coop\/app\/uploads\/sites\/2\/2025\/04\/1003742646035_14366275_1706x640.webp')\">\n                            <div class=\"tile\">\n                    <h1 class=\"image-title\"> Correr pola dignidade: a carreira que desaf\u00eda ao racismo en Barcelona <\/h1>\n                <\/div>             <!-- end .tile -->\n            <div class=\"bottom-content\">\n                            <\/div> <!-- end .button-content -->\n        <\/div> <!-- end .block-background -->\n    <\/div> <!-- end .container -->\n<\/div> <!-- end wp-block-bancaetica-blocks-blocks-block-06 -->\n\n\n<div class=\"wrapper-crispybacon-class wrapper-crispybacon-class-wide \">\n    \n\n<p>O vindeiro <strong>1 de xu\u00f1o de 2025,<\/strong> Barcelona acoller\u00e1 a <strong>primeira Carreira Antirracista <\/strong>organizada polo Sindicato Popular de Vendedores Ambulantes, co\u00f1ecido como Top Manta, en colaboraci\u00f3n con m\u00e1is de 70 colectivos sociais e co apoio de Fiare Banca Etica. Este evento, que percorrer\u00e1 cinco quil\u00f3metros polo barrio de Sants, busca <strong>denunciar o aumento do racismo e os discursos de odio na sociedade actual.<\/strong><\/p>\n\n\n\n<div style=\"height:26px\" aria-hidden=\"true\" class=\"wp-block-spacer\"><\/div>\n\n\n\n<h6 class=\"wp-block-heading\"><strong>Unha carreira con profundo simbolismo<\/strong><\/h6>\n\n\n\n<div style=\"height:25px\" aria-hidden=\"true\" class=\"wp-block-spacer\"><\/div>\n\n\n\n<p>A carreira non \u00e9 s\u00f3 un evento deportivo, sen\u00f3n tam\u00e9n un acto de protesta e visibilizaci\u00f3n. Aziz Faye, voceiro de Top Manta, expresou que a iniciativa representa unha mobilizaci\u00f3n hist\u00f3rica contra o racismo e o discurso de odio. A elecci\u00f3n dunha carreira como forma de protesta ten un profundo simbolismo para os manteiros, que a mi\u00fado te\u00f1en que correr para evitar a persecuci\u00f3n policial mentres intentan ga\u00f1arse a vida na venda ambulante.<\/p>\n\n\n\n<div style=\"height:31px\" aria-hidden=\"true\" class=\"wp-block-spacer\"><\/div>\n\n\n\n<h6 class=\"wp-block-heading\">M\u00e1is ca unha carreira: unha causa<\/h6>\n\n\n\n<div style=\"height:21px\" aria-hidden=\"true\" class=\"wp-block-spacer\"><\/div>\n\n\n\n<p>Os fondos recadados a trav\u00e9s das inscrici\u00f3ns, que te\u00f1en un custo de 20 euros, destinaranse a apoiar a migrantes en situaci\u00f3n irregular. Ademais, lanzouse a colecci\u00f3n deportiva \u201cAgua Running Club\u201d, cuxo nome fai referencia ao aviso utilizado polos manteiros ante a presenza policial. A colecci\u00f3n incl\u00fae camisetas, mangas e adhesivos vinilo, e a s\u00faa venda contribuir\u00e1 a financiar a causa.<\/p>\n\n\n\n<div style=\"height:35px\" aria-hidden=\"true\" class=\"wp-block-spacer\"><\/div>\n\n\n\n<p>Este evento representa un paso significativo na loita contra o racismo e a discriminaci\u00f3n, e \u00e9 un exemplo de como a comunidade pode unirse para promover a inclusi\u00f3n e a xustiza social.<\/p>\n\n\n\n<div style=\"height:30px\" aria-hidden=\"true\" class=\"wp-block-spacer\"><\/div>\n\n\n<div class=\"wp-block-image\">\n<figure class=\"aligncenter size-large is-resized\"><img loading=\"lazy\" decoding=\"async\" width=\"1024\" height=\"449\" src=\"https:\/\/www.fiarebancaetica.coop\/app\/uploads\/sites\/2\/2025\/04\/SponsorsFiare-3-1024x449.png\" alt=\"\" class=\"wp-image-385627\" style=\"width:675px;height:auto\" srcset=\"https:\/\/www.fiarebancaetica.coop\/app\/uploads\/sites\/2\/2025\/04\/SponsorsFiare-3-1024x449.png 1024w, https:\/\/www.fiarebancaetica.coop\/app\/uploads\/sites\/2\/2025\/04\/SponsorsFiare-3-300x132.png 300w, https:\/\/www.fiarebancaetica.coop\/app\/uploads\/sites\/2\/2025\/04\/SponsorsFiare-3-768x337.png 768w, https:\/\/www.fiarebancaetica.coop\/app\/uploads\/sites\/2\/2025\/04\/SponsorsFiare-3-1536x673.png 1536w, https:\/\/www.fiarebancaetica.coop\/app\/uploads\/sites\/2\/2025\/04\/SponsorsFiare-3-2048x898.png 2048w\" sizes=\"auto, (max-width: 1024px) 100vw, 1024px\" \/><\/figure>\n<\/div>\n\n\n<div style=\"height:47px\" aria-hidden=\"true\" class=\"wp-block-spacer\"><\/div>\n\n\n<\/div>","protected":false},"excerpt":{"rendered":"","protected":false},"author":1774,"featured_media":385386,"comment_status":"closed","ping_status":"closed","sticky":false,"template":"","format":"standard","meta":{"_acf_changed":false,"footnotes":""},"categories":[11645],"tags":[],"coauthors":[5579],"class_list":["post-385626","post","type-post","status-publish","format-standard","has-post-thumbnail","hentry","category-finanzas-eticas"],"acf":[],"yoast_head":"<!-- This site is optimized with the Yoast SEO plugin v26.9 - https:\/\/yoast.com\/product\/yoast-seo-wordpress\/ -->\n<title>Correr pola dignidade: a carreira que desaf\u00eda ao racismo en Barcelona - Fiare Banca Etica<\/title>\n<meta name=\"robots\" content=\"index, follow, max-snippet:-1, max-image-preview:large, max-video-preview:-1\" \/>\n<link rel=\"canonical\" href=\"https:\/\/www.fiarebancaetica.coop\/gl\/correr-pola-dignidade-a-carreira-que-desafia-ao-racismo-en-barcelona\/\" \/>\n<meta property=\"og:locale\" content=\"gl_ES\" \/>\n<meta property=\"og:type\" content=\"article\" \/>\n<meta property=\"og:title\" content=\"Correr pola dignidade: a carreira que desaf\u00eda ao racismo en Barcelona - Fiare Banca Etica\" \/>\n<meta property=\"og:url\" content=\"https:\/\/www.fiarebancaetica.coop\/gl\/correr-pola-dignidade-a-carreira-que-desafia-ao-racismo-en-barcelona\/\" \/>\n<meta property=\"og:site_name\" content=\"Fiare Banca Etica\" \/>\n<meta property=\"article:published_time\" content=\"2025-04-30T12:04:07+00:00\" \/>\n<meta property=\"article:modified_time\" content=\"2025-04-30T12:04:09+00:00\" \/>\n<meta property=\"og:image\" content=\"https:\/\/www.fiarebancaetica.coop\/app\/uploads\/sites\/2\/2025\/04\/1003742646035_14366275_1706x640.webp\" \/>\n\t<meta property=\"og:image:width\" content=\"1706\" \/>\n\t<meta property=\"og:image:height\" content=\"640\" \/>\n\t<meta property=\"og:image:type\" content=\"image\/webp\" \/>\n<meta name=\"author\" content=\"clara\" \/>\n<meta name=\"twitter:card\" content=\"summary_large_image\" \/>\n<script type=\"application\/ld+json\" class=\"yoast-schema-graph\">{\"@context\":\"https:\/\/schema.org\",\"@graph\":[{\"@type\":\"Article\",\"@id\":\"https:\/\/www.fiarebancaetica.coop\/gl\/correr-pola-dignidade-a-carreira-que-desafia-ao-racismo-en-barcelona\/#article\",\"isPartOf\":{\"@id\":\"https:\/\/www.fiarebancaetica.coop\/gl\/correr-pola-dignidade-a-carreira-que-desafia-ao-racismo-en-barcelona\/\"},\"author\":{\"name\":\"clara\",\"@id\":\"https:\/\/www.fiarebancaetica.coop\/gl\/#\/schema\/person\/5b96261107d1cc0141f68d1a780b4ed7\"},\"headline\":\"Correr pola dignidade: a carreira que desaf\u00eda ao racismo en Barcelona\",\"datePublished\":\"2025-04-30T12:04:07+00:00\",\"dateModified\":\"2025-04-30T12:04:09+00:00\",\"mainEntityOfPage\":{\"@id\":\"https:\/\/www.fiarebancaetica.coop\/gl\/correr-pola-dignidade-a-carreira-que-desafia-ao-racismo-en-barcelona\/\"},\"wordCount\":270,\"image\":{\"@id\":\"https:\/\/www.fiarebancaetica.coop\/gl\/correr-pola-dignidade-a-carreira-que-desafia-ao-racismo-en-barcelona\/#primaryimage\"},\"thumbnailUrl\":\"https:\/\/www.fiarebancaetica.coop\/app\/uploads\/sites\/2\/2025\/04\/1003742646035_14366275_1706x640.webp\",\"articleSection\":[\"Finanzas \u00c9ticas\"],\"inLanguage\":\"gl-ES\"},{\"@type\":\"WebPage\",\"@id\":\"https:\/\/www.fiarebancaetica.coop\/gl\/correr-pola-dignidade-a-carreira-que-desafia-ao-racismo-en-barcelona\/\",\"url\":\"https:\/\/www.fiarebancaetica.coop\/gl\/correr-pola-dignidade-a-carreira-que-desafia-ao-racismo-en-barcelona\/\",\"name\":\"Correr pola dignidade: a carreira que desaf\u00eda ao racismo en Barcelona - Fiare Banca Etica\",\"isPartOf\":{\"@id\":\"https:\/\/www.fiarebancaetica.coop\/gl\/#website\"},\"primaryImageOfPage\":{\"@id\":\"https:\/\/www.fiarebancaetica.coop\/gl\/correr-pola-dignidade-a-carreira-que-desafia-ao-racismo-en-barcelona\/#primaryimage\"},\"image\":{\"@id\":\"https:\/\/www.fiarebancaetica.coop\/gl\/correr-pola-dignidade-a-carreira-que-desafia-ao-racismo-en-barcelona\/#primaryimage\"},\"thumbnailUrl\":\"https:\/\/www.fiarebancaetica.coop\/app\/uploads\/sites\/2\/2025\/04\/1003742646035_14366275_1706x640.webp\",\"datePublished\":\"2025-04-30T12:04:07+00:00\",\"dateModified\":\"2025-04-30T12:04:09+00:00\",\"author\":{\"@id\":\"https:\/\/www.fiarebancaetica.coop\/gl\/#\/schema\/person\/5b96261107d1cc0141f68d1a780b4ed7\"},\"breadcrumb\":{\"@id\":\"https:\/\/www.fiarebancaetica.coop\/gl\/correr-pola-dignidade-a-carreira-que-desafia-ao-racismo-en-barcelona\/#breadcrumb\"},\"inLanguage\":\"gl-ES\",\"potentialAction\":[{\"@type\":\"ReadAction\",\"target\":[\"https:\/\/www.fiarebancaetica.coop\/gl\/correr-pola-dignidade-a-carreira-que-desafia-ao-racismo-en-barcelona\/\"]}]},{\"@type\":\"ImageObject\",\"inLanguage\":\"gl-ES\",\"@id\":\"https:\/\/www.fiarebancaetica.coop\/gl\/correr-pola-dignidade-a-carreira-que-desafia-ao-racismo-en-barcelona\/#primaryimage\",\"url\":\"https:\/\/www.fiarebancaetica.coop\/app\/uploads\/sites\/2\/2025\/04\/1003742646035_14366275_1706x640.webp\",\"contentUrl\":\"https:\/\/www.fiarebancaetica.coop\/app\/uploads\/sites\/2\/2025\/04\/1003742646035_14366275_1706x640.webp\",\"width\":1706,\"height\":640},{\"@type\":\"BreadcrumbList\",\"@id\":\"https:\/\/www.fiarebancaetica.coop\/gl\/correr-pola-dignidade-a-carreira-que-desafia-ao-racismo-en-barcelona\/#breadcrumb\",\"itemListElement\":[{\"@type\":\"ListItem\",\"position\":1,\"name\":\"Home\",\"item\":\"https:\/\/www.fiarebancaetica.coop\/gl\/\"},{\"@type\":\"ListItem\",\"position\":2,\"name\":\"Correr pola dignidade: a carreira que desaf\u00eda ao racismo en Barcelona\"}]},{\"@type\":\"WebSite\",\"@id\":\"https:\/\/www.fiarebancaetica.coop\/gl\/#website\",\"url\":\"https:\/\/www.fiarebancaetica.coop\/gl\/\",\"name\":\"Fiare Banca Etica\",\"description\":\"\",\"potentialAction\":[{\"@type\":\"SearchAction\",\"target\":{\"@type\":\"EntryPoint\",\"urlTemplate\":\"https:\/\/www.fiarebancaetica.coop\/gl\/?s={search_term_string}\"},\"query-input\":{\"@type\":\"PropertyValueSpecification\",\"valueRequired\":true,\"valueName\":\"search_term_string\"}}],\"inLanguage\":\"gl-ES\"},{\"@type\":\"Person\",\"@id\":\"https:\/\/www.fiarebancaetica.coop\/gl\/#\/schema\/person\/5b96261107d1cc0141f68d1a780b4ed7\",\"name\":\"clara\",\"image\":{\"@type\":\"ImageObject\",\"inLanguage\":\"gl-ES\",\"@id\":\"https:\/\/www.fiarebancaetica.coop\/gl\/#\/schema\/person\/image\/87a072d868c9be98a56db488836f4132\",\"url\":\"https:\/\/secure.gravatar.com\/avatar\/267db4d1eb94caf852df949ed721a52f76c9fbf9c14c602801e01f0ab306c22b?s=96&d=mm&r=g\",\"contentUrl\":\"https:\/\/secure.gravatar.com\/avatar\/267db4d1eb94caf852df949ed721a52f76c9fbf9c14c602801e01f0ab306c22b?s=96&d=mm&r=g\",\"caption\":\"clara\"}}]}<\/script>\n<!-- \/ Yoast SEO plugin. -->","yoast_head_json":{"title":"Correr pola dignidade: a carreira que desaf\u00eda ao racismo en Barcelona - Fiare Banca Etica","robots":{"index":"index","follow":"follow","max-snippet":"max-snippet:-1","max-image-preview":"max-image-preview:large","max-video-preview":"max-video-preview:-1"},"canonical":"https:\/\/www.fiarebancaetica.coop\/gl\/correr-pola-dignidade-a-carreira-que-desafia-ao-racismo-en-barcelona\/","og_locale":"gl_ES","og_type":"article","og_title":"Correr pola dignidade: a carreira que desaf\u00eda ao racismo en Barcelona - Fiare Banca Etica","og_url":"https:\/\/www.fiarebancaetica.coop\/gl\/correr-pola-dignidade-a-carreira-que-desafia-ao-racismo-en-barcelona\/","og_site_name":"Fiare Banca Etica","article_published_time":"2025-04-30T12:04:07+00:00","article_modified_time":"2025-04-30T12:04:09+00:00","og_image":[{"width":1706,"height":640,"url":"https:\/\/www.fiarebancaetica.coop\/app\/uploads\/sites\/2\/2025\/04\/1003742646035_14366275_1706x640.webp","type":"image\/webp"}],"author":"clara","twitter_card":"summary_large_image","schema":{"@context":"https:\/\/schema.org","@graph":[{"@type":"Article","@id":"https:\/\/www.fiarebancaetica.coop\/gl\/correr-pola-dignidade-a-carreira-que-desafia-ao-racismo-en-barcelona\/#article","isPartOf":{"@id":"https:\/\/www.fiarebancaetica.coop\/gl\/correr-pola-dignidade-a-carreira-que-desafia-ao-racismo-en-barcelona\/"},"author":{"name":"clara","@id":"https:\/\/www.fiarebancaetica.coop\/gl\/#\/schema\/person\/5b96261107d1cc0141f68d1a780b4ed7"},"headline":"Correr pola dignidade: a carreira que desaf\u00eda ao racismo en Barcelona","datePublished":"2025-04-30T12:04:07+00:00","dateModified":"2025-04-30T12:04:09+00:00","mainEntityOfPage":{"@id":"https:\/\/www.fiarebancaetica.coop\/gl\/correr-pola-dignidade-a-carreira-que-desafia-ao-racismo-en-barcelona\/"},"wordCount":270,"image":{"@id":"https:\/\/www.fiarebancaetica.coop\/gl\/correr-pola-dignidade-a-carreira-que-desafia-ao-racismo-en-barcelona\/#primaryimage"},"thumbnailUrl":"https:\/\/www.fiarebancaetica.coop\/app\/uploads\/sites\/2\/2025\/04\/1003742646035_14366275_1706x640.webp","articleSection":["Finanzas \u00c9ticas"],"inLanguage":"gl-ES"},{"@type":"WebPage","@id":"https:\/\/www.fiarebancaetica.coop\/gl\/correr-pola-dignidade-a-carreira-que-desafia-ao-racismo-en-barcelona\/","url":"https:\/\/www.fiarebancaetica.coop\/gl\/correr-pola-dignidade-a-carreira-que-desafia-ao-racismo-en-barcelona\/","name":"Correr pola dignidade: a carreira que desaf\u00eda ao racismo en Barcelona - Fiare Banca Etica","isPartOf":{"@id":"https:\/\/www.fiarebancaetica.coop\/gl\/#website"},"primaryImageOfPage":{"@id":"https:\/\/www.fiarebancaetica.coop\/gl\/correr-pola-dignidade-a-carreira-que-desafia-ao-racismo-en-barcelona\/#primaryimage"},"image":{"@id":"https:\/\/www.fiarebancaetica.coop\/gl\/correr-pola-dignidade-a-carreira-que-desafia-ao-racismo-en-barcelona\/#primaryimage"},"thumbnailUrl":"https:\/\/www.fiarebancaetica.coop\/app\/uploads\/sites\/2\/2025\/04\/1003742646035_14366275_1706x640.webp","datePublished":"2025-04-30T12:04:07+00:00","dateModified":"2025-04-30T12:04:09+00:00","author":{"@id":"https:\/\/www.fiarebancaetica.coop\/gl\/#\/schema\/person\/5b96261107d1cc0141f68d1a780b4ed7"},"breadcrumb":{"@id":"https:\/\/www.fiarebancaetica.coop\/gl\/correr-pola-dignidade-a-carreira-que-desafia-ao-racismo-en-barcelona\/#breadcrumb"},"inLanguage":"gl-ES","potentialAction":[{"@type":"ReadAction","target":["https:\/\/www.fiarebancaetica.coop\/gl\/correr-pola-dignidade-a-carreira-que-desafia-ao-racismo-en-barcelona\/"]}]},{"@type":"ImageObject","inLanguage":"gl-ES","@id":"https:\/\/www.fiarebancaetica.coop\/gl\/correr-pola-dignidade-a-carreira-que-desafia-ao-racismo-en-barcelona\/#primaryimage","url":"https:\/\/www.fiarebancaetica.coop\/app\/uploads\/sites\/2\/2025\/04\/1003742646035_14366275_1706x640.webp","contentUrl":"https:\/\/www.fiarebancaetica.coop\/app\/uploads\/sites\/2\/2025\/04\/1003742646035_14366275_1706x640.webp","width":1706,"height":640},{"@type":"BreadcrumbList","@id":"https:\/\/www.fiarebancaetica.coop\/gl\/correr-pola-dignidade-a-carreira-que-desafia-ao-racismo-en-barcelona\/#breadcrumb","itemListElement":[{"@type":"ListItem","position":1,"name":"Home","item":"https:\/\/www.fiarebancaetica.coop\/gl\/"},{"@type":"ListItem","position":2,"name":"Correr pola dignidade: a carreira que desaf\u00eda ao racismo en Barcelona"}]},{"@type":"WebSite","@id":"https:\/\/www.fiarebancaetica.coop\/gl\/#website","url":"https:\/\/www.fiarebancaetica.coop\/gl\/","name":"Fiare Banca Etica","description":"","potentialAction":[{"@type":"SearchAction","target":{"@type":"EntryPoint","urlTemplate":"https:\/\/www.fiarebancaetica.coop\/gl\/?s={search_term_string}"},"query-input":{"@type":"PropertyValueSpecification","valueRequired":true,"valueName":"search_term_string"}}],"inLanguage":"gl-ES"},{"@type":"Person","@id":"https:\/\/www.fiarebancaetica.coop\/gl\/#\/schema\/person\/5b96261107d1cc0141f68d1a780b4ed7","name":"clara","image":{"@type":"ImageObject","inLanguage":"gl-ES","@id":"https:\/\/www.fiarebancaetica.coop\/gl\/#\/schema\/person\/image\/87a072d868c9be98a56db488836f4132","url":"https:\/\/secure.gravatar.com\/avatar\/267db4d1eb94caf852df949ed721a52f76c9fbf9c14c602801e01f0ab306c22b?s=96&d=mm&r=g","contentUrl":"https:\/\/secure.gravatar.com\/avatar\/267db4d1eb94caf852df949ed721a52f76c9fbf9c14c602801e01f0ab306c22b?s=96&d=mm&r=g","caption":"clara"}}]}},"_links":{"self":[{"href":"https:\/\/www.fiarebancaetica.coop\/gl\/wp-json\/wp\/v2\/posts\/385626","targetHints":{"allow":["GET"]}}],"collection":[{"href":"https:\/\/www.fiarebancaetica.coop\/gl\/wp-json\/wp\/v2\/posts"}],"about":[{"href":"https:\/\/www.fiarebancaetica.coop\/gl\/wp-json\/wp\/v2\/types\/post"}],"author":[{"embeddable":true,"href":"https:\/\/www.fiarebancaetica.coop\/gl\/wp-json\/wp\/v2\/users\/1774"}],"replies":[{"embeddable":true,"href":"https:\/\/www.fiarebancaetica.coop\/gl\/wp-json\/wp\/v2\/comments?post=385626"}],"version-history":[{"count":1,"href":"https:\/\/www.fiarebancaetica.coop\/gl\/wp-json\/wp\/v2\/posts\/385626\/revisions"}],"predecessor-version":[{"id":385631,"href":"https:\/\/www.fiarebancaetica.coop\/gl\/wp-json\/wp\/v2\/posts\/385626\/revisions\/385631"}],"wp:featuredmedia":[{"embeddable":true,"href":"https:\/\/www.fiarebancaetica.coop\/gl\/wp-json\/wp\/v2\/media\/385386"}],"wp:attachment":[{"href":"https:\/\/www.fiarebancaetica.coop\/gl\/wp-json\/wp\/v2\/media?parent=385626"}],"wp:term":[{"taxonomy":"category","embeddable":true,"href":"https:\/\/www.fiarebancaetica.coop\/gl\/wp-json\/wp\/v2\/categories?post=385626"},{"taxonomy":"post_tag","embeddable":true,"href":"https:\/\/www.fiarebancaetica.coop\/gl\/wp-json\/wp\/v2\/tags?post=385626"},{"taxonomy":"author","embeddable":true,"href":"https:\/\/www.fiarebancaetica.coop\/gl\/wp-json\/wp\/v2\/coauthors?post=385626"}],"curies":[{"name":"wp","href":"https:\/\/api.w.org\/{rel}","templated":true}]}}