{"id":387206,"date":"2025-06-26T11:26:41","date_gmt":"2025-06-26T09:26:41","guid":{"rendered":"https:\/\/www.fiarebancaetica.coop\/?p=387206"},"modified":"2025-06-26T12:24:16","modified_gmt":"2025-06-26T10:24:16","slug":"fiare-e-coop57-unense-nun-novo-espazo-cooperativo-en-barcelona","status":"publish","type":"post","link":"https:\/\/www.fiarebancaetica.coop\/gl\/fiare-e-coop57-unense-nun-novo-espazo-cooperativo-en-barcelona\/","title":{"rendered":"Fiare e Coop57 \u00fanense nun novo espazo cooperativo en Barcelona"},"content":{"rendered":"\n\n<div class=\"wp-block-bancaetica-blocks-blocks-block-49\">\n    <div class=\"container-block-49\">\n\n        <div class=\"header-section \">\n                            <h1 class=\"section-title\"> Fiare y Coop57 unen fuerzas en un nuevo espacio cooperativo en Barcelona <\/h1>\n                                        <p class=\"section-content\"> Fiare y Coop57 unen fuerzas en un nuevo espacio cooperativo en Barcelona <\/p>\n                                <\/div>\n\n        \n        <div class=\"block-background\" style=\"background-image: url('https:\/\/www.fiarebancaetica.coop\/app\/uploads\/sites\/2\/2025\/06\/Trafalgar.jpg')\">\n                            <div class=\"tile\">\n                    <h1 class=\"image-title\"> Fiare y Coop57 unen fuerzas en un nuevo espacio cooperativo en Barcelona <\/h1>\n                <\/div>             <!-- end .tile -->\n            <div class=\"bottom-content\">\n                            <\/div> <!-- end .button-content -->\n        <\/div> <!-- end .block-background -->\n    <\/div> <!-- end .container -->\n<\/div> <!-- end wp-block-bancaetica-blocks-blocks-block-06 -->\n<div class=\"wrapper-crispybacon-class wrapper-crispybacon-class-wide \">\n    \n\n<p>Las entidades de finanzas \u00e9ticas, Coop57 y Fiare Banca Etica, han dado un paso decisivo para impulsar la econom\u00eda social y solidaria en Catalu\u00f1a, financiando conjuntamente un nuevo espacio cooperativo de 1.400 m\u00b2 Esta iniciativa representa una apuesta clara para la patrimonializaci\u00f3n colectiva y la consolidaci\u00f3n de proyectos transformadores a trav\u00e9s de las finanzas \u00e9ticas.\u00a0<\/p>\n\n\n\n<div style=\"height:28px\" aria-hidden=\"true\" class=\"wp-block-spacer\"><\/div>\n\n\n\n<p>Con una inversi\u00f3n global de 4,5 millones de euros, Fiare y Coop57 apoyan a la creaci\u00f3n de la futura sede de cuatro entidades referentes de la econom\u00eda solidaria: Sostre Civic, Ar\u00e7 Cooperativa, Som Connexi\u00f3 y Cr\u00edtic. El espacio, con capacidad para 120 sitios de trabajo, se convertir\u00e1 en un nodo estrat\u00e9gico\u00a0 para proyectos de comunicaci\u00f3n cr\u00edtica, telecomunicaciones \u00e9ticas, aseguranzas solidarias y vivienda cooperativa en cesi\u00f3n de uso.<\/p>\n\n\n\n<div style=\"height:29px\" aria-hidden=\"true\" class=\"wp-block-spacer\"><\/div>\n\n\n<div class=\"wp-block-image\">\n<figure class=\"aligncenter size-full is-resized\"><img loading=\"lazy\" decoding=\"async\" width=\"1024\" height=\"768\" src=\"https:\/\/www.fiarebancaetica.coop\/app\/uploads\/sites\/2\/2025\/06\/render-trafalgar.jpg\" alt=\"\" class=\"wp-image-387090\" style=\"width:485px;height:auto\" srcset=\"https:\/\/www.fiarebancaetica.coop\/app\/uploads\/sites\/2\/2025\/06\/render-trafalgar.jpg 1024w, https:\/\/www.fiarebancaetica.coop\/app\/uploads\/sites\/2\/2025\/06\/render-trafalgar-300x225.jpg 300w, https:\/\/www.fiarebancaetica.coop\/app\/uploads\/sites\/2\/2025\/06\/render-trafalgar-768x576.jpg 768w, https:\/\/www.fiarebancaetica.coop\/app\/uploads\/sites\/2\/2025\/06\/render-trafalgar-560x420.jpg 560w\" sizes=\"auto, (max-width: 1024px) 100vw, 1024px\" \/><\/figure>\n<\/div>\n\n\n<div style=\"height:30px\" aria-hidden=\"true\" class=\"wp-block-spacer\"><\/div>\n\n\n\n<h4 class=\"wp-block-heading\"><strong>Una apuesta estrat\u00e9gica para la estabilidad y el crecimiento<\/strong><\/h4>\n\n\n\n<p>El proyecto no solo pretende ofrecer un espacio f\u00edsico para estas entidades, sino garantizar su estabilidad a largo plazo y favorecer su crecimiento. Las dos entidades de finanzas \u00e9ticas (Coop57 y Fiare)\u00a0 han contribuido de forma decisiva para hacer posible esta operaci\u00f3n de compra y rehabilitaci\u00f3n, que tambi\u00e9n ha contado con fondos propios de las cooperativas impulsoras y el apoyo de la Fundaci\u00f3 Seira en el caso de Cr\u00edtic.\u00a0<\/p>\n\n\n\n<div style=\"height:23px\" aria-hidden=\"true\" class=\"wp-block-spacer\"><\/div>\n\n\n\n<p>Esta colaboraci\u00f3n evidencia que las finanzas \u00e9ticas pueden generar estructuras s\u00f3lidas y duraderas para la econom\u00eda social y solidaria, facilitando procesos de intercooperaci\u00f3n y patrimonio compartido.\u00a0<\/p>\n\n\n\n<div style=\"height:32px\" aria-hidden=\"true\" class=\"wp-block-spacer\"><\/div>\n\n\n\n<h4 class=\"wp-block-heading\"><strong>Un centro abierto para la econom\u00eda social<\/strong><\/h4>\n\n\n\n<div style=\"height:32px\" aria-hidden=\"true\" class=\"wp-block-spacer\"><\/div>\n\n\n\n<p>La rehabilitaci\u00f3n integral del local, ir\u00e1 a cargo de la cooperativa Celobert, prev\u00e9 una sala de actos polivalente y un estudio de video p\u00f3dcast, que acoger\u00e1 iniciativas culturales, comunicativas y formativas vinculadas a la transformaci\u00f3n social. Adem\u00e1s, el espacio estar\u00e1 abierto a colectivos de la sociedad civil y proyectos cooperativos que quieran sumarse a esta comunidad.\u00a0<\/p>\n\n\n\n<div style=\"height:26px\" aria-hidden=\"true\" class=\"wp-block-spacer\"><\/div>\n\n\n\n<p>Con este proyecto, Fiare y Coop57 consolidan su rol clave en el marco de las finanzas \u00e9ticas en Catalu\u00f1a, demostrando que es posible financiar la transformaci\u00f3n social desde entidades comprometidas, cooperativas y arraigadas al territorio.<\/p>\n\n\n\n<div style=\"height:32px\" aria-hidden=\"true\" class=\"wp-block-spacer\"><\/div>\n\n\n\n<h4 class=\"wp-block-heading\"><strong>Un nuevo polo cooperativo en el centro de la ciudad<\/strong><\/h4>\n\n\n\n<div style=\"height:23px\" aria-hidden=\"true\" class=\"wp-block-spacer\"><\/div>\n\n\n\n<p>Este nuevo espacio reforzar\u00e1 el que ya se conoce como el &#8220;tri\u00e1ngulo cooperativo&#8221; de Barcelona, sum\u00e1ndose a la sede del Grupo Ecos en la calle Casp y la del Col\u00b7lectiu Ronda en la misma calle Trafalgar. De hecho, tres de las entidades implicadas \u2014Sostre Civic, Ar\u00e7 y Cr\u00edtic\u2014 forman parte del Grup Ecos, hecho que refuerza las sinergias y la visi\u00f3n compartida de una econom\u00eda al servicio de las personas.<\/p>\n\n\n\n<div style=\"height:26px\" aria-hidden=\"true\" class=\"wp-block-spacer\"><\/div>\n\n\n\n<p>Con este proyecto, Fiare y Coop57 demuestran que las finanzas \u00e9ticas pueden ir mucho m\u00e1s all\u00e1 del cr\u00e9dito: pueden ser motor de cambio, de cooperaci\u00f3n y de construcci\u00f3n de futuro.\u00a0<\/p>\n\n\n\n<div style=\"height:100px\" aria-hidden=\"true\" class=\"wp-block-spacer\"><\/div>\n\n\n<\/div>","protected":false},"excerpt":{"rendered":"","protected":false},"author":1774,"featured_media":387088,"comment_status":"closed","ping_status":"closed","sticky":false,"template":"","format":"standard","meta":{"_acf_changed":false,"footnotes":""},"categories":[11645],"tags":[],"coauthors":[5579],"class_list":["post-387206","post","type-post","status-publish","format-standard","has-post-thumbnail","hentry","category-finanzas-eticas"],"acf":[],"yoast_head":"<!-- This site is optimized with the Yoast SEO plugin v26.9 - https:\/\/yoast.com\/product\/yoast-seo-wordpress\/ -->\n<title>Fiare e Coop57 \u00fanense nun novo espazo cooperativo en Barcelona - Fiare Banca Etica<\/title>\n<meta name=\"robots\" content=\"index, follow, max-snippet:-1, max-image-preview:large, max-video-preview:-1\" \/>\n<link rel=\"canonical\" href=\"https:\/\/www.fiarebancaetica.coop\/gl\/fiare-e-coop57-unense-nun-novo-espazo-cooperativo-en-barcelona\/\" \/>\n<meta property=\"og:locale\" content=\"gl_ES\" \/>\n<meta property=\"og:type\" content=\"article\" \/>\n<meta property=\"og:title\" content=\"Fiare e Coop57 \u00fanense nun novo espazo cooperativo en Barcelona - Fiare Banca Etica\" \/>\n<meta property=\"og:url\" content=\"https:\/\/www.fiarebancaetica.coop\/gl\/fiare-e-coop57-unense-nun-novo-espazo-cooperativo-en-barcelona\/\" \/>\n<meta property=\"og:site_name\" content=\"Fiare Banca Etica\" \/>\n<meta property=\"article:published_time\" content=\"2025-06-26T09:26:41+00:00\" \/>\n<meta property=\"article:modified_time\" content=\"2025-06-26T10:24:16+00:00\" \/>\n<meta property=\"og:image\" content=\"https:\/\/www.fiarebancaetica.coop\/app\/uploads\/sites\/2\/2025\/06\/Trafalgar.jpg\" \/>\n\t<meta property=\"og:image:width\" content=\"1024\" \/>\n\t<meta property=\"og:image:height\" content=\"713\" \/>\n\t<meta property=\"og:image:type\" content=\"image\/jpeg\" \/>\n<meta name=\"author\" content=\"clara\" \/>\n<meta name=\"twitter:card\" content=\"summary_large_image\" \/>\n<script type=\"application\/ld+json\" class=\"yoast-schema-graph\">{\"@context\":\"https:\/\/schema.org\",\"@graph\":[{\"@type\":\"Article\",\"@id\":\"https:\/\/www.fiarebancaetica.coop\/gl\/fiare-e-coop57-unense-nun-novo-espazo-cooperativo-en-barcelona\/#article\",\"isPartOf\":{\"@id\":\"https:\/\/www.fiarebancaetica.coop\/gl\/fiare-e-coop57-unense-nun-novo-espazo-cooperativo-en-barcelona\/\"},\"author\":{\"name\":\"clara\",\"@id\":\"https:\/\/www.fiarebancaetica.coop\/gl\/#\/schema\/person\/5b96261107d1cc0141f68d1a780b4ed7\"},\"headline\":\"Fiare e Coop57 \u00fanense nun novo espazo cooperativo en Barcelona\",\"datePublished\":\"2025-06-26T09:26:41+00:00\",\"dateModified\":\"2025-06-26T10:24:16+00:00\",\"mainEntityOfPage\":{\"@id\":\"https:\/\/www.fiarebancaetica.coop\/gl\/fiare-e-coop57-unense-nun-novo-espazo-cooperativo-en-barcelona\/\"},\"wordCount\":481,\"image\":{\"@id\":\"https:\/\/www.fiarebancaetica.coop\/gl\/fiare-e-coop57-unense-nun-novo-espazo-cooperativo-en-barcelona\/#primaryimage\"},\"thumbnailUrl\":\"https:\/\/www.fiarebancaetica.coop\/app\/uploads\/sites\/2\/2025\/06\/Trafalgar.jpg\",\"articleSection\":[\"Finanzas \u00c9ticas\"],\"inLanguage\":\"gl-ES\"},{\"@type\":\"WebPage\",\"@id\":\"https:\/\/www.fiarebancaetica.coop\/gl\/fiare-e-coop57-unense-nun-novo-espazo-cooperativo-en-barcelona\/\",\"url\":\"https:\/\/www.fiarebancaetica.coop\/gl\/fiare-e-coop57-unense-nun-novo-espazo-cooperativo-en-barcelona\/\",\"name\":\"Fiare e Coop57 \u00fanense nun novo espazo cooperativo en Barcelona - Fiare Banca Etica\",\"isPartOf\":{\"@id\":\"https:\/\/www.fiarebancaetica.coop\/gl\/#website\"},\"primaryImageOfPage\":{\"@id\":\"https:\/\/www.fiarebancaetica.coop\/gl\/fiare-e-coop57-unense-nun-novo-espazo-cooperativo-en-barcelona\/#primaryimage\"},\"image\":{\"@id\":\"https:\/\/www.fiarebancaetica.coop\/gl\/fiare-e-coop57-unense-nun-novo-espazo-cooperativo-en-barcelona\/#primaryimage\"},\"thumbnailUrl\":\"https:\/\/www.fiarebancaetica.coop\/app\/uploads\/sites\/2\/2025\/06\/Trafalgar.jpg\",\"datePublished\":\"2025-06-26T09:26:41+00:00\",\"dateModified\":\"2025-06-26T10:24:16+00:00\",\"author\":{\"@id\":\"https:\/\/www.fiarebancaetica.coop\/gl\/#\/schema\/person\/5b96261107d1cc0141f68d1a780b4ed7\"},\"breadcrumb\":{\"@id\":\"https:\/\/www.fiarebancaetica.coop\/gl\/fiare-e-coop57-unense-nun-novo-espazo-cooperativo-en-barcelona\/#breadcrumb\"},\"inLanguage\":\"gl-ES\",\"potentialAction\":[{\"@type\":\"ReadAction\",\"target\":[\"https:\/\/www.fiarebancaetica.coop\/gl\/fiare-e-coop57-unense-nun-novo-espazo-cooperativo-en-barcelona\/\"]}]},{\"@type\":\"ImageObject\",\"inLanguage\":\"gl-ES\",\"@id\":\"https:\/\/www.fiarebancaetica.coop\/gl\/fiare-e-coop57-unense-nun-novo-espazo-cooperativo-en-barcelona\/#primaryimage\",\"url\":\"https:\/\/www.fiarebancaetica.coop\/app\/uploads\/sites\/2\/2025\/06\/Trafalgar.jpg\",\"contentUrl\":\"https:\/\/www.fiarebancaetica.coop\/app\/uploads\/sites\/2\/2025\/06\/Trafalgar.jpg\",\"width\":1024,\"height\":713},{\"@type\":\"BreadcrumbList\",\"@id\":\"https:\/\/www.fiarebancaetica.coop\/gl\/fiare-e-coop57-unense-nun-novo-espazo-cooperativo-en-barcelona\/#breadcrumb\",\"itemListElement\":[{\"@type\":\"ListItem\",\"position\":1,\"name\":\"Home\",\"item\":\"https:\/\/www.fiarebancaetica.coop\/gl\/\"},{\"@type\":\"ListItem\",\"position\":2,\"name\":\"Fiare e Coop57 \u00fanense nun novo espazo cooperativo en Barcelona\"}]},{\"@type\":\"WebSite\",\"@id\":\"https:\/\/www.fiarebancaetica.coop\/gl\/#website\",\"url\":\"https:\/\/www.fiarebancaetica.coop\/gl\/\",\"name\":\"Fiare Banca Etica\",\"description\":\"\",\"potentialAction\":[{\"@type\":\"SearchAction\",\"target\":{\"@type\":\"EntryPoint\",\"urlTemplate\":\"https:\/\/www.fiarebancaetica.coop\/gl\/?s={search_term_string}\"},\"query-input\":{\"@type\":\"PropertyValueSpecification\",\"valueRequired\":true,\"valueName\":\"search_term_string\"}}],\"inLanguage\":\"gl-ES\"},{\"@type\":\"Person\",\"@id\":\"https:\/\/www.fiarebancaetica.coop\/gl\/#\/schema\/person\/5b96261107d1cc0141f68d1a780b4ed7\",\"name\":\"clara\",\"image\":{\"@type\":\"ImageObject\",\"inLanguage\":\"gl-ES\",\"@id\":\"https:\/\/www.fiarebancaetica.coop\/gl\/#\/schema\/person\/image\/87a072d868c9be98a56db488836f4132\",\"url\":\"https:\/\/secure.gravatar.com\/avatar\/267db4d1eb94caf852df949ed721a52f76c9fbf9c14c602801e01f0ab306c22b?s=96&d=mm&r=g\",\"contentUrl\":\"https:\/\/secure.gravatar.com\/avatar\/267db4d1eb94caf852df949ed721a52f76c9fbf9c14c602801e01f0ab306c22b?s=96&d=mm&r=g\",\"caption\":\"clara\"}}]}<\/script>\n<!-- \/ Yoast SEO plugin. -->","yoast_head_json":{"title":"Fiare e Coop57 \u00fanense nun novo espazo cooperativo en Barcelona - Fiare Banca Etica","robots":{"index":"index","follow":"follow","max-snippet":"max-snippet:-1","max-image-preview":"max-image-preview:large","max-video-preview":"max-video-preview:-1"},"canonical":"https:\/\/www.fiarebancaetica.coop\/gl\/fiare-e-coop57-unense-nun-novo-espazo-cooperativo-en-barcelona\/","og_locale":"gl_ES","og_type":"article","og_title":"Fiare e Coop57 \u00fanense nun novo espazo cooperativo en Barcelona - Fiare Banca Etica","og_url":"https:\/\/www.fiarebancaetica.coop\/gl\/fiare-e-coop57-unense-nun-novo-espazo-cooperativo-en-barcelona\/","og_site_name":"Fiare Banca Etica","article_published_time":"2025-06-26T09:26:41+00:00","article_modified_time":"2025-06-26T10:24:16+00:00","og_image":[{"width":1024,"height":713,"url":"https:\/\/www.fiarebancaetica.coop\/app\/uploads\/sites\/2\/2025\/06\/Trafalgar.jpg","type":"image\/jpeg"}],"author":"clara","twitter_card":"summary_large_image","schema":{"@context":"https:\/\/schema.org","@graph":[{"@type":"Article","@id":"https:\/\/www.fiarebancaetica.coop\/gl\/fiare-e-coop57-unense-nun-novo-espazo-cooperativo-en-barcelona\/#article","isPartOf":{"@id":"https:\/\/www.fiarebancaetica.coop\/gl\/fiare-e-coop57-unense-nun-novo-espazo-cooperativo-en-barcelona\/"},"author":{"name":"clara","@id":"https:\/\/www.fiarebancaetica.coop\/gl\/#\/schema\/person\/5b96261107d1cc0141f68d1a780b4ed7"},"headline":"Fiare e Coop57 \u00fanense nun novo espazo cooperativo en Barcelona","datePublished":"2025-06-26T09:26:41+00:00","dateModified":"2025-06-26T10:24:16+00:00","mainEntityOfPage":{"@id":"https:\/\/www.fiarebancaetica.coop\/gl\/fiare-e-coop57-unense-nun-novo-espazo-cooperativo-en-barcelona\/"},"wordCount":481,"image":{"@id":"https:\/\/www.fiarebancaetica.coop\/gl\/fiare-e-coop57-unense-nun-novo-espazo-cooperativo-en-barcelona\/#primaryimage"},"thumbnailUrl":"https:\/\/www.fiarebancaetica.coop\/app\/uploads\/sites\/2\/2025\/06\/Trafalgar.jpg","articleSection":["Finanzas \u00c9ticas"],"inLanguage":"gl-ES"},{"@type":"WebPage","@id":"https:\/\/www.fiarebancaetica.coop\/gl\/fiare-e-coop57-unense-nun-novo-espazo-cooperativo-en-barcelona\/","url":"https:\/\/www.fiarebancaetica.coop\/gl\/fiare-e-coop57-unense-nun-novo-espazo-cooperativo-en-barcelona\/","name":"Fiare e Coop57 \u00fanense nun novo espazo cooperativo en Barcelona - Fiare Banca Etica","isPartOf":{"@id":"https:\/\/www.fiarebancaetica.coop\/gl\/#website"},"primaryImageOfPage":{"@id":"https:\/\/www.fiarebancaetica.coop\/gl\/fiare-e-coop57-unense-nun-novo-espazo-cooperativo-en-barcelona\/#primaryimage"},"image":{"@id":"https:\/\/www.fiarebancaetica.coop\/gl\/fiare-e-coop57-unense-nun-novo-espazo-cooperativo-en-barcelona\/#primaryimage"},"thumbnailUrl":"https:\/\/www.fiarebancaetica.coop\/app\/uploads\/sites\/2\/2025\/06\/Trafalgar.jpg","datePublished":"2025-06-26T09:26:41+00:00","dateModified":"2025-06-26T10:24:16+00:00","author":{"@id":"https:\/\/www.fiarebancaetica.coop\/gl\/#\/schema\/person\/5b96261107d1cc0141f68d1a780b4ed7"},"breadcrumb":{"@id":"https:\/\/www.fiarebancaetica.coop\/gl\/fiare-e-coop57-unense-nun-novo-espazo-cooperativo-en-barcelona\/#breadcrumb"},"inLanguage":"gl-ES","potentialAction":[{"@type":"ReadAction","target":["https:\/\/www.fiarebancaetica.coop\/gl\/fiare-e-coop57-unense-nun-novo-espazo-cooperativo-en-barcelona\/"]}]},{"@type":"ImageObject","inLanguage":"gl-ES","@id":"https:\/\/www.fiarebancaetica.coop\/gl\/fiare-e-coop57-unense-nun-novo-espazo-cooperativo-en-barcelona\/#primaryimage","url":"https:\/\/www.fiarebancaetica.coop\/app\/uploads\/sites\/2\/2025\/06\/Trafalgar.jpg","contentUrl":"https:\/\/www.fiarebancaetica.coop\/app\/uploads\/sites\/2\/2025\/06\/Trafalgar.jpg","width":1024,"height":713},{"@type":"BreadcrumbList","@id":"https:\/\/www.fiarebancaetica.coop\/gl\/fiare-e-coop57-unense-nun-novo-espazo-cooperativo-en-barcelona\/#breadcrumb","itemListElement":[{"@type":"ListItem","position":1,"name":"Home","item":"https:\/\/www.fiarebancaetica.coop\/gl\/"},{"@type":"ListItem","position":2,"name":"Fiare e Coop57 \u00fanense nun novo espazo cooperativo en Barcelona"}]},{"@type":"WebSite","@id":"https:\/\/www.fiarebancaetica.coop\/gl\/#website","url":"https:\/\/www.fiarebancaetica.coop\/gl\/","name":"Fiare Banca Etica","description":"","potentialAction":[{"@type":"SearchAction","target":{"@type":"EntryPoint","urlTemplate":"https:\/\/www.fiarebancaetica.coop\/gl\/?s={search_term_string}"},"query-input":{"@type":"PropertyValueSpecification","valueRequired":true,"valueName":"search_term_string"}}],"inLanguage":"gl-ES"},{"@type":"Person","@id":"https:\/\/www.fiarebancaetica.coop\/gl\/#\/schema\/person\/5b96261107d1cc0141f68d1a780b4ed7","name":"clara","image":{"@type":"ImageObject","inLanguage":"gl-ES","@id":"https:\/\/www.fiarebancaetica.coop\/gl\/#\/schema\/person\/image\/87a072d868c9be98a56db488836f4132","url":"https:\/\/secure.gravatar.com\/avatar\/267db4d1eb94caf852df949ed721a52f76c9fbf9c14c602801e01f0ab306c22b?s=96&d=mm&r=g","contentUrl":"https:\/\/secure.gravatar.com\/avatar\/267db4d1eb94caf852df949ed721a52f76c9fbf9c14c602801e01f0ab306c22b?s=96&d=mm&r=g","caption":"clara"}}]}},"_links":{"self":[{"href":"https:\/\/www.fiarebancaetica.coop\/gl\/wp-json\/wp\/v2\/posts\/387206","targetHints":{"allow":["GET"]}}],"collection":[{"href":"https:\/\/www.fiarebancaetica.coop\/gl\/wp-json\/wp\/v2\/posts"}],"about":[{"href":"https:\/\/www.fiarebancaetica.coop\/gl\/wp-json\/wp\/v2\/types\/post"}],"author":[{"embeddable":true,"href":"https:\/\/www.fiarebancaetica.coop\/gl\/wp-json\/wp\/v2\/users\/1774"}],"replies":[{"embeddable":true,"href":"https:\/\/www.fiarebancaetica.coop\/gl\/wp-json\/wp\/v2\/comments?post=387206"}],"version-history":[{"count":2,"href":"https:\/\/www.fiarebancaetica.coop\/gl\/wp-json\/wp\/v2\/posts\/387206\/revisions"}],"predecessor-version":[{"id":387222,"href":"https:\/\/www.fiarebancaetica.coop\/gl\/wp-json\/wp\/v2\/posts\/387206\/revisions\/387222"}],"wp:featuredmedia":[{"embeddable":true,"href":"https:\/\/www.fiarebancaetica.coop\/gl\/wp-json\/wp\/v2\/media\/387088"}],"wp:attachment":[{"href":"https:\/\/www.fiarebancaetica.coop\/gl\/wp-json\/wp\/v2\/media?parent=387206"}],"wp:term":[{"taxonomy":"category","embeddable":true,"href":"https:\/\/www.fiarebancaetica.coop\/gl\/wp-json\/wp\/v2\/categories?post=387206"},{"taxonomy":"post_tag","embeddable":true,"href":"https:\/\/www.fiarebancaetica.coop\/gl\/wp-json\/wp\/v2\/tags?post=387206"},{"taxonomy":"author","embeddable":true,"href":"https:\/\/www.fiarebancaetica.coop\/gl\/wp-json\/wp\/v2\/coauthors?post=387206"}],"curies":[{"name":"wp","href":"https:\/\/api.w.org\/{rel}","templated":true}]}}