{"id":387209,"date":"2025-06-26T11:51:53","date_gmt":"2025-06-26T09:51:53","guid":{"rendered":"https:\/\/www.fiarebancaetica.coop\/?p=387209"},"modified":"2025-06-26T12:12:00","modified_gmt":"2025-06-26T10:12:00","slug":"o-bei-reunese-coas-redes-internacionais-de-financiamento-etico","status":"publish","type":"post","link":"https:\/\/www.fiarebancaetica.coop\/gl\/o-bei-reunese-coas-redes-internacionais-de-financiamento-etico\/","title":{"rendered":"O BEI re\u00fanese coas redes internacionais de financiamento \u00e9tico"},"content":{"rendered":"\n\n<div class=\"wp-block-bancaetica-blocks-blocks-block-49\">\n    <div class=\"container-block-49\">\n\n        <div class=\"header-section \">\n                            <h1 class=\"section-title\"> O BEI re\u00fanese coas redes internacionais de financiamento \u00e9tico <\/h1>\n                                        <p class=\"section-content\"> O BEI re\u00fanese coas redes internacionais de financiamento \u00e9tico <\/p>\n                                <\/div>\n\n        \n        <div class=\"block-background\" style=\"background-image: url('https:\/\/www.fiarebancaetica.coop\/app\/uploads\/sites\/2\/2025\/06\/fang-guo-R8SKm0saYu8-unsplash-1-scaled.jpg')\">\n                            <div class=\"tile\">\n                    <h1 class=\"image-title\"> O BEI re\u00fanese coas redes internacionais de financiamento \u00e9tico <\/h1>\n                <\/div>             <!-- end .tile -->\n            <div class=\"bottom-content\">\n                            <\/div> <!-- end .button-content -->\n        <\/div> <!-- end .block-background -->\n    <\/div> <!-- end .container -->\n<\/div> <!-- end wp-block-bancaetica-blocks-blocks-block-06 -->\n\n\n<div class=\"wrapper-crispybacon-class wrapper-crispybacon-class-wide \">\n    \n\n<p><strong><em>Artigo de Andrea Baranes, membro do board of directors de Febea<\/em><\/strong><\/p>\n\n\n\n<div style=\"height:20px\" aria-hidden=\"true\" class=\"wp-block-spacer\"><\/div>\n\n\n\n<h2 class=\"wp-block-heading has-blue-color has-text-color has-link-color wp-elements-ae8d27ad49afed2c48761c5e207693fb\">O BEI re\u00fanese coas redes internacionais de finanzas \u00e9ticas<\/h2>\n\n\n\n<div style=\"height:29px\" aria-hidden=\"true\" class=\"wp-block-spacer\"><\/div>\n\n\n\n<p>O 5 de xu\u00f1o celebrouse en Bruxelas a reuni\u00f3n<em><strong> \u201cEthical banking for more social impact in Europe\u201d<\/strong><\/em> organizada polo Banco Europeo de Investimentos (BEI) en colaboraci\u00f3n coa Federaci\u00f3n Europea de Bancos \u00c9ticos e Alternativos (Febea) e a rede mundial de bancos \u00e9ticos Global Alliance For Banking On Values (GABV).<\/p>\n\n\n\n<div style=\"height:45px\" aria-hidden=\"true\" class=\"wp-block-spacer\"><\/div>\n\n\n\n<p>Traballar xuntos pola econom\u00eda social e o ben com\u00fan: esta \u00e9 a principal mensaxe que xurdiu da xornada.<\/p>\n\n\n\n<div style=\"height:34px\" aria-hidden=\"true\" class=\"wp-block-spacer\"><\/div>\n\n\n\n<p>Nas s\u00faas palabras iniciais, a vicepresidenta do BEI, Gelsomina Vigliotti, lembrou que \u00e9 esencial traballar coas <strong>finanzas \u00e9ticas <\/strong>para facer realidade algunhas das prioridades da axenda europea: retos sociais, impulsar a econom\u00eda circular, fomentar a inclusi\u00f3n ou a loita contra o cambio clim\u00e1tico.<\/p>\n\n\n\n<div style=\"height:53px\" aria-hidden=\"true\" class=\"wp-block-spacer\"><\/div>\n\n\n\n<p>Durante as intervenci\u00f3ns f\u00edxose referencia en reiteradas ocasi\u00f3ns ao acordo entre o BEI e Banca Etica que permitir\u00e1 conceder cr\u00e9ditos por m\u00e1is de 165 mill\u00f3ns de euros a favor dos que acostuman a quedar exclu\u00eddos dos circu\u00edtos financeiros, especialmente mulleres, persoas migrantes ou organizaci\u00f3ns do terceiro sector.<\/p>\n\n\n\n<div style=\"height:42px\" aria-hidden=\"true\" class=\"wp-block-spacer\"><\/div>\n\n\n\n<p>A\u00ednda que a concesi\u00f3n de cr\u00e9ditos \u00e9 a parte fundamental deste acordo, os obxectivos van m\u00e1is al\u00f3. Hai que medir en termos de inclusi\u00f3n, crecemento de competencias, de creaci\u00f3n de comunidades e consolidaci\u00f3n de redes.<\/p>\n\n\n\n<div style=\"height:47px\" aria-hidden=\"true\" class=\"wp-block-spacer\"><\/div>\n\n\n\n<p>Como explicou Raffaella De Felice, conselleira de administraci\u00f3n de Banca Etica, o \u00e9xito do proxecto reside no acr\u00f3nimo CIAO: Capacity building; Innovation; Accountability; Objectives and obstinacy. Demostrar a profesionalidade e a eficiencia, establecer obxectivos desafiantes e innovadores e informar con transparencia do que se logrou.<\/p>\n\n\n\n<div style=\"height:54px\" aria-hidden=\"true\" class=\"wp-block-spacer\"><\/div>\n\n\n<div class=\"wp-block-image\">\n<figure class=\"aligncenter size-full is-resized\"><img loading=\"lazy\" decoding=\"async\" width=\"1024\" height=\"768\" src=\"https:\/\/www.fiarebancaetica.coop\/app\/uploads\/sites\/2\/2025\/06\/bei-1.jpeg\" alt=\"\" class=\"wp-image-386929\" style=\"width:601px;height:auto\" srcset=\"https:\/\/www.fiarebancaetica.coop\/app\/uploads\/sites\/2\/2025\/06\/bei-1.jpeg 1024w, https:\/\/www.fiarebancaetica.coop\/app\/uploads\/sites\/2\/2025\/06\/bei-1-300x225.jpeg 300w, https:\/\/www.fiarebancaetica.coop\/app\/uploads\/sites\/2\/2025\/06\/bei-1-768x576.jpeg 768w, https:\/\/www.fiarebancaetica.coop\/app\/uploads\/sites\/2\/2025\/06\/bei-1-560x420.jpeg 560w\" sizes=\"auto, (max-width: 1024px) 100vw, 1024px\" \/><\/figure>\n<\/div>\n\n\n<div style=\"height:45px\" aria-hidden=\"true\" class=\"wp-block-spacer\"><\/div>\n\n\n\n<p>As instituci\u00f3ns europeas expresaron a s\u00faa ambici\u00f3n de que este acordo de colaboraci\u00f3n entre o Banca Etica e o BEI non sexa s\u00f3 un acordo excepcional, sen\u00f3n que se tome como modelo para impulsar que outros bancos membros de Febea e Gabv poidan establecer alianzas. As finanzas \u00e9ticas non deben ser unha alternativa residual sen\u00f3n unha parte fundamental do sistema econ\u00f3mico e financeiro.<\/p>\n\n\n\n<div style=\"height:40px\" aria-hidden=\"true\" class=\"wp-block-spacer\"><\/div>\n\n\n\n<p>Como se destaca no \u00faltimo Informe sobre Finanzas \u00c9ticas en Europa, promovido pola Fundaci\u00f3n Finanzas \u00c9ticas, Fondazzione Finanza Etica e Febea, os bancos \u00e9ticos conc\u00e9denlle m\u00e1is cr\u00e9dito \u00e1 econom\u00eda real que a media do sistema bancario. Pero al\u00e9n dos n\u00fameros, danlles cr\u00e9dito principalmente a entidades que est\u00e1n dentro do circu\u00edto da econom\u00eda social. Organizaci\u00f3ns con necesidades que requiren unha atenci\u00f3n especial, ou instrumentos financeiros que se adapten \u00e1s s\u00faas caracter\u00edsticas, como subministraci\u00f3n de liquidez, garant\u00edas\u2026<\/p>\n\n\n\n<div style=\"height:48px\" aria-hidden=\"true\" class=\"wp-block-spacer\"><\/div>\n\n\n\n<p>A Comisi\u00f3n Europea e o BEI desenvolveron alg\u00fans destes instrumentos pero c\u00f3mpre seguir adapt\u00e1ndose para as necesidades espec\u00edficas da econom\u00eda social. Por este motivo \u00e9 fundamental que as <strong>finanzas \u00e9ticas traballen coas instituci\u00f3ns europeas, para colaborar activamente no dese\u00f1o e a promoci\u00f3n de medidas que favorezan o noso sector.<\/strong><\/p>\n\n\n\n<div style=\"height:55px\" aria-hidden=\"true\" class=\"wp-block-spacer\"><\/div>\n\n\n\n<p>Cada vez m\u00e1is, as finanzas \u00e9ticas son un actor e interlocutor en relaci\u00f3n coas instituci\u00f3ns europeas. As finanzas \u00e9ticas est\u00e1n forxando unha traxectoria de alianza coas instituci\u00f3ns europeas. O acordo entre Banca Etica e o BEI representa un punto de inflexi\u00f3n que d\u00e1 exemplo do cami\u00f1o que as finanzas \u00e9ticas debemos ir seguindo aos poucos.<\/p>\n\n\n\n<div style=\"height:100px\" aria-hidden=\"true\" class=\"wp-block-spacer\"><\/div>\n\n\n\n<p>Foto: <a href=\"https:\/\/www.eib.org\/en\/index.htm\" target=\"_blank\" rel=\"noreferrer noopener\">BEI<\/a><\/p>\n\n\n\n<p>Foto de <a href=\"https:\/\/unsplash.com\/es\/@courier42?utm_content=creditCopyText&amp;utm_medium=referral&amp;utm_source=unsplash\">Fang Guo<\/a> en <a href=\"https:\/\/unsplash.com\/es\/fotos\/un-hombre-apoyado-en-una-pared-frente-a-un-edificio-R8SKm0saYu8?utm_content=creditCopyText&amp;utm_medium=referral&amp;utm_source=unsplash\">Unsplash<\/a><\/p>\n\n\n\n<div style=\"height:100px\" aria-hidden=\"true\" class=\"wp-block-spacer\"><\/div>\n\n\n<\/div>","protected":false},"excerpt":{"rendered":"","protected":false},"author":1774,"featured_media":386929,"comment_status":"closed","ping_status":"closed","sticky":false,"template":"","format":"standard","meta":{"_acf_changed":false,"footnotes":""},"categories":[11645],"tags":[],"coauthors":[5579],"class_list":["post-387209","post","type-post","status-publish","format-standard","has-post-thumbnail","hentry","category-finanzas-eticas"],"acf":[],"yoast_head":"<!-- This site is optimized with the Yoast SEO plugin v26.9 - https:\/\/yoast.com\/product\/yoast-seo-wordpress\/ -->\n<title>O BEI re\u00fanese coas redes internacionais de financiamento \u00e9tico - Fiare Banca Etica<\/title>\n<meta name=\"robots\" content=\"index, follow, max-snippet:-1, max-image-preview:large, max-video-preview:-1\" \/>\n<link rel=\"canonical\" href=\"https:\/\/www.fiarebancaetica.coop\/gl\/o-bei-reunese-coas-redes-internacionais-de-financiamento-etico\/\" \/>\n<meta property=\"og:locale\" content=\"gl_ES\" \/>\n<meta property=\"og:type\" content=\"article\" \/>\n<meta property=\"og:title\" content=\"O BEI re\u00fanese coas redes internacionais de financiamento \u00e9tico - Fiare Banca Etica\" \/>\n<meta property=\"og:url\" content=\"https:\/\/www.fiarebancaetica.coop\/gl\/o-bei-reunese-coas-redes-internacionais-de-financiamento-etico\/\" \/>\n<meta property=\"og:site_name\" content=\"Fiare Banca Etica\" \/>\n<meta property=\"article:published_time\" content=\"2025-06-26T09:51:53+00:00\" \/>\n<meta property=\"article:modified_time\" content=\"2025-06-26T10:12:00+00:00\" \/>\n<meta property=\"og:image\" content=\"https:\/\/www.fiarebancaetica.coop\/app\/uploads\/sites\/2\/2025\/06\/bei-1.jpeg\" \/>\n\t<meta property=\"og:image:width\" content=\"1024\" \/>\n\t<meta property=\"og:image:height\" content=\"768\" \/>\n\t<meta property=\"og:image:type\" content=\"image\/jpeg\" \/>\n<meta name=\"author\" content=\"clara\" \/>\n<meta name=\"twitter:card\" content=\"summary_large_image\" \/>\n<script type=\"application\/ld+json\" class=\"yoast-schema-graph\">{\"@context\":\"https:\/\/schema.org\",\"@graph\":[{\"@type\":\"Article\",\"@id\":\"https:\/\/www.fiarebancaetica.coop\/gl\/o-bei-reunese-coas-redes-internacionais-de-financiamento-etico\/#article\",\"isPartOf\":{\"@id\":\"https:\/\/www.fiarebancaetica.coop\/gl\/o-bei-reunese-coas-redes-internacionais-de-financiamento-etico\/\"},\"author\":{\"name\":\"clara\",\"@id\":\"https:\/\/www.fiarebancaetica.coop\/gl\/#\/schema\/person\/5b96261107d1cc0141f68d1a780b4ed7\"},\"headline\":\"O BEI re\u00fanese coas redes internacionais de financiamento \u00e9tico\",\"datePublished\":\"2025-06-26T09:51:53+00:00\",\"dateModified\":\"2025-06-26T10:12:00+00:00\",\"mainEntityOfPage\":{\"@id\":\"https:\/\/www.fiarebancaetica.coop\/gl\/o-bei-reunese-coas-redes-internacionais-de-financiamento-etico\/\"},\"wordCount\":579,\"image\":{\"@id\":\"https:\/\/www.fiarebancaetica.coop\/gl\/o-bei-reunese-coas-redes-internacionais-de-financiamento-etico\/#primaryimage\"},\"thumbnailUrl\":\"https:\/\/www.fiarebancaetica.coop\/app\/uploads\/sites\/2\/2025\/06\/bei-1.jpeg\",\"articleSection\":[\"Finanzas \u00c9ticas\"],\"inLanguage\":\"gl-ES\"},{\"@type\":\"WebPage\",\"@id\":\"https:\/\/www.fiarebancaetica.coop\/gl\/o-bei-reunese-coas-redes-internacionais-de-financiamento-etico\/\",\"url\":\"https:\/\/www.fiarebancaetica.coop\/gl\/o-bei-reunese-coas-redes-internacionais-de-financiamento-etico\/\",\"name\":\"O BEI re\u00fanese coas redes internacionais de financiamento \u00e9tico - Fiare Banca Etica\",\"isPartOf\":{\"@id\":\"https:\/\/www.fiarebancaetica.coop\/gl\/#website\"},\"primaryImageOfPage\":{\"@id\":\"https:\/\/www.fiarebancaetica.coop\/gl\/o-bei-reunese-coas-redes-internacionais-de-financiamento-etico\/#primaryimage\"},\"image\":{\"@id\":\"https:\/\/www.fiarebancaetica.coop\/gl\/o-bei-reunese-coas-redes-internacionais-de-financiamento-etico\/#primaryimage\"},\"thumbnailUrl\":\"https:\/\/www.fiarebancaetica.coop\/app\/uploads\/sites\/2\/2025\/06\/bei-1.jpeg\",\"datePublished\":\"2025-06-26T09:51:53+00:00\",\"dateModified\":\"2025-06-26T10:12:00+00:00\",\"author\":{\"@id\":\"https:\/\/www.fiarebancaetica.coop\/gl\/#\/schema\/person\/5b96261107d1cc0141f68d1a780b4ed7\"},\"breadcrumb\":{\"@id\":\"https:\/\/www.fiarebancaetica.coop\/gl\/o-bei-reunese-coas-redes-internacionais-de-financiamento-etico\/#breadcrumb\"},\"inLanguage\":\"gl-ES\",\"potentialAction\":[{\"@type\":\"ReadAction\",\"target\":[\"https:\/\/www.fiarebancaetica.coop\/gl\/o-bei-reunese-coas-redes-internacionais-de-financiamento-etico\/\"]}]},{\"@type\":\"ImageObject\",\"inLanguage\":\"gl-ES\",\"@id\":\"https:\/\/www.fiarebancaetica.coop\/gl\/o-bei-reunese-coas-redes-internacionais-de-financiamento-etico\/#primaryimage\",\"url\":\"https:\/\/www.fiarebancaetica.coop\/app\/uploads\/sites\/2\/2025\/06\/bei-1.jpeg\",\"contentUrl\":\"https:\/\/www.fiarebancaetica.coop\/app\/uploads\/sites\/2\/2025\/06\/bei-1.jpeg\",\"width\":1024,\"height\":768},{\"@type\":\"BreadcrumbList\",\"@id\":\"https:\/\/www.fiarebancaetica.coop\/gl\/o-bei-reunese-coas-redes-internacionais-de-financiamento-etico\/#breadcrumb\",\"itemListElement\":[{\"@type\":\"ListItem\",\"position\":1,\"name\":\"Home\",\"item\":\"https:\/\/www.fiarebancaetica.coop\/gl\/\"},{\"@type\":\"ListItem\",\"position\":2,\"name\":\"O BEI re\u00fanese coas redes internacionais de financiamento \u00e9tico\"}]},{\"@type\":\"WebSite\",\"@id\":\"https:\/\/www.fiarebancaetica.coop\/gl\/#website\",\"url\":\"https:\/\/www.fiarebancaetica.coop\/gl\/\",\"name\":\"Fiare Banca Etica\",\"description\":\"\",\"potentialAction\":[{\"@type\":\"SearchAction\",\"target\":{\"@type\":\"EntryPoint\",\"urlTemplate\":\"https:\/\/www.fiarebancaetica.coop\/gl\/?s={search_term_string}\"},\"query-input\":{\"@type\":\"PropertyValueSpecification\",\"valueRequired\":true,\"valueName\":\"search_term_string\"}}],\"inLanguage\":\"gl-ES\"},{\"@type\":\"Person\",\"@id\":\"https:\/\/www.fiarebancaetica.coop\/gl\/#\/schema\/person\/5b96261107d1cc0141f68d1a780b4ed7\",\"name\":\"clara\",\"image\":{\"@type\":\"ImageObject\",\"inLanguage\":\"gl-ES\",\"@id\":\"https:\/\/www.fiarebancaetica.coop\/gl\/#\/schema\/person\/image\/87a072d868c9be98a56db488836f4132\",\"url\":\"https:\/\/secure.gravatar.com\/avatar\/267db4d1eb94caf852df949ed721a52f76c9fbf9c14c602801e01f0ab306c22b?s=96&d=mm&r=g\",\"contentUrl\":\"https:\/\/secure.gravatar.com\/avatar\/267db4d1eb94caf852df949ed721a52f76c9fbf9c14c602801e01f0ab306c22b?s=96&d=mm&r=g\",\"caption\":\"clara\"}}]}<\/script>\n<!-- \/ Yoast SEO plugin. -->","yoast_head_json":{"title":"O BEI re\u00fanese coas redes internacionais de financiamento \u00e9tico - Fiare Banca Etica","robots":{"index":"index","follow":"follow","max-snippet":"max-snippet:-1","max-image-preview":"max-image-preview:large","max-video-preview":"max-video-preview:-1"},"canonical":"https:\/\/www.fiarebancaetica.coop\/gl\/o-bei-reunese-coas-redes-internacionais-de-financiamento-etico\/","og_locale":"gl_ES","og_type":"article","og_title":"O BEI re\u00fanese coas redes internacionais de financiamento \u00e9tico - Fiare Banca Etica","og_url":"https:\/\/www.fiarebancaetica.coop\/gl\/o-bei-reunese-coas-redes-internacionais-de-financiamento-etico\/","og_site_name":"Fiare Banca Etica","article_published_time":"2025-06-26T09:51:53+00:00","article_modified_time":"2025-06-26T10:12:00+00:00","og_image":[{"width":1024,"height":768,"url":"https:\/\/www.fiarebancaetica.coop\/app\/uploads\/sites\/2\/2025\/06\/bei-1.jpeg","type":"image\/jpeg"}],"author":"clara","twitter_card":"summary_large_image","schema":{"@context":"https:\/\/schema.org","@graph":[{"@type":"Article","@id":"https:\/\/www.fiarebancaetica.coop\/gl\/o-bei-reunese-coas-redes-internacionais-de-financiamento-etico\/#article","isPartOf":{"@id":"https:\/\/www.fiarebancaetica.coop\/gl\/o-bei-reunese-coas-redes-internacionais-de-financiamento-etico\/"},"author":{"name":"clara","@id":"https:\/\/www.fiarebancaetica.coop\/gl\/#\/schema\/person\/5b96261107d1cc0141f68d1a780b4ed7"},"headline":"O BEI re\u00fanese coas redes internacionais de financiamento \u00e9tico","datePublished":"2025-06-26T09:51:53+00:00","dateModified":"2025-06-26T10:12:00+00:00","mainEntityOfPage":{"@id":"https:\/\/www.fiarebancaetica.coop\/gl\/o-bei-reunese-coas-redes-internacionais-de-financiamento-etico\/"},"wordCount":579,"image":{"@id":"https:\/\/www.fiarebancaetica.coop\/gl\/o-bei-reunese-coas-redes-internacionais-de-financiamento-etico\/#primaryimage"},"thumbnailUrl":"https:\/\/www.fiarebancaetica.coop\/app\/uploads\/sites\/2\/2025\/06\/bei-1.jpeg","articleSection":["Finanzas \u00c9ticas"],"inLanguage":"gl-ES"},{"@type":"WebPage","@id":"https:\/\/www.fiarebancaetica.coop\/gl\/o-bei-reunese-coas-redes-internacionais-de-financiamento-etico\/","url":"https:\/\/www.fiarebancaetica.coop\/gl\/o-bei-reunese-coas-redes-internacionais-de-financiamento-etico\/","name":"O BEI re\u00fanese coas redes internacionais de financiamento \u00e9tico - Fiare Banca Etica","isPartOf":{"@id":"https:\/\/www.fiarebancaetica.coop\/gl\/#website"},"primaryImageOfPage":{"@id":"https:\/\/www.fiarebancaetica.coop\/gl\/o-bei-reunese-coas-redes-internacionais-de-financiamento-etico\/#primaryimage"},"image":{"@id":"https:\/\/www.fiarebancaetica.coop\/gl\/o-bei-reunese-coas-redes-internacionais-de-financiamento-etico\/#primaryimage"},"thumbnailUrl":"https:\/\/www.fiarebancaetica.coop\/app\/uploads\/sites\/2\/2025\/06\/bei-1.jpeg","datePublished":"2025-06-26T09:51:53+00:00","dateModified":"2025-06-26T10:12:00+00:00","author":{"@id":"https:\/\/www.fiarebancaetica.coop\/gl\/#\/schema\/person\/5b96261107d1cc0141f68d1a780b4ed7"},"breadcrumb":{"@id":"https:\/\/www.fiarebancaetica.coop\/gl\/o-bei-reunese-coas-redes-internacionais-de-financiamento-etico\/#breadcrumb"},"inLanguage":"gl-ES","potentialAction":[{"@type":"ReadAction","target":["https:\/\/www.fiarebancaetica.coop\/gl\/o-bei-reunese-coas-redes-internacionais-de-financiamento-etico\/"]}]},{"@type":"ImageObject","inLanguage":"gl-ES","@id":"https:\/\/www.fiarebancaetica.coop\/gl\/o-bei-reunese-coas-redes-internacionais-de-financiamento-etico\/#primaryimage","url":"https:\/\/www.fiarebancaetica.coop\/app\/uploads\/sites\/2\/2025\/06\/bei-1.jpeg","contentUrl":"https:\/\/www.fiarebancaetica.coop\/app\/uploads\/sites\/2\/2025\/06\/bei-1.jpeg","width":1024,"height":768},{"@type":"BreadcrumbList","@id":"https:\/\/www.fiarebancaetica.coop\/gl\/o-bei-reunese-coas-redes-internacionais-de-financiamento-etico\/#breadcrumb","itemListElement":[{"@type":"ListItem","position":1,"name":"Home","item":"https:\/\/www.fiarebancaetica.coop\/gl\/"},{"@type":"ListItem","position":2,"name":"O BEI re\u00fanese coas redes internacionais de financiamento \u00e9tico"}]},{"@type":"WebSite","@id":"https:\/\/www.fiarebancaetica.coop\/gl\/#website","url":"https:\/\/www.fiarebancaetica.coop\/gl\/","name":"Fiare Banca Etica","description":"","potentialAction":[{"@type":"SearchAction","target":{"@type":"EntryPoint","urlTemplate":"https:\/\/www.fiarebancaetica.coop\/gl\/?s={search_term_string}"},"query-input":{"@type":"PropertyValueSpecification","valueRequired":true,"valueName":"search_term_string"}}],"inLanguage":"gl-ES"},{"@type":"Person","@id":"https:\/\/www.fiarebancaetica.coop\/gl\/#\/schema\/person\/5b96261107d1cc0141f68d1a780b4ed7","name":"clara","image":{"@type":"ImageObject","inLanguage":"gl-ES","@id":"https:\/\/www.fiarebancaetica.coop\/gl\/#\/schema\/person\/image\/87a072d868c9be98a56db488836f4132","url":"https:\/\/secure.gravatar.com\/avatar\/267db4d1eb94caf852df949ed721a52f76c9fbf9c14c602801e01f0ab306c22b?s=96&d=mm&r=g","contentUrl":"https:\/\/secure.gravatar.com\/avatar\/267db4d1eb94caf852df949ed721a52f76c9fbf9c14c602801e01f0ab306c22b?s=96&d=mm&r=g","caption":"clara"}}]}},"_links":{"self":[{"href":"https:\/\/www.fiarebancaetica.coop\/gl\/wp-json\/wp\/v2\/posts\/387209","targetHints":{"allow":["GET"]}}],"collection":[{"href":"https:\/\/www.fiarebancaetica.coop\/gl\/wp-json\/wp\/v2\/posts"}],"about":[{"href":"https:\/\/www.fiarebancaetica.coop\/gl\/wp-json\/wp\/v2\/types\/post"}],"author":[{"embeddable":true,"href":"https:\/\/www.fiarebancaetica.coop\/gl\/wp-json\/wp\/v2\/users\/1774"}],"replies":[{"embeddable":true,"href":"https:\/\/www.fiarebancaetica.coop\/gl\/wp-json\/wp\/v2\/comments?post=387209"}],"version-history":[{"count":4,"href":"https:\/\/www.fiarebancaetica.coop\/gl\/wp-json\/wp\/v2\/posts\/387209\/revisions"}],"predecessor-version":[{"id":387220,"href":"https:\/\/www.fiarebancaetica.coop\/gl\/wp-json\/wp\/v2\/posts\/387209\/revisions\/387220"}],"wp:featuredmedia":[{"embeddable":true,"href":"https:\/\/www.fiarebancaetica.coop\/gl\/wp-json\/wp\/v2\/media\/386929"}],"wp:attachment":[{"href":"https:\/\/www.fiarebancaetica.coop\/gl\/wp-json\/wp\/v2\/media?parent=387209"}],"wp:term":[{"taxonomy":"category","embeddable":true,"href":"https:\/\/www.fiarebancaetica.coop\/gl\/wp-json\/wp\/v2\/categories?post=387209"},{"taxonomy":"post_tag","embeddable":true,"href":"https:\/\/www.fiarebancaetica.coop\/gl\/wp-json\/wp\/v2\/tags?post=387209"},{"taxonomy":"author","embeddable":true,"href":"https:\/\/www.fiarebancaetica.coop\/gl\/wp-json\/wp\/v2\/coauthors?post=387209"}],"curies":[{"name":"wp","href":"https:\/\/api.w.org\/{rel}","templated":true}]}}