{"id":389187,"date":"2025-10-16T12:38:54","date_gmt":"2025-10-16T10:38:54","guid":{"rendered":"https:\/\/www.fiarebancaetica.coop\/soulem-cuando-el-trabajo-se-convierte-en-dignidad\/"},"modified":"2025-11-06T13:46:58","modified_gmt":"2025-11-06T12:46:58","slug":"soulem-cuando-el-trabajo-se-convierte-en-dignidad","status":"publish","type":"post","link":"https:\/\/www.fiarebancaetica.coop\/gl\/soulem-cuando-el-trabajo-se-convierte-en-dignidad\/","title":{"rendered":"Soulem: cando o traballo se converte en dignidade"},"content":{"rendered":"\n\n<div class=\"wp-block-bancaetica-blocks-blocks-block-49\">\n    <div class=\"container-block-49\">\n\n        <div class=\"header-section \">\n                            <h1 class=\"section-title\"> Soulem: cando o traballo se converte en dignidade <\/h1>\n                                        <p class=\"section-content\"> Soulem: cando o traballo se converte en dignidade <\/p>\n                                <\/div>\n\n        \n        <div class=\"block-background\" style=\"background-image: url('https:\/\/www.fiarebancaetica.coop\/app\/uploads\/sites\/2\/2025\/10\/Soulem-25-198-scaled.jpg')\">\n                            <div class=\"tile\">\n                    <h1 class=\"image-title\"> Soulem: cando o traballo se converte en dignidade <\/h1>\n                <\/div>             <!-- end .tile -->\n            <div class=\"bottom-content\">\n                            <\/div> <!-- end .button-content -->\n        <\/div> <!-- end .block-background -->\n    <\/div> <!-- end .container -->\n<\/div> <!-- end wp-block-bancaetica-blocks-blocks-block-06 -->\n\n\n<div class=\"wrapper-crispybacon-class wrapper-crispybacon-class-wide \">\n    \n\n<p>Nun recuncho de Madrid, no barrio de Hortaleza, hai un taller onde as mans non s\u00f3 cosen teas: reconstr\u00faen historias. Nese espazo, Soulem \u2014unha empresa de inserci\u00f3n nada do compromiso social\u2014 transforma a dor en dese\u00f1o, e a vulnerabilidade en autonom\u00eda. Non \u00e9 unha f\u00e1brica. \u00c9 unha escola de resiliencia.<\/p>\n\n\n\n<p>Soulem nace do traballo da Asociaci\u00f3n Entre Mulleres, unha organizaci\u00f3n que desde 1999 acompa\u00f1a a mulleres en situaci\u00f3n de exclusi\u00f3n: migrantes, sobreviventes de violencia machista, mulleres sen unha rede de apoio. En 2010, ese acompa\u00f1amento conv\u00e9rtese en algo m\u00e1is ca un xesto solidario: institucional\u00edzase como <strong>empresa de inserci\u00f3n social<\/strong>, xerando emprego real para as que m\u00e1is o necesitan.<\/p>\n\n\n\n<div style=\"height:40px\" aria-hidden=\"true\" class=\"wp-block-spacer\"><\/div>\n\n\n\n<div class=\"wp-block-media-text is-stacked-on-mobile\" style=\"grid-template-columns:54% auto\"><figure class=\"wp-block-media-text__media\"><img loading=\"lazy\" decoding=\"async\" width=\"1024\" height=\"683\" src=\"https:\/\/www.fiarebancaetica.coop\/app\/uploads\/sites\/2\/2025\/11\/Soulem-25-133-1-1024x683.jpg\" alt=\"\" class=\"wp-image-389164 size-full\" srcset=\"https:\/\/www.fiarebancaetica.coop\/app\/uploads\/sites\/2\/2025\/11\/Soulem-25-133-1-1024x683.jpg 1024w, https:\/\/www.fiarebancaetica.coop\/app\/uploads\/sites\/2\/2025\/11\/Soulem-25-133-1-300x200.jpg 300w, https:\/\/www.fiarebancaetica.coop\/app\/uploads\/sites\/2\/2025\/11\/Soulem-25-133-1-768x512.jpg 768w, https:\/\/www.fiarebancaetica.coop\/app\/uploads\/sites\/2\/2025\/11\/Soulem-25-133-1-1536x1024.jpg 1536w, https:\/\/www.fiarebancaetica.coop\/app\/uploads\/sites\/2\/2025\/11\/Soulem-25-133-1-2048x1365.jpg 2048w\" sizes=\"auto, (max-width: 1024px) 100vw, 1024px\" \/><\/figure><div class=\"wp-block-media-text__content\">\n<p>A proposta de Soulem non se limita a \u201cdar traballo\u201d. Vai moito m\u00e1is al\u00e1. O seu modelo integra acollida emocional, formaci\u00f3n artesanal e empregabilidade digna, nun proceso transformador que lles devolve \u00e1s mulleres a confianza, a seguridade econ\u00f3mica e a posibilidade de decidir sobre a s\u00faa propia vida.<\/p>\n<\/div><\/div>\n\n\n\n<div style=\"height:34px\" aria-hidden=\"true\" class=\"wp-block-spacer\"><\/div>\n\n\n\n<p>Desde f\u00f3ra, quizais se vexan pantallas de l\u00e1mpadas fermosamente dese\u00f1adas, t\u00e9xtiles \u00fanicos, obxectos decorativos. Pero quen co\u00f1ece a historia sabe que cada unha desas pezas \u00e9 froito dun proceso paciente, humano, profundamente \u00e9tico.<\/p>\n\n\n\n<div style=\"height:18px\" aria-hidden=\"true\" class=\"wp-block-spacer\"><\/div>\n\n\n\n<div style=\"height:48px\" aria-hidden=\"true\" class=\"wp-block-spacer\"><\/div>\n\n\n\n<h5 class=\"wp-block-heading\"><strong><strong>O traballo aqu\u00ed non explota: coida.<\/strong><\/strong><\/h5>\n\n\n\n<div style=\"height:10px\" aria-hidden=\"true\" class=\"wp-block-spacer\"><\/div>\n\n\n\n<p><strong><br><\/strong>Soulem ofrece contratos laborais con dereitos, acompa\u00f1amento personalizado e un espazo seguro onde estar. Onde reaprender a confiar. Onde volver empezar. A empresa segue un modelo no que o beneficio econ\u00f3mico est\u00e1 subordinado ao beneficio humano. E iso conv\u00e9rtea nun exemplo vivo do que a <strong>econom\u00eda social e solidaria<\/strong> pode chegar a ser.<\/p>\n\n\n\n<div style=\"height:29px\" aria-hidden=\"true\" class=\"wp-block-spacer\"><\/div>\n\n\n\n<div class=\"wp-block-media-text is-stacked-on-mobile\" style=\"grid-template-columns:46% auto\"><figure class=\"wp-block-media-text__media\"><img decoding=\"async\" src=\"https:\/\/www.fiarebancaetica.coop\/app\/uploads\/sites\/2\/2025\/10\/Soulem-25-95.jpg\" alt=\"\" class=\"wp-image-388942 size-full\"\/><\/figure><div class=\"wp-block-media-text__content\">\n<p>En cada unha das s\u00faas colecci\u00f3ns hai dese\u00f1o, si. Pero tam\u00e9n sustentabilidade: materiais reciclados, tecidos org\u00e1nicos, produci\u00f3ns a pequena escala. Soulem demostra que se pode producir de forma responsable sen renunciar \u00e1 beleza nin \u00e1 viabilidade econ\u00f3mica. E ao facelo, tam\u00e9n cuestiona os modelos dominantes de produci\u00f3n e consumo, baseados na explotaci\u00f3n dos recursos e das persoas.<\/p>\n<\/div><\/div>\n\n\n\n<p><\/p>\n\n\n\n<div style=\"height:47px\" aria-hidden=\"true\" class=\"wp-block-spacer\"><\/div>\n\n\n\n<p>As mulleres que chegan ao taller de Soulem adoitan facelo cunha historia ao lombo: medo, incerteza, illamento. O que atopan \u00e9 comunidade, formaci\u00f3n e futuro. Moitas non saben coser cando chegan. Meses despois, dominan t\u00e9cnicas, xestionan pedidos, lideran procesos. O m\u00e1is importante: <strong>recuperan a s\u00faa autonom\u00eda.<\/strong><\/p>\n\n\n\n<div style=\"height:39px\" aria-hidden=\"true\" class=\"wp-block-spacer\"><\/div>\n\n\n\n<p>Soulem non est\u00e1 soa. Forma parte dunha rede m\u00e1is ampla de iniciativas que, como Fiare Banca Etica, apostan por po\u00f1er a econom\u00eda ao servizo das persoas. Iniciativas onde as palabras \u201cimpacto\u201d, \u201cvalor\u201d ou \u201cretorno\u201d non se miden en euros, sen\u00f3n en transformaci\u00f3n, xustiza, equidade.<\/p>\n\n\n\n<div style=\"height:30px\" aria-hidden=\"true\" class=\"wp-block-spacer\"><\/div>\n\n\n\n<div class=\"wp-block-media-text has-media-on-the-right is-stacked-on-mobile\" style=\"grid-template-columns:auto 42%\"><div class=\"wp-block-media-text__content\">\n<p>Cada l\u00e1mpada vendida, cada peza, cada encarga corporativa leva consigo unha historia de superaci\u00f3n, un acto de resistencia fronte \u00e1 indiferenza, unha afirmaci\u00f3n de que <strong>outro modelo econ\u00f3mico non s\u00f3 \u00e9 posible: xa est\u00e1 en marcha.<\/strong><\/p>\n<\/div><figure class=\"wp-block-media-text__media\"><img loading=\"lazy\" decoding=\"async\" width=\"1024\" height=\"683\" src=\"https:\/\/www.fiarebancaetica.coop\/app\/uploads\/sites\/2\/2025\/10\/Soulem-25-188-1024x683.jpg\" alt=\"\" class=\"wp-image-389177 size-full\" srcset=\"https:\/\/www.fiarebancaetica.coop\/app\/uploads\/sites\/2\/2025\/10\/Soulem-25-188-1024x683.jpg 1024w, https:\/\/www.fiarebancaetica.coop\/app\/uploads\/sites\/2\/2025\/10\/Soulem-25-188-300x200.jpg 300w, https:\/\/www.fiarebancaetica.coop\/app\/uploads\/sites\/2\/2025\/10\/Soulem-25-188-768x512.jpg 768w, https:\/\/www.fiarebancaetica.coop\/app\/uploads\/sites\/2\/2025\/10\/Soulem-25-188-1536x1024.jpg 1536w, https:\/\/www.fiarebancaetica.coop\/app\/uploads\/sites\/2\/2025\/10\/Soulem-25-188-2048x1365.jpg 2048w\" sizes=\"auto, (max-width: 1024px) 100vw, 1024px\" \/><\/figure><\/div>\n\n\n\n<p><\/p>\n\n\n\n<div style=\"height:32px\" aria-hidden=\"true\" class=\"wp-block-spacer\"><\/div>\n\n\n\n<p>Detr\u00e1s de Soulem est\u00e1n <strong>Mar\u00eda Luisa Fresno<\/strong> e a s\u00faa filla <strong>Macarena L\u00f3pez-Cord\u00f3n<\/strong>, d\u00faas mulleres que souberon transformar o compromiso en acci\u00f3n e a empat\u00eda en estrutura. Mar\u00eda Luisa, fundadora e presidenta, so\u00f1ou cun lugar onde as mulleres puidesen volver empezar, e puxo en marcha ese so\u00f1o. Macarena, como directora xeral, sost\u00e9n ese legado cada d\u00eda, cunha mirada atenta, unha xesti\u00f3n pr\u00f3xima e unha convicci\u00f3n profunda en que toda muller merece un espazo digno onde reconstru\u00edrse.<\/p>\n\n\n\n<p><\/p>\n\n\n\n<div class=\"wp-block-media-text is-stacked-on-mobile\" style=\"grid-template-columns:26% auto\"><figure class=\"wp-block-media-text__media\"><img decoding=\"async\" src=\"https:\/\/www.fiarebancaetica.coop\/app\/uploads\/sites\/2\/2025\/10\/Soulem-25-4.jpg\" alt=\"\" class=\"wp-image-388922 size-full\"\/><\/figure><div class=\"wp-block-media-text__content\">\n<p>Apoiar proxectos como Soulem \u00e9 apoiar unha forma distinta de facer empresa: centrada na vida, nos coidados, nos dereitos. \u00c9 apostar por un mercado onde non todo se compra e se vende, onde o valor se cose con mans que aprenderon a sandar a trav\u00e9s do traballo digno.<\/p>\n\n\n\n<p>Porque ao final, o que en Soulem se ilumina non \u00e9 s\u00f3 unha l\u00e1mpada: <strong>\u00e9 a vida dunha muller que volve crer en si mesma.<\/strong><\/p>\n\n\n\n<p><a href=\"https:\/\/soulem.org\/\">www.soulem.org <\/a><\/p>\n<\/div><\/div>\n\n\n\n<div style=\"height:36px\" aria-hidden=\"true\" class=\"wp-block-spacer\"><\/div>\n\n\n\n<p><\/p>\n\n\n\n<div style=\"height:100px\" aria-hidden=\"true\" class=\"wp-block-spacer\"><\/div>\n\n\n<\/div>","protected":false},"excerpt":{"rendered":"","protected":false},"author":1774,"featured_media":389167,"comment_status":"closed","ping_status":"closed","sticky":false,"template":"","format":"standard","meta":{"_acf_changed":false,"footnotes":""},"categories":[11641,11645],"tags":[],"coauthors":[5579],"class_list":["post-389187","post","type-post","status-publish","format-standard","has-post-thumbnail","hentry","category-etica-e-cooperativa","category-finanzas-eticas"],"acf":[],"yoast_head":"<!-- This site is optimized with the Yoast SEO plugin v26.9 - https:\/\/yoast.com\/product\/yoast-seo-wordpress\/ -->\n<title>Soulem: cando o traballo se converte en dignidade - Fiare Banca Etica<\/title>\n<meta name=\"robots\" content=\"index, follow, max-snippet:-1, max-image-preview:large, max-video-preview:-1\" \/>\n<link rel=\"canonical\" href=\"https:\/\/www.fiarebancaetica.coop\/gl\/soulem-cuando-el-trabajo-se-convierte-en-dignidad\/\" \/>\n<meta property=\"og:locale\" content=\"gl_ES\" \/>\n<meta property=\"og:type\" content=\"article\" \/>\n<meta property=\"og:title\" content=\"Soulem: cando o traballo se converte en dignidade - Fiare Banca Etica\" \/>\n<meta property=\"og:url\" content=\"https:\/\/www.fiarebancaetica.coop\/gl\/soulem-cuando-el-trabajo-se-convierte-en-dignidad\/\" \/>\n<meta property=\"og:site_name\" content=\"Fiare Banca Etica\" \/>\n<meta property=\"article:published_time\" content=\"2025-10-16T10:38:54+00:00\" \/>\n<meta property=\"article:modified_time\" content=\"2025-11-06T12:46:58+00:00\" \/>\n<meta property=\"og:image\" content=\"https:\/\/www.fiarebancaetica.coop\/app\/uploads\/sites\/2\/2025\/11\/Soulem-25-133-1-scaled.jpg\" \/>\n\t<meta property=\"og:image:width\" content=\"2560\" \/>\n\t<meta property=\"og:image:height\" content=\"1707\" \/>\n\t<meta property=\"og:image:type\" content=\"image\/jpeg\" \/>\n<meta name=\"author\" content=\"clara\" \/>\n<meta name=\"twitter:card\" content=\"summary_large_image\" \/>\n<script type=\"application\/ld+json\" class=\"yoast-schema-graph\">{\"@context\":\"https:\/\/schema.org\",\"@graph\":[{\"@type\":\"Article\",\"@id\":\"https:\/\/www.fiarebancaetica.coop\/gl\/soulem-cuando-el-trabajo-se-convierte-en-dignidad\/#article\",\"isPartOf\":{\"@id\":\"https:\/\/www.fiarebancaetica.coop\/gl\/soulem-cuando-el-trabajo-se-convierte-en-dignidad\/\"},\"author\":{\"name\":\"clara\",\"@id\":\"https:\/\/www.fiarebancaetica.coop\/gl\/#\/schema\/person\/5b96261107d1cc0141f68d1a780b4ed7\"},\"headline\":\"Soulem: cando o traballo se converte en dignidade\",\"datePublished\":\"2025-10-16T10:38:54+00:00\",\"dateModified\":\"2025-11-06T12:46:58+00:00\",\"mainEntityOfPage\":{\"@id\":\"https:\/\/www.fiarebancaetica.coop\/gl\/soulem-cuando-el-trabajo-se-convierte-en-dignidad\/\"},\"wordCount\":650,\"image\":{\"@id\":\"https:\/\/www.fiarebancaetica.coop\/gl\/soulem-cuando-el-trabajo-se-convierte-en-dignidad\/#primaryimage\"},\"thumbnailUrl\":\"https:\/\/www.fiarebancaetica.coop\/app\/uploads\/sites\/2\/2025\/11\/Soulem-25-133-1-scaled.jpg\",\"articleSection\":[\"\u00c9tica e cooperativa\",\"Finanzas \u00c9ticas\"],\"inLanguage\":\"gl-ES\"},{\"@type\":\"WebPage\",\"@id\":\"https:\/\/www.fiarebancaetica.coop\/gl\/soulem-cuando-el-trabajo-se-convierte-en-dignidad\/\",\"url\":\"https:\/\/www.fiarebancaetica.coop\/gl\/soulem-cuando-el-trabajo-se-convierte-en-dignidad\/\",\"name\":\"Soulem: cando o traballo se converte en dignidade - Fiare Banca Etica\",\"isPartOf\":{\"@id\":\"https:\/\/www.fiarebancaetica.coop\/gl\/#website\"},\"primaryImageOfPage\":{\"@id\":\"https:\/\/www.fiarebancaetica.coop\/gl\/soulem-cuando-el-trabajo-se-convierte-en-dignidad\/#primaryimage\"},\"image\":{\"@id\":\"https:\/\/www.fiarebancaetica.coop\/gl\/soulem-cuando-el-trabajo-se-convierte-en-dignidad\/#primaryimage\"},\"thumbnailUrl\":\"https:\/\/www.fiarebancaetica.coop\/app\/uploads\/sites\/2\/2025\/11\/Soulem-25-133-1-scaled.jpg\",\"datePublished\":\"2025-10-16T10:38:54+00:00\",\"dateModified\":\"2025-11-06T12:46:58+00:00\",\"author\":{\"@id\":\"https:\/\/www.fiarebancaetica.coop\/gl\/#\/schema\/person\/5b96261107d1cc0141f68d1a780b4ed7\"},\"breadcrumb\":{\"@id\":\"https:\/\/www.fiarebancaetica.coop\/gl\/soulem-cuando-el-trabajo-se-convierte-en-dignidad\/#breadcrumb\"},\"inLanguage\":\"gl-ES\",\"potentialAction\":[{\"@type\":\"ReadAction\",\"target\":[\"https:\/\/www.fiarebancaetica.coop\/gl\/soulem-cuando-el-trabajo-se-convierte-en-dignidad\/\"]}]},{\"@type\":\"ImageObject\",\"inLanguage\":\"gl-ES\",\"@id\":\"https:\/\/www.fiarebancaetica.coop\/gl\/soulem-cuando-el-trabajo-se-convierte-en-dignidad\/#primaryimage\",\"url\":\"https:\/\/www.fiarebancaetica.coop\/app\/uploads\/sites\/2\/2025\/11\/Soulem-25-133-1-scaled.jpg\",\"contentUrl\":\"https:\/\/www.fiarebancaetica.coop\/app\/uploads\/sites\/2\/2025\/11\/Soulem-25-133-1-scaled.jpg\",\"width\":2560,\"height\":1707},{\"@type\":\"BreadcrumbList\",\"@id\":\"https:\/\/www.fiarebancaetica.coop\/gl\/soulem-cuando-el-trabajo-se-convierte-en-dignidad\/#breadcrumb\",\"itemListElement\":[{\"@type\":\"ListItem\",\"position\":1,\"name\":\"Home\",\"item\":\"https:\/\/www.fiarebancaetica.coop\/gl\/\"},{\"@type\":\"ListItem\",\"position\":2,\"name\":\"Soulem: cando o traballo se converte en dignidade\"}]},{\"@type\":\"WebSite\",\"@id\":\"https:\/\/www.fiarebancaetica.coop\/gl\/#website\",\"url\":\"https:\/\/www.fiarebancaetica.coop\/gl\/\",\"name\":\"Fiare Banca Etica\",\"description\":\"\",\"potentialAction\":[{\"@type\":\"SearchAction\",\"target\":{\"@type\":\"EntryPoint\",\"urlTemplate\":\"https:\/\/www.fiarebancaetica.coop\/gl\/?s={search_term_string}\"},\"query-input\":{\"@type\":\"PropertyValueSpecification\",\"valueRequired\":true,\"valueName\":\"search_term_string\"}}],\"inLanguage\":\"gl-ES\"},{\"@type\":\"Person\",\"@id\":\"https:\/\/www.fiarebancaetica.coop\/gl\/#\/schema\/person\/5b96261107d1cc0141f68d1a780b4ed7\",\"name\":\"clara\",\"image\":{\"@type\":\"ImageObject\",\"inLanguage\":\"gl-ES\",\"@id\":\"https:\/\/www.fiarebancaetica.coop\/gl\/#\/schema\/person\/image\/87a072d868c9be98a56db488836f4132\",\"url\":\"https:\/\/secure.gravatar.com\/avatar\/267db4d1eb94caf852df949ed721a52f76c9fbf9c14c602801e01f0ab306c22b?s=96&d=mm&r=g\",\"contentUrl\":\"https:\/\/secure.gravatar.com\/avatar\/267db4d1eb94caf852df949ed721a52f76c9fbf9c14c602801e01f0ab306c22b?s=96&d=mm&r=g\",\"caption\":\"clara\"}}]}<\/script>\n<!-- \/ Yoast SEO plugin. -->","yoast_head_json":{"title":"Soulem: cando o traballo se converte en dignidade - Fiare Banca Etica","robots":{"index":"index","follow":"follow","max-snippet":"max-snippet:-1","max-image-preview":"max-image-preview:large","max-video-preview":"max-video-preview:-1"},"canonical":"https:\/\/www.fiarebancaetica.coop\/gl\/soulem-cuando-el-trabajo-se-convierte-en-dignidad\/","og_locale":"gl_ES","og_type":"article","og_title":"Soulem: cando o traballo se converte en dignidade - Fiare Banca Etica","og_url":"https:\/\/www.fiarebancaetica.coop\/gl\/soulem-cuando-el-trabajo-se-convierte-en-dignidad\/","og_site_name":"Fiare Banca Etica","article_published_time":"2025-10-16T10:38:54+00:00","article_modified_time":"2025-11-06T12:46:58+00:00","og_image":[{"width":2560,"height":1707,"url":"https:\/\/www.fiarebancaetica.coop\/app\/uploads\/sites\/2\/2025\/11\/Soulem-25-133-1-scaled.jpg","type":"image\/jpeg"}],"author":"clara","twitter_card":"summary_large_image","schema":{"@context":"https:\/\/schema.org","@graph":[{"@type":"Article","@id":"https:\/\/www.fiarebancaetica.coop\/gl\/soulem-cuando-el-trabajo-se-convierte-en-dignidad\/#article","isPartOf":{"@id":"https:\/\/www.fiarebancaetica.coop\/gl\/soulem-cuando-el-trabajo-se-convierte-en-dignidad\/"},"author":{"name":"clara","@id":"https:\/\/www.fiarebancaetica.coop\/gl\/#\/schema\/person\/5b96261107d1cc0141f68d1a780b4ed7"},"headline":"Soulem: cando o traballo se converte en dignidade","datePublished":"2025-10-16T10:38:54+00:00","dateModified":"2025-11-06T12:46:58+00:00","mainEntityOfPage":{"@id":"https:\/\/www.fiarebancaetica.coop\/gl\/soulem-cuando-el-trabajo-se-convierte-en-dignidad\/"},"wordCount":650,"image":{"@id":"https:\/\/www.fiarebancaetica.coop\/gl\/soulem-cuando-el-trabajo-se-convierte-en-dignidad\/#primaryimage"},"thumbnailUrl":"https:\/\/www.fiarebancaetica.coop\/app\/uploads\/sites\/2\/2025\/11\/Soulem-25-133-1-scaled.jpg","articleSection":["\u00c9tica e cooperativa","Finanzas \u00c9ticas"],"inLanguage":"gl-ES"},{"@type":"WebPage","@id":"https:\/\/www.fiarebancaetica.coop\/gl\/soulem-cuando-el-trabajo-se-convierte-en-dignidad\/","url":"https:\/\/www.fiarebancaetica.coop\/gl\/soulem-cuando-el-trabajo-se-convierte-en-dignidad\/","name":"Soulem: cando o traballo se converte en dignidade - Fiare Banca Etica","isPartOf":{"@id":"https:\/\/www.fiarebancaetica.coop\/gl\/#website"},"primaryImageOfPage":{"@id":"https:\/\/www.fiarebancaetica.coop\/gl\/soulem-cuando-el-trabajo-se-convierte-en-dignidad\/#primaryimage"},"image":{"@id":"https:\/\/www.fiarebancaetica.coop\/gl\/soulem-cuando-el-trabajo-se-convierte-en-dignidad\/#primaryimage"},"thumbnailUrl":"https:\/\/www.fiarebancaetica.coop\/app\/uploads\/sites\/2\/2025\/11\/Soulem-25-133-1-scaled.jpg","datePublished":"2025-10-16T10:38:54+00:00","dateModified":"2025-11-06T12:46:58+00:00","author":{"@id":"https:\/\/www.fiarebancaetica.coop\/gl\/#\/schema\/person\/5b96261107d1cc0141f68d1a780b4ed7"},"breadcrumb":{"@id":"https:\/\/www.fiarebancaetica.coop\/gl\/soulem-cuando-el-trabajo-se-convierte-en-dignidad\/#breadcrumb"},"inLanguage":"gl-ES","potentialAction":[{"@type":"ReadAction","target":["https:\/\/www.fiarebancaetica.coop\/gl\/soulem-cuando-el-trabajo-se-convierte-en-dignidad\/"]}]},{"@type":"ImageObject","inLanguage":"gl-ES","@id":"https:\/\/www.fiarebancaetica.coop\/gl\/soulem-cuando-el-trabajo-se-convierte-en-dignidad\/#primaryimage","url":"https:\/\/www.fiarebancaetica.coop\/app\/uploads\/sites\/2\/2025\/11\/Soulem-25-133-1-scaled.jpg","contentUrl":"https:\/\/www.fiarebancaetica.coop\/app\/uploads\/sites\/2\/2025\/11\/Soulem-25-133-1-scaled.jpg","width":2560,"height":1707},{"@type":"BreadcrumbList","@id":"https:\/\/www.fiarebancaetica.coop\/gl\/soulem-cuando-el-trabajo-se-convierte-en-dignidad\/#breadcrumb","itemListElement":[{"@type":"ListItem","position":1,"name":"Home","item":"https:\/\/www.fiarebancaetica.coop\/gl\/"},{"@type":"ListItem","position":2,"name":"Soulem: cando o traballo se converte en dignidade"}]},{"@type":"WebSite","@id":"https:\/\/www.fiarebancaetica.coop\/gl\/#website","url":"https:\/\/www.fiarebancaetica.coop\/gl\/","name":"Fiare Banca Etica","description":"","potentialAction":[{"@type":"SearchAction","target":{"@type":"EntryPoint","urlTemplate":"https:\/\/www.fiarebancaetica.coop\/gl\/?s={search_term_string}"},"query-input":{"@type":"PropertyValueSpecification","valueRequired":true,"valueName":"search_term_string"}}],"inLanguage":"gl-ES"},{"@type":"Person","@id":"https:\/\/www.fiarebancaetica.coop\/gl\/#\/schema\/person\/5b96261107d1cc0141f68d1a780b4ed7","name":"clara","image":{"@type":"ImageObject","inLanguage":"gl-ES","@id":"https:\/\/www.fiarebancaetica.coop\/gl\/#\/schema\/person\/image\/87a072d868c9be98a56db488836f4132","url":"https:\/\/secure.gravatar.com\/avatar\/267db4d1eb94caf852df949ed721a52f76c9fbf9c14c602801e01f0ab306c22b?s=96&d=mm&r=g","contentUrl":"https:\/\/secure.gravatar.com\/avatar\/267db4d1eb94caf852df949ed721a52f76c9fbf9c14c602801e01f0ab306c22b?s=96&d=mm&r=g","caption":"clara"}}]}},"_links":{"self":[{"href":"https:\/\/www.fiarebancaetica.coop\/gl\/wp-json\/wp\/v2\/posts\/389187","targetHints":{"allow":["GET"]}}],"collection":[{"href":"https:\/\/www.fiarebancaetica.coop\/gl\/wp-json\/wp\/v2\/posts"}],"about":[{"href":"https:\/\/www.fiarebancaetica.coop\/gl\/wp-json\/wp\/v2\/types\/post"}],"author":[{"embeddable":true,"href":"https:\/\/www.fiarebancaetica.coop\/gl\/wp-json\/wp\/v2\/users\/1774"}],"replies":[{"embeddable":true,"href":"https:\/\/www.fiarebancaetica.coop\/gl\/wp-json\/wp\/v2\/comments?post=389187"}],"version-history":[{"count":3,"href":"https:\/\/www.fiarebancaetica.coop\/gl\/wp-json\/wp\/v2\/posts\/389187\/revisions"}],"predecessor-version":[{"id":389191,"href":"https:\/\/www.fiarebancaetica.coop\/gl\/wp-json\/wp\/v2\/posts\/389187\/revisions\/389191"}],"wp:featuredmedia":[{"embeddable":true,"href":"https:\/\/www.fiarebancaetica.coop\/gl\/wp-json\/wp\/v2\/media\/389167"}],"wp:attachment":[{"href":"https:\/\/www.fiarebancaetica.coop\/gl\/wp-json\/wp\/v2\/media?parent=389187"}],"wp:term":[{"taxonomy":"category","embeddable":true,"href":"https:\/\/www.fiarebancaetica.coop\/gl\/wp-json\/wp\/v2\/categories?post=389187"},{"taxonomy":"post_tag","embeddable":true,"href":"https:\/\/www.fiarebancaetica.coop\/gl\/wp-json\/wp\/v2\/tags?post=389187"},{"taxonomy":"author","embeddable":true,"href":"https:\/\/www.fiarebancaetica.coop\/gl\/wp-json\/wp\/v2\/coauthors?post=389187"}],"curies":[{"name":"wp","href":"https:\/\/api.w.org\/{rel}","templated":true}]}}