{"id":389760,"date":"2025-12-11T12:40:21","date_gmt":"2025-12-11T11:40:21","guid":{"rendered":"https:\/\/www.fiarebancaetica.coop\/?p=389760"},"modified":"2025-12-11T12:41:41","modified_gmt":"2025-12-11T11:41:41","slug":"la-imprenta-cultura-para-transformar-o-mundo","status":"publish","type":"post","link":"https:\/\/www.fiarebancaetica.coop\/gl\/la-imprenta-cultura-para-transformar-o-mundo\/","title":{"rendered":"La Imprenta: cultura para transformar o mundo"},"content":{"rendered":"\n\n<div class=\"wp-block-bancaetica-blocks-blocks-block-49\">\n    <div class=\"container-block-49\">\n\n        <div class=\"header-section \">\n                            <h1 class=\"section-title\"> La Imprenta: cultura para transformar o mundo <\/h1>\n                                        <p class=\"section-content\"> La Imprenta: cultura para transformar o mundo <\/p>\n                                <\/div>\n\n        \n        <div class=\"block-background\" style=\"background-image: url('https:\/\/www.fiarebancaetica.coop\/app\/uploads\/sites\/2\/2025\/12\/La-imprenta-jxfiare-36-1-scaled.jpg')\">\n                            <div class=\"tile\">\n                    <h1 class=\"image-title\"> La Imprenta: cultura para transformar o mundo <\/h1>\n                <\/div>             <!-- end .tile -->\n            <div class=\"bottom-content\">\n                                    <div class=\"group\">\n                                                    <div class=\"rows\">\n                                                                                            <\/div> <!-- end .rows -->\n                                            <\/div> <!-- end .group -->\n                            <\/div> <!-- end .button-content -->\n        <\/div> <!-- end .block-background -->\n    <\/div> <!-- end .container -->\n<\/div> <!-- end wp-block-bancaetica-blocks-blocks-block-06 -->\n\n\n<div class=\"wrapper-crispybacon-class wrapper-crispybacon-class-wide \">\n    \n\n<p><strong>M\u00e1is ca unha librar\u00eda, unha comunidade&nbsp;<\/strong><\/p>\n\n\n\n<p>La Imprenta non \u00e9 unha tenda nin unha librar\u00eda ao uso; \u00e9, ante todo, unha aposta pola cultura como motor de transformaci\u00f3n social en Madrid. A\u00ednda que funciona como librar\u00eda asociativa \u2014cunha coidada escolma de poes\u00eda, narrativa, ensaio, infantil e selos independentes\u2014, a s\u00faa filosof\u00eda transcende a venda de libros: busca difundir obras que sirvan de ferramentas para cambiar a realidade.<\/p>\n\n\n\n<p>Pero a s\u00faa actividade non remata nos andeis. Cada semana, o espazo cobra vida e conv\u00e9rtese nun centro cultural de barrio que acolle concertos, recitais e actividades veci\u00f1ais. Como definen os seus propios creadores, \u00e9 un lugar de &#8220;estratexias e artefactos culturais&#8221; para intervir no presente.<\/p>\n\n\n\n<div style=\"height:48px\" aria-hidden=\"true\" class=\"wp-block-spacer\"><\/div>\n\n\n\n<p><strong>Independencia grazas aos &#8220;c\u00f3mplices&#8221;&nbsp;<\/strong><\/p>\n\n\n\n<div class=\"wp-block-media-text is-stacked-on-mobile\"><figure class=\"wp-block-media-text__media\"><img loading=\"lazy\" decoding=\"async\" width=\"1024\" height=\"683\" src=\"https:\/\/www.fiarebancaetica.coop\/app\/uploads\/sites\/2\/2025\/12\/La-imprenta-jxfiare-42-2-1024x683.jpg\" alt=\"\" class=\"wp-image-389817 size-full\" srcset=\"https:\/\/www.fiarebancaetica.coop\/app\/uploads\/sites\/2\/2025\/12\/La-imprenta-jxfiare-42-2-1024x683.jpg 1024w, https:\/\/www.fiarebancaetica.coop\/app\/uploads\/sites\/2\/2025\/12\/La-imprenta-jxfiare-42-2-300x200.jpg 300w, https:\/\/www.fiarebancaetica.coop\/app\/uploads\/sites\/2\/2025\/12\/La-imprenta-jxfiare-42-2-768x512.jpg 768w, https:\/\/www.fiarebancaetica.coop\/app\/uploads\/sites\/2\/2025\/12\/La-imprenta-jxfiare-42-2-1536x1024.jpg 1536w, https:\/\/www.fiarebancaetica.coop\/app\/uploads\/sites\/2\/2025\/12\/La-imprenta-jxfiare-42-2-2048x1365.jpg 2048w\" sizes=\"auto, (max-width: 1024px) 100vw, 1024px\" \/><\/figure><div class=\"wp-block-media-text__content\">\n<p>Lonxe de depender de subvenci\u00f3ns ou da pura l\u00f3xica de mercado, La Imprenta sost\u00e9n a s\u00faa independencia grazas aos seus &#8220;c\u00f3mplices&#8221;. Non son s\u00f3 clientes, sen\u00f3n persoas que voluntariamente achegan unha pequena doaz\u00f3n mensual para garantir a continuidade do proxecto. \u00c9 un modelo baseado na confianza e nunha rede de afectos onde cada achega consolida este espazo colectivo.<\/p>\n<\/div><\/div>\n\n\n\n<div style=\"height:48px\" aria-hidden=\"true\" class=\"wp-block-spacer\"><\/div>\n\n\n\n<p><strong>Resistencia cultural a contracorrente&nbsp;<\/strong><\/p>\n\n\n\n<p>Nunha \u00e9poca marcada pola inmediatez e mais o consumo r\u00e1pido, La Imprenta representa un modelo de resistencia. L\u00e9mbranos que a cultura tam\u00e9n serve para deterse, respirar no medio do remu\u00ed\u00f1o coti\u00e1n e cultivar o esp\u00edrito cr\u00edtico. Soster esta iniciativa significa fortalecer o tecido asociativo que lles d\u00e1 vida humana \u00e1s nosas cidades.<\/p>\n\n\n\n<p>Inicio &#8211; La Imprenta<\/p>\n\n\n\n<figure class=\"wp-block-gallery has-nested-images columns-default is-cropped wp-block-gallery-1 is-layout-flex wp-block-gallery-is-layout-flex\">\n<figure class=\"wp-block-image size-large\"><img loading=\"lazy\" decoding=\"async\" width=\"1024\" height=\"683\" data-id=\"389809\" src=\"https:\/\/www.fiarebancaetica.coop\/app\/uploads\/sites\/2\/2025\/12\/La-imprenta-jxfiare-27-2-1024x683.jpg\" alt=\"\" class=\"wp-image-389809\" srcset=\"https:\/\/www.fiarebancaetica.coop\/app\/uploads\/sites\/2\/2025\/12\/La-imprenta-jxfiare-27-2-1024x683.jpg 1024w, https:\/\/www.fiarebancaetica.coop\/app\/uploads\/sites\/2\/2025\/12\/La-imprenta-jxfiare-27-2-300x200.jpg 300w, https:\/\/www.fiarebancaetica.coop\/app\/uploads\/sites\/2\/2025\/12\/La-imprenta-jxfiare-27-2-768x512.jpg 768w, https:\/\/www.fiarebancaetica.coop\/app\/uploads\/sites\/2\/2025\/12\/La-imprenta-jxfiare-27-2-1536x1024.jpg 1536w, https:\/\/www.fiarebancaetica.coop\/app\/uploads\/sites\/2\/2025\/12\/La-imprenta-jxfiare-27-2-2048x1365.jpg 2048w\" sizes=\"auto, (max-width: 1024px) 100vw, 1024px\" \/><\/figure>\n\n\n\n\n\n<figure class=\"wp-block-image size-large\"><img loading=\"lazy\" decoding=\"async\" width=\"1024\" height=\"683\" data-id=\"389813\" src=\"https:\/\/www.fiarebancaetica.coop\/app\/uploads\/sites\/2\/2025\/12\/La-imprenta-jxfiare-29-2-1024x683.jpg\" alt=\"\" class=\"wp-image-389813\" srcset=\"https:\/\/www.fiarebancaetica.coop\/app\/uploads\/sites\/2\/2025\/12\/La-imprenta-jxfiare-29-2-1024x683.jpg 1024w, https:\/\/www.fiarebancaetica.coop\/app\/uploads\/sites\/2\/2025\/12\/La-imprenta-jxfiare-29-2-300x200.jpg 300w, https:\/\/www.fiarebancaetica.coop\/app\/uploads\/sites\/2\/2025\/12\/La-imprenta-jxfiare-29-2-768x512.jpg 768w, https:\/\/www.fiarebancaetica.coop\/app\/uploads\/sites\/2\/2025\/12\/La-imprenta-jxfiare-29-2-1536x1024.jpg 1536w, https:\/\/www.fiarebancaetica.coop\/app\/uploads\/sites\/2\/2025\/12\/La-imprenta-jxfiare-29-2-2048x1365.jpg 2048w\" sizes=\"auto, (max-width: 1024px) 100vw, 1024px\" \/><\/figure>\n<\/figure>\n\n\n\n<h6 class=\"wp-block-heading\"><\/h6>\n\n\n\n<div style=\"height:22px\" aria-hidden=\"true\" class=\"wp-block-spacer\"><\/div>\n\n\n<\/div>","protected":false},"excerpt":{"rendered":"","protected":false},"author":1774,"featured_media":389781,"comment_status":"closed","ping_status":"closed","sticky":false,"template":"","format":"standard","meta":{"_acf_changed":false,"footnotes":""},"categories":[11641,11614,11645,11610,11664],"tags":[],"coauthors":[5579],"class_list":{"0":"post-389760","1":"post","2":"type-post","3":"status-publish","4":"format-standard","5":"has-post-thumbnail","6":"hentry","7":"category-etica-e-cooperativa","8":"category-finanzas-eticas","10":"category-historias-de-impacto-positivo"},"acf":[],"yoast_head":"<!-- This site is optimized with the Yoast SEO plugin v26.9 - https:\/\/yoast.com\/product\/yoast-seo-wordpress\/ -->\n<title>La Imprenta: cultura para transformar o mundo - Fiare Banca Etica<\/title>\n<meta name=\"robots\" content=\"index, follow, max-snippet:-1, max-image-preview:large, max-video-preview:-1\" \/>\n<link rel=\"canonical\" href=\"https:\/\/www.fiarebancaetica.coop\/gl\/la-imprenta-cultura-para-transformar-o-mundo\/\" \/>\n<meta property=\"og:locale\" content=\"gl_ES\" \/>\n<meta property=\"og:type\" content=\"article\" \/>\n<meta property=\"og:title\" content=\"La Imprenta: cultura para transformar o mundo - Fiare Banca Etica\" \/>\n<meta property=\"og:url\" content=\"https:\/\/www.fiarebancaetica.coop\/gl\/la-imprenta-cultura-para-transformar-o-mundo\/\" \/>\n<meta property=\"og:site_name\" content=\"Fiare Banca Etica\" \/>\n<meta property=\"article:published_time\" content=\"2025-12-11T11:40:21+00:00\" \/>\n<meta property=\"article:modified_time\" content=\"2025-12-11T11:41:41+00:00\" \/>\n<meta property=\"og:image\" content=\"https:\/\/www.fiarebancaetica.coop\/app\/uploads\/sites\/2\/2025\/12\/La-imprenta-jxfiare-36-1-scaled.jpg\" \/>\n\t<meta property=\"og:image:width\" content=\"2560\" \/>\n\t<meta property=\"og:image:height\" content=\"1707\" \/>\n\t<meta property=\"og:image:type\" content=\"image\/jpeg\" \/>\n<meta name=\"author\" content=\"clara\" \/>\n<meta name=\"twitter:card\" content=\"summary_large_image\" \/>\n<script type=\"application\/ld+json\" class=\"yoast-schema-graph\">{\"@context\":\"https:\/\/schema.org\",\"@graph\":[{\"@type\":\"Article\",\"@id\":\"https:\/\/www.fiarebancaetica.coop\/gl\/la-imprenta-cultura-para-transformar-o-mundo\/#article\",\"isPartOf\":{\"@id\":\"https:\/\/www.fiarebancaetica.coop\/gl\/la-imprenta-cultura-para-transformar-o-mundo\/\"},\"author\":{\"name\":\"clara\",\"@id\":\"https:\/\/www.fiarebancaetica.coop\/gl\/#\/schema\/person\/5b96261107d1cc0141f68d1a780b4ed7\"},\"headline\":\"La Imprenta: cultura para transformar o mundo\",\"datePublished\":\"2025-12-11T11:40:21+00:00\",\"dateModified\":\"2025-12-11T11:41:41+00:00\",\"mainEntityOfPage\":{\"@id\":\"https:\/\/www.fiarebancaetica.coop\/gl\/la-imprenta-cultura-para-transformar-o-mundo\/\"},\"wordCount\":268,\"image\":{\"@id\":\"https:\/\/www.fiarebancaetica.coop\/gl\/la-imprenta-cultura-para-transformar-o-mundo\/#primaryimage\"},\"thumbnailUrl\":\"https:\/\/www.fiarebancaetica.coop\/app\/uploads\/sites\/2\/2025\/12\/La-imprenta-jxfiare-36-1-scaled.jpg\",\"articleSection\":[\"\u00c9tica e cooperativa\",\"Finanzas \u00c9ticas\",\"Finanzas \u00c9ticas\",\"Historias de impacto positivo\",\"Historias de impacto positivo\"],\"inLanguage\":\"gl-ES\"},{\"@type\":\"WebPage\",\"@id\":\"https:\/\/www.fiarebancaetica.coop\/gl\/la-imprenta-cultura-para-transformar-o-mundo\/\",\"url\":\"https:\/\/www.fiarebancaetica.coop\/gl\/la-imprenta-cultura-para-transformar-o-mundo\/\",\"name\":\"La Imprenta: cultura para transformar o mundo - Fiare Banca Etica\",\"isPartOf\":{\"@id\":\"https:\/\/www.fiarebancaetica.coop\/gl\/#website\"},\"primaryImageOfPage\":{\"@id\":\"https:\/\/www.fiarebancaetica.coop\/gl\/la-imprenta-cultura-para-transformar-o-mundo\/#primaryimage\"},\"image\":{\"@id\":\"https:\/\/www.fiarebancaetica.coop\/gl\/la-imprenta-cultura-para-transformar-o-mundo\/#primaryimage\"},\"thumbnailUrl\":\"https:\/\/www.fiarebancaetica.coop\/app\/uploads\/sites\/2\/2025\/12\/La-imprenta-jxfiare-36-1-scaled.jpg\",\"datePublished\":\"2025-12-11T11:40:21+00:00\",\"dateModified\":\"2025-12-11T11:41:41+00:00\",\"author\":{\"@id\":\"https:\/\/www.fiarebancaetica.coop\/gl\/#\/schema\/person\/5b96261107d1cc0141f68d1a780b4ed7\"},\"breadcrumb\":{\"@id\":\"https:\/\/www.fiarebancaetica.coop\/gl\/la-imprenta-cultura-para-transformar-o-mundo\/#breadcrumb\"},\"inLanguage\":\"gl-ES\",\"potentialAction\":[{\"@type\":\"ReadAction\",\"target\":[\"https:\/\/www.fiarebancaetica.coop\/gl\/la-imprenta-cultura-para-transformar-o-mundo\/\"]}]},{\"@type\":\"ImageObject\",\"inLanguage\":\"gl-ES\",\"@id\":\"https:\/\/www.fiarebancaetica.coop\/gl\/la-imprenta-cultura-para-transformar-o-mundo\/#primaryimage\",\"url\":\"https:\/\/www.fiarebancaetica.coop\/app\/uploads\/sites\/2\/2025\/12\/La-imprenta-jxfiare-36-1-scaled.jpg\",\"contentUrl\":\"https:\/\/www.fiarebancaetica.coop\/app\/uploads\/sites\/2\/2025\/12\/La-imprenta-jxfiare-36-1-scaled.jpg\",\"width\":2560,\"height\":1707},{\"@type\":\"BreadcrumbList\",\"@id\":\"https:\/\/www.fiarebancaetica.coop\/gl\/la-imprenta-cultura-para-transformar-o-mundo\/#breadcrumb\",\"itemListElement\":[{\"@type\":\"ListItem\",\"position\":1,\"name\":\"Home\",\"item\":\"https:\/\/www.fiarebancaetica.coop\/gl\/\"},{\"@type\":\"ListItem\",\"position\":2,\"name\":\"La Imprenta: cultura para transformar o mundo\"}]},{\"@type\":\"WebSite\",\"@id\":\"https:\/\/www.fiarebancaetica.coop\/gl\/#website\",\"url\":\"https:\/\/www.fiarebancaetica.coop\/gl\/\",\"name\":\"Fiare Banca Etica\",\"description\":\"\",\"potentialAction\":[{\"@type\":\"SearchAction\",\"target\":{\"@type\":\"EntryPoint\",\"urlTemplate\":\"https:\/\/www.fiarebancaetica.coop\/gl\/?s={search_term_string}\"},\"query-input\":{\"@type\":\"PropertyValueSpecification\",\"valueRequired\":true,\"valueName\":\"search_term_string\"}}],\"inLanguage\":\"gl-ES\"},{\"@type\":\"Person\",\"@id\":\"https:\/\/www.fiarebancaetica.coop\/gl\/#\/schema\/person\/5b96261107d1cc0141f68d1a780b4ed7\",\"name\":\"clara\",\"image\":{\"@type\":\"ImageObject\",\"inLanguage\":\"gl-ES\",\"@id\":\"https:\/\/www.fiarebancaetica.coop\/gl\/#\/schema\/person\/image\/87a072d868c9be98a56db488836f4132\",\"url\":\"https:\/\/secure.gravatar.com\/avatar\/267db4d1eb94caf852df949ed721a52f76c9fbf9c14c602801e01f0ab306c22b?s=96&d=mm&r=g\",\"contentUrl\":\"https:\/\/secure.gravatar.com\/avatar\/267db4d1eb94caf852df949ed721a52f76c9fbf9c14c602801e01f0ab306c22b?s=96&d=mm&r=g\",\"caption\":\"clara\"}}]}<\/script>\n<!-- \/ Yoast SEO plugin. -->","yoast_head_json":{"title":"La Imprenta: cultura para transformar o mundo - Fiare Banca Etica","robots":{"index":"index","follow":"follow","max-snippet":"max-snippet:-1","max-image-preview":"max-image-preview:large","max-video-preview":"max-video-preview:-1"},"canonical":"https:\/\/www.fiarebancaetica.coop\/gl\/la-imprenta-cultura-para-transformar-o-mundo\/","og_locale":"gl_ES","og_type":"article","og_title":"La Imprenta: cultura para transformar o mundo - Fiare Banca Etica","og_url":"https:\/\/www.fiarebancaetica.coop\/gl\/la-imprenta-cultura-para-transformar-o-mundo\/","og_site_name":"Fiare Banca Etica","article_published_time":"2025-12-11T11:40:21+00:00","article_modified_time":"2025-12-11T11:41:41+00:00","og_image":[{"width":2560,"height":1707,"url":"https:\/\/www.fiarebancaetica.coop\/app\/uploads\/sites\/2\/2025\/12\/La-imprenta-jxfiare-36-1-scaled.jpg","type":"image\/jpeg"}],"author":"clara","twitter_card":"summary_large_image","schema":{"@context":"https:\/\/schema.org","@graph":[{"@type":"Article","@id":"https:\/\/www.fiarebancaetica.coop\/gl\/la-imprenta-cultura-para-transformar-o-mundo\/#article","isPartOf":{"@id":"https:\/\/www.fiarebancaetica.coop\/gl\/la-imprenta-cultura-para-transformar-o-mundo\/"},"author":{"name":"clara","@id":"https:\/\/www.fiarebancaetica.coop\/gl\/#\/schema\/person\/5b96261107d1cc0141f68d1a780b4ed7"},"headline":"La Imprenta: cultura para transformar o mundo","datePublished":"2025-12-11T11:40:21+00:00","dateModified":"2025-12-11T11:41:41+00:00","mainEntityOfPage":{"@id":"https:\/\/www.fiarebancaetica.coop\/gl\/la-imprenta-cultura-para-transformar-o-mundo\/"},"wordCount":268,"image":{"@id":"https:\/\/www.fiarebancaetica.coop\/gl\/la-imprenta-cultura-para-transformar-o-mundo\/#primaryimage"},"thumbnailUrl":"https:\/\/www.fiarebancaetica.coop\/app\/uploads\/sites\/2\/2025\/12\/La-imprenta-jxfiare-36-1-scaled.jpg","articleSection":["\u00c9tica e cooperativa","Finanzas \u00c9ticas","Finanzas \u00c9ticas","Historias de impacto positivo","Historias de impacto positivo"],"inLanguage":"gl-ES"},{"@type":"WebPage","@id":"https:\/\/www.fiarebancaetica.coop\/gl\/la-imprenta-cultura-para-transformar-o-mundo\/","url":"https:\/\/www.fiarebancaetica.coop\/gl\/la-imprenta-cultura-para-transformar-o-mundo\/","name":"La Imprenta: cultura para transformar o mundo - Fiare Banca Etica","isPartOf":{"@id":"https:\/\/www.fiarebancaetica.coop\/gl\/#website"},"primaryImageOfPage":{"@id":"https:\/\/www.fiarebancaetica.coop\/gl\/la-imprenta-cultura-para-transformar-o-mundo\/#primaryimage"},"image":{"@id":"https:\/\/www.fiarebancaetica.coop\/gl\/la-imprenta-cultura-para-transformar-o-mundo\/#primaryimage"},"thumbnailUrl":"https:\/\/www.fiarebancaetica.coop\/app\/uploads\/sites\/2\/2025\/12\/La-imprenta-jxfiare-36-1-scaled.jpg","datePublished":"2025-12-11T11:40:21+00:00","dateModified":"2025-12-11T11:41:41+00:00","author":{"@id":"https:\/\/www.fiarebancaetica.coop\/gl\/#\/schema\/person\/5b96261107d1cc0141f68d1a780b4ed7"},"breadcrumb":{"@id":"https:\/\/www.fiarebancaetica.coop\/gl\/la-imprenta-cultura-para-transformar-o-mundo\/#breadcrumb"},"inLanguage":"gl-ES","potentialAction":[{"@type":"ReadAction","target":["https:\/\/www.fiarebancaetica.coop\/gl\/la-imprenta-cultura-para-transformar-o-mundo\/"]}]},{"@type":"ImageObject","inLanguage":"gl-ES","@id":"https:\/\/www.fiarebancaetica.coop\/gl\/la-imprenta-cultura-para-transformar-o-mundo\/#primaryimage","url":"https:\/\/www.fiarebancaetica.coop\/app\/uploads\/sites\/2\/2025\/12\/La-imprenta-jxfiare-36-1-scaled.jpg","contentUrl":"https:\/\/www.fiarebancaetica.coop\/app\/uploads\/sites\/2\/2025\/12\/La-imprenta-jxfiare-36-1-scaled.jpg","width":2560,"height":1707},{"@type":"BreadcrumbList","@id":"https:\/\/www.fiarebancaetica.coop\/gl\/la-imprenta-cultura-para-transformar-o-mundo\/#breadcrumb","itemListElement":[{"@type":"ListItem","position":1,"name":"Home","item":"https:\/\/www.fiarebancaetica.coop\/gl\/"},{"@type":"ListItem","position":2,"name":"La Imprenta: cultura para transformar o mundo"}]},{"@type":"WebSite","@id":"https:\/\/www.fiarebancaetica.coop\/gl\/#website","url":"https:\/\/www.fiarebancaetica.coop\/gl\/","name":"Fiare Banca Etica","description":"","potentialAction":[{"@type":"SearchAction","target":{"@type":"EntryPoint","urlTemplate":"https:\/\/www.fiarebancaetica.coop\/gl\/?s={search_term_string}"},"query-input":{"@type":"PropertyValueSpecification","valueRequired":true,"valueName":"search_term_string"}}],"inLanguage":"gl-ES"},{"@type":"Person","@id":"https:\/\/www.fiarebancaetica.coop\/gl\/#\/schema\/person\/5b96261107d1cc0141f68d1a780b4ed7","name":"clara","image":{"@type":"ImageObject","inLanguage":"gl-ES","@id":"https:\/\/www.fiarebancaetica.coop\/gl\/#\/schema\/person\/image\/87a072d868c9be98a56db488836f4132","url":"https:\/\/secure.gravatar.com\/avatar\/267db4d1eb94caf852df949ed721a52f76c9fbf9c14c602801e01f0ab306c22b?s=96&d=mm&r=g","contentUrl":"https:\/\/secure.gravatar.com\/avatar\/267db4d1eb94caf852df949ed721a52f76c9fbf9c14c602801e01f0ab306c22b?s=96&d=mm&r=g","caption":"clara"}}]}},"_links":{"self":[{"href":"https:\/\/www.fiarebancaetica.coop\/gl\/wp-json\/wp\/v2\/posts\/389760","targetHints":{"allow":["GET"]}}],"collection":[{"href":"https:\/\/www.fiarebancaetica.coop\/gl\/wp-json\/wp\/v2\/posts"}],"about":[{"href":"https:\/\/www.fiarebancaetica.coop\/gl\/wp-json\/wp\/v2\/types\/post"}],"author":[{"embeddable":true,"href":"https:\/\/www.fiarebancaetica.coop\/gl\/wp-json\/wp\/v2\/users\/1774"}],"replies":[{"embeddable":true,"href":"https:\/\/www.fiarebancaetica.coop\/gl\/wp-json\/wp\/v2\/comments?post=389760"}],"version-history":[{"count":2,"href":"https:\/\/www.fiarebancaetica.coop\/gl\/wp-json\/wp\/v2\/posts\/389760\/revisions"}],"predecessor-version":[{"id":389822,"href":"https:\/\/www.fiarebancaetica.coop\/gl\/wp-json\/wp\/v2\/posts\/389760\/revisions\/389822"}],"wp:featuredmedia":[{"embeddable":true,"href":"https:\/\/www.fiarebancaetica.coop\/gl\/wp-json\/wp\/v2\/media\/389781"}],"wp:attachment":[{"href":"https:\/\/www.fiarebancaetica.coop\/gl\/wp-json\/wp\/v2\/media?parent=389760"}],"wp:term":[{"taxonomy":"category","embeddable":true,"href":"https:\/\/www.fiarebancaetica.coop\/gl\/wp-json\/wp\/v2\/categories?post=389760"},{"taxonomy":"post_tag","embeddable":true,"href":"https:\/\/www.fiarebancaetica.coop\/gl\/wp-json\/wp\/v2\/tags?post=389760"},{"taxonomy":"author","embeddable":true,"href":"https:\/\/www.fiarebancaetica.coop\/gl\/wp-json\/wp\/v2\/coauthors?post=389760"}],"curies":[{"name":"wp","href":"https:\/\/api.w.org\/{rel}","templated":true}]}}