{"id":390484,"date":"2026-01-28T16:58:00","date_gmt":"2026-01-28T15:58:00","guid":{"rendered":"https:\/\/www.fiarebancaetica.coop\/?p=390484"},"modified":"2026-02-03T11:55:35","modified_gmt":"2026-02-03T10:55:35","slug":"fin-de-semana-barcelona-banca-etica-vivenda","status":"publish","type":"post","link":"https:\/\/www.fiarebancaetica.coop\/gl\/fin-de-semana-barcelona-banca-etica-vivenda\/","title":{"rendered":"Cando a banca \u00e9tica se converte en fogar: unha ruta pola Barcelona que xa est\u00e1 cambiando as regras"},"content":{"rendered":"\n\n<div class=\"wp-block-bancaetica-blocks-blocks-block-49\">\n    <div class=\"container-block-49\">\n\n        <div class=\"header-section \">\n                            <h1 class=\"section-title\"> Cando a banca \u00e9tica se converte en fogar: unha ruta pola Barcelona que xa est\u00e1 cambiando as regras <\/h1>\n                                        <p class=\"section-content\"> Cando a banca \u00e9tica se converte en fogar: unha ruta pola Barcelona que xa est\u00e1 cambiando as regras <\/p>\n                                <\/div>\n\n        \n        <div class=\"block-background\" style=\"background-image: url('https:\/\/www.fiarebancaetica.coop\/app\/uploads\/sites\/2\/2026\/01\/GRUPO-JO\u0301VENES-ENCUENTRO-2-768x347-1.jpg')\">\n                            <div class=\"tile\">\n                    <h1 class=\"image-title\"> Cando a banca \u00e9tica se converte en fogar: unha ruta pola Barcelona que xa est\u00e1 cambiando as regras <\/h1>\n                <\/div>             <!-- end .tile -->\n            <div class=\"bottom-content\">\n                            <\/div> <!-- end .button-content -->\n        <\/div> <!-- end .block-background -->\n    <\/div> <!-- end .container -->\n<\/div> <!-- end wp-block-bancaetica-blocks-blocks-block-06 -->\n\n\n<div class=\"wrapper-crispybacon-class wrapper-crispybacon-class-wide \">\n    \n\n<p><strong>Unha fin de semana en Barcelona abondou para que un grupo de mozos de Italia e Espa\u00f1a vise, en primeira persoa, que outra forma de habitar Europa non s\u00f3 \u00e9 posible, sen\u00f3n que xa existe. Do senfogarismo \u00e1 vivenda cooperativa e a econom\u00eda solidaria, esta cr\u00f3nica percorre proxectos reais financiados con criterios \u00e9ticos que converten a vivenda nun dereito e a comunidade en futuro.<\/strong><\/p>\n\n\n\n<div style=\"height:20px\" aria-hidden=\"true\" class=\"wp-block-spacer\"><\/div>\n\n\n\n<p>Chegamos a Barcelona un xoves, dedicado a reuni\u00f3ns e reencontros prematuros: froito de lazos xa formados, de atoparnos neste pequeno mundo de xuventude e finanzas \u00e9ticas. Tempo suficiente para po\u00f1\u00e9rmonos ao d\u00eda, falar de futuros proxectos, de horizontes pr\u00f3ximos e doutras cousas propias desta activa xuventude da Econom\u00eda Social. O sol de Barcelona agard\u00e1banos cos brazos abertos, como dicindo: vide co\u00f1ecerme; nesta cidade pasan cousas.<\/p>\n\n\n\n<div style=\"height:20px\" aria-hidden=\"true\" class=\"wp-block-spacer\"><\/div>\n\n\n\n<p>Ese mesmo venres pola tarde dirix\u00edmonos ao que ser\u00eda a nosa sede durante unha fin de semana tan intensa: a Residencia Mart\u00ed Codolar, en Montbau. A idea do encontro era reunir as xuventudes de Banca \u00c9tica en Italia, Gen\u00c9tica\/Xen\u00c9tica, coas de Espa\u00f1a, J\u00f3venes\/Mozos por Fiare, para visitar proxectos relacionados coa vivenda financiados polo banco. Pouco sabiamos que estes proxectos nos amosar\u00edan unha realidade radicalmente transformadora, tanxible e situada.<\/p>\n\n\n\n<div style=\"height:20px\" aria-hidden=\"true\" class=\"wp-block-spacer\"><\/div>\n\n\n\n<p>Chegamos uns minutos tarde e al\u00ed estaban Albert e Aleksei para recibirnos, xunto con outras caras xa co\u00f1ecidas. Percorremos as instalaci\u00f3ns ata atoparnos co resto nunha estancia ampla. Ao entrar, uns quince mozos de toda Espa\u00f1a e outros quince de Italia enteira; impregnada no ambiente, unha sensaci\u00f3n de sermos vellos co\u00f1ecidos. A velada inaugurouse cunha rolda de presentaci\u00f3ns que debuxou perf\u00eds novos expertos en sustentabilidade, ecofeminismo, corretaxes \u00e9ticas, democratizaci\u00f3n de Internet, expansi\u00f3n das finanzas \u00e9ticas en Europa, cultura e territorio, cooperativismo integral&#8230; Ben versado en Econom\u00eda Social, Finanzas \u00c9ticas e tem\u00e1ticas contiguas, o grupo era, canto menos, prometedor en ambici\u00f3n moral e todo o que deriva dela.<\/p>\n\n\n\n<div style=\"height:20px\" aria-hidden=\"true\" class=\"wp-block-spacer\"><\/div>\n\n\n\n<p>Sen m\u00e1is dilaci\u00f3n entramos na tem\u00e1tica do encontro: a crise da vivenda en Europa, en Espa\u00f1a e mais en Italia. As din\u00e1micas participativas serviron para evidenciar un status de precariedade compartido por todas as persoas presentes. Alugueiros elevados \u2014que representan como m\u00ednimo un terzo dos salarios, habitualmente baixos\u2014, espazos pequenos, ateigados e, en moitos casos, vivendas do s\u00e9culo pasado. Esta pequena mostra de realidade cimentou a perspectiva xeral sobre a situaci\u00f3n da vivenda e marcou o ton cr\u00edtico do encontro, permit\u00edndonos cuestionar os porqu\u00e9s de tanta precariedade habitacional e, sobre todo, explorar alternativas. Cea, canas no Bar Paco e unha pronta recollida, \u00e1 espera das visitas do d\u00eda seguinte.<\/p>\n\n\n\n<div style=\"height:20px\" aria-hidden=\"true\" class=\"wp-block-spacer\"><\/div>\n\n\n\n<p>S\u00e1bado: un caf\u00e9 e directos a co\u00f1ecermos as iniciativas de cada grupo de mozos. Por unha banda, J\u00f3venes\/Mozos por Fiare: a viaxe a Ecuador, a conferencia de FEBEA, charlas en universidades e outros espazos, obradoiros, a Escola de Activismo Econ\u00f3mico de Madrid&#8230; Doutra banda, Gen\u00c9tica\/Xen\u00c9tica: encontros de xuventudes nacionais, escolas de ver\u00e1n e finanzas \u00e9ticas, un manifesto e moitas cousas por vir. Acto seguido, o Sindicato de Llogateres de Catalunya ofreceunos unha introduci\u00f3n \u00e1 crise da vivenda a nivel nacional e local: un percorrido polo seu labor de incidencia pol\u00edtica e un horizonte transformador para os dereitos das persoas inquilinas.<\/p>\n\n\n\n<div style=\"height:20px\" aria-hidden=\"true\" class=\"wp-block-spacer\"><\/div>\n\n\n\n<p>Tras un breve descanso, volvemos para analizar sinerx\u00edas, retos e aspiraci\u00f3ns de ambos os grupos: revisando o conseguido e o que queremos constru\u00edr, sacando contido concreto da sesi\u00f3n colectiva para orientarmos os pr\u00f3ximos pasos.<\/p>\n\n\n\n<div style=\"height:20px\" aria-hidden=\"true\" class=\"wp-block-spacer\"><\/div>\n\n\n\n<p>Ben espertas e inspiradas, percorremos Barcelona para iniciarmos a ruta por esa realidade radical que permite a banca \u00e9tica e o seu financiamento comprometido. A primeira parada foi o <a href=\"https:\/\/www.assis.cat\/llar-rosario-endrinal\/\">Centro Rosario Endrinal<\/a>, da <a href=\"https:\/\/www.assis.cat\/\">Fundaci\u00f3n Ass\u00eds<\/a>: un centro de d\u00eda dedicado ao apoio de persoas en situaci\u00f3n de sinfogarismo. Un espazo multidimensional cunha metodolox\u00eda interseccional orientada a ofrecer asistencia social, inserci\u00f3n laboral, apoio sanitario, formaci\u00f3n, lecer e acceso \u00e1 vivenda a persoas que est\u00e1n na r\u00faa. Cun equipo t\u00e9cnico interdisciplinar, este centro atendeu m\u00e1is de 2.000 persoas desde a s\u00faa apertura, ofrecendo un seguimento personalizado enfocado na integraci\u00f3n, a autoestima e a sociabilidade.<\/p>\n\n\n\n<div style=\"height:20px\" aria-hidden=\"true\" class=\"wp-block-spacer\"><\/div>\n\n\n\n<p>Co concepto de fogar na cabeza, chegamos \u00e1 seguinte parada: un edificio de <em>cohousing<\/em> pertencente a unha das cooperativas de vivenda de <a href=\"https:\/\/sostrecivic.coop\/es\/qui-som\/\">Sostre C\u00edvic<\/a>, <a href=\"https:\/\/sostrecivic.coop\/es\/projectes\/cirerers\/\">Cirerers.<\/a> Situado no barrio barcelon\u00e9s de Roquetes, este edificio de oito plantas alberga trinta e d\u00faas vivendas, varios espazos comunitarios e un economato autoxestionado. Os apartamentos non saen ao mercado: c\u00e9dense en uso a persoas socias da cooperativa, a cambio dunha achega inicial retornable e unha cota mensual. As\u00ed, este proxecto de convivencia funciona como un piar de resistencia fronte aos modelos de vivenda especulativos.<\/p>\n\n\n\n<div style=\"height:20px\" aria-hidden=\"true\" class=\"wp-block-spacer\"><\/div>\n\n\n\n<p>A visita estimulounos profundamente, deixando unha pegada de futuro no ambiente: po\u00f1endo a mirada colectiva no tanxible de vivir en comunidade e en estruturas que soste\u00f1en a vivenda digna como un dereito.<\/p>\n\n\n\n<div style=\"height:20px\" aria-hidden=\"true\" class=\"wp-block-spacer\"><\/div>\n\n\n\n<p>Empezaba a notarse o cansazo do d\u00eda, pero quedaba un \u00faltimo proxecto, que non fixo m\u00e1is que reforzar o ton transformador da xornada: <a href=\"https:\/\/topmanta.store\/?srsltid=AfmBOoqPl0dTabsCVDrsuibDH_cTEHbmSMW55wmPpYZbNvVrS3DrkA6I\">Top Manta<\/a>, unha marca de roupa social e solidaria creada por vendedores ambulantes migrantes do Sindicato Popular de Vendedores Ambulantes e dedicada a mellorar as condici\u00f3ns de vida do colectivo. Desde a marca producen roupa reivindicativa que denuncia o racismo estrutural e as inxustizas sistem\u00e1ticas contra a poboaci\u00f3n migrante. Ademais, mediante a contrataci\u00f3n orientada, contrib\u00faen \u00e1 regularizaci\u00f3n dos vendedores ambulantes e \u00e1 s\u00faa integraci\u00f3n social e econ\u00f3mica. Esta visita deixounos sen palabras, por se a esas alturas do d\u00eda a\u00ednda quedaban.<\/p>\n\n\n\n<div style=\"height:20px\" aria-hidden=\"true\" class=\"wp-block-spacer\"><\/div>\n\n\n\n<p>Con este \u00faltimo proxecto acabamos de completar o cadro de realidade transformadora que nos ofrecen as finanzas \u00e9ticas. Marchamos con m\u00e1is motivaci\u00f3n e determinaci\u00f3n ca nunca, repet\u00edndonos unhas a outras que outra realidade \u00e9 posible e que, cando se fai, faise as\u00ed.<\/p>\n\n\n\n<div style=\"height:100px\" aria-hidden=\"true\" class=\"wp-block-spacer\"><\/div>\n\n\n<\/div>","protected":false},"excerpt":{"rendered":"","protected":false},"author":14,"featured_media":390379,"comment_status":"closed","ping_status":"closed","sticky":false,"template":"","format":"standard","meta":{"_acf_changed":false,"footnotes":""},"categories":[11641,11614,11645,11610],"tags":[11861],"coauthors":[2879],"class_list":{"0":"post-390484","1":"post","2":"type-post","3":"status-publish","4":"format-standard","5":"has-post-thumbnail","6":"hentry","7":"category-etica-e-cooperativa","8":"category-finanzas-eticas","10":"category-historias-de-impacto-positivo","11":"tag-participacion-gl"},"acf":[],"yoast_head":"<!-- This site is optimized with the Yoast SEO plugin v26.9 - https:\/\/yoast.com\/product\/yoast-seo-wordpress\/ -->\n<title>Cando a banca \u00e9tica se converte en fogar: unha ruta pola Barcelona que xa est\u00e1 cambiando as regras - Fiare Banca Etica<\/title>\n<meta name=\"description\" content=\"Cr\u00f3nica dun fin de semana en Barcelona coa mocidade da banca \u00e9tica: da situaci\u00f3n de sen teito \u00e1 vivenda cooperativa, e proxectos reais que amosan que outra forma de vivir en Europa xa existe.\" \/>\n<meta name=\"robots\" content=\"index, follow, max-snippet:-1, max-image-preview:large, max-video-preview:-1\" \/>\n<link rel=\"canonical\" href=\"https:\/\/www.fiarebancaetica.coop\/gl\/fin-de-semana-barcelona-banca-etica-vivenda\/\" \/>\n<meta property=\"og:locale\" content=\"gl_ES\" \/>\n<meta property=\"og:type\" content=\"article\" \/>\n<meta property=\"og:title\" content=\"Cando a banca \u00e9tica se converte en fogar: unha ruta pola Barcelona que xa est\u00e1 cambiando as regras - Fiare Banca Etica\" \/>\n<meta property=\"og:description\" content=\"Cr\u00f3nica dun fin de semana en Barcelona coa mocidade da banca \u00e9tica: da situaci\u00f3n de sen teito \u00e1 vivenda cooperativa, e proxectos reais que amosan que outra forma de vivir en Europa xa existe.\" \/>\n<meta property=\"og:url\" content=\"https:\/\/www.fiarebancaetica.coop\/gl\/fin-de-semana-barcelona-banca-etica-vivenda\/\" \/>\n<meta property=\"og:site_name\" content=\"Fiare Banca Etica\" \/>\n<meta property=\"article:published_time\" content=\"2026-01-28T15:58:00+00:00\" \/>\n<meta property=\"article:modified_time\" content=\"2026-02-03T10:55:35+00:00\" \/>\n<meta property=\"og:image\" content=\"https:\/\/www.fiarebancaetica.coop\/app\/uploads\/sites\/2\/2026\/01\/GRUPO-JO\u0301VENES-ENCUENTRO-2-768x347-1.jpg\" \/>\n\t<meta property=\"og:image:width\" content=\"768\" \/>\n\t<meta property=\"og:image:height\" content=\"347\" \/>\n\t<meta property=\"og:image:type\" content=\"image\/jpeg\" \/>\n<meta name=\"author\" content=\"Roberta Banca Etica\" \/>\n<meta name=\"twitter:card\" content=\"summary_large_image\" \/>\n<script type=\"application\/ld+json\" class=\"yoast-schema-graph\">{\"@context\":\"https:\/\/schema.org\",\"@graph\":[{\"@type\":\"Article\",\"@id\":\"https:\/\/www.fiarebancaetica.coop\/gl\/fin-de-semana-barcelona-banca-etica-vivenda\/#article\",\"isPartOf\":{\"@id\":\"https:\/\/www.fiarebancaetica.coop\/gl\/fin-de-semana-barcelona-banca-etica-vivenda\/\"},\"author\":{\"name\":\"Roberta Banca Etica\",\"@id\":\"https:\/\/www.fiarebancaetica.coop\/gl\/#\/schema\/person\/25c79daf8ebbdbf67ba9339da41273bc\"},\"headline\":\"Cando a banca \u00e9tica se converte en fogar: unha ruta pola Barcelona que xa est\u00e1 cambiando as regras\",\"datePublished\":\"2026-01-28T15:58:00+00:00\",\"dateModified\":\"2026-02-03T10:55:35+00:00\",\"mainEntityOfPage\":{\"@id\":\"https:\/\/www.fiarebancaetica.coop\/gl\/fin-de-semana-barcelona-banca-etica-vivenda\/\"},\"wordCount\":1020,\"image\":{\"@id\":\"https:\/\/www.fiarebancaetica.coop\/gl\/fin-de-semana-barcelona-banca-etica-vivenda\/#primaryimage\"},\"thumbnailUrl\":\"https:\/\/www.fiarebancaetica.coop\/app\/uploads\/sites\/2\/2026\/01\/GRUPO-JO\u0301VENES-ENCUENTRO-2-768x347-1.jpg\",\"keywords\":[\"Participaci\u00f3n\"],\"articleSection\":[\"\u00c9tica e cooperativa\",\"Finanzas \u00c9ticas\",\"Finanzas \u00c9ticas\",\"Historias de impacto positivo\"],\"inLanguage\":\"gl-ES\"},{\"@type\":\"WebPage\",\"@id\":\"https:\/\/www.fiarebancaetica.coop\/gl\/fin-de-semana-barcelona-banca-etica-vivenda\/\",\"url\":\"https:\/\/www.fiarebancaetica.coop\/gl\/fin-de-semana-barcelona-banca-etica-vivenda\/\",\"name\":\"Cando a banca \u00e9tica se converte en fogar: unha ruta pola Barcelona que xa est\u00e1 cambiando as regras - Fiare Banca Etica\",\"isPartOf\":{\"@id\":\"https:\/\/www.fiarebancaetica.coop\/gl\/#website\"},\"primaryImageOfPage\":{\"@id\":\"https:\/\/www.fiarebancaetica.coop\/gl\/fin-de-semana-barcelona-banca-etica-vivenda\/#primaryimage\"},\"image\":{\"@id\":\"https:\/\/www.fiarebancaetica.coop\/gl\/fin-de-semana-barcelona-banca-etica-vivenda\/#primaryimage\"},\"thumbnailUrl\":\"https:\/\/www.fiarebancaetica.coop\/app\/uploads\/sites\/2\/2026\/01\/GRUPO-JO\u0301VENES-ENCUENTRO-2-768x347-1.jpg\",\"datePublished\":\"2026-01-28T15:58:00+00:00\",\"dateModified\":\"2026-02-03T10:55:35+00:00\",\"author\":{\"@id\":\"https:\/\/www.fiarebancaetica.coop\/gl\/#\/schema\/person\/25c79daf8ebbdbf67ba9339da41273bc\"},\"description\":\"Cr\u00f3nica dun fin de semana en Barcelona coa mocidade da banca \u00e9tica: da situaci\u00f3n de sen teito \u00e1 vivenda cooperativa, e proxectos reais que amosan que outra forma de vivir en Europa xa existe.\",\"breadcrumb\":{\"@id\":\"https:\/\/www.fiarebancaetica.coop\/gl\/fin-de-semana-barcelona-banca-etica-vivenda\/#breadcrumb\"},\"inLanguage\":\"gl-ES\",\"potentialAction\":[{\"@type\":\"ReadAction\",\"target\":[\"https:\/\/www.fiarebancaetica.coop\/gl\/fin-de-semana-barcelona-banca-etica-vivenda\/\"]}]},{\"@type\":\"ImageObject\",\"inLanguage\":\"gl-ES\",\"@id\":\"https:\/\/www.fiarebancaetica.coop\/gl\/fin-de-semana-barcelona-banca-etica-vivenda\/#primaryimage\",\"url\":\"https:\/\/www.fiarebancaetica.coop\/app\/uploads\/sites\/2\/2026\/01\/GRUPO-JO\u0301VENES-ENCUENTRO-2-768x347-1.jpg\",\"contentUrl\":\"https:\/\/www.fiarebancaetica.coop\/app\/uploads\/sites\/2\/2026\/01\/GRUPO-JO\u0301VENES-ENCUENTRO-2-768x347-1.jpg\",\"width\":768,\"height\":347},{\"@type\":\"BreadcrumbList\",\"@id\":\"https:\/\/www.fiarebancaetica.coop\/gl\/fin-de-semana-barcelona-banca-etica-vivenda\/#breadcrumb\",\"itemListElement\":[{\"@type\":\"ListItem\",\"position\":1,\"name\":\"Home\",\"item\":\"https:\/\/www.fiarebancaetica.coop\/gl\/\"},{\"@type\":\"ListItem\",\"position\":2,\"name\":\"Cando a banca \u00e9tica se converte en fogar: unha ruta pola Barcelona que xa est\u00e1 cambiando as regras\"}]},{\"@type\":\"WebSite\",\"@id\":\"https:\/\/www.fiarebancaetica.coop\/gl\/#website\",\"url\":\"https:\/\/www.fiarebancaetica.coop\/gl\/\",\"name\":\"Fiare Banca Etica\",\"description\":\"\",\"potentialAction\":[{\"@type\":\"SearchAction\",\"target\":{\"@type\":\"EntryPoint\",\"urlTemplate\":\"https:\/\/www.fiarebancaetica.coop\/gl\/?s={search_term_string}\"},\"query-input\":{\"@type\":\"PropertyValueSpecification\",\"valueRequired\":true,\"valueName\":\"search_term_string\"}}],\"inLanguage\":\"gl-ES\"},{\"@type\":\"Person\",\"@id\":\"https:\/\/www.fiarebancaetica.coop\/gl\/#\/schema\/person\/25c79daf8ebbdbf67ba9339da41273bc\",\"name\":\"Roberta Banca Etica\",\"image\":{\"@type\":\"ImageObject\",\"inLanguage\":\"gl-ES\",\"@id\":\"https:\/\/www.fiarebancaetica.coop\/gl\/#\/schema\/person\/image\/3b7b1a002d552c3516d59b07a03afe70\",\"url\":\"https:\/\/secure.gravatar.com\/avatar\/522f6c240a292a8788857bc2e01f3c78f2c7d7d6d51a385c315b1ac6a0ad810d?s=96&d=mm&r=g\",\"contentUrl\":\"https:\/\/secure.gravatar.com\/avatar\/522f6c240a292a8788857bc2e01f3c78f2c7d7d6d51a385c315b1ac6a0ad810d?s=96&d=mm&r=g\",\"caption\":\"Roberta Banca Etica\"}}]}<\/script>\n<!-- \/ Yoast SEO plugin. -->","yoast_head_json":{"title":"Cando a banca \u00e9tica se converte en fogar: unha ruta pola Barcelona que xa est\u00e1 cambiando as regras - Fiare Banca Etica","description":"Cr\u00f3nica dun fin de semana en Barcelona coa mocidade da banca \u00e9tica: da situaci\u00f3n de sen teito \u00e1 vivenda cooperativa, e proxectos reais que amosan que outra forma de vivir en Europa xa existe.","robots":{"index":"index","follow":"follow","max-snippet":"max-snippet:-1","max-image-preview":"max-image-preview:large","max-video-preview":"max-video-preview:-1"},"canonical":"https:\/\/www.fiarebancaetica.coop\/gl\/fin-de-semana-barcelona-banca-etica-vivenda\/","og_locale":"gl_ES","og_type":"article","og_title":"Cando a banca \u00e9tica se converte en fogar: unha ruta pola Barcelona que xa est\u00e1 cambiando as regras - Fiare Banca Etica","og_description":"Cr\u00f3nica dun fin de semana en Barcelona coa mocidade da banca \u00e9tica: da situaci\u00f3n de sen teito \u00e1 vivenda cooperativa, e proxectos reais que amosan que outra forma de vivir en Europa xa existe.","og_url":"https:\/\/www.fiarebancaetica.coop\/gl\/fin-de-semana-barcelona-banca-etica-vivenda\/","og_site_name":"Fiare Banca Etica","article_published_time":"2026-01-28T15:58:00+00:00","article_modified_time":"2026-02-03T10:55:35+00:00","og_image":[{"width":768,"height":347,"url":"https:\/\/www.fiarebancaetica.coop\/app\/uploads\/sites\/2\/2026\/01\/GRUPO-JO\u0301VENES-ENCUENTRO-2-768x347-1.jpg","type":"image\/jpeg"}],"author":"Roberta Banca Etica","twitter_card":"summary_large_image","schema":{"@context":"https:\/\/schema.org","@graph":[{"@type":"Article","@id":"https:\/\/www.fiarebancaetica.coop\/gl\/fin-de-semana-barcelona-banca-etica-vivenda\/#article","isPartOf":{"@id":"https:\/\/www.fiarebancaetica.coop\/gl\/fin-de-semana-barcelona-banca-etica-vivenda\/"},"author":{"name":"Roberta Banca Etica","@id":"https:\/\/www.fiarebancaetica.coop\/gl\/#\/schema\/person\/25c79daf8ebbdbf67ba9339da41273bc"},"headline":"Cando a banca \u00e9tica se converte en fogar: unha ruta pola Barcelona que xa est\u00e1 cambiando as regras","datePublished":"2026-01-28T15:58:00+00:00","dateModified":"2026-02-03T10:55:35+00:00","mainEntityOfPage":{"@id":"https:\/\/www.fiarebancaetica.coop\/gl\/fin-de-semana-barcelona-banca-etica-vivenda\/"},"wordCount":1020,"image":{"@id":"https:\/\/www.fiarebancaetica.coop\/gl\/fin-de-semana-barcelona-banca-etica-vivenda\/#primaryimage"},"thumbnailUrl":"https:\/\/www.fiarebancaetica.coop\/app\/uploads\/sites\/2\/2026\/01\/GRUPO-JO\u0301VENES-ENCUENTRO-2-768x347-1.jpg","keywords":["Participaci\u00f3n"],"articleSection":["\u00c9tica e cooperativa","Finanzas \u00c9ticas","Finanzas \u00c9ticas","Historias de impacto positivo"],"inLanguage":"gl-ES"},{"@type":"WebPage","@id":"https:\/\/www.fiarebancaetica.coop\/gl\/fin-de-semana-barcelona-banca-etica-vivenda\/","url":"https:\/\/www.fiarebancaetica.coop\/gl\/fin-de-semana-barcelona-banca-etica-vivenda\/","name":"Cando a banca \u00e9tica se converte en fogar: unha ruta pola Barcelona que xa est\u00e1 cambiando as regras - Fiare Banca Etica","isPartOf":{"@id":"https:\/\/www.fiarebancaetica.coop\/gl\/#website"},"primaryImageOfPage":{"@id":"https:\/\/www.fiarebancaetica.coop\/gl\/fin-de-semana-barcelona-banca-etica-vivenda\/#primaryimage"},"image":{"@id":"https:\/\/www.fiarebancaetica.coop\/gl\/fin-de-semana-barcelona-banca-etica-vivenda\/#primaryimage"},"thumbnailUrl":"https:\/\/www.fiarebancaetica.coop\/app\/uploads\/sites\/2\/2026\/01\/GRUPO-JO\u0301VENES-ENCUENTRO-2-768x347-1.jpg","datePublished":"2026-01-28T15:58:00+00:00","dateModified":"2026-02-03T10:55:35+00:00","author":{"@id":"https:\/\/www.fiarebancaetica.coop\/gl\/#\/schema\/person\/25c79daf8ebbdbf67ba9339da41273bc"},"description":"Cr\u00f3nica dun fin de semana en Barcelona coa mocidade da banca \u00e9tica: da situaci\u00f3n de sen teito \u00e1 vivenda cooperativa, e proxectos reais que amosan que outra forma de vivir en Europa xa existe.","breadcrumb":{"@id":"https:\/\/www.fiarebancaetica.coop\/gl\/fin-de-semana-barcelona-banca-etica-vivenda\/#breadcrumb"},"inLanguage":"gl-ES","potentialAction":[{"@type":"ReadAction","target":["https:\/\/www.fiarebancaetica.coop\/gl\/fin-de-semana-barcelona-banca-etica-vivenda\/"]}]},{"@type":"ImageObject","inLanguage":"gl-ES","@id":"https:\/\/www.fiarebancaetica.coop\/gl\/fin-de-semana-barcelona-banca-etica-vivenda\/#primaryimage","url":"https:\/\/www.fiarebancaetica.coop\/app\/uploads\/sites\/2\/2026\/01\/GRUPO-JO\u0301VENES-ENCUENTRO-2-768x347-1.jpg","contentUrl":"https:\/\/www.fiarebancaetica.coop\/app\/uploads\/sites\/2\/2026\/01\/GRUPO-JO\u0301VENES-ENCUENTRO-2-768x347-1.jpg","width":768,"height":347},{"@type":"BreadcrumbList","@id":"https:\/\/www.fiarebancaetica.coop\/gl\/fin-de-semana-barcelona-banca-etica-vivenda\/#breadcrumb","itemListElement":[{"@type":"ListItem","position":1,"name":"Home","item":"https:\/\/www.fiarebancaetica.coop\/gl\/"},{"@type":"ListItem","position":2,"name":"Cando a banca \u00e9tica se converte en fogar: unha ruta pola Barcelona que xa est\u00e1 cambiando as regras"}]},{"@type":"WebSite","@id":"https:\/\/www.fiarebancaetica.coop\/gl\/#website","url":"https:\/\/www.fiarebancaetica.coop\/gl\/","name":"Fiare Banca Etica","description":"","potentialAction":[{"@type":"SearchAction","target":{"@type":"EntryPoint","urlTemplate":"https:\/\/www.fiarebancaetica.coop\/gl\/?s={search_term_string}"},"query-input":{"@type":"PropertyValueSpecification","valueRequired":true,"valueName":"search_term_string"}}],"inLanguage":"gl-ES"},{"@type":"Person","@id":"https:\/\/www.fiarebancaetica.coop\/gl\/#\/schema\/person\/25c79daf8ebbdbf67ba9339da41273bc","name":"Roberta Banca Etica","image":{"@type":"ImageObject","inLanguage":"gl-ES","@id":"https:\/\/www.fiarebancaetica.coop\/gl\/#\/schema\/person\/image\/3b7b1a002d552c3516d59b07a03afe70","url":"https:\/\/secure.gravatar.com\/avatar\/522f6c240a292a8788857bc2e01f3c78f2c7d7d6d51a385c315b1ac6a0ad810d?s=96&d=mm&r=g","contentUrl":"https:\/\/secure.gravatar.com\/avatar\/522f6c240a292a8788857bc2e01f3c78f2c7d7d6d51a385c315b1ac6a0ad810d?s=96&d=mm&r=g","caption":"Roberta Banca Etica"}}]}},"_links":{"self":[{"href":"https:\/\/www.fiarebancaetica.coop\/gl\/wp-json\/wp\/v2\/posts\/390484","targetHints":{"allow":["GET"]}}],"collection":[{"href":"https:\/\/www.fiarebancaetica.coop\/gl\/wp-json\/wp\/v2\/posts"}],"about":[{"href":"https:\/\/www.fiarebancaetica.coop\/gl\/wp-json\/wp\/v2\/types\/post"}],"author":[{"embeddable":true,"href":"https:\/\/www.fiarebancaetica.coop\/gl\/wp-json\/wp\/v2\/users\/14"}],"replies":[{"embeddable":true,"href":"https:\/\/www.fiarebancaetica.coop\/gl\/wp-json\/wp\/v2\/comments?post=390484"}],"version-history":[{"count":1,"href":"https:\/\/www.fiarebancaetica.coop\/gl\/wp-json\/wp\/v2\/posts\/390484\/revisions"}],"predecessor-version":[{"id":390491,"href":"https:\/\/www.fiarebancaetica.coop\/gl\/wp-json\/wp\/v2\/posts\/390484\/revisions\/390491"}],"wp:featuredmedia":[{"embeddable":true,"href":"https:\/\/www.fiarebancaetica.coop\/gl\/wp-json\/wp\/v2\/media\/390379"}],"wp:attachment":[{"href":"https:\/\/www.fiarebancaetica.coop\/gl\/wp-json\/wp\/v2\/media?parent=390484"}],"wp:term":[{"taxonomy":"category","embeddable":true,"href":"https:\/\/www.fiarebancaetica.coop\/gl\/wp-json\/wp\/v2\/categories?post=390484"},{"taxonomy":"post_tag","embeddable":true,"href":"https:\/\/www.fiarebancaetica.coop\/gl\/wp-json\/wp\/v2\/tags?post=390484"},{"taxonomy":"author","embeddable":true,"href":"https:\/\/www.fiarebancaetica.coop\/gl\/wp-json\/wp\/v2\/coauthors?post=390484"}],"curies":[{"name":"wp","href":"https:\/\/api.w.org\/{rel}","templated":true}]}}