{"id":392436,"date":"2026-04-27T11:00:09","date_gmt":"2026-04-27T09:00:09","guid":{"rendered":"https:\/\/www.fiarebancaetica.coop\/?p=392436"},"modified":"2026-04-27T11:24:46","modified_gmt":"2026-04-27T09:24:46","slug":"balance-2025-beneficios","status":"publish","type":"post","link":"https:\/\/www.fiarebancaetica.coop\/gl\/balance-2025-beneficios\/","title":{"rendered":"Balance 2025: como se utilizaron os beneficios?"},"content":{"rendered":"\n\n<div class=\"wp-block-bancaetica-blocks-blocks-block-49\">\n    <div class=\"container-block-49\">\n\n        <div class=\"header-section \">\n                            <h1 class=\"section-title\"> Balance 2025: como se utilizaron os beneficios? <\/h1>\n                                        <p class=\"section-content\"> Balance 2025: como se utilizaron os beneficios? <\/p>\n                                <\/div>\n\n        \n        <div class=\"block-background\" style=\"background-image: url('https:\/\/www.fiarebancaetica.coop\/app\/uploads\/sites\/2\/2026\/04\/Captura-de-pantalla-2026-04-24-133633.png')\">\n                            <div class=\"tile\">\n                    <h1 class=\"image-title\"> Balance 2025: como se utilizaron os beneficios? <\/h1>\n                <\/div>             <!-- end .tile -->\n            <div class=\"bottom-content\">\n                            <\/div> <!-- end .button-content -->\n        <\/div> <!-- end .block-background -->\n    <\/div> <!-- end .container -->\n<\/div> <!-- end wp-block-bancaetica-blocks-blocks-block-06 -->\n\n\n<p>Cada ano, cando Banca Etica pecha o seu balance, unha parte do beneficio dest\u00ednase a proxectos e iniciativas para difundir a cultura das finanzas \u00e9ticas. Tras a aprobaci\u00f3n da asemblea, estes recursos as\u00edgnanse como <strong>liberalidades<\/strong> \u00e1s d\u00faas fundaci\u00f3ns do Grupo, que traballan de forma coordinada en Italia e Espa\u00f1a co obxectivo de facer m\u00e1is comprensible o funcionamento das finanzas e constru\u00edr ferramentas para orientalas.<\/p>\n\n\n\n<p>Para entender mellor como funciona este mecanismo e, sobre todo, que produce concretamente, formulamos tres preguntas a <strong>Teresa Masciopinto<\/strong>, presidenta da <em>Fondazione Finanza Etica<\/em> e vicepresidenta da <em>Fundaci\u00f3n Finanzas \u00c9ticas<\/em>.<\/p>\n\n\n\n<h4 class=\"wp-block-heading\"><strong><strong>Que \u00e9 AMIGA e a <strong>Teresa, empecemos polo b\u00e1sico: de onde ve\u00f1en estes fondos e que significa, na pr\u00e1ctica, que unha parte dos beneficios se destine \u00e1s fundaci\u00f3ns do Grupo?<\/strong>acompa\u00f1a?<\/strong><\/strong><\/h4>\n\n\n\n<p>Prove\u00f1en dos beneficios de Banca Etica. Unha parte dest\u00ednase ao fortalecemento do patrimonio, que \u00e9 unha elecci\u00f3n necesaria para a estabilidade, mentres que outra dir\u00edxese a fins sociais e culturais. Cando falamos de &#8220;liberalidades&#8221; usamos un termo t\u00e9cnico que pode soar un pouco estra\u00f1o, pero o significado \u00e9 sinxelo: son recursos que o banco pon a disposici\u00f3n para actividades que non te\u00f1en un retorno econ\u00f3mico directo, pero que son coherentes coa s\u00faa misi\u00f3n. Estes recursos conf\u00edanse \u00e1s d\u00faas fundaci\u00f3ns do Grupo (<em>Fondazione Finanza Etica<\/em> e <em>Fundaci\u00f3n Finanzas \u00c9ticas<\/em>), que os utilizan para constru\u00edr proxectos, itinerarios formativos, actividades de investigaci\u00f3n e iniciativas nos territorios.<\/p>\n\n\n\n<p>O feito de que esta asignaci\u00f3n sexa estable no tempo marca unha diferenza importante, porque permite traballar con continuidade en proxectos plurianuais, consolidar redes e desenvolver investigaci\u00f3n e formaci\u00f3n sen ter que empezar de cero cada vez.<\/p>\n\n\n\n<h4 class=\"wp-block-heading\"><strong><strong><strong>Se tiveses que sinalar as actividades que mellor explican como utilizaron estes recursos as d\u00faas fundaci\u00f3ns en 2025, por onde empezar\u00edas?<\/strong><\/strong><\/strong><\/h4>\n\n\n\n<p>Empezar\u00eda por un punto: estes recursos serven para facer posible un traballo continuado que une investigaci\u00f3n, formaci\u00f3n, produci\u00f3n cultural e traballo en rede.<\/p>\n\n\n\n<p>Un exemplo \u00e9 o <strong>Informe sobre as finanzas \u00e9ticas en Europa<\/strong>, que as d\u00faas fundaci\u00f3ns realizan xuntas desde hai anos con FEBEA. \u00c9 un traballo de investigaci\u00f3n que axuda a orientar o debate e a cuestionar algunhas ideas dominantes sobre as finanzas.<\/p>\n\n\n\n<p>Xunto a isto est\u00e1 todo o traballo de educaci\u00f3n e divulgaci\u00f3n, que se canaliza a trav\u00e9s de diferentes ferramentas e proxectos. En Italia, por exemplo, est\u00e1n <em>Valorilab<\/em>, <em>EtiCall<\/em>, a <em>Summer School<\/em> da Fundaci\u00f3n (que xa vai pola s\u00faa terceira edici\u00f3n) e, en Espa\u00f1a, <strong>lab.valorsocial<\/strong>. Son espazos que recollen contidos e itinerarios pensados para ensinar as finanzas de forma cr\u00edtica. Este traballo entrel\u00e1zase coa actividade en escolas, universidades e centros de formaci\u00f3n, onde ofrecemos ferramentas para ler a relaci\u00f3n entre o di\u00f1eiro, os dereitos, o traballo, o medio ambiente e a paz. En Espa\u00f1a, este mesmo traballo desenv\u00f3lvese tam\u00e9n a trav\u00e9s do <strong>Premio Arcadi Oliveras<\/strong> e a <strong>Red por la Educaci\u00f3n en las Finanzas \u00c9ticas y Solidarias<\/strong>, unha rede que involucra a centros educativos de todo o pa\u00eds, xunto con cursos, conferencias e colaboraci\u00f3ns culturais que seguen medrando cada ano.<\/p>\n\n\n\n<p>Outra dimensi\u00f3n importante \u00e9 a do <strong>accionariado cr\u00edtico<\/strong> e as redes de <em>engagement<\/em>. Penso na experiencia de <em>SfC-Shareholders for Change<\/em>, por exemplo, que permite traballar xunto a outros investidores responsables europeos en temas complexos como os dereitos humanos, o clima, a fiscalidade ou as tecnolox\u00edas de alto impacto, inclu\u00eddas as armas aut\u00f3nomas.<\/p>\n\n\n\n<p>A isto s\u00famase o labor editorial e cultural, que en Italia se realiza a trav\u00e9s de <em>Valori.it<\/em> e en Espa\u00f1a mediante <strong>ValorSocial<\/strong>, e que ten un papel esencial na construci\u00f3n de informaci\u00f3n e linguaxes accesibles, ampliando o p\u00fablico interesado nestes temas.<\/p>\n\n\n\n<p>Finalmente, hai experiencias m\u00e1is espec\u00edficas que axudan a entender como este traballo se traduce tam\u00e9n en espazos de debate concretos. En Italia, o colectivo <em>D!F. Donne in finanza<\/em> (Mulleres en finanzas) consolidouse como un espazo de reflexi\u00f3n e dese\u00f1o. En Espa\u00f1a, a Fundaci\u00f3n Finanzas \u00c9ticas acompa\u00f1ou a posta en marcha do <strong>Grupo de Mujeres por Fiare<\/strong>.<\/p>\n\n\n\n<h4 class=\"wp-block-heading\"><strong><strong><strong>Un \u00e1mbito que atravesa moitas das actividades das fundaci\u00f3ns \u00e9 a relaci\u00f3n entre finanzas e paz, que tam\u00e9n se concreta no traballo sobre a industria das armas. Entre os diversos proxectos que se est\u00e1n realizando, que che parece m\u00e1is \u00fatil destacar?<\/strong><\/strong><\/strong><\/h4>\n\n\n\n<p>\u00c9 un traballo que levamos tempo impulsando e que se desenvolve de formas distintas nos dous contextos.<\/p>\n\n\n\n<p>En Espa\u00f1a, a Fundaci\u00f3n Finanzas \u00c9ticas colabora desde hai anos co <strong>Centre Del\u00e0s d\u2019Estudis per la Pau<\/strong>, un centro de investigaci\u00f3n independente que estuda o comercio de armas, o gasto militar e o papel das finanzas no sostemento da industria b\u00e9lica. \u00c9 unha labor de an\u00e1lise que achega datos e ferramentas ao debate p\u00fablico.<\/p>\n\n\n\n<p>En Italia, este compromiso trad\u00facese en proxectos como <em>ZeroArmi<\/em>, desenvolto para axudar a comprender o v\u00ednculo entre as finanzas e a produci\u00f3n de armamento. Co tempo, este traballo ga\u00f1ou espazo en contextos moi diversos: as edici\u00f3ns de 2024 e 2025 foron descargadas por m\u00e1is de 3.500 persoas e realizamos m\u00e1is de 20 encontros p\u00fablicos. O obxectivo \u00e9 constru\u00edr ferramentas para analizar a relaci\u00f3n entre finanzas e paz e, cando sexa posible, contribu\u00edr a orientalo.<\/p>\n\n\n\n<div style=\"height:100px\" aria-hidden=\"true\" class=\"wp-block-spacer\"><\/div>\n\n\n\n<p><strong>Grazas, Teresa!<\/strong><\/p>\n\n\n\n<p><strong>Cita obrigada:<\/strong> Pr\u00f3xima Asemblea de persoas socias de Banca Etica o <strong>16 de maio de 2026<\/strong> en Ancona (Italia), en <strong>Vigo (Pontevedra)<\/strong> e a trav\u00e9s de medios de telecomunicaci\u00f3n a distancia.<\/p>\n\n\n\n<div style=\"height:100px\" aria-hidden=\"true\" class=\"wp-block-spacer\"><\/div>\n\n\n\n<p><em>Photo credits<\/em><\/p>\n\n\n\n<ul class=\"wp-block-list\">\n<li>Luca Gariboldi<br><\/li>\n<\/ul>\n\n\n\n<div style=\"height:48px\" aria-hidden=\"true\" class=\"wp-block-spacer\"><\/div>\n\n\n\n<div style=\"height:57px\" aria-hidden=\"true\" class=\"wp-block-spacer\"><\/div>\n","protected":false},"excerpt":{"rendered":"<p>Cada ano, cando Banca Etica pecha o seu balance, unha parte do beneficio dest\u00ednase a proxectos e iniciativas para difundir a cultura das finanzas \u00e9ticas. Tras a aprobaci\u00f3n da asemblea, estes recursos as\u00edgnanse como liberalidades \u00e1s d\u00faas fundaci\u00f3ns do Grupo, que traballan de forma coordinada en Italia e Espa\u00f1a co obxectivo de facer m\u00e1is comprensible [&hellip;]<\/p>\n","protected":false},"author":15668,"featured_media":392444,"comment_status":"closed","ping_status":"closed","sticky":false,"template":"","format":"standard","meta":{"_acf_changed":false,"footnotes":""},"categories":[11641,11614,11645],"tags":[11855],"coauthors":[14760],"class_list":{"0":"post-392436","1":"post","2":"type-post","3":"status-publish","4":"format-standard","5":"has-post-thumbnail","6":"hentry","7":"category-etica-e-cooperativa","8":"category-finanzas-eticas","10":"tag-novas"},"acf":[],"yoast_head":"<!-- This site is optimized with the Yoast SEO plugin v26.9 - https:\/\/yoast.com\/product\/yoast-seo-wordpress\/ -->\n<title>Balance 2025: como se utilizaron os beneficios? - Fiare Banca Etica<\/title>\n<meta name=\"description\" content=\"Balance 2025: obxectivo \u00e9 constru\u00edr ferramentas para analizar a relaci\u00f3n entre finanzas e paz e, cando sexa posible.\" \/>\n<meta name=\"robots\" content=\"index, follow, max-snippet:-1, max-image-preview:large, max-video-preview:-1\" \/>\n<link rel=\"canonical\" href=\"https:\/\/www.fiarebancaetica.coop\/gl\/balance-2025-beneficios\/\" \/>\n<meta property=\"og:locale\" content=\"gl_ES\" \/>\n<meta property=\"og:type\" content=\"article\" \/>\n<meta property=\"og:title\" content=\"Balance 2025: como se utilizaron os beneficios?\" \/>\n<meta property=\"og:description\" content=\"Balance 2025: obxectivo \u00e9 constru\u00edr ferramentas para analizar a relaci\u00f3n entre finanzas e paz e, cando sexa posible.\" \/>\n<meta property=\"og:url\" content=\"https:\/\/www.fiarebancaetica.coop\/gl\/balance-2025-beneficios\/\" \/>\n<meta property=\"og:site_name\" content=\"Fiare Banca Etica\" \/>\n<meta property=\"article:published_time\" content=\"2026-04-27T09:00:09+00:00\" \/>\n<meta property=\"article:modified_time\" content=\"2026-04-27T09:24:46+00:00\" \/>\n<meta property=\"og:image\" content=\"https:\/\/www.fiarebancaetica.coop\/app\/uploads\/sites\/2\/2026\/04\/Captura-de-pantalla-2026-04-24-133633.png\" \/>\n\t<meta property=\"og:image:width\" content=\"955\" \/>\n\t<meta property=\"og:image:height\" content=\"553\" \/>\n\t<meta property=\"og:image:type\" content=\"image\/png\" \/>\n<meta name=\"author\" content=\"cguzman\" \/>\n<meta name=\"twitter:card\" content=\"summary_large_image\" \/>\n<meta name=\"twitter:title\" content=\"Balance 2025: como se utilizaron os beneficios?\" \/>\n<meta name=\"twitter:description\" content=\"Balance 2025: obxectivo \u00e9 constru\u00edr ferramentas para analizar a relaci\u00f3n entre finanzas e paz e, cando sexa posible.\" \/>\n<meta name=\"twitter:image\" content=\"https:\/\/www.fiarebancaetica.coop\/app\/uploads\/sites\/2\/2026\/04\/Captura-de-pantalla-2026-04-24-133633.png\" \/>\n<script type=\"application\/ld+json\" class=\"yoast-schema-graph\">{\"@context\":\"https:\/\/schema.org\",\"@graph\":[{\"@type\":\"Article\",\"@id\":\"https:\/\/www.fiarebancaetica.coop\/gl\/balance-2025-beneficios\/#article\",\"isPartOf\":{\"@id\":\"https:\/\/www.fiarebancaetica.coop\/gl\/balance-2025-beneficios\/\"},\"author\":{\"name\":\"cguzman\",\"@id\":\"https:\/\/www.fiarebancaetica.coop\/gl\/#\/schema\/person\/3e85a8533b6113671fb36bf823ef5480\"},\"headline\":\"Balance 2025: como se utilizaron os beneficios?\",\"datePublished\":\"2026-04-27T09:00:09+00:00\",\"dateModified\":\"2026-04-27T09:24:46+00:00\",\"mainEntityOfPage\":{\"@id\":\"https:\/\/www.fiarebancaetica.coop\/gl\/balance-2025-beneficios\/\"},\"wordCount\":964,\"image\":{\"@id\":\"https:\/\/www.fiarebancaetica.coop\/gl\/balance-2025-beneficios\/#primaryimage\"},\"thumbnailUrl\":\"https:\/\/www.fiarebancaetica.coop\/app\/uploads\/sites\/2\/2026\/04\/Captura-de-pantalla-2026-04-24-133633.png\",\"keywords\":[\"Novas\"],\"articleSection\":[\"\u00c9tica e cooperativa\",\"Finanzas \u00c9ticas\",\"Finanzas \u00c9ticas\"],\"inLanguage\":\"gl-ES\"},{\"@type\":\"WebPage\",\"@id\":\"https:\/\/www.fiarebancaetica.coop\/gl\/balance-2025-beneficios\/\",\"url\":\"https:\/\/www.fiarebancaetica.coop\/gl\/balance-2025-beneficios\/\",\"name\":\"Balance 2025: como se utilizaron os beneficios? - Fiare Banca Etica\",\"isPartOf\":{\"@id\":\"https:\/\/www.fiarebancaetica.coop\/gl\/#website\"},\"primaryImageOfPage\":{\"@id\":\"https:\/\/www.fiarebancaetica.coop\/gl\/balance-2025-beneficios\/#primaryimage\"},\"image\":{\"@id\":\"https:\/\/www.fiarebancaetica.coop\/gl\/balance-2025-beneficios\/#primaryimage\"},\"thumbnailUrl\":\"https:\/\/www.fiarebancaetica.coop\/app\/uploads\/sites\/2\/2026\/04\/Captura-de-pantalla-2026-04-24-133633.png\",\"datePublished\":\"2026-04-27T09:00:09+00:00\",\"dateModified\":\"2026-04-27T09:24:46+00:00\",\"author\":{\"@id\":\"https:\/\/www.fiarebancaetica.coop\/gl\/#\/schema\/person\/3e85a8533b6113671fb36bf823ef5480\"},\"description\":\"Balance 2025: obxectivo \u00e9 constru\u00edr ferramentas para analizar a relaci\u00f3n entre finanzas e paz e, cando sexa posible.\",\"breadcrumb\":{\"@id\":\"https:\/\/www.fiarebancaetica.coop\/gl\/balance-2025-beneficios\/#breadcrumb\"},\"inLanguage\":\"gl-ES\",\"potentialAction\":[{\"@type\":\"ReadAction\",\"target\":[\"https:\/\/www.fiarebancaetica.coop\/gl\/balance-2025-beneficios\/\"]}]},{\"@type\":\"ImageObject\",\"inLanguage\":\"gl-ES\",\"@id\":\"https:\/\/www.fiarebancaetica.coop\/gl\/balance-2025-beneficios\/#primaryimage\",\"url\":\"https:\/\/www.fiarebancaetica.coop\/app\/uploads\/sites\/2\/2026\/04\/Captura-de-pantalla-2026-04-24-133633.png\",\"contentUrl\":\"https:\/\/www.fiarebancaetica.coop\/app\/uploads\/sites\/2\/2026\/04\/Captura-de-pantalla-2026-04-24-133633.png\",\"width\":955,\"height\":553,\"caption\":\"Balance 2025\"},{\"@type\":\"BreadcrumbList\",\"@id\":\"https:\/\/www.fiarebancaetica.coop\/gl\/balance-2025-beneficios\/#breadcrumb\",\"itemListElement\":[{\"@type\":\"ListItem\",\"position\":1,\"name\":\"Home\",\"item\":\"https:\/\/www.fiarebancaetica.coop\/gl\/\"},{\"@type\":\"ListItem\",\"position\":2,\"name\":\"Balance 2025: como se utilizaron os beneficios?\"}]},{\"@type\":\"WebSite\",\"@id\":\"https:\/\/www.fiarebancaetica.coop\/gl\/#website\",\"url\":\"https:\/\/www.fiarebancaetica.coop\/gl\/\",\"name\":\"Fiare Banca Etica\",\"description\":\"\",\"potentialAction\":[{\"@type\":\"SearchAction\",\"target\":{\"@type\":\"EntryPoint\",\"urlTemplate\":\"https:\/\/www.fiarebancaetica.coop\/gl\/?s={search_term_string}\"},\"query-input\":{\"@type\":\"PropertyValueSpecification\",\"valueRequired\":true,\"valueName\":\"search_term_string\"}}],\"inLanguage\":\"gl-ES\"},{\"@type\":\"Person\",\"@id\":\"https:\/\/www.fiarebancaetica.coop\/gl\/#\/schema\/person\/3e85a8533b6113671fb36bf823ef5480\",\"name\":\"cguzman\",\"image\":{\"@type\":\"ImageObject\",\"inLanguage\":\"gl-ES\",\"@id\":\"https:\/\/www.fiarebancaetica.coop\/gl\/#\/schema\/person\/image\/0d5ea637d4f04650fcb3d8a50830024e\",\"url\":\"https:\/\/secure.gravatar.com\/avatar\/647d19fc2343ebc66b20cf610b024c66e104fbb4c4cc0ab353af7e882daedb82?s=96&d=mm&r=g\",\"contentUrl\":\"https:\/\/secure.gravatar.com\/avatar\/647d19fc2343ebc66b20cf610b024c66e104fbb4c4cc0ab353af7e882daedb82?s=96&d=mm&r=g\",\"caption\":\"cguzman\"}}]}<\/script>\n<!-- \/ Yoast SEO plugin. -->","yoast_head_json":{"title":"Balance 2025: como se utilizaron os beneficios? - Fiare Banca Etica","description":"Balance 2025: obxectivo \u00e9 constru\u00edr ferramentas para analizar a relaci\u00f3n entre finanzas e paz e, cando sexa posible.","robots":{"index":"index","follow":"follow","max-snippet":"max-snippet:-1","max-image-preview":"max-image-preview:large","max-video-preview":"max-video-preview:-1"},"canonical":"https:\/\/www.fiarebancaetica.coop\/gl\/balance-2025-beneficios\/","og_locale":"gl_ES","og_type":"article","og_title":"Balance 2025: como se utilizaron os beneficios?","og_description":"Balance 2025: obxectivo \u00e9 constru\u00edr ferramentas para analizar a relaci\u00f3n entre finanzas e paz e, cando sexa posible.","og_url":"https:\/\/www.fiarebancaetica.coop\/gl\/balance-2025-beneficios\/","og_site_name":"Fiare Banca Etica","article_published_time":"2026-04-27T09:00:09+00:00","article_modified_time":"2026-04-27T09:24:46+00:00","og_image":[{"width":955,"height":553,"url":"https:\/\/www.fiarebancaetica.coop\/app\/uploads\/sites\/2\/2026\/04\/Captura-de-pantalla-2026-04-24-133633.png","type":"image\/png"}],"author":"cguzman","twitter_card":"summary_large_image","twitter_title":"Balance 2025: como se utilizaron os beneficios?","twitter_description":"Balance 2025: obxectivo \u00e9 constru\u00edr ferramentas para analizar a relaci\u00f3n entre finanzas e paz e, cando sexa posible.","twitter_image":"https:\/\/www.fiarebancaetica.coop\/app\/uploads\/sites\/2\/2026\/04\/Captura-de-pantalla-2026-04-24-133633.png","schema":{"@context":"https:\/\/schema.org","@graph":[{"@type":"Article","@id":"https:\/\/www.fiarebancaetica.coop\/gl\/balance-2025-beneficios\/#article","isPartOf":{"@id":"https:\/\/www.fiarebancaetica.coop\/gl\/balance-2025-beneficios\/"},"author":{"name":"cguzman","@id":"https:\/\/www.fiarebancaetica.coop\/gl\/#\/schema\/person\/3e85a8533b6113671fb36bf823ef5480"},"headline":"Balance 2025: como se utilizaron os beneficios?","datePublished":"2026-04-27T09:00:09+00:00","dateModified":"2026-04-27T09:24:46+00:00","mainEntityOfPage":{"@id":"https:\/\/www.fiarebancaetica.coop\/gl\/balance-2025-beneficios\/"},"wordCount":964,"image":{"@id":"https:\/\/www.fiarebancaetica.coop\/gl\/balance-2025-beneficios\/#primaryimage"},"thumbnailUrl":"https:\/\/www.fiarebancaetica.coop\/app\/uploads\/sites\/2\/2026\/04\/Captura-de-pantalla-2026-04-24-133633.png","keywords":["Novas"],"articleSection":["\u00c9tica e cooperativa","Finanzas \u00c9ticas","Finanzas \u00c9ticas"],"inLanguage":"gl-ES"},{"@type":"WebPage","@id":"https:\/\/www.fiarebancaetica.coop\/gl\/balance-2025-beneficios\/","url":"https:\/\/www.fiarebancaetica.coop\/gl\/balance-2025-beneficios\/","name":"Balance 2025: como se utilizaron os beneficios? - Fiare Banca Etica","isPartOf":{"@id":"https:\/\/www.fiarebancaetica.coop\/gl\/#website"},"primaryImageOfPage":{"@id":"https:\/\/www.fiarebancaetica.coop\/gl\/balance-2025-beneficios\/#primaryimage"},"image":{"@id":"https:\/\/www.fiarebancaetica.coop\/gl\/balance-2025-beneficios\/#primaryimage"},"thumbnailUrl":"https:\/\/www.fiarebancaetica.coop\/app\/uploads\/sites\/2\/2026\/04\/Captura-de-pantalla-2026-04-24-133633.png","datePublished":"2026-04-27T09:00:09+00:00","dateModified":"2026-04-27T09:24:46+00:00","author":{"@id":"https:\/\/www.fiarebancaetica.coop\/gl\/#\/schema\/person\/3e85a8533b6113671fb36bf823ef5480"},"description":"Balance 2025: obxectivo \u00e9 constru\u00edr ferramentas para analizar a relaci\u00f3n entre finanzas e paz e, cando sexa posible.","breadcrumb":{"@id":"https:\/\/www.fiarebancaetica.coop\/gl\/balance-2025-beneficios\/#breadcrumb"},"inLanguage":"gl-ES","potentialAction":[{"@type":"ReadAction","target":["https:\/\/www.fiarebancaetica.coop\/gl\/balance-2025-beneficios\/"]}]},{"@type":"ImageObject","inLanguage":"gl-ES","@id":"https:\/\/www.fiarebancaetica.coop\/gl\/balance-2025-beneficios\/#primaryimage","url":"https:\/\/www.fiarebancaetica.coop\/app\/uploads\/sites\/2\/2026\/04\/Captura-de-pantalla-2026-04-24-133633.png","contentUrl":"https:\/\/www.fiarebancaetica.coop\/app\/uploads\/sites\/2\/2026\/04\/Captura-de-pantalla-2026-04-24-133633.png","width":955,"height":553,"caption":"Balance 2025"},{"@type":"BreadcrumbList","@id":"https:\/\/www.fiarebancaetica.coop\/gl\/balance-2025-beneficios\/#breadcrumb","itemListElement":[{"@type":"ListItem","position":1,"name":"Home","item":"https:\/\/www.fiarebancaetica.coop\/gl\/"},{"@type":"ListItem","position":2,"name":"Balance 2025: como se utilizaron os beneficios?"}]},{"@type":"WebSite","@id":"https:\/\/www.fiarebancaetica.coop\/gl\/#website","url":"https:\/\/www.fiarebancaetica.coop\/gl\/","name":"Fiare Banca Etica","description":"","potentialAction":[{"@type":"SearchAction","target":{"@type":"EntryPoint","urlTemplate":"https:\/\/www.fiarebancaetica.coop\/gl\/?s={search_term_string}"},"query-input":{"@type":"PropertyValueSpecification","valueRequired":true,"valueName":"search_term_string"}}],"inLanguage":"gl-ES"},{"@type":"Person","@id":"https:\/\/www.fiarebancaetica.coop\/gl\/#\/schema\/person\/3e85a8533b6113671fb36bf823ef5480","name":"cguzman","image":{"@type":"ImageObject","inLanguage":"gl-ES","@id":"https:\/\/www.fiarebancaetica.coop\/gl\/#\/schema\/person\/image\/0d5ea637d4f04650fcb3d8a50830024e","url":"https:\/\/secure.gravatar.com\/avatar\/647d19fc2343ebc66b20cf610b024c66e104fbb4c4cc0ab353af7e882daedb82?s=96&d=mm&r=g","contentUrl":"https:\/\/secure.gravatar.com\/avatar\/647d19fc2343ebc66b20cf610b024c66e104fbb4c4cc0ab353af7e882daedb82?s=96&d=mm&r=g","caption":"cguzman"}}]}},"_links":{"self":[{"href":"https:\/\/www.fiarebancaetica.coop\/gl\/wp-json\/wp\/v2\/posts\/392436","targetHints":{"allow":["GET"]}}],"collection":[{"href":"https:\/\/www.fiarebancaetica.coop\/gl\/wp-json\/wp\/v2\/posts"}],"about":[{"href":"https:\/\/www.fiarebancaetica.coop\/gl\/wp-json\/wp\/v2\/types\/post"}],"author":[{"embeddable":true,"href":"https:\/\/www.fiarebancaetica.coop\/gl\/wp-json\/wp\/v2\/users\/15668"}],"replies":[{"embeddable":true,"href":"https:\/\/www.fiarebancaetica.coop\/gl\/wp-json\/wp\/v2\/comments?post=392436"}],"version-history":[{"count":3,"href":"https:\/\/www.fiarebancaetica.coop\/gl\/wp-json\/wp\/v2\/posts\/392436\/revisions"}],"predecessor-version":[{"id":392556,"href":"https:\/\/www.fiarebancaetica.coop\/gl\/wp-json\/wp\/v2\/posts\/392436\/revisions\/392556"}],"wp:featuredmedia":[{"embeddable":true,"href":"https:\/\/www.fiarebancaetica.coop\/gl\/wp-json\/wp\/v2\/media\/392444"}],"wp:attachment":[{"href":"https:\/\/www.fiarebancaetica.coop\/gl\/wp-json\/wp\/v2\/media?parent=392436"}],"wp:term":[{"taxonomy":"category","embeddable":true,"href":"https:\/\/www.fiarebancaetica.coop\/gl\/wp-json\/wp\/v2\/categories?post=392436"},{"taxonomy":"post_tag","embeddable":true,"href":"https:\/\/www.fiarebancaetica.coop\/gl\/wp-json\/wp\/v2\/tags?post=392436"},{"taxonomy":"author","embeddable":true,"href":"https:\/\/www.fiarebancaetica.coop\/gl\/wp-json\/wp\/v2\/coauthors?post=392436"}],"curies":[{"name":"wp","href":"https:\/\/api.w.org\/{rel}","templated":true}]}}